{"id":29534,"date":"2020-06-19T12:25:51","date_gmt":"2020-06-19T10:25:51","guid":{"rendered":"https:\/\/guineediversite.com\/?p=29534"},"modified":"2020-06-19T12:25:53","modified_gmt":"2020-06-19T10:25:53","slug":"crise-politique-au-mali-la-cedeao-se-mobilise-sur-le-terrain","status":"publish","type":"post","link":"https:\/\/guineediversite.com\/index.php\/2020\/06\/19\/crise-politique-au-mali-la-cedeao-se-mobilise-sur-le-terrain\/","title":{"rendered":"Crise politique au Mali: la C\u00e9d\u00e9ao se mobilise sur le terrain"},"content":{"rendered":"\n<p>La Communaut\u00e9 \u00e9conomiques des \u00c9tats de l\u2019Afrique de l\u2019Ouest (C\u00e9d\u00e9ao) est au chevet du Mali pour aider \u00e0 apaiser la situation alors qu\u2019un grand rassemblement pour demander la d\u00e9mission du pr\u00e9sident IBK, la dissolution de l\u2019Assembl\u00e9e et de la Cour constitutionnelle est pr\u00e9vu ce vendredi 19 juin.<\/p>\n\n\n\n<p>Arriv\u00e9e la veille, la d\u00e9l\u00e9gation notamment compos\u00e9e du pr\u00e9sident de la Commission de la C\u00e9d\u00e9ao et des ministres des Affaires \u00e9trang\u00e8res du de la C\u00f4te d\u2019Ivoire, du Nigeria et du Niger, ont commenc\u00e9 par rencontrer des acteurs de la crise. Parmi eux les opposants r\u00e9unis au sein du \u00ab&nbsp;M5 RFP&nbsp;\u00bb (Mouvement du 5 juin-Rassemblement des Forces patriotiques).<\/p>\n\n\n\n<p>Tous les acteurs de la crise malienne saluent l\u2019arriv\u00e9e de la d\u00e9l\u00e9gation de la C\u00e9d\u00e9ao \u00e0 ce moment critique. Les h\u00f4tes du Mali ont souhait\u00e9 le report du grand rassemblement de ce vendredi annonc\u00e9 par les mouvements et partis politiques de l\u2019opposition. R\u00e9ponse d\u2019un des responsables de cette opposition, Dr Choguel Ma\u00efga&nbsp;: \u00ab&nbsp;<em>il sera pratiquement impossible d&rsquo;annuler cette marche, sous r\u00e9serve d&rsquo;un avis contraire du comit\u00e9 strat\u00e9gique du M5. Deuxi\u00e8mement, en ce qui concerne le dialogue, nous ne l&rsquo;avons jamais refus\u00e9. Mais il y a dialogue et dialogue.<\/em>&nbsp;\u00bb<\/p>\n\n\n\n<p>Les opposants maliens, avec <strong><a href=\"http:\/\/www.rfi.fr\/fr\/afrique\/20200611-imam-mahmoud-dicko-rfi-je-veux-pr\u00e9sident-ibk-\u00e9coute-peuple\" target=\"_blank\" rel=\"noreferrer noopener\">leur nouveau et influent leader, l&rsquo;imam Mahmoud Dicko<\/a><\/strong>, ne sont pas ferm\u00e9s au dialogue, \u00e0 condition que le partenaire d\u2019en face, le pr\u00e9sident IBK, joue \u00ab&nbsp;<em>franc jeu<\/em>&nbsp;\u00bb.<\/p>\n\n\n\n<p>Face \u00e0 la situation, une partie de la majorit\u00e9 pr\u00e9sidentielle ne cache pas aussi son inqui\u00e9tude, comme le confie l\u2019un de ses membres, Abdoulaye Amadou Sy&nbsp;: \u00ab<em> Moi, je pense que la C\u00e9d\u00e9ao est en train de jouer son r\u00f4le, et c&rsquo;est normal car je pense que la situation est assez tendue.<\/em>&nbsp;\u00bb Quant \u00e0 envisager de dissoudre l&rsquo;Assembl\u00e9e nationale, \u00ab&nbsp;<em>les avis sont partag\u00e9s, <\/em>r\u00e9pond-il. <em>Les d\u00e9put\u00e9s mal \u00e9lus sont en une trentaine.<\/em>&nbsp;\u00bb<\/p>\n\n\n\n<p><a href=\"https:\/\/emailing.rfi.fr\/fr\/subscribe\" target=\"_blank\" rel=\"noreferrer noopener\">&nbsp;<\/a>La d\u00e9l\u00e9gation de la C\u00e9d\u00e9ao va poursuivre ce vendredi ses rencontres, avant&nbsp; probablement de proposer un plan de sortie de crise.<\/p>\n","protected":false},"excerpt":{"rendered":"<p>La Communaut\u00e9 \u00e9conomiques des \u00c9tats de l\u2019Afrique de l\u2019Ouest (C\u00e9d\u00e9ao) est au chevet du Mali pour aider \u00e0 apaiser la situation alors qu\u2019un grand rassemblement pour demander la d\u00e9mission du pr\u00e9sident IBK, la dissolution de l\u2019Assembl\u00e9e et de la Cour constitutionnelle est pr\u00e9vu ce vendredi 19 juin. Arriv\u00e9e la veille, la d\u00e9l\u00e9gation notamment compos\u00e9e du [&hellip;]<\/p>\n","protected":false},"author":12,"featured_media":29535,"comment_status":"closed","ping_status":"closed","sticky":false,"template":"","format":"standard","meta":{"_exactmetrics_skip_tracking":false,"_exactmetrics_sitenote_active":false,"_exactmetrics_sitenote_note":"","_exactmetrics_sitenote_category":0,"tdm_status":"","tdm_grid_status":"","footnotes":""},"categories":[21],"tags":[],"class_list":{"0":"post-29534","1":"post","2":"type-post","3":"status-publish","4":"format-standard","5":"has-post-thumbnail","7":"category-international"},"yoast_head":"<!-- This site is optimized with the Yoast SEO plugin v24.2 - https:\/\/yoast.com\/wordpress\/plugins\/seo\/ -->\n<title>Crise politique au Mali: la C\u00e9d\u00e9ao se mobilise sur le terrain | Guin\u00e9e Diversit\u00e9<\/title>\n<meta name=\"robots\" content=\"index, follow, max-snippet:-1, max-image-preview:large, max-video-preview:-1\" \/>\n<link rel=\"canonical\" href=\"https:\/\/guineediversite.com\/index.php\/2020\/06\/19\/crise-politique-au-mali-la-cedeao-se-mobilise-sur-le-terrain\/\" \/>\n<meta property=\"og:locale\" content=\"fr_FR\" \/>\n<meta property=\"og:type\" content=\"article\" \/>\n<meta property=\"og:title\" content=\"Crise politique au Mali: la C\u00e9d\u00e9ao se mobilise sur le terrain | Guin\u00e9e Diversit\u00e9\" \/>\n<meta property=\"og:description\" content=\"La Communaut\u00e9 \u00e9conomiques des \u00c9tats de l\u2019Afrique de l\u2019Ouest (C\u00e9d\u00e9ao) est au chevet du Mali pour aider \u00e0 apaiser la situation alors qu\u2019un grand rassemblement pour demander la d\u00e9mission du pr\u00e9sident IBK, la dissolution de l\u2019Assembl\u00e9e et de la Cour constitutionnelle est pr\u00e9vu ce vendredi 19 juin. Arriv\u00e9e la veille, la d\u00e9l\u00e9gation notamment compos\u00e9e du [&hellip;]\" \/>\n<meta property=\"og:url\" content=\"https:\/\/guineediversite.com\/index.php\/2020\/06\/19\/crise-politique-au-mali-la-cedeao-se-mobilise-sur-le-terrain\/\" \/>\n<meta property=\"og:site_name\" content=\"Guin\u00e9e Diversit\u00e9\" \/>\n<meta property=\"article:publisher\" content=\"https:\/\/www.facebook.com\/guineediversite\/\" \/>\n<meta property=\"article:published_time\" content=\"2020-06-19T10:25:51+00:00\" \/>\n<meta property=\"article:modified_time\" content=\"2020-06-19T10:25:53+00:00\" \/>\n<meta property=\"og:image\" content=\"https:\/\/guineediversite.com\/wp-content\/uploads\/2020\/06\/Le-pr\u00e9sident-malien-Ibrahim-Boubacar-Ke\u00efta-IBK.-Les-opposants-maliens-avec-leur-nouveau-et-influent-leader-limam-Mahmoud-Dicko-ne-sont-pas-ferm\u00e9s-au-dialogue..jpg\" \/>\n\t<meta property=\"og:image:width\" content=\"1500\" \/>\n\t<meta property=\"og:image:height\" content=\"840\" \/>\n\t<meta property=\"og:image:type\" content=\"image\/jpeg\" \/>\n<meta name=\"author\" content=\"Guin\u00e9e Diversit\u00e9\" \/>\n<meta name=\"twitter:card\" content=\"summary_large_image\" \/>\n<meta name=\"twitter:creator\" content=\"@GuineeDiversite\" \/>\n<meta name=\"twitter:site\" content=\"@GuineeDiversite\" \/>\n<meta name=\"twitter:label1\" content=\"\u00c9crit par\" \/>\n\t<meta name=\"twitter:data1\" content=\"Guin\u00e9e Diversit\u00e9\" \/>\n\t<meta name=\"twitter:label2\" content=\"Dur\u00e9e de lecture estim\u00e9e\" \/>\n\t<meta name=\"twitter:data2\" content=\"2 minutes\" \/>\n<script type=\"application\/ld+json\" class=\"yoast-schema-graph\">{\"@context\":\"https:\/\/schema.org\",\"@graph\":[{\"@type\":\"Article\",\"@id\":\"https:\/\/guineediversite.com\/index.php\/2020\/06\/19\/crise-politique-au-mali-la-cedeao-se-mobilise-sur-le-terrain\/#article\",\"isPartOf\":{\"@id\":\"https:\/\/guineediversite.com\/index.php\/2020\/06\/19\/crise-politique-au-mali-la-cedeao-se-mobilise-sur-le-terrain\/\"},\"author\":{\"name\":\"Guin\u00e9e Diversit\u00e9\",\"@id\":\"https:\/\/guineediversite.com\/#\/schema\/person\/afa08fb34e7fc6e1feafc892612bc836\"},\"headline\":\"Crise politique au Mali: la C\u00e9d\u00e9ao se mobilise sur le terrain\",\"datePublished\":\"2020-06-19T10:25:51+00:00\",\"dateModified\":\"2020-06-19T10:25:53+00:00\",\"mainEntityOfPage\":{\"@id\":\"https:\/\/guineediversite.com\/index.php\/2020\/06\/19\/crise-politique-au-mali-la-cedeao-se-mobilise-sur-le-terrain\/\"},\"wordCount\":393,\"publisher\":{\"@id\":\"https:\/\/guineediversite.com\/#organization\"},\"image\":{\"@id\":\"https:\/\/guineediversite.com\/index.php\/2020\/06\/19\/crise-politique-au-mali-la-cedeao-se-mobilise-sur-le-terrain\/#primaryimage\"},\"thumbnailUrl\":\"https:\/\/guineediversite.com\/wp-content\/uploads\/2020\/06\/Le-pr\u00e9sident-malien-Ibrahim-Boubacar-Ke\u00efta-IBK.-Les-opposants-maliens-avec-leur-nouveau-et-influent-leader-limam-Mahmoud-Dicko-ne-sont-pas-ferm\u00e9s-au-dialogue..jpg\",\"articleSection\":[\"International\"],\"inLanguage\":\"fr-FR\"},{\"@type\":\"WebPage\",\"@id\":\"https:\/\/guineediversite.com\/index.php\/2020\/06\/19\/crise-politique-au-mali-la-cedeao-se-mobilise-sur-le-terrain\/\",\"url\":\"https:\/\/guineediversite.com\/index.php\/2020\/06\/19\/crise-politique-au-mali-la-cedeao-se-mobilise-sur-le-terrain\/\",\"name\":\"Crise politique au Mali: la C\u00e9d\u00e9ao se mobilise sur le terrain | Guin\u00e9e Diversit\u00e9\",\"isPartOf\":{\"@id\":\"https:\/\/guineediversite.com\/#website\"},\"primaryImageOfPage\":{\"@id\":\"https:\/\/guineediversite.com\/index.php\/2020\/06\/19\/crise-politique-au-mali-la-cedeao-se-mobilise-sur-le-terrain\/#primaryimage\"},\"image\":{\"@id\":\"https:\/\/guineediversite.com\/index.php\/2020\/06\/19\/crise-politique-au-mali-la-cedeao-se-mobilise-sur-le-terrain\/#primaryimage\"},\"thumbnailUrl\":\"https:\/\/guineediversite.com\/wp-content\/uploads\/2020\/06\/Le-pr\u00e9sident-malien-Ibrahim-Boubacar-Ke\u00efta-IBK.-Les-opposants-maliens-avec-leur-nouveau-et-influent-leader-limam-Mahmoud-Dicko-ne-sont-pas-ferm\u00e9s-au-dialogue..jpg\",\"datePublished\":\"2020-06-19T10:25:51+00:00\",\"dateModified\":\"2020-06-19T10:25:53+00:00\",\"breadcrumb\":{\"@id\":\"https:\/\/guineediversite.com\/index.php\/2020\/06\/19\/crise-politique-au-mali-la-cedeao-se-mobilise-sur-le-terrain\/#breadcrumb\"},\"inLanguage\":\"fr-FR\",\"potentialAction\":[{\"@type\":\"ReadAction\",\"target\":[\"https:\/\/guineediversite.com\/index.php\/2020\/06\/19\/crise-politique-au-mali-la-cedeao-se-mobilise-sur-le-terrain\/\"]}]},{\"@type\":\"ImageObject\",\"inLanguage\":\"fr-FR\",\"@id\":\"https:\/\/guineediversite.com\/index.php\/2020\/06\/19\/crise-politique-au-mali-la-cedeao-se-mobilise-sur-le-terrain\/#primaryimage\",\"url\":\"https:\/\/guineediversite.com\/wp-content\/uploads\/2020\/06\/Le-pr\u00e9sident-malien-Ibrahim-Boubacar-Ke\u00efta-IBK.-Les-opposants-maliens-avec-leur-nouveau-et-influent-leader-limam-Mahmoud-Dicko-ne-sont-pas-ferm\u00e9s-au-dialogue..jpg\",\"contentUrl\":\"https:\/\/guineediversite.com\/wp-content\/uploads\/2020\/06\/Le-pr\u00e9sident-malien-Ibrahim-Boubacar-Ke\u00efta-IBK.-Les-opposants-maliens-avec-leur-nouveau-et-influent-leader-limam-Mahmoud-Dicko-ne-sont-pas-ferm\u00e9s-au-dialogue..jpg\",\"width\":1500,\"height\":840},{\"@type\":\"BreadcrumbList\",\"@id\":\"https:\/\/guineediversite.com\/index.php\/2020\/06\/19\/crise-politique-au-mali-la-cedeao-se-mobilise-sur-le-terrain\/#breadcrumb\",\"itemListElement\":[{\"@type\":\"ListItem\",\"position\":1,\"name\":\"Accueil\",\"item\":\"https:\/\/guineediversite.com\/\"},{\"@type\":\"ListItem\",\"position\":2,\"name\":\"Crise politique au Mali: la C\u00e9d\u00e9ao se mobilise sur le terrain\"}]},{\"@type\":\"WebSite\",\"@id\":\"https:\/\/guineediversite.com\/#website\",\"url\":\"https:\/\/guineediversite.com\/\",\"name\":\"Guin\u00e9e Diversit\u00e9\",\"description\":\"L&#039;Info dans toute sa diversit\u00e9\",\"publisher\":{\"@id\":\"https:\/\/guineediversite.com\/#organization\"},\"potentialAction\":[{\"@type\":\"SearchAction\",\"target\":{\"@type\":\"EntryPoint\",\"urlTemplate\":\"https:\/\/guineediversite.com\/?s={search_term_string}\"},\"query-input\":{\"@type\":\"PropertyValueSpecification\",\"valueRequired\":true,\"valueName\":\"search_term_string\"}}],\"inLanguage\":\"fr-FR\"},{\"@type\":\"Organization\",\"@id\":\"https:\/\/guineediversite.com\/#organization\",\"name\":\"Guin\u00e9e Diversit\u00e9\",\"url\":\"https:\/\/guineediversite.com\/\",\"logo\":{\"@type\":\"ImageObject\",\"inLanguage\":\"fr-FR\",\"@id\":\"https:\/\/guineediversite.com\/#\/schema\/logo\/image\/\",\"url\":\"https:\/\/guineediversite.com\/wp-content\/uploads\/2017\/04\/cropped-1jojlxEOMkX9Wyqfhe43D6kjPOGqBBKmx3EwWJqZ0cMrFF54yM49.png\",\"contentUrl\":\"https:\/\/guineediversite.com\/wp-content\/uploads\/2017\/04\/cropped-1jojlxEOMkX9Wyqfhe43D6kjPOGqBBKmx3EwWJqZ0cMrFF54yM49.png\",\"width\":186,\"height\":112,\"caption\":\"Guin\u00e9e Diversit\u00e9\"},\"image\":{\"@id\":\"https:\/\/guineediversite.com\/#\/schema\/logo\/image\/\"},\"sameAs\":[\"https:\/\/www.facebook.com\/guineediversite\/\",\"https:\/\/x.com\/GuineeDiversite\",\"https:\/\/www.youtube.com\/channel\/UC8sUY16qelG5ge6_D5SB83g\"]},{\"@type\":\"Person\",\"@id\":\"https:\/\/guineediversite.com\/#\/schema\/person\/afa08fb34e7fc6e1feafc892612bc836\",\"name\":\"Guin\u00e9e Diversit\u00e9\",\"image\":{\"@type\":\"ImageObject\",\"inLanguage\":\"fr-FR\",\"@id\":\"https:\/\/guineediversite.com\/#\/schema\/person\/image\/\",\"url\":\"https:\/\/secure.gravatar.com\/avatar\/50d5eb5b390f8b65ac30ac6f898eb83a?s=96&d=mm&r=g\",\"contentUrl\":\"https:\/\/secure.gravatar.com\/avatar\/50d5eb5b390f8b65ac30ac6f898eb83a?s=96&d=mm&r=g\",\"caption\":\"Guin\u00e9e Diversit\u00e9\"},\"url\":\"https:\/\/guineediversite.com\/index.php\/author\/guineediversite\/\"}]}<\/script>\n<!-- \/ Yoast SEO plugin. -->","yoast_head_json":{"title":"Crise politique au Mali: la C\u00e9d\u00e9ao se mobilise sur le terrain | Guin\u00e9e Diversit\u00e9","robots":{"index":"index","follow":"follow","max-snippet":"max-snippet:-1","max-image-preview":"max-image-preview:large","max-video-preview":"max-video-preview:-1"},"canonical":"https:\/\/guineediversite.com\/index.php\/2020\/06\/19\/crise-politique-au-mali-la-cedeao-se-mobilise-sur-le-terrain\/","og_locale":"fr_FR","og_type":"article","og_title":"Crise politique au Mali: la C\u00e9d\u00e9ao se mobilise sur le terrain | Guin\u00e9e Diversit\u00e9","og_description":"La Communaut\u00e9 \u00e9conomiques des \u00c9tats de l\u2019Afrique de l\u2019Ouest (C\u00e9d\u00e9ao) est au chevet du Mali pour aider \u00e0 apaiser la situation alors qu\u2019un grand rassemblement pour demander la d\u00e9mission du pr\u00e9sident IBK, la dissolution de l\u2019Assembl\u00e9e et de la Cour constitutionnelle est pr\u00e9vu ce vendredi 19 juin. Arriv\u00e9e la veille, la d\u00e9l\u00e9gation notamment compos\u00e9e du [&hellip;]","og_url":"https:\/\/guineediversite.com\/index.php\/2020\/06\/19\/crise-politique-au-mali-la-cedeao-se-mobilise-sur-le-terrain\/","og_site_name":"Guin\u00e9e Diversit\u00e9","article_publisher":"https:\/\/www.facebook.com\/guineediversite\/","article_published_time":"2020-06-19T10:25:51+00:00","article_modified_time":"2020-06-19T10:25:53+00:00","og_image":[{"width":1500,"height":840,"url":"https:\/\/guineediversite.com\/wp-content\/uploads\/2020\/06\/Le-pr\u00e9sident-malien-Ibrahim-Boubacar-Ke\u00efta-IBK.-Les-opposants-maliens-avec-leur-nouveau-et-influent-leader-limam-Mahmoud-Dicko-ne-sont-pas-ferm\u00e9s-au-dialogue..jpg","type":"image\/jpeg"}],"author":"Guin\u00e9e Diversit\u00e9","twitter_card":"summary_large_image","twitter_creator":"@GuineeDiversite","twitter_site":"@GuineeDiversite","twitter_misc":{"\u00c9crit par":"Guin\u00e9e Diversit\u00e9","Dur\u00e9e de lecture estim\u00e9e":"2 minutes"},"schema":{"@context":"https:\/\/schema.org","@graph":[{"@type":"Article","@id":"https:\/\/guineediversite.com\/index.php\/2020\/06\/19\/crise-politique-au-mali-la-cedeao-se-mobilise-sur-le-terrain\/#article","isPartOf":{"@id":"https:\/\/guineediversite.com\/index.php\/2020\/06\/19\/crise-politique-au-mali-la-cedeao-se-mobilise-sur-le-terrain\/"},"author":{"name":"Guin\u00e9e Diversit\u00e9","@id":"https:\/\/guineediversite.com\/#\/schema\/person\/afa08fb34e7fc6e1feafc892612bc836"},"headline":"Crise politique au Mali: la C\u00e9d\u00e9ao se mobilise sur le terrain","datePublished":"2020-06-19T10:25:51+00:00","dateModified":"2020-06-19T10:25:53+00:00","mainEntityOfPage":{"@id":"https:\/\/guineediversite.com\/index.php\/2020\/06\/19\/crise-politique-au-mali-la-cedeao-se-mobilise-sur-le-terrain\/"},"wordCount":393,"publisher":{"@id":"https:\/\/guineediversite.com\/#organization"},"image":{"@id":"https:\/\/guineediversite.com\/index.php\/2020\/06\/19\/crise-politique-au-mali-la-cedeao-se-mobilise-sur-le-terrain\/#primaryimage"},"thumbnailUrl":"https:\/\/guineediversite.com\/wp-content\/uploads\/2020\/06\/Le-pr\u00e9sident-malien-Ibrahim-Boubacar-Ke\u00efta-IBK.-Les-opposants-maliens-avec-leur-nouveau-et-influent-leader-limam-Mahmoud-Dicko-ne-sont-pas-ferm\u00e9s-au-dialogue..jpg","articleSection":["International"],"inLanguage":"fr-FR"},{"@type":"WebPage","@id":"https:\/\/guineediversite.com\/index.php\/2020\/06\/19\/crise-politique-au-mali-la-cedeao-se-mobilise-sur-le-terrain\/","url":"https:\/\/guineediversite.com\/index.php\/2020\/06\/19\/crise-politique-au-mali-la-cedeao-se-mobilise-sur-le-terrain\/","name":"Crise politique au Mali: la C\u00e9d\u00e9ao se mobilise sur le terrain | Guin\u00e9e Diversit\u00e9","isPartOf":{"@id":"https:\/\/guineediversite.com\/#website"},"primaryImageOfPage":{"@id":"https:\/\/guineediversite.com\/index.php\/2020\/06\/19\/crise-politique-au-mali-la-cedeao-se-mobilise-sur-le-terrain\/#primaryimage"},"image":{"@id":"https:\/\/guineediversite.com\/index.php\/2020\/06\/19\/crise-politique-au-mali-la-cedeao-se-mobilise-sur-le-terrain\/#primaryimage"},"thumbnailUrl":"https:\/\/guineediversite.com\/wp-content\/uploads\/2020\/06\/Le-pr\u00e9sident-malien-Ibrahim-Boubacar-Ke\u00efta-IBK.-Les-opposants-maliens-avec-leur-nouveau-et-influent-leader-limam-Mahmoud-Dicko-ne-sont-pas-ferm\u00e9s-au-dialogue..jpg","datePublished":"2020-06-19T10:25:51+00:00","dateModified":"2020-06-19T10:25:53+00:00","breadcrumb":{"@id":"https:\/\/guineediversite.com\/index.php\/2020\/06\/19\/crise-politique-au-mali-la-cedeao-se-mobilise-sur-le-terrain\/#breadcrumb"},"inLanguage":"fr-FR","potentialAction":[{"@type":"ReadAction","target":["https:\/\/guineediversite.com\/index.php\/2020\/06\/19\/crise-politique-au-mali-la-cedeao-se-mobilise-sur-le-terrain\/"]}]},{"@type":"ImageObject","inLanguage":"fr-FR","@id":"https:\/\/guineediversite.com\/index.php\/2020\/06\/19\/crise-politique-au-mali-la-cedeao-se-mobilise-sur-le-terrain\/#primaryimage","url":"https:\/\/guineediversite.com\/wp-content\/uploads\/2020\/06\/Le-pr\u00e9sident-malien-Ibrahim-Boubacar-Ke\u00efta-IBK.-Les-opposants-maliens-avec-leur-nouveau-et-influent-leader-limam-Mahmoud-Dicko-ne-sont-pas-ferm\u00e9s-au-dialogue..jpg","contentUrl":"https:\/\/guineediversite.com\/wp-content\/uploads\/2020\/06\/Le-pr\u00e9sident-malien-Ibrahim-Boubacar-Ke\u00efta-IBK.-Les-opposants-maliens-avec-leur-nouveau-et-influent-leader-limam-Mahmoud-Dicko-ne-sont-pas-ferm\u00e9s-au-dialogue..jpg","width":1500,"height":840},{"@type":"BreadcrumbList","@id":"https:\/\/guineediversite.com\/index.php\/2020\/06\/19\/crise-politique-au-mali-la-cedeao-se-mobilise-sur-le-terrain\/#breadcrumb","itemListElement":[{"@type":"ListItem","position":1,"name":"Accueil","item":"https:\/\/guineediversite.com\/"},{"@type":"ListItem","position":2,"name":"Crise politique au Mali: la C\u00e9d\u00e9ao se mobilise sur le terrain"}]},{"@type":"WebSite","@id":"https:\/\/guineediversite.com\/#website","url":"https:\/\/guineediversite.com\/","name":"Guin\u00e9e Diversit\u00e9","description":"L&#039;Info dans toute sa diversit\u00e9","publisher":{"@id":"https:\/\/guineediversite.com\/#organization"},"potentialAction":[{"@type":"SearchAction","target":{"@type":"EntryPoint","urlTemplate":"https:\/\/guineediversite.com\/?s={search_term_string}"},"query-input":{"@type":"PropertyValueSpecification","valueRequired":true,"valueName":"search_term_string"}}],"inLanguage":"fr-FR"},{"@type":"Organization","@id":"https:\/\/guineediversite.com\/#organization","name":"Guin\u00e9e Diversit\u00e9","url":"https:\/\/guineediversite.com\/","logo":{"@type":"ImageObject","inLanguage":"fr-FR","@id":"https:\/\/guineediversite.com\/#\/schema\/logo\/image\/","url":"https:\/\/guineediversite.com\/wp-content\/uploads\/2017\/04\/cropped-1jojlxEOMkX9Wyqfhe43D6kjPOGqBBKmx3EwWJqZ0cMrFF54yM49.png","contentUrl":"https:\/\/guineediversite.com\/wp-content\/uploads\/2017\/04\/cropped-1jojlxEOMkX9Wyqfhe43D6kjPOGqBBKmx3EwWJqZ0cMrFF54yM49.png","width":186,"height":112,"caption":"Guin\u00e9e Diversit\u00e9"},"image":{"@id":"https:\/\/guineediversite.com\/#\/schema\/logo\/image\/"},"sameAs":["https:\/\/www.facebook.com\/guineediversite\/","https:\/\/x.com\/GuineeDiversite","https:\/\/www.youtube.com\/channel\/UC8sUY16qelG5ge6_D5SB83g"]},{"@type":"Person","@id":"https:\/\/guineediversite.com\/#\/schema\/person\/afa08fb34e7fc6e1feafc892612bc836","name":"Guin\u00e9e Diversit\u00e9","image":{"@type":"ImageObject","inLanguage":"fr-FR","@id":"https:\/\/guineediversite.com\/#\/schema\/person\/image\/","url":"https:\/\/secure.gravatar.com\/avatar\/50d5eb5b390f8b65ac30ac6f898eb83a?s=96&d=mm&r=g","contentUrl":"https:\/\/secure.gravatar.com\/avatar\/50d5eb5b390f8b65ac30ac6f898eb83a?s=96&d=mm&r=g","caption":"Guin\u00e9e Diversit\u00e9"},"url":"https:\/\/guineediversite.com\/index.php\/author\/guineediversite\/"}]}},"_links":{"self":[{"href":"https:\/\/guineediversite.com\/index.php\/wp-json\/wp\/v2\/posts\/29534"}],"collection":[{"href":"https:\/\/guineediversite.com\/index.php\/wp-json\/wp\/v2\/posts"}],"about":[{"href":"https:\/\/guineediversite.com\/index.php\/wp-json\/wp\/v2\/types\/post"}],"author":[{"embeddable":true,"href":"https:\/\/guineediversite.com\/index.php\/wp-json\/wp\/v2\/users\/12"}],"replies":[{"embeddable":true,"href":"https:\/\/guineediversite.com\/index.php\/wp-json\/wp\/v2\/comments?post=29534"}],"version-history":[{"count":1,"href":"https:\/\/guineediversite.com\/index.php\/wp-json\/wp\/v2\/posts\/29534\/revisions"}],"predecessor-version":[{"id":29536,"href":"https:\/\/guineediversite.com\/index.php\/wp-json\/wp\/v2\/posts\/29534\/revisions\/29536"}],"wp:featuredmedia":[{"embeddable":true,"href":"https:\/\/guineediversite.com\/index.php\/wp-json\/wp\/v2\/media\/29535"}],"wp:attachment":[{"href":"https:\/\/guineediversite.com\/index.php\/wp-json\/wp\/v2\/media?parent=29534"}],"wp:term":[{"taxonomy":"category","embeddable":true,"href":"https:\/\/guineediversite.com\/index.php\/wp-json\/wp\/v2\/categories?post=29534"},{"taxonomy":"post_tag","embeddable":true,"href":"https:\/\/guineediversite.com\/index.php\/wp-json\/wp\/v2\/tags?post=29534"}],"curies":[{"name":"wp","href":"https:\/\/api.w.org\/{rel}","templated":true}]}}