{"id":29525,"date":"2020-06-18T13:53:16","date_gmt":"2020-06-18T11:53:16","guid":{"rendered":"https:\/\/guineediversite.com\/?p=29525"},"modified":"2020-06-18T13:53:20","modified_gmt":"2020-06-18T11:53:20","slug":"foot-la-ligue-des-champions-sachevera-le-23-aout-apres-un-tournoi-a-huit-equipes-et-la-ligue-europa-le-21-aout","status":"publish","type":"post","link":"https:\/\/guineediversite.com\/index.php\/2020\/06\/18\/foot-la-ligue-des-champions-sachevera-le-23-aout-apres-un-tournoi-a-huit-equipes-et-la-ligue-europa-le-21-aout\/","title":{"rendered":"Foot : la Ligue des champions s&rsquo;ach\u00e8vera le 23 ao\u00fbt apr\u00e8s un tournoi \u00e0 huit \u00e9quipes et la Ligue Europa, le 21 ao\u00fbt"},"content":{"rendered":"\n<p>Le tournoi final de la Ligue des Champions aura lieu \u00e0 Lisbonne et celui de la Ligue Europa se jouera en Allemagne, a annonc\u00e9 l&rsquo;UEFA mercredi.<\/p>\n\n\n\n<p>Les comp\u00e9titions europ\u00e9ennes de <a href=\"https:\/\/www.francetvinfo.fr\/sports\/foot\/\">football<\/a> 2019\/2020, mises entre parenth\u00e8ses \u00e0 la mi-mars \u00e0 cause de l&rsquo;\u00e9pid\u00e9mie du <a href=\"https:\/\/www.francetvinfo.fr\/sante\/maladie\/coronavirus\">coronavirus<\/a>, vont conna\u00eetre leur \u00e9pilogue. La Ligue des champions se terminera \u00e0 Lisbonne lors d&rsquo;un tournoi r\u00e9unissant huit \u00e9quipes dans la capitale portugaise \u00e0 partir du 12&nbsp;ao\u00fbt. La finale aura lieu le 23&nbsp;ao\u00fbt, a annonc\u00e9 l&rsquo;UEFA mercredi 17 juin.&nbsp;Pour l&rsquo;heure, quatre \u00e9quipes sont assur\u00e9es de participer \u00e0 ce \u00ab\u00a0Super 8\u00a0\u00bb&nbsp;: le PSG, l&rsquo;Atl\u00e9tico de Madrid, l&rsquo;Atalanta Bergame et Leipzig. Un \u00ab\u00a0Final 8\u00a0\u00bb similaire aura lieu dans quatre stades d&rsquo;Allemagne (Gelsenkirchen, Cologne, Duisbourg, D\u00fcsseldorf) pour conclure la Ligue Europa, avec une finale de C3 pr\u00e9vue le 21&nbsp;ao\u00fbt \u00e0 Cologne au lieu de Gdansk (Pologne), qui se voit r\u00e9attribuer l&rsquo;organisation de la finale 2021 de cette comp\u00e9tition.<\/p>\n\n\n\n<p><strong>Lyon jouera au Portugal ou \u00e0 Turin<\/strong><\/p>\n\n\n\n<p>Les quatre \u00e9quipes d\u00e9j\u00e0 qualifi\u00e9es pour le \u00ab\u00a0Super&nbsp;8\u00a0\u00bb de la Ligue des champions&nbsp;seront fix\u00e9es sur leurs adversaires de ce \u00ab\u00a0Final 8\u00a0\u00bb le 10&nbsp;juillet, lors du tirage au sort de cette phase finale. Ce tournoi aura lieu dans les deux stades de la capitale portugaise, celui du Benfica&nbsp;et celui du Sporting Lisbonne. Les quatre autres tickets seront attribu\u00e9s apr\u00e8s les huiti\u00e8mes de finale retour restant \u00e0 disputer et pr\u00e9vus les 7 et 8 ao\u00fbt dans des lieux encore \u00e0 d\u00e9terminer, soit sur le terrain de l&rsquo;\u00e9quipe qui re\u00e7oit, soit au Portugal.&nbsp;<\/p>\n\n\n\n<p>Toujours en lice dans cette comp\u00e9tition europ\u00e9enne, l&rsquo;Olympique lyonnais jouera son 8e de finale retour contre la Juventus le 7 ou le 8&nbsp;ao\u00fbt, \u00e0 Turin (Italie) <em>\u00ab\u00a0ou au Portugal\u00a0\u00bb<\/em>, selon l&rsquo;\u00e9volution de la situation sanitaire, a annonc\u00e9 mercredi l&rsquo;UEFA.&nbsp;Le Comit\u00e9 ex\u00e9cutif de l&rsquo;instance n&rsquo;a pas confirm\u00e9 la tenue du match au Juventus Stadium, \u00e9voqu\u00e9e mardi de source proche du dossier.&nbsp;<em>\u00ab\u00a0C&rsquo;est s\u00fbr que les clubs pr\u00e9f\u00e8rent jouer \u00e0 domicile, mais aujourd&rsquo;hui nous n&rsquo;avons pas assez d&rsquo;\u00e9l\u00e9ments pour d\u00e9cider. La sant\u00e9 et la s\u00e9curit\u00e9 passent d&rsquo;abord\u00a0\u00bb<\/em>, a d\u00e9clar\u00e9 le pr\u00e9sident de l&rsquo;UEFA Aleksander Ceferin, lors d&rsquo;une conf\u00e9rence de presse par visioconf\u00e9rence.&nbsp;La d\u00e9cision sera prise avant le tirage au sort des quarts de finale, le 10&nbsp;juillet, a pr\u00e9cis\u00e9 Giorgio Marchetti, le secr\u00e9taire g\u00e9n\u00e9ral adjoint de l&rsquo;instance.<\/p>\n\n\n\n<p>Enfin, la d\u00e9cision de disputer la fin de la Ligue des champions et de la Ligue Europa avec ou sans spectateurs dans les stades sera prise \u00ab\u00a0d&rsquo;ici mi-juillet\u00a0\u00bb, a ajout\u00e9 le dirigeant de l&rsquo;UEFA.&nbsp;<em>\u00ab\u00a0Il serait incomp\u00e9tent de notre part de prendre une d\u00e9cision en avance \u00e0 propos d&rsquo;une situation si incertaine\u00a0\u00bb,<\/em> a-t-il&nbsp;d\u00e9clar\u00e9.<\/p>\n\n\n\n<p><strong>France INFOS<\/strong><\/p>\n","protected":false},"excerpt":{"rendered":"<p>Le tournoi final de la Ligue des Champions aura lieu \u00e0 Lisbonne et celui de la Ligue Europa se jouera en Allemagne, a annonc\u00e9 l&rsquo;UEFA mercredi. Les comp\u00e9titions europ\u00e9ennes de football 2019\/2020, mises entre parenth\u00e8ses \u00e0 la mi-mars \u00e0 cause de l&rsquo;\u00e9pid\u00e9mie du coronavirus, vont conna\u00eetre leur \u00e9pilogue. La Ligue des champions se terminera \u00e0 [&hellip;]<\/p>\n","protected":false},"author":12,"featured_media":29526,"comment_status":"closed","ping_status":"closed","sticky":false,"template":"","format":"standard","meta":{"_exactmetrics_skip_tracking":false,"_exactmetrics_sitenote_active":false,"_exactmetrics_sitenote_note":"","_exactmetrics_sitenote_category":0,"tdm_status":"","tdm_grid_status":"","footnotes":""},"categories":[18],"tags":[],"class_list":{"0":"post-29525","1":"post","2":"type-post","3":"status-publish","4":"format-standard","5":"has-post-thumbnail","7":"category-sport"},"yoast_head":"<!-- This site is optimized with the Yoast SEO plugin v24.2 - https:\/\/yoast.com\/wordpress\/plugins\/seo\/ -->\n<title>Foot : la Ligue des champions s&#039;ach\u00e8vera le 23 ao\u00fbt apr\u00e8s un tournoi \u00e0 huit \u00e9quipes et la Ligue Europa, le 21 ao\u00fbt | Guin\u00e9e Diversit\u00e9<\/title>\n<meta name=\"robots\" content=\"index, follow, max-snippet:-1, max-image-preview:large, max-video-preview:-1\" \/>\n<link rel=\"canonical\" href=\"https:\/\/guineediversite.com\/index.php\/2020\/06\/18\/foot-la-ligue-des-champions-sachevera-le-23-aout-apres-un-tournoi-a-huit-equipes-et-la-ligue-europa-le-21-aout\/\" \/>\n<meta property=\"og:locale\" content=\"fr_FR\" \/>\n<meta property=\"og:type\" content=\"article\" \/>\n<meta property=\"og:title\" content=\"Foot : la Ligue des champions s&#039;ach\u00e8vera le 23 ao\u00fbt apr\u00e8s un tournoi \u00e0 huit \u00e9quipes et la Ligue Europa, le 21 ao\u00fbt | Guin\u00e9e Diversit\u00e9\" \/>\n<meta property=\"og:description\" content=\"Le tournoi final de la Ligue des Champions aura lieu \u00e0 Lisbonne et celui de la Ligue Europa se jouera en Allemagne, a annonc\u00e9 l&rsquo;UEFA mercredi. Les comp\u00e9titions europ\u00e9ennes de football 2019\/2020, mises entre parenth\u00e8ses \u00e0 la mi-mars \u00e0 cause de l&rsquo;\u00e9pid\u00e9mie du coronavirus, vont conna\u00eetre leur \u00e9pilogue. La Ligue des champions se terminera \u00e0 [&hellip;]\" \/>\n<meta property=\"og:url\" content=\"https:\/\/guineediversite.com\/index.php\/2020\/06\/18\/foot-la-ligue-des-champions-sachevera-le-23-aout-apres-un-tournoi-a-huit-equipes-et-la-ligue-europa-le-21-aout\/\" \/>\n<meta property=\"og:site_name\" content=\"Guin\u00e9e Diversit\u00e9\" \/>\n<meta property=\"article:publisher\" content=\"https:\/\/www.facebook.com\/guineediversite\/\" \/>\n<meta property=\"article:published_time\" content=\"2020-06-18T11:53:16+00:00\" \/>\n<meta property=\"article:modified_time\" content=\"2020-06-18T11:53:20+00:00\" \/>\n<meta property=\"og:image\" content=\"https:\/\/guineediversite.com\/wp-content\/uploads\/2020\/06\/NEYMAR.jpg\" \/>\n\t<meta property=\"og:image:width\" content=\"1500\" \/>\n\t<meta property=\"og:image:height\" content=\"564\" \/>\n\t<meta property=\"og:image:type\" content=\"image\/jpeg\" \/>\n<meta name=\"author\" content=\"Guin\u00e9e Diversit\u00e9\" \/>\n<meta name=\"twitter:card\" content=\"summary_large_image\" \/>\n<meta name=\"twitter:creator\" content=\"@GuineeDiversite\" \/>\n<meta name=\"twitter:site\" content=\"@GuineeDiversite\" \/>\n<meta name=\"twitter:label1\" content=\"\u00c9crit par\" \/>\n\t<meta name=\"twitter:data1\" content=\"Guin\u00e9e Diversit\u00e9\" \/>\n\t<meta name=\"twitter:label2\" content=\"Dur\u00e9e de lecture estim\u00e9e\" \/>\n\t<meta name=\"twitter:data2\" content=\"2 minutes\" \/>\n<script type=\"application\/ld+json\" class=\"yoast-schema-graph\">{\"@context\":\"https:\/\/schema.org\",\"@graph\":[{\"@type\":\"Article\",\"@id\":\"https:\/\/guineediversite.com\/index.php\/2020\/06\/18\/foot-la-ligue-des-champions-sachevera-le-23-aout-apres-un-tournoi-a-huit-equipes-et-la-ligue-europa-le-21-aout\/#article\",\"isPartOf\":{\"@id\":\"https:\/\/guineediversite.com\/index.php\/2020\/06\/18\/foot-la-ligue-des-champions-sachevera-le-23-aout-apres-un-tournoi-a-huit-equipes-et-la-ligue-europa-le-21-aout\/\"},\"author\":{\"name\":\"Guin\u00e9e Diversit\u00e9\",\"@id\":\"https:\/\/guineediversite.com\/#\/schema\/person\/afa08fb34e7fc6e1feafc892612bc836\"},\"headline\":\"Foot : la Ligue des champions s&rsquo;ach\u00e8vera le 23 ao\u00fbt apr\u00e8s un tournoi \u00e0 huit \u00e9quipes et la Ligue Europa, le 21 ao\u00fbt\",\"datePublished\":\"2020-06-18T11:53:16+00:00\",\"dateModified\":\"2020-06-18T11:53:20+00:00\",\"mainEntityOfPage\":{\"@id\":\"https:\/\/guineediversite.com\/index.php\/2020\/06\/18\/foot-la-ligue-des-champions-sachevera-le-23-aout-apres-un-tournoi-a-huit-equipes-et-la-ligue-europa-le-21-aout\/\"},\"wordCount\":524,\"publisher\":{\"@id\":\"https:\/\/guineediversite.com\/#organization\"},\"image\":{\"@id\":\"https:\/\/guineediversite.com\/index.php\/2020\/06\/18\/foot-la-ligue-des-champions-sachevera-le-23-aout-apres-un-tournoi-a-huit-equipes-et-la-ligue-europa-le-21-aout\/#primaryimage\"},\"thumbnailUrl\":\"https:\/\/guineediversite.com\/wp-content\/uploads\/2020\/06\/NEYMAR.jpg\",\"articleSection\":[\"Sport\"],\"inLanguage\":\"fr-FR\"},{\"@type\":\"WebPage\",\"@id\":\"https:\/\/guineediversite.com\/index.php\/2020\/06\/18\/foot-la-ligue-des-champions-sachevera-le-23-aout-apres-un-tournoi-a-huit-equipes-et-la-ligue-europa-le-21-aout\/\",\"url\":\"https:\/\/guineediversite.com\/index.php\/2020\/06\/18\/foot-la-ligue-des-champions-sachevera-le-23-aout-apres-un-tournoi-a-huit-equipes-et-la-ligue-europa-le-21-aout\/\",\"name\":\"Foot : la Ligue des champions s'ach\u00e8vera le 23 ao\u00fbt apr\u00e8s un tournoi \u00e0 huit \u00e9quipes et la Ligue Europa, le 21 ao\u00fbt | Guin\u00e9e Diversit\u00e9\",\"isPartOf\":{\"@id\":\"https:\/\/guineediversite.com\/#website\"},\"primaryImageOfPage\":{\"@id\":\"https:\/\/guineediversite.com\/index.php\/2020\/06\/18\/foot-la-ligue-des-champions-sachevera-le-23-aout-apres-un-tournoi-a-huit-equipes-et-la-ligue-europa-le-21-aout\/#primaryimage\"},\"image\":{\"@id\":\"https:\/\/guineediversite.com\/index.php\/2020\/06\/18\/foot-la-ligue-des-champions-sachevera-le-23-aout-apres-un-tournoi-a-huit-equipes-et-la-ligue-europa-le-21-aout\/#primaryimage\"},\"thumbnailUrl\":\"https:\/\/guineediversite.com\/wp-content\/uploads\/2020\/06\/NEYMAR.jpg\",\"datePublished\":\"2020-06-18T11:53:16+00:00\",\"dateModified\":\"2020-06-18T11:53:20+00:00\",\"breadcrumb\":{\"@id\":\"https:\/\/guineediversite.com\/index.php\/2020\/06\/18\/foot-la-ligue-des-champions-sachevera-le-23-aout-apres-un-tournoi-a-huit-equipes-et-la-ligue-europa-le-21-aout\/#breadcrumb\"},\"inLanguage\":\"fr-FR\",\"potentialAction\":[{\"@type\":\"ReadAction\",\"target\":[\"https:\/\/guineediversite.com\/index.php\/2020\/06\/18\/foot-la-ligue-des-champions-sachevera-le-23-aout-apres-un-tournoi-a-huit-equipes-et-la-ligue-europa-le-21-aout\/\"]}]},{\"@type\":\"ImageObject\",\"inLanguage\":\"fr-FR\",\"@id\":\"https:\/\/guineediversite.com\/index.php\/2020\/06\/18\/foot-la-ligue-des-champions-sachevera-le-23-aout-apres-un-tournoi-a-huit-equipes-et-la-ligue-europa-le-21-aout\/#primaryimage\",\"url\":\"https:\/\/guineediversite.com\/wp-content\/uploads\/2020\/06\/NEYMAR.jpg\",\"contentUrl\":\"https:\/\/guineediversite.com\/wp-content\/uploads\/2020\/06\/NEYMAR.jpg\",\"width\":1500,\"height\":564},{\"@type\":\"BreadcrumbList\",\"@id\":\"https:\/\/guineediversite.com\/index.php\/2020\/06\/18\/foot-la-ligue-des-champions-sachevera-le-23-aout-apres-un-tournoi-a-huit-equipes-et-la-ligue-europa-le-21-aout\/#breadcrumb\",\"itemListElement\":[{\"@type\":\"ListItem\",\"position\":1,\"name\":\"Accueil\",\"item\":\"https:\/\/guineediversite.com\/\"},{\"@type\":\"ListItem\",\"position\":2,\"name\":\"Foot : la Ligue des champions s&rsquo;ach\u00e8vera le 23 ao\u00fbt apr\u00e8s un tournoi \u00e0 huit \u00e9quipes et la Ligue Europa, le 21 ao\u00fbt\"}]},{\"@type\":\"WebSite\",\"@id\":\"https:\/\/guineediversite.com\/#website\",\"url\":\"https:\/\/guineediversite.com\/\",\"name\":\"Guin\u00e9e Diversit\u00e9\",\"description\":\"L&#039;Info dans toute sa diversit\u00e9\",\"publisher\":{\"@id\":\"https:\/\/guineediversite.com\/#organization\"},\"potentialAction\":[{\"@type\":\"SearchAction\",\"target\":{\"@type\":\"EntryPoint\",\"urlTemplate\":\"https:\/\/guineediversite.com\/?s={search_term_string}\"},\"query-input\":{\"@type\":\"PropertyValueSpecification\",\"valueRequired\":true,\"valueName\":\"search_term_string\"}}],\"inLanguage\":\"fr-FR\"},{\"@type\":\"Organization\",\"@id\":\"https:\/\/guineediversite.com\/#organization\",\"name\":\"Guin\u00e9e Diversit\u00e9\",\"url\":\"https:\/\/guineediversite.com\/\",\"logo\":{\"@type\":\"ImageObject\",\"inLanguage\":\"fr-FR\",\"@id\":\"https:\/\/guineediversite.com\/#\/schema\/logo\/image\/\",\"url\":\"https:\/\/guineediversite.com\/wp-content\/uploads\/2017\/04\/cropped-1jojlxEOMkX9Wyqfhe43D6kjPOGqBBKmx3EwWJqZ0cMrFF54yM49.png\",\"contentUrl\":\"https:\/\/guineediversite.com\/wp-content\/uploads\/2017\/04\/cropped-1jojlxEOMkX9Wyqfhe43D6kjPOGqBBKmx3EwWJqZ0cMrFF54yM49.png\",\"width\":186,\"height\":112,\"caption\":\"Guin\u00e9e Diversit\u00e9\"},\"image\":{\"@id\":\"https:\/\/guineediversite.com\/#\/schema\/logo\/image\/\"},\"sameAs\":[\"https:\/\/www.facebook.com\/guineediversite\/\",\"https:\/\/x.com\/GuineeDiversite\",\"https:\/\/www.youtube.com\/channel\/UC8sUY16qelG5ge6_D5SB83g\"]},{\"@type\":\"Person\",\"@id\":\"https:\/\/guineediversite.com\/#\/schema\/person\/afa08fb34e7fc6e1feafc892612bc836\",\"name\":\"Guin\u00e9e Diversit\u00e9\",\"image\":{\"@type\":\"ImageObject\",\"inLanguage\":\"fr-FR\",\"@id\":\"https:\/\/guineediversite.com\/#\/schema\/person\/image\/\",\"url\":\"https:\/\/secure.gravatar.com\/avatar\/50d5eb5b390f8b65ac30ac6f898eb83a?s=96&d=mm&r=g\",\"contentUrl\":\"https:\/\/secure.gravatar.com\/avatar\/50d5eb5b390f8b65ac30ac6f898eb83a?s=96&d=mm&r=g\",\"caption\":\"Guin\u00e9e Diversit\u00e9\"},\"url\":\"https:\/\/guineediversite.com\/index.php\/author\/guineediversite\/\"}]}<\/script>\n<!-- \/ Yoast SEO plugin. -->","yoast_head_json":{"title":"Foot : la Ligue des champions s'ach\u00e8vera le 23 ao\u00fbt apr\u00e8s un tournoi \u00e0 huit \u00e9quipes et la Ligue Europa, le 21 ao\u00fbt | Guin\u00e9e Diversit\u00e9","robots":{"index":"index","follow":"follow","max-snippet":"max-snippet:-1","max-image-preview":"max-image-preview:large","max-video-preview":"max-video-preview:-1"},"canonical":"https:\/\/guineediversite.com\/index.php\/2020\/06\/18\/foot-la-ligue-des-champions-sachevera-le-23-aout-apres-un-tournoi-a-huit-equipes-et-la-ligue-europa-le-21-aout\/","og_locale":"fr_FR","og_type":"article","og_title":"Foot : la Ligue des champions s'ach\u00e8vera le 23 ao\u00fbt apr\u00e8s un tournoi \u00e0 huit \u00e9quipes et la Ligue Europa, le 21 ao\u00fbt | Guin\u00e9e Diversit\u00e9","og_description":"Le tournoi final de la Ligue des Champions aura lieu \u00e0 Lisbonne et celui de la Ligue Europa se jouera en Allemagne, a annonc\u00e9 l&rsquo;UEFA mercredi. Les comp\u00e9titions europ\u00e9ennes de football 2019\/2020, mises entre parenth\u00e8ses \u00e0 la mi-mars \u00e0 cause de l&rsquo;\u00e9pid\u00e9mie du coronavirus, vont conna\u00eetre leur \u00e9pilogue. La Ligue des champions se terminera \u00e0 [&hellip;]","og_url":"https:\/\/guineediversite.com\/index.php\/2020\/06\/18\/foot-la-ligue-des-champions-sachevera-le-23-aout-apres-un-tournoi-a-huit-equipes-et-la-ligue-europa-le-21-aout\/","og_site_name":"Guin\u00e9e Diversit\u00e9","article_publisher":"https:\/\/www.facebook.com\/guineediversite\/","article_published_time":"2020-06-18T11:53:16+00:00","article_modified_time":"2020-06-18T11:53:20+00:00","og_image":[{"width":1500,"height":564,"url":"https:\/\/guineediversite.com\/wp-content\/uploads\/2020\/06\/NEYMAR.jpg","type":"image\/jpeg"}],"author":"Guin\u00e9e Diversit\u00e9","twitter_card":"summary_large_image","twitter_creator":"@GuineeDiversite","twitter_site":"@GuineeDiversite","twitter_misc":{"\u00c9crit par":"Guin\u00e9e Diversit\u00e9","Dur\u00e9e de lecture estim\u00e9e":"2 minutes"},"schema":{"@context":"https:\/\/schema.org","@graph":[{"@type":"Article","@id":"https:\/\/guineediversite.com\/index.php\/2020\/06\/18\/foot-la-ligue-des-champions-sachevera-le-23-aout-apres-un-tournoi-a-huit-equipes-et-la-ligue-europa-le-21-aout\/#article","isPartOf":{"@id":"https:\/\/guineediversite.com\/index.php\/2020\/06\/18\/foot-la-ligue-des-champions-sachevera-le-23-aout-apres-un-tournoi-a-huit-equipes-et-la-ligue-europa-le-21-aout\/"},"author":{"name":"Guin\u00e9e Diversit\u00e9","@id":"https:\/\/guineediversite.com\/#\/schema\/person\/afa08fb34e7fc6e1feafc892612bc836"},"headline":"Foot : la Ligue des champions s&rsquo;ach\u00e8vera le 23 ao\u00fbt apr\u00e8s un tournoi \u00e0 huit \u00e9quipes et la Ligue Europa, le 21 ao\u00fbt","datePublished":"2020-06-18T11:53:16+00:00","dateModified":"2020-06-18T11:53:20+00:00","mainEntityOfPage":{"@id":"https:\/\/guineediversite.com\/index.php\/2020\/06\/18\/foot-la-ligue-des-champions-sachevera-le-23-aout-apres-un-tournoi-a-huit-equipes-et-la-ligue-europa-le-21-aout\/"},"wordCount":524,"publisher":{"@id":"https:\/\/guineediversite.com\/#organization"},"image":{"@id":"https:\/\/guineediversite.com\/index.php\/2020\/06\/18\/foot-la-ligue-des-champions-sachevera-le-23-aout-apres-un-tournoi-a-huit-equipes-et-la-ligue-europa-le-21-aout\/#primaryimage"},"thumbnailUrl":"https:\/\/guineediversite.com\/wp-content\/uploads\/2020\/06\/NEYMAR.jpg","articleSection":["Sport"],"inLanguage":"fr-FR"},{"@type":"WebPage","@id":"https:\/\/guineediversite.com\/index.php\/2020\/06\/18\/foot-la-ligue-des-champions-sachevera-le-23-aout-apres-un-tournoi-a-huit-equipes-et-la-ligue-europa-le-21-aout\/","url":"https:\/\/guineediversite.com\/index.php\/2020\/06\/18\/foot-la-ligue-des-champions-sachevera-le-23-aout-apres-un-tournoi-a-huit-equipes-et-la-ligue-europa-le-21-aout\/","name":"Foot : la Ligue des champions s'ach\u00e8vera le 23 ao\u00fbt apr\u00e8s un tournoi \u00e0 huit \u00e9quipes et la Ligue Europa, le 21 ao\u00fbt | Guin\u00e9e Diversit\u00e9","isPartOf":{"@id":"https:\/\/guineediversite.com\/#website"},"primaryImageOfPage":{"@id":"https:\/\/guineediversite.com\/index.php\/2020\/06\/18\/foot-la-ligue-des-champions-sachevera-le-23-aout-apres-un-tournoi-a-huit-equipes-et-la-ligue-europa-le-21-aout\/#primaryimage"},"image":{"@id":"https:\/\/guineediversite.com\/index.php\/2020\/06\/18\/foot-la-ligue-des-champions-sachevera-le-23-aout-apres-un-tournoi-a-huit-equipes-et-la-ligue-europa-le-21-aout\/#primaryimage"},"thumbnailUrl":"https:\/\/guineediversite.com\/wp-content\/uploads\/2020\/06\/NEYMAR.jpg","datePublished":"2020-06-18T11:53:16+00:00","dateModified":"2020-06-18T11:53:20+00:00","breadcrumb":{"@id":"https:\/\/guineediversite.com\/index.php\/2020\/06\/18\/foot-la-ligue-des-champions-sachevera-le-23-aout-apres-un-tournoi-a-huit-equipes-et-la-ligue-europa-le-21-aout\/#breadcrumb"},"inLanguage":"fr-FR","potentialAction":[{"@type":"ReadAction","target":["https:\/\/guineediversite.com\/index.php\/2020\/06\/18\/foot-la-ligue-des-champions-sachevera-le-23-aout-apres-un-tournoi-a-huit-equipes-et-la-ligue-europa-le-21-aout\/"]}]},{"@type":"ImageObject","inLanguage":"fr-FR","@id":"https:\/\/guineediversite.com\/index.php\/2020\/06\/18\/foot-la-ligue-des-champions-sachevera-le-23-aout-apres-un-tournoi-a-huit-equipes-et-la-ligue-europa-le-21-aout\/#primaryimage","url":"https:\/\/guineediversite.com\/wp-content\/uploads\/2020\/06\/NEYMAR.jpg","contentUrl":"https:\/\/guineediversite.com\/wp-content\/uploads\/2020\/06\/NEYMAR.jpg","width":1500,"height":564},{"@type":"BreadcrumbList","@id":"https:\/\/guineediversite.com\/index.php\/2020\/06\/18\/foot-la-ligue-des-champions-sachevera-le-23-aout-apres-un-tournoi-a-huit-equipes-et-la-ligue-europa-le-21-aout\/#breadcrumb","itemListElement":[{"@type":"ListItem","position":1,"name":"Accueil","item":"https:\/\/guineediversite.com\/"},{"@type":"ListItem","position":2,"name":"Foot : la Ligue des champions s&rsquo;ach\u00e8vera le 23 ao\u00fbt apr\u00e8s un tournoi \u00e0 huit \u00e9quipes et la Ligue Europa, le 21 ao\u00fbt"}]},{"@type":"WebSite","@id":"https:\/\/guineediversite.com\/#website","url":"https:\/\/guineediversite.com\/","name":"Guin\u00e9e Diversit\u00e9","description":"L&#039;Info dans toute sa diversit\u00e9","publisher":{"@id":"https:\/\/guineediversite.com\/#organization"},"potentialAction":[{"@type":"SearchAction","target":{"@type":"EntryPoint","urlTemplate":"https:\/\/guineediversite.com\/?s={search_term_string}"},"query-input":{"@type":"PropertyValueSpecification","valueRequired":true,"valueName":"search_term_string"}}],"inLanguage":"fr-FR"},{"@type":"Organization","@id":"https:\/\/guineediversite.com\/#organization","name":"Guin\u00e9e Diversit\u00e9","url":"https:\/\/guineediversite.com\/","logo":{"@type":"ImageObject","inLanguage":"fr-FR","@id":"https:\/\/guineediversite.com\/#\/schema\/logo\/image\/","url":"https:\/\/guineediversite.com\/wp-content\/uploads\/2017\/04\/cropped-1jojlxEOMkX9Wyqfhe43D6kjPOGqBBKmx3EwWJqZ0cMrFF54yM49.png","contentUrl":"https:\/\/guineediversite.com\/wp-content\/uploads\/2017\/04\/cropped-1jojlxEOMkX9Wyqfhe43D6kjPOGqBBKmx3EwWJqZ0cMrFF54yM49.png","width":186,"height":112,"caption":"Guin\u00e9e Diversit\u00e9"},"image":{"@id":"https:\/\/guineediversite.com\/#\/schema\/logo\/image\/"},"sameAs":["https:\/\/www.facebook.com\/guineediversite\/","https:\/\/x.com\/GuineeDiversite","https:\/\/www.youtube.com\/channel\/UC8sUY16qelG5ge6_D5SB83g"]},{"@type":"Person","@id":"https:\/\/guineediversite.com\/#\/schema\/person\/afa08fb34e7fc6e1feafc892612bc836","name":"Guin\u00e9e Diversit\u00e9","image":{"@type":"ImageObject","inLanguage":"fr-FR","@id":"https:\/\/guineediversite.com\/#\/schema\/person\/image\/","url":"https:\/\/secure.gravatar.com\/avatar\/50d5eb5b390f8b65ac30ac6f898eb83a?s=96&d=mm&r=g","contentUrl":"https:\/\/secure.gravatar.com\/avatar\/50d5eb5b390f8b65ac30ac6f898eb83a?s=96&d=mm&r=g","caption":"Guin\u00e9e Diversit\u00e9"},"url":"https:\/\/guineediversite.com\/index.php\/author\/guineediversite\/"}]}},"_links":{"self":[{"href":"https:\/\/guineediversite.com\/index.php\/wp-json\/wp\/v2\/posts\/29525"}],"collection":[{"href":"https:\/\/guineediversite.com\/index.php\/wp-json\/wp\/v2\/posts"}],"about":[{"href":"https:\/\/guineediversite.com\/index.php\/wp-json\/wp\/v2\/types\/post"}],"author":[{"embeddable":true,"href":"https:\/\/guineediversite.com\/index.php\/wp-json\/wp\/v2\/users\/12"}],"replies":[{"embeddable":true,"href":"https:\/\/guineediversite.com\/index.php\/wp-json\/wp\/v2\/comments?post=29525"}],"version-history":[{"count":1,"href":"https:\/\/guineediversite.com\/index.php\/wp-json\/wp\/v2\/posts\/29525\/revisions"}],"predecessor-version":[{"id":29527,"href":"https:\/\/guineediversite.com\/index.php\/wp-json\/wp\/v2\/posts\/29525\/revisions\/29527"}],"wp:featuredmedia":[{"embeddable":true,"href":"https:\/\/guineediversite.com\/index.php\/wp-json\/wp\/v2\/media\/29526"}],"wp:attachment":[{"href":"https:\/\/guineediversite.com\/index.php\/wp-json\/wp\/v2\/media?parent=29525"}],"wp:term":[{"taxonomy":"category","embeddable":true,"href":"https:\/\/guineediversite.com\/index.php\/wp-json\/wp\/v2\/categories?post=29525"},{"taxonomy":"post_tag","embeddable":true,"href":"https:\/\/guineediversite.com\/index.php\/wp-json\/wp\/v2\/tags?post=29525"}],"curies":[{"name":"wp","href":"https:\/\/api.w.org\/{rel}","templated":true}]}}