{"id":29522,"date":"2020-06-18T13:36:18","date_gmt":"2020-06-18T11:36:18","guid":{"rendered":"https:\/\/guineediversite.com\/?p=29522"},"modified":"2020-06-18T13:36:21","modified_gmt":"2020-06-18T11:36:21","slug":"au-burundi-evariste-ndayishimiye-prete-serment-et-prend-la-tete-de-letat","status":"publish","type":"post","link":"https:\/\/guineediversite.com\/index.php\/2020\/06\/18\/au-burundi-evariste-ndayishimiye-prete-serment-et-prend-la-tete-de-letat\/","title":{"rendered":"Au Burundi, \u00c9variste Ndayishimiye pr\u00eate serment et prend la t\u00eate de l\u2019\u00c9tat"},"content":{"rendered":"\n<p>C\u2019est au stade de Gitega que le nouveau pr\u00e9sident burundais a pr\u00eat\u00e9 serment, conform\u00e9ment \u00e0 l\u2019article 107 de la Constitution, debout, le drapeau national et celui de l\u2019unit\u00e9 nationale dans la main gauche, la droite lev\u00e9e. Il entame ce jeudi un mandat de sept ans.<\/p>\n\n\n\n<p>La mort inattendue du pr\u00e9sident Pierre Nkurunziza a pr\u00e9cipit\u00e9 l\u2019entr\u00e9e en fonction d\u2019\u00c9variste Ndayishimiye. \u00c9lu lors de la pr\u00e9sidentielle du 20 avril dernier, il ne devait pas prendre les r\u00eanes de l\u2019\u00c9tat avant le mois d\u2019ao\u00fbt. Finalement, il vient d\u2019entamer ce jeudi son mandat de sept ans.<\/p>\n\n\n\n<p><strong>RFI<\/strong><\/p>\n","protected":false},"excerpt":{"rendered":"<p>C\u2019est au stade de Gitega que le nouveau pr\u00e9sident burundais a pr\u00eat\u00e9 serment, conform\u00e9ment \u00e0 l\u2019article 107 de la Constitution, debout, le drapeau national et celui de l\u2019unit\u00e9 nationale dans la main gauche, la droite lev\u00e9e. Il entame ce jeudi un mandat de sept ans. La mort inattendue du pr\u00e9sident Pierre Nkurunziza a pr\u00e9cipit\u00e9 l\u2019entr\u00e9e [&hellip;]<\/p>\n","protected":false},"author":12,"featured_media":29523,"comment_status":"closed","ping_status":"closed","sticky":false,"template":"","format":"standard","meta":{"_exactmetrics_skip_tracking":false,"_exactmetrics_sitenote_active":false,"_exactmetrics_sitenote_note":"","_exactmetrics_sitenote_category":0,"tdm_status":"","tdm_grid_status":"","footnotes":""},"categories":[21],"tags":[],"class_list":{"0":"post-29522","1":"post","2":"type-post","3":"status-publish","4":"format-standard","5":"has-post-thumbnail","7":"category-international"},"yoast_head":"<!-- This site is optimized with the Yoast SEO plugin v24.2 - https:\/\/yoast.com\/wordpress\/plugins\/seo\/ -->\n<title>Au Burundi, \u00c9variste Ndayishimiye pr\u00eate serment et prend la t\u00eate de l\u2019\u00c9tat | Guin\u00e9e Diversit\u00e9<\/title>\n<meta name=\"robots\" content=\"index, follow, max-snippet:-1, max-image-preview:large, max-video-preview:-1\" \/>\n<link rel=\"canonical\" href=\"https:\/\/guineediversite.com\/index.php\/2020\/06\/18\/au-burundi-evariste-ndayishimiye-prete-serment-et-prend-la-tete-de-letat\/\" \/>\n<meta property=\"og:locale\" content=\"fr_FR\" \/>\n<meta property=\"og:type\" content=\"article\" \/>\n<meta property=\"og:title\" content=\"Au Burundi, \u00c9variste Ndayishimiye pr\u00eate serment et prend la t\u00eate de l\u2019\u00c9tat | Guin\u00e9e Diversit\u00e9\" \/>\n<meta property=\"og:description\" content=\"C\u2019est au stade de Gitega que le nouveau pr\u00e9sident burundais a pr\u00eat\u00e9 serment, conform\u00e9ment \u00e0 l\u2019article 107 de la Constitution, debout, le drapeau national et celui de l\u2019unit\u00e9 nationale dans la main gauche, la droite lev\u00e9e. Il entame ce jeudi un mandat de sept ans. La mort inattendue du pr\u00e9sident Pierre Nkurunziza a pr\u00e9cipit\u00e9 l\u2019entr\u00e9e [&hellip;]\" \/>\n<meta property=\"og:url\" content=\"https:\/\/guineediversite.com\/index.php\/2020\/06\/18\/au-burundi-evariste-ndayishimiye-prete-serment-et-prend-la-tete-de-letat\/\" \/>\n<meta property=\"og:site_name\" content=\"Guin\u00e9e Diversit\u00e9\" \/>\n<meta property=\"article:publisher\" content=\"https:\/\/www.facebook.com\/guineediversite\/\" \/>\n<meta property=\"article:published_time\" content=\"2020-06-18T11:36:18+00:00\" \/>\n<meta property=\"article:modified_time\" content=\"2020-06-18T11:36:21+00:00\" \/>\n<meta property=\"og:image\" content=\"https:\/\/guineediversite.com\/wp-content\/uploads\/2020\/06\/Evariste-Ndayishimiye-ici-avec-son-\u00e9pouse-Angelique-Ndayubaha-dans-un-bureau-de-vote-de-la-commune-de-Giheta-dans-la-province-de-Gitega.jpg\" \/>\n\t<meta property=\"og:image:width\" content=\"1500\" \/>\n\t<meta property=\"og:image:height\" content=\"843\" \/>\n\t<meta property=\"og:image:type\" content=\"image\/jpeg\" \/>\n<meta name=\"author\" content=\"Guin\u00e9e Diversit\u00e9\" \/>\n<meta name=\"twitter:card\" content=\"summary_large_image\" \/>\n<meta name=\"twitter:creator\" content=\"@GuineeDiversite\" \/>\n<meta name=\"twitter:site\" content=\"@GuineeDiversite\" \/>\n<meta name=\"twitter:label1\" content=\"\u00c9crit par\" \/>\n\t<meta name=\"twitter:data1\" content=\"Guin\u00e9e Diversit\u00e9\" \/>\n\t<meta name=\"twitter:label2\" content=\"Dur\u00e9e de lecture estim\u00e9e\" \/>\n\t<meta name=\"twitter:data2\" content=\"1 minute\" \/>\n<script type=\"application\/ld+json\" class=\"yoast-schema-graph\">{\"@context\":\"https:\/\/schema.org\",\"@graph\":[{\"@type\":\"Article\",\"@id\":\"https:\/\/guineediversite.com\/index.php\/2020\/06\/18\/au-burundi-evariste-ndayishimiye-prete-serment-et-prend-la-tete-de-letat\/#article\",\"isPartOf\":{\"@id\":\"https:\/\/guineediversite.com\/index.php\/2020\/06\/18\/au-burundi-evariste-ndayishimiye-prete-serment-et-prend-la-tete-de-letat\/\"},\"author\":{\"name\":\"Guin\u00e9e Diversit\u00e9\",\"@id\":\"https:\/\/guineediversite.com\/#\/schema\/person\/afa08fb34e7fc6e1feafc892612bc836\"},\"headline\":\"Au Burundi, \u00c9variste Ndayishimiye pr\u00eate serment et prend la t\u00eate de l\u2019\u00c9tat\",\"datePublished\":\"2020-06-18T11:36:18+00:00\",\"dateModified\":\"2020-06-18T11:36:21+00:00\",\"mainEntityOfPage\":{\"@id\":\"https:\/\/guineediversite.com\/index.php\/2020\/06\/18\/au-burundi-evariste-ndayishimiye-prete-serment-et-prend-la-tete-de-letat\/\"},\"wordCount\":123,\"publisher\":{\"@id\":\"https:\/\/guineediversite.com\/#organization\"},\"image\":{\"@id\":\"https:\/\/guineediversite.com\/index.php\/2020\/06\/18\/au-burundi-evariste-ndayishimiye-prete-serment-et-prend-la-tete-de-letat\/#primaryimage\"},\"thumbnailUrl\":\"https:\/\/guineediversite.com\/wp-content\/uploads\/2020\/06\/Evariste-Ndayishimiye-ici-avec-son-\u00e9pouse-Angelique-Ndayubaha-dans-un-bureau-de-vote-de-la-commune-de-Giheta-dans-la-province-de-Gitega.jpg\",\"articleSection\":[\"International\"],\"inLanguage\":\"fr-FR\"},{\"@type\":\"WebPage\",\"@id\":\"https:\/\/guineediversite.com\/index.php\/2020\/06\/18\/au-burundi-evariste-ndayishimiye-prete-serment-et-prend-la-tete-de-letat\/\",\"url\":\"https:\/\/guineediversite.com\/index.php\/2020\/06\/18\/au-burundi-evariste-ndayishimiye-prete-serment-et-prend-la-tete-de-letat\/\",\"name\":\"Au Burundi, \u00c9variste Ndayishimiye pr\u00eate serment et prend la t\u00eate de l\u2019\u00c9tat | Guin\u00e9e Diversit\u00e9\",\"isPartOf\":{\"@id\":\"https:\/\/guineediversite.com\/#website\"},\"primaryImageOfPage\":{\"@id\":\"https:\/\/guineediversite.com\/index.php\/2020\/06\/18\/au-burundi-evariste-ndayishimiye-prete-serment-et-prend-la-tete-de-letat\/#primaryimage\"},\"image\":{\"@id\":\"https:\/\/guineediversite.com\/index.php\/2020\/06\/18\/au-burundi-evariste-ndayishimiye-prete-serment-et-prend-la-tete-de-letat\/#primaryimage\"},\"thumbnailUrl\":\"https:\/\/guineediversite.com\/wp-content\/uploads\/2020\/06\/Evariste-Ndayishimiye-ici-avec-son-\u00e9pouse-Angelique-Ndayubaha-dans-un-bureau-de-vote-de-la-commune-de-Giheta-dans-la-province-de-Gitega.jpg\",\"datePublished\":\"2020-06-18T11:36:18+00:00\",\"dateModified\":\"2020-06-18T11:36:21+00:00\",\"breadcrumb\":{\"@id\":\"https:\/\/guineediversite.com\/index.php\/2020\/06\/18\/au-burundi-evariste-ndayishimiye-prete-serment-et-prend-la-tete-de-letat\/#breadcrumb\"},\"inLanguage\":\"fr-FR\",\"potentialAction\":[{\"@type\":\"ReadAction\",\"target\":[\"https:\/\/guineediversite.com\/index.php\/2020\/06\/18\/au-burundi-evariste-ndayishimiye-prete-serment-et-prend-la-tete-de-letat\/\"]}]},{\"@type\":\"ImageObject\",\"inLanguage\":\"fr-FR\",\"@id\":\"https:\/\/guineediversite.com\/index.php\/2020\/06\/18\/au-burundi-evariste-ndayishimiye-prete-serment-et-prend-la-tete-de-letat\/#primaryimage\",\"url\":\"https:\/\/guineediversite.com\/wp-content\/uploads\/2020\/06\/Evariste-Ndayishimiye-ici-avec-son-\u00e9pouse-Angelique-Ndayubaha-dans-un-bureau-de-vote-de-la-commune-de-Giheta-dans-la-province-de-Gitega.jpg\",\"contentUrl\":\"https:\/\/guineediversite.com\/wp-content\/uploads\/2020\/06\/Evariste-Ndayishimiye-ici-avec-son-\u00e9pouse-Angelique-Ndayubaha-dans-un-bureau-de-vote-de-la-commune-de-Giheta-dans-la-province-de-Gitega.jpg\",\"width\":1500,\"height\":843},{\"@type\":\"BreadcrumbList\",\"@id\":\"https:\/\/guineediversite.com\/index.php\/2020\/06\/18\/au-burundi-evariste-ndayishimiye-prete-serment-et-prend-la-tete-de-letat\/#breadcrumb\",\"itemListElement\":[{\"@type\":\"ListItem\",\"position\":1,\"name\":\"Accueil\",\"item\":\"https:\/\/guineediversite.com\/\"},{\"@type\":\"ListItem\",\"position\":2,\"name\":\"Au Burundi, \u00c9variste Ndayishimiye pr\u00eate serment et prend la t\u00eate de l\u2019\u00c9tat\"}]},{\"@type\":\"WebSite\",\"@id\":\"https:\/\/guineediversite.com\/#website\",\"url\":\"https:\/\/guineediversite.com\/\",\"name\":\"Guin\u00e9e Diversit\u00e9\",\"description\":\"L&#039;Info dans toute sa diversit\u00e9\",\"publisher\":{\"@id\":\"https:\/\/guineediversite.com\/#organization\"},\"potentialAction\":[{\"@type\":\"SearchAction\",\"target\":{\"@type\":\"EntryPoint\",\"urlTemplate\":\"https:\/\/guineediversite.com\/?s={search_term_string}\"},\"query-input\":{\"@type\":\"PropertyValueSpecification\",\"valueRequired\":true,\"valueName\":\"search_term_string\"}}],\"inLanguage\":\"fr-FR\"},{\"@type\":\"Organization\",\"@id\":\"https:\/\/guineediversite.com\/#organization\",\"name\":\"Guin\u00e9e Diversit\u00e9\",\"url\":\"https:\/\/guineediversite.com\/\",\"logo\":{\"@type\":\"ImageObject\",\"inLanguage\":\"fr-FR\",\"@id\":\"https:\/\/guineediversite.com\/#\/schema\/logo\/image\/\",\"url\":\"https:\/\/guineediversite.com\/wp-content\/uploads\/2017\/04\/cropped-1jojlxEOMkX9Wyqfhe43D6kjPOGqBBKmx3EwWJqZ0cMrFF54yM49.png\",\"contentUrl\":\"https:\/\/guineediversite.com\/wp-content\/uploads\/2017\/04\/cropped-1jojlxEOMkX9Wyqfhe43D6kjPOGqBBKmx3EwWJqZ0cMrFF54yM49.png\",\"width\":186,\"height\":112,\"caption\":\"Guin\u00e9e Diversit\u00e9\"},\"image\":{\"@id\":\"https:\/\/guineediversite.com\/#\/schema\/logo\/image\/\"},\"sameAs\":[\"https:\/\/www.facebook.com\/guineediversite\/\",\"https:\/\/x.com\/GuineeDiversite\",\"https:\/\/www.youtube.com\/channel\/UC8sUY16qelG5ge6_D5SB83g\"]},{\"@type\":\"Person\",\"@id\":\"https:\/\/guineediversite.com\/#\/schema\/person\/afa08fb34e7fc6e1feafc892612bc836\",\"name\":\"Guin\u00e9e Diversit\u00e9\",\"image\":{\"@type\":\"ImageObject\",\"inLanguage\":\"fr-FR\",\"@id\":\"https:\/\/guineediversite.com\/#\/schema\/person\/image\/\",\"url\":\"https:\/\/secure.gravatar.com\/avatar\/50d5eb5b390f8b65ac30ac6f898eb83a?s=96&d=mm&r=g\",\"contentUrl\":\"https:\/\/secure.gravatar.com\/avatar\/50d5eb5b390f8b65ac30ac6f898eb83a?s=96&d=mm&r=g\",\"caption\":\"Guin\u00e9e Diversit\u00e9\"},\"url\":\"https:\/\/guineediversite.com\/index.php\/author\/guineediversite\/\"}]}<\/script>\n<!-- \/ Yoast SEO plugin. -->","yoast_head_json":{"title":"Au Burundi, \u00c9variste Ndayishimiye pr\u00eate serment et prend la t\u00eate de l\u2019\u00c9tat | Guin\u00e9e Diversit\u00e9","robots":{"index":"index","follow":"follow","max-snippet":"max-snippet:-1","max-image-preview":"max-image-preview:large","max-video-preview":"max-video-preview:-1"},"canonical":"https:\/\/guineediversite.com\/index.php\/2020\/06\/18\/au-burundi-evariste-ndayishimiye-prete-serment-et-prend-la-tete-de-letat\/","og_locale":"fr_FR","og_type":"article","og_title":"Au Burundi, \u00c9variste Ndayishimiye pr\u00eate serment et prend la t\u00eate de l\u2019\u00c9tat | Guin\u00e9e Diversit\u00e9","og_description":"C\u2019est au stade de Gitega que le nouveau pr\u00e9sident burundais a pr\u00eat\u00e9 serment, conform\u00e9ment \u00e0 l\u2019article 107 de la Constitution, debout, le drapeau national et celui de l\u2019unit\u00e9 nationale dans la main gauche, la droite lev\u00e9e. Il entame ce jeudi un mandat de sept ans. La mort inattendue du pr\u00e9sident Pierre Nkurunziza a pr\u00e9cipit\u00e9 l\u2019entr\u00e9e [&hellip;]","og_url":"https:\/\/guineediversite.com\/index.php\/2020\/06\/18\/au-burundi-evariste-ndayishimiye-prete-serment-et-prend-la-tete-de-letat\/","og_site_name":"Guin\u00e9e Diversit\u00e9","article_publisher":"https:\/\/www.facebook.com\/guineediversite\/","article_published_time":"2020-06-18T11:36:18+00:00","article_modified_time":"2020-06-18T11:36:21+00:00","og_image":[{"width":1500,"height":843,"url":"https:\/\/guineediversite.com\/wp-content\/uploads\/2020\/06\/Evariste-Ndayishimiye-ici-avec-son-\u00e9pouse-Angelique-Ndayubaha-dans-un-bureau-de-vote-de-la-commune-de-Giheta-dans-la-province-de-Gitega.jpg","type":"image\/jpeg"}],"author":"Guin\u00e9e Diversit\u00e9","twitter_card":"summary_large_image","twitter_creator":"@GuineeDiversite","twitter_site":"@GuineeDiversite","twitter_misc":{"\u00c9crit par":"Guin\u00e9e Diversit\u00e9","Dur\u00e9e de lecture estim\u00e9e":"1 minute"},"schema":{"@context":"https:\/\/schema.org","@graph":[{"@type":"Article","@id":"https:\/\/guineediversite.com\/index.php\/2020\/06\/18\/au-burundi-evariste-ndayishimiye-prete-serment-et-prend-la-tete-de-letat\/#article","isPartOf":{"@id":"https:\/\/guineediversite.com\/index.php\/2020\/06\/18\/au-burundi-evariste-ndayishimiye-prete-serment-et-prend-la-tete-de-letat\/"},"author":{"name":"Guin\u00e9e Diversit\u00e9","@id":"https:\/\/guineediversite.com\/#\/schema\/person\/afa08fb34e7fc6e1feafc892612bc836"},"headline":"Au Burundi, \u00c9variste Ndayishimiye pr\u00eate serment et prend la t\u00eate de l\u2019\u00c9tat","datePublished":"2020-06-18T11:36:18+00:00","dateModified":"2020-06-18T11:36:21+00:00","mainEntityOfPage":{"@id":"https:\/\/guineediversite.com\/index.php\/2020\/06\/18\/au-burundi-evariste-ndayishimiye-prete-serment-et-prend-la-tete-de-letat\/"},"wordCount":123,"publisher":{"@id":"https:\/\/guineediversite.com\/#organization"},"image":{"@id":"https:\/\/guineediversite.com\/index.php\/2020\/06\/18\/au-burundi-evariste-ndayishimiye-prete-serment-et-prend-la-tete-de-letat\/#primaryimage"},"thumbnailUrl":"https:\/\/guineediversite.com\/wp-content\/uploads\/2020\/06\/Evariste-Ndayishimiye-ici-avec-son-\u00e9pouse-Angelique-Ndayubaha-dans-un-bureau-de-vote-de-la-commune-de-Giheta-dans-la-province-de-Gitega.jpg","articleSection":["International"],"inLanguage":"fr-FR"},{"@type":"WebPage","@id":"https:\/\/guineediversite.com\/index.php\/2020\/06\/18\/au-burundi-evariste-ndayishimiye-prete-serment-et-prend-la-tete-de-letat\/","url":"https:\/\/guineediversite.com\/index.php\/2020\/06\/18\/au-burundi-evariste-ndayishimiye-prete-serment-et-prend-la-tete-de-letat\/","name":"Au Burundi, \u00c9variste Ndayishimiye pr\u00eate serment et prend la t\u00eate de l\u2019\u00c9tat | Guin\u00e9e Diversit\u00e9","isPartOf":{"@id":"https:\/\/guineediversite.com\/#website"},"primaryImageOfPage":{"@id":"https:\/\/guineediversite.com\/index.php\/2020\/06\/18\/au-burundi-evariste-ndayishimiye-prete-serment-et-prend-la-tete-de-letat\/#primaryimage"},"image":{"@id":"https:\/\/guineediversite.com\/index.php\/2020\/06\/18\/au-burundi-evariste-ndayishimiye-prete-serment-et-prend-la-tete-de-letat\/#primaryimage"},"thumbnailUrl":"https:\/\/guineediversite.com\/wp-content\/uploads\/2020\/06\/Evariste-Ndayishimiye-ici-avec-son-\u00e9pouse-Angelique-Ndayubaha-dans-un-bureau-de-vote-de-la-commune-de-Giheta-dans-la-province-de-Gitega.jpg","datePublished":"2020-06-18T11:36:18+00:00","dateModified":"2020-06-18T11:36:21+00:00","breadcrumb":{"@id":"https:\/\/guineediversite.com\/index.php\/2020\/06\/18\/au-burundi-evariste-ndayishimiye-prete-serment-et-prend-la-tete-de-letat\/#breadcrumb"},"inLanguage":"fr-FR","potentialAction":[{"@type":"ReadAction","target":["https:\/\/guineediversite.com\/index.php\/2020\/06\/18\/au-burundi-evariste-ndayishimiye-prete-serment-et-prend-la-tete-de-letat\/"]}]},{"@type":"ImageObject","inLanguage":"fr-FR","@id":"https:\/\/guineediversite.com\/index.php\/2020\/06\/18\/au-burundi-evariste-ndayishimiye-prete-serment-et-prend-la-tete-de-letat\/#primaryimage","url":"https:\/\/guineediversite.com\/wp-content\/uploads\/2020\/06\/Evariste-Ndayishimiye-ici-avec-son-\u00e9pouse-Angelique-Ndayubaha-dans-un-bureau-de-vote-de-la-commune-de-Giheta-dans-la-province-de-Gitega.jpg","contentUrl":"https:\/\/guineediversite.com\/wp-content\/uploads\/2020\/06\/Evariste-Ndayishimiye-ici-avec-son-\u00e9pouse-Angelique-Ndayubaha-dans-un-bureau-de-vote-de-la-commune-de-Giheta-dans-la-province-de-Gitega.jpg","width":1500,"height":843},{"@type":"BreadcrumbList","@id":"https:\/\/guineediversite.com\/index.php\/2020\/06\/18\/au-burundi-evariste-ndayishimiye-prete-serment-et-prend-la-tete-de-letat\/#breadcrumb","itemListElement":[{"@type":"ListItem","position":1,"name":"Accueil","item":"https:\/\/guineediversite.com\/"},{"@type":"ListItem","position":2,"name":"Au Burundi, \u00c9variste Ndayishimiye pr\u00eate serment et prend la t\u00eate de l\u2019\u00c9tat"}]},{"@type":"WebSite","@id":"https:\/\/guineediversite.com\/#website","url":"https:\/\/guineediversite.com\/","name":"Guin\u00e9e Diversit\u00e9","description":"L&#039;Info dans toute sa diversit\u00e9","publisher":{"@id":"https:\/\/guineediversite.com\/#organization"},"potentialAction":[{"@type":"SearchAction","target":{"@type":"EntryPoint","urlTemplate":"https:\/\/guineediversite.com\/?s={search_term_string}"},"query-input":{"@type":"PropertyValueSpecification","valueRequired":true,"valueName":"search_term_string"}}],"inLanguage":"fr-FR"},{"@type":"Organization","@id":"https:\/\/guineediversite.com\/#organization","name":"Guin\u00e9e Diversit\u00e9","url":"https:\/\/guineediversite.com\/","logo":{"@type":"ImageObject","inLanguage":"fr-FR","@id":"https:\/\/guineediversite.com\/#\/schema\/logo\/image\/","url":"https:\/\/guineediversite.com\/wp-content\/uploads\/2017\/04\/cropped-1jojlxEOMkX9Wyqfhe43D6kjPOGqBBKmx3EwWJqZ0cMrFF54yM49.png","contentUrl":"https:\/\/guineediversite.com\/wp-content\/uploads\/2017\/04\/cropped-1jojlxEOMkX9Wyqfhe43D6kjPOGqBBKmx3EwWJqZ0cMrFF54yM49.png","width":186,"height":112,"caption":"Guin\u00e9e Diversit\u00e9"},"image":{"@id":"https:\/\/guineediversite.com\/#\/schema\/logo\/image\/"},"sameAs":["https:\/\/www.facebook.com\/guineediversite\/","https:\/\/x.com\/GuineeDiversite","https:\/\/www.youtube.com\/channel\/UC8sUY16qelG5ge6_D5SB83g"]},{"@type":"Person","@id":"https:\/\/guineediversite.com\/#\/schema\/person\/afa08fb34e7fc6e1feafc892612bc836","name":"Guin\u00e9e Diversit\u00e9","image":{"@type":"ImageObject","inLanguage":"fr-FR","@id":"https:\/\/guineediversite.com\/#\/schema\/person\/image\/","url":"https:\/\/secure.gravatar.com\/avatar\/50d5eb5b390f8b65ac30ac6f898eb83a?s=96&d=mm&r=g","contentUrl":"https:\/\/secure.gravatar.com\/avatar\/50d5eb5b390f8b65ac30ac6f898eb83a?s=96&d=mm&r=g","caption":"Guin\u00e9e Diversit\u00e9"},"url":"https:\/\/guineediversite.com\/index.php\/author\/guineediversite\/"}]}},"_links":{"self":[{"href":"https:\/\/guineediversite.com\/index.php\/wp-json\/wp\/v2\/posts\/29522"}],"collection":[{"href":"https:\/\/guineediversite.com\/index.php\/wp-json\/wp\/v2\/posts"}],"about":[{"href":"https:\/\/guineediversite.com\/index.php\/wp-json\/wp\/v2\/types\/post"}],"author":[{"embeddable":true,"href":"https:\/\/guineediversite.com\/index.php\/wp-json\/wp\/v2\/users\/12"}],"replies":[{"embeddable":true,"href":"https:\/\/guineediversite.com\/index.php\/wp-json\/wp\/v2\/comments?post=29522"}],"version-history":[{"count":1,"href":"https:\/\/guineediversite.com\/index.php\/wp-json\/wp\/v2\/posts\/29522\/revisions"}],"predecessor-version":[{"id":29524,"href":"https:\/\/guineediversite.com\/index.php\/wp-json\/wp\/v2\/posts\/29522\/revisions\/29524"}],"wp:featuredmedia":[{"embeddable":true,"href":"https:\/\/guineediversite.com\/index.php\/wp-json\/wp\/v2\/media\/29523"}],"wp:attachment":[{"href":"https:\/\/guineediversite.com\/index.php\/wp-json\/wp\/v2\/media?parent=29522"}],"wp:term":[{"taxonomy":"category","embeddable":true,"href":"https:\/\/guineediversite.com\/index.php\/wp-json\/wp\/v2\/categories?post=29522"},{"taxonomy":"post_tag","embeddable":true,"href":"https:\/\/guineediversite.com\/index.php\/wp-json\/wp\/v2\/tags?post=29522"}],"curies":[{"name":"wp","href":"https:\/\/api.w.org\/{rel}","templated":true}]}}