{"id":29519,"date":"2020-06-17T12:56:13","date_gmt":"2020-06-17T10:56:13","guid":{"rendered":"https:\/\/guineediversite.com\/?p=29519"},"modified":"2020-06-17T12:56:43","modified_gmt":"2020-06-17T10:56:43","slug":"mali-le-m5-boude-la-reunion-avec-ibk-qui-ouvre-la-porte-a-un-gouvernement-dunion","status":"publish","type":"post","link":"https:\/\/guineediversite.com\/index.php\/2020\/06\/17\/mali-le-m5-boude-la-reunion-avec-ibk-qui-ouvre-la-porte-a-un-gouvernement-dunion\/","title":{"rendered":"Mali: le M5 boude la r\u00e9union avec IBK, qui ouvre la porte \u00e0 un gouvernement d&rsquo;union"},"content":{"rendered":"\n<p>Depuis samedi soir, les rencontres se multiplient \u00e0 Bamako pour tenter d\u2019apaiser la crise sociale et politique au Mali. Le pr\u00e9sident IBK a m\u00eame rencontr\u00e9 l\u2019imam Dicko, l\u2019un des leaders de la contestation, en catimini ce week-end. Alors ce mardi 16 juin toutes les forces vives ont \u00e9t\u00e9 convoqu\u00e9es au centre des congr\u00e8s de Bamako mais les leaders du M5 n\u2019ont pas r\u00e9pondu positivement \u00e0 l\u2019invitation.<\/p>\n\n\n\n<p>Au sein du M5, le mouvement de contestation du 5 juin, les discussions ont \u00e9t\u00e9 intenses une bonne partie de la journ\u00e9e ce mardi. Faut-il ou non rencontrer le chef de l\u2019\u00c9tat qui appelle au dialogue depuis son allocution \u00e0 la nation dimanche soir&nbsp;?<\/p>\n\n\n\n<p>Parmi les membres du mouvement qui rassemble \u00e0 la fois soci\u00e9t\u00e9 civile, religieux et opposants politiques, certains sont pour quand d\u2019autres sont contre. Mais apr\u00e8s la r\u00e9union du Comit\u00e9 strat\u00e9gique, en d\u00e9but d\u2019apr\u00e8s-midi, le M5 s\u2019est finalement mis d\u2019accord. Aucun \u00e9l\u00e9ment ne s\u2019est pr\u00e9sent\u00e9 au centre des congr\u00e8s o\u00f9 le chef de l\u2019\u00c9tat avait invit\u00e9 les forces vives pour tenter d\u2019apaiser la <a href=\"http:\/\/www.rfi.fr\/fr\/afrique\/20200605-mali-une-manifestation-\u00e0-bamako-r\u00e9clame-la-d\u00e9mission-pr\u00e9sident-ibk\" target=\"_blank\" rel=\"noreferrer noopener\"><strong>crise politique et sociale<\/strong><\/a>. &nbsp;<\/p>\n\n\n\n<p>Devant un parterre d\u2019invit\u00e9s restreint et dans un discours d\u2019une trentaine de minutes, le pr\u00e9sident IBK a promis sur le front politique \u00ab&nbsp;<em>d&rsquo;engager des consultations pour la formation d\u2019un gouvernement d\u2019union nationale<\/em>&nbsp;\u00bb.<\/p>\n\n\n\n<p>Il s&rsquo;est \u00e9galement prononc\u00e9 sur la Cour constitutionnelle, accus\u00e9e d&rsquo;avoir \u00ab&nbsp;<em>tripatouill\u00e9<\/em>&nbsp;les r\u00e9sultats des \u00e9lections l\u00e9gislatives dans certaines localit\u00e9s&nbsp;\u00bb : \u00ab elle a donn\u00e9 le meilleur d&rsquo;elle-m\u00eame&nbsp;\u00bb, a assur\u00e9 le chef de l&rsquo;\u00c9tat, reconnaissant toutefois que \u00ab&nbsp;<em>l&rsquo;interrogation est permise<\/em>&nbsp;\u00bb.<\/p>\n\n\n\n<p>Sur le front social, l\u2019article 39 sera finalement appliqu\u00e9 pour les enseignants ce qui \u00ab&nbsp;<em>mettra fin \u00e0 la crise scolaire<\/em>&nbsp;\u00bb, esp\u00e8re le chef de l\u2019\u00c9tat. Les enseignants qui encha\u00eenent les gr\u00e8ves r\u00e9clament l\u2019application de cet article qui consacre des augmentations de salaire, depuis la signature d\u2019un accord avec le gouvernement en 2019.<\/p>\n\n\n\n<p>L&rsquo;application de l&rsquo;article 39 \u00e9tait r\u00e9clam\u00e9e depuis sept mois par le secteur de l&rsquo;\u00e9ducation, en crise depuis 2016.<\/p>\n\n\n\n<p><\/p>\n","protected":false},"excerpt":{"rendered":"<p>Depuis samedi soir, les rencontres se multiplient \u00e0 Bamako pour tenter d\u2019apaiser la crise sociale et politique au Mali. Le pr\u00e9sident IBK a m\u00eame rencontr\u00e9 l\u2019imam Dicko, l\u2019un des leaders de la contestation, en catimini ce week-end. Alors ce mardi 16 juin toutes les forces vives ont \u00e9t\u00e9 convoqu\u00e9es au centre des congr\u00e8s de Bamako [&hellip;]<\/p>\n","protected":false},"author":12,"featured_media":29520,"comment_status":"closed","ping_status":"closed","sticky":false,"template":"","format":"standard","meta":{"_exactmetrics_skip_tracking":false,"_exactmetrics_sitenote_active":false,"_exactmetrics_sitenote_note":"","_exactmetrics_sitenote_category":0,"tdm_status":"","tdm_grid_status":"","footnotes":""},"categories":[21],"tags":[],"class_list":{"0":"post-29519","1":"post","2":"type-post","3":"status-publish","4":"format-standard","5":"has-post-thumbnail","7":"category-international"},"yoast_head":"<!-- This site is optimized with the Yoast SEO plugin v24.2 - https:\/\/yoast.com\/wordpress\/plugins\/seo\/ -->\n<title>Mali: le M5 boude la r\u00e9union avec IBK, qui ouvre la porte \u00e0 un gouvernement d&#039;union | Guin\u00e9e Diversit\u00e9<\/title>\n<meta name=\"robots\" content=\"index, follow, max-snippet:-1, max-image-preview:large, max-video-preview:-1\" \/>\n<link rel=\"canonical\" href=\"https:\/\/guineediversite.com\/index.php\/2020\/06\/17\/mali-le-m5-boude-la-reunion-avec-ibk-qui-ouvre-la-porte-a-un-gouvernement-dunion\/\" \/>\n<meta property=\"og:locale\" content=\"fr_FR\" \/>\n<meta property=\"og:type\" content=\"article\" \/>\n<meta property=\"og:title\" content=\"Mali: le M5 boude la r\u00e9union avec IBK, qui ouvre la porte \u00e0 un gouvernement d&#039;union | Guin\u00e9e Diversit\u00e9\" \/>\n<meta property=\"og:description\" content=\"Depuis samedi soir, les rencontres se multiplient \u00e0 Bamako pour tenter d\u2019apaiser la crise sociale et politique au Mali. Le pr\u00e9sident IBK a m\u00eame rencontr\u00e9 l\u2019imam Dicko, l\u2019un des leaders de la contestation, en catimini ce week-end. Alors ce mardi 16 juin toutes les forces vives ont \u00e9t\u00e9 convoqu\u00e9es au centre des congr\u00e8s de Bamako [&hellip;]\" \/>\n<meta property=\"og:url\" content=\"https:\/\/guineediversite.com\/index.php\/2020\/06\/17\/mali-le-m5-boude-la-reunion-avec-ibk-qui-ouvre-la-porte-a-un-gouvernement-dunion\/\" \/>\n<meta property=\"og:site_name\" content=\"Guin\u00e9e Diversit\u00e9\" \/>\n<meta property=\"article:publisher\" content=\"https:\/\/www.facebook.com\/guineediversite\/\" \/>\n<meta property=\"article:published_time\" content=\"2020-06-17T10:56:13+00:00\" \/>\n<meta property=\"article:modified_time\" content=\"2020-06-17T10:56:43+00:00\" \/>\n<meta property=\"og:image\" content=\"https:\/\/guineediversite.com\/wp-content\/uploads\/2020\/06\/Le-5-juin-des-dizaines-de-milliers-de-personnes-s\u00e9taient-rassembl\u00e9es-\u00e0-Bamako-la-capitale-du-Mali-pour-demander-le-d\u00e9part-du-pr\u00e9sident-Ibrahim-Boubacar-Keita..jpg\" \/>\n\t<meta property=\"og:image:width\" content=\"1500\" \/>\n\t<meta property=\"og:image:height\" content=\"840\" \/>\n\t<meta property=\"og:image:type\" content=\"image\/jpeg\" \/>\n<meta name=\"author\" content=\"Guin\u00e9e Diversit\u00e9\" \/>\n<meta name=\"twitter:card\" content=\"summary_large_image\" \/>\n<meta name=\"twitter:creator\" content=\"@GuineeDiversite\" \/>\n<meta name=\"twitter:site\" content=\"@GuineeDiversite\" \/>\n<meta name=\"twitter:label1\" content=\"\u00c9crit par\" \/>\n\t<meta name=\"twitter:data1\" content=\"Guin\u00e9e Diversit\u00e9\" \/>\n\t<meta name=\"twitter:label2\" content=\"Dur\u00e9e de lecture estim\u00e9e\" \/>\n\t<meta name=\"twitter:data2\" content=\"2 minutes\" \/>\n<script type=\"application\/ld+json\" class=\"yoast-schema-graph\">{\"@context\":\"https:\/\/schema.org\",\"@graph\":[{\"@type\":\"Article\",\"@id\":\"https:\/\/guineediversite.com\/index.php\/2020\/06\/17\/mali-le-m5-boude-la-reunion-avec-ibk-qui-ouvre-la-porte-a-un-gouvernement-dunion\/#article\",\"isPartOf\":{\"@id\":\"https:\/\/guineediversite.com\/index.php\/2020\/06\/17\/mali-le-m5-boude-la-reunion-avec-ibk-qui-ouvre-la-porte-a-un-gouvernement-dunion\/\"},\"author\":{\"name\":\"Guin\u00e9e Diversit\u00e9\",\"@id\":\"https:\/\/guineediversite.com\/#\/schema\/person\/afa08fb34e7fc6e1feafc892612bc836\"},\"headline\":\"Mali: le M5 boude la r\u00e9union avec IBK, qui ouvre la porte \u00e0 un gouvernement d&rsquo;union\",\"datePublished\":\"2020-06-17T10:56:13+00:00\",\"dateModified\":\"2020-06-17T10:56:43+00:00\",\"mainEntityOfPage\":{\"@id\":\"https:\/\/guineediversite.com\/index.php\/2020\/06\/17\/mali-le-m5-boude-la-reunion-avec-ibk-qui-ouvre-la-porte-a-un-gouvernement-dunion\/\"},\"wordCount\":391,\"publisher\":{\"@id\":\"https:\/\/guineediversite.com\/#organization\"},\"image\":{\"@id\":\"https:\/\/guineediversite.com\/index.php\/2020\/06\/17\/mali-le-m5-boude-la-reunion-avec-ibk-qui-ouvre-la-porte-a-un-gouvernement-dunion\/#primaryimage\"},\"thumbnailUrl\":\"https:\/\/guineediversite.com\/wp-content\/uploads\/2020\/06\/Le-5-juin-des-dizaines-de-milliers-de-personnes-s\u00e9taient-rassembl\u00e9es-\u00e0-Bamako-la-capitale-du-Mali-pour-demander-le-d\u00e9part-du-pr\u00e9sident-Ibrahim-Boubacar-Keita..jpg\",\"articleSection\":[\"International\"],\"inLanguage\":\"fr-FR\"},{\"@type\":\"WebPage\",\"@id\":\"https:\/\/guineediversite.com\/index.php\/2020\/06\/17\/mali-le-m5-boude-la-reunion-avec-ibk-qui-ouvre-la-porte-a-un-gouvernement-dunion\/\",\"url\":\"https:\/\/guineediversite.com\/index.php\/2020\/06\/17\/mali-le-m5-boude-la-reunion-avec-ibk-qui-ouvre-la-porte-a-un-gouvernement-dunion\/\",\"name\":\"Mali: le M5 boude la r\u00e9union avec IBK, qui ouvre la porte \u00e0 un gouvernement d'union | Guin\u00e9e Diversit\u00e9\",\"isPartOf\":{\"@id\":\"https:\/\/guineediversite.com\/#website\"},\"primaryImageOfPage\":{\"@id\":\"https:\/\/guineediversite.com\/index.php\/2020\/06\/17\/mali-le-m5-boude-la-reunion-avec-ibk-qui-ouvre-la-porte-a-un-gouvernement-dunion\/#primaryimage\"},\"image\":{\"@id\":\"https:\/\/guineediversite.com\/index.php\/2020\/06\/17\/mali-le-m5-boude-la-reunion-avec-ibk-qui-ouvre-la-porte-a-un-gouvernement-dunion\/#primaryimage\"},\"thumbnailUrl\":\"https:\/\/guineediversite.com\/wp-content\/uploads\/2020\/06\/Le-5-juin-des-dizaines-de-milliers-de-personnes-s\u00e9taient-rassembl\u00e9es-\u00e0-Bamako-la-capitale-du-Mali-pour-demander-le-d\u00e9part-du-pr\u00e9sident-Ibrahim-Boubacar-Keita..jpg\",\"datePublished\":\"2020-06-17T10:56:13+00:00\",\"dateModified\":\"2020-06-17T10:56:43+00:00\",\"breadcrumb\":{\"@id\":\"https:\/\/guineediversite.com\/index.php\/2020\/06\/17\/mali-le-m5-boude-la-reunion-avec-ibk-qui-ouvre-la-porte-a-un-gouvernement-dunion\/#breadcrumb\"},\"inLanguage\":\"fr-FR\",\"potentialAction\":[{\"@type\":\"ReadAction\",\"target\":[\"https:\/\/guineediversite.com\/index.php\/2020\/06\/17\/mali-le-m5-boude-la-reunion-avec-ibk-qui-ouvre-la-porte-a-un-gouvernement-dunion\/\"]}]},{\"@type\":\"ImageObject\",\"inLanguage\":\"fr-FR\",\"@id\":\"https:\/\/guineediversite.com\/index.php\/2020\/06\/17\/mali-le-m5-boude-la-reunion-avec-ibk-qui-ouvre-la-porte-a-un-gouvernement-dunion\/#primaryimage\",\"url\":\"https:\/\/guineediversite.com\/wp-content\/uploads\/2020\/06\/Le-5-juin-des-dizaines-de-milliers-de-personnes-s\u00e9taient-rassembl\u00e9es-\u00e0-Bamako-la-capitale-du-Mali-pour-demander-le-d\u00e9part-du-pr\u00e9sident-Ibrahim-Boubacar-Keita..jpg\",\"contentUrl\":\"https:\/\/guineediversite.com\/wp-content\/uploads\/2020\/06\/Le-5-juin-des-dizaines-de-milliers-de-personnes-s\u00e9taient-rassembl\u00e9es-\u00e0-Bamako-la-capitale-du-Mali-pour-demander-le-d\u00e9part-du-pr\u00e9sident-Ibrahim-Boubacar-Keita..jpg\",\"width\":1500,\"height\":840},{\"@type\":\"BreadcrumbList\",\"@id\":\"https:\/\/guineediversite.com\/index.php\/2020\/06\/17\/mali-le-m5-boude-la-reunion-avec-ibk-qui-ouvre-la-porte-a-un-gouvernement-dunion\/#breadcrumb\",\"itemListElement\":[{\"@type\":\"ListItem\",\"position\":1,\"name\":\"Accueil\",\"item\":\"https:\/\/guineediversite.com\/\"},{\"@type\":\"ListItem\",\"position\":2,\"name\":\"Mali: le M5 boude la r\u00e9union avec IBK, qui ouvre la porte \u00e0 un gouvernement d&rsquo;union\"}]},{\"@type\":\"WebSite\",\"@id\":\"https:\/\/guineediversite.com\/#website\",\"url\":\"https:\/\/guineediversite.com\/\",\"name\":\"Guin\u00e9e Diversit\u00e9\",\"description\":\"L&#039;Info dans toute sa diversit\u00e9\",\"publisher\":{\"@id\":\"https:\/\/guineediversite.com\/#organization\"},\"potentialAction\":[{\"@type\":\"SearchAction\",\"target\":{\"@type\":\"EntryPoint\",\"urlTemplate\":\"https:\/\/guineediversite.com\/?s={search_term_string}\"},\"query-input\":{\"@type\":\"PropertyValueSpecification\",\"valueRequired\":true,\"valueName\":\"search_term_string\"}}],\"inLanguage\":\"fr-FR\"},{\"@type\":\"Organization\",\"@id\":\"https:\/\/guineediversite.com\/#organization\",\"name\":\"Guin\u00e9e Diversit\u00e9\",\"url\":\"https:\/\/guineediversite.com\/\",\"logo\":{\"@type\":\"ImageObject\",\"inLanguage\":\"fr-FR\",\"@id\":\"https:\/\/guineediversite.com\/#\/schema\/logo\/image\/\",\"url\":\"https:\/\/guineediversite.com\/wp-content\/uploads\/2017\/04\/cropped-1jojlxEOMkX9Wyqfhe43D6kjPOGqBBKmx3EwWJqZ0cMrFF54yM49.png\",\"contentUrl\":\"https:\/\/guineediversite.com\/wp-content\/uploads\/2017\/04\/cropped-1jojlxEOMkX9Wyqfhe43D6kjPOGqBBKmx3EwWJqZ0cMrFF54yM49.png\",\"width\":186,\"height\":112,\"caption\":\"Guin\u00e9e Diversit\u00e9\"},\"image\":{\"@id\":\"https:\/\/guineediversite.com\/#\/schema\/logo\/image\/\"},\"sameAs\":[\"https:\/\/www.facebook.com\/guineediversite\/\",\"https:\/\/x.com\/GuineeDiversite\",\"https:\/\/www.youtube.com\/channel\/UC8sUY16qelG5ge6_D5SB83g\"]},{\"@type\":\"Person\",\"@id\":\"https:\/\/guineediversite.com\/#\/schema\/person\/afa08fb34e7fc6e1feafc892612bc836\",\"name\":\"Guin\u00e9e Diversit\u00e9\",\"image\":{\"@type\":\"ImageObject\",\"inLanguage\":\"fr-FR\",\"@id\":\"https:\/\/guineediversite.com\/#\/schema\/person\/image\/\",\"url\":\"https:\/\/secure.gravatar.com\/avatar\/50d5eb5b390f8b65ac30ac6f898eb83a?s=96&d=mm&r=g\",\"contentUrl\":\"https:\/\/secure.gravatar.com\/avatar\/50d5eb5b390f8b65ac30ac6f898eb83a?s=96&d=mm&r=g\",\"caption\":\"Guin\u00e9e Diversit\u00e9\"},\"url\":\"https:\/\/guineediversite.com\/index.php\/author\/guineediversite\/\"}]}<\/script>\n<!-- \/ Yoast SEO plugin. -->","yoast_head_json":{"title":"Mali: le M5 boude la r\u00e9union avec IBK, qui ouvre la porte \u00e0 un gouvernement d'union | Guin\u00e9e Diversit\u00e9","robots":{"index":"index","follow":"follow","max-snippet":"max-snippet:-1","max-image-preview":"max-image-preview:large","max-video-preview":"max-video-preview:-1"},"canonical":"https:\/\/guineediversite.com\/index.php\/2020\/06\/17\/mali-le-m5-boude-la-reunion-avec-ibk-qui-ouvre-la-porte-a-un-gouvernement-dunion\/","og_locale":"fr_FR","og_type":"article","og_title":"Mali: le M5 boude la r\u00e9union avec IBK, qui ouvre la porte \u00e0 un gouvernement d'union | Guin\u00e9e Diversit\u00e9","og_description":"Depuis samedi soir, les rencontres se multiplient \u00e0 Bamako pour tenter d\u2019apaiser la crise sociale et politique au Mali. Le pr\u00e9sident IBK a m\u00eame rencontr\u00e9 l\u2019imam Dicko, l\u2019un des leaders de la contestation, en catimini ce week-end. Alors ce mardi 16 juin toutes les forces vives ont \u00e9t\u00e9 convoqu\u00e9es au centre des congr\u00e8s de Bamako [&hellip;]","og_url":"https:\/\/guineediversite.com\/index.php\/2020\/06\/17\/mali-le-m5-boude-la-reunion-avec-ibk-qui-ouvre-la-porte-a-un-gouvernement-dunion\/","og_site_name":"Guin\u00e9e Diversit\u00e9","article_publisher":"https:\/\/www.facebook.com\/guineediversite\/","article_published_time":"2020-06-17T10:56:13+00:00","article_modified_time":"2020-06-17T10:56:43+00:00","og_image":[{"width":1500,"height":840,"url":"https:\/\/guineediversite.com\/wp-content\/uploads\/2020\/06\/Le-5-juin-des-dizaines-de-milliers-de-personnes-s\u00e9taient-rassembl\u00e9es-\u00e0-Bamako-la-capitale-du-Mali-pour-demander-le-d\u00e9part-du-pr\u00e9sident-Ibrahim-Boubacar-Keita..jpg","type":"image\/jpeg"}],"author":"Guin\u00e9e Diversit\u00e9","twitter_card":"summary_large_image","twitter_creator":"@GuineeDiversite","twitter_site":"@GuineeDiversite","twitter_misc":{"\u00c9crit par":"Guin\u00e9e Diversit\u00e9","Dur\u00e9e de lecture estim\u00e9e":"2 minutes"},"schema":{"@context":"https:\/\/schema.org","@graph":[{"@type":"Article","@id":"https:\/\/guineediversite.com\/index.php\/2020\/06\/17\/mali-le-m5-boude-la-reunion-avec-ibk-qui-ouvre-la-porte-a-un-gouvernement-dunion\/#article","isPartOf":{"@id":"https:\/\/guineediversite.com\/index.php\/2020\/06\/17\/mali-le-m5-boude-la-reunion-avec-ibk-qui-ouvre-la-porte-a-un-gouvernement-dunion\/"},"author":{"name":"Guin\u00e9e Diversit\u00e9","@id":"https:\/\/guineediversite.com\/#\/schema\/person\/afa08fb34e7fc6e1feafc892612bc836"},"headline":"Mali: le M5 boude la r\u00e9union avec IBK, qui ouvre la porte \u00e0 un gouvernement d&rsquo;union","datePublished":"2020-06-17T10:56:13+00:00","dateModified":"2020-06-17T10:56:43+00:00","mainEntityOfPage":{"@id":"https:\/\/guineediversite.com\/index.php\/2020\/06\/17\/mali-le-m5-boude-la-reunion-avec-ibk-qui-ouvre-la-porte-a-un-gouvernement-dunion\/"},"wordCount":391,"publisher":{"@id":"https:\/\/guineediversite.com\/#organization"},"image":{"@id":"https:\/\/guineediversite.com\/index.php\/2020\/06\/17\/mali-le-m5-boude-la-reunion-avec-ibk-qui-ouvre-la-porte-a-un-gouvernement-dunion\/#primaryimage"},"thumbnailUrl":"https:\/\/guineediversite.com\/wp-content\/uploads\/2020\/06\/Le-5-juin-des-dizaines-de-milliers-de-personnes-s\u00e9taient-rassembl\u00e9es-\u00e0-Bamako-la-capitale-du-Mali-pour-demander-le-d\u00e9part-du-pr\u00e9sident-Ibrahim-Boubacar-Keita..jpg","articleSection":["International"],"inLanguage":"fr-FR"},{"@type":"WebPage","@id":"https:\/\/guineediversite.com\/index.php\/2020\/06\/17\/mali-le-m5-boude-la-reunion-avec-ibk-qui-ouvre-la-porte-a-un-gouvernement-dunion\/","url":"https:\/\/guineediversite.com\/index.php\/2020\/06\/17\/mali-le-m5-boude-la-reunion-avec-ibk-qui-ouvre-la-porte-a-un-gouvernement-dunion\/","name":"Mali: le M5 boude la r\u00e9union avec IBK, qui ouvre la porte \u00e0 un gouvernement d'union | Guin\u00e9e Diversit\u00e9","isPartOf":{"@id":"https:\/\/guineediversite.com\/#website"},"primaryImageOfPage":{"@id":"https:\/\/guineediversite.com\/index.php\/2020\/06\/17\/mali-le-m5-boude-la-reunion-avec-ibk-qui-ouvre-la-porte-a-un-gouvernement-dunion\/#primaryimage"},"image":{"@id":"https:\/\/guineediversite.com\/index.php\/2020\/06\/17\/mali-le-m5-boude-la-reunion-avec-ibk-qui-ouvre-la-porte-a-un-gouvernement-dunion\/#primaryimage"},"thumbnailUrl":"https:\/\/guineediversite.com\/wp-content\/uploads\/2020\/06\/Le-5-juin-des-dizaines-de-milliers-de-personnes-s\u00e9taient-rassembl\u00e9es-\u00e0-Bamako-la-capitale-du-Mali-pour-demander-le-d\u00e9part-du-pr\u00e9sident-Ibrahim-Boubacar-Keita..jpg","datePublished":"2020-06-17T10:56:13+00:00","dateModified":"2020-06-17T10:56:43+00:00","breadcrumb":{"@id":"https:\/\/guineediversite.com\/index.php\/2020\/06\/17\/mali-le-m5-boude-la-reunion-avec-ibk-qui-ouvre-la-porte-a-un-gouvernement-dunion\/#breadcrumb"},"inLanguage":"fr-FR","potentialAction":[{"@type":"ReadAction","target":["https:\/\/guineediversite.com\/index.php\/2020\/06\/17\/mali-le-m5-boude-la-reunion-avec-ibk-qui-ouvre-la-porte-a-un-gouvernement-dunion\/"]}]},{"@type":"ImageObject","inLanguage":"fr-FR","@id":"https:\/\/guineediversite.com\/index.php\/2020\/06\/17\/mali-le-m5-boude-la-reunion-avec-ibk-qui-ouvre-la-porte-a-un-gouvernement-dunion\/#primaryimage","url":"https:\/\/guineediversite.com\/wp-content\/uploads\/2020\/06\/Le-5-juin-des-dizaines-de-milliers-de-personnes-s\u00e9taient-rassembl\u00e9es-\u00e0-Bamako-la-capitale-du-Mali-pour-demander-le-d\u00e9part-du-pr\u00e9sident-Ibrahim-Boubacar-Keita..jpg","contentUrl":"https:\/\/guineediversite.com\/wp-content\/uploads\/2020\/06\/Le-5-juin-des-dizaines-de-milliers-de-personnes-s\u00e9taient-rassembl\u00e9es-\u00e0-Bamako-la-capitale-du-Mali-pour-demander-le-d\u00e9part-du-pr\u00e9sident-Ibrahim-Boubacar-Keita..jpg","width":1500,"height":840},{"@type":"BreadcrumbList","@id":"https:\/\/guineediversite.com\/index.php\/2020\/06\/17\/mali-le-m5-boude-la-reunion-avec-ibk-qui-ouvre-la-porte-a-un-gouvernement-dunion\/#breadcrumb","itemListElement":[{"@type":"ListItem","position":1,"name":"Accueil","item":"https:\/\/guineediversite.com\/"},{"@type":"ListItem","position":2,"name":"Mali: le M5 boude la r\u00e9union avec IBK, qui ouvre la porte \u00e0 un gouvernement d&rsquo;union"}]},{"@type":"WebSite","@id":"https:\/\/guineediversite.com\/#website","url":"https:\/\/guineediversite.com\/","name":"Guin\u00e9e Diversit\u00e9","description":"L&#039;Info dans toute sa diversit\u00e9","publisher":{"@id":"https:\/\/guineediversite.com\/#organization"},"potentialAction":[{"@type":"SearchAction","target":{"@type":"EntryPoint","urlTemplate":"https:\/\/guineediversite.com\/?s={search_term_string}"},"query-input":{"@type":"PropertyValueSpecification","valueRequired":true,"valueName":"search_term_string"}}],"inLanguage":"fr-FR"},{"@type":"Organization","@id":"https:\/\/guineediversite.com\/#organization","name":"Guin\u00e9e Diversit\u00e9","url":"https:\/\/guineediversite.com\/","logo":{"@type":"ImageObject","inLanguage":"fr-FR","@id":"https:\/\/guineediversite.com\/#\/schema\/logo\/image\/","url":"https:\/\/guineediversite.com\/wp-content\/uploads\/2017\/04\/cropped-1jojlxEOMkX9Wyqfhe43D6kjPOGqBBKmx3EwWJqZ0cMrFF54yM49.png","contentUrl":"https:\/\/guineediversite.com\/wp-content\/uploads\/2017\/04\/cropped-1jojlxEOMkX9Wyqfhe43D6kjPOGqBBKmx3EwWJqZ0cMrFF54yM49.png","width":186,"height":112,"caption":"Guin\u00e9e Diversit\u00e9"},"image":{"@id":"https:\/\/guineediversite.com\/#\/schema\/logo\/image\/"},"sameAs":["https:\/\/www.facebook.com\/guineediversite\/","https:\/\/x.com\/GuineeDiversite","https:\/\/www.youtube.com\/channel\/UC8sUY16qelG5ge6_D5SB83g"]},{"@type":"Person","@id":"https:\/\/guineediversite.com\/#\/schema\/person\/afa08fb34e7fc6e1feafc892612bc836","name":"Guin\u00e9e Diversit\u00e9","image":{"@type":"ImageObject","inLanguage":"fr-FR","@id":"https:\/\/guineediversite.com\/#\/schema\/person\/image\/","url":"https:\/\/secure.gravatar.com\/avatar\/50d5eb5b390f8b65ac30ac6f898eb83a?s=96&d=mm&r=g","contentUrl":"https:\/\/secure.gravatar.com\/avatar\/50d5eb5b390f8b65ac30ac6f898eb83a?s=96&d=mm&r=g","caption":"Guin\u00e9e Diversit\u00e9"},"url":"https:\/\/guineediversite.com\/index.php\/author\/guineediversite\/"}]}},"_links":{"self":[{"href":"https:\/\/guineediversite.com\/index.php\/wp-json\/wp\/v2\/posts\/29519"}],"collection":[{"href":"https:\/\/guineediversite.com\/index.php\/wp-json\/wp\/v2\/posts"}],"about":[{"href":"https:\/\/guineediversite.com\/index.php\/wp-json\/wp\/v2\/types\/post"}],"author":[{"embeddable":true,"href":"https:\/\/guineediversite.com\/index.php\/wp-json\/wp\/v2\/users\/12"}],"replies":[{"embeddable":true,"href":"https:\/\/guineediversite.com\/index.php\/wp-json\/wp\/v2\/comments?post=29519"}],"version-history":[{"count":1,"href":"https:\/\/guineediversite.com\/index.php\/wp-json\/wp\/v2\/posts\/29519\/revisions"}],"predecessor-version":[{"id":29521,"href":"https:\/\/guineediversite.com\/index.php\/wp-json\/wp\/v2\/posts\/29519\/revisions\/29521"}],"wp:featuredmedia":[{"embeddable":true,"href":"https:\/\/guineediversite.com\/index.php\/wp-json\/wp\/v2\/media\/29520"}],"wp:attachment":[{"href":"https:\/\/guineediversite.com\/index.php\/wp-json\/wp\/v2\/media?parent=29519"}],"wp:term":[{"taxonomy":"category","embeddable":true,"href":"https:\/\/guineediversite.com\/index.php\/wp-json\/wp\/v2\/categories?post=29519"},{"taxonomy":"post_tag","embeddable":true,"href":"https:\/\/guineediversite.com\/index.php\/wp-json\/wp\/v2\/tags?post=29519"}],"curies":[{"name":"wp","href":"https:\/\/api.w.org\/{rel}","templated":true}]}}