{"id":29495,"date":"2020-06-16T15:27:01","date_gmt":"2020-06-16T13:27:01","guid":{"rendered":"https:\/\/guineediversite.com\/?p=29495"},"modified":"2020-06-16T15:27:07","modified_gmt":"2020-06-16T13:27:07","slug":"attaque-pres-de-diabaly-larmee-malienne-livre-un-premier-bilan","status":"publish","type":"post","link":"https:\/\/guineediversite.com\/index.php\/2020\/06\/16\/attaque-pres-de-diabaly-larmee-malienne-livre-un-premier-bilan\/","title":{"rendered":"Attaque pr\u00e8s de Diabaly: l&rsquo;arm\u00e9e malienne livre un premier bilan"},"content":{"rendered":"\n<p>Selon des chiffres officiels communiqu\u00e9s ce lundi soir, 24 soldats maliens ont \u00e9t\u00e9 tu\u00e9s dans une embuscade dimanche apr\u00e8s-midi dans la r\u00e9gion de Diabaly, au nord de Segou vers la fronti\u00e8re mauritanienne. Trois&nbsp;sont port\u00e9s disparus.<\/p>\n\n\n\n<p>C\u2019est par un tweet que l\u2019arm\u00e9e malienne a annonc\u00e9 ce premier bilan de 24 morts, huit rescap\u00e9s et quatre v\u00e9hicules d\u00e9truits dans <strong><a href=\"http:\/\/www.rfi.fr\/fr\/afrique\/20200615-mali-une-quarantaine-soldats-port\u00e9s-disparus-apr\u00e8s-une-embuscade-vers-diabaly\" target=\"_blank\" rel=\"noreferrer noopener\">l&#8217;embuscade tendue \u00e0 l&rsquo;une de ses patrouilles dans la r\u00e9gion de Diabaly<\/a><\/strong>. \u00ab&nbsp;<em>Les \u00e9valuations se poursuivent sur zone<\/em>&nbsp;\u00bb, assure l\u2019arm\u00e9e qui avait quelques heures plus t\u00f4t annonc\u00e9 que des renforts avaient \u00e9t\u00e9 d\u00e9p\u00each\u00e9s sur place.<\/p>\n\n\n\n<p>Dans un communiqu\u00e9, le&nbsp;minist\u00e8re de la D\u00e9fense annonce par ailleurs que trois soldats manquent toujours \u00e0 l\u2019appel. \u00ab&nbsp;<em>Les \u00e9valuations se poursuivent sur zone<\/em>&nbsp;\u00bb et ils sont recherch\u00e9s activement assurent les autorit\u00e9s.&nbsp;L\u2019arm\u00e9e a mobilis\u00e9 les moyens n\u00e9cessaires pour y parvenir, explique une source malienne.&nbsp;<\/p>\n\n\n\n<p><strong>RFI<\/strong><\/p>\n","protected":false},"excerpt":{"rendered":"<p>Selon des chiffres officiels communiqu\u00e9s ce lundi soir, 24 soldats maliens ont \u00e9t\u00e9 tu\u00e9s dans une embuscade dimanche apr\u00e8s-midi dans la r\u00e9gion de Diabaly, au nord de Segou vers la fronti\u00e8re mauritanienne. Trois&nbsp;sont port\u00e9s disparus. C\u2019est par un tweet que l\u2019arm\u00e9e malienne a annonc\u00e9 ce premier bilan de 24 morts, huit rescap\u00e9s et quatre v\u00e9hicules [&hellip;]<\/p>\n","protected":false},"author":12,"featured_media":29497,"comment_status":"closed","ping_status":"closed","sticky":false,"template":"","format":"standard","meta":{"_exactmetrics_skip_tracking":false,"_exactmetrics_sitenote_active":false,"_exactmetrics_sitenote_note":"","_exactmetrics_sitenote_category":0,"tdm_status":"","tdm_grid_status":"","footnotes":""},"categories":[21],"tags":[],"class_list":{"0":"post-29495","1":"post","2":"type-post","3":"status-publish","4":"format-standard","5":"has-post-thumbnail","7":"category-international"},"yoast_head":"<!-- This site is optimized with the Yoast SEO plugin v24.2 - https:\/\/yoast.com\/wordpress\/plugins\/seo\/ -->\n<title>Attaque pr\u00e8s de Diabaly: l&#039;arm\u00e9e malienne livre un premier bilan | Guin\u00e9e Diversit\u00e9<\/title>\n<meta name=\"robots\" content=\"index, follow, max-snippet:-1, max-image-preview:large, max-video-preview:-1\" \/>\n<link rel=\"canonical\" href=\"https:\/\/guineediversite.com\/index.php\/2020\/06\/16\/attaque-pres-de-diabaly-larmee-malienne-livre-un-premier-bilan\/\" \/>\n<meta property=\"og:locale\" content=\"fr_FR\" \/>\n<meta property=\"og:type\" content=\"article\" \/>\n<meta property=\"og:title\" content=\"Attaque pr\u00e8s de Diabaly: l&#039;arm\u00e9e malienne livre un premier bilan | Guin\u00e9e Diversit\u00e9\" \/>\n<meta property=\"og:description\" content=\"Selon des chiffres officiels communiqu\u00e9s ce lundi soir, 24 soldats maliens ont \u00e9t\u00e9 tu\u00e9s dans une embuscade dimanche apr\u00e8s-midi dans la r\u00e9gion de Diabaly, au nord de Segou vers la fronti\u00e8re mauritanienne. Trois&nbsp;sont port\u00e9s disparus. C\u2019est par un tweet que l\u2019arm\u00e9e malienne a annonc\u00e9 ce premier bilan de 24 morts, huit rescap\u00e9s et quatre v\u00e9hicules [&hellip;]\" \/>\n<meta property=\"og:url\" content=\"https:\/\/guineediversite.com\/index.php\/2020\/06\/16\/attaque-pres-de-diabaly-larmee-malienne-livre-un-premier-bilan\/\" \/>\n<meta property=\"og:site_name\" content=\"Guin\u00e9e Diversit\u00e9\" \/>\n<meta property=\"article:publisher\" content=\"https:\/\/www.facebook.com\/guineediversite\/\" \/>\n<meta property=\"article:published_time\" content=\"2020-06-16T13:27:01+00:00\" \/>\n<meta property=\"article:modified_time\" content=\"2020-06-16T13:27:07+00:00\" \/>\n<meta property=\"og:image\" content=\"https:\/\/guineediversite.com\/wp-content\/uploads\/2020\/06\/Des-soldats-de-larm\u00e9e-malienne-dans-la-ville-de-Gao-le-24-juillet-2010-1.jpg\" \/>\n\t<meta property=\"og:image:width\" content=\"2500\" \/>\n\t<meta property=\"og:image:height\" content=\"1400\" \/>\n\t<meta property=\"og:image:type\" content=\"image\/jpeg\" \/>\n<meta name=\"author\" content=\"Guin\u00e9e Diversit\u00e9\" \/>\n<meta name=\"twitter:card\" content=\"summary_large_image\" \/>\n<meta name=\"twitter:creator\" content=\"@GuineeDiversite\" \/>\n<meta name=\"twitter:site\" content=\"@GuineeDiversite\" \/>\n<meta name=\"twitter:label1\" content=\"\u00c9crit par\" \/>\n\t<meta name=\"twitter:data1\" content=\"Guin\u00e9e Diversit\u00e9\" \/>\n\t<meta name=\"twitter:label2\" content=\"Dur\u00e9e de lecture estim\u00e9e\" \/>\n\t<meta name=\"twitter:data2\" content=\"1 minute\" \/>\n<script type=\"application\/ld+json\" class=\"yoast-schema-graph\">{\"@context\":\"https:\/\/schema.org\",\"@graph\":[{\"@type\":\"Article\",\"@id\":\"https:\/\/guineediversite.com\/index.php\/2020\/06\/16\/attaque-pres-de-diabaly-larmee-malienne-livre-un-premier-bilan\/#article\",\"isPartOf\":{\"@id\":\"https:\/\/guineediversite.com\/index.php\/2020\/06\/16\/attaque-pres-de-diabaly-larmee-malienne-livre-un-premier-bilan\/\"},\"author\":{\"name\":\"Guin\u00e9e Diversit\u00e9\",\"@id\":\"https:\/\/guineediversite.com\/#\/schema\/person\/afa08fb34e7fc6e1feafc892612bc836\"},\"headline\":\"Attaque pr\u00e8s de Diabaly: l&rsquo;arm\u00e9e malienne livre un premier bilan\",\"datePublished\":\"2020-06-16T13:27:01+00:00\",\"dateModified\":\"2020-06-16T13:27:07+00:00\",\"mainEntityOfPage\":{\"@id\":\"https:\/\/guineediversite.com\/index.php\/2020\/06\/16\/attaque-pres-de-diabaly-larmee-malienne-livre-un-premier-bilan\/\"},\"wordCount\":185,\"publisher\":{\"@id\":\"https:\/\/guineediversite.com\/#organization\"},\"image\":{\"@id\":\"https:\/\/guineediversite.com\/index.php\/2020\/06\/16\/attaque-pres-de-diabaly-larmee-malienne-livre-un-premier-bilan\/#primaryimage\"},\"thumbnailUrl\":\"https:\/\/guineediversite.com\/wp-content\/uploads\/2020\/06\/Des-soldats-de-larm\u00e9e-malienne-dans-la-ville-de-Gao-le-24-juillet-2010-1.jpg\",\"articleSection\":[\"International\"],\"inLanguage\":\"fr-FR\"},{\"@type\":\"WebPage\",\"@id\":\"https:\/\/guineediversite.com\/index.php\/2020\/06\/16\/attaque-pres-de-diabaly-larmee-malienne-livre-un-premier-bilan\/\",\"url\":\"https:\/\/guineediversite.com\/index.php\/2020\/06\/16\/attaque-pres-de-diabaly-larmee-malienne-livre-un-premier-bilan\/\",\"name\":\"Attaque pr\u00e8s de Diabaly: l'arm\u00e9e malienne livre un premier bilan | Guin\u00e9e Diversit\u00e9\",\"isPartOf\":{\"@id\":\"https:\/\/guineediversite.com\/#website\"},\"primaryImageOfPage\":{\"@id\":\"https:\/\/guineediversite.com\/index.php\/2020\/06\/16\/attaque-pres-de-diabaly-larmee-malienne-livre-un-premier-bilan\/#primaryimage\"},\"image\":{\"@id\":\"https:\/\/guineediversite.com\/index.php\/2020\/06\/16\/attaque-pres-de-diabaly-larmee-malienne-livre-un-premier-bilan\/#primaryimage\"},\"thumbnailUrl\":\"https:\/\/guineediversite.com\/wp-content\/uploads\/2020\/06\/Des-soldats-de-larm\u00e9e-malienne-dans-la-ville-de-Gao-le-24-juillet-2010-1.jpg\",\"datePublished\":\"2020-06-16T13:27:01+00:00\",\"dateModified\":\"2020-06-16T13:27:07+00:00\",\"breadcrumb\":{\"@id\":\"https:\/\/guineediversite.com\/index.php\/2020\/06\/16\/attaque-pres-de-diabaly-larmee-malienne-livre-un-premier-bilan\/#breadcrumb\"},\"inLanguage\":\"fr-FR\",\"potentialAction\":[{\"@type\":\"ReadAction\",\"target\":[\"https:\/\/guineediversite.com\/index.php\/2020\/06\/16\/attaque-pres-de-diabaly-larmee-malienne-livre-un-premier-bilan\/\"]}]},{\"@type\":\"ImageObject\",\"inLanguage\":\"fr-FR\",\"@id\":\"https:\/\/guineediversite.com\/index.php\/2020\/06\/16\/attaque-pres-de-diabaly-larmee-malienne-livre-un-premier-bilan\/#primaryimage\",\"url\":\"https:\/\/guineediversite.com\/wp-content\/uploads\/2020\/06\/Des-soldats-de-larm\u00e9e-malienne-dans-la-ville-de-Gao-le-24-juillet-2010-1.jpg\",\"contentUrl\":\"https:\/\/guineediversite.com\/wp-content\/uploads\/2020\/06\/Des-soldats-de-larm\u00e9e-malienne-dans-la-ville-de-Gao-le-24-juillet-2010-1.jpg\",\"width\":2500,\"height\":1400},{\"@type\":\"BreadcrumbList\",\"@id\":\"https:\/\/guineediversite.com\/index.php\/2020\/06\/16\/attaque-pres-de-diabaly-larmee-malienne-livre-un-premier-bilan\/#breadcrumb\",\"itemListElement\":[{\"@type\":\"ListItem\",\"position\":1,\"name\":\"Accueil\",\"item\":\"https:\/\/guineediversite.com\/\"},{\"@type\":\"ListItem\",\"position\":2,\"name\":\"Attaque pr\u00e8s de Diabaly: l&rsquo;arm\u00e9e malienne livre un premier bilan\"}]},{\"@type\":\"WebSite\",\"@id\":\"https:\/\/guineediversite.com\/#website\",\"url\":\"https:\/\/guineediversite.com\/\",\"name\":\"Guin\u00e9e Diversit\u00e9\",\"description\":\"L&#039;Info dans toute sa diversit\u00e9\",\"publisher\":{\"@id\":\"https:\/\/guineediversite.com\/#organization\"},\"potentialAction\":[{\"@type\":\"SearchAction\",\"target\":{\"@type\":\"EntryPoint\",\"urlTemplate\":\"https:\/\/guineediversite.com\/?s={search_term_string}\"},\"query-input\":{\"@type\":\"PropertyValueSpecification\",\"valueRequired\":true,\"valueName\":\"search_term_string\"}}],\"inLanguage\":\"fr-FR\"},{\"@type\":\"Organization\",\"@id\":\"https:\/\/guineediversite.com\/#organization\",\"name\":\"Guin\u00e9e Diversit\u00e9\",\"url\":\"https:\/\/guineediversite.com\/\",\"logo\":{\"@type\":\"ImageObject\",\"inLanguage\":\"fr-FR\",\"@id\":\"https:\/\/guineediversite.com\/#\/schema\/logo\/image\/\",\"url\":\"https:\/\/guineediversite.com\/wp-content\/uploads\/2017\/04\/cropped-1jojlxEOMkX9Wyqfhe43D6kjPOGqBBKmx3EwWJqZ0cMrFF54yM49.png\",\"contentUrl\":\"https:\/\/guineediversite.com\/wp-content\/uploads\/2017\/04\/cropped-1jojlxEOMkX9Wyqfhe43D6kjPOGqBBKmx3EwWJqZ0cMrFF54yM49.png\",\"width\":186,\"height\":112,\"caption\":\"Guin\u00e9e Diversit\u00e9\"},\"image\":{\"@id\":\"https:\/\/guineediversite.com\/#\/schema\/logo\/image\/\"},\"sameAs\":[\"https:\/\/www.facebook.com\/guineediversite\/\",\"https:\/\/x.com\/GuineeDiversite\",\"https:\/\/www.youtube.com\/channel\/UC8sUY16qelG5ge6_D5SB83g\"]},{\"@type\":\"Person\",\"@id\":\"https:\/\/guineediversite.com\/#\/schema\/person\/afa08fb34e7fc6e1feafc892612bc836\",\"name\":\"Guin\u00e9e Diversit\u00e9\",\"image\":{\"@type\":\"ImageObject\",\"inLanguage\":\"fr-FR\",\"@id\":\"https:\/\/guineediversite.com\/#\/schema\/person\/image\/\",\"url\":\"https:\/\/secure.gravatar.com\/avatar\/50d5eb5b390f8b65ac30ac6f898eb83a?s=96&d=mm&r=g\",\"contentUrl\":\"https:\/\/secure.gravatar.com\/avatar\/50d5eb5b390f8b65ac30ac6f898eb83a?s=96&d=mm&r=g\",\"caption\":\"Guin\u00e9e Diversit\u00e9\"},\"url\":\"https:\/\/guineediversite.com\/index.php\/author\/guineediversite\/\"}]}<\/script>\n<!-- \/ Yoast SEO plugin. -->","yoast_head_json":{"title":"Attaque pr\u00e8s de Diabaly: l'arm\u00e9e malienne livre un premier bilan | Guin\u00e9e Diversit\u00e9","robots":{"index":"index","follow":"follow","max-snippet":"max-snippet:-1","max-image-preview":"max-image-preview:large","max-video-preview":"max-video-preview:-1"},"canonical":"https:\/\/guineediversite.com\/index.php\/2020\/06\/16\/attaque-pres-de-diabaly-larmee-malienne-livre-un-premier-bilan\/","og_locale":"fr_FR","og_type":"article","og_title":"Attaque pr\u00e8s de Diabaly: l'arm\u00e9e malienne livre un premier bilan | Guin\u00e9e Diversit\u00e9","og_description":"Selon des chiffres officiels communiqu\u00e9s ce lundi soir, 24 soldats maliens ont \u00e9t\u00e9 tu\u00e9s dans une embuscade dimanche apr\u00e8s-midi dans la r\u00e9gion de Diabaly, au nord de Segou vers la fronti\u00e8re mauritanienne. Trois&nbsp;sont port\u00e9s disparus. C\u2019est par un tweet que l\u2019arm\u00e9e malienne a annonc\u00e9 ce premier bilan de 24 morts, huit rescap\u00e9s et quatre v\u00e9hicules [&hellip;]","og_url":"https:\/\/guineediversite.com\/index.php\/2020\/06\/16\/attaque-pres-de-diabaly-larmee-malienne-livre-un-premier-bilan\/","og_site_name":"Guin\u00e9e Diversit\u00e9","article_publisher":"https:\/\/www.facebook.com\/guineediversite\/","article_published_time":"2020-06-16T13:27:01+00:00","article_modified_time":"2020-06-16T13:27:07+00:00","og_image":[{"width":2500,"height":1400,"url":"https:\/\/guineediversite.com\/wp-content\/uploads\/2020\/06\/Des-soldats-de-larm\u00e9e-malienne-dans-la-ville-de-Gao-le-24-juillet-2010-1.jpg","type":"image\/jpeg"}],"author":"Guin\u00e9e Diversit\u00e9","twitter_card":"summary_large_image","twitter_creator":"@GuineeDiversite","twitter_site":"@GuineeDiversite","twitter_misc":{"\u00c9crit par":"Guin\u00e9e Diversit\u00e9","Dur\u00e9e de lecture estim\u00e9e":"1 minute"},"schema":{"@context":"https:\/\/schema.org","@graph":[{"@type":"Article","@id":"https:\/\/guineediversite.com\/index.php\/2020\/06\/16\/attaque-pres-de-diabaly-larmee-malienne-livre-un-premier-bilan\/#article","isPartOf":{"@id":"https:\/\/guineediversite.com\/index.php\/2020\/06\/16\/attaque-pres-de-diabaly-larmee-malienne-livre-un-premier-bilan\/"},"author":{"name":"Guin\u00e9e Diversit\u00e9","@id":"https:\/\/guineediversite.com\/#\/schema\/person\/afa08fb34e7fc6e1feafc892612bc836"},"headline":"Attaque pr\u00e8s de Diabaly: l&rsquo;arm\u00e9e malienne livre un premier bilan","datePublished":"2020-06-16T13:27:01+00:00","dateModified":"2020-06-16T13:27:07+00:00","mainEntityOfPage":{"@id":"https:\/\/guineediversite.com\/index.php\/2020\/06\/16\/attaque-pres-de-diabaly-larmee-malienne-livre-un-premier-bilan\/"},"wordCount":185,"publisher":{"@id":"https:\/\/guineediversite.com\/#organization"},"image":{"@id":"https:\/\/guineediversite.com\/index.php\/2020\/06\/16\/attaque-pres-de-diabaly-larmee-malienne-livre-un-premier-bilan\/#primaryimage"},"thumbnailUrl":"https:\/\/guineediversite.com\/wp-content\/uploads\/2020\/06\/Des-soldats-de-larm\u00e9e-malienne-dans-la-ville-de-Gao-le-24-juillet-2010-1.jpg","articleSection":["International"],"inLanguage":"fr-FR"},{"@type":"WebPage","@id":"https:\/\/guineediversite.com\/index.php\/2020\/06\/16\/attaque-pres-de-diabaly-larmee-malienne-livre-un-premier-bilan\/","url":"https:\/\/guineediversite.com\/index.php\/2020\/06\/16\/attaque-pres-de-diabaly-larmee-malienne-livre-un-premier-bilan\/","name":"Attaque pr\u00e8s de Diabaly: l'arm\u00e9e malienne livre un premier bilan | Guin\u00e9e Diversit\u00e9","isPartOf":{"@id":"https:\/\/guineediversite.com\/#website"},"primaryImageOfPage":{"@id":"https:\/\/guineediversite.com\/index.php\/2020\/06\/16\/attaque-pres-de-diabaly-larmee-malienne-livre-un-premier-bilan\/#primaryimage"},"image":{"@id":"https:\/\/guineediversite.com\/index.php\/2020\/06\/16\/attaque-pres-de-diabaly-larmee-malienne-livre-un-premier-bilan\/#primaryimage"},"thumbnailUrl":"https:\/\/guineediversite.com\/wp-content\/uploads\/2020\/06\/Des-soldats-de-larm\u00e9e-malienne-dans-la-ville-de-Gao-le-24-juillet-2010-1.jpg","datePublished":"2020-06-16T13:27:01+00:00","dateModified":"2020-06-16T13:27:07+00:00","breadcrumb":{"@id":"https:\/\/guineediversite.com\/index.php\/2020\/06\/16\/attaque-pres-de-diabaly-larmee-malienne-livre-un-premier-bilan\/#breadcrumb"},"inLanguage":"fr-FR","potentialAction":[{"@type":"ReadAction","target":["https:\/\/guineediversite.com\/index.php\/2020\/06\/16\/attaque-pres-de-diabaly-larmee-malienne-livre-un-premier-bilan\/"]}]},{"@type":"ImageObject","inLanguage":"fr-FR","@id":"https:\/\/guineediversite.com\/index.php\/2020\/06\/16\/attaque-pres-de-diabaly-larmee-malienne-livre-un-premier-bilan\/#primaryimage","url":"https:\/\/guineediversite.com\/wp-content\/uploads\/2020\/06\/Des-soldats-de-larm\u00e9e-malienne-dans-la-ville-de-Gao-le-24-juillet-2010-1.jpg","contentUrl":"https:\/\/guineediversite.com\/wp-content\/uploads\/2020\/06\/Des-soldats-de-larm\u00e9e-malienne-dans-la-ville-de-Gao-le-24-juillet-2010-1.jpg","width":2500,"height":1400},{"@type":"BreadcrumbList","@id":"https:\/\/guineediversite.com\/index.php\/2020\/06\/16\/attaque-pres-de-diabaly-larmee-malienne-livre-un-premier-bilan\/#breadcrumb","itemListElement":[{"@type":"ListItem","position":1,"name":"Accueil","item":"https:\/\/guineediversite.com\/"},{"@type":"ListItem","position":2,"name":"Attaque pr\u00e8s de Diabaly: l&rsquo;arm\u00e9e malienne livre un premier bilan"}]},{"@type":"WebSite","@id":"https:\/\/guineediversite.com\/#website","url":"https:\/\/guineediversite.com\/","name":"Guin\u00e9e Diversit\u00e9","description":"L&#039;Info dans toute sa diversit\u00e9","publisher":{"@id":"https:\/\/guineediversite.com\/#organization"},"potentialAction":[{"@type":"SearchAction","target":{"@type":"EntryPoint","urlTemplate":"https:\/\/guineediversite.com\/?s={search_term_string}"},"query-input":{"@type":"PropertyValueSpecification","valueRequired":true,"valueName":"search_term_string"}}],"inLanguage":"fr-FR"},{"@type":"Organization","@id":"https:\/\/guineediversite.com\/#organization","name":"Guin\u00e9e Diversit\u00e9","url":"https:\/\/guineediversite.com\/","logo":{"@type":"ImageObject","inLanguage":"fr-FR","@id":"https:\/\/guineediversite.com\/#\/schema\/logo\/image\/","url":"https:\/\/guineediversite.com\/wp-content\/uploads\/2017\/04\/cropped-1jojlxEOMkX9Wyqfhe43D6kjPOGqBBKmx3EwWJqZ0cMrFF54yM49.png","contentUrl":"https:\/\/guineediversite.com\/wp-content\/uploads\/2017\/04\/cropped-1jojlxEOMkX9Wyqfhe43D6kjPOGqBBKmx3EwWJqZ0cMrFF54yM49.png","width":186,"height":112,"caption":"Guin\u00e9e Diversit\u00e9"},"image":{"@id":"https:\/\/guineediversite.com\/#\/schema\/logo\/image\/"},"sameAs":["https:\/\/www.facebook.com\/guineediversite\/","https:\/\/x.com\/GuineeDiversite","https:\/\/www.youtube.com\/channel\/UC8sUY16qelG5ge6_D5SB83g"]},{"@type":"Person","@id":"https:\/\/guineediversite.com\/#\/schema\/person\/afa08fb34e7fc6e1feafc892612bc836","name":"Guin\u00e9e Diversit\u00e9","image":{"@type":"ImageObject","inLanguage":"fr-FR","@id":"https:\/\/guineediversite.com\/#\/schema\/person\/image\/","url":"https:\/\/secure.gravatar.com\/avatar\/50d5eb5b390f8b65ac30ac6f898eb83a?s=96&d=mm&r=g","contentUrl":"https:\/\/secure.gravatar.com\/avatar\/50d5eb5b390f8b65ac30ac6f898eb83a?s=96&d=mm&r=g","caption":"Guin\u00e9e Diversit\u00e9"},"url":"https:\/\/guineediversite.com\/index.php\/author\/guineediversite\/"}]}},"_links":{"self":[{"href":"https:\/\/guineediversite.com\/index.php\/wp-json\/wp\/v2\/posts\/29495"}],"collection":[{"href":"https:\/\/guineediversite.com\/index.php\/wp-json\/wp\/v2\/posts"}],"about":[{"href":"https:\/\/guineediversite.com\/index.php\/wp-json\/wp\/v2\/types\/post"}],"author":[{"embeddable":true,"href":"https:\/\/guineediversite.com\/index.php\/wp-json\/wp\/v2\/users\/12"}],"replies":[{"embeddable":true,"href":"https:\/\/guineediversite.com\/index.php\/wp-json\/wp\/v2\/comments?post=29495"}],"version-history":[{"count":1,"href":"https:\/\/guineediversite.com\/index.php\/wp-json\/wp\/v2\/posts\/29495\/revisions"}],"predecessor-version":[{"id":29498,"href":"https:\/\/guineediversite.com\/index.php\/wp-json\/wp\/v2\/posts\/29495\/revisions\/29498"}],"wp:featuredmedia":[{"embeddable":true,"href":"https:\/\/guineediversite.com\/index.php\/wp-json\/wp\/v2\/media\/29497"}],"wp:attachment":[{"href":"https:\/\/guineediversite.com\/index.php\/wp-json\/wp\/v2\/media?parent=29495"}],"wp:term":[{"taxonomy":"category","embeddable":true,"href":"https:\/\/guineediversite.com\/index.php\/wp-json\/wp\/v2\/categories?post=29495"},{"taxonomy":"post_tag","embeddable":true,"href":"https:\/\/guineediversite.com\/index.php\/wp-json\/wp\/v2\/tags?post=29495"}],"curies":[{"name":"wp","href":"https:\/\/api.w.org\/{rel}","templated":true}]}}