{"id":29491,"date":"2020-06-16T00:09:13","date_gmt":"2020-06-15T22:09:13","guid":{"rendered":"https:\/\/guineediversite.com\/?p=29491"},"modified":"2020-06-16T00:09:17","modified_gmt":"2020-06-15T22:09:17","slug":"guinee-le-couvre-feu-passe-de-22h-a-23h","status":"publish","type":"post","link":"https:\/\/guineediversite.com\/index.php\/2020\/06\/16\/guinee-le-couvre-feu-passe-de-22h-a-23h\/","title":{"rendered":"Guin\u00e9e : le couvre feu passe de 22h \u00e0 23h"},"content":{"rendered":"\n<p>Le pr\u00e9sident de la R\u00e9publique \u00e0 dans son adresse \u00e0 la nation de ce lundi 15 Juin 2020, reconduit&nbsp; l\u2019\u00e9tat d\u2019urgence sanitaire pour 30 jours suppl\u00e9mentaires \u00e0 partir de cette date.<\/p>\n\n\n\n<p>Il ( Alpha Cond\u00e9 ndlr) a aussi indiqu\u00e9 que le couvre feu passe d\u00e9sormais de 22heures \u2013 05 heures du matin \u00e0 23 heures \u2013 04 heures du matin.<\/p>\n\n\n\n<p>Pour ce qui est de la fermeture des march\u00e9s il dira ce ceci&nbsp;: \u00ab&nbsp;la Fermeture des march\u00e9s \u00e0 se fera d\u00e9sormais \u00e0 partir de 18h pour le grand Conakry.&nbsp;\u00bb<\/p>\n\n\n\n<p>Et de poursuivre, \u00ab&nbsp;L\u2019ouverture des classes est aussi pr\u00e9vu pour le lundi 29 juin 2020.&nbsp;Et le port des masques reste &nbsp;obligatoire.&nbsp;L\u2019ouverture des lieux de culte le 22 juin 2020 pour les pr\u00e9fectures qui n\u2019ont pas enregistr\u00e9es de malades de Covid-19.&nbsp;\u00bb<\/p>\n","protected":false},"excerpt":{"rendered":"<p>Le pr\u00e9sident de la R\u00e9publique \u00e0 dans son adresse \u00e0 la nation de ce lundi 15 Juin 2020, reconduit&nbsp; l\u2019\u00e9tat d\u2019urgence sanitaire pour 30 jours suppl\u00e9mentaires \u00e0 partir de cette date. Il ( Alpha Cond\u00e9 ndlr) a aussi indiqu\u00e9 que le couvre feu passe d\u00e9sormais de 22heures \u2013 05 heures du matin \u00e0 23 heures [&hellip;]<\/p>\n","protected":false},"author":7,"featured_media":29492,"comment_status":"closed","ping_status":"closed","sticky":false,"template":"","format":"standard","meta":{"_exactmetrics_skip_tracking":false,"_exactmetrics_sitenote_active":false,"_exactmetrics_sitenote_note":"","_exactmetrics_sitenote_category":0,"tdm_status":"","tdm_grid_status":"","footnotes":""},"categories":[16],"tags":[],"class_list":{"0":"post-29491","1":"post","2":"type-post","3":"status-publish","4":"format-standard","5":"has-post-thumbnail","7":"category-societe"},"yoast_head":"<!-- This site is optimized with the Yoast SEO plugin v24.2 - https:\/\/yoast.com\/wordpress\/plugins\/seo\/ -->\n<title>Guin\u00e9e : le couvre feu passe de 22h \u00e0 23h | Guin\u00e9e Diversit\u00e9<\/title>\n<meta name=\"robots\" content=\"index, follow, max-snippet:-1, max-image-preview:large, max-video-preview:-1\" \/>\n<link rel=\"canonical\" href=\"https:\/\/guineediversite.com\/index.php\/2020\/06\/16\/guinee-le-couvre-feu-passe-de-22h-a-23h\/\" \/>\n<meta property=\"og:locale\" content=\"fr_FR\" \/>\n<meta property=\"og:type\" content=\"article\" \/>\n<meta property=\"og:title\" content=\"Guin\u00e9e : le couvre feu passe de 22h \u00e0 23h | Guin\u00e9e Diversit\u00e9\" \/>\n<meta property=\"og:description\" content=\"Le pr\u00e9sident de la R\u00e9publique \u00e0 dans son adresse \u00e0 la nation de ce lundi 15 Juin 2020, reconduit&nbsp; l\u2019\u00e9tat d\u2019urgence sanitaire pour 30 jours suppl\u00e9mentaires \u00e0 partir de cette date. Il ( Alpha Cond\u00e9 ndlr) a aussi indiqu\u00e9 que le couvre feu passe d\u00e9sormais de 22heures \u2013 05 heures du matin \u00e0 23 heures [&hellip;]\" \/>\n<meta property=\"og:url\" content=\"https:\/\/guineediversite.com\/index.php\/2020\/06\/16\/guinee-le-couvre-feu-passe-de-22h-a-23h\/\" \/>\n<meta property=\"og:site_name\" content=\"Guin\u00e9e Diversit\u00e9\" \/>\n<meta property=\"article:publisher\" content=\"https:\/\/www.facebook.com\/guineediversite\/\" \/>\n<meta property=\"article:published_time\" content=\"2020-06-15T22:09:13+00:00\" \/>\n<meta property=\"article:modified_time\" content=\"2020-06-15T22:09:17+00:00\" \/>\n<meta property=\"og:image\" content=\"https:\/\/guineediversite.com\/wp-content\/uploads\/2020\/06\/ALPHA-CONDE-1.jpeg\" \/>\n\t<meta property=\"og:image:width\" content=\"1500\" \/>\n\t<meta property=\"og:image:height\" content=\"900\" \/>\n\t<meta property=\"og:image:type\" content=\"image\/jpeg\" \/>\n<meta name=\"author\" content=\"Bilguissa Diallo\" \/>\n<meta name=\"twitter:card\" content=\"summary_large_image\" \/>\n<meta name=\"twitter:creator\" content=\"@GuineeDiversite\" \/>\n<meta name=\"twitter:site\" content=\"@GuineeDiversite\" \/>\n<meta name=\"twitter:label1\" content=\"\u00c9crit par\" \/>\n\t<meta name=\"twitter:data1\" content=\"Bilguissa Diallo\" \/>\n\t<meta name=\"twitter:label2\" content=\"Dur\u00e9e de lecture estim\u00e9e\" \/>\n\t<meta name=\"twitter:data2\" content=\"1 minute\" \/>\n<script type=\"application\/ld+json\" class=\"yoast-schema-graph\">{\"@context\":\"https:\/\/schema.org\",\"@graph\":[{\"@type\":\"Article\",\"@id\":\"https:\/\/guineediversite.com\/index.php\/2020\/06\/16\/guinee-le-couvre-feu-passe-de-22h-a-23h\/#article\",\"isPartOf\":{\"@id\":\"https:\/\/guineediversite.com\/index.php\/2020\/06\/16\/guinee-le-couvre-feu-passe-de-22h-a-23h\/\"},\"author\":{\"name\":\"Bilguissa Diallo\",\"@id\":\"https:\/\/guineediversite.com\/#\/schema\/person\/0e0e3e424768a50d025ac2218ccca73f\"},\"headline\":\"Guin\u00e9e : le couvre feu passe de 22h \u00e0 23h\",\"datePublished\":\"2020-06-15T22:09:13+00:00\",\"dateModified\":\"2020-06-15T22:09:17+00:00\",\"mainEntityOfPage\":{\"@id\":\"https:\/\/guineediversite.com\/index.php\/2020\/06\/16\/guinee-le-couvre-feu-passe-de-22h-a-23h\/\"},\"wordCount\":145,\"publisher\":{\"@id\":\"https:\/\/guineediversite.com\/#organization\"},\"image\":{\"@id\":\"https:\/\/guineediversite.com\/index.php\/2020\/06\/16\/guinee-le-couvre-feu-passe-de-22h-a-23h\/#primaryimage\"},\"thumbnailUrl\":\"https:\/\/guineediversite.com\/wp-content\/uploads\/2020\/06\/ALPHA-CONDE-1.jpeg\",\"articleSection\":[\"Soci\u00e9t\u00e9\"],\"inLanguage\":\"fr-FR\"},{\"@type\":\"WebPage\",\"@id\":\"https:\/\/guineediversite.com\/index.php\/2020\/06\/16\/guinee-le-couvre-feu-passe-de-22h-a-23h\/\",\"url\":\"https:\/\/guineediversite.com\/index.php\/2020\/06\/16\/guinee-le-couvre-feu-passe-de-22h-a-23h\/\",\"name\":\"Guin\u00e9e : le couvre feu passe de 22h \u00e0 23h | Guin\u00e9e Diversit\u00e9\",\"isPartOf\":{\"@id\":\"https:\/\/guineediversite.com\/#website\"},\"primaryImageOfPage\":{\"@id\":\"https:\/\/guineediversite.com\/index.php\/2020\/06\/16\/guinee-le-couvre-feu-passe-de-22h-a-23h\/#primaryimage\"},\"image\":{\"@id\":\"https:\/\/guineediversite.com\/index.php\/2020\/06\/16\/guinee-le-couvre-feu-passe-de-22h-a-23h\/#primaryimage\"},\"thumbnailUrl\":\"https:\/\/guineediversite.com\/wp-content\/uploads\/2020\/06\/ALPHA-CONDE-1.jpeg\",\"datePublished\":\"2020-06-15T22:09:13+00:00\",\"dateModified\":\"2020-06-15T22:09:17+00:00\",\"breadcrumb\":{\"@id\":\"https:\/\/guineediversite.com\/index.php\/2020\/06\/16\/guinee-le-couvre-feu-passe-de-22h-a-23h\/#breadcrumb\"},\"inLanguage\":\"fr-FR\",\"potentialAction\":[{\"@type\":\"ReadAction\",\"target\":[\"https:\/\/guineediversite.com\/index.php\/2020\/06\/16\/guinee-le-couvre-feu-passe-de-22h-a-23h\/\"]}]},{\"@type\":\"ImageObject\",\"inLanguage\":\"fr-FR\",\"@id\":\"https:\/\/guineediversite.com\/index.php\/2020\/06\/16\/guinee-le-couvre-feu-passe-de-22h-a-23h\/#primaryimage\",\"url\":\"https:\/\/guineediversite.com\/wp-content\/uploads\/2020\/06\/ALPHA-CONDE-1.jpeg\",\"contentUrl\":\"https:\/\/guineediversite.com\/wp-content\/uploads\/2020\/06\/ALPHA-CONDE-1.jpeg\",\"width\":1500,\"height\":900},{\"@type\":\"BreadcrumbList\",\"@id\":\"https:\/\/guineediversite.com\/index.php\/2020\/06\/16\/guinee-le-couvre-feu-passe-de-22h-a-23h\/#breadcrumb\",\"itemListElement\":[{\"@type\":\"ListItem\",\"position\":1,\"name\":\"Accueil\",\"item\":\"https:\/\/guineediversite.com\/\"},{\"@type\":\"ListItem\",\"position\":2,\"name\":\"Guin\u00e9e : le couvre feu passe de 22h \u00e0 23h\"}]},{\"@type\":\"WebSite\",\"@id\":\"https:\/\/guineediversite.com\/#website\",\"url\":\"https:\/\/guineediversite.com\/\",\"name\":\"Guin\u00e9e Diversit\u00e9\",\"description\":\"L&#039;Info dans toute sa diversit\u00e9\",\"publisher\":{\"@id\":\"https:\/\/guineediversite.com\/#organization\"},\"potentialAction\":[{\"@type\":\"SearchAction\",\"target\":{\"@type\":\"EntryPoint\",\"urlTemplate\":\"https:\/\/guineediversite.com\/?s={search_term_string}\"},\"query-input\":{\"@type\":\"PropertyValueSpecification\",\"valueRequired\":true,\"valueName\":\"search_term_string\"}}],\"inLanguage\":\"fr-FR\"},{\"@type\":\"Organization\",\"@id\":\"https:\/\/guineediversite.com\/#organization\",\"name\":\"Guin\u00e9e Diversit\u00e9\",\"url\":\"https:\/\/guineediversite.com\/\",\"logo\":{\"@type\":\"ImageObject\",\"inLanguage\":\"fr-FR\",\"@id\":\"https:\/\/guineediversite.com\/#\/schema\/logo\/image\/\",\"url\":\"https:\/\/guineediversite.com\/wp-content\/uploads\/2017\/04\/cropped-1jojlxEOMkX9Wyqfhe43D6kjPOGqBBKmx3EwWJqZ0cMrFF54yM49.png\",\"contentUrl\":\"https:\/\/guineediversite.com\/wp-content\/uploads\/2017\/04\/cropped-1jojlxEOMkX9Wyqfhe43D6kjPOGqBBKmx3EwWJqZ0cMrFF54yM49.png\",\"width\":186,\"height\":112,\"caption\":\"Guin\u00e9e Diversit\u00e9\"},\"image\":{\"@id\":\"https:\/\/guineediversite.com\/#\/schema\/logo\/image\/\"},\"sameAs\":[\"https:\/\/www.facebook.com\/guineediversite\/\",\"https:\/\/x.com\/GuineeDiversite\",\"https:\/\/www.youtube.com\/channel\/UC8sUY16qelG5ge6_D5SB83g\"]},{\"@type\":\"Person\",\"@id\":\"https:\/\/guineediversite.com\/#\/schema\/person\/0e0e3e424768a50d025ac2218ccca73f\",\"name\":\"Bilguissa Diallo\",\"image\":{\"@type\":\"ImageObject\",\"inLanguage\":\"fr-FR\",\"@id\":\"https:\/\/guineediversite.com\/#\/schema\/person\/image\/\",\"url\":\"https:\/\/secure.gravatar.com\/avatar\/49bbbd2420ee34d62b1b191791f4b5df?s=96&d=mm&r=g\",\"contentUrl\":\"https:\/\/secure.gravatar.com\/avatar\/49bbbd2420ee34d62b1b191791f4b5df?s=96&d=mm&r=g\",\"caption\":\"Bilguissa Diallo\"},\"url\":\"https:\/\/guineediversite.com\/index.php\/author\/bilguissa\/\"}]}<\/script>\n<!-- \/ Yoast SEO plugin. -->","yoast_head_json":{"title":"Guin\u00e9e : le couvre feu passe de 22h \u00e0 23h | Guin\u00e9e Diversit\u00e9","robots":{"index":"index","follow":"follow","max-snippet":"max-snippet:-1","max-image-preview":"max-image-preview:large","max-video-preview":"max-video-preview:-1"},"canonical":"https:\/\/guineediversite.com\/index.php\/2020\/06\/16\/guinee-le-couvre-feu-passe-de-22h-a-23h\/","og_locale":"fr_FR","og_type":"article","og_title":"Guin\u00e9e : le couvre feu passe de 22h \u00e0 23h | Guin\u00e9e Diversit\u00e9","og_description":"Le pr\u00e9sident de la R\u00e9publique \u00e0 dans son adresse \u00e0 la nation de ce lundi 15 Juin 2020, reconduit&nbsp; l\u2019\u00e9tat d\u2019urgence sanitaire pour 30 jours suppl\u00e9mentaires \u00e0 partir de cette date. Il ( Alpha Cond\u00e9 ndlr) a aussi indiqu\u00e9 que le couvre feu passe d\u00e9sormais de 22heures \u2013 05 heures du matin \u00e0 23 heures [&hellip;]","og_url":"https:\/\/guineediversite.com\/index.php\/2020\/06\/16\/guinee-le-couvre-feu-passe-de-22h-a-23h\/","og_site_name":"Guin\u00e9e Diversit\u00e9","article_publisher":"https:\/\/www.facebook.com\/guineediversite\/","article_published_time":"2020-06-15T22:09:13+00:00","article_modified_time":"2020-06-15T22:09:17+00:00","og_image":[{"width":1500,"height":900,"url":"https:\/\/guineediversite.com\/wp-content\/uploads\/2020\/06\/ALPHA-CONDE-1.jpeg","type":"image\/jpeg"}],"author":"Bilguissa Diallo","twitter_card":"summary_large_image","twitter_creator":"@GuineeDiversite","twitter_site":"@GuineeDiversite","twitter_misc":{"\u00c9crit par":"Bilguissa Diallo","Dur\u00e9e de lecture estim\u00e9e":"1 minute"},"schema":{"@context":"https:\/\/schema.org","@graph":[{"@type":"Article","@id":"https:\/\/guineediversite.com\/index.php\/2020\/06\/16\/guinee-le-couvre-feu-passe-de-22h-a-23h\/#article","isPartOf":{"@id":"https:\/\/guineediversite.com\/index.php\/2020\/06\/16\/guinee-le-couvre-feu-passe-de-22h-a-23h\/"},"author":{"name":"Bilguissa Diallo","@id":"https:\/\/guineediversite.com\/#\/schema\/person\/0e0e3e424768a50d025ac2218ccca73f"},"headline":"Guin\u00e9e : le couvre feu passe de 22h \u00e0 23h","datePublished":"2020-06-15T22:09:13+00:00","dateModified":"2020-06-15T22:09:17+00:00","mainEntityOfPage":{"@id":"https:\/\/guineediversite.com\/index.php\/2020\/06\/16\/guinee-le-couvre-feu-passe-de-22h-a-23h\/"},"wordCount":145,"publisher":{"@id":"https:\/\/guineediversite.com\/#organization"},"image":{"@id":"https:\/\/guineediversite.com\/index.php\/2020\/06\/16\/guinee-le-couvre-feu-passe-de-22h-a-23h\/#primaryimage"},"thumbnailUrl":"https:\/\/guineediversite.com\/wp-content\/uploads\/2020\/06\/ALPHA-CONDE-1.jpeg","articleSection":["Soci\u00e9t\u00e9"],"inLanguage":"fr-FR"},{"@type":"WebPage","@id":"https:\/\/guineediversite.com\/index.php\/2020\/06\/16\/guinee-le-couvre-feu-passe-de-22h-a-23h\/","url":"https:\/\/guineediversite.com\/index.php\/2020\/06\/16\/guinee-le-couvre-feu-passe-de-22h-a-23h\/","name":"Guin\u00e9e : le couvre feu passe de 22h \u00e0 23h | Guin\u00e9e Diversit\u00e9","isPartOf":{"@id":"https:\/\/guineediversite.com\/#website"},"primaryImageOfPage":{"@id":"https:\/\/guineediversite.com\/index.php\/2020\/06\/16\/guinee-le-couvre-feu-passe-de-22h-a-23h\/#primaryimage"},"image":{"@id":"https:\/\/guineediversite.com\/index.php\/2020\/06\/16\/guinee-le-couvre-feu-passe-de-22h-a-23h\/#primaryimage"},"thumbnailUrl":"https:\/\/guineediversite.com\/wp-content\/uploads\/2020\/06\/ALPHA-CONDE-1.jpeg","datePublished":"2020-06-15T22:09:13+00:00","dateModified":"2020-06-15T22:09:17+00:00","breadcrumb":{"@id":"https:\/\/guineediversite.com\/index.php\/2020\/06\/16\/guinee-le-couvre-feu-passe-de-22h-a-23h\/#breadcrumb"},"inLanguage":"fr-FR","potentialAction":[{"@type":"ReadAction","target":["https:\/\/guineediversite.com\/index.php\/2020\/06\/16\/guinee-le-couvre-feu-passe-de-22h-a-23h\/"]}]},{"@type":"ImageObject","inLanguage":"fr-FR","@id":"https:\/\/guineediversite.com\/index.php\/2020\/06\/16\/guinee-le-couvre-feu-passe-de-22h-a-23h\/#primaryimage","url":"https:\/\/guineediversite.com\/wp-content\/uploads\/2020\/06\/ALPHA-CONDE-1.jpeg","contentUrl":"https:\/\/guineediversite.com\/wp-content\/uploads\/2020\/06\/ALPHA-CONDE-1.jpeg","width":1500,"height":900},{"@type":"BreadcrumbList","@id":"https:\/\/guineediversite.com\/index.php\/2020\/06\/16\/guinee-le-couvre-feu-passe-de-22h-a-23h\/#breadcrumb","itemListElement":[{"@type":"ListItem","position":1,"name":"Accueil","item":"https:\/\/guineediversite.com\/"},{"@type":"ListItem","position":2,"name":"Guin\u00e9e : le couvre feu passe de 22h \u00e0 23h"}]},{"@type":"WebSite","@id":"https:\/\/guineediversite.com\/#website","url":"https:\/\/guineediversite.com\/","name":"Guin\u00e9e Diversit\u00e9","description":"L&#039;Info dans toute sa diversit\u00e9","publisher":{"@id":"https:\/\/guineediversite.com\/#organization"},"potentialAction":[{"@type":"SearchAction","target":{"@type":"EntryPoint","urlTemplate":"https:\/\/guineediversite.com\/?s={search_term_string}"},"query-input":{"@type":"PropertyValueSpecification","valueRequired":true,"valueName":"search_term_string"}}],"inLanguage":"fr-FR"},{"@type":"Organization","@id":"https:\/\/guineediversite.com\/#organization","name":"Guin\u00e9e Diversit\u00e9","url":"https:\/\/guineediversite.com\/","logo":{"@type":"ImageObject","inLanguage":"fr-FR","@id":"https:\/\/guineediversite.com\/#\/schema\/logo\/image\/","url":"https:\/\/guineediversite.com\/wp-content\/uploads\/2017\/04\/cropped-1jojlxEOMkX9Wyqfhe43D6kjPOGqBBKmx3EwWJqZ0cMrFF54yM49.png","contentUrl":"https:\/\/guineediversite.com\/wp-content\/uploads\/2017\/04\/cropped-1jojlxEOMkX9Wyqfhe43D6kjPOGqBBKmx3EwWJqZ0cMrFF54yM49.png","width":186,"height":112,"caption":"Guin\u00e9e Diversit\u00e9"},"image":{"@id":"https:\/\/guineediversite.com\/#\/schema\/logo\/image\/"},"sameAs":["https:\/\/www.facebook.com\/guineediversite\/","https:\/\/x.com\/GuineeDiversite","https:\/\/www.youtube.com\/channel\/UC8sUY16qelG5ge6_D5SB83g"]},{"@type":"Person","@id":"https:\/\/guineediversite.com\/#\/schema\/person\/0e0e3e424768a50d025ac2218ccca73f","name":"Bilguissa Diallo","image":{"@type":"ImageObject","inLanguage":"fr-FR","@id":"https:\/\/guineediversite.com\/#\/schema\/person\/image\/","url":"https:\/\/secure.gravatar.com\/avatar\/49bbbd2420ee34d62b1b191791f4b5df?s=96&d=mm&r=g","contentUrl":"https:\/\/secure.gravatar.com\/avatar\/49bbbd2420ee34d62b1b191791f4b5df?s=96&d=mm&r=g","caption":"Bilguissa Diallo"},"url":"https:\/\/guineediversite.com\/index.php\/author\/bilguissa\/"}]}},"_links":{"self":[{"href":"https:\/\/guineediversite.com\/index.php\/wp-json\/wp\/v2\/posts\/29491"}],"collection":[{"href":"https:\/\/guineediversite.com\/index.php\/wp-json\/wp\/v2\/posts"}],"about":[{"href":"https:\/\/guineediversite.com\/index.php\/wp-json\/wp\/v2\/types\/post"}],"author":[{"embeddable":true,"href":"https:\/\/guineediversite.com\/index.php\/wp-json\/wp\/v2\/users\/7"}],"replies":[{"embeddable":true,"href":"https:\/\/guineediversite.com\/index.php\/wp-json\/wp\/v2\/comments?post=29491"}],"version-history":[{"count":1,"href":"https:\/\/guineediversite.com\/index.php\/wp-json\/wp\/v2\/posts\/29491\/revisions"}],"predecessor-version":[{"id":29493,"href":"https:\/\/guineediversite.com\/index.php\/wp-json\/wp\/v2\/posts\/29491\/revisions\/29493"}],"wp:featuredmedia":[{"embeddable":true,"href":"https:\/\/guineediversite.com\/index.php\/wp-json\/wp\/v2\/media\/29492"}],"wp:attachment":[{"href":"https:\/\/guineediversite.com\/index.php\/wp-json\/wp\/v2\/media?parent=29491"}],"wp:term":[{"taxonomy":"category","embeddable":true,"href":"https:\/\/guineediversite.com\/index.php\/wp-json\/wp\/v2\/categories?post=29491"},{"taxonomy":"post_tag","embeddable":true,"href":"https:\/\/guineediversite.com\/index.php\/wp-json\/wp\/v2\/tags?post=29491"}],"curies":[{"name":"wp","href":"https:\/\/api.w.org\/{rel}","templated":true}]}}