{"id":29481,"date":"2020-06-15T20:27:17","date_gmt":"2020-06-15T18:27:17","guid":{"rendered":"https:\/\/guineediversite.com\/?p=29481"},"modified":"2020-06-15T23:03:12","modified_gmt":"2020-06-15T21:03:12","slug":"immigration-44-migrants-guineens-ont-ete-rapatries-depuis-le-niger","status":"publish","type":"post","link":"https:\/\/guineediversite.com\/index.php\/2020\/06\/15\/immigration-44-migrants-guineens-ont-ete-rapatries-depuis-le-niger\/","title":{"rendered":"Immigration\/ 44 migrants guin\u00e9ens ont \u00e9t\u00e9 rapatri\u00e9s depuis le Niger"},"content":{"rendered":"\n<p><strong>Ils sont au total 44 migrants qui ont \u00e9t\u00e9 rapatri\u00e9s depuis le Niger par l&rsquo;\u00c9tat guin\u00e9en avec l\u2019appui de l&rsquo;organisation internationale pour la migration (OIM).<\/strong><\/p>\n\n\n\n<p>Ces migrants ont \u00e9t\u00e9 r\u00e9ceptionn\u00e9 \u00e0 l&rsquo;a\u00e9roport de Conakry ce lundi 15 juin 2020, par le ministre des affaires \u00e9trang\u00e8res et des guin\u00e9ens de l&rsquo;\u00e9tranger, Mamady Tour\u00e9, ces jeunes migrants vont devoir faire 14 jours de confinement au centre d&rsquo;accueillent de Jean-Paul 2, avant d\u2019\u00eatre accueilli dans leurs familles respectives.<\/p>\n\n\n\n<p>Ces rapatri\u00e9s vont aussi recevoir des kits hygi\u00e9niques, alimentaires et une prime de 500 000 Fg, dans le cadre d&rsquo;une initiative de protection et de r\u00e9int\u00e9gration, port\u00e9 conjointement par l&rsquo;OIM et l&rsquo;union Europ\u00e9enne.<\/p>\n\n\n\n<p>Le ministre Mamady Tour\u00e9 se dit \u00eatre satisfait de cette op\u00e9ration en appui avec l&rsquo;OIM.<\/p>\n\n\n\n<p>\u00ab<em>Cette joie reste tout de m\u00eame incompl\u00e8te. Car certains de nos compatriotes restent bloqu\u00e9s encore \u00e0 Aguadeze. Des dispositions sont prises pour qu&rsquo;ils retournent eux aussi dans les meilleurs d\u00e9lais et qu&rsquo;ils retrouvent leurs familles et leurs proches \u00e0 travers une seconde vague de rapatriement qui aura lieu dans deux semaines<\/em>\u00bb a-t-il soulign\u00e9.<\/p>\n\n\n\n<p>Avant de rajouter : \u00ab<em>Effectivement, on avait pr\u00e9vu de rapatrier 150. Ceux que vous voyez ici \u00e9taient d\u00e9j\u00e0 arriv\u00e9s \u00e0 Niamey au Niger. Maintenant, il y a 100 autres qui devaient venir d&rsquo;Aguadeze, qui attendent. Vous savez l&rsquo;une des conditions pos\u00e9es par le Pr\u00e9sident de la R\u00e9publique, le Pr Alpha Cond\u00e9 dans le cadre du rapatriement des concitoyens, c&rsquo;est qu&rsquo;il y ait un test au d\u00e9part. Donc le gouvernement nig\u00e9rien a respect\u00e9 cela, ils ont fait un test. Il se trouvait que parmi les 100, il y a eu 2 qui ont \u00e9t\u00e9 test\u00e9s positifs. Donc \u00e7a cr\u00e9e un probl\u00e8me pour les Nig\u00e9riens. Qui ont disait qu&rsquo;on ne sait pas qui a \u00e9t\u00e9 contamin\u00e9 par ces deux. Donc par prudence, ils nous ont dit \u00e9couter, gardons ici d&rsquo;abord, ils vont passer par cette p\u00e9riode de confinement de 14 jours et apr\u00e8s cela on les embarque.\u00bb dans ces propos, il ne manquera pas de prodiguer des conseils aux migrants. \u00ab conformer scrupuleusement aux mesures sanitaires en vigueur. Dans le cadre de votre prise en charge pendant la p\u00e9riode de confinement de 14 jours.\u00bb<\/em><\/p>\n\n\n\n<p>Mme Fatou N&rsquo;diaye Diallo, chef de mission de l&rsquo;OIM, a quand elle rappelle la mission principale de ladite organisation, vis-\u00e0-vis de l\u2019\u00c9tat guin\u00e9en.<\/p>\n\n\n\n<p>&nbsp;\u00ab<em>La Guin\u00e9e \u00e9tant un \u00c9tat membre non seulement au sein des Nations unies, mais aussi au sein de l&rsquo;OIM. Donc, nous ne pouvons qu&rsquo;accompagner le gouvernement guin\u00e9en sur ces priorit\u00e9s par rapport aux d\u00e9plac\u00e9s, \u00e0 ses ressortissants qui sont un peu partout dans le monde aussi. Et surtout pendant cette crise sanitaire, qui les vuln\u00e9rabilisent encore plus. Assister le gouvernement \u00e0 rapatrier de fa\u00e7on volontaires, mais aussi de fa\u00e7on digne tous ces migrants qui ont d\u00e9cid\u00e9 de rentrer chez eux. Parce qu&rsquo;ils sont aussi entrain de souffrir de l&rsquo;autre c\u00f4t\u00e9. Dans tous les Pays aujourd&rsquo;hui, on sait que les probl\u00e8mes li\u00e9s \u00e0 cette crise COVID-19 impactent sur tout le monde<\/em>\u00bb a-t-elle indiqu\u00e9 en ce qui est de la nature de ce rapatriement.<\/p>\n","protected":false},"excerpt":{"rendered":"<p>Ils sont au total 44 migrants qui ont \u00e9t\u00e9 rapatri\u00e9s depuis le Niger par l&rsquo;\u00c9tat guin\u00e9en avec l\u2019appui de l&rsquo;organisation internationale pour la migration (OIM). Ces migrants ont \u00e9t\u00e9 r\u00e9ceptionn\u00e9 \u00e0 l&rsquo;a\u00e9roport de Conakry ce lundi 15 juin 2020, par le ministre des affaires \u00e9trang\u00e8res et des guin\u00e9ens de l&rsquo;\u00e9tranger, Mamady Tour\u00e9, ces jeunes migrants [&hellip;]<\/p>\n","protected":false},"author":10,"featured_media":29482,"comment_status":"closed","ping_status":"closed","sticky":false,"template":"","format":"standard","meta":{"_exactmetrics_skip_tracking":false,"_exactmetrics_sitenote_active":false,"_exactmetrics_sitenote_note":"","_exactmetrics_sitenote_category":0,"tdm_status":"","tdm_grid_status":"","footnotes":""},"categories":[16],"tags":[],"class_list":{"0":"post-29481","1":"post","2":"type-post","3":"status-publish","4":"format-standard","5":"has-post-thumbnail","7":"category-societe"},"yoast_head":"<!-- This site is optimized with the Yoast SEO plugin v24.2 - https:\/\/yoast.com\/wordpress\/plugins\/seo\/ -->\n<title>Immigration\/ 44 migrants guin\u00e9ens ont \u00e9t\u00e9 rapatri\u00e9s depuis le Niger | Guin\u00e9e Diversit\u00e9<\/title>\n<meta name=\"robots\" content=\"index, follow, max-snippet:-1, max-image-preview:large, max-video-preview:-1\" \/>\n<link rel=\"canonical\" href=\"https:\/\/guineediversite.com\/index.php\/2020\/06\/15\/immigration-44-migrants-guineens-ont-ete-rapatries-depuis-le-niger\/\" \/>\n<meta property=\"og:locale\" content=\"fr_FR\" \/>\n<meta property=\"og:type\" content=\"article\" \/>\n<meta property=\"og:title\" content=\"Immigration\/ 44 migrants guin\u00e9ens ont \u00e9t\u00e9 rapatri\u00e9s depuis le Niger | Guin\u00e9e Diversit\u00e9\" \/>\n<meta property=\"og:description\" content=\"Ils sont au total 44 migrants qui ont \u00e9t\u00e9 rapatri\u00e9s depuis le Niger par l&rsquo;\u00c9tat guin\u00e9en avec l\u2019appui de l&rsquo;organisation internationale pour la migration (OIM). Ces migrants ont \u00e9t\u00e9 r\u00e9ceptionn\u00e9 \u00e0 l&rsquo;a\u00e9roport de Conakry ce lundi 15 juin 2020, par le ministre des affaires \u00e9trang\u00e8res et des guin\u00e9ens de l&rsquo;\u00e9tranger, Mamady Tour\u00e9, ces jeunes migrants [&hellip;]\" \/>\n<meta property=\"og:url\" content=\"https:\/\/guineediversite.com\/index.php\/2020\/06\/15\/immigration-44-migrants-guineens-ont-ete-rapatries-depuis-le-niger\/\" \/>\n<meta property=\"og:site_name\" content=\"Guin\u00e9e Diversit\u00e9\" \/>\n<meta property=\"article:publisher\" content=\"https:\/\/www.facebook.com\/guineediversite\/\" \/>\n<meta property=\"article:published_time\" content=\"2020-06-15T18:27:17+00:00\" \/>\n<meta property=\"article:modified_time\" content=\"2020-06-15T21:03:12+00:00\" \/>\n<meta property=\"og:image\" content=\"https:\/\/guineediversite.com\/wp-content\/uploads\/2020\/06\/MIGRANTS-1.jpg\" \/>\n\t<meta property=\"og:image:width\" content=\"1500\" \/>\n\t<meta property=\"og:image:height\" content=\"845\" \/>\n\t<meta property=\"og:image:type\" content=\"image\/jpeg\" \/>\n<meta name=\"author\" content=\"Morcire Camara\" \/>\n<meta name=\"twitter:card\" content=\"summary_large_image\" \/>\n<meta name=\"twitter:creator\" content=\"@GuineeDiversite\" \/>\n<meta name=\"twitter:site\" content=\"@GuineeDiversite\" \/>\n<meta name=\"twitter:label1\" content=\"\u00c9crit par\" \/>\n\t<meta name=\"twitter:data1\" content=\"Morcire Camara\" \/>\n\t<meta name=\"twitter:label2\" content=\"Dur\u00e9e de lecture estim\u00e9e\" \/>\n\t<meta name=\"twitter:data2\" content=\"3 minutes\" \/>\n<script type=\"application\/ld+json\" class=\"yoast-schema-graph\">{\"@context\":\"https:\/\/schema.org\",\"@graph\":[{\"@type\":\"Article\",\"@id\":\"https:\/\/guineediversite.com\/index.php\/2020\/06\/15\/immigration-44-migrants-guineens-ont-ete-rapatries-depuis-le-niger\/#article\",\"isPartOf\":{\"@id\":\"https:\/\/guineediversite.com\/index.php\/2020\/06\/15\/immigration-44-migrants-guineens-ont-ete-rapatries-depuis-le-niger\/\"},\"author\":{\"name\":\"Morcire Camara\",\"@id\":\"https:\/\/guineediversite.com\/#\/schema\/person\/fa362494c47202ce4b3adf55abcc9d01\"},\"headline\":\"Immigration\/ 44 migrants guin\u00e9ens ont \u00e9t\u00e9 rapatri\u00e9s depuis le Niger\",\"datePublished\":\"2020-06-15T18:27:17+00:00\",\"dateModified\":\"2020-06-15T21:03:12+00:00\",\"mainEntityOfPage\":{\"@id\":\"https:\/\/guineediversite.com\/index.php\/2020\/06\/15\/immigration-44-migrants-guineens-ont-ete-rapatries-depuis-le-niger\/\"},\"wordCount\":565,\"publisher\":{\"@id\":\"https:\/\/guineediversite.com\/#organization\"},\"image\":{\"@id\":\"https:\/\/guineediversite.com\/index.php\/2020\/06\/15\/immigration-44-migrants-guineens-ont-ete-rapatries-depuis-le-niger\/#primaryimage\"},\"thumbnailUrl\":\"https:\/\/guineediversite.com\/wp-content\/uploads\/2020\/06\/MIGRANTS-1.jpg\",\"articleSection\":[\"Soci\u00e9t\u00e9\"],\"inLanguage\":\"fr-FR\"},{\"@type\":\"WebPage\",\"@id\":\"https:\/\/guineediversite.com\/index.php\/2020\/06\/15\/immigration-44-migrants-guineens-ont-ete-rapatries-depuis-le-niger\/\",\"url\":\"https:\/\/guineediversite.com\/index.php\/2020\/06\/15\/immigration-44-migrants-guineens-ont-ete-rapatries-depuis-le-niger\/\",\"name\":\"Immigration\/ 44 migrants guin\u00e9ens ont \u00e9t\u00e9 rapatri\u00e9s depuis le Niger | Guin\u00e9e Diversit\u00e9\",\"isPartOf\":{\"@id\":\"https:\/\/guineediversite.com\/#website\"},\"primaryImageOfPage\":{\"@id\":\"https:\/\/guineediversite.com\/index.php\/2020\/06\/15\/immigration-44-migrants-guineens-ont-ete-rapatries-depuis-le-niger\/#primaryimage\"},\"image\":{\"@id\":\"https:\/\/guineediversite.com\/index.php\/2020\/06\/15\/immigration-44-migrants-guineens-ont-ete-rapatries-depuis-le-niger\/#primaryimage\"},\"thumbnailUrl\":\"https:\/\/guineediversite.com\/wp-content\/uploads\/2020\/06\/MIGRANTS-1.jpg\",\"datePublished\":\"2020-06-15T18:27:17+00:00\",\"dateModified\":\"2020-06-15T21:03:12+00:00\",\"breadcrumb\":{\"@id\":\"https:\/\/guineediversite.com\/index.php\/2020\/06\/15\/immigration-44-migrants-guineens-ont-ete-rapatries-depuis-le-niger\/#breadcrumb\"},\"inLanguage\":\"fr-FR\",\"potentialAction\":[{\"@type\":\"ReadAction\",\"target\":[\"https:\/\/guineediversite.com\/index.php\/2020\/06\/15\/immigration-44-migrants-guineens-ont-ete-rapatries-depuis-le-niger\/\"]}]},{\"@type\":\"ImageObject\",\"inLanguage\":\"fr-FR\",\"@id\":\"https:\/\/guineediversite.com\/index.php\/2020\/06\/15\/immigration-44-migrants-guineens-ont-ete-rapatries-depuis-le-niger\/#primaryimage\",\"url\":\"https:\/\/guineediversite.com\/wp-content\/uploads\/2020\/06\/MIGRANTS-1.jpg\",\"contentUrl\":\"https:\/\/guineediversite.com\/wp-content\/uploads\/2020\/06\/MIGRANTS-1.jpg\",\"width\":1500,\"height\":845},{\"@type\":\"BreadcrumbList\",\"@id\":\"https:\/\/guineediversite.com\/index.php\/2020\/06\/15\/immigration-44-migrants-guineens-ont-ete-rapatries-depuis-le-niger\/#breadcrumb\",\"itemListElement\":[{\"@type\":\"ListItem\",\"position\":1,\"name\":\"Accueil\",\"item\":\"https:\/\/guineediversite.com\/\"},{\"@type\":\"ListItem\",\"position\":2,\"name\":\"Immigration\/ 44 migrants guin\u00e9ens ont \u00e9t\u00e9 rapatri\u00e9s depuis le Niger\"}]},{\"@type\":\"WebSite\",\"@id\":\"https:\/\/guineediversite.com\/#website\",\"url\":\"https:\/\/guineediversite.com\/\",\"name\":\"Guin\u00e9e Diversit\u00e9\",\"description\":\"L&#039;Info dans toute sa diversit\u00e9\",\"publisher\":{\"@id\":\"https:\/\/guineediversite.com\/#organization\"},\"potentialAction\":[{\"@type\":\"SearchAction\",\"target\":{\"@type\":\"EntryPoint\",\"urlTemplate\":\"https:\/\/guineediversite.com\/?s={search_term_string}\"},\"query-input\":{\"@type\":\"PropertyValueSpecification\",\"valueRequired\":true,\"valueName\":\"search_term_string\"}}],\"inLanguage\":\"fr-FR\"},{\"@type\":\"Organization\",\"@id\":\"https:\/\/guineediversite.com\/#organization\",\"name\":\"Guin\u00e9e Diversit\u00e9\",\"url\":\"https:\/\/guineediversite.com\/\",\"logo\":{\"@type\":\"ImageObject\",\"inLanguage\":\"fr-FR\",\"@id\":\"https:\/\/guineediversite.com\/#\/schema\/logo\/image\/\",\"url\":\"https:\/\/guineediversite.com\/wp-content\/uploads\/2017\/04\/cropped-1jojlxEOMkX9Wyqfhe43D6kjPOGqBBKmx3EwWJqZ0cMrFF54yM49.png\",\"contentUrl\":\"https:\/\/guineediversite.com\/wp-content\/uploads\/2017\/04\/cropped-1jojlxEOMkX9Wyqfhe43D6kjPOGqBBKmx3EwWJqZ0cMrFF54yM49.png\",\"width\":186,\"height\":112,\"caption\":\"Guin\u00e9e Diversit\u00e9\"},\"image\":{\"@id\":\"https:\/\/guineediversite.com\/#\/schema\/logo\/image\/\"},\"sameAs\":[\"https:\/\/www.facebook.com\/guineediversite\/\",\"https:\/\/x.com\/GuineeDiversite\",\"https:\/\/www.youtube.com\/channel\/UC8sUY16qelG5ge6_D5SB83g\"]},{\"@type\":\"Person\",\"@id\":\"https:\/\/guineediversite.com\/#\/schema\/person\/fa362494c47202ce4b3adf55abcc9d01\",\"name\":\"Morcire Camara\",\"image\":{\"@type\":\"ImageObject\",\"inLanguage\":\"fr-FR\",\"@id\":\"https:\/\/guineediversite.com\/#\/schema\/person\/image\/\",\"url\":\"https:\/\/secure.gravatar.com\/avatar\/3ec324f02295bbcebe03d99b39330ab4?s=96&d=mm&r=g\",\"contentUrl\":\"https:\/\/secure.gravatar.com\/avatar\/3ec324f02295bbcebe03d99b39330ab4?s=96&d=mm&r=g\",\"caption\":\"Morcire Camara\"},\"url\":\"https:\/\/guineediversite.com\/index.php\/author\/morcire\/\"}]}<\/script>\n<!-- \/ Yoast SEO plugin. -->","yoast_head_json":{"title":"Immigration\/ 44 migrants guin\u00e9ens ont \u00e9t\u00e9 rapatri\u00e9s depuis le Niger | Guin\u00e9e Diversit\u00e9","robots":{"index":"index","follow":"follow","max-snippet":"max-snippet:-1","max-image-preview":"max-image-preview:large","max-video-preview":"max-video-preview:-1"},"canonical":"https:\/\/guineediversite.com\/index.php\/2020\/06\/15\/immigration-44-migrants-guineens-ont-ete-rapatries-depuis-le-niger\/","og_locale":"fr_FR","og_type":"article","og_title":"Immigration\/ 44 migrants guin\u00e9ens ont \u00e9t\u00e9 rapatri\u00e9s depuis le Niger | Guin\u00e9e Diversit\u00e9","og_description":"Ils sont au total 44 migrants qui ont \u00e9t\u00e9 rapatri\u00e9s depuis le Niger par l&rsquo;\u00c9tat guin\u00e9en avec l\u2019appui de l&rsquo;organisation internationale pour la migration (OIM). Ces migrants ont \u00e9t\u00e9 r\u00e9ceptionn\u00e9 \u00e0 l&rsquo;a\u00e9roport de Conakry ce lundi 15 juin 2020, par le ministre des affaires \u00e9trang\u00e8res et des guin\u00e9ens de l&rsquo;\u00e9tranger, Mamady Tour\u00e9, ces jeunes migrants [&hellip;]","og_url":"https:\/\/guineediversite.com\/index.php\/2020\/06\/15\/immigration-44-migrants-guineens-ont-ete-rapatries-depuis-le-niger\/","og_site_name":"Guin\u00e9e Diversit\u00e9","article_publisher":"https:\/\/www.facebook.com\/guineediversite\/","article_published_time":"2020-06-15T18:27:17+00:00","article_modified_time":"2020-06-15T21:03:12+00:00","og_image":[{"width":1500,"height":845,"url":"https:\/\/guineediversite.com\/wp-content\/uploads\/2020\/06\/MIGRANTS-1.jpg","type":"image\/jpeg"}],"author":"Morcire Camara","twitter_card":"summary_large_image","twitter_creator":"@GuineeDiversite","twitter_site":"@GuineeDiversite","twitter_misc":{"\u00c9crit par":"Morcire Camara","Dur\u00e9e de lecture estim\u00e9e":"3 minutes"},"schema":{"@context":"https:\/\/schema.org","@graph":[{"@type":"Article","@id":"https:\/\/guineediversite.com\/index.php\/2020\/06\/15\/immigration-44-migrants-guineens-ont-ete-rapatries-depuis-le-niger\/#article","isPartOf":{"@id":"https:\/\/guineediversite.com\/index.php\/2020\/06\/15\/immigration-44-migrants-guineens-ont-ete-rapatries-depuis-le-niger\/"},"author":{"name":"Morcire Camara","@id":"https:\/\/guineediversite.com\/#\/schema\/person\/fa362494c47202ce4b3adf55abcc9d01"},"headline":"Immigration\/ 44 migrants guin\u00e9ens ont \u00e9t\u00e9 rapatri\u00e9s depuis le Niger","datePublished":"2020-06-15T18:27:17+00:00","dateModified":"2020-06-15T21:03:12+00:00","mainEntityOfPage":{"@id":"https:\/\/guineediversite.com\/index.php\/2020\/06\/15\/immigration-44-migrants-guineens-ont-ete-rapatries-depuis-le-niger\/"},"wordCount":565,"publisher":{"@id":"https:\/\/guineediversite.com\/#organization"},"image":{"@id":"https:\/\/guineediversite.com\/index.php\/2020\/06\/15\/immigration-44-migrants-guineens-ont-ete-rapatries-depuis-le-niger\/#primaryimage"},"thumbnailUrl":"https:\/\/guineediversite.com\/wp-content\/uploads\/2020\/06\/MIGRANTS-1.jpg","articleSection":["Soci\u00e9t\u00e9"],"inLanguage":"fr-FR"},{"@type":"WebPage","@id":"https:\/\/guineediversite.com\/index.php\/2020\/06\/15\/immigration-44-migrants-guineens-ont-ete-rapatries-depuis-le-niger\/","url":"https:\/\/guineediversite.com\/index.php\/2020\/06\/15\/immigration-44-migrants-guineens-ont-ete-rapatries-depuis-le-niger\/","name":"Immigration\/ 44 migrants guin\u00e9ens ont \u00e9t\u00e9 rapatri\u00e9s depuis le Niger | Guin\u00e9e Diversit\u00e9","isPartOf":{"@id":"https:\/\/guineediversite.com\/#website"},"primaryImageOfPage":{"@id":"https:\/\/guineediversite.com\/index.php\/2020\/06\/15\/immigration-44-migrants-guineens-ont-ete-rapatries-depuis-le-niger\/#primaryimage"},"image":{"@id":"https:\/\/guineediversite.com\/index.php\/2020\/06\/15\/immigration-44-migrants-guineens-ont-ete-rapatries-depuis-le-niger\/#primaryimage"},"thumbnailUrl":"https:\/\/guineediversite.com\/wp-content\/uploads\/2020\/06\/MIGRANTS-1.jpg","datePublished":"2020-06-15T18:27:17+00:00","dateModified":"2020-06-15T21:03:12+00:00","breadcrumb":{"@id":"https:\/\/guineediversite.com\/index.php\/2020\/06\/15\/immigration-44-migrants-guineens-ont-ete-rapatries-depuis-le-niger\/#breadcrumb"},"inLanguage":"fr-FR","potentialAction":[{"@type":"ReadAction","target":["https:\/\/guineediversite.com\/index.php\/2020\/06\/15\/immigration-44-migrants-guineens-ont-ete-rapatries-depuis-le-niger\/"]}]},{"@type":"ImageObject","inLanguage":"fr-FR","@id":"https:\/\/guineediversite.com\/index.php\/2020\/06\/15\/immigration-44-migrants-guineens-ont-ete-rapatries-depuis-le-niger\/#primaryimage","url":"https:\/\/guineediversite.com\/wp-content\/uploads\/2020\/06\/MIGRANTS-1.jpg","contentUrl":"https:\/\/guineediversite.com\/wp-content\/uploads\/2020\/06\/MIGRANTS-1.jpg","width":1500,"height":845},{"@type":"BreadcrumbList","@id":"https:\/\/guineediversite.com\/index.php\/2020\/06\/15\/immigration-44-migrants-guineens-ont-ete-rapatries-depuis-le-niger\/#breadcrumb","itemListElement":[{"@type":"ListItem","position":1,"name":"Accueil","item":"https:\/\/guineediversite.com\/"},{"@type":"ListItem","position":2,"name":"Immigration\/ 44 migrants guin\u00e9ens ont \u00e9t\u00e9 rapatri\u00e9s depuis le Niger"}]},{"@type":"WebSite","@id":"https:\/\/guineediversite.com\/#website","url":"https:\/\/guineediversite.com\/","name":"Guin\u00e9e Diversit\u00e9","description":"L&#039;Info dans toute sa diversit\u00e9","publisher":{"@id":"https:\/\/guineediversite.com\/#organization"},"potentialAction":[{"@type":"SearchAction","target":{"@type":"EntryPoint","urlTemplate":"https:\/\/guineediversite.com\/?s={search_term_string}"},"query-input":{"@type":"PropertyValueSpecification","valueRequired":true,"valueName":"search_term_string"}}],"inLanguage":"fr-FR"},{"@type":"Organization","@id":"https:\/\/guineediversite.com\/#organization","name":"Guin\u00e9e Diversit\u00e9","url":"https:\/\/guineediversite.com\/","logo":{"@type":"ImageObject","inLanguage":"fr-FR","@id":"https:\/\/guineediversite.com\/#\/schema\/logo\/image\/","url":"https:\/\/guineediversite.com\/wp-content\/uploads\/2017\/04\/cropped-1jojlxEOMkX9Wyqfhe43D6kjPOGqBBKmx3EwWJqZ0cMrFF54yM49.png","contentUrl":"https:\/\/guineediversite.com\/wp-content\/uploads\/2017\/04\/cropped-1jojlxEOMkX9Wyqfhe43D6kjPOGqBBKmx3EwWJqZ0cMrFF54yM49.png","width":186,"height":112,"caption":"Guin\u00e9e Diversit\u00e9"},"image":{"@id":"https:\/\/guineediversite.com\/#\/schema\/logo\/image\/"},"sameAs":["https:\/\/www.facebook.com\/guineediversite\/","https:\/\/x.com\/GuineeDiversite","https:\/\/www.youtube.com\/channel\/UC8sUY16qelG5ge6_D5SB83g"]},{"@type":"Person","@id":"https:\/\/guineediversite.com\/#\/schema\/person\/fa362494c47202ce4b3adf55abcc9d01","name":"Morcire Camara","image":{"@type":"ImageObject","inLanguage":"fr-FR","@id":"https:\/\/guineediversite.com\/#\/schema\/person\/image\/","url":"https:\/\/secure.gravatar.com\/avatar\/3ec324f02295bbcebe03d99b39330ab4?s=96&d=mm&r=g","contentUrl":"https:\/\/secure.gravatar.com\/avatar\/3ec324f02295bbcebe03d99b39330ab4?s=96&d=mm&r=g","caption":"Morcire Camara"},"url":"https:\/\/guineediversite.com\/index.php\/author\/morcire\/"}]}},"_links":{"self":[{"href":"https:\/\/guineediversite.com\/index.php\/wp-json\/wp\/v2\/posts\/29481"}],"collection":[{"href":"https:\/\/guineediversite.com\/index.php\/wp-json\/wp\/v2\/posts"}],"about":[{"href":"https:\/\/guineediversite.com\/index.php\/wp-json\/wp\/v2\/types\/post"}],"author":[{"embeddable":true,"href":"https:\/\/guineediversite.com\/index.php\/wp-json\/wp\/v2\/users\/10"}],"replies":[{"embeddable":true,"href":"https:\/\/guineediversite.com\/index.php\/wp-json\/wp\/v2\/comments?post=29481"}],"version-history":[{"count":2,"href":"https:\/\/guineediversite.com\/index.php\/wp-json\/wp\/v2\/posts\/29481\/revisions"}],"predecessor-version":[{"id":29487,"href":"https:\/\/guineediversite.com\/index.php\/wp-json\/wp\/v2\/posts\/29481\/revisions\/29487"}],"wp:featuredmedia":[{"embeddable":true,"href":"https:\/\/guineediversite.com\/index.php\/wp-json\/wp\/v2\/media\/29482"}],"wp:attachment":[{"href":"https:\/\/guineediversite.com\/index.php\/wp-json\/wp\/v2\/media?parent=29481"}],"wp:term":[{"taxonomy":"category","embeddable":true,"href":"https:\/\/guineediversite.com\/index.php\/wp-json\/wp\/v2\/categories?post=29481"},{"taxonomy":"post_tag","embeddable":true,"href":"https:\/\/guineediversite.com\/index.php\/wp-json\/wp\/v2\/tags?post=29481"}],"curies":[{"name":"wp","href":"https:\/\/api.w.org\/{rel}","templated":true}]}}