{"id":29416,"date":"2020-06-08T12:29:44","date_gmt":"2020-06-08T10:29:44","guid":{"rendered":"https:\/\/guineediversite.com\/?p=29416"},"modified":"2020-06-08T12:29:48","modified_gmt":"2020-06-08T10:29:48","slug":"apres-la-mort-de-george-floyd-la-police-de-minneapolis-bientot-reformee","status":"publish","type":"post","link":"https:\/\/guineediversite.com\/index.php\/2020\/06\/08\/apres-la-mort-de-george-floyd-la-police-de-minneapolis-bientot-reformee\/","title":{"rendered":"Apr\u00e8s la mort de George Floyd, la police de Minneapolis bient\u00f4t r\u00e9form\u00e9e?"},"content":{"rendered":"\n<p>Apr\u00e8s la mort de George Floyd, le conseil municipal de Minneapolis a promis de d\u00e9manteler la police accus\u00e9e de racisme depuis des ann\u00e9es. Une d\u00e9cision qui serait in\u00e9dite et dont les contours sont encore tr\u00e8s flous.<\/p>\n\n\n\n<p>&nbsp;\u00ab&nbsp;<em>Defund the police.<\/em>&nbsp;\u00bb&nbsp;C\u2019est l\u2019un des cris de ralliement des manifestants depuis la mort de <a href=\"http:\/\/www.rfi.fr\/fr\/podcasts\/20200606-vid\u00e9o-la-mort-george-floyd-ce-que-dit-l-analyse-images\" target=\"_blank\" rel=\"noreferrer noopener\"><strong>George Floyd<\/strong><\/a>. C\u2019est-\u00e0-dire d\u00e9manteler, voire abolir une police d\u00e9test\u00e9e et transf\u00e9rer ses financements vers d\u2019autres activit\u00e9s.<\/p>\n\n\n\n<p>Samedi, \u00e0 l\u2019appel de l\u2019organisation Black Visions, en pointe des manifestations, des protestataires s\u2019\u00e9taient retrouv\u00e9s sous les fen\u00eatres du domicile du maire d\u00e9mocrate de la ville pour le forcer \u00e0 se prononcer sur la question. Jacob Frey s\u2019est dit oppos\u00e9 \u00e0 tout d\u00e9mant\u00e8lement de la police et a d\u00fb quitter la manifestation sous les hu\u00e9es. Mais le lendemain, lors d\u2019une autre manifestation, neuf \u00e9lus de Minneapolis, c\u2019est-\u00e0-dire une majorit\u00e9 suffisante pour contourner son veto, ont promis de lancer ce processus de d\u00e9mant\u00e8lement. Responsable de nombreux morts, le Minneapolis Police Department est selon eux raciste et irr\u00e9formable.<\/p>\n\n\n\n<p>La directrice de Black Visions, qui milite pour la disparition de la police, s\u2019en est imm\u00e9diatement f\u00e9licit\u00e9e. \u00ab&nbsp;<em>Nous sommes plus en s\u00e9curit\u00e9,<\/em> dit Kandace Montgomery, <em>sans ces patrouilles arm\u00e9es pay\u00e9es par l\u2019\u00c9tat qui chassent les personnes noires sans rendre de compte \u00e0 personne. Mais,<\/em> dit-elle, <em>il n\u2019aurait pas d\u00fb y avoir tant de morts pour en arriver l\u00e0.<\/em>&nbsp;\u00bb&nbsp;Pour autant, nul ne semble savoir \u00e0 quoi ressemblerait ce nouveau syst\u00e8me s\u00e9curitaire. Les \u00e9lus disent eux-m\u00eames n\u2019avoir aucun projet sp\u00e9cifique mais promettent d\u2019y r\u00e9fl\u00e9chir avec les habitants.<\/p>\n\n\n\n<p>RFI<\/p>\n","protected":false},"excerpt":{"rendered":"<p>Apr\u00e8s la mort de George Floyd, le conseil municipal de Minneapolis a promis de d\u00e9manteler la police accus\u00e9e de racisme depuis des ann\u00e9es. Une d\u00e9cision qui serait in\u00e9dite et dont les contours sont encore tr\u00e8s flous. &nbsp;\u00ab&nbsp;Defund the police.&nbsp;\u00bb&nbsp;C\u2019est l\u2019un des cris de ralliement des manifestants depuis la mort de George Floyd. C\u2019est-\u00e0-dire d\u00e9manteler, voire [&hellip;]<\/p>\n","protected":false},"author":12,"featured_media":29417,"comment_status":"closed","ping_status":"closed","sticky":false,"template":"","format":"standard","meta":{"_exactmetrics_skip_tracking":false,"_exactmetrics_sitenote_active":false,"_exactmetrics_sitenote_note":"","_exactmetrics_sitenote_category":0,"tdm_status":"","tdm_grid_status":"","footnotes":""},"categories":[21],"tags":[],"class_list":{"0":"post-29416","1":"post","2":"type-post","3":"status-publish","4":"format-standard","5":"has-post-thumbnail","7":"category-international"},"yoast_head":"<!-- This site is optimized with the Yoast SEO plugin v24.2 - https:\/\/yoast.com\/wordpress\/plugins\/seo\/ -->\n<title>Apr\u00e8s la mort de George Floyd, la police de Minneapolis bient\u00f4t r\u00e9form\u00e9e? | Guin\u00e9e Diversit\u00e9<\/title>\n<meta name=\"robots\" content=\"index, follow, max-snippet:-1, max-image-preview:large, max-video-preview:-1\" \/>\n<link rel=\"canonical\" href=\"https:\/\/guineediversite.com\/index.php\/2020\/06\/08\/apres-la-mort-de-george-floyd-la-police-de-minneapolis-bientot-reformee\/\" \/>\n<meta property=\"og:locale\" content=\"fr_FR\" \/>\n<meta property=\"og:type\" content=\"article\" \/>\n<meta property=\"og:title\" content=\"Apr\u00e8s la mort de George Floyd, la police de Minneapolis bient\u00f4t r\u00e9form\u00e9e? | Guin\u00e9e Diversit\u00e9\" \/>\n<meta property=\"og:description\" content=\"Apr\u00e8s la mort de George Floyd, le conseil municipal de Minneapolis a promis de d\u00e9manteler la police accus\u00e9e de racisme depuis des ann\u00e9es. Une d\u00e9cision qui serait in\u00e9dite et dont les contours sont encore tr\u00e8s flous. &nbsp;\u00ab&nbsp;Defund the police.&nbsp;\u00bb&nbsp;C\u2019est l\u2019un des cris de ralliement des manifestants depuis la mort de George Floyd. C\u2019est-\u00e0-dire d\u00e9manteler, voire [&hellip;]\" \/>\n<meta property=\"og:url\" content=\"https:\/\/guineediversite.com\/index.php\/2020\/06\/08\/apres-la-mort-de-george-floyd-la-police-de-minneapolis-bientot-reformee\/\" \/>\n<meta property=\"og:site_name\" content=\"Guin\u00e9e Diversit\u00e9\" \/>\n<meta property=\"article:publisher\" content=\"https:\/\/www.facebook.com\/guineediversite\/\" \/>\n<meta property=\"article:published_time\" content=\"2020-06-08T10:29:44+00:00\" \/>\n<meta property=\"article:modified_time\" content=\"2020-06-08T10:29:48+00:00\" \/>\n<meta property=\"og:image\" content=\"https:\/\/guineediversite.com\/wp-content\/uploads\/2020\/06\/Des-membres-de-la-police-de-Minneapolis-lors-dune-manifestation-apr\u00e8s-la-mort-de-George-Floyd.jpg\" \/>\n\t<meta property=\"og:image:width\" content=\"1500\" \/>\n\t<meta property=\"og:image:height\" content=\"843\" \/>\n\t<meta property=\"og:image:type\" content=\"image\/jpeg\" \/>\n<meta name=\"author\" content=\"Guin\u00e9e Diversit\u00e9\" \/>\n<meta name=\"twitter:card\" content=\"summary_large_image\" \/>\n<meta name=\"twitter:creator\" content=\"@GuineeDiversite\" \/>\n<meta name=\"twitter:site\" content=\"@GuineeDiversite\" \/>\n<meta name=\"twitter:label1\" content=\"\u00c9crit par\" \/>\n\t<meta name=\"twitter:data1\" content=\"Guin\u00e9e Diversit\u00e9\" \/>\n\t<meta name=\"twitter:label2\" content=\"Dur\u00e9e de lecture estim\u00e9e\" \/>\n\t<meta name=\"twitter:data2\" content=\"2 minutes\" \/>\n<script type=\"application\/ld+json\" class=\"yoast-schema-graph\">{\"@context\":\"https:\/\/schema.org\",\"@graph\":[{\"@type\":\"Article\",\"@id\":\"https:\/\/guineediversite.com\/index.php\/2020\/06\/08\/apres-la-mort-de-george-floyd-la-police-de-minneapolis-bientot-reformee\/#article\",\"isPartOf\":{\"@id\":\"https:\/\/guineediversite.com\/index.php\/2020\/06\/08\/apres-la-mort-de-george-floyd-la-police-de-minneapolis-bientot-reformee\/\"},\"author\":{\"name\":\"Guin\u00e9e Diversit\u00e9\",\"@id\":\"https:\/\/guineediversite.com\/#\/schema\/person\/afa08fb34e7fc6e1feafc892612bc836\"},\"headline\":\"Apr\u00e8s la mort de George Floyd, la police de Minneapolis bient\u00f4t r\u00e9form\u00e9e?\",\"datePublished\":\"2020-06-08T10:29:44+00:00\",\"dateModified\":\"2020-06-08T10:29:48+00:00\",\"mainEntityOfPage\":{\"@id\":\"https:\/\/guineediversite.com\/index.php\/2020\/06\/08\/apres-la-mort-de-george-floyd-la-police-de-minneapolis-bientot-reformee\/\"},\"wordCount\":318,\"publisher\":{\"@id\":\"https:\/\/guineediversite.com\/#organization\"},\"image\":{\"@id\":\"https:\/\/guineediversite.com\/index.php\/2020\/06\/08\/apres-la-mort-de-george-floyd-la-police-de-minneapolis-bientot-reformee\/#primaryimage\"},\"thumbnailUrl\":\"https:\/\/guineediversite.com\/wp-content\/uploads\/2020\/06\/Des-membres-de-la-police-de-Minneapolis-lors-dune-manifestation-apr\u00e8s-la-mort-de-George-Floyd.jpg\",\"articleSection\":[\"International\"],\"inLanguage\":\"fr-FR\"},{\"@type\":\"WebPage\",\"@id\":\"https:\/\/guineediversite.com\/index.php\/2020\/06\/08\/apres-la-mort-de-george-floyd-la-police-de-minneapolis-bientot-reformee\/\",\"url\":\"https:\/\/guineediversite.com\/index.php\/2020\/06\/08\/apres-la-mort-de-george-floyd-la-police-de-minneapolis-bientot-reformee\/\",\"name\":\"Apr\u00e8s la mort de George Floyd, la police de Minneapolis bient\u00f4t r\u00e9form\u00e9e? | Guin\u00e9e Diversit\u00e9\",\"isPartOf\":{\"@id\":\"https:\/\/guineediversite.com\/#website\"},\"primaryImageOfPage\":{\"@id\":\"https:\/\/guineediversite.com\/index.php\/2020\/06\/08\/apres-la-mort-de-george-floyd-la-police-de-minneapolis-bientot-reformee\/#primaryimage\"},\"image\":{\"@id\":\"https:\/\/guineediversite.com\/index.php\/2020\/06\/08\/apres-la-mort-de-george-floyd-la-police-de-minneapolis-bientot-reformee\/#primaryimage\"},\"thumbnailUrl\":\"https:\/\/guineediversite.com\/wp-content\/uploads\/2020\/06\/Des-membres-de-la-police-de-Minneapolis-lors-dune-manifestation-apr\u00e8s-la-mort-de-George-Floyd.jpg\",\"datePublished\":\"2020-06-08T10:29:44+00:00\",\"dateModified\":\"2020-06-08T10:29:48+00:00\",\"breadcrumb\":{\"@id\":\"https:\/\/guineediversite.com\/index.php\/2020\/06\/08\/apres-la-mort-de-george-floyd-la-police-de-minneapolis-bientot-reformee\/#breadcrumb\"},\"inLanguage\":\"fr-FR\",\"potentialAction\":[{\"@type\":\"ReadAction\",\"target\":[\"https:\/\/guineediversite.com\/index.php\/2020\/06\/08\/apres-la-mort-de-george-floyd-la-police-de-minneapolis-bientot-reformee\/\"]}]},{\"@type\":\"ImageObject\",\"inLanguage\":\"fr-FR\",\"@id\":\"https:\/\/guineediversite.com\/index.php\/2020\/06\/08\/apres-la-mort-de-george-floyd-la-police-de-minneapolis-bientot-reformee\/#primaryimage\",\"url\":\"https:\/\/guineediversite.com\/wp-content\/uploads\/2020\/06\/Des-membres-de-la-police-de-Minneapolis-lors-dune-manifestation-apr\u00e8s-la-mort-de-George-Floyd.jpg\",\"contentUrl\":\"https:\/\/guineediversite.com\/wp-content\/uploads\/2020\/06\/Des-membres-de-la-police-de-Minneapolis-lors-dune-manifestation-apr\u00e8s-la-mort-de-George-Floyd.jpg\",\"width\":1500,\"height\":843},{\"@type\":\"BreadcrumbList\",\"@id\":\"https:\/\/guineediversite.com\/index.php\/2020\/06\/08\/apres-la-mort-de-george-floyd-la-police-de-minneapolis-bientot-reformee\/#breadcrumb\",\"itemListElement\":[{\"@type\":\"ListItem\",\"position\":1,\"name\":\"Accueil\",\"item\":\"https:\/\/guineediversite.com\/\"},{\"@type\":\"ListItem\",\"position\":2,\"name\":\"Apr\u00e8s la mort de George Floyd, la police de Minneapolis bient\u00f4t r\u00e9form\u00e9e?\"}]},{\"@type\":\"WebSite\",\"@id\":\"https:\/\/guineediversite.com\/#website\",\"url\":\"https:\/\/guineediversite.com\/\",\"name\":\"Guin\u00e9e Diversit\u00e9\",\"description\":\"L&#039;Info dans toute sa diversit\u00e9\",\"publisher\":{\"@id\":\"https:\/\/guineediversite.com\/#organization\"},\"potentialAction\":[{\"@type\":\"SearchAction\",\"target\":{\"@type\":\"EntryPoint\",\"urlTemplate\":\"https:\/\/guineediversite.com\/?s={search_term_string}\"},\"query-input\":{\"@type\":\"PropertyValueSpecification\",\"valueRequired\":true,\"valueName\":\"search_term_string\"}}],\"inLanguage\":\"fr-FR\"},{\"@type\":\"Organization\",\"@id\":\"https:\/\/guineediversite.com\/#organization\",\"name\":\"Guin\u00e9e Diversit\u00e9\",\"url\":\"https:\/\/guineediversite.com\/\",\"logo\":{\"@type\":\"ImageObject\",\"inLanguage\":\"fr-FR\",\"@id\":\"https:\/\/guineediversite.com\/#\/schema\/logo\/image\/\",\"url\":\"https:\/\/guineediversite.com\/wp-content\/uploads\/2017\/04\/cropped-1jojlxEOMkX9Wyqfhe43D6kjPOGqBBKmx3EwWJqZ0cMrFF54yM49.png\",\"contentUrl\":\"https:\/\/guineediversite.com\/wp-content\/uploads\/2017\/04\/cropped-1jojlxEOMkX9Wyqfhe43D6kjPOGqBBKmx3EwWJqZ0cMrFF54yM49.png\",\"width\":186,\"height\":112,\"caption\":\"Guin\u00e9e Diversit\u00e9\"},\"image\":{\"@id\":\"https:\/\/guineediversite.com\/#\/schema\/logo\/image\/\"},\"sameAs\":[\"https:\/\/www.facebook.com\/guineediversite\/\",\"https:\/\/x.com\/GuineeDiversite\",\"https:\/\/www.youtube.com\/channel\/UC8sUY16qelG5ge6_D5SB83g\"]},{\"@type\":\"Person\",\"@id\":\"https:\/\/guineediversite.com\/#\/schema\/person\/afa08fb34e7fc6e1feafc892612bc836\",\"name\":\"Guin\u00e9e Diversit\u00e9\",\"image\":{\"@type\":\"ImageObject\",\"inLanguage\":\"fr-FR\",\"@id\":\"https:\/\/guineediversite.com\/#\/schema\/person\/image\/\",\"url\":\"https:\/\/secure.gravatar.com\/avatar\/50d5eb5b390f8b65ac30ac6f898eb83a?s=96&d=mm&r=g\",\"contentUrl\":\"https:\/\/secure.gravatar.com\/avatar\/50d5eb5b390f8b65ac30ac6f898eb83a?s=96&d=mm&r=g\",\"caption\":\"Guin\u00e9e Diversit\u00e9\"},\"url\":\"https:\/\/guineediversite.com\/index.php\/author\/guineediversite\/\"}]}<\/script>\n<!-- \/ Yoast SEO plugin. -->","yoast_head_json":{"title":"Apr\u00e8s la mort de George Floyd, la police de Minneapolis bient\u00f4t r\u00e9form\u00e9e? | Guin\u00e9e Diversit\u00e9","robots":{"index":"index","follow":"follow","max-snippet":"max-snippet:-1","max-image-preview":"max-image-preview:large","max-video-preview":"max-video-preview:-1"},"canonical":"https:\/\/guineediversite.com\/index.php\/2020\/06\/08\/apres-la-mort-de-george-floyd-la-police-de-minneapolis-bientot-reformee\/","og_locale":"fr_FR","og_type":"article","og_title":"Apr\u00e8s la mort de George Floyd, la police de Minneapolis bient\u00f4t r\u00e9form\u00e9e? | Guin\u00e9e Diversit\u00e9","og_description":"Apr\u00e8s la mort de George Floyd, le conseil municipal de Minneapolis a promis de d\u00e9manteler la police accus\u00e9e de racisme depuis des ann\u00e9es. Une d\u00e9cision qui serait in\u00e9dite et dont les contours sont encore tr\u00e8s flous. &nbsp;\u00ab&nbsp;Defund the police.&nbsp;\u00bb&nbsp;C\u2019est l\u2019un des cris de ralliement des manifestants depuis la mort de George Floyd. C\u2019est-\u00e0-dire d\u00e9manteler, voire [&hellip;]","og_url":"https:\/\/guineediversite.com\/index.php\/2020\/06\/08\/apres-la-mort-de-george-floyd-la-police-de-minneapolis-bientot-reformee\/","og_site_name":"Guin\u00e9e Diversit\u00e9","article_publisher":"https:\/\/www.facebook.com\/guineediversite\/","article_published_time":"2020-06-08T10:29:44+00:00","article_modified_time":"2020-06-08T10:29:48+00:00","og_image":[{"width":1500,"height":843,"url":"https:\/\/guineediversite.com\/wp-content\/uploads\/2020\/06\/Des-membres-de-la-police-de-Minneapolis-lors-dune-manifestation-apr\u00e8s-la-mort-de-George-Floyd.jpg","type":"image\/jpeg"}],"author":"Guin\u00e9e Diversit\u00e9","twitter_card":"summary_large_image","twitter_creator":"@GuineeDiversite","twitter_site":"@GuineeDiversite","twitter_misc":{"\u00c9crit par":"Guin\u00e9e Diversit\u00e9","Dur\u00e9e de lecture estim\u00e9e":"2 minutes"},"schema":{"@context":"https:\/\/schema.org","@graph":[{"@type":"Article","@id":"https:\/\/guineediversite.com\/index.php\/2020\/06\/08\/apres-la-mort-de-george-floyd-la-police-de-minneapolis-bientot-reformee\/#article","isPartOf":{"@id":"https:\/\/guineediversite.com\/index.php\/2020\/06\/08\/apres-la-mort-de-george-floyd-la-police-de-minneapolis-bientot-reformee\/"},"author":{"name":"Guin\u00e9e Diversit\u00e9","@id":"https:\/\/guineediversite.com\/#\/schema\/person\/afa08fb34e7fc6e1feafc892612bc836"},"headline":"Apr\u00e8s la mort de George Floyd, la police de Minneapolis bient\u00f4t r\u00e9form\u00e9e?","datePublished":"2020-06-08T10:29:44+00:00","dateModified":"2020-06-08T10:29:48+00:00","mainEntityOfPage":{"@id":"https:\/\/guineediversite.com\/index.php\/2020\/06\/08\/apres-la-mort-de-george-floyd-la-police-de-minneapolis-bientot-reformee\/"},"wordCount":318,"publisher":{"@id":"https:\/\/guineediversite.com\/#organization"},"image":{"@id":"https:\/\/guineediversite.com\/index.php\/2020\/06\/08\/apres-la-mort-de-george-floyd-la-police-de-minneapolis-bientot-reformee\/#primaryimage"},"thumbnailUrl":"https:\/\/guineediversite.com\/wp-content\/uploads\/2020\/06\/Des-membres-de-la-police-de-Minneapolis-lors-dune-manifestation-apr\u00e8s-la-mort-de-George-Floyd.jpg","articleSection":["International"],"inLanguage":"fr-FR"},{"@type":"WebPage","@id":"https:\/\/guineediversite.com\/index.php\/2020\/06\/08\/apres-la-mort-de-george-floyd-la-police-de-minneapolis-bientot-reformee\/","url":"https:\/\/guineediversite.com\/index.php\/2020\/06\/08\/apres-la-mort-de-george-floyd-la-police-de-minneapolis-bientot-reformee\/","name":"Apr\u00e8s la mort de George Floyd, la police de Minneapolis bient\u00f4t r\u00e9form\u00e9e? | Guin\u00e9e Diversit\u00e9","isPartOf":{"@id":"https:\/\/guineediversite.com\/#website"},"primaryImageOfPage":{"@id":"https:\/\/guineediversite.com\/index.php\/2020\/06\/08\/apres-la-mort-de-george-floyd-la-police-de-minneapolis-bientot-reformee\/#primaryimage"},"image":{"@id":"https:\/\/guineediversite.com\/index.php\/2020\/06\/08\/apres-la-mort-de-george-floyd-la-police-de-minneapolis-bientot-reformee\/#primaryimage"},"thumbnailUrl":"https:\/\/guineediversite.com\/wp-content\/uploads\/2020\/06\/Des-membres-de-la-police-de-Minneapolis-lors-dune-manifestation-apr\u00e8s-la-mort-de-George-Floyd.jpg","datePublished":"2020-06-08T10:29:44+00:00","dateModified":"2020-06-08T10:29:48+00:00","breadcrumb":{"@id":"https:\/\/guineediversite.com\/index.php\/2020\/06\/08\/apres-la-mort-de-george-floyd-la-police-de-minneapolis-bientot-reformee\/#breadcrumb"},"inLanguage":"fr-FR","potentialAction":[{"@type":"ReadAction","target":["https:\/\/guineediversite.com\/index.php\/2020\/06\/08\/apres-la-mort-de-george-floyd-la-police-de-minneapolis-bientot-reformee\/"]}]},{"@type":"ImageObject","inLanguage":"fr-FR","@id":"https:\/\/guineediversite.com\/index.php\/2020\/06\/08\/apres-la-mort-de-george-floyd-la-police-de-minneapolis-bientot-reformee\/#primaryimage","url":"https:\/\/guineediversite.com\/wp-content\/uploads\/2020\/06\/Des-membres-de-la-police-de-Minneapolis-lors-dune-manifestation-apr\u00e8s-la-mort-de-George-Floyd.jpg","contentUrl":"https:\/\/guineediversite.com\/wp-content\/uploads\/2020\/06\/Des-membres-de-la-police-de-Minneapolis-lors-dune-manifestation-apr\u00e8s-la-mort-de-George-Floyd.jpg","width":1500,"height":843},{"@type":"BreadcrumbList","@id":"https:\/\/guineediversite.com\/index.php\/2020\/06\/08\/apres-la-mort-de-george-floyd-la-police-de-minneapolis-bientot-reformee\/#breadcrumb","itemListElement":[{"@type":"ListItem","position":1,"name":"Accueil","item":"https:\/\/guineediversite.com\/"},{"@type":"ListItem","position":2,"name":"Apr\u00e8s la mort de George Floyd, la police de Minneapolis bient\u00f4t r\u00e9form\u00e9e?"}]},{"@type":"WebSite","@id":"https:\/\/guineediversite.com\/#website","url":"https:\/\/guineediversite.com\/","name":"Guin\u00e9e Diversit\u00e9","description":"L&#039;Info dans toute sa diversit\u00e9","publisher":{"@id":"https:\/\/guineediversite.com\/#organization"},"potentialAction":[{"@type":"SearchAction","target":{"@type":"EntryPoint","urlTemplate":"https:\/\/guineediversite.com\/?s={search_term_string}"},"query-input":{"@type":"PropertyValueSpecification","valueRequired":true,"valueName":"search_term_string"}}],"inLanguage":"fr-FR"},{"@type":"Organization","@id":"https:\/\/guineediversite.com\/#organization","name":"Guin\u00e9e Diversit\u00e9","url":"https:\/\/guineediversite.com\/","logo":{"@type":"ImageObject","inLanguage":"fr-FR","@id":"https:\/\/guineediversite.com\/#\/schema\/logo\/image\/","url":"https:\/\/guineediversite.com\/wp-content\/uploads\/2017\/04\/cropped-1jojlxEOMkX9Wyqfhe43D6kjPOGqBBKmx3EwWJqZ0cMrFF54yM49.png","contentUrl":"https:\/\/guineediversite.com\/wp-content\/uploads\/2017\/04\/cropped-1jojlxEOMkX9Wyqfhe43D6kjPOGqBBKmx3EwWJqZ0cMrFF54yM49.png","width":186,"height":112,"caption":"Guin\u00e9e Diversit\u00e9"},"image":{"@id":"https:\/\/guineediversite.com\/#\/schema\/logo\/image\/"},"sameAs":["https:\/\/www.facebook.com\/guineediversite\/","https:\/\/x.com\/GuineeDiversite","https:\/\/www.youtube.com\/channel\/UC8sUY16qelG5ge6_D5SB83g"]},{"@type":"Person","@id":"https:\/\/guineediversite.com\/#\/schema\/person\/afa08fb34e7fc6e1feafc892612bc836","name":"Guin\u00e9e Diversit\u00e9","image":{"@type":"ImageObject","inLanguage":"fr-FR","@id":"https:\/\/guineediversite.com\/#\/schema\/person\/image\/","url":"https:\/\/secure.gravatar.com\/avatar\/50d5eb5b390f8b65ac30ac6f898eb83a?s=96&d=mm&r=g","contentUrl":"https:\/\/secure.gravatar.com\/avatar\/50d5eb5b390f8b65ac30ac6f898eb83a?s=96&d=mm&r=g","caption":"Guin\u00e9e Diversit\u00e9"},"url":"https:\/\/guineediversite.com\/index.php\/author\/guineediversite\/"}]}},"_links":{"self":[{"href":"https:\/\/guineediversite.com\/index.php\/wp-json\/wp\/v2\/posts\/29416"}],"collection":[{"href":"https:\/\/guineediversite.com\/index.php\/wp-json\/wp\/v2\/posts"}],"about":[{"href":"https:\/\/guineediversite.com\/index.php\/wp-json\/wp\/v2\/types\/post"}],"author":[{"embeddable":true,"href":"https:\/\/guineediversite.com\/index.php\/wp-json\/wp\/v2\/users\/12"}],"replies":[{"embeddable":true,"href":"https:\/\/guineediversite.com\/index.php\/wp-json\/wp\/v2\/comments?post=29416"}],"version-history":[{"count":1,"href":"https:\/\/guineediversite.com\/index.php\/wp-json\/wp\/v2\/posts\/29416\/revisions"}],"predecessor-version":[{"id":29418,"href":"https:\/\/guineediversite.com\/index.php\/wp-json\/wp\/v2\/posts\/29416\/revisions\/29418"}],"wp:featuredmedia":[{"embeddable":true,"href":"https:\/\/guineediversite.com\/index.php\/wp-json\/wp\/v2\/media\/29417"}],"wp:attachment":[{"href":"https:\/\/guineediversite.com\/index.php\/wp-json\/wp\/v2\/media?parent=29416"}],"wp:term":[{"taxonomy":"category","embeddable":true,"href":"https:\/\/guineediversite.com\/index.php\/wp-json\/wp\/v2\/categories?post=29416"},{"taxonomy":"post_tag","embeddable":true,"href":"https:\/\/guineediversite.com\/index.php\/wp-json\/wp\/v2\/tags?post=29416"}],"curies":[{"name":"wp","href":"https:\/\/api.w.org\/{rel}","templated":true}]}}