{"id":29409,"date":"2020-06-05T12:43:39","date_gmt":"2020-06-05T10:43:39","guid":{"rendered":"https:\/\/guineediversite.com\/?p=29409"},"modified":"2020-06-05T12:43:42","modified_gmt":"2020-06-05T10:43:42","slug":"enlevez-vos-genoux-de-nos-cous-une-ceremonie-dhommage-a-george-floyd-tres-politique","status":"publish","type":"post","link":"https:\/\/guineediversite.com\/index.php\/2020\/06\/05\/enlevez-vos-genoux-de-nos-cous-une-ceremonie-dhommage-a-george-floyd-tres-politique\/","title":{"rendered":"\u00abEnlevez vos genoux de nos cous\u00bb: une c\u00e9r\u00e9monie d&rsquo;hommage \u00e0 George Floyd tr\u00e8s politique"},"content":{"rendered":"\n<p>Famille, responsables religieux ou politiques et c\u00e9l\u00e9brit\u00e9s \u00e9taient rassembl\u00e9s \u00e0 l&rsquo;universit\u00e9 chr\u00e9tienne North Central de Minneapolis pour honorer la m\u00e9moire de George Floyd, dont la mort \u00e0 46 ans sous le genou d&rsquo;un policier blanc le 25 mai a d\u00e9clench\u00e9 une profonde vague de col\u00e8re \u00e0 travers les \u00c9tats-Unis.<\/p>\n\n\n\n<p>La c\u00e9r\u00e9monie, en pr\u00e9sence de personnalit\u00e9s noires comme le rappeur T.I. ou le comique Kevin Hart, a commenc\u00e9 par une \u00e9mouvante interpr\u00e9tation de \u00ab&nbsp;Amazing Grace&nbsp;\u00bb apr\u00e8s que le maire, blanc, de Minneapolis s&rsquo;est agenouill\u00e9 en pleurs devant le cercueil. Elle a notamment \u00e9t\u00e9 marqu\u00e9e par une p\u00e9riode de silence de 8 minutes et 46 secondes, le temps pendant lequel le policier Derek Chauvin est rest\u00e9 agenouill\u00e9 sur le cou de George Floyd malgr\u00e9 ses supplications.<\/p>\n\n\n\n<p>Prenant la parole, le fr\u00e8re du d\u00e9funt, Philonise Floyd, a d\u00e9nonc\u00e9 sous les applaudissements \u00ab&nbsp;<em>la pand\u00e9mie de racisme et de discrimination<\/em>&nbsp;\u00bb qui l&rsquo;a emport\u00e9. Le r\u00e9v\u00e9rend Al Sharpton, figure du mouvement de d\u00e9fense des droits civiques, a prononc\u00e9 un \u00e9loge fun\u00e8bre tr\u00e8s politique. \u00ab&nbsp;<em>George Floyd ne devrait pas \u00eatre parmi les morts. Il n&rsquo;est pas mort d&rsquo;un probl\u00e8me de sant\u00e9 commun. Il est mort d&rsquo;un dysfonctionnement commun du syst\u00e8me judiciaire am\u00e9ricain<\/em>&nbsp;\u00bb, a-t-il d\u00e9clar\u00e9, voyant dans le genou qui a \u00e9cras\u00e9 le cou de George Floyd le symbole de l&rsquo;oppression des Afro-Am\u00e9ricains aux \u00c9tats-Unis.&nbsp;<\/p>\n\n\n\n<p><strong>\u00ab&nbsp;<em>Votre genou sur notre cou<\/em>&nbsp;\u00bb<\/strong><\/p>\n\n\n\n<p>\u00ab&nbsp;<em>L&rsquo;histoire de George Floyd est l&rsquo;histoire des Noirs. Parce que depuis 401 ans, la raison pour laquelle nous n&rsquo;avons jamais pu \u00eatre ce que nous voulions \u00eatre, c&rsquo;est parce que vous aviez le genou sur notre cou! Nous \u00e9tions trop malins pour ces \u00e9coles sous-financ\u00e9es dans lesquelles vous nous avez envoy\u00e9s, mais vous aviez votre genou sur notre cou<\/em>&nbsp;<em>! Nous avions beaux diriger des entreprises: vous aviez votre genou sur notre cou<\/em>&nbsp;<em>! Ce qui est arriv\u00e9 \u00e0 Floyd arrive tous les jours dans ce pays, dans les secteurs de l&rsquo;\u00e9ducation, des services de sant\u00e9 et dans tous les aspects de la vie am\u00e9ricaine. Il est temps pour nous de nous lever en hommage \u00e0 George et de dire &lsquo;Enlevez vos genoux de nos cous&rsquo;<\/em>&nbsp;\u00bb, a-t-il proclam\u00e9, appelant la police \u00e0 rendre des comptes.<\/p>\n\n\n\n<p>&nbsp;A Donald Trump, qui a fait \u00e9vacuer manu militari les abords de la Maison Blanche lundi soir pour poser devant une \u00e9glise, bible \u00e0 la main, le pasteur baptiste de 65 ans a conseill\u00e9 d&rsquo; \u00ab&nbsp;<em>ouvrir la bible<\/em>&nbsp;\u00bb. \u00ab&nbsp;<em>Je pr\u00eache depuis mon plus jeune \u00e2ge, et je n&rsquo;ai jamais vu quelqu&rsquo;un tenir une bible comme \u00e7a, mais passons<\/em>&nbsp;\u00bb, a-t-il dit. Les messages du r\u00e9v\u00e9rend a \u00e9t\u00e9 parfaitement compris par les manifestants qui, au m\u00eame moment, se trouvaient sur le mausol\u00e9e improvis\u00e9 dress\u00e9 \u00e0 l&rsquo;endroit o\u00f9 George Floyd a \u00e9t\u00e9 tu\u00e9.<\/p>\n\n\n\n<p><strong>RFI<\/strong><\/p>\n","protected":false},"excerpt":{"rendered":"<p>Famille, responsables religieux ou politiques et c\u00e9l\u00e9brit\u00e9s \u00e9taient rassembl\u00e9s \u00e0 l&rsquo;universit\u00e9 chr\u00e9tienne North Central de Minneapolis pour honorer la m\u00e9moire de George Floyd, dont la mort \u00e0 46 ans sous le genou d&rsquo;un policier blanc le 25 mai a d\u00e9clench\u00e9 une profonde vague de col\u00e8re \u00e0 travers les \u00c9tats-Unis. La c\u00e9r\u00e9monie, en pr\u00e9sence de personnalit\u00e9s [&hellip;]<\/p>\n","protected":false},"author":12,"featured_media":29410,"comment_status":"closed","ping_status":"closed","sticky":false,"template":"","format":"standard","meta":{"_exactmetrics_skip_tracking":false,"_exactmetrics_sitenote_active":false,"_exactmetrics_sitenote_note":"","_exactmetrics_sitenote_category":0,"tdm_status":"","tdm_grid_status":"","footnotes":""},"categories":[21],"tags":[],"class_list":{"0":"post-29409","1":"post","2":"type-post","3":"status-publish","4":"format-standard","5":"has-post-thumbnail","7":"category-international"},"yoast_head":"<!-- This site is optimized with the Yoast SEO plugin v24.2 - https:\/\/yoast.com\/wordpress\/plugins\/seo\/ -->\n<title>\u00abEnlevez vos genoux de nos cous\u00bb: une c\u00e9r\u00e9monie d&#039;hommage \u00e0 George Floyd tr\u00e8s politique | Guin\u00e9e Diversit\u00e9<\/title>\n<meta name=\"robots\" content=\"index, follow, max-snippet:-1, max-image-preview:large, max-video-preview:-1\" \/>\n<link rel=\"canonical\" href=\"https:\/\/guineediversite.com\/index.php\/2020\/06\/05\/enlevez-vos-genoux-de-nos-cous-une-ceremonie-dhommage-a-george-floyd-tres-politique\/\" \/>\n<meta property=\"og:locale\" content=\"fr_FR\" \/>\n<meta property=\"og:type\" content=\"article\" \/>\n<meta property=\"og:title\" content=\"\u00abEnlevez vos genoux de nos cous\u00bb: une c\u00e9r\u00e9monie d&#039;hommage \u00e0 George Floyd tr\u00e8s politique | Guin\u00e9e Diversit\u00e9\" \/>\n<meta property=\"og:description\" content=\"Famille, responsables religieux ou politiques et c\u00e9l\u00e9brit\u00e9s \u00e9taient rassembl\u00e9s \u00e0 l&rsquo;universit\u00e9 chr\u00e9tienne North Central de Minneapolis pour honorer la m\u00e9moire de George Floyd, dont la mort \u00e0 46 ans sous le genou d&rsquo;un policier blanc le 25 mai a d\u00e9clench\u00e9 une profonde vague de col\u00e8re \u00e0 travers les \u00c9tats-Unis. La c\u00e9r\u00e9monie, en pr\u00e9sence de personnalit\u00e9s [&hellip;]\" \/>\n<meta property=\"og:url\" content=\"https:\/\/guineediversite.com\/index.php\/2020\/06\/05\/enlevez-vos-genoux-de-nos-cous-une-ceremonie-dhommage-a-george-floyd-tres-politique\/\" \/>\n<meta property=\"og:site_name\" content=\"Guin\u00e9e Diversit\u00e9\" \/>\n<meta property=\"article:publisher\" content=\"https:\/\/www.facebook.com\/guineediversite\/\" \/>\n<meta property=\"article:published_time\" content=\"2020-06-05T10:43:39+00:00\" \/>\n<meta property=\"article:modified_time\" content=\"2020-06-05T10:43:42+00:00\" \/>\n<meta property=\"og:image\" content=\"https:\/\/guineediversite.com\/wp-content\/uploads\/2020\/06\/Le-cercueil-de-George-Floyd-repose-devant-la-sc\u00e8ne-install\u00e9-pour-sa-c\u00e9r\u00e9monie-dhommage.jpg\" \/>\n\t<meta property=\"og:image:width\" content=\"1500\" \/>\n\t<meta property=\"og:image:height\" content=\"843\" \/>\n\t<meta property=\"og:image:type\" content=\"image\/jpeg\" \/>\n<meta name=\"author\" content=\"Guin\u00e9e Diversit\u00e9\" \/>\n<meta name=\"twitter:card\" content=\"summary_large_image\" \/>\n<meta name=\"twitter:creator\" content=\"@GuineeDiversite\" \/>\n<meta name=\"twitter:site\" content=\"@GuineeDiversite\" \/>\n<meta name=\"twitter:label1\" content=\"\u00c9crit par\" \/>\n\t<meta name=\"twitter:data1\" content=\"Guin\u00e9e Diversit\u00e9\" \/>\n\t<meta name=\"twitter:label2\" content=\"Dur\u00e9e de lecture estim\u00e9e\" \/>\n\t<meta name=\"twitter:data2\" content=\"2 minutes\" \/>\n<script type=\"application\/ld+json\" class=\"yoast-schema-graph\">{\"@context\":\"https:\/\/schema.org\",\"@graph\":[{\"@type\":\"Article\",\"@id\":\"https:\/\/guineediversite.com\/index.php\/2020\/06\/05\/enlevez-vos-genoux-de-nos-cous-une-ceremonie-dhommage-a-george-floyd-tres-politique\/#article\",\"isPartOf\":{\"@id\":\"https:\/\/guineediversite.com\/index.php\/2020\/06\/05\/enlevez-vos-genoux-de-nos-cous-une-ceremonie-dhommage-a-george-floyd-tres-politique\/\"},\"author\":{\"name\":\"Guin\u00e9e Diversit\u00e9\",\"@id\":\"https:\/\/guineediversite.com\/#\/schema\/person\/afa08fb34e7fc6e1feafc892612bc836\"},\"headline\":\"\u00abEnlevez vos genoux de nos cous\u00bb: une c\u00e9r\u00e9monie d&rsquo;hommage \u00e0 George Floyd tr\u00e8s politique\",\"datePublished\":\"2020-06-05T10:43:39+00:00\",\"dateModified\":\"2020-06-05T10:43:42+00:00\",\"mainEntityOfPage\":{\"@id\":\"https:\/\/guineediversite.com\/index.php\/2020\/06\/05\/enlevez-vos-genoux-de-nos-cous-une-ceremonie-dhommage-a-george-floyd-tres-politique\/\"},\"wordCount\":522,\"publisher\":{\"@id\":\"https:\/\/guineediversite.com\/#organization\"},\"image\":{\"@id\":\"https:\/\/guineediversite.com\/index.php\/2020\/06\/05\/enlevez-vos-genoux-de-nos-cous-une-ceremonie-dhommage-a-george-floyd-tres-politique\/#primaryimage\"},\"thumbnailUrl\":\"https:\/\/guineediversite.com\/wp-content\/uploads\/2020\/06\/Le-cercueil-de-George-Floyd-repose-devant-la-sc\u00e8ne-install\u00e9-pour-sa-c\u00e9r\u00e9monie-dhommage.jpg\",\"articleSection\":[\"International\"],\"inLanguage\":\"fr-FR\"},{\"@type\":\"WebPage\",\"@id\":\"https:\/\/guineediversite.com\/index.php\/2020\/06\/05\/enlevez-vos-genoux-de-nos-cous-une-ceremonie-dhommage-a-george-floyd-tres-politique\/\",\"url\":\"https:\/\/guineediversite.com\/index.php\/2020\/06\/05\/enlevez-vos-genoux-de-nos-cous-une-ceremonie-dhommage-a-george-floyd-tres-politique\/\",\"name\":\"\u00abEnlevez vos genoux de nos cous\u00bb: une c\u00e9r\u00e9monie d'hommage \u00e0 George Floyd tr\u00e8s politique | Guin\u00e9e Diversit\u00e9\",\"isPartOf\":{\"@id\":\"https:\/\/guineediversite.com\/#website\"},\"primaryImageOfPage\":{\"@id\":\"https:\/\/guineediversite.com\/index.php\/2020\/06\/05\/enlevez-vos-genoux-de-nos-cous-une-ceremonie-dhommage-a-george-floyd-tres-politique\/#primaryimage\"},\"image\":{\"@id\":\"https:\/\/guineediversite.com\/index.php\/2020\/06\/05\/enlevez-vos-genoux-de-nos-cous-une-ceremonie-dhommage-a-george-floyd-tres-politique\/#primaryimage\"},\"thumbnailUrl\":\"https:\/\/guineediversite.com\/wp-content\/uploads\/2020\/06\/Le-cercueil-de-George-Floyd-repose-devant-la-sc\u00e8ne-install\u00e9-pour-sa-c\u00e9r\u00e9monie-dhommage.jpg\",\"datePublished\":\"2020-06-05T10:43:39+00:00\",\"dateModified\":\"2020-06-05T10:43:42+00:00\",\"breadcrumb\":{\"@id\":\"https:\/\/guineediversite.com\/index.php\/2020\/06\/05\/enlevez-vos-genoux-de-nos-cous-une-ceremonie-dhommage-a-george-floyd-tres-politique\/#breadcrumb\"},\"inLanguage\":\"fr-FR\",\"potentialAction\":[{\"@type\":\"ReadAction\",\"target\":[\"https:\/\/guineediversite.com\/index.php\/2020\/06\/05\/enlevez-vos-genoux-de-nos-cous-une-ceremonie-dhommage-a-george-floyd-tres-politique\/\"]}]},{\"@type\":\"ImageObject\",\"inLanguage\":\"fr-FR\",\"@id\":\"https:\/\/guineediversite.com\/index.php\/2020\/06\/05\/enlevez-vos-genoux-de-nos-cous-une-ceremonie-dhommage-a-george-floyd-tres-politique\/#primaryimage\",\"url\":\"https:\/\/guineediversite.com\/wp-content\/uploads\/2020\/06\/Le-cercueil-de-George-Floyd-repose-devant-la-sc\u00e8ne-install\u00e9-pour-sa-c\u00e9r\u00e9monie-dhommage.jpg\",\"contentUrl\":\"https:\/\/guineediversite.com\/wp-content\/uploads\/2020\/06\/Le-cercueil-de-George-Floyd-repose-devant-la-sc\u00e8ne-install\u00e9-pour-sa-c\u00e9r\u00e9monie-dhommage.jpg\",\"width\":1500,\"height\":843},{\"@type\":\"BreadcrumbList\",\"@id\":\"https:\/\/guineediversite.com\/index.php\/2020\/06\/05\/enlevez-vos-genoux-de-nos-cous-une-ceremonie-dhommage-a-george-floyd-tres-politique\/#breadcrumb\",\"itemListElement\":[{\"@type\":\"ListItem\",\"position\":1,\"name\":\"Accueil\",\"item\":\"https:\/\/guineediversite.com\/\"},{\"@type\":\"ListItem\",\"position\":2,\"name\":\"\u00abEnlevez vos genoux de nos cous\u00bb: une c\u00e9r\u00e9monie d&rsquo;hommage \u00e0 George Floyd tr\u00e8s politique\"}]},{\"@type\":\"WebSite\",\"@id\":\"https:\/\/guineediversite.com\/#website\",\"url\":\"https:\/\/guineediversite.com\/\",\"name\":\"Guin\u00e9e Diversit\u00e9\",\"description\":\"L&#039;Info dans toute sa diversit\u00e9\",\"publisher\":{\"@id\":\"https:\/\/guineediversite.com\/#organization\"},\"potentialAction\":[{\"@type\":\"SearchAction\",\"target\":{\"@type\":\"EntryPoint\",\"urlTemplate\":\"https:\/\/guineediversite.com\/?s={search_term_string}\"},\"query-input\":{\"@type\":\"PropertyValueSpecification\",\"valueRequired\":true,\"valueName\":\"search_term_string\"}}],\"inLanguage\":\"fr-FR\"},{\"@type\":\"Organization\",\"@id\":\"https:\/\/guineediversite.com\/#organization\",\"name\":\"Guin\u00e9e Diversit\u00e9\",\"url\":\"https:\/\/guineediversite.com\/\",\"logo\":{\"@type\":\"ImageObject\",\"inLanguage\":\"fr-FR\",\"@id\":\"https:\/\/guineediversite.com\/#\/schema\/logo\/image\/\",\"url\":\"https:\/\/guineediversite.com\/wp-content\/uploads\/2017\/04\/cropped-1jojlxEOMkX9Wyqfhe43D6kjPOGqBBKmx3EwWJqZ0cMrFF54yM49.png\",\"contentUrl\":\"https:\/\/guineediversite.com\/wp-content\/uploads\/2017\/04\/cropped-1jojlxEOMkX9Wyqfhe43D6kjPOGqBBKmx3EwWJqZ0cMrFF54yM49.png\",\"width\":186,\"height\":112,\"caption\":\"Guin\u00e9e Diversit\u00e9\"},\"image\":{\"@id\":\"https:\/\/guineediversite.com\/#\/schema\/logo\/image\/\"},\"sameAs\":[\"https:\/\/www.facebook.com\/guineediversite\/\",\"https:\/\/x.com\/GuineeDiversite\",\"https:\/\/www.youtube.com\/channel\/UC8sUY16qelG5ge6_D5SB83g\"]},{\"@type\":\"Person\",\"@id\":\"https:\/\/guineediversite.com\/#\/schema\/person\/afa08fb34e7fc6e1feafc892612bc836\",\"name\":\"Guin\u00e9e Diversit\u00e9\",\"image\":{\"@type\":\"ImageObject\",\"inLanguage\":\"fr-FR\",\"@id\":\"https:\/\/guineediversite.com\/#\/schema\/person\/image\/\",\"url\":\"https:\/\/secure.gravatar.com\/avatar\/50d5eb5b390f8b65ac30ac6f898eb83a?s=96&d=mm&r=g\",\"contentUrl\":\"https:\/\/secure.gravatar.com\/avatar\/50d5eb5b390f8b65ac30ac6f898eb83a?s=96&d=mm&r=g\",\"caption\":\"Guin\u00e9e Diversit\u00e9\"},\"url\":\"https:\/\/guineediversite.com\/index.php\/author\/guineediversite\/\"}]}<\/script>\n<!-- \/ Yoast SEO plugin. -->","yoast_head_json":{"title":"\u00abEnlevez vos genoux de nos cous\u00bb: une c\u00e9r\u00e9monie d'hommage \u00e0 George Floyd tr\u00e8s politique | Guin\u00e9e Diversit\u00e9","robots":{"index":"index","follow":"follow","max-snippet":"max-snippet:-1","max-image-preview":"max-image-preview:large","max-video-preview":"max-video-preview:-1"},"canonical":"https:\/\/guineediversite.com\/index.php\/2020\/06\/05\/enlevez-vos-genoux-de-nos-cous-une-ceremonie-dhommage-a-george-floyd-tres-politique\/","og_locale":"fr_FR","og_type":"article","og_title":"\u00abEnlevez vos genoux de nos cous\u00bb: une c\u00e9r\u00e9monie d'hommage \u00e0 George Floyd tr\u00e8s politique | Guin\u00e9e Diversit\u00e9","og_description":"Famille, responsables religieux ou politiques et c\u00e9l\u00e9brit\u00e9s \u00e9taient rassembl\u00e9s \u00e0 l&rsquo;universit\u00e9 chr\u00e9tienne North Central de Minneapolis pour honorer la m\u00e9moire de George Floyd, dont la mort \u00e0 46 ans sous le genou d&rsquo;un policier blanc le 25 mai a d\u00e9clench\u00e9 une profonde vague de col\u00e8re \u00e0 travers les \u00c9tats-Unis. La c\u00e9r\u00e9monie, en pr\u00e9sence de personnalit\u00e9s [&hellip;]","og_url":"https:\/\/guineediversite.com\/index.php\/2020\/06\/05\/enlevez-vos-genoux-de-nos-cous-une-ceremonie-dhommage-a-george-floyd-tres-politique\/","og_site_name":"Guin\u00e9e Diversit\u00e9","article_publisher":"https:\/\/www.facebook.com\/guineediversite\/","article_published_time":"2020-06-05T10:43:39+00:00","article_modified_time":"2020-06-05T10:43:42+00:00","og_image":[{"width":1500,"height":843,"url":"https:\/\/guineediversite.com\/wp-content\/uploads\/2020\/06\/Le-cercueil-de-George-Floyd-repose-devant-la-sc\u00e8ne-install\u00e9-pour-sa-c\u00e9r\u00e9monie-dhommage.jpg","type":"image\/jpeg"}],"author":"Guin\u00e9e Diversit\u00e9","twitter_card":"summary_large_image","twitter_creator":"@GuineeDiversite","twitter_site":"@GuineeDiversite","twitter_misc":{"\u00c9crit par":"Guin\u00e9e Diversit\u00e9","Dur\u00e9e de lecture estim\u00e9e":"2 minutes"},"schema":{"@context":"https:\/\/schema.org","@graph":[{"@type":"Article","@id":"https:\/\/guineediversite.com\/index.php\/2020\/06\/05\/enlevez-vos-genoux-de-nos-cous-une-ceremonie-dhommage-a-george-floyd-tres-politique\/#article","isPartOf":{"@id":"https:\/\/guineediversite.com\/index.php\/2020\/06\/05\/enlevez-vos-genoux-de-nos-cous-une-ceremonie-dhommage-a-george-floyd-tres-politique\/"},"author":{"name":"Guin\u00e9e Diversit\u00e9","@id":"https:\/\/guineediversite.com\/#\/schema\/person\/afa08fb34e7fc6e1feafc892612bc836"},"headline":"\u00abEnlevez vos genoux de nos cous\u00bb: une c\u00e9r\u00e9monie d&rsquo;hommage \u00e0 George Floyd tr\u00e8s politique","datePublished":"2020-06-05T10:43:39+00:00","dateModified":"2020-06-05T10:43:42+00:00","mainEntityOfPage":{"@id":"https:\/\/guineediversite.com\/index.php\/2020\/06\/05\/enlevez-vos-genoux-de-nos-cous-une-ceremonie-dhommage-a-george-floyd-tres-politique\/"},"wordCount":522,"publisher":{"@id":"https:\/\/guineediversite.com\/#organization"},"image":{"@id":"https:\/\/guineediversite.com\/index.php\/2020\/06\/05\/enlevez-vos-genoux-de-nos-cous-une-ceremonie-dhommage-a-george-floyd-tres-politique\/#primaryimage"},"thumbnailUrl":"https:\/\/guineediversite.com\/wp-content\/uploads\/2020\/06\/Le-cercueil-de-George-Floyd-repose-devant-la-sc\u00e8ne-install\u00e9-pour-sa-c\u00e9r\u00e9monie-dhommage.jpg","articleSection":["International"],"inLanguage":"fr-FR"},{"@type":"WebPage","@id":"https:\/\/guineediversite.com\/index.php\/2020\/06\/05\/enlevez-vos-genoux-de-nos-cous-une-ceremonie-dhommage-a-george-floyd-tres-politique\/","url":"https:\/\/guineediversite.com\/index.php\/2020\/06\/05\/enlevez-vos-genoux-de-nos-cous-une-ceremonie-dhommage-a-george-floyd-tres-politique\/","name":"\u00abEnlevez vos genoux de nos cous\u00bb: une c\u00e9r\u00e9monie d'hommage \u00e0 George Floyd tr\u00e8s politique | Guin\u00e9e Diversit\u00e9","isPartOf":{"@id":"https:\/\/guineediversite.com\/#website"},"primaryImageOfPage":{"@id":"https:\/\/guineediversite.com\/index.php\/2020\/06\/05\/enlevez-vos-genoux-de-nos-cous-une-ceremonie-dhommage-a-george-floyd-tres-politique\/#primaryimage"},"image":{"@id":"https:\/\/guineediversite.com\/index.php\/2020\/06\/05\/enlevez-vos-genoux-de-nos-cous-une-ceremonie-dhommage-a-george-floyd-tres-politique\/#primaryimage"},"thumbnailUrl":"https:\/\/guineediversite.com\/wp-content\/uploads\/2020\/06\/Le-cercueil-de-George-Floyd-repose-devant-la-sc\u00e8ne-install\u00e9-pour-sa-c\u00e9r\u00e9monie-dhommage.jpg","datePublished":"2020-06-05T10:43:39+00:00","dateModified":"2020-06-05T10:43:42+00:00","breadcrumb":{"@id":"https:\/\/guineediversite.com\/index.php\/2020\/06\/05\/enlevez-vos-genoux-de-nos-cous-une-ceremonie-dhommage-a-george-floyd-tres-politique\/#breadcrumb"},"inLanguage":"fr-FR","potentialAction":[{"@type":"ReadAction","target":["https:\/\/guineediversite.com\/index.php\/2020\/06\/05\/enlevez-vos-genoux-de-nos-cous-une-ceremonie-dhommage-a-george-floyd-tres-politique\/"]}]},{"@type":"ImageObject","inLanguage":"fr-FR","@id":"https:\/\/guineediversite.com\/index.php\/2020\/06\/05\/enlevez-vos-genoux-de-nos-cous-une-ceremonie-dhommage-a-george-floyd-tres-politique\/#primaryimage","url":"https:\/\/guineediversite.com\/wp-content\/uploads\/2020\/06\/Le-cercueil-de-George-Floyd-repose-devant-la-sc\u00e8ne-install\u00e9-pour-sa-c\u00e9r\u00e9monie-dhommage.jpg","contentUrl":"https:\/\/guineediversite.com\/wp-content\/uploads\/2020\/06\/Le-cercueil-de-George-Floyd-repose-devant-la-sc\u00e8ne-install\u00e9-pour-sa-c\u00e9r\u00e9monie-dhommage.jpg","width":1500,"height":843},{"@type":"BreadcrumbList","@id":"https:\/\/guineediversite.com\/index.php\/2020\/06\/05\/enlevez-vos-genoux-de-nos-cous-une-ceremonie-dhommage-a-george-floyd-tres-politique\/#breadcrumb","itemListElement":[{"@type":"ListItem","position":1,"name":"Accueil","item":"https:\/\/guineediversite.com\/"},{"@type":"ListItem","position":2,"name":"\u00abEnlevez vos genoux de nos cous\u00bb: une c\u00e9r\u00e9monie d&rsquo;hommage \u00e0 George Floyd tr\u00e8s politique"}]},{"@type":"WebSite","@id":"https:\/\/guineediversite.com\/#website","url":"https:\/\/guineediversite.com\/","name":"Guin\u00e9e Diversit\u00e9","description":"L&#039;Info dans toute sa diversit\u00e9","publisher":{"@id":"https:\/\/guineediversite.com\/#organization"},"potentialAction":[{"@type":"SearchAction","target":{"@type":"EntryPoint","urlTemplate":"https:\/\/guineediversite.com\/?s={search_term_string}"},"query-input":{"@type":"PropertyValueSpecification","valueRequired":true,"valueName":"search_term_string"}}],"inLanguage":"fr-FR"},{"@type":"Organization","@id":"https:\/\/guineediversite.com\/#organization","name":"Guin\u00e9e Diversit\u00e9","url":"https:\/\/guineediversite.com\/","logo":{"@type":"ImageObject","inLanguage":"fr-FR","@id":"https:\/\/guineediversite.com\/#\/schema\/logo\/image\/","url":"https:\/\/guineediversite.com\/wp-content\/uploads\/2017\/04\/cropped-1jojlxEOMkX9Wyqfhe43D6kjPOGqBBKmx3EwWJqZ0cMrFF54yM49.png","contentUrl":"https:\/\/guineediversite.com\/wp-content\/uploads\/2017\/04\/cropped-1jojlxEOMkX9Wyqfhe43D6kjPOGqBBKmx3EwWJqZ0cMrFF54yM49.png","width":186,"height":112,"caption":"Guin\u00e9e Diversit\u00e9"},"image":{"@id":"https:\/\/guineediversite.com\/#\/schema\/logo\/image\/"},"sameAs":["https:\/\/www.facebook.com\/guineediversite\/","https:\/\/x.com\/GuineeDiversite","https:\/\/www.youtube.com\/channel\/UC8sUY16qelG5ge6_D5SB83g"]},{"@type":"Person","@id":"https:\/\/guineediversite.com\/#\/schema\/person\/afa08fb34e7fc6e1feafc892612bc836","name":"Guin\u00e9e Diversit\u00e9","image":{"@type":"ImageObject","inLanguage":"fr-FR","@id":"https:\/\/guineediversite.com\/#\/schema\/person\/image\/","url":"https:\/\/secure.gravatar.com\/avatar\/50d5eb5b390f8b65ac30ac6f898eb83a?s=96&d=mm&r=g","contentUrl":"https:\/\/secure.gravatar.com\/avatar\/50d5eb5b390f8b65ac30ac6f898eb83a?s=96&d=mm&r=g","caption":"Guin\u00e9e Diversit\u00e9"},"url":"https:\/\/guineediversite.com\/index.php\/author\/guineediversite\/"}]}},"_links":{"self":[{"href":"https:\/\/guineediversite.com\/index.php\/wp-json\/wp\/v2\/posts\/29409"}],"collection":[{"href":"https:\/\/guineediversite.com\/index.php\/wp-json\/wp\/v2\/posts"}],"about":[{"href":"https:\/\/guineediversite.com\/index.php\/wp-json\/wp\/v2\/types\/post"}],"author":[{"embeddable":true,"href":"https:\/\/guineediversite.com\/index.php\/wp-json\/wp\/v2\/users\/12"}],"replies":[{"embeddable":true,"href":"https:\/\/guineediversite.com\/index.php\/wp-json\/wp\/v2\/comments?post=29409"}],"version-history":[{"count":1,"href":"https:\/\/guineediversite.com\/index.php\/wp-json\/wp\/v2\/posts\/29409\/revisions"}],"predecessor-version":[{"id":29411,"href":"https:\/\/guineediversite.com\/index.php\/wp-json\/wp\/v2\/posts\/29409\/revisions\/29411"}],"wp:featuredmedia":[{"embeddable":true,"href":"https:\/\/guineediversite.com\/index.php\/wp-json\/wp\/v2\/media\/29410"}],"wp:attachment":[{"href":"https:\/\/guineediversite.com\/index.php\/wp-json\/wp\/v2\/media?parent=29409"}],"wp:term":[{"taxonomy":"category","embeddable":true,"href":"https:\/\/guineediversite.com\/index.php\/wp-json\/wp\/v2\/categories?post=29409"},{"taxonomy":"post_tag","embeddable":true,"href":"https:\/\/guineediversite.com\/index.php\/wp-json\/wp\/v2\/tags?post=29409"}],"curies":[{"name":"wp","href":"https:\/\/api.w.org\/{rel}","templated":true}]}}