{"id":29406,"date":"2020-06-05T12:36:32","date_gmt":"2020-06-05T10:36:32","guid":{"rendered":"https:\/\/guineediversite.com\/?p=29406"},"modified":"2020-06-05T12:36:36","modified_gmt":"2020-06-05T10:36:36","slug":"en-echo-aux-etats-unis-omar-sy-appelle-a-denoncer-les-violences-policieres-en-france","status":"publish","type":"post","link":"https:\/\/guineediversite.com\/index.php\/2020\/06\/05\/en-echo-aux-etats-unis-omar-sy-appelle-a-denoncer-les-violences-policieres-en-france\/","title":{"rendered":"En \u00e9cho aux \u00c9tats-Unis, Omar Sy appelle \u00e0 \u00abd\u00e9noncer les violences polici\u00e8res\u00bb en France"},"content":{"rendered":"\n<p>La star du cin\u00e9ma fran\u00e7ais appelle \u00e0 \u00ab&nbsp;se r\u00e9veiller&nbsp;\u00bb et \u00e0 \u00ab&nbsp;d\u00e9noncer les violences polici\u00e8res&nbsp;\u00bb en France, dans une tribune publi\u00e9e ce jeudi 4 juin dans L&rsquo;Obs. Omar Sy appelle de ses v\u0153ux une \u00ab&nbsp;police digne de notre d\u00e9mocratie&nbsp;\u00bb, apr\u00e8s les manifestations pour Adama Traor\u00e9.<\/p>\n\n\n\n<p>&nbsp;\u00ab&nbsp;<em>R\u00e9veillons-nous<\/em>&nbsp;\u00bb, demande Omar Sy dans son appel, qu&rsquo;il invite \u00e0 signer pour le suivre dans sa d\u00e9marche. \u00ab&nbsp;<em>J&rsquo;ai march\u00e9 pour George Floyd aux \u00c9tats-Unis, <\/em>souligne-t-il dans son texte.<em> Le nom de George Floyd en charriait bien d&rsquo;autres en \u00e9cho dans ma t\u00eate. Celui d&rsquo;Adama Traor\u00e9, en France.<\/em>&nbsp;\u00bb<\/p>\n\n\n\n<p>Pour l&rsquo;acteur, sa mort est&nbsp;\u00ab&nbsp;<em>aussi injuste et indigne que celle de <a href=\"http:\/\/www.rfi.fr\/fr\/am\u00e9riques\/20200605-ceremonie-hommage-floyd-minneapolis-manifestations-racisme\" target=\"_blank\" rel=\"noreferrer noopener\"><strong>George Floyd.<\/strong><\/a> Je me r\u00e9jouis qu&rsquo;on en prenne conscience aujourd&rsquo;hui, je me r\u00e9jouis de voir des dizaines de milliers de personnes venues de tous horizons sociaux entourer de leurs forces les proches d&rsquo;Adama Traor\u00e9, ses fr\u00e8res, sa s\u0153ur, Assa.<\/em>&nbsp;\u00bb<\/p>\n\n\n\n<p><strong>\u00ab&nbsp;<em>Ne soyons plus spectateurs d&rsquo;un syst\u00e8me violent<\/em>&nbsp;\u00bb<\/strong><\/p>\n\n\n\n<p>Le h\u00e9ros du film <em>Intouchables <\/em>avait manifest\u00e9 son soutien \u00e0 la famille d&rsquo;Adama Traor\u00e9 lors de la mort de ce jeune homme noir en 2016, apr\u00e8s une interpellation. Il a depuis accompagn\u00e9 sa s\u0153ur dans sa qu\u00eate de justice.<\/p>\n\n\n\n<p>\u00ab&nbsp;<em>Regardons devant nous, ayons le courage de d\u00e9noncer les violences polici\u00e8res qui sont commises en France, <\/em>poursuit Omar Sy.<em> Engageons-nous \u00e0 y rem\u00e9dier. Ne soyons plus spectateurs d&rsquo;un syst\u00e8me violent.<\/em>&nbsp;\u00bb Et le com\u00e9dien d&rsquo;appeler encore \u00ab&nbsp;<em>au changement, \u00e0 la remise en cause d&rsquo;un syst\u00e8me qui ne peut pr\u00e9tendre \u00e0 la justice sans mettre fin \u00e0 l&rsquo;impunit\u00e9 organis\u00e9e qui s\u00e9vit depuis des d\u00e9cennies<\/em>&nbsp;\u00bb.<\/p>\n\n\n\n<p>Au moins <a href=\"http:\/\/www.rfi.fr\/fr\/podcasts\/20200603-\u00e0-la-une-importante-manifestation-contre-violences-polici\u00e8res-paris\" target=\"_blank\" rel=\"noreferrer noopener\"><strong>20 000 personnes ont manifest\u00e9 ce mardi 2 juin \u00e0 Paris<\/strong><\/a> \u00e0 l&rsquo;appel du comit\u00e9 de soutien \u00e0 la famille d&rsquo;Adama Traor\u00e9. D&rsquo;autres rassemblements en France ont r\u00e9uni plusieurs milliers de personnes pour d\u00e9noncer les violences polici\u00e8res, dans le contexte de la mort aux \u00c9tats-Unis de George Floyd, un Noir de 46 ans <a href=\"http:\/\/www.rfi.fr\/fr\/am\u00e9riques\/20200603-la-mort-george-floyd-requalifi\u00e9e-en-meurtre-les-quatre-ex-agents-poursuivis\" target=\"_blank\" rel=\"noreferrer noopener\"><strong>asphyxi\u00e9 par un policier blanc \u00e0 Minneapolis<\/strong><\/a>.<\/p>\n","protected":false},"excerpt":{"rendered":"<p>La star du cin\u00e9ma fran\u00e7ais appelle \u00e0 \u00ab&nbsp;se r\u00e9veiller&nbsp;\u00bb et \u00e0 \u00ab&nbsp;d\u00e9noncer les violences polici\u00e8res&nbsp;\u00bb en France, dans une tribune publi\u00e9e ce jeudi 4 juin dans L&rsquo;Obs. Omar Sy appelle de ses v\u0153ux une \u00ab&nbsp;police digne de notre d\u00e9mocratie&nbsp;\u00bb, apr\u00e8s les manifestations pour Adama Traor\u00e9. &nbsp;\u00ab&nbsp;R\u00e9veillons-nous&nbsp;\u00bb, demande Omar Sy dans son appel, qu&rsquo;il invite \u00e0 [&hellip;]<\/p>\n","protected":false},"author":12,"featured_media":29407,"comment_status":"closed","ping_status":"closed","sticky":false,"template":"","format":"standard","meta":{"_exactmetrics_skip_tracking":false,"_exactmetrics_sitenote_active":false,"_exactmetrics_sitenote_note":"","_exactmetrics_sitenote_category":0,"tdm_status":"","tdm_grid_status":"","footnotes":""},"categories":[21],"tags":[],"class_list":{"0":"post-29406","1":"post","2":"type-post","3":"status-publish","4":"format-standard","5":"has-post-thumbnail","7":"category-international"},"yoast_head":"<!-- This site is optimized with the Yoast SEO plugin v24.2 - https:\/\/yoast.com\/wordpress\/plugins\/seo\/ -->\n<title>En \u00e9cho aux \u00c9tats-Unis, Omar Sy appelle \u00e0 \u00abd\u00e9noncer les violences polici\u00e8res\u00bb en France | Guin\u00e9e Diversit\u00e9<\/title>\n<meta name=\"robots\" content=\"index, follow, max-snippet:-1, max-image-preview:large, max-video-preview:-1\" \/>\n<link rel=\"canonical\" href=\"https:\/\/guineediversite.com\/index.php\/2020\/06\/05\/en-echo-aux-etats-unis-omar-sy-appelle-a-denoncer-les-violences-policieres-en-france\/\" \/>\n<meta property=\"og:locale\" content=\"fr_FR\" \/>\n<meta property=\"og:type\" content=\"article\" \/>\n<meta property=\"og:title\" content=\"En \u00e9cho aux \u00c9tats-Unis, Omar Sy appelle \u00e0 \u00abd\u00e9noncer les violences polici\u00e8res\u00bb en France | Guin\u00e9e Diversit\u00e9\" \/>\n<meta property=\"og:description\" content=\"La star du cin\u00e9ma fran\u00e7ais appelle \u00e0 \u00ab&nbsp;se r\u00e9veiller&nbsp;\u00bb et \u00e0 \u00ab&nbsp;d\u00e9noncer les violences polici\u00e8res&nbsp;\u00bb en France, dans une tribune publi\u00e9e ce jeudi 4 juin dans L&rsquo;Obs. Omar Sy appelle de ses v\u0153ux une \u00ab&nbsp;police digne de notre d\u00e9mocratie&nbsp;\u00bb, apr\u00e8s les manifestations pour Adama Traor\u00e9. &nbsp;\u00ab&nbsp;R\u00e9veillons-nous&nbsp;\u00bb, demande Omar Sy dans son appel, qu&rsquo;il invite \u00e0 [&hellip;]\" \/>\n<meta property=\"og:url\" content=\"https:\/\/guineediversite.com\/index.php\/2020\/06\/05\/en-echo-aux-etats-unis-omar-sy-appelle-a-denoncer-les-violences-policieres-en-france\/\" \/>\n<meta property=\"og:site_name\" content=\"Guin\u00e9e Diversit\u00e9\" \/>\n<meta property=\"article:publisher\" content=\"https:\/\/www.facebook.com\/guineediversite\/\" \/>\n<meta property=\"article:published_time\" content=\"2020-06-05T10:36:32+00:00\" \/>\n<meta property=\"article:modified_time\" content=\"2020-06-05T10:36:36+00:00\" \/>\n<meta property=\"og:image\" content=\"https:\/\/guineediversite.com\/wp-content\/uploads\/2020\/06\/La-star-du-cin\u00e9ma-fran\u00e7ais-appelle-\u00e0-\u00ab-se-r\u00e9veiller-\u00bb-et-\u00e0-\u00ab-d\u00e9noncer-les-violences-polici\u00e8res-\u00bb-en-France.jpg\" \/>\n\t<meta property=\"og:image:width\" content=\"2000\" \/>\n\t<meta property=\"og:image:height\" content=\"1124\" \/>\n\t<meta property=\"og:image:type\" content=\"image\/jpeg\" \/>\n<meta name=\"author\" content=\"Guin\u00e9e Diversit\u00e9\" \/>\n<meta name=\"twitter:card\" content=\"summary_large_image\" \/>\n<meta name=\"twitter:creator\" content=\"@GuineeDiversite\" \/>\n<meta name=\"twitter:site\" content=\"@GuineeDiversite\" \/>\n<meta name=\"twitter:label1\" content=\"\u00c9crit par\" \/>\n\t<meta name=\"twitter:data1\" content=\"Guin\u00e9e Diversit\u00e9\" \/>\n\t<meta name=\"twitter:label2\" content=\"Dur\u00e9e de lecture estim\u00e9e\" \/>\n\t<meta name=\"twitter:data2\" content=\"2 minutes\" \/>\n<script type=\"application\/ld+json\" class=\"yoast-schema-graph\">{\"@context\":\"https:\/\/schema.org\",\"@graph\":[{\"@type\":\"Article\",\"@id\":\"https:\/\/guineediversite.com\/index.php\/2020\/06\/05\/en-echo-aux-etats-unis-omar-sy-appelle-a-denoncer-les-violences-policieres-en-france\/#article\",\"isPartOf\":{\"@id\":\"https:\/\/guineediversite.com\/index.php\/2020\/06\/05\/en-echo-aux-etats-unis-omar-sy-appelle-a-denoncer-les-violences-policieres-en-france\/\"},\"author\":{\"name\":\"Guin\u00e9e Diversit\u00e9\",\"@id\":\"https:\/\/guineediversite.com\/#\/schema\/person\/afa08fb34e7fc6e1feafc892612bc836\"},\"headline\":\"En \u00e9cho aux \u00c9tats-Unis, Omar Sy appelle \u00e0 \u00abd\u00e9noncer les violences polici\u00e8res\u00bb en France\",\"datePublished\":\"2020-06-05T10:36:32+00:00\",\"dateModified\":\"2020-06-05T10:36:36+00:00\",\"mainEntityOfPage\":{\"@id\":\"https:\/\/guineediversite.com\/index.php\/2020\/06\/05\/en-echo-aux-etats-unis-omar-sy-appelle-a-denoncer-les-violences-policieres-en-france\/\"},\"wordCount\":382,\"publisher\":{\"@id\":\"https:\/\/guineediversite.com\/#organization\"},\"image\":{\"@id\":\"https:\/\/guineediversite.com\/index.php\/2020\/06\/05\/en-echo-aux-etats-unis-omar-sy-appelle-a-denoncer-les-violences-policieres-en-france\/#primaryimage\"},\"thumbnailUrl\":\"https:\/\/guineediversite.com\/wp-content\/uploads\/2020\/06\/La-star-du-cin\u00e9ma-fran\u00e7ais-appelle-\u00e0-\u00ab-se-r\u00e9veiller-\u00bb-et-\u00e0-\u00ab-d\u00e9noncer-les-violences-polici\u00e8res-\u00bb-en-France.jpg\",\"articleSection\":[\"International\"],\"inLanguage\":\"fr-FR\"},{\"@type\":\"WebPage\",\"@id\":\"https:\/\/guineediversite.com\/index.php\/2020\/06\/05\/en-echo-aux-etats-unis-omar-sy-appelle-a-denoncer-les-violences-policieres-en-france\/\",\"url\":\"https:\/\/guineediversite.com\/index.php\/2020\/06\/05\/en-echo-aux-etats-unis-omar-sy-appelle-a-denoncer-les-violences-policieres-en-france\/\",\"name\":\"En \u00e9cho aux \u00c9tats-Unis, Omar Sy appelle \u00e0 \u00abd\u00e9noncer les violences polici\u00e8res\u00bb en France | Guin\u00e9e Diversit\u00e9\",\"isPartOf\":{\"@id\":\"https:\/\/guineediversite.com\/#website\"},\"primaryImageOfPage\":{\"@id\":\"https:\/\/guineediversite.com\/index.php\/2020\/06\/05\/en-echo-aux-etats-unis-omar-sy-appelle-a-denoncer-les-violences-policieres-en-france\/#primaryimage\"},\"image\":{\"@id\":\"https:\/\/guineediversite.com\/index.php\/2020\/06\/05\/en-echo-aux-etats-unis-omar-sy-appelle-a-denoncer-les-violences-policieres-en-france\/#primaryimage\"},\"thumbnailUrl\":\"https:\/\/guineediversite.com\/wp-content\/uploads\/2020\/06\/La-star-du-cin\u00e9ma-fran\u00e7ais-appelle-\u00e0-\u00ab-se-r\u00e9veiller-\u00bb-et-\u00e0-\u00ab-d\u00e9noncer-les-violences-polici\u00e8res-\u00bb-en-France.jpg\",\"datePublished\":\"2020-06-05T10:36:32+00:00\",\"dateModified\":\"2020-06-05T10:36:36+00:00\",\"breadcrumb\":{\"@id\":\"https:\/\/guineediversite.com\/index.php\/2020\/06\/05\/en-echo-aux-etats-unis-omar-sy-appelle-a-denoncer-les-violences-policieres-en-france\/#breadcrumb\"},\"inLanguage\":\"fr-FR\",\"potentialAction\":[{\"@type\":\"ReadAction\",\"target\":[\"https:\/\/guineediversite.com\/index.php\/2020\/06\/05\/en-echo-aux-etats-unis-omar-sy-appelle-a-denoncer-les-violences-policieres-en-france\/\"]}]},{\"@type\":\"ImageObject\",\"inLanguage\":\"fr-FR\",\"@id\":\"https:\/\/guineediversite.com\/index.php\/2020\/06\/05\/en-echo-aux-etats-unis-omar-sy-appelle-a-denoncer-les-violences-policieres-en-france\/#primaryimage\",\"url\":\"https:\/\/guineediversite.com\/wp-content\/uploads\/2020\/06\/La-star-du-cin\u00e9ma-fran\u00e7ais-appelle-\u00e0-\u00ab-se-r\u00e9veiller-\u00bb-et-\u00e0-\u00ab-d\u00e9noncer-les-violences-polici\u00e8res-\u00bb-en-France.jpg\",\"contentUrl\":\"https:\/\/guineediversite.com\/wp-content\/uploads\/2020\/06\/La-star-du-cin\u00e9ma-fran\u00e7ais-appelle-\u00e0-\u00ab-se-r\u00e9veiller-\u00bb-et-\u00e0-\u00ab-d\u00e9noncer-les-violences-polici\u00e8res-\u00bb-en-France.jpg\",\"width\":2000,\"height\":1124},{\"@type\":\"BreadcrumbList\",\"@id\":\"https:\/\/guineediversite.com\/index.php\/2020\/06\/05\/en-echo-aux-etats-unis-omar-sy-appelle-a-denoncer-les-violences-policieres-en-france\/#breadcrumb\",\"itemListElement\":[{\"@type\":\"ListItem\",\"position\":1,\"name\":\"Accueil\",\"item\":\"https:\/\/guineediversite.com\/\"},{\"@type\":\"ListItem\",\"position\":2,\"name\":\"En \u00e9cho aux \u00c9tats-Unis, Omar Sy appelle \u00e0 \u00abd\u00e9noncer les violences polici\u00e8res\u00bb en France\"}]},{\"@type\":\"WebSite\",\"@id\":\"https:\/\/guineediversite.com\/#website\",\"url\":\"https:\/\/guineediversite.com\/\",\"name\":\"Guin\u00e9e Diversit\u00e9\",\"description\":\"L&#039;Info dans toute sa diversit\u00e9\",\"publisher\":{\"@id\":\"https:\/\/guineediversite.com\/#organization\"},\"potentialAction\":[{\"@type\":\"SearchAction\",\"target\":{\"@type\":\"EntryPoint\",\"urlTemplate\":\"https:\/\/guineediversite.com\/?s={search_term_string}\"},\"query-input\":{\"@type\":\"PropertyValueSpecification\",\"valueRequired\":true,\"valueName\":\"search_term_string\"}}],\"inLanguage\":\"fr-FR\"},{\"@type\":\"Organization\",\"@id\":\"https:\/\/guineediversite.com\/#organization\",\"name\":\"Guin\u00e9e Diversit\u00e9\",\"url\":\"https:\/\/guineediversite.com\/\",\"logo\":{\"@type\":\"ImageObject\",\"inLanguage\":\"fr-FR\",\"@id\":\"https:\/\/guineediversite.com\/#\/schema\/logo\/image\/\",\"url\":\"https:\/\/guineediversite.com\/wp-content\/uploads\/2017\/04\/cropped-1jojlxEOMkX9Wyqfhe43D6kjPOGqBBKmx3EwWJqZ0cMrFF54yM49.png\",\"contentUrl\":\"https:\/\/guineediversite.com\/wp-content\/uploads\/2017\/04\/cropped-1jojlxEOMkX9Wyqfhe43D6kjPOGqBBKmx3EwWJqZ0cMrFF54yM49.png\",\"width\":186,\"height\":112,\"caption\":\"Guin\u00e9e Diversit\u00e9\"},\"image\":{\"@id\":\"https:\/\/guineediversite.com\/#\/schema\/logo\/image\/\"},\"sameAs\":[\"https:\/\/www.facebook.com\/guineediversite\/\",\"https:\/\/x.com\/GuineeDiversite\",\"https:\/\/www.youtube.com\/channel\/UC8sUY16qelG5ge6_D5SB83g\"]},{\"@type\":\"Person\",\"@id\":\"https:\/\/guineediversite.com\/#\/schema\/person\/afa08fb34e7fc6e1feafc892612bc836\",\"name\":\"Guin\u00e9e Diversit\u00e9\",\"image\":{\"@type\":\"ImageObject\",\"inLanguage\":\"fr-FR\",\"@id\":\"https:\/\/guineediversite.com\/#\/schema\/person\/image\/\",\"url\":\"https:\/\/secure.gravatar.com\/avatar\/50d5eb5b390f8b65ac30ac6f898eb83a?s=96&d=mm&r=g\",\"contentUrl\":\"https:\/\/secure.gravatar.com\/avatar\/50d5eb5b390f8b65ac30ac6f898eb83a?s=96&d=mm&r=g\",\"caption\":\"Guin\u00e9e Diversit\u00e9\"},\"url\":\"https:\/\/guineediversite.com\/index.php\/author\/guineediversite\/\"}]}<\/script>\n<!-- \/ Yoast SEO plugin. -->","yoast_head_json":{"title":"En \u00e9cho aux \u00c9tats-Unis, Omar Sy appelle \u00e0 \u00abd\u00e9noncer les violences polici\u00e8res\u00bb en France | Guin\u00e9e Diversit\u00e9","robots":{"index":"index","follow":"follow","max-snippet":"max-snippet:-1","max-image-preview":"max-image-preview:large","max-video-preview":"max-video-preview:-1"},"canonical":"https:\/\/guineediversite.com\/index.php\/2020\/06\/05\/en-echo-aux-etats-unis-omar-sy-appelle-a-denoncer-les-violences-policieres-en-france\/","og_locale":"fr_FR","og_type":"article","og_title":"En \u00e9cho aux \u00c9tats-Unis, Omar Sy appelle \u00e0 \u00abd\u00e9noncer les violences polici\u00e8res\u00bb en France | Guin\u00e9e Diversit\u00e9","og_description":"La star du cin\u00e9ma fran\u00e7ais appelle \u00e0 \u00ab&nbsp;se r\u00e9veiller&nbsp;\u00bb et \u00e0 \u00ab&nbsp;d\u00e9noncer les violences polici\u00e8res&nbsp;\u00bb en France, dans une tribune publi\u00e9e ce jeudi 4 juin dans L&rsquo;Obs. Omar Sy appelle de ses v\u0153ux une \u00ab&nbsp;police digne de notre d\u00e9mocratie&nbsp;\u00bb, apr\u00e8s les manifestations pour Adama Traor\u00e9. &nbsp;\u00ab&nbsp;R\u00e9veillons-nous&nbsp;\u00bb, demande Omar Sy dans son appel, qu&rsquo;il invite \u00e0 [&hellip;]","og_url":"https:\/\/guineediversite.com\/index.php\/2020\/06\/05\/en-echo-aux-etats-unis-omar-sy-appelle-a-denoncer-les-violences-policieres-en-france\/","og_site_name":"Guin\u00e9e Diversit\u00e9","article_publisher":"https:\/\/www.facebook.com\/guineediversite\/","article_published_time":"2020-06-05T10:36:32+00:00","article_modified_time":"2020-06-05T10:36:36+00:00","og_image":[{"width":2000,"height":1124,"url":"https:\/\/guineediversite.com\/wp-content\/uploads\/2020\/06\/La-star-du-cin\u00e9ma-fran\u00e7ais-appelle-\u00e0-\u00ab-se-r\u00e9veiller-\u00bb-et-\u00e0-\u00ab-d\u00e9noncer-les-violences-polici\u00e8res-\u00bb-en-France.jpg","type":"image\/jpeg"}],"author":"Guin\u00e9e Diversit\u00e9","twitter_card":"summary_large_image","twitter_creator":"@GuineeDiversite","twitter_site":"@GuineeDiversite","twitter_misc":{"\u00c9crit par":"Guin\u00e9e Diversit\u00e9","Dur\u00e9e de lecture estim\u00e9e":"2 minutes"},"schema":{"@context":"https:\/\/schema.org","@graph":[{"@type":"Article","@id":"https:\/\/guineediversite.com\/index.php\/2020\/06\/05\/en-echo-aux-etats-unis-omar-sy-appelle-a-denoncer-les-violences-policieres-en-france\/#article","isPartOf":{"@id":"https:\/\/guineediversite.com\/index.php\/2020\/06\/05\/en-echo-aux-etats-unis-omar-sy-appelle-a-denoncer-les-violences-policieres-en-france\/"},"author":{"name":"Guin\u00e9e Diversit\u00e9","@id":"https:\/\/guineediversite.com\/#\/schema\/person\/afa08fb34e7fc6e1feafc892612bc836"},"headline":"En \u00e9cho aux \u00c9tats-Unis, Omar Sy appelle \u00e0 \u00abd\u00e9noncer les violences polici\u00e8res\u00bb en France","datePublished":"2020-06-05T10:36:32+00:00","dateModified":"2020-06-05T10:36:36+00:00","mainEntityOfPage":{"@id":"https:\/\/guineediversite.com\/index.php\/2020\/06\/05\/en-echo-aux-etats-unis-omar-sy-appelle-a-denoncer-les-violences-policieres-en-france\/"},"wordCount":382,"publisher":{"@id":"https:\/\/guineediversite.com\/#organization"},"image":{"@id":"https:\/\/guineediversite.com\/index.php\/2020\/06\/05\/en-echo-aux-etats-unis-omar-sy-appelle-a-denoncer-les-violences-policieres-en-france\/#primaryimage"},"thumbnailUrl":"https:\/\/guineediversite.com\/wp-content\/uploads\/2020\/06\/La-star-du-cin\u00e9ma-fran\u00e7ais-appelle-\u00e0-\u00ab-se-r\u00e9veiller-\u00bb-et-\u00e0-\u00ab-d\u00e9noncer-les-violences-polici\u00e8res-\u00bb-en-France.jpg","articleSection":["International"],"inLanguage":"fr-FR"},{"@type":"WebPage","@id":"https:\/\/guineediversite.com\/index.php\/2020\/06\/05\/en-echo-aux-etats-unis-omar-sy-appelle-a-denoncer-les-violences-policieres-en-france\/","url":"https:\/\/guineediversite.com\/index.php\/2020\/06\/05\/en-echo-aux-etats-unis-omar-sy-appelle-a-denoncer-les-violences-policieres-en-france\/","name":"En \u00e9cho aux \u00c9tats-Unis, Omar Sy appelle \u00e0 \u00abd\u00e9noncer les violences polici\u00e8res\u00bb en France | Guin\u00e9e Diversit\u00e9","isPartOf":{"@id":"https:\/\/guineediversite.com\/#website"},"primaryImageOfPage":{"@id":"https:\/\/guineediversite.com\/index.php\/2020\/06\/05\/en-echo-aux-etats-unis-omar-sy-appelle-a-denoncer-les-violences-policieres-en-france\/#primaryimage"},"image":{"@id":"https:\/\/guineediversite.com\/index.php\/2020\/06\/05\/en-echo-aux-etats-unis-omar-sy-appelle-a-denoncer-les-violences-policieres-en-france\/#primaryimage"},"thumbnailUrl":"https:\/\/guineediversite.com\/wp-content\/uploads\/2020\/06\/La-star-du-cin\u00e9ma-fran\u00e7ais-appelle-\u00e0-\u00ab-se-r\u00e9veiller-\u00bb-et-\u00e0-\u00ab-d\u00e9noncer-les-violences-polici\u00e8res-\u00bb-en-France.jpg","datePublished":"2020-06-05T10:36:32+00:00","dateModified":"2020-06-05T10:36:36+00:00","breadcrumb":{"@id":"https:\/\/guineediversite.com\/index.php\/2020\/06\/05\/en-echo-aux-etats-unis-omar-sy-appelle-a-denoncer-les-violences-policieres-en-france\/#breadcrumb"},"inLanguage":"fr-FR","potentialAction":[{"@type":"ReadAction","target":["https:\/\/guineediversite.com\/index.php\/2020\/06\/05\/en-echo-aux-etats-unis-omar-sy-appelle-a-denoncer-les-violences-policieres-en-france\/"]}]},{"@type":"ImageObject","inLanguage":"fr-FR","@id":"https:\/\/guineediversite.com\/index.php\/2020\/06\/05\/en-echo-aux-etats-unis-omar-sy-appelle-a-denoncer-les-violences-policieres-en-france\/#primaryimage","url":"https:\/\/guineediversite.com\/wp-content\/uploads\/2020\/06\/La-star-du-cin\u00e9ma-fran\u00e7ais-appelle-\u00e0-\u00ab-se-r\u00e9veiller-\u00bb-et-\u00e0-\u00ab-d\u00e9noncer-les-violences-polici\u00e8res-\u00bb-en-France.jpg","contentUrl":"https:\/\/guineediversite.com\/wp-content\/uploads\/2020\/06\/La-star-du-cin\u00e9ma-fran\u00e7ais-appelle-\u00e0-\u00ab-se-r\u00e9veiller-\u00bb-et-\u00e0-\u00ab-d\u00e9noncer-les-violences-polici\u00e8res-\u00bb-en-France.jpg","width":2000,"height":1124},{"@type":"BreadcrumbList","@id":"https:\/\/guineediversite.com\/index.php\/2020\/06\/05\/en-echo-aux-etats-unis-omar-sy-appelle-a-denoncer-les-violences-policieres-en-france\/#breadcrumb","itemListElement":[{"@type":"ListItem","position":1,"name":"Accueil","item":"https:\/\/guineediversite.com\/"},{"@type":"ListItem","position":2,"name":"En \u00e9cho aux \u00c9tats-Unis, Omar Sy appelle \u00e0 \u00abd\u00e9noncer les violences polici\u00e8res\u00bb en France"}]},{"@type":"WebSite","@id":"https:\/\/guineediversite.com\/#website","url":"https:\/\/guineediversite.com\/","name":"Guin\u00e9e Diversit\u00e9","description":"L&#039;Info dans toute sa diversit\u00e9","publisher":{"@id":"https:\/\/guineediversite.com\/#organization"},"potentialAction":[{"@type":"SearchAction","target":{"@type":"EntryPoint","urlTemplate":"https:\/\/guineediversite.com\/?s={search_term_string}"},"query-input":{"@type":"PropertyValueSpecification","valueRequired":true,"valueName":"search_term_string"}}],"inLanguage":"fr-FR"},{"@type":"Organization","@id":"https:\/\/guineediversite.com\/#organization","name":"Guin\u00e9e Diversit\u00e9","url":"https:\/\/guineediversite.com\/","logo":{"@type":"ImageObject","inLanguage":"fr-FR","@id":"https:\/\/guineediversite.com\/#\/schema\/logo\/image\/","url":"https:\/\/guineediversite.com\/wp-content\/uploads\/2017\/04\/cropped-1jojlxEOMkX9Wyqfhe43D6kjPOGqBBKmx3EwWJqZ0cMrFF54yM49.png","contentUrl":"https:\/\/guineediversite.com\/wp-content\/uploads\/2017\/04\/cropped-1jojlxEOMkX9Wyqfhe43D6kjPOGqBBKmx3EwWJqZ0cMrFF54yM49.png","width":186,"height":112,"caption":"Guin\u00e9e Diversit\u00e9"},"image":{"@id":"https:\/\/guineediversite.com\/#\/schema\/logo\/image\/"},"sameAs":["https:\/\/www.facebook.com\/guineediversite\/","https:\/\/x.com\/GuineeDiversite","https:\/\/www.youtube.com\/channel\/UC8sUY16qelG5ge6_D5SB83g"]},{"@type":"Person","@id":"https:\/\/guineediversite.com\/#\/schema\/person\/afa08fb34e7fc6e1feafc892612bc836","name":"Guin\u00e9e Diversit\u00e9","image":{"@type":"ImageObject","inLanguage":"fr-FR","@id":"https:\/\/guineediversite.com\/#\/schema\/person\/image\/","url":"https:\/\/secure.gravatar.com\/avatar\/50d5eb5b390f8b65ac30ac6f898eb83a?s=96&d=mm&r=g","contentUrl":"https:\/\/secure.gravatar.com\/avatar\/50d5eb5b390f8b65ac30ac6f898eb83a?s=96&d=mm&r=g","caption":"Guin\u00e9e Diversit\u00e9"},"url":"https:\/\/guineediversite.com\/index.php\/author\/guineediversite\/"}]}},"_links":{"self":[{"href":"https:\/\/guineediversite.com\/index.php\/wp-json\/wp\/v2\/posts\/29406"}],"collection":[{"href":"https:\/\/guineediversite.com\/index.php\/wp-json\/wp\/v2\/posts"}],"about":[{"href":"https:\/\/guineediversite.com\/index.php\/wp-json\/wp\/v2\/types\/post"}],"author":[{"embeddable":true,"href":"https:\/\/guineediversite.com\/index.php\/wp-json\/wp\/v2\/users\/12"}],"replies":[{"embeddable":true,"href":"https:\/\/guineediversite.com\/index.php\/wp-json\/wp\/v2\/comments?post=29406"}],"version-history":[{"count":1,"href":"https:\/\/guineediversite.com\/index.php\/wp-json\/wp\/v2\/posts\/29406\/revisions"}],"predecessor-version":[{"id":29408,"href":"https:\/\/guineediversite.com\/index.php\/wp-json\/wp\/v2\/posts\/29406\/revisions\/29408"}],"wp:featuredmedia":[{"embeddable":true,"href":"https:\/\/guineediversite.com\/index.php\/wp-json\/wp\/v2\/media\/29407"}],"wp:attachment":[{"href":"https:\/\/guineediversite.com\/index.php\/wp-json\/wp\/v2\/media?parent=29406"}],"wp:term":[{"taxonomy":"category","embeddable":true,"href":"https:\/\/guineediversite.com\/index.php\/wp-json\/wp\/v2\/categories?post=29406"},{"taxonomy":"post_tag","embeddable":true,"href":"https:\/\/guineediversite.com\/index.php\/wp-json\/wp\/v2\/tags?post=29406"}],"curies":[{"name":"wp","href":"https:\/\/api.w.org\/{rel}","templated":true}]}}