{"id":29403,"date":"2020-06-05T12:25:25","date_gmt":"2020-06-05T10:25:25","guid":{"rendered":"https:\/\/guineediversite.com\/?p=29403"},"modified":"2020-06-05T12:25:29","modified_gmt":"2020-06-05T10:25:29","slug":"cherif-abdallah-alpha-tue-et-le-peuple-et-le-pays","status":"publish","type":"post","link":"https:\/\/guineediversite.com\/index.php\/2020\/06\/05\/cherif-abdallah-alpha-tue-et-le-peuple-et-le-pays\/","title":{"rendered":"Ch\u00e9rif Abdallah: \u00ab\u00a0Alpha tue et le peuple et le pays\u00a0\u00bb"},"content":{"rendered":"\n<p>DECLARATION GOHA<\/p>\n\n\n\n<p>&nbsp;\u00c0 l\u2019occasion de l\u2019oraison fun\u00e8bre de William Sassine, un ministre de l\u2019actuel gouvernement avait dit \u00ab le 1er pr\u00e9sident de la Guin\u00e9e avait tu\u00e9 le peuple. Le deuxi\u00e8me lui tue le pays \u00bb. Il est temps qu\u2019il note aussi que contrairement \u00e0 ces derniers, Alpha tue et le peuple, et le pays Pire, le pays est dirig\u00e9 par quelqu\u2019un qui ne connait pas le sens de la parole donn\u00e9e. Pour preuve, Il avait dit qu\u2019il ne briguera pas un 3\u00e8me mandat. Ce serait trahir ce pourquoi il s\u2019est battu pendant pr\u00e8s de 40 ans. Il avait dit que la Guin\u00e9e est un v\u00e9hicule qui a besoin de ses quatre roues.&nbsp; &nbsp;Aujourd\u2019hui il ne roule qu\u2019avec une roue. Il avait dit qu\u2019il sera le pr\u00e9sident de tous les guin\u00e9ens, ceux qui ont vot\u00e9 pour lui, comme ceux qui ont vot\u00e9 contre lui.&nbsp;<\/p>\n\n\n\n<p>Depuis 10 ans, il n\u2019a \u00e9t\u00e9 que le pr\u00e9sident du RPG-arc en ciel. Il dirige le pays avec ses contrastes: il tue les guin\u00e9ens sans remord, et s\u2019indigne de l\u2019assassinat d\u2019un noir aux Etats unis.<\/p>\n\n\n\n<p>Il d\u00e9cr\u00e8te l\u2019\u00e9tat d\u2019urgence sanitaire alors qu\u2019il n\u2019y avait pas des cas d\u00e9clar\u00e9s positifs \u00e0 l\u2019int\u00e9rieur du pays et d\u00e9cide de lever la mesure au moment o\u00f9 plusieurs pr\u00e9fectures ont enregistr\u00e9s des cas. Comme s\u2019il se disait que : \u00ab COVID 19 est une opportunit\u00e9 et providence pour \u00e9liminer mon peuple, plus besoin de balles COVID va s\u2019en charger \u00bb.&nbsp;<\/p>\n\n\n\n<p>Alpha Cond\u00e9 ne se prend-il pas pour un roi? Car seul un monarque l\u00e8gue son pouvoir: \u00abje ne laisserai pas ce&nbsp; pays entre les mains des bandits \u00bb. Comme pour dire que c\u2019est lui, et non le peuple, qui installera son successeur. C\u2019est plus qu\u2019une insulte au vaillant peuple guin\u00e9en qui a cru r\u00e9ellement qu\u2019on est entr\u00e9 dans l\u2019\u00e8re de la d\u00e9mocratie de mani\u00e8re irr\u00e9versible. Quelle d\u00e9sillusion ? La nouvelle constitution, l\u2019assembl\u00e9e nationale issue du parti unique (parti-Etat, RPG), \u2026<\/p>\n\n\n\n<p>Conakry le 5 juin 2020<\/p>\n\n\n\n<p>Ch\u00e9rif Mohamed Abdallah<\/p>\n\n\n\n<p>&nbsp;Pr\u00e9sident du groupe organis\u00e9 des hommes d&rsquo;affaires<\/p>\n","protected":false},"excerpt":{"rendered":"<p>DECLARATION GOHA &nbsp;\u00c0 l\u2019occasion de l\u2019oraison fun\u00e8bre de William Sassine, un ministre de l\u2019actuel gouvernement avait dit \u00ab le 1er pr\u00e9sident de la Guin\u00e9e avait tu\u00e9 le peuple. Le deuxi\u00e8me lui tue le pays \u00bb. Il est temps qu\u2019il note aussi que contrairement \u00e0 ces derniers, Alpha tue et le peuple, et le pays Pire, [&hellip;]<\/p>\n","protected":false},"author":12,"featured_media":29404,"comment_status":"closed","ping_status":"closed","sticky":false,"template":"","format":"standard","meta":{"_exactmetrics_skip_tracking":false,"_exactmetrics_sitenote_active":false,"_exactmetrics_sitenote_note":"","_exactmetrics_sitenote_category":0,"tdm_status":"","tdm_grid_status":"","footnotes":""},"categories":[16],"tags":[],"class_list":{"0":"post-29403","1":"post","2":"type-post","3":"status-publish","4":"format-standard","5":"has-post-thumbnail","7":"category-societe"},"yoast_head":"<!-- This site is optimized with the Yoast SEO plugin v24.2 - https:\/\/yoast.com\/wordpress\/plugins\/seo\/ -->\n<title>Ch\u00e9rif Abdallah: &quot;Alpha tue et le peuple et le pays&quot; | Guin\u00e9e Diversit\u00e9<\/title>\n<meta name=\"robots\" content=\"index, follow, max-snippet:-1, max-image-preview:large, max-video-preview:-1\" \/>\n<link rel=\"canonical\" href=\"https:\/\/guineediversite.com\/index.php\/2020\/06\/05\/cherif-abdallah-alpha-tue-et-le-peuple-et-le-pays\/\" \/>\n<meta property=\"og:locale\" content=\"fr_FR\" \/>\n<meta property=\"og:type\" content=\"article\" \/>\n<meta property=\"og:title\" content=\"Ch\u00e9rif Abdallah: &quot;Alpha tue et le peuple et le pays&quot; | Guin\u00e9e Diversit\u00e9\" \/>\n<meta property=\"og:description\" content=\"DECLARATION GOHA &nbsp;\u00c0 l\u2019occasion de l\u2019oraison fun\u00e8bre de William Sassine, un ministre de l\u2019actuel gouvernement avait dit \u00ab le 1er pr\u00e9sident de la Guin\u00e9e avait tu\u00e9 le peuple. Le deuxi\u00e8me lui tue le pays \u00bb. Il est temps qu\u2019il note aussi que contrairement \u00e0 ces derniers, Alpha tue et le peuple, et le pays Pire, [&hellip;]\" \/>\n<meta property=\"og:url\" content=\"https:\/\/guineediversite.com\/index.php\/2020\/06\/05\/cherif-abdallah-alpha-tue-et-le-peuple-et-le-pays\/\" \/>\n<meta property=\"og:site_name\" content=\"Guin\u00e9e Diversit\u00e9\" \/>\n<meta property=\"article:publisher\" content=\"https:\/\/www.facebook.com\/guineediversite\/\" \/>\n<meta property=\"article:published_time\" content=\"2020-06-05T10:25:25+00:00\" \/>\n<meta property=\"article:modified_time\" content=\"2020-06-05T10:25:29+00:00\" \/>\n<meta property=\"og:image\" content=\"https:\/\/guineediversite.com\/wp-content\/uploads\/2020\/06\/received_257305912261192.jpeg\" \/>\n\t<meta property=\"og:image:width\" content=\"1500\" \/>\n\t<meta property=\"og:image:height\" content=\"1125\" \/>\n\t<meta property=\"og:image:type\" content=\"image\/jpeg\" \/>\n<meta name=\"author\" content=\"Guin\u00e9e Diversit\u00e9\" \/>\n<meta name=\"twitter:card\" content=\"summary_large_image\" \/>\n<meta name=\"twitter:creator\" content=\"@GuineeDiversite\" \/>\n<meta name=\"twitter:site\" content=\"@GuineeDiversite\" \/>\n<meta name=\"twitter:label1\" content=\"\u00c9crit par\" \/>\n\t<meta name=\"twitter:data1\" content=\"Guin\u00e9e Diversit\u00e9\" \/>\n\t<meta name=\"twitter:label2\" content=\"Dur\u00e9e de lecture estim\u00e9e\" \/>\n\t<meta name=\"twitter:data2\" content=\"2 minutes\" \/>\n<script type=\"application\/ld+json\" class=\"yoast-schema-graph\">{\"@context\":\"https:\/\/schema.org\",\"@graph\":[{\"@type\":\"Article\",\"@id\":\"https:\/\/guineediversite.com\/index.php\/2020\/06\/05\/cherif-abdallah-alpha-tue-et-le-peuple-et-le-pays\/#article\",\"isPartOf\":{\"@id\":\"https:\/\/guineediversite.com\/index.php\/2020\/06\/05\/cherif-abdallah-alpha-tue-et-le-peuple-et-le-pays\/\"},\"author\":{\"name\":\"Guin\u00e9e Diversit\u00e9\",\"@id\":\"https:\/\/guineediversite.com\/#\/schema\/person\/afa08fb34e7fc6e1feafc892612bc836\"},\"headline\":\"Ch\u00e9rif Abdallah: \u00ab\u00a0Alpha tue et le peuple et le pays\u00a0\u00bb\",\"datePublished\":\"2020-06-05T10:25:25+00:00\",\"dateModified\":\"2020-06-05T10:25:29+00:00\",\"mainEntityOfPage\":{\"@id\":\"https:\/\/guineediversite.com\/index.php\/2020\/06\/05\/cherif-abdallah-alpha-tue-et-le-peuple-et-le-pays\/\"},\"wordCount\":393,\"publisher\":{\"@id\":\"https:\/\/guineediversite.com\/#organization\"},\"image\":{\"@id\":\"https:\/\/guineediversite.com\/index.php\/2020\/06\/05\/cherif-abdallah-alpha-tue-et-le-peuple-et-le-pays\/#primaryimage\"},\"thumbnailUrl\":\"https:\/\/guineediversite.com\/wp-content\/uploads\/2020\/06\/received_257305912261192.jpeg\",\"articleSection\":[\"Soci\u00e9t\u00e9\"],\"inLanguage\":\"fr-FR\"},{\"@type\":\"WebPage\",\"@id\":\"https:\/\/guineediversite.com\/index.php\/2020\/06\/05\/cherif-abdallah-alpha-tue-et-le-peuple-et-le-pays\/\",\"url\":\"https:\/\/guineediversite.com\/index.php\/2020\/06\/05\/cherif-abdallah-alpha-tue-et-le-peuple-et-le-pays\/\",\"name\":\"Ch\u00e9rif Abdallah: \\\"Alpha tue et le peuple et le pays\\\" | Guin\u00e9e Diversit\u00e9\",\"isPartOf\":{\"@id\":\"https:\/\/guineediversite.com\/#website\"},\"primaryImageOfPage\":{\"@id\":\"https:\/\/guineediversite.com\/index.php\/2020\/06\/05\/cherif-abdallah-alpha-tue-et-le-peuple-et-le-pays\/#primaryimage\"},\"image\":{\"@id\":\"https:\/\/guineediversite.com\/index.php\/2020\/06\/05\/cherif-abdallah-alpha-tue-et-le-peuple-et-le-pays\/#primaryimage\"},\"thumbnailUrl\":\"https:\/\/guineediversite.com\/wp-content\/uploads\/2020\/06\/received_257305912261192.jpeg\",\"datePublished\":\"2020-06-05T10:25:25+00:00\",\"dateModified\":\"2020-06-05T10:25:29+00:00\",\"breadcrumb\":{\"@id\":\"https:\/\/guineediversite.com\/index.php\/2020\/06\/05\/cherif-abdallah-alpha-tue-et-le-peuple-et-le-pays\/#breadcrumb\"},\"inLanguage\":\"fr-FR\",\"potentialAction\":[{\"@type\":\"ReadAction\",\"target\":[\"https:\/\/guineediversite.com\/index.php\/2020\/06\/05\/cherif-abdallah-alpha-tue-et-le-peuple-et-le-pays\/\"]}]},{\"@type\":\"ImageObject\",\"inLanguage\":\"fr-FR\",\"@id\":\"https:\/\/guineediversite.com\/index.php\/2020\/06\/05\/cherif-abdallah-alpha-tue-et-le-peuple-et-le-pays\/#primaryimage\",\"url\":\"https:\/\/guineediversite.com\/wp-content\/uploads\/2020\/06\/received_257305912261192.jpeg\",\"contentUrl\":\"https:\/\/guineediversite.com\/wp-content\/uploads\/2020\/06\/received_257305912261192.jpeg\",\"width\":1500,\"height\":1125},{\"@type\":\"BreadcrumbList\",\"@id\":\"https:\/\/guineediversite.com\/index.php\/2020\/06\/05\/cherif-abdallah-alpha-tue-et-le-peuple-et-le-pays\/#breadcrumb\",\"itemListElement\":[{\"@type\":\"ListItem\",\"position\":1,\"name\":\"Accueil\",\"item\":\"https:\/\/guineediversite.com\/\"},{\"@type\":\"ListItem\",\"position\":2,\"name\":\"Ch\u00e9rif Abdallah: \u00ab\u00a0Alpha tue et le peuple et le pays\u00a0\u00bb\"}]},{\"@type\":\"WebSite\",\"@id\":\"https:\/\/guineediversite.com\/#website\",\"url\":\"https:\/\/guineediversite.com\/\",\"name\":\"Guin\u00e9e Diversit\u00e9\",\"description\":\"L&#039;Info dans toute sa diversit\u00e9\",\"publisher\":{\"@id\":\"https:\/\/guineediversite.com\/#organization\"},\"potentialAction\":[{\"@type\":\"SearchAction\",\"target\":{\"@type\":\"EntryPoint\",\"urlTemplate\":\"https:\/\/guineediversite.com\/?s={search_term_string}\"},\"query-input\":{\"@type\":\"PropertyValueSpecification\",\"valueRequired\":true,\"valueName\":\"search_term_string\"}}],\"inLanguage\":\"fr-FR\"},{\"@type\":\"Organization\",\"@id\":\"https:\/\/guineediversite.com\/#organization\",\"name\":\"Guin\u00e9e Diversit\u00e9\",\"url\":\"https:\/\/guineediversite.com\/\",\"logo\":{\"@type\":\"ImageObject\",\"inLanguage\":\"fr-FR\",\"@id\":\"https:\/\/guineediversite.com\/#\/schema\/logo\/image\/\",\"url\":\"https:\/\/guineediversite.com\/wp-content\/uploads\/2017\/04\/cropped-1jojlxEOMkX9Wyqfhe43D6kjPOGqBBKmx3EwWJqZ0cMrFF54yM49.png\",\"contentUrl\":\"https:\/\/guineediversite.com\/wp-content\/uploads\/2017\/04\/cropped-1jojlxEOMkX9Wyqfhe43D6kjPOGqBBKmx3EwWJqZ0cMrFF54yM49.png\",\"width\":186,\"height\":112,\"caption\":\"Guin\u00e9e Diversit\u00e9\"},\"image\":{\"@id\":\"https:\/\/guineediversite.com\/#\/schema\/logo\/image\/\"},\"sameAs\":[\"https:\/\/www.facebook.com\/guineediversite\/\",\"https:\/\/x.com\/GuineeDiversite\",\"https:\/\/www.youtube.com\/channel\/UC8sUY16qelG5ge6_D5SB83g\"]},{\"@type\":\"Person\",\"@id\":\"https:\/\/guineediversite.com\/#\/schema\/person\/afa08fb34e7fc6e1feafc892612bc836\",\"name\":\"Guin\u00e9e Diversit\u00e9\",\"image\":{\"@type\":\"ImageObject\",\"inLanguage\":\"fr-FR\",\"@id\":\"https:\/\/guineediversite.com\/#\/schema\/person\/image\/\",\"url\":\"https:\/\/secure.gravatar.com\/avatar\/50d5eb5b390f8b65ac30ac6f898eb83a?s=96&d=mm&r=g\",\"contentUrl\":\"https:\/\/secure.gravatar.com\/avatar\/50d5eb5b390f8b65ac30ac6f898eb83a?s=96&d=mm&r=g\",\"caption\":\"Guin\u00e9e Diversit\u00e9\"},\"url\":\"https:\/\/guineediversite.com\/index.php\/author\/guineediversite\/\"}]}<\/script>\n<!-- \/ Yoast SEO plugin. -->","yoast_head_json":{"title":"Ch\u00e9rif Abdallah: \"Alpha tue et le peuple et le pays\" | Guin\u00e9e Diversit\u00e9","robots":{"index":"index","follow":"follow","max-snippet":"max-snippet:-1","max-image-preview":"max-image-preview:large","max-video-preview":"max-video-preview:-1"},"canonical":"https:\/\/guineediversite.com\/index.php\/2020\/06\/05\/cherif-abdallah-alpha-tue-et-le-peuple-et-le-pays\/","og_locale":"fr_FR","og_type":"article","og_title":"Ch\u00e9rif Abdallah: \"Alpha tue et le peuple et le pays\" | Guin\u00e9e Diversit\u00e9","og_description":"DECLARATION GOHA &nbsp;\u00c0 l\u2019occasion de l\u2019oraison fun\u00e8bre de William Sassine, un ministre de l\u2019actuel gouvernement avait dit \u00ab le 1er pr\u00e9sident de la Guin\u00e9e avait tu\u00e9 le peuple. Le deuxi\u00e8me lui tue le pays \u00bb. Il est temps qu\u2019il note aussi que contrairement \u00e0 ces derniers, Alpha tue et le peuple, et le pays Pire, [&hellip;]","og_url":"https:\/\/guineediversite.com\/index.php\/2020\/06\/05\/cherif-abdallah-alpha-tue-et-le-peuple-et-le-pays\/","og_site_name":"Guin\u00e9e Diversit\u00e9","article_publisher":"https:\/\/www.facebook.com\/guineediversite\/","article_published_time":"2020-06-05T10:25:25+00:00","article_modified_time":"2020-06-05T10:25:29+00:00","og_image":[{"width":1500,"height":1125,"url":"https:\/\/guineediversite.com\/wp-content\/uploads\/2020\/06\/received_257305912261192.jpeg","type":"image\/jpeg"}],"author":"Guin\u00e9e Diversit\u00e9","twitter_card":"summary_large_image","twitter_creator":"@GuineeDiversite","twitter_site":"@GuineeDiversite","twitter_misc":{"\u00c9crit par":"Guin\u00e9e Diversit\u00e9","Dur\u00e9e de lecture estim\u00e9e":"2 minutes"},"schema":{"@context":"https:\/\/schema.org","@graph":[{"@type":"Article","@id":"https:\/\/guineediversite.com\/index.php\/2020\/06\/05\/cherif-abdallah-alpha-tue-et-le-peuple-et-le-pays\/#article","isPartOf":{"@id":"https:\/\/guineediversite.com\/index.php\/2020\/06\/05\/cherif-abdallah-alpha-tue-et-le-peuple-et-le-pays\/"},"author":{"name":"Guin\u00e9e Diversit\u00e9","@id":"https:\/\/guineediversite.com\/#\/schema\/person\/afa08fb34e7fc6e1feafc892612bc836"},"headline":"Ch\u00e9rif Abdallah: \u00ab\u00a0Alpha tue et le peuple et le pays\u00a0\u00bb","datePublished":"2020-06-05T10:25:25+00:00","dateModified":"2020-06-05T10:25:29+00:00","mainEntityOfPage":{"@id":"https:\/\/guineediversite.com\/index.php\/2020\/06\/05\/cherif-abdallah-alpha-tue-et-le-peuple-et-le-pays\/"},"wordCount":393,"publisher":{"@id":"https:\/\/guineediversite.com\/#organization"},"image":{"@id":"https:\/\/guineediversite.com\/index.php\/2020\/06\/05\/cherif-abdallah-alpha-tue-et-le-peuple-et-le-pays\/#primaryimage"},"thumbnailUrl":"https:\/\/guineediversite.com\/wp-content\/uploads\/2020\/06\/received_257305912261192.jpeg","articleSection":["Soci\u00e9t\u00e9"],"inLanguage":"fr-FR"},{"@type":"WebPage","@id":"https:\/\/guineediversite.com\/index.php\/2020\/06\/05\/cherif-abdallah-alpha-tue-et-le-peuple-et-le-pays\/","url":"https:\/\/guineediversite.com\/index.php\/2020\/06\/05\/cherif-abdallah-alpha-tue-et-le-peuple-et-le-pays\/","name":"Ch\u00e9rif Abdallah: \"Alpha tue et le peuple et le pays\" | Guin\u00e9e Diversit\u00e9","isPartOf":{"@id":"https:\/\/guineediversite.com\/#website"},"primaryImageOfPage":{"@id":"https:\/\/guineediversite.com\/index.php\/2020\/06\/05\/cherif-abdallah-alpha-tue-et-le-peuple-et-le-pays\/#primaryimage"},"image":{"@id":"https:\/\/guineediversite.com\/index.php\/2020\/06\/05\/cherif-abdallah-alpha-tue-et-le-peuple-et-le-pays\/#primaryimage"},"thumbnailUrl":"https:\/\/guineediversite.com\/wp-content\/uploads\/2020\/06\/received_257305912261192.jpeg","datePublished":"2020-06-05T10:25:25+00:00","dateModified":"2020-06-05T10:25:29+00:00","breadcrumb":{"@id":"https:\/\/guineediversite.com\/index.php\/2020\/06\/05\/cherif-abdallah-alpha-tue-et-le-peuple-et-le-pays\/#breadcrumb"},"inLanguage":"fr-FR","potentialAction":[{"@type":"ReadAction","target":["https:\/\/guineediversite.com\/index.php\/2020\/06\/05\/cherif-abdallah-alpha-tue-et-le-peuple-et-le-pays\/"]}]},{"@type":"ImageObject","inLanguage":"fr-FR","@id":"https:\/\/guineediversite.com\/index.php\/2020\/06\/05\/cherif-abdallah-alpha-tue-et-le-peuple-et-le-pays\/#primaryimage","url":"https:\/\/guineediversite.com\/wp-content\/uploads\/2020\/06\/received_257305912261192.jpeg","contentUrl":"https:\/\/guineediversite.com\/wp-content\/uploads\/2020\/06\/received_257305912261192.jpeg","width":1500,"height":1125},{"@type":"BreadcrumbList","@id":"https:\/\/guineediversite.com\/index.php\/2020\/06\/05\/cherif-abdallah-alpha-tue-et-le-peuple-et-le-pays\/#breadcrumb","itemListElement":[{"@type":"ListItem","position":1,"name":"Accueil","item":"https:\/\/guineediversite.com\/"},{"@type":"ListItem","position":2,"name":"Ch\u00e9rif Abdallah: \u00ab\u00a0Alpha tue et le peuple et le pays\u00a0\u00bb"}]},{"@type":"WebSite","@id":"https:\/\/guineediversite.com\/#website","url":"https:\/\/guineediversite.com\/","name":"Guin\u00e9e Diversit\u00e9","description":"L&#039;Info dans toute sa diversit\u00e9","publisher":{"@id":"https:\/\/guineediversite.com\/#organization"},"potentialAction":[{"@type":"SearchAction","target":{"@type":"EntryPoint","urlTemplate":"https:\/\/guineediversite.com\/?s={search_term_string}"},"query-input":{"@type":"PropertyValueSpecification","valueRequired":true,"valueName":"search_term_string"}}],"inLanguage":"fr-FR"},{"@type":"Organization","@id":"https:\/\/guineediversite.com\/#organization","name":"Guin\u00e9e Diversit\u00e9","url":"https:\/\/guineediversite.com\/","logo":{"@type":"ImageObject","inLanguage":"fr-FR","@id":"https:\/\/guineediversite.com\/#\/schema\/logo\/image\/","url":"https:\/\/guineediversite.com\/wp-content\/uploads\/2017\/04\/cropped-1jojlxEOMkX9Wyqfhe43D6kjPOGqBBKmx3EwWJqZ0cMrFF54yM49.png","contentUrl":"https:\/\/guineediversite.com\/wp-content\/uploads\/2017\/04\/cropped-1jojlxEOMkX9Wyqfhe43D6kjPOGqBBKmx3EwWJqZ0cMrFF54yM49.png","width":186,"height":112,"caption":"Guin\u00e9e Diversit\u00e9"},"image":{"@id":"https:\/\/guineediversite.com\/#\/schema\/logo\/image\/"},"sameAs":["https:\/\/www.facebook.com\/guineediversite\/","https:\/\/x.com\/GuineeDiversite","https:\/\/www.youtube.com\/channel\/UC8sUY16qelG5ge6_D5SB83g"]},{"@type":"Person","@id":"https:\/\/guineediversite.com\/#\/schema\/person\/afa08fb34e7fc6e1feafc892612bc836","name":"Guin\u00e9e Diversit\u00e9","image":{"@type":"ImageObject","inLanguage":"fr-FR","@id":"https:\/\/guineediversite.com\/#\/schema\/person\/image\/","url":"https:\/\/secure.gravatar.com\/avatar\/50d5eb5b390f8b65ac30ac6f898eb83a?s=96&d=mm&r=g","contentUrl":"https:\/\/secure.gravatar.com\/avatar\/50d5eb5b390f8b65ac30ac6f898eb83a?s=96&d=mm&r=g","caption":"Guin\u00e9e Diversit\u00e9"},"url":"https:\/\/guineediversite.com\/index.php\/author\/guineediversite\/"}]}},"_links":{"self":[{"href":"https:\/\/guineediversite.com\/index.php\/wp-json\/wp\/v2\/posts\/29403"}],"collection":[{"href":"https:\/\/guineediversite.com\/index.php\/wp-json\/wp\/v2\/posts"}],"about":[{"href":"https:\/\/guineediversite.com\/index.php\/wp-json\/wp\/v2\/types\/post"}],"author":[{"embeddable":true,"href":"https:\/\/guineediversite.com\/index.php\/wp-json\/wp\/v2\/users\/12"}],"replies":[{"embeddable":true,"href":"https:\/\/guineediversite.com\/index.php\/wp-json\/wp\/v2\/comments?post=29403"}],"version-history":[{"count":1,"href":"https:\/\/guineediversite.com\/index.php\/wp-json\/wp\/v2\/posts\/29403\/revisions"}],"predecessor-version":[{"id":29405,"href":"https:\/\/guineediversite.com\/index.php\/wp-json\/wp\/v2\/posts\/29403\/revisions\/29405"}],"wp:featuredmedia":[{"embeddable":true,"href":"https:\/\/guineediversite.com\/index.php\/wp-json\/wp\/v2\/media\/29404"}],"wp:attachment":[{"href":"https:\/\/guineediversite.com\/index.php\/wp-json\/wp\/v2\/media?parent=29403"}],"wp:term":[{"taxonomy":"category","embeddable":true,"href":"https:\/\/guineediversite.com\/index.php\/wp-json\/wp\/v2\/categories?post=29403"},{"taxonomy":"post_tag","embeddable":true,"href":"https:\/\/guineediversite.com\/index.php\/wp-json\/wp\/v2\/tags?post=29403"}],"curies":[{"name":"wp","href":"https:\/\/api.w.org\/{rel}","templated":true}]}}