{"id":29398,"date":"2020-06-04T14:38:07","date_gmt":"2020-06-04T12:38:07","guid":{"rendered":"https:\/\/guineediversite.com\/?p=29398"},"modified":"2020-06-04T15:02:45","modified_gmt":"2020-06-04T13:02:45","slug":"mercato-karl-toko-ekambi-un-lion-100-lyonnais","status":"publish","type":"post","link":"https:\/\/guineediversite.com\/index.php\/2020\/06\/04\/mercato-karl-toko-ekambi-un-lion-100-lyonnais\/","title":{"rendered":"Mercato: Karl Toko-Ekambi, un Lion 100% lyonnais"},"content":{"rendered":"\n<p>Alors que l\u2019Olympique lyonnais navigue en eaux troubles avec la fin pr\u00e9matur\u00e9e de la saison 2019-2020 de Ligue 1 et un avenir incertain, le club rhodanien a lev\u00e9 l\u2019option d\u2019achat de Karl Toko-Ekambi. Pr\u00eat\u00e9 en janvier par Villarreal, l\u2019attaquant camerounais s\u2019est engag\u00e9 pour quatre ans. L\u2019OL s\u00e9curise ainsi au moins une pointe pour le prochain exercice.<\/p>\n\n\n\n<p>\u00c0 force de voir Jean-Michel Aulas lutter contre la d\u00e9cision de mettre un terme \u00e0 la saison 2019-2020 de Ligue 1, amput\u00e9e \u00e0 cause de la crise li\u00e9e \u00e0 la <strong><a href=\"http:\/\/www.rfi.fr\/fr\/sports\/20200515-leurope-football-fortement-secou\u00e9-le-coronavirus\" target=\"_blank\" rel=\"noreferrer noopener\">pand\u00e9mie de coronavirus<\/a><\/strong>, on oublierait presque qu\u2019en ce d\u00e9but de mois de juin, le temps est aussi \u00e0 la pr\u00e9paration de la saison 2020-2021. Et si le pr\u00e9sident de l\u2019OL n\u2019abandonne pas son combat, en coulisses, une premi\u00e8re pierre du prochain \u00e9difice lyonnais a \u00e9t\u00e9 pos\u00e9e et ciment\u00e9e.<\/p>\n\n\n\n<p>Mardi 2 juin, l\u2019Olympique lyonnais a officialis\u00e9 le recrutement de Karl Toko-Ekambi pour les quatre prochaines saisons.<\/p>\n\n\n\n<p><strong>Il a convaincu en seulement deux mois<\/strong><\/p>\n\n\n\n<p>L\u2019attaquant de 27 ans, <strong><a href=\"http:\/\/www.rfi.fr\/fr\/afrique-foot\/20170205-can-2017-finale-cameroun-cinquieme-sacre-battant-egypte-coupe-afrique\" target=\"_blank\" rel=\"noreferrer noopener\">champion d\u2019Afrique en 2017 avec le Cameroun<\/a><\/strong>, \u00e9tait pr\u00eat\u00e9 \u00e0 Lyon par le club espagnol de Villarreal depuis le mois de janvier. Avec l\u2019interruption des comp\u00e9titions mi-mars, Karl Toko-Ekambi n\u2019a pas eu le temps de se montrer \u00e9norm\u00e9ment. En l\u2019espace de deux mois, il a jou\u00e9 12 rencontres (Ligue 1, Coupe de France et Ligue des champions confondues), inscrit deux buts et distribu\u00e9 trois passes d\u00e9cisives.<\/p>\n\n\n\n<p>Un temps de jeu et un rendement suffisants, toutefois, pour que l\u2019Olympique lyonnais d\u00e9cide de lever l\u2019option d\u2019achat du joueur. D&rsquo;abord c\u00e9d\u00e9 en janvier par le \u00ab&nbsp;Sous-marin jaune&nbsp;\u00bb sous la forme d\u2019un pr\u00eat payant de 4 millions d\u2019euros, l\u2019ancien joueur du Paris FC et d\u2019Angers est recrut\u00e9 pour les quatre prochaines saisons. Comme le pr\u00e9cise Lyon, l\u2019option d\u2019achat de ce transfert s\u2019\u00e9l\u00e8ve \u00e0 11,5 millions d\u2019euros, somme \u00e0 laquelle \u00ab&nbsp;<em>pourra s\u2019ajouter un maximum de 4 M\u20ac d\u2019incentives (bonus, ndlr) ainsi qu\u2019un int\u00e9ressement de 15 % sur la plus-value d\u2019un \u00e9ventuel futur transfert (50% si le transfert a lieu avant le 15\/09\/20)<\/em>&nbsp;\u00bb.<\/p>\n\n\n\n<p><strong>L&rsquo;avenir incertain d&rsquo;Aouar, Demb\u00e9l\u00e9 et Depay<\/strong><\/p>\n\n\n\n<p>Le recrutement du Lion indomptable, polyvalent sur le front de l\u2019attaque, s\u2019inscrit aussi dans le flou qui entoure l\u2019Olympique lyonnais. Le club, 7e de la Ligue 1 au moment de l\u2019arr\u00eat de la comp\u00e9tition, n\u2019est pour l\u2019instant pas qualifi\u00e9 pour une Coupe d\u2019Europe la saison prochaine (il jouera peut-\u00eatre la prochaine Ligue Europa s\u2019il bat le Paris Saint-Germain en finale de la Coupe de la Ligue, programm\u00e9e en ao\u00fbt). Et durant le mercato estival, plusieurs armes offensives de l\u2019OL pourraient plier bagages.<\/p>\n\n\n\n<p>Le milieu offensif Houssem Aouar est annonc\u00e9 ailleurs. Moussa Demb\u00e9l\u00e9 serait, selon les rumeurs, tr\u00e8s courtis\u00e9 en Angleterre par Manchester United. Reste encore le cas Memphis Depay, dont la lourde blessure mi-d\u00e9cembre 2019 (ainsi que celle de Jeff Reine-Ad\u00e9la\u00efde) mi-d\u00e9cembre 2019 a motiv\u00e9 l\u2019arriv\u00e9e de Karl Toko-Ekambi. Le futur du N\u00e9erlandais est pour l\u2019heure inconnu, mais il pourrait s\u2019\u00e9crire loin de la capitale des Gaules.<\/p>\n\n\n\n<figure class=\"wp-block-image\"><img decoding=\"async\" src=\"\" alt=\"Le Camerounais Karl Toko Ekambi, laur\u00e9at du Prix Marc-Vivien Fo\u00e9 2018.\"\/><\/figure>\n\n\n\n<p>Le Camerounais Karl Toko Ekambi, laur\u00e9at du Prix Marc-Vivien Fo\u00e9 2018. RFI \/ Pierre Ren\u00e9-Worms<\/p>\n\n\n\n<p><strong>Le cinqui\u00e8me attaquant camerounais de l&rsquo;histoire de l&rsquo;OL<\/strong><\/p>\n\n\n\n<p>Avec le recrutement de Karl Toko-Ekambi, laur\u00e9at du <strong><a href=\"http:\/\/www.rfi.fr\/fr\/afrique-foot\/20180512-karl-toko-ekambi-prix-marc-vivien-foe-est-quelque-chose-fort\" target=\"_blank\" rel=\"noreferrer noopener\">prix Marc-Vivien Fo\u00e9 en 2018<\/a><\/strong>, l\u2019OL s\u2019assure au moins les services d\u2019un attaquant exp\u00e9riment\u00e9, convaincu depuis son arriv\u00e9e et rompu \u00e0 la Ligue 1. Le club rhodanien assure d\u2019ailleurs que son recrutement d\u00e9finitif \u00ab&nbsp;<em>conforte l\u2019ambition de l\u2019Olympique lyonnais de se donner les moyens d\u2019\u00eatre au plus haut niveau la saison prochaine<\/em>&nbsp;\u00bb.<\/p>\n\n\n\n<p>Il est le cinqui\u00e8me attaquant camerounais de l\u2019histoire de l\u2019OL, apr\u00e8s Guillaume Moundi et Eug\u00e8ne N\u2019Jo L\u00e9a dans les ann\u00e9es 1960, Joseph-D\u00e9sir\u00e9 Job \u00e0 la fin des ann\u00e9es 1990 et Clinton Njie (2011-2015).<\/p>\n\n\n\n<p><strong>RFI<\/strong><\/p>\n","protected":false},"excerpt":{"rendered":"<p>Alors que l\u2019Olympique lyonnais navigue en eaux troubles avec la fin pr\u00e9matur\u00e9e de la saison 2019-2020 de Ligue 1 et un avenir incertain, le club rhodanien a lev\u00e9 l\u2019option d\u2019achat de Karl Toko-Ekambi. Pr\u00eat\u00e9 en janvier par Villarreal, l\u2019attaquant camerounais s\u2019est engag\u00e9 pour quatre ans. L\u2019OL s\u00e9curise ainsi au moins une pointe pour le prochain [&hellip;]<\/p>\n","protected":false},"author":12,"featured_media":29401,"comment_status":"closed","ping_status":"closed","sticky":false,"template":"","format":"standard","meta":{"_exactmetrics_skip_tracking":false,"_exactmetrics_sitenote_active":false,"_exactmetrics_sitenote_note":"","_exactmetrics_sitenote_category":0,"tdm_status":"","tdm_grid_status":"","footnotes":""},"categories":[18],"tags":[],"class_list":{"0":"post-29398","1":"post","2":"type-post","3":"status-publish","4":"format-standard","5":"has-post-thumbnail","7":"category-sport"},"yoast_head":"<!-- This site is optimized with the Yoast SEO plugin v24.2 - https:\/\/yoast.com\/wordpress\/plugins\/seo\/ -->\n<title>Mercato: Karl Toko-Ekambi, un Lion 100% lyonnais | Guin\u00e9e Diversit\u00e9<\/title>\n<meta name=\"robots\" content=\"index, follow, max-snippet:-1, max-image-preview:large, max-video-preview:-1\" \/>\n<link rel=\"canonical\" href=\"https:\/\/guineediversite.com\/index.php\/2020\/06\/04\/mercato-karl-toko-ekambi-un-lion-100-lyonnais\/\" \/>\n<meta property=\"og:locale\" content=\"fr_FR\" \/>\n<meta property=\"og:type\" content=\"article\" \/>\n<meta property=\"og:title\" content=\"Mercato: Karl Toko-Ekambi, un Lion 100% lyonnais | Guin\u00e9e Diversit\u00e9\" \/>\n<meta property=\"og:description\" content=\"Alors que l\u2019Olympique lyonnais navigue en eaux troubles avec la fin pr\u00e9matur\u00e9e de la saison 2019-2020 de Ligue 1 et un avenir incertain, le club rhodanien a lev\u00e9 l\u2019option d\u2019achat de Karl Toko-Ekambi. Pr\u00eat\u00e9 en janvier par Villarreal, l\u2019attaquant camerounais s\u2019est engag\u00e9 pour quatre ans. L\u2019OL s\u00e9curise ainsi au moins une pointe pour le prochain [&hellip;]\" \/>\n<meta property=\"og:url\" content=\"https:\/\/guineediversite.com\/index.php\/2020\/06\/04\/mercato-karl-toko-ekambi-un-lion-100-lyonnais\/\" \/>\n<meta property=\"og:site_name\" content=\"Guin\u00e9e Diversit\u00e9\" \/>\n<meta property=\"article:publisher\" content=\"https:\/\/www.facebook.com\/guineediversite\/\" \/>\n<meta property=\"article:published_time\" content=\"2020-06-04T12:38:07+00:00\" \/>\n<meta property=\"article:modified_time\" content=\"2020-06-04T13:02:45+00:00\" \/>\n<meta property=\"og:image\" content=\"https:\/\/guineediversite.com\/wp-content\/uploads\/2020\/06\/Lattaquant-camerounais-Karl-Toko-Ekambi-pr\u00e9sent\u00e9-\u00e0-la-presse-apr\u00e8s-sa-signature-\u00e0-lOlympique-lyonnais-1.jpg\" \/>\n\t<meta property=\"og:image:width\" content=\"2000\" \/>\n\t<meta property=\"og:image:height\" content=\"1124\" \/>\n\t<meta property=\"og:image:type\" content=\"image\/jpeg\" \/>\n<meta name=\"author\" content=\"Guin\u00e9e Diversit\u00e9\" \/>\n<meta name=\"twitter:card\" content=\"summary_large_image\" \/>\n<meta name=\"twitter:creator\" content=\"@GuineeDiversite\" \/>\n<meta name=\"twitter:site\" content=\"@GuineeDiversite\" \/>\n<meta name=\"twitter:label1\" content=\"\u00c9crit par\" \/>\n\t<meta name=\"twitter:data1\" content=\"Guin\u00e9e Diversit\u00e9\" \/>\n\t<meta name=\"twitter:label2\" content=\"Dur\u00e9e de lecture estim\u00e9e\" \/>\n\t<meta name=\"twitter:data2\" content=\"3 minutes\" \/>\n<script type=\"application\/ld+json\" class=\"yoast-schema-graph\">{\"@context\":\"https:\/\/schema.org\",\"@graph\":[{\"@type\":\"Article\",\"@id\":\"https:\/\/guineediversite.com\/index.php\/2020\/06\/04\/mercato-karl-toko-ekambi-un-lion-100-lyonnais\/#article\",\"isPartOf\":{\"@id\":\"https:\/\/guineediversite.com\/index.php\/2020\/06\/04\/mercato-karl-toko-ekambi-un-lion-100-lyonnais\/\"},\"author\":{\"name\":\"Guin\u00e9e Diversit\u00e9\",\"@id\":\"https:\/\/guineediversite.com\/#\/schema\/person\/afa08fb34e7fc6e1feafc892612bc836\"},\"headline\":\"Mercato: Karl Toko-Ekambi, un Lion 100% lyonnais\",\"datePublished\":\"2020-06-04T12:38:07+00:00\",\"dateModified\":\"2020-06-04T13:02:45+00:00\",\"mainEntityOfPage\":{\"@id\":\"https:\/\/guineediversite.com\/index.php\/2020\/06\/04\/mercato-karl-toko-ekambi-un-lion-100-lyonnais\/\"},\"wordCount\":686,\"publisher\":{\"@id\":\"https:\/\/guineediversite.com\/#organization\"},\"image\":{\"@id\":\"https:\/\/guineediversite.com\/index.php\/2020\/06\/04\/mercato-karl-toko-ekambi-un-lion-100-lyonnais\/#primaryimage\"},\"thumbnailUrl\":\"https:\/\/guineediversite.com\/wp-content\/uploads\/2020\/06\/Lattaquant-camerounais-Karl-Toko-Ekambi-pr\u00e9sent\u00e9-\u00e0-la-presse-apr\u00e8s-sa-signature-\u00e0-lOlympique-lyonnais-1.jpg\",\"articleSection\":[\"Sport\"],\"inLanguage\":\"fr-FR\"},{\"@type\":\"WebPage\",\"@id\":\"https:\/\/guineediversite.com\/index.php\/2020\/06\/04\/mercato-karl-toko-ekambi-un-lion-100-lyonnais\/\",\"url\":\"https:\/\/guineediversite.com\/index.php\/2020\/06\/04\/mercato-karl-toko-ekambi-un-lion-100-lyonnais\/\",\"name\":\"Mercato: Karl Toko-Ekambi, un Lion 100% lyonnais | Guin\u00e9e Diversit\u00e9\",\"isPartOf\":{\"@id\":\"https:\/\/guineediversite.com\/#website\"},\"primaryImageOfPage\":{\"@id\":\"https:\/\/guineediversite.com\/index.php\/2020\/06\/04\/mercato-karl-toko-ekambi-un-lion-100-lyonnais\/#primaryimage\"},\"image\":{\"@id\":\"https:\/\/guineediversite.com\/index.php\/2020\/06\/04\/mercato-karl-toko-ekambi-un-lion-100-lyonnais\/#primaryimage\"},\"thumbnailUrl\":\"https:\/\/guineediversite.com\/wp-content\/uploads\/2020\/06\/Lattaquant-camerounais-Karl-Toko-Ekambi-pr\u00e9sent\u00e9-\u00e0-la-presse-apr\u00e8s-sa-signature-\u00e0-lOlympique-lyonnais-1.jpg\",\"datePublished\":\"2020-06-04T12:38:07+00:00\",\"dateModified\":\"2020-06-04T13:02:45+00:00\",\"breadcrumb\":{\"@id\":\"https:\/\/guineediversite.com\/index.php\/2020\/06\/04\/mercato-karl-toko-ekambi-un-lion-100-lyonnais\/#breadcrumb\"},\"inLanguage\":\"fr-FR\",\"potentialAction\":[{\"@type\":\"ReadAction\",\"target\":[\"https:\/\/guineediversite.com\/index.php\/2020\/06\/04\/mercato-karl-toko-ekambi-un-lion-100-lyonnais\/\"]}]},{\"@type\":\"ImageObject\",\"inLanguage\":\"fr-FR\",\"@id\":\"https:\/\/guineediversite.com\/index.php\/2020\/06\/04\/mercato-karl-toko-ekambi-un-lion-100-lyonnais\/#primaryimage\",\"url\":\"https:\/\/guineediversite.com\/wp-content\/uploads\/2020\/06\/Lattaquant-camerounais-Karl-Toko-Ekambi-pr\u00e9sent\u00e9-\u00e0-la-presse-apr\u00e8s-sa-signature-\u00e0-lOlympique-lyonnais-1.jpg\",\"contentUrl\":\"https:\/\/guineediversite.com\/wp-content\/uploads\/2020\/06\/Lattaquant-camerounais-Karl-Toko-Ekambi-pr\u00e9sent\u00e9-\u00e0-la-presse-apr\u00e8s-sa-signature-\u00e0-lOlympique-lyonnais-1.jpg\",\"width\":2000,\"height\":1124},{\"@type\":\"BreadcrumbList\",\"@id\":\"https:\/\/guineediversite.com\/index.php\/2020\/06\/04\/mercato-karl-toko-ekambi-un-lion-100-lyonnais\/#breadcrumb\",\"itemListElement\":[{\"@type\":\"ListItem\",\"position\":1,\"name\":\"Accueil\",\"item\":\"https:\/\/guineediversite.com\/\"},{\"@type\":\"ListItem\",\"position\":2,\"name\":\"Mercato: Karl Toko-Ekambi, un Lion 100% lyonnais\"}]},{\"@type\":\"WebSite\",\"@id\":\"https:\/\/guineediversite.com\/#website\",\"url\":\"https:\/\/guineediversite.com\/\",\"name\":\"Guin\u00e9e Diversit\u00e9\",\"description\":\"L&#039;Info dans toute sa diversit\u00e9\",\"publisher\":{\"@id\":\"https:\/\/guineediversite.com\/#organization\"},\"potentialAction\":[{\"@type\":\"SearchAction\",\"target\":{\"@type\":\"EntryPoint\",\"urlTemplate\":\"https:\/\/guineediversite.com\/?s={search_term_string}\"},\"query-input\":{\"@type\":\"PropertyValueSpecification\",\"valueRequired\":true,\"valueName\":\"search_term_string\"}}],\"inLanguage\":\"fr-FR\"},{\"@type\":\"Organization\",\"@id\":\"https:\/\/guineediversite.com\/#organization\",\"name\":\"Guin\u00e9e Diversit\u00e9\",\"url\":\"https:\/\/guineediversite.com\/\",\"logo\":{\"@type\":\"ImageObject\",\"inLanguage\":\"fr-FR\",\"@id\":\"https:\/\/guineediversite.com\/#\/schema\/logo\/image\/\",\"url\":\"https:\/\/guineediversite.com\/wp-content\/uploads\/2017\/04\/cropped-1jojlxEOMkX9Wyqfhe43D6kjPOGqBBKmx3EwWJqZ0cMrFF54yM49.png\",\"contentUrl\":\"https:\/\/guineediversite.com\/wp-content\/uploads\/2017\/04\/cropped-1jojlxEOMkX9Wyqfhe43D6kjPOGqBBKmx3EwWJqZ0cMrFF54yM49.png\",\"width\":186,\"height\":112,\"caption\":\"Guin\u00e9e Diversit\u00e9\"},\"image\":{\"@id\":\"https:\/\/guineediversite.com\/#\/schema\/logo\/image\/\"},\"sameAs\":[\"https:\/\/www.facebook.com\/guineediversite\/\",\"https:\/\/x.com\/GuineeDiversite\",\"https:\/\/www.youtube.com\/channel\/UC8sUY16qelG5ge6_D5SB83g\"]},{\"@type\":\"Person\",\"@id\":\"https:\/\/guineediversite.com\/#\/schema\/person\/afa08fb34e7fc6e1feafc892612bc836\",\"name\":\"Guin\u00e9e Diversit\u00e9\",\"image\":{\"@type\":\"ImageObject\",\"inLanguage\":\"fr-FR\",\"@id\":\"https:\/\/guineediversite.com\/#\/schema\/person\/image\/\",\"url\":\"https:\/\/secure.gravatar.com\/avatar\/50d5eb5b390f8b65ac30ac6f898eb83a?s=96&d=mm&r=g\",\"contentUrl\":\"https:\/\/secure.gravatar.com\/avatar\/50d5eb5b390f8b65ac30ac6f898eb83a?s=96&d=mm&r=g\",\"caption\":\"Guin\u00e9e Diversit\u00e9\"},\"url\":\"https:\/\/guineediversite.com\/index.php\/author\/guineediversite\/\"}]}<\/script>\n<!-- \/ Yoast SEO plugin. -->","yoast_head_json":{"title":"Mercato: Karl Toko-Ekambi, un Lion 100% lyonnais | Guin\u00e9e Diversit\u00e9","robots":{"index":"index","follow":"follow","max-snippet":"max-snippet:-1","max-image-preview":"max-image-preview:large","max-video-preview":"max-video-preview:-1"},"canonical":"https:\/\/guineediversite.com\/index.php\/2020\/06\/04\/mercato-karl-toko-ekambi-un-lion-100-lyonnais\/","og_locale":"fr_FR","og_type":"article","og_title":"Mercato: Karl Toko-Ekambi, un Lion 100% lyonnais | Guin\u00e9e Diversit\u00e9","og_description":"Alors que l\u2019Olympique lyonnais navigue en eaux troubles avec la fin pr\u00e9matur\u00e9e de la saison 2019-2020 de Ligue 1 et un avenir incertain, le club rhodanien a lev\u00e9 l\u2019option d\u2019achat de Karl Toko-Ekambi. Pr\u00eat\u00e9 en janvier par Villarreal, l\u2019attaquant camerounais s\u2019est engag\u00e9 pour quatre ans. L\u2019OL s\u00e9curise ainsi au moins une pointe pour le prochain [&hellip;]","og_url":"https:\/\/guineediversite.com\/index.php\/2020\/06\/04\/mercato-karl-toko-ekambi-un-lion-100-lyonnais\/","og_site_name":"Guin\u00e9e Diversit\u00e9","article_publisher":"https:\/\/www.facebook.com\/guineediversite\/","article_published_time":"2020-06-04T12:38:07+00:00","article_modified_time":"2020-06-04T13:02:45+00:00","og_image":[{"width":2000,"height":1124,"url":"https:\/\/guineediversite.com\/wp-content\/uploads\/2020\/06\/Lattaquant-camerounais-Karl-Toko-Ekambi-pr\u00e9sent\u00e9-\u00e0-la-presse-apr\u00e8s-sa-signature-\u00e0-lOlympique-lyonnais-1.jpg","type":"image\/jpeg"}],"author":"Guin\u00e9e Diversit\u00e9","twitter_card":"summary_large_image","twitter_creator":"@GuineeDiversite","twitter_site":"@GuineeDiversite","twitter_misc":{"\u00c9crit par":"Guin\u00e9e Diversit\u00e9","Dur\u00e9e de lecture estim\u00e9e":"3 minutes"},"schema":{"@context":"https:\/\/schema.org","@graph":[{"@type":"Article","@id":"https:\/\/guineediversite.com\/index.php\/2020\/06\/04\/mercato-karl-toko-ekambi-un-lion-100-lyonnais\/#article","isPartOf":{"@id":"https:\/\/guineediversite.com\/index.php\/2020\/06\/04\/mercato-karl-toko-ekambi-un-lion-100-lyonnais\/"},"author":{"name":"Guin\u00e9e Diversit\u00e9","@id":"https:\/\/guineediversite.com\/#\/schema\/person\/afa08fb34e7fc6e1feafc892612bc836"},"headline":"Mercato: Karl Toko-Ekambi, un Lion 100% lyonnais","datePublished":"2020-06-04T12:38:07+00:00","dateModified":"2020-06-04T13:02:45+00:00","mainEntityOfPage":{"@id":"https:\/\/guineediversite.com\/index.php\/2020\/06\/04\/mercato-karl-toko-ekambi-un-lion-100-lyonnais\/"},"wordCount":686,"publisher":{"@id":"https:\/\/guineediversite.com\/#organization"},"image":{"@id":"https:\/\/guineediversite.com\/index.php\/2020\/06\/04\/mercato-karl-toko-ekambi-un-lion-100-lyonnais\/#primaryimage"},"thumbnailUrl":"https:\/\/guineediversite.com\/wp-content\/uploads\/2020\/06\/Lattaquant-camerounais-Karl-Toko-Ekambi-pr\u00e9sent\u00e9-\u00e0-la-presse-apr\u00e8s-sa-signature-\u00e0-lOlympique-lyonnais-1.jpg","articleSection":["Sport"],"inLanguage":"fr-FR"},{"@type":"WebPage","@id":"https:\/\/guineediversite.com\/index.php\/2020\/06\/04\/mercato-karl-toko-ekambi-un-lion-100-lyonnais\/","url":"https:\/\/guineediversite.com\/index.php\/2020\/06\/04\/mercato-karl-toko-ekambi-un-lion-100-lyonnais\/","name":"Mercato: Karl Toko-Ekambi, un Lion 100% lyonnais | Guin\u00e9e Diversit\u00e9","isPartOf":{"@id":"https:\/\/guineediversite.com\/#website"},"primaryImageOfPage":{"@id":"https:\/\/guineediversite.com\/index.php\/2020\/06\/04\/mercato-karl-toko-ekambi-un-lion-100-lyonnais\/#primaryimage"},"image":{"@id":"https:\/\/guineediversite.com\/index.php\/2020\/06\/04\/mercato-karl-toko-ekambi-un-lion-100-lyonnais\/#primaryimage"},"thumbnailUrl":"https:\/\/guineediversite.com\/wp-content\/uploads\/2020\/06\/Lattaquant-camerounais-Karl-Toko-Ekambi-pr\u00e9sent\u00e9-\u00e0-la-presse-apr\u00e8s-sa-signature-\u00e0-lOlympique-lyonnais-1.jpg","datePublished":"2020-06-04T12:38:07+00:00","dateModified":"2020-06-04T13:02:45+00:00","breadcrumb":{"@id":"https:\/\/guineediversite.com\/index.php\/2020\/06\/04\/mercato-karl-toko-ekambi-un-lion-100-lyonnais\/#breadcrumb"},"inLanguage":"fr-FR","potentialAction":[{"@type":"ReadAction","target":["https:\/\/guineediversite.com\/index.php\/2020\/06\/04\/mercato-karl-toko-ekambi-un-lion-100-lyonnais\/"]}]},{"@type":"ImageObject","inLanguage":"fr-FR","@id":"https:\/\/guineediversite.com\/index.php\/2020\/06\/04\/mercato-karl-toko-ekambi-un-lion-100-lyonnais\/#primaryimage","url":"https:\/\/guineediversite.com\/wp-content\/uploads\/2020\/06\/Lattaquant-camerounais-Karl-Toko-Ekambi-pr\u00e9sent\u00e9-\u00e0-la-presse-apr\u00e8s-sa-signature-\u00e0-lOlympique-lyonnais-1.jpg","contentUrl":"https:\/\/guineediversite.com\/wp-content\/uploads\/2020\/06\/Lattaquant-camerounais-Karl-Toko-Ekambi-pr\u00e9sent\u00e9-\u00e0-la-presse-apr\u00e8s-sa-signature-\u00e0-lOlympique-lyonnais-1.jpg","width":2000,"height":1124},{"@type":"BreadcrumbList","@id":"https:\/\/guineediversite.com\/index.php\/2020\/06\/04\/mercato-karl-toko-ekambi-un-lion-100-lyonnais\/#breadcrumb","itemListElement":[{"@type":"ListItem","position":1,"name":"Accueil","item":"https:\/\/guineediversite.com\/"},{"@type":"ListItem","position":2,"name":"Mercato: Karl Toko-Ekambi, un Lion 100% lyonnais"}]},{"@type":"WebSite","@id":"https:\/\/guineediversite.com\/#website","url":"https:\/\/guineediversite.com\/","name":"Guin\u00e9e Diversit\u00e9","description":"L&#039;Info dans toute sa diversit\u00e9","publisher":{"@id":"https:\/\/guineediversite.com\/#organization"},"potentialAction":[{"@type":"SearchAction","target":{"@type":"EntryPoint","urlTemplate":"https:\/\/guineediversite.com\/?s={search_term_string}"},"query-input":{"@type":"PropertyValueSpecification","valueRequired":true,"valueName":"search_term_string"}}],"inLanguage":"fr-FR"},{"@type":"Organization","@id":"https:\/\/guineediversite.com\/#organization","name":"Guin\u00e9e Diversit\u00e9","url":"https:\/\/guineediversite.com\/","logo":{"@type":"ImageObject","inLanguage":"fr-FR","@id":"https:\/\/guineediversite.com\/#\/schema\/logo\/image\/","url":"https:\/\/guineediversite.com\/wp-content\/uploads\/2017\/04\/cropped-1jojlxEOMkX9Wyqfhe43D6kjPOGqBBKmx3EwWJqZ0cMrFF54yM49.png","contentUrl":"https:\/\/guineediversite.com\/wp-content\/uploads\/2017\/04\/cropped-1jojlxEOMkX9Wyqfhe43D6kjPOGqBBKmx3EwWJqZ0cMrFF54yM49.png","width":186,"height":112,"caption":"Guin\u00e9e Diversit\u00e9"},"image":{"@id":"https:\/\/guineediversite.com\/#\/schema\/logo\/image\/"},"sameAs":["https:\/\/www.facebook.com\/guineediversite\/","https:\/\/x.com\/GuineeDiversite","https:\/\/www.youtube.com\/channel\/UC8sUY16qelG5ge6_D5SB83g"]},{"@type":"Person","@id":"https:\/\/guineediversite.com\/#\/schema\/person\/afa08fb34e7fc6e1feafc892612bc836","name":"Guin\u00e9e Diversit\u00e9","image":{"@type":"ImageObject","inLanguage":"fr-FR","@id":"https:\/\/guineediversite.com\/#\/schema\/person\/image\/","url":"https:\/\/secure.gravatar.com\/avatar\/50d5eb5b390f8b65ac30ac6f898eb83a?s=96&d=mm&r=g","contentUrl":"https:\/\/secure.gravatar.com\/avatar\/50d5eb5b390f8b65ac30ac6f898eb83a?s=96&d=mm&r=g","caption":"Guin\u00e9e Diversit\u00e9"},"url":"https:\/\/guineediversite.com\/index.php\/author\/guineediversite\/"}]}},"_links":{"self":[{"href":"https:\/\/guineediversite.com\/index.php\/wp-json\/wp\/v2\/posts\/29398"}],"collection":[{"href":"https:\/\/guineediversite.com\/index.php\/wp-json\/wp\/v2\/posts"}],"about":[{"href":"https:\/\/guineediversite.com\/index.php\/wp-json\/wp\/v2\/types\/post"}],"author":[{"embeddable":true,"href":"https:\/\/guineediversite.com\/index.php\/wp-json\/wp\/v2\/users\/12"}],"replies":[{"embeddable":true,"href":"https:\/\/guineediversite.com\/index.php\/wp-json\/wp\/v2\/comments?post=29398"}],"version-history":[{"count":1,"href":"https:\/\/guineediversite.com\/index.php\/wp-json\/wp\/v2\/posts\/29398\/revisions"}],"predecessor-version":[{"id":29402,"href":"https:\/\/guineediversite.com\/index.php\/wp-json\/wp\/v2\/posts\/29398\/revisions\/29402"}],"wp:featuredmedia":[{"embeddable":true,"href":"https:\/\/guineediversite.com\/index.php\/wp-json\/wp\/v2\/media\/29401"}],"wp:attachment":[{"href":"https:\/\/guineediversite.com\/index.php\/wp-json\/wp\/v2\/media?parent=29398"}],"wp:term":[{"taxonomy":"category","embeddable":true,"href":"https:\/\/guineediversite.com\/index.php\/wp-json\/wp\/v2\/categories?post=29398"},{"taxonomy":"post_tag","embeddable":true,"href":"https:\/\/guineediversite.com\/index.php\/wp-json\/wp\/v2\/tags?post=29398"}],"curies":[{"name":"wp","href":"https:\/\/api.w.org\/{rel}","templated":true}]}}