{"id":29394,"date":"2020-06-04T14:23:39","date_gmt":"2020-06-04T12:23:39","guid":{"rendered":"https:\/\/guineediversite.com\/?p=29394"},"modified":"2020-06-04T14:24:19","modified_gmt":"2020-06-04T12:24:19","slug":"la-mort-de-george-floyd-requalifiee-en-meurtre-les-quatre-ex-agents-poursuivis","status":"publish","type":"post","link":"https:\/\/guineediversite.com\/index.php\/2020\/06\/04\/la-mort-de-george-floyd-requalifiee-en-meurtre-les-quatre-ex-agents-poursuivis\/","title":{"rendered":"La mort de George Floyd requalifi\u00e9e en meurtre, les quatre ex-agents poursuivis"},"content":{"rendered":"\n<p>Le procureur enqu\u00eatant sur la mort de George Floyd \u00e0 Minneapolis a requalifi\u00e9 les faits en homicide volontaire. Le policier qui a asphyxi\u00e9 l&rsquo;homme de 46 ans a \u00e9t\u00e9 inculp\u00e9&nbsp;de \u00ab&nbsp;meurtre non pr\u00e9m\u00e9dit\u00e9&nbsp;\u00bb&nbsp;et les trois autres agents pr\u00e9sents lors de l&rsquo;interpellation, de complicit\u00e9.<\/p>\n\n\n\n<p>La mort par asphyxie de George Floyd est d\u00e9sormais qualifi\u00e9e de meurtre. D&rsquo;abord <strong><a href=\"http:\/\/www.rfi.fr\/fr\/am\u00e9riques\/20200529-mort-george-floyd-\u00e0-minneapolis-le-policier-en-cause-arr\u00eat\u00e9-et-\u00e9crou\u00e9\" target=\"_blank\" rel=\"noreferrer noopener\">inculp\u00e9 et \u00e9crou\u00e9 pour homicide involontaire<\/a><\/strong>, l&rsquo;ancien policier Derek Chauvin, qui s&rsquo;est agenouill\u00e9 sur son cou pendant huit minutes, provoquant son d\u00e9c\u00e8s, est maintenant accus\u00e9 de \u00ab&nbsp;meurtre non pr\u00e9m\u00e9dit\u00e9&nbsp;\u00bb. Il encourt jusqu&rsquo;\u00e0 40 ans de prison contre 25 auparavant, pr\u00e9cise notre correspondante \u00e0 Washington,<strong> Anne Corpet<\/strong>. C\u2019est un alourdissement significatif des charges qui p\u00e8sent contre lui.<\/p>\n\n\n\n<p>En plus de durcir ses poursuites, le procureur Keith Ellison, repr\u00e9sentant les autorit\u00e9s de l&rsquo;\u00c9tat du Minnesota, a relev\u00e9 \u00e0 un million de dollars la caution lib\u00e9ratoire de l&rsquo;ex-agent.<\/p>\n\n\n\n<p>Les autres policiers qui l&rsquo;accompagnaient durant l&rsquo;interpellation, eux aussi renvoy\u00e9s de la police depuis, sont pour leur part accus\u00e9s de complicit\u00e9.&nbsp;Tou Thao, Alexander Kueng et Thomas Lane&nbsp;se voient reprocher d&rsquo;avoir aid\u00e9 \u00e0 plaquer au sol George Floyd, qui \u00e9tait menott\u00e9, et d&rsquo;\u00eatre rest\u00e9s passifs tandis que Derek Chauvin appliquait avec son genou une pression fatale sur le cou de la victime.<\/p>\n\n\n\n<p>La famille de la victime, d\u00e9c\u00e9d\u00e9e le 25 mai, s&rsquo;est f\u00e9licit\u00e9e de l&rsquo;aggravation de ces poursuites, dans un communiqu\u00e9 transmis par son avocat, Ben Crump. \u00ab&nbsp;<em>C&rsquo;est un pas important sur la voie de la justice<\/em>&nbsp;\u00bb, a-t-elle comment\u00e9, neuf jours apr\u00e8s la bavure enregistr\u00e9e sur une vid\u00e9o qui a choqu\u00e9 la soci\u00e9t\u00e9 am\u00e9ricaine et jusqu&rsquo;au-del\u00e0 des fronti\u00e8res du pays. \u00ab&nbsp;<em>Nous sommes reconnaissants de ce d\u00e9veloppement important avant que ne soit inhum\u00e9 le corps de George Floyd<\/em>&nbsp;\u00bb, a ajout\u00e9 la famille, en r\u00e9f\u00e9rence aux obs\u00e8ques de la victime pr\u00e9vues la semaine prochaine.<\/p>\n\n\n\n<p>L&rsquo;avocat Ben Crump a demand\u00e9 au procureur Ellison, qui s&rsquo;est vu confier ce dossier explosif seulement dimanche, d&rsquo;aller encore plus loin dans ses poursuites en consid\u00e9rant que l&rsquo;homicide de George Floyd \u00e9tait pr\u00e9m\u00e9dit\u00e9. Sa mort, \u00e0 l&rsquo;\u00e2ge de 46 ans, a g\u00e9n\u00e9r\u00e9 un mouvement de protestation historique aux \u00c9tats-Unis, des centaines de milliers de personnes descendant dans les rues jour apr\u00e8s jour pour d\u00e9noncer le racisme et les brutalit\u00e9s polici\u00e8res.<\/p>\n\n\n\n<p>Ces inculpations \u00e9taient r\u00e9clam\u00e9es par les manifestants mais elles n\u2019ont pas mis un terme \u00e0 la mobilisation. Les manifestations se sont poursuivies dans toutes les grandes villes du pays.<\/p>\n\n\n\n<p><strong>James Mattis et Barack Obama \u00e0 l&rsquo;offensive<\/strong><\/p>\n\n\n\n<p>Le mouvement a \u00e9t\u00e9 salu\u00e9 en fin d\u2019apr\u00e8s-midi par Barack Obama. L\u2019ancien pr\u00e9sident a d\u00e9clar\u00e9 voir dans ces manifestations un signe d\u2019espoir pour l\u2019avenir.<\/p>\n\n\n\n<p>Le pr\u00e9sident Trump a par ailleurs \u00e9t\u00e9 \u00e9trill\u00e9 ce mercredi par son ex-secr\u00e9taire \u00e0 la D\u00e9fense, James Mattis, dans une <a href=\"http:\/\/www.theatlantic.com\/politics\/archive\/2020\/06\/james-mattis-denounces-trump-protests-militarization\/612640\/\" target=\"_blank\" rel=\"noreferrer noopener\"><strong>tribune explosive<\/strong><\/a> o\u00f9 il apporte son soutien aux manifestants. \u00ab&nbsp;<em>Donald Trump est le premier pr\u00e9sident qui n\u2019essaie pas de rassembler les Am\u00e9ricains. Au contraire, il cherche \u00e0 nous diviser<\/em>&nbsp;\u00bb, d\u00e9plore James Mattis.<\/p>\n\n\n\n<p>Donald Trump, lui, continue de d\u00e9noncer un mouvement gangren\u00e9 par des extr\u00e9mistes mal intentionn\u00e9s, m\u00eame si les pillages et les \u00e9meutes sont de plus en plus rares.<\/p>\n\n\n\n<p><strong>RFI<\/strong><\/p>\n","protected":false},"excerpt":{"rendered":"<p>Le procureur enqu\u00eatant sur la mort de George Floyd \u00e0 Minneapolis a requalifi\u00e9 les faits en homicide volontaire. Le policier qui a asphyxi\u00e9 l&rsquo;homme de 46 ans a \u00e9t\u00e9 inculp\u00e9&nbsp;de \u00ab&nbsp;meurtre non pr\u00e9m\u00e9dit\u00e9&nbsp;\u00bb&nbsp;et les trois autres agents pr\u00e9sents lors de l&rsquo;interpellation, de complicit\u00e9. La mort par asphyxie de George Floyd est d\u00e9sormais qualifi\u00e9e de meurtre. [&hellip;]<\/p>\n","protected":false},"author":12,"featured_media":29396,"comment_status":"closed","ping_status":"closed","sticky":false,"template":"","format":"standard","meta":{"_exactmetrics_skip_tracking":false,"_exactmetrics_sitenote_active":false,"_exactmetrics_sitenote_note":"","_exactmetrics_sitenote_category":0,"tdm_status":"","tdm_grid_status":"","footnotes":""},"categories":[21],"tags":[],"class_list":{"0":"post-29394","1":"post","2":"type-post","3":"status-publish","4":"format-standard","5":"has-post-thumbnail","7":"category-international"},"yoast_head":"<!-- This site is optimized with the Yoast SEO plugin v24.2 - https:\/\/yoast.com\/wordpress\/plugins\/seo\/ -->\n<title>La mort de George Floyd requalifi\u00e9e en meurtre, les quatre ex-agents poursuivis | Guin\u00e9e Diversit\u00e9<\/title>\n<meta name=\"robots\" content=\"index, follow, max-snippet:-1, max-image-preview:large, max-video-preview:-1\" \/>\n<link rel=\"canonical\" href=\"https:\/\/guineediversite.com\/index.php\/2020\/06\/04\/la-mort-de-george-floyd-requalifiee-en-meurtre-les-quatre-ex-agents-poursuivis\/\" \/>\n<meta property=\"og:locale\" content=\"fr_FR\" \/>\n<meta property=\"og:type\" content=\"article\" \/>\n<meta property=\"og:title\" content=\"La mort de George Floyd requalifi\u00e9e en meurtre, les quatre ex-agents poursuivis | Guin\u00e9e Diversit\u00e9\" \/>\n<meta property=\"og:description\" content=\"Le procureur enqu\u00eatant sur la mort de George Floyd \u00e0 Minneapolis a requalifi\u00e9 les faits en homicide volontaire. Le policier qui a asphyxi\u00e9 l&rsquo;homme de 46 ans a \u00e9t\u00e9 inculp\u00e9&nbsp;de \u00ab&nbsp;meurtre non pr\u00e9m\u00e9dit\u00e9&nbsp;\u00bb&nbsp;et les trois autres agents pr\u00e9sents lors de l&rsquo;interpellation, de complicit\u00e9. La mort par asphyxie de George Floyd est d\u00e9sormais qualifi\u00e9e de meurtre. [&hellip;]\" \/>\n<meta property=\"og:url\" content=\"https:\/\/guineediversite.com\/index.php\/2020\/06\/04\/la-mort-de-george-floyd-requalifiee-en-meurtre-les-quatre-ex-agents-poursuivis\/\" \/>\n<meta property=\"og:site_name\" content=\"Guin\u00e9e Diversit\u00e9\" \/>\n<meta property=\"article:publisher\" content=\"https:\/\/www.facebook.com\/guineediversite\/\" \/>\n<meta property=\"article:published_time\" content=\"2020-06-04T12:23:39+00:00\" \/>\n<meta property=\"article:modified_time\" content=\"2020-06-04T12:24:19+00:00\" \/>\n<meta property=\"og:image\" content=\"https:\/\/guineediversite.com\/wp-content\/uploads\/2020\/06\/Le-procureur-Keith-Ellison-en-charge-de-laffaire-sur-la-mort-de-George-Floyd.-1.jpg\" \/>\n\t<meta property=\"og:image:width\" content=\"2000\" \/>\n\t<meta property=\"og:image:height\" content=\"1124\" \/>\n\t<meta property=\"og:image:type\" content=\"image\/jpeg\" \/>\n<meta name=\"author\" content=\"Guin\u00e9e Diversit\u00e9\" \/>\n<meta name=\"twitter:card\" content=\"summary_large_image\" \/>\n<meta name=\"twitter:creator\" content=\"@GuineeDiversite\" \/>\n<meta name=\"twitter:site\" content=\"@GuineeDiversite\" \/>\n<meta name=\"twitter:label1\" content=\"\u00c9crit par\" \/>\n\t<meta name=\"twitter:data1\" content=\"Guin\u00e9e Diversit\u00e9\" \/>\n\t<meta name=\"twitter:label2\" content=\"Dur\u00e9e de lecture estim\u00e9e\" \/>\n\t<meta name=\"twitter:data2\" content=\"3 minutes\" \/>\n<script type=\"application\/ld+json\" class=\"yoast-schema-graph\">{\"@context\":\"https:\/\/schema.org\",\"@graph\":[{\"@type\":\"Article\",\"@id\":\"https:\/\/guineediversite.com\/index.php\/2020\/06\/04\/la-mort-de-george-floyd-requalifiee-en-meurtre-les-quatre-ex-agents-poursuivis\/#article\",\"isPartOf\":{\"@id\":\"https:\/\/guineediversite.com\/index.php\/2020\/06\/04\/la-mort-de-george-floyd-requalifiee-en-meurtre-les-quatre-ex-agents-poursuivis\/\"},\"author\":{\"name\":\"Guin\u00e9e Diversit\u00e9\",\"@id\":\"https:\/\/guineediversite.com\/#\/schema\/person\/afa08fb34e7fc6e1feafc892612bc836\"},\"headline\":\"La mort de George Floyd requalifi\u00e9e en meurtre, les quatre ex-agents poursuivis\",\"datePublished\":\"2020-06-04T12:23:39+00:00\",\"dateModified\":\"2020-06-04T12:24:19+00:00\",\"mainEntityOfPage\":{\"@id\":\"https:\/\/guineediversite.com\/index.php\/2020\/06\/04\/la-mort-de-george-floyd-requalifiee-en-meurtre-les-quatre-ex-agents-poursuivis\/\"},\"wordCount\":605,\"publisher\":{\"@id\":\"https:\/\/guineediversite.com\/#organization\"},\"image\":{\"@id\":\"https:\/\/guineediversite.com\/index.php\/2020\/06\/04\/la-mort-de-george-floyd-requalifiee-en-meurtre-les-quatre-ex-agents-poursuivis\/#primaryimage\"},\"thumbnailUrl\":\"https:\/\/guineediversite.com\/wp-content\/uploads\/2020\/06\/Le-procureur-Keith-Ellison-en-charge-de-laffaire-sur-la-mort-de-George-Floyd.-1.jpg\",\"articleSection\":[\"International\"],\"inLanguage\":\"fr-FR\"},{\"@type\":\"WebPage\",\"@id\":\"https:\/\/guineediversite.com\/index.php\/2020\/06\/04\/la-mort-de-george-floyd-requalifiee-en-meurtre-les-quatre-ex-agents-poursuivis\/\",\"url\":\"https:\/\/guineediversite.com\/index.php\/2020\/06\/04\/la-mort-de-george-floyd-requalifiee-en-meurtre-les-quatre-ex-agents-poursuivis\/\",\"name\":\"La mort de George Floyd requalifi\u00e9e en meurtre, les quatre ex-agents poursuivis | Guin\u00e9e Diversit\u00e9\",\"isPartOf\":{\"@id\":\"https:\/\/guineediversite.com\/#website\"},\"primaryImageOfPage\":{\"@id\":\"https:\/\/guineediversite.com\/index.php\/2020\/06\/04\/la-mort-de-george-floyd-requalifiee-en-meurtre-les-quatre-ex-agents-poursuivis\/#primaryimage\"},\"image\":{\"@id\":\"https:\/\/guineediversite.com\/index.php\/2020\/06\/04\/la-mort-de-george-floyd-requalifiee-en-meurtre-les-quatre-ex-agents-poursuivis\/#primaryimage\"},\"thumbnailUrl\":\"https:\/\/guineediversite.com\/wp-content\/uploads\/2020\/06\/Le-procureur-Keith-Ellison-en-charge-de-laffaire-sur-la-mort-de-George-Floyd.-1.jpg\",\"datePublished\":\"2020-06-04T12:23:39+00:00\",\"dateModified\":\"2020-06-04T12:24:19+00:00\",\"breadcrumb\":{\"@id\":\"https:\/\/guineediversite.com\/index.php\/2020\/06\/04\/la-mort-de-george-floyd-requalifiee-en-meurtre-les-quatre-ex-agents-poursuivis\/#breadcrumb\"},\"inLanguage\":\"fr-FR\",\"potentialAction\":[{\"@type\":\"ReadAction\",\"target\":[\"https:\/\/guineediversite.com\/index.php\/2020\/06\/04\/la-mort-de-george-floyd-requalifiee-en-meurtre-les-quatre-ex-agents-poursuivis\/\"]}]},{\"@type\":\"ImageObject\",\"inLanguage\":\"fr-FR\",\"@id\":\"https:\/\/guineediversite.com\/index.php\/2020\/06\/04\/la-mort-de-george-floyd-requalifiee-en-meurtre-les-quatre-ex-agents-poursuivis\/#primaryimage\",\"url\":\"https:\/\/guineediversite.com\/wp-content\/uploads\/2020\/06\/Le-procureur-Keith-Ellison-en-charge-de-laffaire-sur-la-mort-de-George-Floyd.-1.jpg\",\"contentUrl\":\"https:\/\/guineediversite.com\/wp-content\/uploads\/2020\/06\/Le-procureur-Keith-Ellison-en-charge-de-laffaire-sur-la-mort-de-George-Floyd.-1.jpg\",\"width\":2000,\"height\":1124},{\"@type\":\"BreadcrumbList\",\"@id\":\"https:\/\/guineediversite.com\/index.php\/2020\/06\/04\/la-mort-de-george-floyd-requalifiee-en-meurtre-les-quatre-ex-agents-poursuivis\/#breadcrumb\",\"itemListElement\":[{\"@type\":\"ListItem\",\"position\":1,\"name\":\"Accueil\",\"item\":\"https:\/\/guineediversite.com\/\"},{\"@type\":\"ListItem\",\"position\":2,\"name\":\"La mort de George Floyd requalifi\u00e9e en meurtre, les quatre ex-agents poursuivis\"}]},{\"@type\":\"WebSite\",\"@id\":\"https:\/\/guineediversite.com\/#website\",\"url\":\"https:\/\/guineediversite.com\/\",\"name\":\"Guin\u00e9e Diversit\u00e9\",\"description\":\"L&#039;Info dans toute sa diversit\u00e9\",\"publisher\":{\"@id\":\"https:\/\/guineediversite.com\/#organization\"},\"potentialAction\":[{\"@type\":\"SearchAction\",\"target\":{\"@type\":\"EntryPoint\",\"urlTemplate\":\"https:\/\/guineediversite.com\/?s={search_term_string}\"},\"query-input\":{\"@type\":\"PropertyValueSpecification\",\"valueRequired\":true,\"valueName\":\"search_term_string\"}}],\"inLanguage\":\"fr-FR\"},{\"@type\":\"Organization\",\"@id\":\"https:\/\/guineediversite.com\/#organization\",\"name\":\"Guin\u00e9e Diversit\u00e9\",\"url\":\"https:\/\/guineediversite.com\/\",\"logo\":{\"@type\":\"ImageObject\",\"inLanguage\":\"fr-FR\",\"@id\":\"https:\/\/guineediversite.com\/#\/schema\/logo\/image\/\",\"url\":\"https:\/\/guineediversite.com\/wp-content\/uploads\/2017\/04\/cropped-1jojlxEOMkX9Wyqfhe43D6kjPOGqBBKmx3EwWJqZ0cMrFF54yM49.png\",\"contentUrl\":\"https:\/\/guineediversite.com\/wp-content\/uploads\/2017\/04\/cropped-1jojlxEOMkX9Wyqfhe43D6kjPOGqBBKmx3EwWJqZ0cMrFF54yM49.png\",\"width\":186,\"height\":112,\"caption\":\"Guin\u00e9e Diversit\u00e9\"},\"image\":{\"@id\":\"https:\/\/guineediversite.com\/#\/schema\/logo\/image\/\"},\"sameAs\":[\"https:\/\/www.facebook.com\/guineediversite\/\",\"https:\/\/x.com\/GuineeDiversite\",\"https:\/\/www.youtube.com\/channel\/UC8sUY16qelG5ge6_D5SB83g\"]},{\"@type\":\"Person\",\"@id\":\"https:\/\/guineediversite.com\/#\/schema\/person\/afa08fb34e7fc6e1feafc892612bc836\",\"name\":\"Guin\u00e9e Diversit\u00e9\",\"image\":{\"@type\":\"ImageObject\",\"inLanguage\":\"fr-FR\",\"@id\":\"https:\/\/guineediversite.com\/#\/schema\/person\/image\/\",\"url\":\"https:\/\/secure.gravatar.com\/avatar\/50d5eb5b390f8b65ac30ac6f898eb83a?s=96&d=mm&r=g\",\"contentUrl\":\"https:\/\/secure.gravatar.com\/avatar\/50d5eb5b390f8b65ac30ac6f898eb83a?s=96&d=mm&r=g\",\"caption\":\"Guin\u00e9e Diversit\u00e9\"},\"url\":\"https:\/\/guineediversite.com\/index.php\/author\/guineediversite\/\"}]}<\/script>\n<!-- \/ Yoast SEO plugin. -->","yoast_head_json":{"title":"La mort de George Floyd requalifi\u00e9e en meurtre, les quatre ex-agents poursuivis | Guin\u00e9e Diversit\u00e9","robots":{"index":"index","follow":"follow","max-snippet":"max-snippet:-1","max-image-preview":"max-image-preview:large","max-video-preview":"max-video-preview:-1"},"canonical":"https:\/\/guineediversite.com\/index.php\/2020\/06\/04\/la-mort-de-george-floyd-requalifiee-en-meurtre-les-quatre-ex-agents-poursuivis\/","og_locale":"fr_FR","og_type":"article","og_title":"La mort de George Floyd requalifi\u00e9e en meurtre, les quatre ex-agents poursuivis | Guin\u00e9e Diversit\u00e9","og_description":"Le procureur enqu\u00eatant sur la mort de George Floyd \u00e0 Minneapolis a requalifi\u00e9 les faits en homicide volontaire. Le policier qui a asphyxi\u00e9 l&rsquo;homme de 46 ans a \u00e9t\u00e9 inculp\u00e9&nbsp;de \u00ab&nbsp;meurtre non pr\u00e9m\u00e9dit\u00e9&nbsp;\u00bb&nbsp;et les trois autres agents pr\u00e9sents lors de l&rsquo;interpellation, de complicit\u00e9. La mort par asphyxie de George Floyd est d\u00e9sormais qualifi\u00e9e de meurtre. [&hellip;]","og_url":"https:\/\/guineediversite.com\/index.php\/2020\/06\/04\/la-mort-de-george-floyd-requalifiee-en-meurtre-les-quatre-ex-agents-poursuivis\/","og_site_name":"Guin\u00e9e Diversit\u00e9","article_publisher":"https:\/\/www.facebook.com\/guineediversite\/","article_published_time":"2020-06-04T12:23:39+00:00","article_modified_time":"2020-06-04T12:24:19+00:00","og_image":[{"width":2000,"height":1124,"url":"https:\/\/guineediversite.com\/wp-content\/uploads\/2020\/06\/Le-procureur-Keith-Ellison-en-charge-de-laffaire-sur-la-mort-de-George-Floyd.-1.jpg","type":"image\/jpeg"}],"author":"Guin\u00e9e Diversit\u00e9","twitter_card":"summary_large_image","twitter_creator":"@GuineeDiversite","twitter_site":"@GuineeDiversite","twitter_misc":{"\u00c9crit par":"Guin\u00e9e Diversit\u00e9","Dur\u00e9e de lecture estim\u00e9e":"3 minutes"},"schema":{"@context":"https:\/\/schema.org","@graph":[{"@type":"Article","@id":"https:\/\/guineediversite.com\/index.php\/2020\/06\/04\/la-mort-de-george-floyd-requalifiee-en-meurtre-les-quatre-ex-agents-poursuivis\/#article","isPartOf":{"@id":"https:\/\/guineediversite.com\/index.php\/2020\/06\/04\/la-mort-de-george-floyd-requalifiee-en-meurtre-les-quatre-ex-agents-poursuivis\/"},"author":{"name":"Guin\u00e9e Diversit\u00e9","@id":"https:\/\/guineediversite.com\/#\/schema\/person\/afa08fb34e7fc6e1feafc892612bc836"},"headline":"La mort de George Floyd requalifi\u00e9e en meurtre, les quatre ex-agents poursuivis","datePublished":"2020-06-04T12:23:39+00:00","dateModified":"2020-06-04T12:24:19+00:00","mainEntityOfPage":{"@id":"https:\/\/guineediversite.com\/index.php\/2020\/06\/04\/la-mort-de-george-floyd-requalifiee-en-meurtre-les-quatre-ex-agents-poursuivis\/"},"wordCount":605,"publisher":{"@id":"https:\/\/guineediversite.com\/#organization"},"image":{"@id":"https:\/\/guineediversite.com\/index.php\/2020\/06\/04\/la-mort-de-george-floyd-requalifiee-en-meurtre-les-quatre-ex-agents-poursuivis\/#primaryimage"},"thumbnailUrl":"https:\/\/guineediversite.com\/wp-content\/uploads\/2020\/06\/Le-procureur-Keith-Ellison-en-charge-de-laffaire-sur-la-mort-de-George-Floyd.-1.jpg","articleSection":["International"],"inLanguage":"fr-FR"},{"@type":"WebPage","@id":"https:\/\/guineediversite.com\/index.php\/2020\/06\/04\/la-mort-de-george-floyd-requalifiee-en-meurtre-les-quatre-ex-agents-poursuivis\/","url":"https:\/\/guineediversite.com\/index.php\/2020\/06\/04\/la-mort-de-george-floyd-requalifiee-en-meurtre-les-quatre-ex-agents-poursuivis\/","name":"La mort de George Floyd requalifi\u00e9e en meurtre, les quatre ex-agents poursuivis | Guin\u00e9e Diversit\u00e9","isPartOf":{"@id":"https:\/\/guineediversite.com\/#website"},"primaryImageOfPage":{"@id":"https:\/\/guineediversite.com\/index.php\/2020\/06\/04\/la-mort-de-george-floyd-requalifiee-en-meurtre-les-quatre-ex-agents-poursuivis\/#primaryimage"},"image":{"@id":"https:\/\/guineediversite.com\/index.php\/2020\/06\/04\/la-mort-de-george-floyd-requalifiee-en-meurtre-les-quatre-ex-agents-poursuivis\/#primaryimage"},"thumbnailUrl":"https:\/\/guineediversite.com\/wp-content\/uploads\/2020\/06\/Le-procureur-Keith-Ellison-en-charge-de-laffaire-sur-la-mort-de-George-Floyd.-1.jpg","datePublished":"2020-06-04T12:23:39+00:00","dateModified":"2020-06-04T12:24:19+00:00","breadcrumb":{"@id":"https:\/\/guineediversite.com\/index.php\/2020\/06\/04\/la-mort-de-george-floyd-requalifiee-en-meurtre-les-quatre-ex-agents-poursuivis\/#breadcrumb"},"inLanguage":"fr-FR","potentialAction":[{"@type":"ReadAction","target":["https:\/\/guineediversite.com\/index.php\/2020\/06\/04\/la-mort-de-george-floyd-requalifiee-en-meurtre-les-quatre-ex-agents-poursuivis\/"]}]},{"@type":"ImageObject","inLanguage":"fr-FR","@id":"https:\/\/guineediversite.com\/index.php\/2020\/06\/04\/la-mort-de-george-floyd-requalifiee-en-meurtre-les-quatre-ex-agents-poursuivis\/#primaryimage","url":"https:\/\/guineediversite.com\/wp-content\/uploads\/2020\/06\/Le-procureur-Keith-Ellison-en-charge-de-laffaire-sur-la-mort-de-George-Floyd.-1.jpg","contentUrl":"https:\/\/guineediversite.com\/wp-content\/uploads\/2020\/06\/Le-procureur-Keith-Ellison-en-charge-de-laffaire-sur-la-mort-de-George-Floyd.-1.jpg","width":2000,"height":1124},{"@type":"BreadcrumbList","@id":"https:\/\/guineediversite.com\/index.php\/2020\/06\/04\/la-mort-de-george-floyd-requalifiee-en-meurtre-les-quatre-ex-agents-poursuivis\/#breadcrumb","itemListElement":[{"@type":"ListItem","position":1,"name":"Accueil","item":"https:\/\/guineediversite.com\/"},{"@type":"ListItem","position":2,"name":"La mort de George Floyd requalifi\u00e9e en meurtre, les quatre ex-agents poursuivis"}]},{"@type":"WebSite","@id":"https:\/\/guineediversite.com\/#website","url":"https:\/\/guineediversite.com\/","name":"Guin\u00e9e Diversit\u00e9","description":"L&#039;Info dans toute sa diversit\u00e9","publisher":{"@id":"https:\/\/guineediversite.com\/#organization"},"potentialAction":[{"@type":"SearchAction","target":{"@type":"EntryPoint","urlTemplate":"https:\/\/guineediversite.com\/?s={search_term_string}"},"query-input":{"@type":"PropertyValueSpecification","valueRequired":true,"valueName":"search_term_string"}}],"inLanguage":"fr-FR"},{"@type":"Organization","@id":"https:\/\/guineediversite.com\/#organization","name":"Guin\u00e9e Diversit\u00e9","url":"https:\/\/guineediversite.com\/","logo":{"@type":"ImageObject","inLanguage":"fr-FR","@id":"https:\/\/guineediversite.com\/#\/schema\/logo\/image\/","url":"https:\/\/guineediversite.com\/wp-content\/uploads\/2017\/04\/cropped-1jojlxEOMkX9Wyqfhe43D6kjPOGqBBKmx3EwWJqZ0cMrFF54yM49.png","contentUrl":"https:\/\/guineediversite.com\/wp-content\/uploads\/2017\/04\/cropped-1jojlxEOMkX9Wyqfhe43D6kjPOGqBBKmx3EwWJqZ0cMrFF54yM49.png","width":186,"height":112,"caption":"Guin\u00e9e Diversit\u00e9"},"image":{"@id":"https:\/\/guineediversite.com\/#\/schema\/logo\/image\/"},"sameAs":["https:\/\/www.facebook.com\/guineediversite\/","https:\/\/x.com\/GuineeDiversite","https:\/\/www.youtube.com\/channel\/UC8sUY16qelG5ge6_D5SB83g"]},{"@type":"Person","@id":"https:\/\/guineediversite.com\/#\/schema\/person\/afa08fb34e7fc6e1feafc892612bc836","name":"Guin\u00e9e Diversit\u00e9","image":{"@type":"ImageObject","inLanguage":"fr-FR","@id":"https:\/\/guineediversite.com\/#\/schema\/person\/image\/","url":"https:\/\/secure.gravatar.com\/avatar\/50d5eb5b390f8b65ac30ac6f898eb83a?s=96&d=mm&r=g","contentUrl":"https:\/\/secure.gravatar.com\/avatar\/50d5eb5b390f8b65ac30ac6f898eb83a?s=96&d=mm&r=g","caption":"Guin\u00e9e Diversit\u00e9"},"url":"https:\/\/guineediversite.com\/index.php\/author\/guineediversite\/"}]}},"_links":{"self":[{"href":"https:\/\/guineediversite.com\/index.php\/wp-json\/wp\/v2\/posts\/29394"}],"collection":[{"href":"https:\/\/guineediversite.com\/index.php\/wp-json\/wp\/v2\/posts"}],"about":[{"href":"https:\/\/guineediversite.com\/index.php\/wp-json\/wp\/v2\/types\/post"}],"author":[{"embeddable":true,"href":"https:\/\/guineediversite.com\/index.php\/wp-json\/wp\/v2\/users\/12"}],"replies":[{"embeddable":true,"href":"https:\/\/guineediversite.com\/index.php\/wp-json\/wp\/v2\/comments?post=29394"}],"version-history":[{"count":1,"href":"https:\/\/guineediversite.com\/index.php\/wp-json\/wp\/v2\/posts\/29394\/revisions"}],"predecessor-version":[{"id":29397,"href":"https:\/\/guineediversite.com\/index.php\/wp-json\/wp\/v2\/posts\/29394\/revisions\/29397"}],"wp:featuredmedia":[{"embeddable":true,"href":"https:\/\/guineediversite.com\/index.php\/wp-json\/wp\/v2\/media\/29396"}],"wp:attachment":[{"href":"https:\/\/guineediversite.com\/index.php\/wp-json\/wp\/v2\/media?parent=29394"}],"wp:term":[{"taxonomy":"category","embeddable":true,"href":"https:\/\/guineediversite.com\/index.php\/wp-json\/wp\/v2\/categories?post=29394"},{"taxonomy":"post_tag","embeddable":true,"href":"https:\/\/guineediversite.com\/index.php\/wp-json\/wp\/v2\/tags?post=29394"}],"curies":[{"name":"wp","href":"https:\/\/api.w.org\/{rel}","templated":true}]}}