{"id":29391,"date":"2020-06-04T14:11:53","date_gmt":"2020-06-04T12:11:53","guid":{"rendered":"https:\/\/guineediversite.com\/?p=29391"},"modified":"2020-06-04T14:12:01","modified_gmt":"2020-06-04T12:12:01","slug":"mort-de-george-floyd-lhommage-du-quartier-ou-il-a-grandi-avant-ses-obseques-le-9-juin","status":"publish","type":"post","link":"https:\/\/guineediversite.com\/index.php\/2020\/06\/04\/mort-de-george-floyd-lhommage-du-quartier-ou-il-a-grandi-avant-ses-obseques-le-9-juin\/","title":{"rendered":"Mort de George Floyd: l&rsquo;hommage du quartier o\u00f9 il a grandi, avant ses obs\u00e8ques le 9 juin"},"content":{"rendered":"\n<p>Houston est la ville qui a vu grandir George Floyd. Son corps y sera enterr\u00e9 mardi prochain le 9 juin. Reportage dans son quartier qui lui rend hommage.<\/p>\n\n\n\n<p>Dans le quartier de Third Ward, un portrait g\u00e9ant de <a href=\"http:\/\/www.rfi.fr\/fr\/am\u00e9riques\/20200603-la-mort-george-floyd-requalifi\u00e9e-en-meurtre-les-quatre-ex-agents-poursuivis\" target=\"_blank\" rel=\"noreferrer noopener\"><strong>George Floyd <\/strong><\/a>est apparu dans la nuit sur le mur de l\u2019\u00e9picerie, \u00e0 deux rues d\u2019o\u00f9 il a grandi. Depuis, les habitants de cette zone populaire de Houston viennent rendre hommage \u00e0 un des leurs. On y d\u00e9pose des fleurs, des bougies, et on se prend en photo.<\/p>\n\n\n\n<p>Courtney, la quarantaine, habite le quartier. \u00ab&nbsp;<em>On le connaissait sous le nom de Big Floyd ;&nbsp;on est all\u00e9 dans la m\u00eame \u00e9cole.<\/em>&nbsp;\u00bb Il \u00e9voque la vid\u00e9o du policier qui \u00e9touffe George Floyd d&rsquo;un genou sur le cou : \u00ab&nbsp;<em>C\u2019est la chose la plus terrible que j\u2019ai regard\u00e9e dans ma vie. C\u2019est fou. Quand j\u2019ai d\u00e9couvert que c\u2019\u00e9tait lui et qu\u2019il appelait sa m\u00e8re. Sa m\u00e8re est morte\u2026 On n\u2019appelle sa m\u00e8re morte que quand on lutte pour sa vie. Il \u00e9tait respect\u00e9 ici, quelqu\u2019un qui \u00e9duquait les gens, qui donnait pour la communaut\u00e9, qui donnait du savoir, de la sagesse.<\/em>&nbsp;\u00bb<\/p>\n\n\n\n<p>Quand on lui parle des messages de Donald Trump, Courtney r\u00e9pond : \u00ab&nbsp;<em>Je ne sais pas qui c\u2019est. Je ne parle pas de lui. Ce n\u2019est pas mon pr\u00e9sident. Son temps est venu.<\/em>&nbsp;\u00bb<\/p>\n\n\n\n<p><strong>\u00ab&nbsp;<em>Nous voulons comprendre<\/em>&nbsp;\u00bb<\/strong><\/p>\n\n\n\n<p>Dans son pick-up blanc, Gloria, 76 ans, a pos\u00e9 sur le volant un t-shirt qu\u2019elle vient d\u2019acheter : \u00ab&nbsp;<em>C\u2019est un t-shirt o\u00f9 est \u00e9crit : \u00ab\u00a0Je ne peux plus respirer\u00a0\u00bb. Repose en paix Georges Floyd. Mon fils jouait du football am\u00e9ricain avec lui \u00e0 l\u2019\u00e9cole Yates. Il m&rsquo;a dit de regarder la vid\u00e9o, il y a Floyd. Je lui dis quel Floyd ? il me r\u00e9pond : \u00ab\u00a0Third Ward Floyd !\u00a0\u00bb<\/em>&nbsp;\u00bb<\/p>\n\n\n\n<p>Pour Gloria, le fonds du probl\u00e8me ce sont \u00ab&nbsp;<em><a href=\"http:\/\/www.rfi.fr\/fr\/podcasts\/20200603-le-racisme-la-police-est-il-sp\u00e9cifiquement-am\u00e9ricain\" target=\"_blank\" rel=\"noreferrer noopener\"><strong>les racistes<\/strong><\/a>. Tout les jours, partout. Parfois, c&rsquo;est la fa\u00e7on dont les gens vous regardent. Vous seriez \u00e9tonn\u00e9 : les gens vous rentrent dedans, certains s\u2019excusent, d\u2019autres pas.<\/em>&nbsp;\u00bb<\/p>\n\n\n\n<p>Ce qu\u2019elle pense des manifestations ? \u00ab&nbsp;<em>Je ne vois rien de mal l\u00e0-dedans. Nous voulons comprendre, nous sommes des humains aussi, nous sommes des gens !<\/em>&nbsp;\u00bb<\/p>\n\n\n\n<p>Apr\u00e8s elle, d\u2019autres anonymes du quartier se succ\u00e8dent pour un hommage \u00e0 George Floyd.<\/p>\n\n\n\n<p><strong>RFI<\/strong><\/p>\n","protected":false},"excerpt":{"rendered":"<p>Houston est la ville qui a vu grandir George Floyd. Son corps y sera enterr\u00e9 mardi prochain le 9 juin. Reportage dans son quartier qui lui rend hommage. Dans le quartier de Third Ward, un portrait g\u00e9ant de George Floyd est apparu dans la nuit sur le mur de l\u2019\u00e9picerie, \u00e0 deux rues d\u2019o\u00f9 il [&hellip;]<\/p>\n","protected":false},"author":12,"featured_media":29392,"comment_status":"closed","ping_status":"closed","sticky":false,"template":"","format":"standard","meta":{"_exactmetrics_skip_tracking":false,"_exactmetrics_sitenote_active":false,"_exactmetrics_sitenote_note":"","_exactmetrics_sitenote_category":0,"tdm_status":"","tdm_grid_status":"","footnotes":""},"categories":[21],"tags":[],"class_list":{"0":"post-29391","1":"post","2":"type-post","3":"status-publish","4":"format-standard","5":"has-post-thumbnail","7":"category-international"},"yoast_head":"<!-- This site is optimized with the Yoast SEO plugin v24.2 - https:\/\/yoast.com\/wordpress\/plugins\/seo\/ -->\n<title>Mort de George Floyd: l&#039;hommage du quartier o\u00f9 il a grandi, avant ses obs\u00e8ques le 9 juin | Guin\u00e9e Diversit\u00e9<\/title>\n<meta name=\"robots\" content=\"index, follow, max-snippet:-1, max-image-preview:large, max-video-preview:-1\" \/>\n<link rel=\"canonical\" href=\"https:\/\/guineediversite.com\/index.php\/2020\/06\/04\/mort-de-george-floyd-lhommage-du-quartier-ou-il-a-grandi-avant-ses-obseques-le-9-juin\/\" \/>\n<meta property=\"og:locale\" content=\"fr_FR\" \/>\n<meta property=\"og:type\" content=\"article\" \/>\n<meta property=\"og:title\" content=\"Mort de George Floyd: l&#039;hommage du quartier o\u00f9 il a grandi, avant ses obs\u00e8ques le 9 juin | Guin\u00e9e Diversit\u00e9\" \/>\n<meta property=\"og:description\" content=\"Houston est la ville qui a vu grandir George Floyd. Son corps y sera enterr\u00e9 mardi prochain le 9 juin. Reportage dans son quartier qui lui rend hommage. Dans le quartier de Third Ward, un portrait g\u00e9ant de George Floyd est apparu dans la nuit sur le mur de l\u2019\u00e9picerie, \u00e0 deux rues d\u2019o\u00f9 il [&hellip;]\" \/>\n<meta property=\"og:url\" content=\"https:\/\/guineediversite.com\/index.php\/2020\/06\/04\/mort-de-george-floyd-lhommage-du-quartier-ou-il-a-grandi-avant-ses-obseques-le-9-juin\/\" \/>\n<meta property=\"og:site_name\" content=\"Guin\u00e9e Diversit\u00e9\" \/>\n<meta property=\"article:publisher\" content=\"https:\/\/www.facebook.com\/guineediversite\/\" \/>\n<meta property=\"article:published_time\" content=\"2020-06-04T12:11:53+00:00\" \/>\n<meta property=\"article:modified_time\" content=\"2020-06-04T12:12:01+00:00\" \/>\n<meta property=\"og:image\" content=\"https:\/\/guineediversite.com\/wp-content\/uploads\/2020\/06\/Fresque-murale-en-lhonneur-de-George-Floyd-\u00e0-Third-Ward-Houston-quartier-de-sa-jeunesse.jpg\" \/>\n\t<meta property=\"og:image:width\" content=\"1500\" \/>\n\t<meta property=\"og:image:height\" content=\"843\" \/>\n\t<meta property=\"og:image:type\" content=\"image\/jpeg\" \/>\n<meta name=\"author\" content=\"Guin\u00e9e Diversit\u00e9\" \/>\n<meta name=\"twitter:card\" content=\"summary_large_image\" \/>\n<meta name=\"twitter:creator\" content=\"@GuineeDiversite\" \/>\n<meta name=\"twitter:site\" content=\"@GuineeDiversite\" \/>\n<meta name=\"twitter:label1\" content=\"\u00c9crit par\" \/>\n\t<meta name=\"twitter:data1\" content=\"Guin\u00e9e Diversit\u00e9\" \/>\n\t<meta name=\"twitter:label2\" content=\"Dur\u00e9e de lecture estim\u00e9e\" \/>\n\t<meta name=\"twitter:data2\" content=\"2 minutes\" \/>\n<script type=\"application\/ld+json\" class=\"yoast-schema-graph\">{\"@context\":\"https:\/\/schema.org\",\"@graph\":[{\"@type\":\"Article\",\"@id\":\"https:\/\/guineediversite.com\/index.php\/2020\/06\/04\/mort-de-george-floyd-lhommage-du-quartier-ou-il-a-grandi-avant-ses-obseques-le-9-juin\/#article\",\"isPartOf\":{\"@id\":\"https:\/\/guineediversite.com\/index.php\/2020\/06\/04\/mort-de-george-floyd-lhommage-du-quartier-ou-il-a-grandi-avant-ses-obseques-le-9-juin\/\"},\"author\":{\"name\":\"Guin\u00e9e Diversit\u00e9\",\"@id\":\"https:\/\/guineediversite.com\/#\/schema\/person\/afa08fb34e7fc6e1feafc892612bc836\"},\"headline\":\"Mort de George Floyd: l&rsquo;hommage du quartier o\u00f9 il a grandi, avant ses obs\u00e8ques le 9 juin\",\"datePublished\":\"2020-06-04T12:11:53+00:00\",\"dateModified\":\"2020-06-04T12:12:01+00:00\",\"mainEntityOfPage\":{\"@id\":\"https:\/\/guineediversite.com\/index.php\/2020\/06\/04\/mort-de-george-floyd-lhommage-du-quartier-ou-il-a-grandi-avant-ses-obseques-le-9-juin\/\"},\"wordCount\":429,\"publisher\":{\"@id\":\"https:\/\/guineediversite.com\/#organization\"},\"image\":{\"@id\":\"https:\/\/guineediversite.com\/index.php\/2020\/06\/04\/mort-de-george-floyd-lhommage-du-quartier-ou-il-a-grandi-avant-ses-obseques-le-9-juin\/#primaryimage\"},\"thumbnailUrl\":\"https:\/\/guineediversite.com\/wp-content\/uploads\/2020\/06\/Fresque-murale-en-lhonneur-de-George-Floyd-\u00e0-Third-Ward-Houston-quartier-de-sa-jeunesse.jpg\",\"articleSection\":[\"International\"],\"inLanguage\":\"fr-FR\"},{\"@type\":\"WebPage\",\"@id\":\"https:\/\/guineediversite.com\/index.php\/2020\/06\/04\/mort-de-george-floyd-lhommage-du-quartier-ou-il-a-grandi-avant-ses-obseques-le-9-juin\/\",\"url\":\"https:\/\/guineediversite.com\/index.php\/2020\/06\/04\/mort-de-george-floyd-lhommage-du-quartier-ou-il-a-grandi-avant-ses-obseques-le-9-juin\/\",\"name\":\"Mort de George Floyd: l'hommage du quartier o\u00f9 il a grandi, avant ses obs\u00e8ques le 9 juin | Guin\u00e9e Diversit\u00e9\",\"isPartOf\":{\"@id\":\"https:\/\/guineediversite.com\/#website\"},\"primaryImageOfPage\":{\"@id\":\"https:\/\/guineediversite.com\/index.php\/2020\/06\/04\/mort-de-george-floyd-lhommage-du-quartier-ou-il-a-grandi-avant-ses-obseques-le-9-juin\/#primaryimage\"},\"image\":{\"@id\":\"https:\/\/guineediversite.com\/index.php\/2020\/06\/04\/mort-de-george-floyd-lhommage-du-quartier-ou-il-a-grandi-avant-ses-obseques-le-9-juin\/#primaryimage\"},\"thumbnailUrl\":\"https:\/\/guineediversite.com\/wp-content\/uploads\/2020\/06\/Fresque-murale-en-lhonneur-de-George-Floyd-\u00e0-Third-Ward-Houston-quartier-de-sa-jeunesse.jpg\",\"datePublished\":\"2020-06-04T12:11:53+00:00\",\"dateModified\":\"2020-06-04T12:12:01+00:00\",\"breadcrumb\":{\"@id\":\"https:\/\/guineediversite.com\/index.php\/2020\/06\/04\/mort-de-george-floyd-lhommage-du-quartier-ou-il-a-grandi-avant-ses-obseques-le-9-juin\/#breadcrumb\"},\"inLanguage\":\"fr-FR\",\"potentialAction\":[{\"@type\":\"ReadAction\",\"target\":[\"https:\/\/guineediversite.com\/index.php\/2020\/06\/04\/mort-de-george-floyd-lhommage-du-quartier-ou-il-a-grandi-avant-ses-obseques-le-9-juin\/\"]}]},{\"@type\":\"ImageObject\",\"inLanguage\":\"fr-FR\",\"@id\":\"https:\/\/guineediversite.com\/index.php\/2020\/06\/04\/mort-de-george-floyd-lhommage-du-quartier-ou-il-a-grandi-avant-ses-obseques-le-9-juin\/#primaryimage\",\"url\":\"https:\/\/guineediversite.com\/wp-content\/uploads\/2020\/06\/Fresque-murale-en-lhonneur-de-George-Floyd-\u00e0-Third-Ward-Houston-quartier-de-sa-jeunesse.jpg\",\"contentUrl\":\"https:\/\/guineediversite.com\/wp-content\/uploads\/2020\/06\/Fresque-murale-en-lhonneur-de-George-Floyd-\u00e0-Third-Ward-Houston-quartier-de-sa-jeunesse.jpg\",\"width\":1500,\"height\":843},{\"@type\":\"BreadcrumbList\",\"@id\":\"https:\/\/guineediversite.com\/index.php\/2020\/06\/04\/mort-de-george-floyd-lhommage-du-quartier-ou-il-a-grandi-avant-ses-obseques-le-9-juin\/#breadcrumb\",\"itemListElement\":[{\"@type\":\"ListItem\",\"position\":1,\"name\":\"Accueil\",\"item\":\"https:\/\/guineediversite.com\/\"},{\"@type\":\"ListItem\",\"position\":2,\"name\":\"Mort de George Floyd: l&rsquo;hommage du quartier o\u00f9 il a grandi, avant ses obs\u00e8ques le 9 juin\"}]},{\"@type\":\"WebSite\",\"@id\":\"https:\/\/guineediversite.com\/#website\",\"url\":\"https:\/\/guineediversite.com\/\",\"name\":\"Guin\u00e9e Diversit\u00e9\",\"description\":\"L&#039;Info dans toute sa diversit\u00e9\",\"publisher\":{\"@id\":\"https:\/\/guineediversite.com\/#organization\"},\"potentialAction\":[{\"@type\":\"SearchAction\",\"target\":{\"@type\":\"EntryPoint\",\"urlTemplate\":\"https:\/\/guineediversite.com\/?s={search_term_string}\"},\"query-input\":{\"@type\":\"PropertyValueSpecification\",\"valueRequired\":true,\"valueName\":\"search_term_string\"}}],\"inLanguage\":\"fr-FR\"},{\"@type\":\"Organization\",\"@id\":\"https:\/\/guineediversite.com\/#organization\",\"name\":\"Guin\u00e9e Diversit\u00e9\",\"url\":\"https:\/\/guineediversite.com\/\",\"logo\":{\"@type\":\"ImageObject\",\"inLanguage\":\"fr-FR\",\"@id\":\"https:\/\/guineediversite.com\/#\/schema\/logo\/image\/\",\"url\":\"https:\/\/guineediversite.com\/wp-content\/uploads\/2017\/04\/cropped-1jojlxEOMkX9Wyqfhe43D6kjPOGqBBKmx3EwWJqZ0cMrFF54yM49.png\",\"contentUrl\":\"https:\/\/guineediversite.com\/wp-content\/uploads\/2017\/04\/cropped-1jojlxEOMkX9Wyqfhe43D6kjPOGqBBKmx3EwWJqZ0cMrFF54yM49.png\",\"width\":186,\"height\":112,\"caption\":\"Guin\u00e9e Diversit\u00e9\"},\"image\":{\"@id\":\"https:\/\/guineediversite.com\/#\/schema\/logo\/image\/\"},\"sameAs\":[\"https:\/\/www.facebook.com\/guineediversite\/\",\"https:\/\/x.com\/GuineeDiversite\",\"https:\/\/www.youtube.com\/channel\/UC8sUY16qelG5ge6_D5SB83g\"]},{\"@type\":\"Person\",\"@id\":\"https:\/\/guineediversite.com\/#\/schema\/person\/afa08fb34e7fc6e1feafc892612bc836\",\"name\":\"Guin\u00e9e Diversit\u00e9\",\"image\":{\"@type\":\"ImageObject\",\"inLanguage\":\"fr-FR\",\"@id\":\"https:\/\/guineediversite.com\/#\/schema\/person\/image\/\",\"url\":\"https:\/\/secure.gravatar.com\/avatar\/50d5eb5b390f8b65ac30ac6f898eb83a?s=96&d=mm&r=g\",\"contentUrl\":\"https:\/\/secure.gravatar.com\/avatar\/50d5eb5b390f8b65ac30ac6f898eb83a?s=96&d=mm&r=g\",\"caption\":\"Guin\u00e9e Diversit\u00e9\"},\"url\":\"https:\/\/guineediversite.com\/index.php\/author\/guineediversite\/\"}]}<\/script>\n<!-- \/ Yoast SEO plugin. -->","yoast_head_json":{"title":"Mort de George Floyd: l'hommage du quartier o\u00f9 il a grandi, avant ses obs\u00e8ques le 9 juin | Guin\u00e9e Diversit\u00e9","robots":{"index":"index","follow":"follow","max-snippet":"max-snippet:-1","max-image-preview":"max-image-preview:large","max-video-preview":"max-video-preview:-1"},"canonical":"https:\/\/guineediversite.com\/index.php\/2020\/06\/04\/mort-de-george-floyd-lhommage-du-quartier-ou-il-a-grandi-avant-ses-obseques-le-9-juin\/","og_locale":"fr_FR","og_type":"article","og_title":"Mort de George Floyd: l'hommage du quartier o\u00f9 il a grandi, avant ses obs\u00e8ques le 9 juin | Guin\u00e9e Diversit\u00e9","og_description":"Houston est la ville qui a vu grandir George Floyd. Son corps y sera enterr\u00e9 mardi prochain le 9 juin. Reportage dans son quartier qui lui rend hommage. Dans le quartier de Third Ward, un portrait g\u00e9ant de George Floyd est apparu dans la nuit sur le mur de l\u2019\u00e9picerie, \u00e0 deux rues d\u2019o\u00f9 il [&hellip;]","og_url":"https:\/\/guineediversite.com\/index.php\/2020\/06\/04\/mort-de-george-floyd-lhommage-du-quartier-ou-il-a-grandi-avant-ses-obseques-le-9-juin\/","og_site_name":"Guin\u00e9e Diversit\u00e9","article_publisher":"https:\/\/www.facebook.com\/guineediversite\/","article_published_time":"2020-06-04T12:11:53+00:00","article_modified_time":"2020-06-04T12:12:01+00:00","og_image":[{"width":1500,"height":843,"url":"https:\/\/guineediversite.com\/wp-content\/uploads\/2020\/06\/Fresque-murale-en-lhonneur-de-George-Floyd-\u00e0-Third-Ward-Houston-quartier-de-sa-jeunesse.jpg","type":"image\/jpeg"}],"author":"Guin\u00e9e Diversit\u00e9","twitter_card":"summary_large_image","twitter_creator":"@GuineeDiversite","twitter_site":"@GuineeDiversite","twitter_misc":{"\u00c9crit par":"Guin\u00e9e Diversit\u00e9","Dur\u00e9e de lecture estim\u00e9e":"2 minutes"},"schema":{"@context":"https:\/\/schema.org","@graph":[{"@type":"Article","@id":"https:\/\/guineediversite.com\/index.php\/2020\/06\/04\/mort-de-george-floyd-lhommage-du-quartier-ou-il-a-grandi-avant-ses-obseques-le-9-juin\/#article","isPartOf":{"@id":"https:\/\/guineediversite.com\/index.php\/2020\/06\/04\/mort-de-george-floyd-lhommage-du-quartier-ou-il-a-grandi-avant-ses-obseques-le-9-juin\/"},"author":{"name":"Guin\u00e9e Diversit\u00e9","@id":"https:\/\/guineediversite.com\/#\/schema\/person\/afa08fb34e7fc6e1feafc892612bc836"},"headline":"Mort de George Floyd: l&rsquo;hommage du quartier o\u00f9 il a grandi, avant ses obs\u00e8ques le 9 juin","datePublished":"2020-06-04T12:11:53+00:00","dateModified":"2020-06-04T12:12:01+00:00","mainEntityOfPage":{"@id":"https:\/\/guineediversite.com\/index.php\/2020\/06\/04\/mort-de-george-floyd-lhommage-du-quartier-ou-il-a-grandi-avant-ses-obseques-le-9-juin\/"},"wordCount":429,"publisher":{"@id":"https:\/\/guineediversite.com\/#organization"},"image":{"@id":"https:\/\/guineediversite.com\/index.php\/2020\/06\/04\/mort-de-george-floyd-lhommage-du-quartier-ou-il-a-grandi-avant-ses-obseques-le-9-juin\/#primaryimage"},"thumbnailUrl":"https:\/\/guineediversite.com\/wp-content\/uploads\/2020\/06\/Fresque-murale-en-lhonneur-de-George-Floyd-\u00e0-Third-Ward-Houston-quartier-de-sa-jeunesse.jpg","articleSection":["International"],"inLanguage":"fr-FR"},{"@type":"WebPage","@id":"https:\/\/guineediversite.com\/index.php\/2020\/06\/04\/mort-de-george-floyd-lhommage-du-quartier-ou-il-a-grandi-avant-ses-obseques-le-9-juin\/","url":"https:\/\/guineediversite.com\/index.php\/2020\/06\/04\/mort-de-george-floyd-lhommage-du-quartier-ou-il-a-grandi-avant-ses-obseques-le-9-juin\/","name":"Mort de George Floyd: l'hommage du quartier o\u00f9 il a grandi, avant ses obs\u00e8ques le 9 juin | Guin\u00e9e Diversit\u00e9","isPartOf":{"@id":"https:\/\/guineediversite.com\/#website"},"primaryImageOfPage":{"@id":"https:\/\/guineediversite.com\/index.php\/2020\/06\/04\/mort-de-george-floyd-lhommage-du-quartier-ou-il-a-grandi-avant-ses-obseques-le-9-juin\/#primaryimage"},"image":{"@id":"https:\/\/guineediversite.com\/index.php\/2020\/06\/04\/mort-de-george-floyd-lhommage-du-quartier-ou-il-a-grandi-avant-ses-obseques-le-9-juin\/#primaryimage"},"thumbnailUrl":"https:\/\/guineediversite.com\/wp-content\/uploads\/2020\/06\/Fresque-murale-en-lhonneur-de-George-Floyd-\u00e0-Third-Ward-Houston-quartier-de-sa-jeunesse.jpg","datePublished":"2020-06-04T12:11:53+00:00","dateModified":"2020-06-04T12:12:01+00:00","breadcrumb":{"@id":"https:\/\/guineediversite.com\/index.php\/2020\/06\/04\/mort-de-george-floyd-lhommage-du-quartier-ou-il-a-grandi-avant-ses-obseques-le-9-juin\/#breadcrumb"},"inLanguage":"fr-FR","potentialAction":[{"@type":"ReadAction","target":["https:\/\/guineediversite.com\/index.php\/2020\/06\/04\/mort-de-george-floyd-lhommage-du-quartier-ou-il-a-grandi-avant-ses-obseques-le-9-juin\/"]}]},{"@type":"ImageObject","inLanguage":"fr-FR","@id":"https:\/\/guineediversite.com\/index.php\/2020\/06\/04\/mort-de-george-floyd-lhommage-du-quartier-ou-il-a-grandi-avant-ses-obseques-le-9-juin\/#primaryimage","url":"https:\/\/guineediversite.com\/wp-content\/uploads\/2020\/06\/Fresque-murale-en-lhonneur-de-George-Floyd-\u00e0-Third-Ward-Houston-quartier-de-sa-jeunesse.jpg","contentUrl":"https:\/\/guineediversite.com\/wp-content\/uploads\/2020\/06\/Fresque-murale-en-lhonneur-de-George-Floyd-\u00e0-Third-Ward-Houston-quartier-de-sa-jeunesse.jpg","width":1500,"height":843},{"@type":"BreadcrumbList","@id":"https:\/\/guineediversite.com\/index.php\/2020\/06\/04\/mort-de-george-floyd-lhommage-du-quartier-ou-il-a-grandi-avant-ses-obseques-le-9-juin\/#breadcrumb","itemListElement":[{"@type":"ListItem","position":1,"name":"Accueil","item":"https:\/\/guineediversite.com\/"},{"@type":"ListItem","position":2,"name":"Mort de George Floyd: l&rsquo;hommage du quartier o\u00f9 il a grandi, avant ses obs\u00e8ques le 9 juin"}]},{"@type":"WebSite","@id":"https:\/\/guineediversite.com\/#website","url":"https:\/\/guineediversite.com\/","name":"Guin\u00e9e Diversit\u00e9","description":"L&#039;Info dans toute sa diversit\u00e9","publisher":{"@id":"https:\/\/guineediversite.com\/#organization"},"potentialAction":[{"@type":"SearchAction","target":{"@type":"EntryPoint","urlTemplate":"https:\/\/guineediversite.com\/?s={search_term_string}"},"query-input":{"@type":"PropertyValueSpecification","valueRequired":true,"valueName":"search_term_string"}}],"inLanguage":"fr-FR"},{"@type":"Organization","@id":"https:\/\/guineediversite.com\/#organization","name":"Guin\u00e9e Diversit\u00e9","url":"https:\/\/guineediversite.com\/","logo":{"@type":"ImageObject","inLanguage":"fr-FR","@id":"https:\/\/guineediversite.com\/#\/schema\/logo\/image\/","url":"https:\/\/guineediversite.com\/wp-content\/uploads\/2017\/04\/cropped-1jojlxEOMkX9Wyqfhe43D6kjPOGqBBKmx3EwWJqZ0cMrFF54yM49.png","contentUrl":"https:\/\/guineediversite.com\/wp-content\/uploads\/2017\/04\/cropped-1jojlxEOMkX9Wyqfhe43D6kjPOGqBBKmx3EwWJqZ0cMrFF54yM49.png","width":186,"height":112,"caption":"Guin\u00e9e Diversit\u00e9"},"image":{"@id":"https:\/\/guineediversite.com\/#\/schema\/logo\/image\/"},"sameAs":["https:\/\/www.facebook.com\/guineediversite\/","https:\/\/x.com\/GuineeDiversite","https:\/\/www.youtube.com\/channel\/UC8sUY16qelG5ge6_D5SB83g"]},{"@type":"Person","@id":"https:\/\/guineediversite.com\/#\/schema\/person\/afa08fb34e7fc6e1feafc892612bc836","name":"Guin\u00e9e Diversit\u00e9","image":{"@type":"ImageObject","inLanguage":"fr-FR","@id":"https:\/\/guineediversite.com\/#\/schema\/person\/image\/","url":"https:\/\/secure.gravatar.com\/avatar\/50d5eb5b390f8b65ac30ac6f898eb83a?s=96&d=mm&r=g","contentUrl":"https:\/\/secure.gravatar.com\/avatar\/50d5eb5b390f8b65ac30ac6f898eb83a?s=96&d=mm&r=g","caption":"Guin\u00e9e Diversit\u00e9"},"url":"https:\/\/guineediversite.com\/index.php\/author\/guineediversite\/"}]}},"_links":{"self":[{"href":"https:\/\/guineediversite.com\/index.php\/wp-json\/wp\/v2\/posts\/29391"}],"collection":[{"href":"https:\/\/guineediversite.com\/index.php\/wp-json\/wp\/v2\/posts"}],"about":[{"href":"https:\/\/guineediversite.com\/index.php\/wp-json\/wp\/v2\/types\/post"}],"author":[{"embeddable":true,"href":"https:\/\/guineediversite.com\/index.php\/wp-json\/wp\/v2\/users\/12"}],"replies":[{"embeddable":true,"href":"https:\/\/guineediversite.com\/index.php\/wp-json\/wp\/v2\/comments?post=29391"}],"version-history":[{"count":1,"href":"https:\/\/guineediversite.com\/index.php\/wp-json\/wp\/v2\/posts\/29391\/revisions"}],"predecessor-version":[{"id":29393,"href":"https:\/\/guineediversite.com\/index.php\/wp-json\/wp\/v2\/posts\/29391\/revisions\/29393"}],"wp:featuredmedia":[{"embeddable":true,"href":"https:\/\/guineediversite.com\/index.php\/wp-json\/wp\/v2\/media\/29392"}],"wp:attachment":[{"href":"https:\/\/guineediversite.com\/index.php\/wp-json\/wp\/v2\/media?parent=29391"}],"wp:term":[{"taxonomy":"category","embeddable":true,"href":"https:\/\/guineediversite.com\/index.php\/wp-json\/wp\/v2\/categories?post=29391"},{"taxonomy":"post_tag","embeddable":true,"href":"https:\/\/guineediversite.com\/index.php\/wp-json\/wp\/v2\/tags?post=29391"}],"curies":[{"name":"wp","href":"https:\/\/api.w.org\/{rel}","templated":true}]}}