{"id":29385,"date":"2020-06-03T19:51:54","date_gmt":"2020-06-03T17:51:54","guid":{"rendered":"https:\/\/guineediversite.com\/?p=29385"},"modified":"2020-06-03T19:51:59","modified_gmt":"2020-06-03T17:51:59","slug":"incendie-a-coleah-des-abris-de-fortune-partent-en-fumee","status":"publish","type":"post","link":"https:\/\/guineediversite.com\/index.php\/2020\/06\/03\/incendie-a-coleah-des-abris-de-fortune-partent-en-fumee\/","title":{"rendered":"Incendie \u00e0 Col\u00e9ah : des abris de fortune partent en fum\u00e9e"},"content":{"rendered":"\n<p>Un incendie s\u2019est d\u00e9clench\u00e9 ce mercredi dans la matin\u00e9e dans la commune de Matam, pr\u00e9cis\u00e9ment \u00e0 Col\u00e9ah. Le feu a d\u00e9vast\u00e9 plusieurs abris de fortune, dans lesquels les p\u00e9cheurs \u00e9trangers et guin\u00e9ens demeuraient dans ce port artisanal.<\/p>\n\n\n\n<figure class=\"wp-block-gallery columns-1 is-cropped wp-block-gallery-1 is-layout-flex wp-block-gallery-is-layout-flex\"><ul class=\"blocks-gallery-grid\"><li class=\"blocks-gallery-item\"><figure><img loading=\"lazy\" decoding=\"async\" width=\"1024\" height=\"576\" src=\"https:\/\/guineediversite.com.bwjx4292.odns.fr\/wp-content\/uploads\/2020\/06\/IMG-20200603-WA0002-1024x576.jpg\" alt=\"\" data-id=\"29386\" data-full-url=\"https:\/\/guineediversite.com.bwjx4292.odns.fr\/wp-content\/uploads\/2020\/06\/IMG-20200603-WA0002.jpg\" data-link=\"https:\/\/guineediversite.com.bwjx4292.odns.fr\/?attachment_id=29386\" class=\"wp-image-29386\" srcset=\"https:\/\/guineediversite.com\/wp-content\/uploads\/2020\/06\/IMG-20200603-WA0002-1024x576.jpg 1024w, https:\/\/guineediversite.com\/wp-content\/uploads\/2020\/06\/IMG-20200603-WA0002-300x169.jpg 300w, https:\/\/guineediversite.com\/wp-content\/uploads\/2020\/06\/IMG-20200603-WA0002-768x432.jpg 768w, https:\/\/guineediversite.com\/wp-content\/uploads\/2020\/06\/IMG-20200603-WA0002-600x338.jpg 600w, https:\/\/guineediversite.com\/wp-content\/uploads\/2020\/06\/IMG-20200603-WA0002-678x381.jpg 678w, https:\/\/guineediversite.com\/wp-content\/uploads\/2020\/06\/IMG-20200603-WA0002.jpg 1032w\" sizes=\"(max-width: 1024px) 100vw, 1024px\" \/><\/figure><\/li><\/ul><\/figure>\n\n\n\n<p>Kadiatou Ciss\u00e9 victime et t\u00e9moin de la sc\u00e8ne explique \u00ab <em>C\u2019est aux environs de 10h \u00e0 11h qu\u2019on a vu la fum\u00e9e se dans une maison non loin des lieux o\u00f9 on fabrique des pirogues. Entre-temps, le feu a explos\u00e9 et s\u2019est propag\u00e9 sur plusieurs autres maisons. Moi personnellement, j\u2019avais 7 chambres ici o\u00f9 logeaient des p\u00eacheurs, mais tout est parti en fum\u00e9e. En plus, j\u2019avais des cong\u00e9lateurs ajout\u00e9s \u00e0 mes marchandises, tout a \u00e9t\u00e9 r\u00e9duit en cendres, je n\u2019ai pu sortir rien de la maison, pour moi tout comme pour mes locataires <\/em>\u00bb.<\/p>\n\n\n\n<figure class=\"wp-block-gallery columns-1 is-cropped wp-block-gallery-2 is-layout-flex wp-block-gallery-is-layout-flex\"><ul class=\"blocks-gallery-grid\"><li class=\"blocks-gallery-item\"><figure><img loading=\"lazy\" decoding=\"async\" width=\"1024\" height=\"576\" src=\"https:\/\/guineediversite.com.bwjx4292.odns.fr\/wp-content\/uploads\/2020\/06\/IMG-20200603-WA0004-1024x576.jpg\" alt=\"\" data-id=\"29387\" data-full-url=\"https:\/\/guineediversite.com.bwjx4292.odns.fr\/wp-content\/uploads\/2020\/06\/IMG-20200603-WA0004.jpg\" data-link=\"https:\/\/guineediversite.com.bwjx4292.odns.fr\/?attachment_id=29387\" class=\"wp-image-29387\" srcset=\"https:\/\/guineediversite.com\/wp-content\/uploads\/2020\/06\/IMG-20200603-WA0004-1024x576.jpg 1024w, https:\/\/guineediversite.com\/wp-content\/uploads\/2020\/06\/IMG-20200603-WA0004-300x169.jpg 300w, https:\/\/guineediversite.com\/wp-content\/uploads\/2020\/06\/IMG-20200603-WA0004-768x432.jpg 768w, https:\/\/guineediversite.com\/wp-content\/uploads\/2020\/06\/IMG-20200603-WA0004-600x338.jpg 600w, https:\/\/guineediversite.com\/wp-content\/uploads\/2020\/06\/IMG-20200603-WA0004-678x381.jpg 678w, https:\/\/guineediversite.com\/wp-content\/uploads\/2020\/06\/IMG-20200603-WA0004.jpg 1500w\" sizes=\"(max-width: 1024px) 100vw, 1024px\" \/><\/figure><\/li><\/ul><\/figure>\n\n\n\n<p>Aussit\u00f4t inform\u00e9s des agents de la police et ceux de la protection civile se sont rendus sur le lieu. A en croire leurs informations, l\u2019origine de cette brasserie reste pour le moment inconnu et difficile de faire un bilan pour l\u2019instant.<\/p>\n","protected":false},"excerpt":{"rendered":"<p>Un incendie s\u2019est d\u00e9clench\u00e9 ce mercredi dans la matin\u00e9e dans la commune de Matam, pr\u00e9cis\u00e9ment \u00e0 Col\u00e9ah. Le feu a d\u00e9vast\u00e9 plusieurs abris de fortune, dans lesquels les p\u00e9cheurs \u00e9trangers et guin\u00e9ens demeuraient dans ce port artisanal. Kadiatou Ciss\u00e9 victime et t\u00e9moin de la sc\u00e8ne explique \u00ab C\u2019est aux environs de 10h \u00e0 11h qu\u2019on [&hellip;]<\/p>\n","protected":false},"author":10,"featured_media":29389,"comment_status":"closed","ping_status":"closed","sticky":false,"template":"","format":"standard","meta":{"_exactmetrics_skip_tracking":false,"_exactmetrics_sitenote_active":false,"_exactmetrics_sitenote_note":"","_exactmetrics_sitenote_category":0,"tdm_status":"","tdm_grid_status":"","footnotes":""},"categories":[16],"tags":[],"class_list":{"0":"post-29385","1":"post","2":"type-post","3":"status-publish","4":"format-standard","5":"has-post-thumbnail","7":"category-societe"},"yoast_head":"<!-- This site is optimized with the Yoast SEO plugin v24.2 - https:\/\/yoast.com\/wordpress\/plugins\/seo\/ -->\n<title>Incendie \u00e0 Col\u00e9ah : des abris de fortune partent en fum\u00e9e | Guin\u00e9e Diversit\u00e9<\/title>\n<meta name=\"robots\" content=\"index, follow, max-snippet:-1, max-image-preview:large, max-video-preview:-1\" \/>\n<link rel=\"canonical\" href=\"https:\/\/guineediversite.com\/index.php\/2020\/06\/03\/incendie-a-coleah-des-abris-de-fortune-partent-en-fumee\/\" \/>\n<meta property=\"og:locale\" content=\"fr_FR\" \/>\n<meta property=\"og:type\" content=\"article\" \/>\n<meta property=\"og:title\" content=\"Incendie \u00e0 Col\u00e9ah : des abris de fortune partent en fum\u00e9e | Guin\u00e9e Diversit\u00e9\" \/>\n<meta property=\"og:description\" content=\"Un incendie s\u2019est d\u00e9clench\u00e9 ce mercredi dans la matin\u00e9e dans la commune de Matam, pr\u00e9cis\u00e9ment \u00e0 Col\u00e9ah. Le feu a d\u00e9vast\u00e9 plusieurs abris de fortune, dans lesquels les p\u00e9cheurs \u00e9trangers et guin\u00e9ens demeuraient dans ce port artisanal. Kadiatou Ciss\u00e9 victime et t\u00e9moin de la sc\u00e8ne explique \u00ab C\u2019est aux environs de 10h \u00e0 11h qu\u2019on [&hellip;]\" \/>\n<meta property=\"og:url\" content=\"https:\/\/guineediversite.com\/index.php\/2020\/06\/03\/incendie-a-coleah-des-abris-de-fortune-partent-en-fumee\/\" \/>\n<meta property=\"og:site_name\" content=\"Guin\u00e9e Diversit\u00e9\" \/>\n<meta property=\"article:publisher\" content=\"https:\/\/www.facebook.com\/guineediversite\/\" \/>\n<meta property=\"article:published_time\" content=\"2020-06-03T17:51:54+00:00\" \/>\n<meta property=\"article:modified_time\" content=\"2020-06-03T17:51:59+00:00\" \/>\n<meta property=\"og:image\" content=\"https:\/\/guineediversite.com\/wp-content\/uploads\/2020\/06\/IMG-20200603-WA0013.jpg\" \/>\n\t<meta property=\"og:image:width\" content=\"1500\" \/>\n\t<meta property=\"og:image:height\" content=\"844\" \/>\n\t<meta property=\"og:image:type\" content=\"image\/jpeg\" \/>\n<meta name=\"author\" content=\"Morcire Camara\" \/>\n<meta name=\"twitter:card\" content=\"summary_large_image\" \/>\n<meta name=\"twitter:creator\" content=\"@GuineeDiversite\" \/>\n<meta name=\"twitter:site\" content=\"@GuineeDiversite\" \/>\n<meta name=\"twitter:label1\" content=\"\u00c9crit par\" \/>\n\t<meta name=\"twitter:data1\" content=\"Morcire Camara\" \/>\n\t<meta name=\"twitter:label2\" content=\"Dur\u00e9e de lecture estim\u00e9e\" \/>\n\t<meta name=\"twitter:data2\" content=\"1 minute\" \/>\n<script type=\"application\/ld+json\" class=\"yoast-schema-graph\">{\"@context\":\"https:\/\/schema.org\",\"@graph\":[{\"@type\":\"Article\",\"@id\":\"https:\/\/guineediversite.com\/index.php\/2020\/06\/03\/incendie-a-coleah-des-abris-de-fortune-partent-en-fumee\/#article\",\"isPartOf\":{\"@id\":\"https:\/\/guineediversite.com\/index.php\/2020\/06\/03\/incendie-a-coleah-des-abris-de-fortune-partent-en-fumee\/\"},\"author\":{\"name\":\"Morcire Camara\",\"@id\":\"https:\/\/guineediversite.com\/#\/schema\/person\/fa362494c47202ce4b3adf55abcc9d01\"},\"headline\":\"Incendie \u00e0 Col\u00e9ah : des abris de fortune partent en fum\u00e9e\",\"datePublished\":\"2020-06-03T17:51:54+00:00\",\"dateModified\":\"2020-06-03T17:51:59+00:00\",\"mainEntityOfPage\":{\"@id\":\"https:\/\/guineediversite.com\/index.php\/2020\/06\/03\/incendie-a-coleah-des-abris-de-fortune-partent-en-fumee\/\"},\"wordCount\":204,\"publisher\":{\"@id\":\"https:\/\/guineediversite.com\/#organization\"},\"image\":{\"@id\":\"https:\/\/guineediversite.com\/index.php\/2020\/06\/03\/incendie-a-coleah-des-abris-de-fortune-partent-en-fumee\/#primaryimage\"},\"thumbnailUrl\":\"https:\/\/guineediversite.com\/wp-content\/uploads\/2020\/06\/IMG-20200603-WA0013.jpg\",\"articleSection\":[\"Soci\u00e9t\u00e9\"],\"inLanguage\":\"fr-FR\"},{\"@type\":\"WebPage\",\"@id\":\"https:\/\/guineediversite.com\/index.php\/2020\/06\/03\/incendie-a-coleah-des-abris-de-fortune-partent-en-fumee\/\",\"url\":\"https:\/\/guineediversite.com\/index.php\/2020\/06\/03\/incendie-a-coleah-des-abris-de-fortune-partent-en-fumee\/\",\"name\":\"Incendie \u00e0 Col\u00e9ah : des abris de fortune partent en fum\u00e9e | Guin\u00e9e Diversit\u00e9\",\"isPartOf\":{\"@id\":\"https:\/\/guineediversite.com\/#website\"},\"primaryImageOfPage\":{\"@id\":\"https:\/\/guineediversite.com\/index.php\/2020\/06\/03\/incendie-a-coleah-des-abris-de-fortune-partent-en-fumee\/#primaryimage\"},\"image\":{\"@id\":\"https:\/\/guineediversite.com\/index.php\/2020\/06\/03\/incendie-a-coleah-des-abris-de-fortune-partent-en-fumee\/#primaryimage\"},\"thumbnailUrl\":\"https:\/\/guineediversite.com\/wp-content\/uploads\/2020\/06\/IMG-20200603-WA0013.jpg\",\"datePublished\":\"2020-06-03T17:51:54+00:00\",\"dateModified\":\"2020-06-03T17:51:59+00:00\",\"breadcrumb\":{\"@id\":\"https:\/\/guineediversite.com\/index.php\/2020\/06\/03\/incendie-a-coleah-des-abris-de-fortune-partent-en-fumee\/#breadcrumb\"},\"inLanguage\":\"fr-FR\",\"potentialAction\":[{\"@type\":\"ReadAction\",\"target\":[\"https:\/\/guineediversite.com\/index.php\/2020\/06\/03\/incendie-a-coleah-des-abris-de-fortune-partent-en-fumee\/\"]}]},{\"@type\":\"ImageObject\",\"inLanguage\":\"fr-FR\",\"@id\":\"https:\/\/guineediversite.com\/index.php\/2020\/06\/03\/incendie-a-coleah-des-abris-de-fortune-partent-en-fumee\/#primaryimage\",\"url\":\"https:\/\/guineediversite.com\/wp-content\/uploads\/2020\/06\/IMG-20200603-WA0013.jpg\",\"contentUrl\":\"https:\/\/guineediversite.com\/wp-content\/uploads\/2020\/06\/IMG-20200603-WA0013.jpg\",\"width\":1500,\"height\":844},{\"@type\":\"BreadcrumbList\",\"@id\":\"https:\/\/guineediversite.com\/index.php\/2020\/06\/03\/incendie-a-coleah-des-abris-de-fortune-partent-en-fumee\/#breadcrumb\",\"itemListElement\":[{\"@type\":\"ListItem\",\"position\":1,\"name\":\"Accueil\",\"item\":\"https:\/\/guineediversite.com\/\"},{\"@type\":\"ListItem\",\"position\":2,\"name\":\"Incendie \u00e0 Col\u00e9ah : des abris de fortune partent en fum\u00e9e\"}]},{\"@type\":\"WebSite\",\"@id\":\"https:\/\/guineediversite.com\/#website\",\"url\":\"https:\/\/guineediversite.com\/\",\"name\":\"Guin\u00e9e Diversit\u00e9\",\"description\":\"L&#039;Info dans toute sa diversit\u00e9\",\"publisher\":{\"@id\":\"https:\/\/guineediversite.com\/#organization\"},\"potentialAction\":[{\"@type\":\"SearchAction\",\"target\":{\"@type\":\"EntryPoint\",\"urlTemplate\":\"https:\/\/guineediversite.com\/?s={search_term_string}\"},\"query-input\":{\"@type\":\"PropertyValueSpecification\",\"valueRequired\":true,\"valueName\":\"search_term_string\"}}],\"inLanguage\":\"fr-FR\"},{\"@type\":\"Organization\",\"@id\":\"https:\/\/guineediversite.com\/#organization\",\"name\":\"Guin\u00e9e Diversit\u00e9\",\"url\":\"https:\/\/guineediversite.com\/\",\"logo\":{\"@type\":\"ImageObject\",\"inLanguage\":\"fr-FR\",\"@id\":\"https:\/\/guineediversite.com\/#\/schema\/logo\/image\/\",\"url\":\"https:\/\/guineediversite.com\/wp-content\/uploads\/2017\/04\/cropped-1jojlxEOMkX9Wyqfhe43D6kjPOGqBBKmx3EwWJqZ0cMrFF54yM49.png\",\"contentUrl\":\"https:\/\/guineediversite.com\/wp-content\/uploads\/2017\/04\/cropped-1jojlxEOMkX9Wyqfhe43D6kjPOGqBBKmx3EwWJqZ0cMrFF54yM49.png\",\"width\":186,\"height\":112,\"caption\":\"Guin\u00e9e Diversit\u00e9\"},\"image\":{\"@id\":\"https:\/\/guineediversite.com\/#\/schema\/logo\/image\/\"},\"sameAs\":[\"https:\/\/www.facebook.com\/guineediversite\/\",\"https:\/\/x.com\/GuineeDiversite\",\"https:\/\/www.youtube.com\/channel\/UC8sUY16qelG5ge6_D5SB83g\"]},{\"@type\":\"Person\",\"@id\":\"https:\/\/guineediversite.com\/#\/schema\/person\/fa362494c47202ce4b3adf55abcc9d01\",\"name\":\"Morcire Camara\",\"image\":{\"@type\":\"ImageObject\",\"inLanguage\":\"fr-FR\",\"@id\":\"https:\/\/guineediversite.com\/#\/schema\/person\/image\/\",\"url\":\"https:\/\/secure.gravatar.com\/avatar\/3ec324f02295bbcebe03d99b39330ab4?s=96&d=mm&r=g\",\"contentUrl\":\"https:\/\/secure.gravatar.com\/avatar\/3ec324f02295bbcebe03d99b39330ab4?s=96&d=mm&r=g\",\"caption\":\"Morcire Camara\"},\"url\":\"https:\/\/guineediversite.com\/index.php\/author\/morcire\/\"}]}<\/script>\n<!-- \/ Yoast SEO plugin. -->","yoast_head_json":{"title":"Incendie \u00e0 Col\u00e9ah : des abris de fortune partent en fum\u00e9e | Guin\u00e9e Diversit\u00e9","robots":{"index":"index","follow":"follow","max-snippet":"max-snippet:-1","max-image-preview":"max-image-preview:large","max-video-preview":"max-video-preview:-1"},"canonical":"https:\/\/guineediversite.com\/index.php\/2020\/06\/03\/incendie-a-coleah-des-abris-de-fortune-partent-en-fumee\/","og_locale":"fr_FR","og_type":"article","og_title":"Incendie \u00e0 Col\u00e9ah : des abris de fortune partent en fum\u00e9e | Guin\u00e9e Diversit\u00e9","og_description":"Un incendie s\u2019est d\u00e9clench\u00e9 ce mercredi dans la matin\u00e9e dans la commune de Matam, pr\u00e9cis\u00e9ment \u00e0 Col\u00e9ah. Le feu a d\u00e9vast\u00e9 plusieurs abris de fortune, dans lesquels les p\u00e9cheurs \u00e9trangers et guin\u00e9ens demeuraient dans ce port artisanal. Kadiatou Ciss\u00e9 victime et t\u00e9moin de la sc\u00e8ne explique \u00ab C\u2019est aux environs de 10h \u00e0 11h qu\u2019on [&hellip;]","og_url":"https:\/\/guineediversite.com\/index.php\/2020\/06\/03\/incendie-a-coleah-des-abris-de-fortune-partent-en-fumee\/","og_site_name":"Guin\u00e9e Diversit\u00e9","article_publisher":"https:\/\/www.facebook.com\/guineediversite\/","article_published_time":"2020-06-03T17:51:54+00:00","article_modified_time":"2020-06-03T17:51:59+00:00","og_image":[{"width":1500,"height":844,"url":"https:\/\/guineediversite.com\/wp-content\/uploads\/2020\/06\/IMG-20200603-WA0013.jpg","type":"image\/jpeg"}],"author":"Morcire Camara","twitter_card":"summary_large_image","twitter_creator":"@GuineeDiversite","twitter_site":"@GuineeDiversite","twitter_misc":{"\u00c9crit par":"Morcire Camara","Dur\u00e9e de lecture estim\u00e9e":"1 minute"},"schema":{"@context":"https:\/\/schema.org","@graph":[{"@type":"Article","@id":"https:\/\/guineediversite.com\/index.php\/2020\/06\/03\/incendie-a-coleah-des-abris-de-fortune-partent-en-fumee\/#article","isPartOf":{"@id":"https:\/\/guineediversite.com\/index.php\/2020\/06\/03\/incendie-a-coleah-des-abris-de-fortune-partent-en-fumee\/"},"author":{"name":"Morcire Camara","@id":"https:\/\/guineediversite.com\/#\/schema\/person\/fa362494c47202ce4b3adf55abcc9d01"},"headline":"Incendie \u00e0 Col\u00e9ah : des abris de fortune partent en fum\u00e9e","datePublished":"2020-06-03T17:51:54+00:00","dateModified":"2020-06-03T17:51:59+00:00","mainEntityOfPage":{"@id":"https:\/\/guineediversite.com\/index.php\/2020\/06\/03\/incendie-a-coleah-des-abris-de-fortune-partent-en-fumee\/"},"wordCount":204,"publisher":{"@id":"https:\/\/guineediversite.com\/#organization"},"image":{"@id":"https:\/\/guineediversite.com\/index.php\/2020\/06\/03\/incendie-a-coleah-des-abris-de-fortune-partent-en-fumee\/#primaryimage"},"thumbnailUrl":"https:\/\/guineediversite.com\/wp-content\/uploads\/2020\/06\/IMG-20200603-WA0013.jpg","articleSection":["Soci\u00e9t\u00e9"],"inLanguage":"fr-FR"},{"@type":"WebPage","@id":"https:\/\/guineediversite.com\/index.php\/2020\/06\/03\/incendie-a-coleah-des-abris-de-fortune-partent-en-fumee\/","url":"https:\/\/guineediversite.com\/index.php\/2020\/06\/03\/incendie-a-coleah-des-abris-de-fortune-partent-en-fumee\/","name":"Incendie \u00e0 Col\u00e9ah : des abris de fortune partent en fum\u00e9e | Guin\u00e9e Diversit\u00e9","isPartOf":{"@id":"https:\/\/guineediversite.com\/#website"},"primaryImageOfPage":{"@id":"https:\/\/guineediversite.com\/index.php\/2020\/06\/03\/incendie-a-coleah-des-abris-de-fortune-partent-en-fumee\/#primaryimage"},"image":{"@id":"https:\/\/guineediversite.com\/index.php\/2020\/06\/03\/incendie-a-coleah-des-abris-de-fortune-partent-en-fumee\/#primaryimage"},"thumbnailUrl":"https:\/\/guineediversite.com\/wp-content\/uploads\/2020\/06\/IMG-20200603-WA0013.jpg","datePublished":"2020-06-03T17:51:54+00:00","dateModified":"2020-06-03T17:51:59+00:00","breadcrumb":{"@id":"https:\/\/guineediversite.com\/index.php\/2020\/06\/03\/incendie-a-coleah-des-abris-de-fortune-partent-en-fumee\/#breadcrumb"},"inLanguage":"fr-FR","potentialAction":[{"@type":"ReadAction","target":["https:\/\/guineediversite.com\/index.php\/2020\/06\/03\/incendie-a-coleah-des-abris-de-fortune-partent-en-fumee\/"]}]},{"@type":"ImageObject","inLanguage":"fr-FR","@id":"https:\/\/guineediversite.com\/index.php\/2020\/06\/03\/incendie-a-coleah-des-abris-de-fortune-partent-en-fumee\/#primaryimage","url":"https:\/\/guineediversite.com\/wp-content\/uploads\/2020\/06\/IMG-20200603-WA0013.jpg","contentUrl":"https:\/\/guineediversite.com\/wp-content\/uploads\/2020\/06\/IMG-20200603-WA0013.jpg","width":1500,"height":844},{"@type":"BreadcrumbList","@id":"https:\/\/guineediversite.com\/index.php\/2020\/06\/03\/incendie-a-coleah-des-abris-de-fortune-partent-en-fumee\/#breadcrumb","itemListElement":[{"@type":"ListItem","position":1,"name":"Accueil","item":"https:\/\/guineediversite.com\/"},{"@type":"ListItem","position":2,"name":"Incendie \u00e0 Col\u00e9ah : des abris de fortune partent en fum\u00e9e"}]},{"@type":"WebSite","@id":"https:\/\/guineediversite.com\/#website","url":"https:\/\/guineediversite.com\/","name":"Guin\u00e9e Diversit\u00e9","description":"L&#039;Info dans toute sa diversit\u00e9","publisher":{"@id":"https:\/\/guineediversite.com\/#organization"},"potentialAction":[{"@type":"SearchAction","target":{"@type":"EntryPoint","urlTemplate":"https:\/\/guineediversite.com\/?s={search_term_string}"},"query-input":{"@type":"PropertyValueSpecification","valueRequired":true,"valueName":"search_term_string"}}],"inLanguage":"fr-FR"},{"@type":"Organization","@id":"https:\/\/guineediversite.com\/#organization","name":"Guin\u00e9e Diversit\u00e9","url":"https:\/\/guineediversite.com\/","logo":{"@type":"ImageObject","inLanguage":"fr-FR","@id":"https:\/\/guineediversite.com\/#\/schema\/logo\/image\/","url":"https:\/\/guineediversite.com\/wp-content\/uploads\/2017\/04\/cropped-1jojlxEOMkX9Wyqfhe43D6kjPOGqBBKmx3EwWJqZ0cMrFF54yM49.png","contentUrl":"https:\/\/guineediversite.com\/wp-content\/uploads\/2017\/04\/cropped-1jojlxEOMkX9Wyqfhe43D6kjPOGqBBKmx3EwWJqZ0cMrFF54yM49.png","width":186,"height":112,"caption":"Guin\u00e9e Diversit\u00e9"},"image":{"@id":"https:\/\/guineediversite.com\/#\/schema\/logo\/image\/"},"sameAs":["https:\/\/www.facebook.com\/guineediversite\/","https:\/\/x.com\/GuineeDiversite","https:\/\/www.youtube.com\/channel\/UC8sUY16qelG5ge6_D5SB83g"]},{"@type":"Person","@id":"https:\/\/guineediversite.com\/#\/schema\/person\/fa362494c47202ce4b3adf55abcc9d01","name":"Morcire Camara","image":{"@type":"ImageObject","inLanguage":"fr-FR","@id":"https:\/\/guineediversite.com\/#\/schema\/person\/image\/","url":"https:\/\/secure.gravatar.com\/avatar\/3ec324f02295bbcebe03d99b39330ab4?s=96&d=mm&r=g","contentUrl":"https:\/\/secure.gravatar.com\/avatar\/3ec324f02295bbcebe03d99b39330ab4?s=96&d=mm&r=g","caption":"Morcire Camara"},"url":"https:\/\/guineediversite.com\/index.php\/author\/morcire\/"}]}},"_links":{"self":[{"href":"https:\/\/guineediversite.com\/index.php\/wp-json\/wp\/v2\/posts\/29385"}],"collection":[{"href":"https:\/\/guineediversite.com\/index.php\/wp-json\/wp\/v2\/posts"}],"about":[{"href":"https:\/\/guineediversite.com\/index.php\/wp-json\/wp\/v2\/types\/post"}],"author":[{"embeddable":true,"href":"https:\/\/guineediversite.com\/index.php\/wp-json\/wp\/v2\/users\/10"}],"replies":[{"embeddable":true,"href":"https:\/\/guineediversite.com\/index.php\/wp-json\/wp\/v2\/comments?post=29385"}],"version-history":[{"count":1,"href":"https:\/\/guineediversite.com\/index.php\/wp-json\/wp\/v2\/posts\/29385\/revisions"}],"predecessor-version":[{"id":29390,"href":"https:\/\/guineediversite.com\/index.php\/wp-json\/wp\/v2\/posts\/29385\/revisions\/29390"}],"wp:featuredmedia":[{"embeddable":true,"href":"https:\/\/guineediversite.com\/index.php\/wp-json\/wp\/v2\/media\/29389"}],"wp:attachment":[{"href":"https:\/\/guineediversite.com\/index.php\/wp-json\/wp\/v2\/media?parent=29385"}],"wp:term":[{"taxonomy":"category","embeddable":true,"href":"https:\/\/guineediversite.com\/index.php\/wp-json\/wp\/v2\/categories?post=29385"},{"taxonomy":"post_tag","embeddable":true,"href":"https:\/\/guineediversite.com\/index.php\/wp-json\/wp\/v2\/tags?post=29385"}],"curies":[{"name":"wp","href":"https:\/\/api.w.org\/{rel}","templated":true}]}}