{"id":29382,"date":"2020-06-03T12:29:41","date_gmt":"2020-06-03T10:29:41","guid":{"rendered":"https:\/\/guineediversite.com\/?p=29382"},"modified":"2020-06-03T12:29:51","modified_gmt":"2020-06-03T10:29:51","slug":"etats-unis-une-foule-immense-a-houston-pour-rendre-hommage-a-george-floyd","status":"publish","type":"post","link":"https:\/\/guineediversite.com\/index.php\/2020\/06\/03\/etats-unis-une-foule-immense-a-houston-pour-rendre-hommage-a-george-floyd\/","title":{"rendered":"\u00c9tats-Unis: une foule immense \u00e0 Houston pour rendre hommage \u00e0 George Floyd"},"content":{"rendered":"\n<p>La marche organis\u00e9e en m\u00e9moire de George Floyd, mort asphyxi\u00e9 par un policier, a rassembl\u00e9 60 00 personnes. Un chiffre impressionnant pour cette ville du Texas. Le cort\u00e8ge \u00e9tait men\u00e9e par la famille de celui qui a grandit \u00e0 Houston.<\/p>\n\n\n\n<p>Ils sont nombreux \u00e0 porter des t-shirts \u00e0 l\u2019effigie de <a href=\"http:\/\/www.rfi.fr\/fr\/am\u00e9riques\/20200601-etats-unis-autopsie-officielle-mort-george-floyd-homicide-asphyxie\" target=\"_blank\" rel=\"noreferrer noopener\"><strong>George Floyd<\/strong><\/a>, avec ses mots : \u00ab&nbsp;<em>I can\u2019 t breathe [Je ne peux pas respirer]<\/em>&nbsp;\u00bb. Dans la foule \u00e0 pieds ou \u00e0 cheval, des Afro-Am\u00e9ricains, mais aussi des Latinos et des Asiatiques, rapporte notre envoy\u00e9 sp\u00e9cial \u00e0 Houston, <strong>Thomas Harms.<\/strong><\/p>\n\n\n\n<p>\u00ab&nbsp;<em>\u00c7a m\u2019a vraiment surpris, mais aussi rempli de beaucoup d\u2019\u00e9motion de voir autant de monde, <\/em>confie un jeune homme. <em>Des gens de couleurs, des Latinos, des Asiatiques. Et c\u2019est bien de voir qu\u2019une ville aussi diverse que Houston est unie.<\/em>&nbsp;\u00bb<\/p>\n\n\n\n<p>Plusieurs sh\u00e9riffs marchent avec la foule. Des <a href=\"http:\/\/www.rfi.fr\/fr\/am\u00e9riques\/20200602-mort-george-floyd-nombreux-policiers-montrent-solidaires-protestataires\" target=\"_blank\" rel=\"noreferrer noopener\"><strong>policiers l\u00e8vent le pouce en soutien<\/strong><\/a>. Le chef de la police de Houston, Art Acevedo, s&rsquo;agenouille avec les manifestants. M\u00eame Will Hurd, le seul \u00e9lu r\u00e9publicain noir au congr\u00e8s am\u00e9ricain, est pr\u00e9sent dans la foule.<\/p>\n\n\n\n<p>Arriv\u00e9s devant la mairie de la ville, les milliers de personnes \u00e9coutent la famille. \u00ab&nbsp;<em>Jamais je n\u2019aurais pens\u00e9 qu&rsquo;on aurait autant de monde pour mon fr\u00e8re, <\/em>d\u00e9clare Philonyse Floyd, le fr\u00e8re de George. <em>Je ne serais pas ici si vous n\u2019\u00e9tiez pas la. Je serais chez moi en \u00e9tat de choc sur ma chaise. Je suis bless\u00e9. J\u2019aime mon fr\u00e8re.<\/em>&nbsp;\u00bb<\/p>\n\n\n\n<p><strong>R\u00e9forme de la police<\/strong><\/p>\n\n\n\n<p>Apr\u00e8s lui, l\u2019avocat de la famille Floyd, Lee Merritt, se montre d\u00e9termin\u00e9 : \u00ab&nbsp;<em>On doit emmener ce combat \u00e0 Washington DC. On appelle \u00e0 la cr\u00e9ation d\u2019une loi George Floyd de r\u00e9fome de la police. Et nous ne nous arr\u00eaterons pas de protester, ni de nous battre tant que cela n\u2019arrivera pas.<\/em>&nbsp;\u00bb<\/p>\n\n\n\n<p>La lutte est titanesque tant elle remet en cause tout le syst\u00e8me de maintien de l&rsquo;ordre dans le pays. Car, selon Human Rights Watch, qui se fonde sur les statistiques de ces trois derni\u00e8res ann\u00e9es, ce syst\u00e8me n&rsquo;accorde pas la m\u00eame valeur \u00e0 toutes les vies humaines.<\/p>\n\n\n\n<p><strong>Maltraitance des Afro-Am\u00e9ricains<\/strong><\/p>\n\n\n\n<p>\u00ab&nbsp;<em>Aux \u00c9tats-Unis, la police tue environ 1 000 personnes par an, ce qui fait beaucoup,<\/em> rappelle Kenneth Roth, le directeur ex\u00e9cutif de l&rsquo;ONG, au micro de <strong>Marie Normand,<\/strong> journaliste au service international de RFI. <em>Mais il faut aussi observer cela sous l\u2019angle racial. Ces trois derni\u00e8res ann\u00e9es, m\u00eame si les Afro-Am\u00e9ricains ne repr\u00e9sentent qu\u2019environ 13 % de la population aux \u00c9tats-Unis, ils repr\u00e9sentent 25 % des personnes tu\u00e9es par la police, soit pr\u00e8s du double. C\u2019est m\u00eame pire si l\u2019on ne prend que les personnes tu\u00e9es qui n\u2019\u00e9taient pas arm\u00e9es&nbsp;: environ 37 % de Noirs.<\/em>&nbsp;\u00bb<\/p>\n\n\n\n<p>Comment inverser la tendance ? \u00ab&nbsp;<em>L\u2019impunit\u00e9 avec laquelle les policiers op\u00e8rent doit \u00eatre examin\u00e9e,<\/em> poursuit Kenneth Roth. <em>Il y a tr\u00e8s peu de poursuites. Mais le traitement r\u00e9serv\u00e9 aux Afro-Am\u00e9ricains par la police n\u2019est qu\u2019une partie du probl\u00e8me, une partie du traitement que leur r\u00e9serve le syst\u00e8me politique am\u00e9ricain. On peut \u00e9voquer le sous-financement de l\u2019acc\u00e8s aux soins basiques de sant\u00e9. C\u2019est l\u2019un des facteurs qui expliquent pourquoi le taux de mortalit\u00e9 li\u00e9 \u00e0 la pand\u00e9mie de coronavirus a \u00e9t\u00e9 <a href=\"http:\/\/www.rfi.fr\/fr\/\u00e9conomie\/20200602-coronavirus-les-travailleurs-afro-am\u00e9ricains-durement-\u00e9prouv\u00e9s\" target=\"_blank\" rel=\"noreferrer noopener\"><strong>si \u00e9lev\u00e9 parmi les Afro-Am\u00e9ricains<\/strong><\/a>. Et c\u2019est pourquoi le meurtre de George Floyd a d\u00e9clench\u00e9 une telle animosit\u00e9 \u00e0 travers le monde&nbsp;: il refl\u00e8te vraiment la maltraitance d\u2019un syst\u00e8me plus large.<\/em>&nbsp;\u00bb<\/p>\n\n\n\n<p><strong>La crainte de la division entretenue par Donald Trump<\/strong><\/p>\n\n\n\n<p>Pour de nombreux manifestants dans la rue \u00e0 Houston, il faut maintenant un changement en profondeur. Mais aussi un changement qui passera par les urnes en novembre prochain.<\/p>\n\n\n\n<p>Or nombre d&rsquo;analystes aux \u00c9tats-Unis observent avec une inqui\u00e9tude grandissante les <a href=\"http:\/\/www.rfi.fr\/fr\/am\u00e9riques\/20200602-manifestations-\u00e9tats-unis-george-floyd-donald-trump-mani\u00e8re-forte\" target=\"_blank\" rel=\"noreferrer noopener\"><strong>menaces brandies par Donald Trump <\/strong><\/a>envers les manifestations contre les violences polici\u00e8res, le racisme et les in\u00e9galit\u00e9s dans le pays. C&rsquo;est ce que soul\u00e8ve Dick Howard, professeur \u00e9m\u00e9rite en philosophie politique \u00e0 l&rsquo;Universit\u00e9 de Stony Brook \u00e0 New York, joint par <strong>Stefanie Sch\u00fcler, <\/strong>du service international de RFI.<\/p>\n\n\n\n<p>\u00ab&nbsp;<em>Je l&rsquo;avoue : j&rsquo;ai peur. Je ne vois pas comment on peut s&rsquo;en sortir avec ce pr\u00e9sident et une telle division du pays, <\/em>s&rsquo;inqui\u00e8te Dick Howard. <em>Ce pr\u00e9sident sait qu&rsquo;il souffre de forts d\u00e9savantages dans la campagne \u00e9lectorale. Il ne comprend pas et il n&rsquo;a pas de respect pour la constitution, pour l&rsquo;id\u00e9e de la s\u00e9paration des pouvoirs, n\u00e9cessaire \u00e0 la gouvernance d&rsquo;une r\u00e9publique. Je crains qu&rsquo;il outrepasse ses propres comp\u00e9tences. D&rsquo;autre part, \u00e0 supposer qu&rsquo;il ne soit pas r\u00e9\u00e9lu [\u00e0 l&rsquo;\u00e9lection pr\u00e9sidentielle du 3 novembre prochain], je ne sais pas ce que feraient ses partisans : les trumpistes sont de plus en plus chauff\u00e9s \u00e0 blanc. Qu&rsquo;est-ce que cela peut donner d&rsquo;ici novembre ? J&rsquo;ai de fortes craintes.<\/em>&nbsp;\u00bb<\/p>\n\n\n\n<p>Pour l&rsquo;instant, les menaces de Donald Trump n&#8217;emp\u00eachent pas la mobilisation dans le pays. Outre Houston, \u00e0 Los Angeles, le maire Eric Garcetti a pos\u00e9 avec des policiers un genou \u00e0 terre, symbole depuis 2016 de la d\u00e9nonciation des violences polici\u00e8res contre la minorit\u00e9 afro-am\u00e9ricaine.<\/p>\n\n\n\n<p>\u00c0 Washington, plusieurs milliers de personnes, dont la s\u00e9natrice d\u00e9mocrate Elizabeth Warren, ont manifest\u00e9 jusque tard dans la soir\u00e9e ce mardi, bravant le couvre-feu d\u00e9cr\u00e9t\u00e9 par la municipalit\u00e9 \u00e0 partir de 19h. Les abords de la Maison Blanche ont \u00e9t\u00e9 bloqu\u00e9s par des barri\u00e8res de m\u00e9tal, emp\u00eachant toute confrontation directe avec les forces de l&rsquo;ordre.<\/p>\n\n\n\n<p><strong>RFI<\/strong><\/p>\n","protected":false},"excerpt":{"rendered":"<p>La marche organis\u00e9e en m\u00e9moire de George Floyd, mort asphyxi\u00e9 par un policier, a rassembl\u00e9 60 00 personnes. Un chiffre impressionnant pour cette ville du Texas. Le cort\u00e8ge \u00e9tait men\u00e9e par la famille de celui qui a grandit \u00e0 Houston. Ils sont nombreux \u00e0 porter des t-shirts \u00e0 l\u2019effigie de George Floyd, avec ses mots [&hellip;]<\/p>\n","protected":false},"author":12,"featured_media":29383,"comment_status":"closed","ping_status":"closed","sticky":false,"template":"","format":"standard","meta":{"_exactmetrics_skip_tracking":false,"_exactmetrics_sitenote_active":false,"_exactmetrics_sitenote_note":"","_exactmetrics_sitenote_category":0,"tdm_status":"","tdm_grid_status":"","footnotes":""},"categories":[21],"tags":[],"class_list":{"0":"post-29382","1":"post","2":"type-post","3":"status-publish","4":"format-standard","5":"has-post-thumbnail","7":"category-international"},"yoast_head":"<!-- This site is optimized with the Yoast SEO plugin v24.2 - https:\/\/yoast.com\/wordpress\/plugins\/seo\/ -->\n<title>\u00c9tats-Unis: une foule immense \u00e0 Houston pour rendre hommage \u00e0 George Floyd | Guin\u00e9e Diversit\u00e9<\/title>\n<meta name=\"robots\" content=\"index, follow, max-snippet:-1, max-image-preview:large, max-video-preview:-1\" \/>\n<link rel=\"canonical\" href=\"https:\/\/guineediversite.com\/index.php\/2020\/06\/03\/etats-unis-une-foule-immense-a-houston-pour-rendre-hommage-a-george-floyd\/\" \/>\n<meta property=\"og:locale\" content=\"fr_FR\" \/>\n<meta property=\"og:type\" content=\"article\" \/>\n<meta property=\"og:title\" content=\"\u00c9tats-Unis: une foule immense \u00e0 Houston pour rendre hommage \u00e0 George Floyd | Guin\u00e9e Diversit\u00e9\" \/>\n<meta property=\"og:description\" content=\"La marche organis\u00e9e en m\u00e9moire de George Floyd, mort asphyxi\u00e9 par un policier, a rassembl\u00e9 60 00 personnes. Un chiffre impressionnant pour cette ville du Texas. Le cort\u00e8ge \u00e9tait men\u00e9e par la famille de celui qui a grandit \u00e0 Houston. Ils sont nombreux \u00e0 porter des t-shirts \u00e0 l\u2019effigie de George Floyd, avec ses mots [&hellip;]\" \/>\n<meta property=\"og:url\" content=\"https:\/\/guineediversite.com\/index.php\/2020\/06\/03\/etats-unis-une-foule-immense-a-houston-pour-rendre-hommage-a-george-floyd\/\" \/>\n<meta property=\"og:site_name\" content=\"Guin\u00e9e Diversit\u00e9\" \/>\n<meta property=\"article:publisher\" content=\"https:\/\/www.facebook.com\/guineediversite\/\" \/>\n<meta property=\"article:published_time\" content=\"2020-06-03T10:29:41+00:00\" \/>\n<meta property=\"article:modified_time\" content=\"2020-06-03T10:29:51+00:00\" \/>\n<meta property=\"og:image\" content=\"https:\/\/guineediversite.com\/wp-content\/uploads\/2020\/06\/Des-dizaines-de-milliers-de-personnes-ont-particip\u00e9-\u00e0-la-marche-en-hommage-\u00e0-George-Floyd-\u00e0-Houston.jpg\" \/>\n\t<meta property=\"og:image:width\" content=\"1500\" \/>\n\t<meta property=\"og:image:height\" content=\"843\" \/>\n\t<meta property=\"og:image:type\" content=\"image\/jpeg\" \/>\n<meta name=\"author\" content=\"Guin\u00e9e Diversit\u00e9\" \/>\n<meta name=\"twitter:card\" content=\"summary_large_image\" \/>\n<meta name=\"twitter:creator\" content=\"@GuineeDiversite\" \/>\n<meta name=\"twitter:site\" content=\"@GuineeDiversite\" \/>\n<meta name=\"twitter:label1\" content=\"\u00c9crit par\" \/>\n\t<meta name=\"twitter:data1\" content=\"Guin\u00e9e Diversit\u00e9\" \/>\n\t<meta name=\"twitter:label2\" content=\"Dur\u00e9e de lecture estim\u00e9e\" \/>\n\t<meta name=\"twitter:data2\" content=\"5 minutes\" \/>\n<script type=\"application\/ld+json\" class=\"yoast-schema-graph\">{\"@context\":\"https:\/\/schema.org\",\"@graph\":[{\"@type\":\"Article\",\"@id\":\"https:\/\/guineediversite.com\/index.php\/2020\/06\/03\/etats-unis-une-foule-immense-a-houston-pour-rendre-hommage-a-george-floyd\/#article\",\"isPartOf\":{\"@id\":\"https:\/\/guineediversite.com\/index.php\/2020\/06\/03\/etats-unis-une-foule-immense-a-houston-pour-rendre-hommage-a-george-floyd\/\"},\"author\":{\"name\":\"Guin\u00e9e Diversit\u00e9\",\"@id\":\"https:\/\/guineediversite.com\/#\/schema\/person\/afa08fb34e7fc6e1feafc892612bc836\"},\"headline\":\"\u00c9tats-Unis: une foule immense \u00e0 Houston pour rendre hommage \u00e0 George Floyd\",\"datePublished\":\"2020-06-03T10:29:41+00:00\",\"dateModified\":\"2020-06-03T10:29:51+00:00\",\"mainEntityOfPage\":{\"@id\":\"https:\/\/guineediversite.com\/index.php\/2020\/06\/03\/etats-unis-une-foule-immense-a-houston-pour-rendre-hommage-a-george-floyd\/\"},\"wordCount\":985,\"publisher\":{\"@id\":\"https:\/\/guineediversite.com\/#organization\"},\"image\":{\"@id\":\"https:\/\/guineediversite.com\/index.php\/2020\/06\/03\/etats-unis-une-foule-immense-a-houston-pour-rendre-hommage-a-george-floyd\/#primaryimage\"},\"thumbnailUrl\":\"https:\/\/guineediversite.com\/wp-content\/uploads\/2020\/06\/Des-dizaines-de-milliers-de-personnes-ont-particip\u00e9-\u00e0-la-marche-en-hommage-\u00e0-George-Floyd-\u00e0-Houston.jpg\",\"articleSection\":[\"International\"],\"inLanguage\":\"fr-FR\"},{\"@type\":\"WebPage\",\"@id\":\"https:\/\/guineediversite.com\/index.php\/2020\/06\/03\/etats-unis-une-foule-immense-a-houston-pour-rendre-hommage-a-george-floyd\/\",\"url\":\"https:\/\/guineediversite.com\/index.php\/2020\/06\/03\/etats-unis-une-foule-immense-a-houston-pour-rendre-hommage-a-george-floyd\/\",\"name\":\"\u00c9tats-Unis: une foule immense \u00e0 Houston pour rendre hommage \u00e0 George Floyd | Guin\u00e9e Diversit\u00e9\",\"isPartOf\":{\"@id\":\"https:\/\/guineediversite.com\/#website\"},\"primaryImageOfPage\":{\"@id\":\"https:\/\/guineediversite.com\/index.php\/2020\/06\/03\/etats-unis-une-foule-immense-a-houston-pour-rendre-hommage-a-george-floyd\/#primaryimage\"},\"image\":{\"@id\":\"https:\/\/guineediversite.com\/index.php\/2020\/06\/03\/etats-unis-une-foule-immense-a-houston-pour-rendre-hommage-a-george-floyd\/#primaryimage\"},\"thumbnailUrl\":\"https:\/\/guineediversite.com\/wp-content\/uploads\/2020\/06\/Des-dizaines-de-milliers-de-personnes-ont-particip\u00e9-\u00e0-la-marche-en-hommage-\u00e0-George-Floyd-\u00e0-Houston.jpg\",\"datePublished\":\"2020-06-03T10:29:41+00:00\",\"dateModified\":\"2020-06-03T10:29:51+00:00\",\"breadcrumb\":{\"@id\":\"https:\/\/guineediversite.com\/index.php\/2020\/06\/03\/etats-unis-une-foule-immense-a-houston-pour-rendre-hommage-a-george-floyd\/#breadcrumb\"},\"inLanguage\":\"fr-FR\",\"potentialAction\":[{\"@type\":\"ReadAction\",\"target\":[\"https:\/\/guineediversite.com\/index.php\/2020\/06\/03\/etats-unis-une-foule-immense-a-houston-pour-rendre-hommage-a-george-floyd\/\"]}]},{\"@type\":\"ImageObject\",\"inLanguage\":\"fr-FR\",\"@id\":\"https:\/\/guineediversite.com\/index.php\/2020\/06\/03\/etats-unis-une-foule-immense-a-houston-pour-rendre-hommage-a-george-floyd\/#primaryimage\",\"url\":\"https:\/\/guineediversite.com\/wp-content\/uploads\/2020\/06\/Des-dizaines-de-milliers-de-personnes-ont-particip\u00e9-\u00e0-la-marche-en-hommage-\u00e0-George-Floyd-\u00e0-Houston.jpg\",\"contentUrl\":\"https:\/\/guineediversite.com\/wp-content\/uploads\/2020\/06\/Des-dizaines-de-milliers-de-personnes-ont-particip\u00e9-\u00e0-la-marche-en-hommage-\u00e0-George-Floyd-\u00e0-Houston.jpg\",\"width\":1500,\"height\":843},{\"@type\":\"BreadcrumbList\",\"@id\":\"https:\/\/guineediversite.com\/index.php\/2020\/06\/03\/etats-unis-une-foule-immense-a-houston-pour-rendre-hommage-a-george-floyd\/#breadcrumb\",\"itemListElement\":[{\"@type\":\"ListItem\",\"position\":1,\"name\":\"Accueil\",\"item\":\"https:\/\/guineediversite.com\/\"},{\"@type\":\"ListItem\",\"position\":2,\"name\":\"\u00c9tats-Unis: une foule immense \u00e0 Houston pour rendre hommage \u00e0 George Floyd\"}]},{\"@type\":\"WebSite\",\"@id\":\"https:\/\/guineediversite.com\/#website\",\"url\":\"https:\/\/guineediversite.com\/\",\"name\":\"Guin\u00e9e Diversit\u00e9\",\"description\":\"L&#039;Info dans toute sa diversit\u00e9\",\"publisher\":{\"@id\":\"https:\/\/guineediversite.com\/#organization\"},\"potentialAction\":[{\"@type\":\"SearchAction\",\"target\":{\"@type\":\"EntryPoint\",\"urlTemplate\":\"https:\/\/guineediversite.com\/?s={search_term_string}\"},\"query-input\":{\"@type\":\"PropertyValueSpecification\",\"valueRequired\":true,\"valueName\":\"search_term_string\"}}],\"inLanguage\":\"fr-FR\"},{\"@type\":\"Organization\",\"@id\":\"https:\/\/guineediversite.com\/#organization\",\"name\":\"Guin\u00e9e Diversit\u00e9\",\"url\":\"https:\/\/guineediversite.com\/\",\"logo\":{\"@type\":\"ImageObject\",\"inLanguage\":\"fr-FR\",\"@id\":\"https:\/\/guineediversite.com\/#\/schema\/logo\/image\/\",\"url\":\"https:\/\/guineediversite.com\/wp-content\/uploads\/2017\/04\/cropped-1jojlxEOMkX9Wyqfhe43D6kjPOGqBBKmx3EwWJqZ0cMrFF54yM49.png\",\"contentUrl\":\"https:\/\/guineediversite.com\/wp-content\/uploads\/2017\/04\/cropped-1jojlxEOMkX9Wyqfhe43D6kjPOGqBBKmx3EwWJqZ0cMrFF54yM49.png\",\"width\":186,\"height\":112,\"caption\":\"Guin\u00e9e Diversit\u00e9\"},\"image\":{\"@id\":\"https:\/\/guineediversite.com\/#\/schema\/logo\/image\/\"},\"sameAs\":[\"https:\/\/www.facebook.com\/guineediversite\/\",\"https:\/\/x.com\/GuineeDiversite\",\"https:\/\/www.youtube.com\/channel\/UC8sUY16qelG5ge6_D5SB83g\"]},{\"@type\":\"Person\",\"@id\":\"https:\/\/guineediversite.com\/#\/schema\/person\/afa08fb34e7fc6e1feafc892612bc836\",\"name\":\"Guin\u00e9e Diversit\u00e9\",\"image\":{\"@type\":\"ImageObject\",\"inLanguage\":\"fr-FR\",\"@id\":\"https:\/\/guineediversite.com\/#\/schema\/person\/image\/\",\"url\":\"https:\/\/secure.gravatar.com\/avatar\/50d5eb5b390f8b65ac30ac6f898eb83a?s=96&d=mm&r=g\",\"contentUrl\":\"https:\/\/secure.gravatar.com\/avatar\/50d5eb5b390f8b65ac30ac6f898eb83a?s=96&d=mm&r=g\",\"caption\":\"Guin\u00e9e Diversit\u00e9\"},\"url\":\"https:\/\/guineediversite.com\/index.php\/author\/guineediversite\/\"}]}<\/script>\n<!-- \/ Yoast SEO plugin. -->","yoast_head_json":{"title":"\u00c9tats-Unis: une foule immense \u00e0 Houston pour rendre hommage \u00e0 George Floyd | Guin\u00e9e Diversit\u00e9","robots":{"index":"index","follow":"follow","max-snippet":"max-snippet:-1","max-image-preview":"max-image-preview:large","max-video-preview":"max-video-preview:-1"},"canonical":"https:\/\/guineediversite.com\/index.php\/2020\/06\/03\/etats-unis-une-foule-immense-a-houston-pour-rendre-hommage-a-george-floyd\/","og_locale":"fr_FR","og_type":"article","og_title":"\u00c9tats-Unis: une foule immense \u00e0 Houston pour rendre hommage \u00e0 George Floyd | Guin\u00e9e Diversit\u00e9","og_description":"La marche organis\u00e9e en m\u00e9moire de George Floyd, mort asphyxi\u00e9 par un policier, a rassembl\u00e9 60 00 personnes. Un chiffre impressionnant pour cette ville du Texas. Le cort\u00e8ge \u00e9tait men\u00e9e par la famille de celui qui a grandit \u00e0 Houston. Ils sont nombreux \u00e0 porter des t-shirts \u00e0 l\u2019effigie de George Floyd, avec ses mots [&hellip;]","og_url":"https:\/\/guineediversite.com\/index.php\/2020\/06\/03\/etats-unis-une-foule-immense-a-houston-pour-rendre-hommage-a-george-floyd\/","og_site_name":"Guin\u00e9e Diversit\u00e9","article_publisher":"https:\/\/www.facebook.com\/guineediversite\/","article_published_time":"2020-06-03T10:29:41+00:00","article_modified_time":"2020-06-03T10:29:51+00:00","og_image":[{"width":1500,"height":843,"url":"https:\/\/guineediversite.com\/wp-content\/uploads\/2020\/06\/Des-dizaines-de-milliers-de-personnes-ont-particip\u00e9-\u00e0-la-marche-en-hommage-\u00e0-George-Floyd-\u00e0-Houston.jpg","type":"image\/jpeg"}],"author":"Guin\u00e9e Diversit\u00e9","twitter_card":"summary_large_image","twitter_creator":"@GuineeDiversite","twitter_site":"@GuineeDiversite","twitter_misc":{"\u00c9crit par":"Guin\u00e9e Diversit\u00e9","Dur\u00e9e de lecture estim\u00e9e":"5 minutes"},"schema":{"@context":"https:\/\/schema.org","@graph":[{"@type":"Article","@id":"https:\/\/guineediversite.com\/index.php\/2020\/06\/03\/etats-unis-une-foule-immense-a-houston-pour-rendre-hommage-a-george-floyd\/#article","isPartOf":{"@id":"https:\/\/guineediversite.com\/index.php\/2020\/06\/03\/etats-unis-une-foule-immense-a-houston-pour-rendre-hommage-a-george-floyd\/"},"author":{"name":"Guin\u00e9e Diversit\u00e9","@id":"https:\/\/guineediversite.com\/#\/schema\/person\/afa08fb34e7fc6e1feafc892612bc836"},"headline":"\u00c9tats-Unis: une foule immense \u00e0 Houston pour rendre hommage \u00e0 George Floyd","datePublished":"2020-06-03T10:29:41+00:00","dateModified":"2020-06-03T10:29:51+00:00","mainEntityOfPage":{"@id":"https:\/\/guineediversite.com\/index.php\/2020\/06\/03\/etats-unis-une-foule-immense-a-houston-pour-rendre-hommage-a-george-floyd\/"},"wordCount":985,"publisher":{"@id":"https:\/\/guineediversite.com\/#organization"},"image":{"@id":"https:\/\/guineediversite.com\/index.php\/2020\/06\/03\/etats-unis-une-foule-immense-a-houston-pour-rendre-hommage-a-george-floyd\/#primaryimage"},"thumbnailUrl":"https:\/\/guineediversite.com\/wp-content\/uploads\/2020\/06\/Des-dizaines-de-milliers-de-personnes-ont-particip\u00e9-\u00e0-la-marche-en-hommage-\u00e0-George-Floyd-\u00e0-Houston.jpg","articleSection":["International"],"inLanguage":"fr-FR"},{"@type":"WebPage","@id":"https:\/\/guineediversite.com\/index.php\/2020\/06\/03\/etats-unis-une-foule-immense-a-houston-pour-rendre-hommage-a-george-floyd\/","url":"https:\/\/guineediversite.com\/index.php\/2020\/06\/03\/etats-unis-une-foule-immense-a-houston-pour-rendre-hommage-a-george-floyd\/","name":"\u00c9tats-Unis: une foule immense \u00e0 Houston pour rendre hommage \u00e0 George Floyd | Guin\u00e9e Diversit\u00e9","isPartOf":{"@id":"https:\/\/guineediversite.com\/#website"},"primaryImageOfPage":{"@id":"https:\/\/guineediversite.com\/index.php\/2020\/06\/03\/etats-unis-une-foule-immense-a-houston-pour-rendre-hommage-a-george-floyd\/#primaryimage"},"image":{"@id":"https:\/\/guineediversite.com\/index.php\/2020\/06\/03\/etats-unis-une-foule-immense-a-houston-pour-rendre-hommage-a-george-floyd\/#primaryimage"},"thumbnailUrl":"https:\/\/guineediversite.com\/wp-content\/uploads\/2020\/06\/Des-dizaines-de-milliers-de-personnes-ont-particip\u00e9-\u00e0-la-marche-en-hommage-\u00e0-George-Floyd-\u00e0-Houston.jpg","datePublished":"2020-06-03T10:29:41+00:00","dateModified":"2020-06-03T10:29:51+00:00","breadcrumb":{"@id":"https:\/\/guineediversite.com\/index.php\/2020\/06\/03\/etats-unis-une-foule-immense-a-houston-pour-rendre-hommage-a-george-floyd\/#breadcrumb"},"inLanguage":"fr-FR","potentialAction":[{"@type":"ReadAction","target":["https:\/\/guineediversite.com\/index.php\/2020\/06\/03\/etats-unis-une-foule-immense-a-houston-pour-rendre-hommage-a-george-floyd\/"]}]},{"@type":"ImageObject","inLanguage":"fr-FR","@id":"https:\/\/guineediversite.com\/index.php\/2020\/06\/03\/etats-unis-une-foule-immense-a-houston-pour-rendre-hommage-a-george-floyd\/#primaryimage","url":"https:\/\/guineediversite.com\/wp-content\/uploads\/2020\/06\/Des-dizaines-de-milliers-de-personnes-ont-particip\u00e9-\u00e0-la-marche-en-hommage-\u00e0-George-Floyd-\u00e0-Houston.jpg","contentUrl":"https:\/\/guineediversite.com\/wp-content\/uploads\/2020\/06\/Des-dizaines-de-milliers-de-personnes-ont-particip\u00e9-\u00e0-la-marche-en-hommage-\u00e0-George-Floyd-\u00e0-Houston.jpg","width":1500,"height":843},{"@type":"BreadcrumbList","@id":"https:\/\/guineediversite.com\/index.php\/2020\/06\/03\/etats-unis-une-foule-immense-a-houston-pour-rendre-hommage-a-george-floyd\/#breadcrumb","itemListElement":[{"@type":"ListItem","position":1,"name":"Accueil","item":"https:\/\/guineediversite.com\/"},{"@type":"ListItem","position":2,"name":"\u00c9tats-Unis: une foule immense \u00e0 Houston pour rendre hommage \u00e0 George Floyd"}]},{"@type":"WebSite","@id":"https:\/\/guineediversite.com\/#website","url":"https:\/\/guineediversite.com\/","name":"Guin\u00e9e Diversit\u00e9","description":"L&#039;Info dans toute sa diversit\u00e9","publisher":{"@id":"https:\/\/guineediversite.com\/#organization"},"potentialAction":[{"@type":"SearchAction","target":{"@type":"EntryPoint","urlTemplate":"https:\/\/guineediversite.com\/?s={search_term_string}"},"query-input":{"@type":"PropertyValueSpecification","valueRequired":true,"valueName":"search_term_string"}}],"inLanguage":"fr-FR"},{"@type":"Organization","@id":"https:\/\/guineediversite.com\/#organization","name":"Guin\u00e9e Diversit\u00e9","url":"https:\/\/guineediversite.com\/","logo":{"@type":"ImageObject","inLanguage":"fr-FR","@id":"https:\/\/guineediversite.com\/#\/schema\/logo\/image\/","url":"https:\/\/guineediversite.com\/wp-content\/uploads\/2017\/04\/cropped-1jojlxEOMkX9Wyqfhe43D6kjPOGqBBKmx3EwWJqZ0cMrFF54yM49.png","contentUrl":"https:\/\/guineediversite.com\/wp-content\/uploads\/2017\/04\/cropped-1jojlxEOMkX9Wyqfhe43D6kjPOGqBBKmx3EwWJqZ0cMrFF54yM49.png","width":186,"height":112,"caption":"Guin\u00e9e Diversit\u00e9"},"image":{"@id":"https:\/\/guineediversite.com\/#\/schema\/logo\/image\/"},"sameAs":["https:\/\/www.facebook.com\/guineediversite\/","https:\/\/x.com\/GuineeDiversite","https:\/\/www.youtube.com\/channel\/UC8sUY16qelG5ge6_D5SB83g"]},{"@type":"Person","@id":"https:\/\/guineediversite.com\/#\/schema\/person\/afa08fb34e7fc6e1feafc892612bc836","name":"Guin\u00e9e Diversit\u00e9","image":{"@type":"ImageObject","inLanguage":"fr-FR","@id":"https:\/\/guineediversite.com\/#\/schema\/person\/image\/","url":"https:\/\/secure.gravatar.com\/avatar\/50d5eb5b390f8b65ac30ac6f898eb83a?s=96&d=mm&r=g","contentUrl":"https:\/\/secure.gravatar.com\/avatar\/50d5eb5b390f8b65ac30ac6f898eb83a?s=96&d=mm&r=g","caption":"Guin\u00e9e Diversit\u00e9"},"url":"https:\/\/guineediversite.com\/index.php\/author\/guineediversite\/"}]}},"_links":{"self":[{"href":"https:\/\/guineediversite.com\/index.php\/wp-json\/wp\/v2\/posts\/29382"}],"collection":[{"href":"https:\/\/guineediversite.com\/index.php\/wp-json\/wp\/v2\/posts"}],"about":[{"href":"https:\/\/guineediversite.com\/index.php\/wp-json\/wp\/v2\/types\/post"}],"author":[{"embeddable":true,"href":"https:\/\/guineediversite.com\/index.php\/wp-json\/wp\/v2\/users\/12"}],"replies":[{"embeddable":true,"href":"https:\/\/guineediversite.com\/index.php\/wp-json\/wp\/v2\/comments?post=29382"}],"version-history":[{"count":1,"href":"https:\/\/guineediversite.com\/index.php\/wp-json\/wp\/v2\/posts\/29382\/revisions"}],"predecessor-version":[{"id":29384,"href":"https:\/\/guineediversite.com\/index.php\/wp-json\/wp\/v2\/posts\/29382\/revisions\/29384"}],"wp:featuredmedia":[{"embeddable":true,"href":"https:\/\/guineediversite.com\/index.php\/wp-json\/wp\/v2\/media\/29383"}],"wp:attachment":[{"href":"https:\/\/guineediversite.com\/index.php\/wp-json\/wp\/v2\/media?parent=29382"}],"wp:term":[{"taxonomy":"category","embeddable":true,"href":"https:\/\/guineediversite.com\/index.php\/wp-json\/wp\/v2\/categories?post=29382"},{"taxonomy":"post_tag","embeddable":true,"href":"https:\/\/guineediversite.com\/index.php\/wp-json\/wp\/v2\/tags?post=29382"}],"curies":[{"name":"wp","href":"https:\/\/api.w.org\/{rel}","templated":true}]}}