{"id":29379,"date":"2020-06-03T12:21:00","date_gmt":"2020-06-03T10:21:00","guid":{"rendered":"https:\/\/guineediversite.com\/?p=29379"},"modified":"2020-06-03T12:21:04","modified_gmt":"2020-06-03T10:21:04","slug":"en-france-les-centres-de-retention-pour-migrants-ressemblent-de-plus-en-plus-a-des-prisons","status":"publish","type":"post","link":"https:\/\/guineediversite.com\/index.php\/2020\/06\/03\/en-france-les-centres-de-retention-pour-migrants-ressemblent-de-plus-en-plus-a-des-prisons\/","title":{"rendered":"En France, les centres de r\u00e9tention pour migrants ressemblent de plus en plus \u00e0 des prisons"},"content":{"rendered":"\n<p>Barbel\u00e9s, menottes&#8230; Les centres de r\u00e9tention, o\u00f9 sont enferm\u00e9s les immigr\u00e9s clandestins en attente de leur expulsion, prennent de plus en plus un \u00ab&nbsp;aspect carc\u00e9ral&nbsp;\u00bb en \u00ab&nbsp;d\u00e9calage complet avec leur fonction&nbsp;\u00bb, a d\u00e9nonc\u00e9 ce mercredi la contr\u00f4leure des prisons dans son rapport annuel.<\/p>\n\n\n\n<p>Ses conclusions sont \u00e9difiantes. En 2019, Adeline Hazan et ses \u00e9quipes ont visit\u00e9 quatre des centres de r\u00e9tention administrative (CRA) et une zone d&rsquo;attente aux fronti\u00e8res. Pour la contr\u00f4leure g\u00e9n\u00e9rale des lieux de privation de libert\u00e9 (CGLPL), non seulement il n&rsquo;y a pas \u00ab&nbsp;<em>d&rsquo;am\u00e9liorations<\/em>&nbsp;\u00bb sur l&rsquo;ann\u00e9e \u00e9coul\u00e9e mais elle a constat\u00e9 une \u00ab&nbsp;<em>absence de sensibilisation [&#8230;] \u00e0 la question des droits fondamentaux<\/em>&nbsp;\u00bb.<\/p>\n\n\n\n<p>Mais ce n&rsquo;est pas tout. \u00ab&nbsp;<em>L&rsquo;organisation interne et la s\u00e9curisation p\u00e9rim\u00e9trique des centres donnent en effet l&rsquo;impression d&rsquo;un milieu carc\u00e9ral avec des espaces cloisonn\u00e9s, des circulations internes compliqu\u00e9es et des cl\u00f4tures surmont\u00e9es de barbel\u00e9s<\/em>&nbsp;\u00bb, \u00e9crit la CGLPL dans son rapport sur l&rsquo;ann\u00e9e 2019, pr\u00e9cisant que \u00ab&nbsp;<em>la zone d&rsquo;attente visit\u00e9e n&rsquo;\u00e9chappe pas \u00e0 ce glissement progressif vers un aspect carc\u00e9ral<\/em>&nbsp;\u00bb.<\/p>\n\n\n\n<p><strong>Isolements disciplinaires<\/strong><\/p>\n\n\n\n<p>\u00ab&nbsp;<em>Le menottage est syst\u00e9matique pour tous les d\u00e9placements, le plus souvent dans le dos, <\/em>poursuit le rapport. <em>La pratique des isolements disciplinaires [&#8230;], sans \u00eatre massive, n&rsquo;est pas rare alors m\u00eame que rien les pr\u00e9voit [&#8230;], toute restriction de libert\u00e9 au sein du lieu devant \u00eatre pr\u00e9vue par la loi et assortie d&rsquo;une proc\u00e9dure garantissant les droits de la d\u00e9fense.<\/em>&nbsp;\u00bb<\/p>\n\n\n\n<p>Dans les CRA \u00ab&nbsp;<em>c&rsquo;est tout le r\u00e9gime auquel les personnes sont soumises qui se rapproche du carc\u00e9ral, avec des privations des libert\u00e9s fondamentales, comme l&rsquo;impossibilit\u00e9 d&rsquo;avoir un smartphone ou d&rsquo;acc\u00e9der \u00e0 internet<\/em>&nbsp;\u00bb, confirme \u00e0 l&rsquo;AFP David Rohi, responsable des questions de r\u00e9tention \u00e0 l&rsquo;association La Cimade, qui assure des permanences juridiques dans 8 des 24 centres en France. \u00ab&nbsp;<em>Sur certains aspects, les conditions en r\u00e9tention sont m\u00eame pires qu&rsquo;en prison<\/em>&nbsp;\u00bb, estime-t-il, prenant l&rsquo;exemple de l&rsquo;interdiction d&rsquo;avoir une t\u00e9l\u00e9vision dans la chambre.<\/p>\n\n\n\n<p><strong>Baisse du taux d&rsquo;occupation avec la pand\u00e9mie<\/strong><\/p>\n\n\n\n<p>Par ailleurs, dans son rapport, la CGLPL d\u00e9plore \u00e9galement que la dur\u00e9e maximale de r\u00e9tention ait doubl\u00e9 au 1er janvier 2019, passant de 45 \u00e0 90 jours, un allongement qui s&rsquo;est accompagn\u00e9 de tensions suppl\u00e9mentaires, avec \u00ab&nbsp;<em>des suicides ou tentatives de suicide [qui] semblent plus fr\u00e9quents<\/em>&nbsp;\u00bb.<\/p>\n\n\n\n<p>Le rapport ne prend pas en compte la p\u00e9riode de la crise sanitaire li\u00e9e au coronavirus, une p\u00e9riode qui n&rsquo;est pas prise en compte par le rapport, le taux d&rsquo;occupation des CRA, qui peuvent accueillir 1 900 personnes au total, a lourdement chut\u00e9. Fin avril, une centaine d&rsquo;immigr\u00e9s clandestins y \u00e9taient enferm\u00e9s.<\/p>\n\n\n\n<p><strong>RFI<\/strong><\/p>\n","protected":false},"excerpt":{"rendered":"<p>Barbel\u00e9s, menottes&#8230; Les centres de r\u00e9tention, o\u00f9 sont enferm\u00e9s les immigr\u00e9s clandestins en attente de leur expulsion, prennent de plus en plus un \u00ab&nbsp;aspect carc\u00e9ral&nbsp;\u00bb en \u00ab&nbsp;d\u00e9calage complet avec leur fonction&nbsp;\u00bb, a d\u00e9nonc\u00e9 ce mercredi la contr\u00f4leure des prisons dans son rapport annuel. Ses conclusions sont \u00e9difiantes. En 2019, Adeline Hazan et ses \u00e9quipes ont [&hellip;]<\/p>\n","protected":false},"author":12,"featured_media":29380,"comment_status":"closed","ping_status":"closed","sticky":false,"template":"","format":"standard","meta":{"_exactmetrics_skip_tracking":false,"_exactmetrics_sitenote_active":false,"_exactmetrics_sitenote_note":"","_exactmetrics_sitenote_category":0,"tdm_status":"","tdm_grid_status":"","footnotes":""},"categories":[21],"tags":[],"class_list":{"0":"post-29379","1":"post","2":"type-post","3":"status-publish","4":"format-standard","5":"has-post-thumbnail","7":"category-international"},"yoast_head":"<!-- This site is optimized with the Yoast SEO plugin v24.2 - https:\/\/yoast.com\/wordpress\/plugins\/seo\/ -->\n<title>En France, les centres de r\u00e9tention pour migrants ressemblent de plus en plus \u00e0 des prisons | Guin\u00e9e Diversit\u00e9<\/title>\n<meta name=\"robots\" content=\"index, follow, max-snippet:-1, max-image-preview:large, max-video-preview:-1\" \/>\n<link rel=\"canonical\" href=\"https:\/\/guineediversite.com\/index.php\/2020\/06\/03\/en-france-les-centres-de-retention-pour-migrants-ressemblent-de-plus-en-plus-a-des-prisons\/\" \/>\n<meta property=\"og:locale\" content=\"fr_FR\" \/>\n<meta property=\"og:type\" content=\"article\" \/>\n<meta property=\"og:title\" content=\"En France, les centres de r\u00e9tention pour migrants ressemblent de plus en plus \u00e0 des prisons | Guin\u00e9e Diversit\u00e9\" \/>\n<meta property=\"og:description\" content=\"Barbel\u00e9s, menottes&#8230; Les centres de r\u00e9tention, o\u00f9 sont enferm\u00e9s les immigr\u00e9s clandestins en attente de leur expulsion, prennent de plus en plus un \u00ab&nbsp;aspect carc\u00e9ral&nbsp;\u00bb en \u00ab&nbsp;d\u00e9calage complet avec leur fonction&nbsp;\u00bb, a d\u00e9nonc\u00e9 ce mercredi la contr\u00f4leure des prisons dans son rapport annuel. Ses conclusions sont \u00e9difiantes. En 2019, Adeline Hazan et ses \u00e9quipes ont [&hellip;]\" \/>\n<meta property=\"og:url\" content=\"https:\/\/guineediversite.com\/index.php\/2020\/06\/03\/en-france-les-centres-de-retention-pour-migrants-ressemblent-de-plus-en-plus-a-des-prisons\/\" \/>\n<meta property=\"og:site_name\" content=\"Guin\u00e9e Diversit\u00e9\" \/>\n<meta property=\"article:publisher\" content=\"https:\/\/www.facebook.com\/guineediversite\/\" \/>\n<meta property=\"article:published_time\" content=\"2020-06-03T10:21:00+00:00\" \/>\n<meta property=\"article:modified_time\" content=\"2020-06-03T10:21:04+00:00\" \/>\n<meta property=\"og:image\" content=\"https:\/\/guineediversite.com\/wp-content\/uploads\/2020\/06\/le-centre-de-r\u00e9tention-administrative-de-Vincennes.jpg\" \/>\n\t<meta property=\"og:image:width\" content=\"1500\" \/>\n\t<meta property=\"og:image:height\" content=\"843\" \/>\n\t<meta property=\"og:image:type\" content=\"image\/jpeg\" \/>\n<meta name=\"author\" content=\"Guin\u00e9e Diversit\u00e9\" \/>\n<meta name=\"twitter:card\" content=\"summary_large_image\" \/>\n<meta name=\"twitter:creator\" content=\"@GuineeDiversite\" \/>\n<meta name=\"twitter:site\" content=\"@GuineeDiversite\" \/>\n<meta name=\"twitter:label1\" content=\"\u00c9crit par\" \/>\n\t<meta name=\"twitter:data1\" content=\"Guin\u00e9e Diversit\u00e9\" \/>\n\t<meta name=\"twitter:label2\" content=\"Dur\u00e9e de lecture estim\u00e9e\" \/>\n\t<meta name=\"twitter:data2\" content=\"2 minutes\" \/>\n<script type=\"application\/ld+json\" class=\"yoast-schema-graph\">{\"@context\":\"https:\/\/schema.org\",\"@graph\":[{\"@type\":\"Article\",\"@id\":\"https:\/\/guineediversite.com\/index.php\/2020\/06\/03\/en-france-les-centres-de-retention-pour-migrants-ressemblent-de-plus-en-plus-a-des-prisons\/#article\",\"isPartOf\":{\"@id\":\"https:\/\/guineediversite.com\/index.php\/2020\/06\/03\/en-france-les-centres-de-retention-pour-migrants-ressemblent-de-plus-en-plus-a-des-prisons\/\"},\"author\":{\"name\":\"Guin\u00e9e Diversit\u00e9\",\"@id\":\"https:\/\/guineediversite.com\/#\/schema\/person\/afa08fb34e7fc6e1feafc892612bc836\"},\"headline\":\"En France, les centres de r\u00e9tention pour migrants ressemblent de plus en plus \u00e0 des prisons\",\"datePublished\":\"2020-06-03T10:21:00+00:00\",\"dateModified\":\"2020-06-03T10:21:04+00:00\",\"mainEntityOfPage\":{\"@id\":\"https:\/\/guineediversite.com\/index.php\/2020\/06\/03\/en-france-les-centres-de-retention-pour-migrants-ressemblent-de-plus-en-plus-a-des-prisons\/\"},\"wordCount\":515,\"publisher\":{\"@id\":\"https:\/\/guineediversite.com\/#organization\"},\"image\":{\"@id\":\"https:\/\/guineediversite.com\/index.php\/2020\/06\/03\/en-france-les-centres-de-retention-pour-migrants-ressemblent-de-plus-en-plus-a-des-prisons\/#primaryimage\"},\"thumbnailUrl\":\"https:\/\/guineediversite.com\/wp-content\/uploads\/2020\/06\/le-centre-de-r\u00e9tention-administrative-de-Vincennes.jpg\",\"articleSection\":[\"International\"],\"inLanguage\":\"fr-FR\"},{\"@type\":\"WebPage\",\"@id\":\"https:\/\/guineediversite.com\/index.php\/2020\/06\/03\/en-france-les-centres-de-retention-pour-migrants-ressemblent-de-plus-en-plus-a-des-prisons\/\",\"url\":\"https:\/\/guineediversite.com\/index.php\/2020\/06\/03\/en-france-les-centres-de-retention-pour-migrants-ressemblent-de-plus-en-plus-a-des-prisons\/\",\"name\":\"En France, les centres de r\u00e9tention pour migrants ressemblent de plus en plus \u00e0 des prisons | Guin\u00e9e Diversit\u00e9\",\"isPartOf\":{\"@id\":\"https:\/\/guineediversite.com\/#website\"},\"primaryImageOfPage\":{\"@id\":\"https:\/\/guineediversite.com\/index.php\/2020\/06\/03\/en-france-les-centres-de-retention-pour-migrants-ressemblent-de-plus-en-plus-a-des-prisons\/#primaryimage\"},\"image\":{\"@id\":\"https:\/\/guineediversite.com\/index.php\/2020\/06\/03\/en-france-les-centres-de-retention-pour-migrants-ressemblent-de-plus-en-plus-a-des-prisons\/#primaryimage\"},\"thumbnailUrl\":\"https:\/\/guineediversite.com\/wp-content\/uploads\/2020\/06\/le-centre-de-r\u00e9tention-administrative-de-Vincennes.jpg\",\"datePublished\":\"2020-06-03T10:21:00+00:00\",\"dateModified\":\"2020-06-03T10:21:04+00:00\",\"breadcrumb\":{\"@id\":\"https:\/\/guineediversite.com\/index.php\/2020\/06\/03\/en-france-les-centres-de-retention-pour-migrants-ressemblent-de-plus-en-plus-a-des-prisons\/#breadcrumb\"},\"inLanguage\":\"fr-FR\",\"potentialAction\":[{\"@type\":\"ReadAction\",\"target\":[\"https:\/\/guineediversite.com\/index.php\/2020\/06\/03\/en-france-les-centres-de-retention-pour-migrants-ressemblent-de-plus-en-plus-a-des-prisons\/\"]}]},{\"@type\":\"ImageObject\",\"inLanguage\":\"fr-FR\",\"@id\":\"https:\/\/guineediversite.com\/index.php\/2020\/06\/03\/en-france-les-centres-de-retention-pour-migrants-ressemblent-de-plus-en-plus-a-des-prisons\/#primaryimage\",\"url\":\"https:\/\/guineediversite.com\/wp-content\/uploads\/2020\/06\/le-centre-de-r\u00e9tention-administrative-de-Vincennes.jpg\",\"contentUrl\":\"https:\/\/guineediversite.com\/wp-content\/uploads\/2020\/06\/le-centre-de-r\u00e9tention-administrative-de-Vincennes.jpg\",\"width\":1500,\"height\":843},{\"@type\":\"BreadcrumbList\",\"@id\":\"https:\/\/guineediversite.com\/index.php\/2020\/06\/03\/en-france-les-centres-de-retention-pour-migrants-ressemblent-de-plus-en-plus-a-des-prisons\/#breadcrumb\",\"itemListElement\":[{\"@type\":\"ListItem\",\"position\":1,\"name\":\"Accueil\",\"item\":\"https:\/\/guineediversite.com\/\"},{\"@type\":\"ListItem\",\"position\":2,\"name\":\"En France, les centres de r\u00e9tention pour migrants ressemblent de plus en plus \u00e0 des prisons\"}]},{\"@type\":\"WebSite\",\"@id\":\"https:\/\/guineediversite.com\/#website\",\"url\":\"https:\/\/guineediversite.com\/\",\"name\":\"Guin\u00e9e Diversit\u00e9\",\"description\":\"L&#039;Info dans toute sa diversit\u00e9\",\"publisher\":{\"@id\":\"https:\/\/guineediversite.com\/#organization\"},\"potentialAction\":[{\"@type\":\"SearchAction\",\"target\":{\"@type\":\"EntryPoint\",\"urlTemplate\":\"https:\/\/guineediversite.com\/?s={search_term_string}\"},\"query-input\":{\"@type\":\"PropertyValueSpecification\",\"valueRequired\":true,\"valueName\":\"search_term_string\"}}],\"inLanguage\":\"fr-FR\"},{\"@type\":\"Organization\",\"@id\":\"https:\/\/guineediversite.com\/#organization\",\"name\":\"Guin\u00e9e Diversit\u00e9\",\"url\":\"https:\/\/guineediversite.com\/\",\"logo\":{\"@type\":\"ImageObject\",\"inLanguage\":\"fr-FR\",\"@id\":\"https:\/\/guineediversite.com\/#\/schema\/logo\/image\/\",\"url\":\"https:\/\/guineediversite.com\/wp-content\/uploads\/2017\/04\/cropped-1jojlxEOMkX9Wyqfhe43D6kjPOGqBBKmx3EwWJqZ0cMrFF54yM49.png\",\"contentUrl\":\"https:\/\/guineediversite.com\/wp-content\/uploads\/2017\/04\/cropped-1jojlxEOMkX9Wyqfhe43D6kjPOGqBBKmx3EwWJqZ0cMrFF54yM49.png\",\"width\":186,\"height\":112,\"caption\":\"Guin\u00e9e Diversit\u00e9\"},\"image\":{\"@id\":\"https:\/\/guineediversite.com\/#\/schema\/logo\/image\/\"},\"sameAs\":[\"https:\/\/www.facebook.com\/guineediversite\/\",\"https:\/\/x.com\/GuineeDiversite\",\"https:\/\/www.youtube.com\/channel\/UC8sUY16qelG5ge6_D5SB83g\"]},{\"@type\":\"Person\",\"@id\":\"https:\/\/guineediversite.com\/#\/schema\/person\/afa08fb34e7fc6e1feafc892612bc836\",\"name\":\"Guin\u00e9e Diversit\u00e9\",\"image\":{\"@type\":\"ImageObject\",\"inLanguage\":\"fr-FR\",\"@id\":\"https:\/\/guineediversite.com\/#\/schema\/person\/image\/\",\"url\":\"https:\/\/secure.gravatar.com\/avatar\/50d5eb5b390f8b65ac30ac6f898eb83a?s=96&d=mm&r=g\",\"contentUrl\":\"https:\/\/secure.gravatar.com\/avatar\/50d5eb5b390f8b65ac30ac6f898eb83a?s=96&d=mm&r=g\",\"caption\":\"Guin\u00e9e Diversit\u00e9\"},\"url\":\"https:\/\/guineediversite.com\/index.php\/author\/guineediversite\/\"}]}<\/script>\n<!-- \/ Yoast SEO plugin. -->","yoast_head_json":{"title":"En France, les centres de r\u00e9tention pour migrants ressemblent de plus en plus \u00e0 des prisons | Guin\u00e9e Diversit\u00e9","robots":{"index":"index","follow":"follow","max-snippet":"max-snippet:-1","max-image-preview":"max-image-preview:large","max-video-preview":"max-video-preview:-1"},"canonical":"https:\/\/guineediversite.com\/index.php\/2020\/06\/03\/en-france-les-centres-de-retention-pour-migrants-ressemblent-de-plus-en-plus-a-des-prisons\/","og_locale":"fr_FR","og_type":"article","og_title":"En France, les centres de r\u00e9tention pour migrants ressemblent de plus en plus \u00e0 des prisons | Guin\u00e9e Diversit\u00e9","og_description":"Barbel\u00e9s, menottes&#8230; Les centres de r\u00e9tention, o\u00f9 sont enferm\u00e9s les immigr\u00e9s clandestins en attente de leur expulsion, prennent de plus en plus un \u00ab&nbsp;aspect carc\u00e9ral&nbsp;\u00bb en \u00ab&nbsp;d\u00e9calage complet avec leur fonction&nbsp;\u00bb, a d\u00e9nonc\u00e9 ce mercredi la contr\u00f4leure des prisons dans son rapport annuel. Ses conclusions sont \u00e9difiantes. En 2019, Adeline Hazan et ses \u00e9quipes ont [&hellip;]","og_url":"https:\/\/guineediversite.com\/index.php\/2020\/06\/03\/en-france-les-centres-de-retention-pour-migrants-ressemblent-de-plus-en-plus-a-des-prisons\/","og_site_name":"Guin\u00e9e Diversit\u00e9","article_publisher":"https:\/\/www.facebook.com\/guineediversite\/","article_published_time":"2020-06-03T10:21:00+00:00","article_modified_time":"2020-06-03T10:21:04+00:00","og_image":[{"width":1500,"height":843,"url":"https:\/\/guineediversite.com\/wp-content\/uploads\/2020\/06\/le-centre-de-r\u00e9tention-administrative-de-Vincennes.jpg","type":"image\/jpeg"}],"author":"Guin\u00e9e Diversit\u00e9","twitter_card":"summary_large_image","twitter_creator":"@GuineeDiversite","twitter_site":"@GuineeDiversite","twitter_misc":{"\u00c9crit par":"Guin\u00e9e Diversit\u00e9","Dur\u00e9e de lecture estim\u00e9e":"2 minutes"},"schema":{"@context":"https:\/\/schema.org","@graph":[{"@type":"Article","@id":"https:\/\/guineediversite.com\/index.php\/2020\/06\/03\/en-france-les-centres-de-retention-pour-migrants-ressemblent-de-plus-en-plus-a-des-prisons\/#article","isPartOf":{"@id":"https:\/\/guineediversite.com\/index.php\/2020\/06\/03\/en-france-les-centres-de-retention-pour-migrants-ressemblent-de-plus-en-plus-a-des-prisons\/"},"author":{"name":"Guin\u00e9e Diversit\u00e9","@id":"https:\/\/guineediversite.com\/#\/schema\/person\/afa08fb34e7fc6e1feafc892612bc836"},"headline":"En France, les centres de r\u00e9tention pour migrants ressemblent de plus en plus \u00e0 des prisons","datePublished":"2020-06-03T10:21:00+00:00","dateModified":"2020-06-03T10:21:04+00:00","mainEntityOfPage":{"@id":"https:\/\/guineediversite.com\/index.php\/2020\/06\/03\/en-france-les-centres-de-retention-pour-migrants-ressemblent-de-plus-en-plus-a-des-prisons\/"},"wordCount":515,"publisher":{"@id":"https:\/\/guineediversite.com\/#organization"},"image":{"@id":"https:\/\/guineediversite.com\/index.php\/2020\/06\/03\/en-france-les-centres-de-retention-pour-migrants-ressemblent-de-plus-en-plus-a-des-prisons\/#primaryimage"},"thumbnailUrl":"https:\/\/guineediversite.com\/wp-content\/uploads\/2020\/06\/le-centre-de-r\u00e9tention-administrative-de-Vincennes.jpg","articleSection":["International"],"inLanguage":"fr-FR"},{"@type":"WebPage","@id":"https:\/\/guineediversite.com\/index.php\/2020\/06\/03\/en-france-les-centres-de-retention-pour-migrants-ressemblent-de-plus-en-plus-a-des-prisons\/","url":"https:\/\/guineediversite.com\/index.php\/2020\/06\/03\/en-france-les-centres-de-retention-pour-migrants-ressemblent-de-plus-en-plus-a-des-prisons\/","name":"En France, les centres de r\u00e9tention pour migrants ressemblent de plus en plus \u00e0 des prisons | Guin\u00e9e Diversit\u00e9","isPartOf":{"@id":"https:\/\/guineediversite.com\/#website"},"primaryImageOfPage":{"@id":"https:\/\/guineediversite.com\/index.php\/2020\/06\/03\/en-france-les-centres-de-retention-pour-migrants-ressemblent-de-plus-en-plus-a-des-prisons\/#primaryimage"},"image":{"@id":"https:\/\/guineediversite.com\/index.php\/2020\/06\/03\/en-france-les-centres-de-retention-pour-migrants-ressemblent-de-plus-en-plus-a-des-prisons\/#primaryimage"},"thumbnailUrl":"https:\/\/guineediversite.com\/wp-content\/uploads\/2020\/06\/le-centre-de-r\u00e9tention-administrative-de-Vincennes.jpg","datePublished":"2020-06-03T10:21:00+00:00","dateModified":"2020-06-03T10:21:04+00:00","breadcrumb":{"@id":"https:\/\/guineediversite.com\/index.php\/2020\/06\/03\/en-france-les-centres-de-retention-pour-migrants-ressemblent-de-plus-en-plus-a-des-prisons\/#breadcrumb"},"inLanguage":"fr-FR","potentialAction":[{"@type":"ReadAction","target":["https:\/\/guineediversite.com\/index.php\/2020\/06\/03\/en-france-les-centres-de-retention-pour-migrants-ressemblent-de-plus-en-plus-a-des-prisons\/"]}]},{"@type":"ImageObject","inLanguage":"fr-FR","@id":"https:\/\/guineediversite.com\/index.php\/2020\/06\/03\/en-france-les-centres-de-retention-pour-migrants-ressemblent-de-plus-en-plus-a-des-prisons\/#primaryimage","url":"https:\/\/guineediversite.com\/wp-content\/uploads\/2020\/06\/le-centre-de-r\u00e9tention-administrative-de-Vincennes.jpg","contentUrl":"https:\/\/guineediversite.com\/wp-content\/uploads\/2020\/06\/le-centre-de-r\u00e9tention-administrative-de-Vincennes.jpg","width":1500,"height":843},{"@type":"BreadcrumbList","@id":"https:\/\/guineediversite.com\/index.php\/2020\/06\/03\/en-france-les-centres-de-retention-pour-migrants-ressemblent-de-plus-en-plus-a-des-prisons\/#breadcrumb","itemListElement":[{"@type":"ListItem","position":1,"name":"Accueil","item":"https:\/\/guineediversite.com\/"},{"@type":"ListItem","position":2,"name":"En France, les centres de r\u00e9tention pour migrants ressemblent de plus en plus \u00e0 des prisons"}]},{"@type":"WebSite","@id":"https:\/\/guineediversite.com\/#website","url":"https:\/\/guineediversite.com\/","name":"Guin\u00e9e Diversit\u00e9","description":"L&#039;Info dans toute sa diversit\u00e9","publisher":{"@id":"https:\/\/guineediversite.com\/#organization"},"potentialAction":[{"@type":"SearchAction","target":{"@type":"EntryPoint","urlTemplate":"https:\/\/guineediversite.com\/?s={search_term_string}"},"query-input":{"@type":"PropertyValueSpecification","valueRequired":true,"valueName":"search_term_string"}}],"inLanguage":"fr-FR"},{"@type":"Organization","@id":"https:\/\/guineediversite.com\/#organization","name":"Guin\u00e9e Diversit\u00e9","url":"https:\/\/guineediversite.com\/","logo":{"@type":"ImageObject","inLanguage":"fr-FR","@id":"https:\/\/guineediversite.com\/#\/schema\/logo\/image\/","url":"https:\/\/guineediversite.com\/wp-content\/uploads\/2017\/04\/cropped-1jojlxEOMkX9Wyqfhe43D6kjPOGqBBKmx3EwWJqZ0cMrFF54yM49.png","contentUrl":"https:\/\/guineediversite.com\/wp-content\/uploads\/2017\/04\/cropped-1jojlxEOMkX9Wyqfhe43D6kjPOGqBBKmx3EwWJqZ0cMrFF54yM49.png","width":186,"height":112,"caption":"Guin\u00e9e Diversit\u00e9"},"image":{"@id":"https:\/\/guineediversite.com\/#\/schema\/logo\/image\/"},"sameAs":["https:\/\/www.facebook.com\/guineediversite\/","https:\/\/x.com\/GuineeDiversite","https:\/\/www.youtube.com\/channel\/UC8sUY16qelG5ge6_D5SB83g"]},{"@type":"Person","@id":"https:\/\/guineediversite.com\/#\/schema\/person\/afa08fb34e7fc6e1feafc892612bc836","name":"Guin\u00e9e Diversit\u00e9","image":{"@type":"ImageObject","inLanguage":"fr-FR","@id":"https:\/\/guineediversite.com\/#\/schema\/person\/image\/","url":"https:\/\/secure.gravatar.com\/avatar\/50d5eb5b390f8b65ac30ac6f898eb83a?s=96&d=mm&r=g","contentUrl":"https:\/\/secure.gravatar.com\/avatar\/50d5eb5b390f8b65ac30ac6f898eb83a?s=96&d=mm&r=g","caption":"Guin\u00e9e Diversit\u00e9"},"url":"https:\/\/guineediversite.com\/index.php\/author\/guineediversite\/"}]}},"_links":{"self":[{"href":"https:\/\/guineediversite.com\/index.php\/wp-json\/wp\/v2\/posts\/29379"}],"collection":[{"href":"https:\/\/guineediversite.com\/index.php\/wp-json\/wp\/v2\/posts"}],"about":[{"href":"https:\/\/guineediversite.com\/index.php\/wp-json\/wp\/v2\/types\/post"}],"author":[{"embeddable":true,"href":"https:\/\/guineediversite.com\/index.php\/wp-json\/wp\/v2\/users\/12"}],"replies":[{"embeddable":true,"href":"https:\/\/guineediversite.com\/index.php\/wp-json\/wp\/v2\/comments?post=29379"}],"version-history":[{"count":1,"href":"https:\/\/guineediversite.com\/index.php\/wp-json\/wp\/v2\/posts\/29379\/revisions"}],"predecessor-version":[{"id":29381,"href":"https:\/\/guineediversite.com\/index.php\/wp-json\/wp\/v2\/posts\/29379\/revisions\/29381"}],"wp:featuredmedia":[{"embeddable":true,"href":"https:\/\/guineediversite.com\/index.php\/wp-json\/wp\/v2\/media\/29380"}],"wp:attachment":[{"href":"https:\/\/guineediversite.com\/index.php\/wp-json\/wp\/v2\/media?parent=29379"}],"wp:term":[{"taxonomy":"category","embeddable":true,"href":"https:\/\/guineediversite.com\/index.php\/wp-json\/wp\/v2\/categories?post=29379"},{"taxonomy":"post_tag","embeddable":true,"href":"https:\/\/guineediversite.com\/index.php\/wp-json\/wp\/v2\/tags?post=29379"}],"curies":[{"name":"wp","href":"https:\/\/api.w.org\/{rel}","templated":true}]}}