{"id":29372,"date":"2020-06-02T22:46:14","date_gmt":"2020-06-02T20:46:14","guid":{"rendered":"https:\/\/guineediversite.com\/?p=29372"},"modified":"2020-06-02T22:46:17","modified_gmt":"2020-06-02T20:46:17","slug":"demission-de-badra-kone-de-lufr-ahmed-tidiane-sylla-responsable-a-la-communication-lui-souhaite-bon-vent","status":"publish","type":"post","link":"https:\/\/guineediversite.com\/index.php\/2020\/06\/02\/demission-de-badra-kone-de-lufr-ahmed-tidiane-sylla-responsable-a-la-communication-lui-souhaite-bon-vent\/","title":{"rendered":"D\u00e9mission de Badra Kon\u00e9 de l&rsquo;UFR : Ahmed Tidiane Sylla responsable \u00e0 la communication lui souhaite bon vent"},"content":{"rendered":"\n<p>La d\u00e9mission de Badra Kon\u00e9 au sein de l&rsquo;UFR, n\u2019est pas rest\u00e9e sans cause. Il (Badra Kon\u00e9 Ndlr) a \u00e9voqu\u00e9 dans le pr\u00e9c\u00e9dent article que sa d\u00e9cision serait au comportement des personnes comme Ahmed Tidiane Sylla responsable \u00e0 la communication et Saikou Yaya Barry secr\u00e9taire ex\u00e9cutif dudit parti. Apprenant cette information, Ahmed Tidiane Sylla l\u2019un des accus\u00e9s de cette affaire n\u2019est pas rest\u00e9 bouche-b\u00e9.<\/p>\n\n\n\n<p>\u00ab <em>Dans la lettre de d\u00e9mission qui a \u00e9t\u00e9 adress\u00e9e au parti, dont moi j&rsquo;ai pris connaissance, je n&rsquo;ai pas vu cette cause exprim\u00e9e dans la lettre de d\u00e9mission (&#8230;). Mais moi je lui souhaite bon vent et bonne continuation, la lutte politique est ainsi faite <\/em>\u00bb, a-t-il fait savoir.<\/p>\n\n\n\n<p>Poursuivant, il replace les pions pour, le d\u00e9sormais pour l&rsquo;ex-secr\u00e9taire g\u00e9n\u00e9ral de la jeunesse de l&rsquo;UFR.<\/p>\n\n\n\n<p><em>\u00ab Il y a des instances de parti qui r\u00e8glent les probl\u00e8mes \u00e0 l&rsquo;interne. On \u00e9tait tous membres du bureau ex\u00e9cutif, quand vous suivez les m\u00e9dias et les r\u00e9seaux sociaux, moi personnellement on m&rsquo;attaque tous les jours, mais ce n&rsquo;est pas une raison pour que je quitte le parti. J&rsquo;assume ma responsabilit\u00e9<\/em> \u00bb, pr\u00e9cise t-il.<\/p>\n","protected":false},"excerpt":{"rendered":"<p>La d\u00e9mission de Badra Kon\u00e9 au sein de l&rsquo;UFR, n\u2019est pas rest\u00e9e sans cause. Il (Badra Kon\u00e9 Ndlr) a \u00e9voqu\u00e9 dans le pr\u00e9c\u00e9dent article que sa d\u00e9cision serait au comportement des personnes comme Ahmed Tidiane Sylla responsable \u00e0 la communication et Saikou Yaya Barry secr\u00e9taire ex\u00e9cutif dudit parti. Apprenant cette information, Ahmed Tidiane Sylla l\u2019un [&hellip;]<\/p>\n","protected":false},"author":10,"featured_media":29373,"comment_status":"closed","ping_status":"closed","sticky":false,"template":"","format":"standard","meta":{"_exactmetrics_skip_tracking":false,"_exactmetrics_sitenote_active":false,"_exactmetrics_sitenote_note":"","_exactmetrics_sitenote_category":0,"tdm_status":"","tdm_grid_status":"","footnotes":""},"categories":[14],"tags":[],"class_list":{"0":"post-29372","1":"post","2":"type-post","3":"status-publish","4":"format-standard","5":"has-post-thumbnail","7":"category-politique"},"yoast_head":"<!-- This site is optimized with the Yoast SEO plugin v24.2 - https:\/\/yoast.com\/wordpress\/plugins\/seo\/ -->\n<title>D\u00e9mission de Badra Kon\u00e9 de l&#039;UFR : Ahmed Tidiane Sylla responsable \u00e0 la communication lui souhaite bon vent | Guin\u00e9e Diversit\u00e9<\/title>\n<meta name=\"robots\" content=\"index, follow, max-snippet:-1, max-image-preview:large, max-video-preview:-1\" \/>\n<link rel=\"canonical\" href=\"https:\/\/guineediversite.com\/index.php\/2020\/06\/02\/demission-de-badra-kone-de-lufr-ahmed-tidiane-sylla-responsable-a-la-communication-lui-souhaite-bon-vent\/\" \/>\n<meta property=\"og:locale\" content=\"fr_FR\" \/>\n<meta property=\"og:type\" content=\"article\" \/>\n<meta property=\"og:title\" content=\"D\u00e9mission de Badra Kon\u00e9 de l&#039;UFR : Ahmed Tidiane Sylla responsable \u00e0 la communication lui souhaite bon vent | Guin\u00e9e Diversit\u00e9\" \/>\n<meta property=\"og:description\" content=\"La d\u00e9mission de Badra Kon\u00e9 au sein de l&rsquo;UFR, n\u2019est pas rest\u00e9e sans cause. Il (Badra Kon\u00e9 Ndlr) a \u00e9voqu\u00e9 dans le pr\u00e9c\u00e9dent article que sa d\u00e9cision serait au comportement des personnes comme Ahmed Tidiane Sylla responsable \u00e0 la communication et Saikou Yaya Barry secr\u00e9taire ex\u00e9cutif dudit parti. Apprenant cette information, Ahmed Tidiane Sylla l\u2019un [&hellip;]\" \/>\n<meta property=\"og:url\" content=\"https:\/\/guineediversite.com\/index.php\/2020\/06\/02\/demission-de-badra-kone-de-lufr-ahmed-tidiane-sylla-responsable-a-la-communication-lui-souhaite-bon-vent\/\" \/>\n<meta property=\"og:site_name\" content=\"Guin\u00e9e Diversit\u00e9\" \/>\n<meta property=\"article:publisher\" content=\"https:\/\/www.facebook.com\/guineediversite\/\" \/>\n<meta property=\"article:published_time\" content=\"2020-06-02T20:46:14+00:00\" \/>\n<meta property=\"article:modified_time\" content=\"2020-06-02T20:46:17+00:00\" \/>\n<meta property=\"og:image\" content=\"https:\/\/guineediversite.com\/wp-content\/uploads\/2020\/06\/AHMED-TIDIANE-SYLLA.jpg\" \/>\n\t<meta property=\"og:image:width\" content=\"1500\" \/>\n\t<meta property=\"og:image:height\" content=\"938\" \/>\n\t<meta property=\"og:image:type\" content=\"image\/jpeg\" \/>\n<meta name=\"author\" content=\"Morcire Camara\" \/>\n<meta name=\"twitter:card\" content=\"summary_large_image\" \/>\n<meta name=\"twitter:creator\" content=\"@GuineeDiversite\" \/>\n<meta name=\"twitter:site\" content=\"@GuineeDiversite\" \/>\n<meta name=\"twitter:label1\" content=\"\u00c9crit par\" \/>\n\t<meta name=\"twitter:data1\" content=\"Morcire Camara\" \/>\n\t<meta name=\"twitter:label2\" content=\"Dur\u00e9e de lecture estim\u00e9e\" \/>\n\t<meta name=\"twitter:data2\" content=\"1 minute\" \/>\n<script type=\"application\/ld+json\" class=\"yoast-schema-graph\">{\"@context\":\"https:\/\/schema.org\",\"@graph\":[{\"@type\":\"Article\",\"@id\":\"https:\/\/guineediversite.com\/index.php\/2020\/06\/02\/demission-de-badra-kone-de-lufr-ahmed-tidiane-sylla-responsable-a-la-communication-lui-souhaite-bon-vent\/#article\",\"isPartOf\":{\"@id\":\"https:\/\/guineediversite.com\/index.php\/2020\/06\/02\/demission-de-badra-kone-de-lufr-ahmed-tidiane-sylla-responsable-a-la-communication-lui-souhaite-bon-vent\/\"},\"author\":{\"name\":\"Morcire Camara\",\"@id\":\"https:\/\/guineediversite.com\/#\/schema\/person\/fa362494c47202ce4b3adf55abcc9d01\"},\"headline\":\"D\u00e9mission de Badra Kon\u00e9 de l&rsquo;UFR : Ahmed Tidiane Sylla responsable \u00e0 la communication lui souhaite bon vent\",\"datePublished\":\"2020-06-02T20:46:14+00:00\",\"dateModified\":\"2020-06-02T20:46:17+00:00\",\"mainEntityOfPage\":{\"@id\":\"https:\/\/guineediversite.com\/index.php\/2020\/06\/02\/demission-de-badra-kone-de-lufr-ahmed-tidiane-sylla-responsable-a-la-communication-lui-souhaite-bon-vent\/\"},\"wordCount\":230,\"publisher\":{\"@id\":\"https:\/\/guineediversite.com\/#organization\"},\"image\":{\"@id\":\"https:\/\/guineediversite.com\/index.php\/2020\/06\/02\/demission-de-badra-kone-de-lufr-ahmed-tidiane-sylla-responsable-a-la-communication-lui-souhaite-bon-vent\/#primaryimage\"},\"thumbnailUrl\":\"https:\/\/guineediversite.com\/wp-content\/uploads\/2020\/06\/AHMED-TIDIANE-SYLLA.jpg\",\"articleSection\":[\"Politique\"],\"inLanguage\":\"fr-FR\"},{\"@type\":\"WebPage\",\"@id\":\"https:\/\/guineediversite.com\/index.php\/2020\/06\/02\/demission-de-badra-kone-de-lufr-ahmed-tidiane-sylla-responsable-a-la-communication-lui-souhaite-bon-vent\/\",\"url\":\"https:\/\/guineediversite.com\/index.php\/2020\/06\/02\/demission-de-badra-kone-de-lufr-ahmed-tidiane-sylla-responsable-a-la-communication-lui-souhaite-bon-vent\/\",\"name\":\"D\u00e9mission de Badra Kon\u00e9 de l'UFR : Ahmed Tidiane Sylla responsable \u00e0 la communication lui souhaite bon vent | Guin\u00e9e Diversit\u00e9\",\"isPartOf\":{\"@id\":\"https:\/\/guineediversite.com\/#website\"},\"primaryImageOfPage\":{\"@id\":\"https:\/\/guineediversite.com\/index.php\/2020\/06\/02\/demission-de-badra-kone-de-lufr-ahmed-tidiane-sylla-responsable-a-la-communication-lui-souhaite-bon-vent\/#primaryimage\"},\"image\":{\"@id\":\"https:\/\/guineediversite.com\/index.php\/2020\/06\/02\/demission-de-badra-kone-de-lufr-ahmed-tidiane-sylla-responsable-a-la-communication-lui-souhaite-bon-vent\/#primaryimage\"},\"thumbnailUrl\":\"https:\/\/guineediversite.com\/wp-content\/uploads\/2020\/06\/AHMED-TIDIANE-SYLLA.jpg\",\"datePublished\":\"2020-06-02T20:46:14+00:00\",\"dateModified\":\"2020-06-02T20:46:17+00:00\",\"breadcrumb\":{\"@id\":\"https:\/\/guineediversite.com\/index.php\/2020\/06\/02\/demission-de-badra-kone-de-lufr-ahmed-tidiane-sylla-responsable-a-la-communication-lui-souhaite-bon-vent\/#breadcrumb\"},\"inLanguage\":\"fr-FR\",\"potentialAction\":[{\"@type\":\"ReadAction\",\"target\":[\"https:\/\/guineediversite.com\/index.php\/2020\/06\/02\/demission-de-badra-kone-de-lufr-ahmed-tidiane-sylla-responsable-a-la-communication-lui-souhaite-bon-vent\/\"]}]},{\"@type\":\"ImageObject\",\"inLanguage\":\"fr-FR\",\"@id\":\"https:\/\/guineediversite.com\/index.php\/2020\/06\/02\/demission-de-badra-kone-de-lufr-ahmed-tidiane-sylla-responsable-a-la-communication-lui-souhaite-bon-vent\/#primaryimage\",\"url\":\"https:\/\/guineediversite.com\/wp-content\/uploads\/2020\/06\/AHMED-TIDIANE-SYLLA.jpg\",\"contentUrl\":\"https:\/\/guineediversite.com\/wp-content\/uploads\/2020\/06\/AHMED-TIDIANE-SYLLA.jpg\",\"width\":1500,\"height\":938},{\"@type\":\"BreadcrumbList\",\"@id\":\"https:\/\/guineediversite.com\/index.php\/2020\/06\/02\/demission-de-badra-kone-de-lufr-ahmed-tidiane-sylla-responsable-a-la-communication-lui-souhaite-bon-vent\/#breadcrumb\",\"itemListElement\":[{\"@type\":\"ListItem\",\"position\":1,\"name\":\"Accueil\",\"item\":\"https:\/\/guineediversite.com\/\"},{\"@type\":\"ListItem\",\"position\":2,\"name\":\"D\u00e9mission de Badra Kon\u00e9 de l&rsquo;UFR : Ahmed Tidiane Sylla responsable \u00e0 la communication lui souhaite bon vent\"}]},{\"@type\":\"WebSite\",\"@id\":\"https:\/\/guineediversite.com\/#website\",\"url\":\"https:\/\/guineediversite.com\/\",\"name\":\"Guin\u00e9e Diversit\u00e9\",\"description\":\"L&#039;Info dans toute sa diversit\u00e9\",\"publisher\":{\"@id\":\"https:\/\/guineediversite.com\/#organization\"},\"potentialAction\":[{\"@type\":\"SearchAction\",\"target\":{\"@type\":\"EntryPoint\",\"urlTemplate\":\"https:\/\/guineediversite.com\/?s={search_term_string}\"},\"query-input\":{\"@type\":\"PropertyValueSpecification\",\"valueRequired\":true,\"valueName\":\"search_term_string\"}}],\"inLanguage\":\"fr-FR\"},{\"@type\":\"Organization\",\"@id\":\"https:\/\/guineediversite.com\/#organization\",\"name\":\"Guin\u00e9e Diversit\u00e9\",\"url\":\"https:\/\/guineediversite.com\/\",\"logo\":{\"@type\":\"ImageObject\",\"inLanguage\":\"fr-FR\",\"@id\":\"https:\/\/guineediversite.com\/#\/schema\/logo\/image\/\",\"url\":\"https:\/\/guineediversite.com\/wp-content\/uploads\/2017\/04\/cropped-1jojlxEOMkX9Wyqfhe43D6kjPOGqBBKmx3EwWJqZ0cMrFF54yM49.png\",\"contentUrl\":\"https:\/\/guineediversite.com\/wp-content\/uploads\/2017\/04\/cropped-1jojlxEOMkX9Wyqfhe43D6kjPOGqBBKmx3EwWJqZ0cMrFF54yM49.png\",\"width\":186,\"height\":112,\"caption\":\"Guin\u00e9e Diversit\u00e9\"},\"image\":{\"@id\":\"https:\/\/guineediversite.com\/#\/schema\/logo\/image\/\"},\"sameAs\":[\"https:\/\/www.facebook.com\/guineediversite\/\",\"https:\/\/x.com\/GuineeDiversite\",\"https:\/\/www.youtube.com\/channel\/UC8sUY16qelG5ge6_D5SB83g\"]},{\"@type\":\"Person\",\"@id\":\"https:\/\/guineediversite.com\/#\/schema\/person\/fa362494c47202ce4b3adf55abcc9d01\",\"name\":\"Morcire Camara\",\"image\":{\"@type\":\"ImageObject\",\"inLanguage\":\"fr-FR\",\"@id\":\"https:\/\/guineediversite.com\/#\/schema\/person\/image\/\",\"url\":\"https:\/\/secure.gravatar.com\/avatar\/3ec324f02295bbcebe03d99b39330ab4?s=96&d=mm&r=g\",\"contentUrl\":\"https:\/\/secure.gravatar.com\/avatar\/3ec324f02295bbcebe03d99b39330ab4?s=96&d=mm&r=g\",\"caption\":\"Morcire Camara\"},\"url\":\"https:\/\/guineediversite.com\/index.php\/author\/morcire\/\"}]}<\/script>\n<!-- \/ Yoast SEO plugin. -->","yoast_head_json":{"title":"D\u00e9mission de Badra Kon\u00e9 de l'UFR : Ahmed Tidiane Sylla responsable \u00e0 la communication lui souhaite bon vent | Guin\u00e9e Diversit\u00e9","robots":{"index":"index","follow":"follow","max-snippet":"max-snippet:-1","max-image-preview":"max-image-preview:large","max-video-preview":"max-video-preview:-1"},"canonical":"https:\/\/guineediversite.com\/index.php\/2020\/06\/02\/demission-de-badra-kone-de-lufr-ahmed-tidiane-sylla-responsable-a-la-communication-lui-souhaite-bon-vent\/","og_locale":"fr_FR","og_type":"article","og_title":"D\u00e9mission de Badra Kon\u00e9 de l'UFR : Ahmed Tidiane Sylla responsable \u00e0 la communication lui souhaite bon vent | Guin\u00e9e Diversit\u00e9","og_description":"La d\u00e9mission de Badra Kon\u00e9 au sein de l&rsquo;UFR, n\u2019est pas rest\u00e9e sans cause. Il (Badra Kon\u00e9 Ndlr) a \u00e9voqu\u00e9 dans le pr\u00e9c\u00e9dent article que sa d\u00e9cision serait au comportement des personnes comme Ahmed Tidiane Sylla responsable \u00e0 la communication et Saikou Yaya Barry secr\u00e9taire ex\u00e9cutif dudit parti. Apprenant cette information, Ahmed Tidiane Sylla l\u2019un [&hellip;]","og_url":"https:\/\/guineediversite.com\/index.php\/2020\/06\/02\/demission-de-badra-kone-de-lufr-ahmed-tidiane-sylla-responsable-a-la-communication-lui-souhaite-bon-vent\/","og_site_name":"Guin\u00e9e Diversit\u00e9","article_publisher":"https:\/\/www.facebook.com\/guineediversite\/","article_published_time":"2020-06-02T20:46:14+00:00","article_modified_time":"2020-06-02T20:46:17+00:00","og_image":[{"width":1500,"height":938,"url":"https:\/\/guineediversite.com\/wp-content\/uploads\/2020\/06\/AHMED-TIDIANE-SYLLA.jpg","type":"image\/jpeg"}],"author":"Morcire Camara","twitter_card":"summary_large_image","twitter_creator":"@GuineeDiversite","twitter_site":"@GuineeDiversite","twitter_misc":{"\u00c9crit par":"Morcire Camara","Dur\u00e9e de lecture estim\u00e9e":"1 minute"},"schema":{"@context":"https:\/\/schema.org","@graph":[{"@type":"Article","@id":"https:\/\/guineediversite.com\/index.php\/2020\/06\/02\/demission-de-badra-kone-de-lufr-ahmed-tidiane-sylla-responsable-a-la-communication-lui-souhaite-bon-vent\/#article","isPartOf":{"@id":"https:\/\/guineediversite.com\/index.php\/2020\/06\/02\/demission-de-badra-kone-de-lufr-ahmed-tidiane-sylla-responsable-a-la-communication-lui-souhaite-bon-vent\/"},"author":{"name":"Morcire Camara","@id":"https:\/\/guineediversite.com\/#\/schema\/person\/fa362494c47202ce4b3adf55abcc9d01"},"headline":"D\u00e9mission de Badra Kon\u00e9 de l&rsquo;UFR : Ahmed Tidiane Sylla responsable \u00e0 la communication lui souhaite bon vent","datePublished":"2020-06-02T20:46:14+00:00","dateModified":"2020-06-02T20:46:17+00:00","mainEntityOfPage":{"@id":"https:\/\/guineediversite.com\/index.php\/2020\/06\/02\/demission-de-badra-kone-de-lufr-ahmed-tidiane-sylla-responsable-a-la-communication-lui-souhaite-bon-vent\/"},"wordCount":230,"publisher":{"@id":"https:\/\/guineediversite.com\/#organization"},"image":{"@id":"https:\/\/guineediversite.com\/index.php\/2020\/06\/02\/demission-de-badra-kone-de-lufr-ahmed-tidiane-sylla-responsable-a-la-communication-lui-souhaite-bon-vent\/#primaryimage"},"thumbnailUrl":"https:\/\/guineediversite.com\/wp-content\/uploads\/2020\/06\/AHMED-TIDIANE-SYLLA.jpg","articleSection":["Politique"],"inLanguage":"fr-FR"},{"@type":"WebPage","@id":"https:\/\/guineediversite.com\/index.php\/2020\/06\/02\/demission-de-badra-kone-de-lufr-ahmed-tidiane-sylla-responsable-a-la-communication-lui-souhaite-bon-vent\/","url":"https:\/\/guineediversite.com\/index.php\/2020\/06\/02\/demission-de-badra-kone-de-lufr-ahmed-tidiane-sylla-responsable-a-la-communication-lui-souhaite-bon-vent\/","name":"D\u00e9mission de Badra Kon\u00e9 de l'UFR : Ahmed Tidiane Sylla responsable \u00e0 la communication lui souhaite bon vent | Guin\u00e9e Diversit\u00e9","isPartOf":{"@id":"https:\/\/guineediversite.com\/#website"},"primaryImageOfPage":{"@id":"https:\/\/guineediversite.com\/index.php\/2020\/06\/02\/demission-de-badra-kone-de-lufr-ahmed-tidiane-sylla-responsable-a-la-communication-lui-souhaite-bon-vent\/#primaryimage"},"image":{"@id":"https:\/\/guineediversite.com\/index.php\/2020\/06\/02\/demission-de-badra-kone-de-lufr-ahmed-tidiane-sylla-responsable-a-la-communication-lui-souhaite-bon-vent\/#primaryimage"},"thumbnailUrl":"https:\/\/guineediversite.com\/wp-content\/uploads\/2020\/06\/AHMED-TIDIANE-SYLLA.jpg","datePublished":"2020-06-02T20:46:14+00:00","dateModified":"2020-06-02T20:46:17+00:00","breadcrumb":{"@id":"https:\/\/guineediversite.com\/index.php\/2020\/06\/02\/demission-de-badra-kone-de-lufr-ahmed-tidiane-sylla-responsable-a-la-communication-lui-souhaite-bon-vent\/#breadcrumb"},"inLanguage":"fr-FR","potentialAction":[{"@type":"ReadAction","target":["https:\/\/guineediversite.com\/index.php\/2020\/06\/02\/demission-de-badra-kone-de-lufr-ahmed-tidiane-sylla-responsable-a-la-communication-lui-souhaite-bon-vent\/"]}]},{"@type":"ImageObject","inLanguage":"fr-FR","@id":"https:\/\/guineediversite.com\/index.php\/2020\/06\/02\/demission-de-badra-kone-de-lufr-ahmed-tidiane-sylla-responsable-a-la-communication-lui-souhaite-bon-vent\/#primaryimage","url":"https:\/\/guineediversite.com\/wp-content\/uploads\/2020\/06\/AHMED-TIDIANE-SYLLA.jpg","contentUrl":"https:\/\/guineediversite.com\/wp-content\/uploads\/2020\/06\/AHMED-TIDIANE-SYLLA.jpg","width":1500,"height":938},{"@type":"BreadcrumbList","@id":"https:\/\/guineediversite.com\/index.php\/2020\/06\/02\/demission-de-badra-kone-de-lufr-ahmed-tidiane-sylla-responsable-a-la-communication-lui-souhaite-bon-vent\/#breadcrumb","itemListElement":[{"@type":"ListItem","position":1,"name":"Accueil","item":"https:\/\/guineediversite.com\/"},{"@type":"ListItem","position":2,"name":"D\u00e9mission de Badra Kon\u00e9 de l&rsquo;UFR : Ahmed Tidiane Sylla responsable \u00e0 la communication lui souhaite bon vent"}]},{"@type":"WebSite","@id":"https:\/\/guineediversite.com\/#website","url":"https:\/\/guineediversite.com\/","name":"Guin\u00e9e Diversit\u00e9","description":"L&#039;Info dans toute sa diversit\u00e9","publisher":{"@id":"https:\/\/guineediversite.com\/#organization"},"potentialAction":[{"@type":"SearchAction","target":{"@type":"EntryPoint","urlTemplate":"https:\/\/guineediversite.com\/?s={search_term_string}"},"query-input":{"@type":"PropertyValueSpecification","valueRequired":true,"valueName":"search_term_string"}}],"inLanguage":"fr-FR"},{"@type":"Organization","@id":"https:\/\/guineediversite.com\/#organization","name":"Guin\u00e9e Diversit\u00e9","url":"https:\/\/guineediversite.com\/","logo":{"@type":"ImageObject","inLanguage":"fr-FR","@id":"https:\/\/guineediversite.com\/#\/schema\/logo\/image\/","url":"https:\/\/guineediversite.com\/wp-content\/uploads\/2017\/04\/cropped-1jojlxEOMkX9Wyqfhe43D6kjPOGqBBKmx3EwWJqZ0cMrFF54yM49.png","contentUrl":"https:\/\/guineediversite.com\/wp-content\/uploads\/2017\/04\/cropped-1jojlxEOMkX9Wyqfhe43D6kjPOGqBBKmx3EwWJqZ0cMrFF54yM49.png","width":186,"height":112,"caption":"Guin\u00e9e Diversit\u00e9"},"image":{"@id":"https:\/\/guineediversite.com\/#\/schema\/logo\/image\/"},"sameAs":["https:\/\/www.facebook.com\/guineediversite\/","https:\/\/x.com\/GuineeDiversite","https:\/\/www.youtube.com\/channel\/UC8sUY16qelG5ge6_D5SB83g"]},{"@type":"Person","@id":"https:\/\/guineediversite.com\/#\/schema\/person\/fa362494c47202ce4b3adf55abcc9d01","name":"Morcire Camara","image":{"@type":"ImageObject","inLanguage":"fr-FR","@id":"https:\/\/guineediversite.com\/#\/schema\/person\/image\/","url":"https:\/\/secure.gravatar.com\/avatar\/3ec324f02295bbcebe03d99b39330ab4?s=96&d=mm&r=g","contentUrl":"https:\/\/secure.gravatar.com\/avatar\/3ec324f02295bbcebe03d99b39330ab4?s=96&d=mm&r=g","caption":"Morcire Camara"},"url":"https:\/\/guineediversite.com\/index.php\/author\/morcire\/"}]}},"_links":{"self":[{"href":"https:\/\/guineediversite.com\/index.php\/wp-json\/wp\/v2\/posts\/29372"}],"collection":[{"href":"https:\/\/guineediversite.com\/index.php\/wp-json\/wp\/v2\/posts"}],"about":[{"href":"https:\/\/guineediversite.com\/index.php\/wp-json\/wp\/v2\/types\/post"}],"author":[{"embeddable":true,"href":"https:\/\/guineediversite.com\/index.php\/wp-json\/wp\/v2\/users\/10"}],"replies":[{"embeddable":true,"href":"https:\/\/guineediversite.com\/index.php\/wp-json\/wp\/v2\/comments?post=29372"}],"version-history":[{"count":1,"href":"https:\/\/guineediversite.com\/index.php\/wp-json\/wp\/v2\/posts\/29372\/revisions"}],"predecessor-version":[{"id":29374,"href":"https:\/\/guineediversite.com\/index.php\/wp-json\/wp\/v2\/posts\/29372\/revisions\/29374"}],"wp:featuredmedia":[{"embeddable":true,"href":"https:\/\/guineediversite.com\/index.php\/wp-json\/wp\/v2\/media\/29373"}],"wp:attachment":[{"href":"https:\/\/guineediversite.com\/index.php\/wp-json\/wp\/v2\/media?parent=29372"}],"wp:term":[{"taxonomy":"category","embeddable":true,"href":"https:\/\/guineediversite.com\/index.php\/wp-json\/wp\/v2\/categories?post=29372"},{"taxonomy":"post_tag","embeddable":true,"href":"https:\/\/guineediversite.com\/index.php\/wp-json\/wp\/v2\/tags?post=29372"}],"curies":[{"name":"wp","href":"https:\/\/api.w.org\/{rel}","templated":true}]}}