{"id":29369,"date":"2020-06-02T20:09:36","date_gmt":"2020-06-02T18:09:36","guid":{"rendered":"https:\/\/guineediversite.com\/?p=29369"},"modified":"2020-06-02T20:09:39","modified_gmt":"2020-06-02T18:09:39","slug":"ufr-le-secretaire-executif-du-parti-reagi-face-a-la-demission-de-badra-kone-ce-nest-meme-pas-un-militant-de-lufr","status":"publish","type":"post","link":"https:\/\/guineediversite.com\/index.php\/2020\/06\/02\/ufr-le-secretaire-executif-du-parti-reagi-face-a-la-demission-de-badra-kone-ce-nest-meme-pas-un-militant-de-lufr\/","title":{"rendered":"UFR : Le secr\u00e9taire ex\u00e9cutif du parti r\u00e9agi face \u00e0 la d\u00e9mission de Badra Kon\u00e9 \u00ab ce n\u2019est m\u00eame pas un militant de l\u2019UFR(\u2026) \u00bb"},"content":{"rendered":"\n<p><strong>La d\u00e9mission du secr\u00e9taire g\u00e9n\u00e9ral de la jeunesse du Parti de l\u2019Union des Forces R\u00e9publicaines ce mardi 02 juin \u00e0 Conakry, les r\u00e9actions des cadres du parti n\u2019ont pas tard\u00e9 \u00e0 tomber.<\/strong><\/p>\n\n\n\n<p>Pour le secr\u00e9taire ex\u00e9cutif du parti, cet \u00e9v\u00e8nement prouve \u00e0 suffisance que Badra Kon\u00e9 n\u2019est pas en mesure de supporter les pressions politiques au sein d\u2019un parti.<\/p>\n\n\n\n<p>\u00ab <em>Je crois que vous aviez appris comme moi par le biais de la presse en ligne, un journaliste m\u2019a appel\u00e9 pour me le dire. Il semble qu\u2019il a d\u00e9pos\u00e9 la lettre mais je n\u2019ai pas encore vu la lettre savoir les motifs qu\u2019il \u00e9voque dedans. Mais cela dit je lui souhaite bon vent, je sais que la vie politique est difficile surtout dans l\u2019opposition. Nous sommes dans un parti politique o\u00f9 c\u2019est le volontariat, personne n\u2019est pay\u00e9 pour arriv\u00e9e. il y a beaucoup de pression que beaucoup de personnes ne peuvent pas supporter dans ce genre d\u2019exercice et j\u2019estime que c\u2019est le cas de monsieur Badra, qui est venue, je vous rappelle apr\u00e8s les \u00e9lections communales de 2018 \u00e0 l\u2019UFR. Ce n\u2019est m\u00eame pas un militant de l\u2019UFR, mais il est arriv\u00e9 et on lui a donn\u00e9 un poste de responsabilit\u00e9 pour pouvoir g\u00e9rer dans les structures qui ont exist\u00e9 il y a plus de 19 ans. Quelques choses qui ne sont pas faciles, il a une pression importante surtout que ce n&rsquo;est pas un petit parti<\/em> \u00bb \u00e0 expliquer Saikou Yaya Barry, secr\u00e9taire ex\u00e9cutif du parti.<\/p>\n\n\n\n<p>A quelques mois de l&rsquo;\u00e9lection pr\u00e9sidentielle de 2020, le parti de l\u2019Union des Forces R\u00e9publicaines enregistre d\u00e9j\u00e0 des d\u00e9parts de certains cadres. Cette d\u00e9mission va-t-elle impact\u00e9e n\u00e9gativement sur le parti UFR ? Le secr\u00e9taire ex\u00e9cutif du parti, Saikou Yaya Barry explique.<\/p>\n\n\n\n<p>\u00ab <em>Son d\u00e9part n\u2019entrave rien au parti, il est venue tout seul et il part tout seul, nous avons voulu faire de lui un responsable qui f\u00e9d\u00e8re les jeunes. Malheureusement il n\u2019a pas su assurer cela comme \u00e7a se doit (\u2026). il y a des structures solides qui ont exist\u00e9 il y a 19 ans de cela, malgr\u00e9 les difficult\u00e9s et les tentations que les gens ont voulues faire miroiter, ils sont rest\u00e9s. Je crois que le dynamisme l\u00e0 restera<\/em>\u00bb, a-t-il pr\u00e9cis\u00e9.<\/p>\n","protected":false},"excerpt":{"rendered":"<p>La d\u00e9mission du secr\u00e9taire g\u00e9n\u00e9ral de la jeunesse du Parti de l\u2019Union des Forces R\u00e9publicaines ce mardi 02 juin \u00e0 Conakry, les r\u00e9actions des cadres du parti n\u2019ont pas tard\u00e9 \u00e0 tomber. Pour le secr\u00e9taire ex\u00e9cutif du parti, cet \u00e9v\u00e8nement prouve \u00e0 suffisance que Badra Kon\u00e9 n\u2019est pas en mesure de supporter les pressions politiques [&hellip;]<\/p>\n","protected":false},"author":7,"featured_media":29370,"comment_status":"closed","ping_status":"closed","sticky":false,"template":"","format":"standard","meta":{"_exactmetrics_skip_tracking":false,"_exactmetrics_sitenote_active":false,"_exactmetrics_sitenote_note":"","_exactmetrics_sitenote_category":0,"tdm_status":"","tdm_grid_status":"","footnotes":""},"categories":[14],"tags":[],"class_list":{"0":"post-29369","1":"post","2":"type-post","3":"status-publish","4":"format-standard","5":"has-post-thumbnail","7":"category-politique"},"yoast_head":"<!-- This site is optimized with the Yoast SEO plugin v24.2 - https:\/\/yoast.com\/wordpress\/plugins\/seo\/ -->\n<title>UFR : Le secr\u00e9taire ex\u00e9cutif du parti r\u00e9agi face \u00e0 la d\u00e9mission de Badra Kon\u00e9 \u00ab ce n\u2019est m\u00eame pas un militant de l\u2019UFR(\u2026) \u00bb | Guin\u00e9e Diversit\u00e9<\/title>\n<meta name=\"robots\" content=\"index, follow, max-snippet:-1, max-image-preview:large, max-video-preview:-1\" \/>\n<link rel=\"canonical\" href=\"https:\/\/guineediversite.com\/index.php\/2020\/06\/02\/ufr-le-secretaire-executif-du-parti-reagi-face-a-la-demission-de-badra-kone-ce-nest-meme-pas-un-militant-de-lufr\/\" \/>\n<meta property=\"og:locale\" content=\"fr_FR\" \/>\n<meta property=\"og:type\" content=\"article\" \/>\n<meta property=\"og:title\" content=\"UFR : Le secr\u00e9taire ex\u00e9cutif du parti r\u00e9agi face \u00e0 la d\u00e9mission de Badra Kon\u00e9 \u00ab ce n\u2019est m\u00eame pas un militant de l\u2019UFR(\u2026) \u00bb | Guin\u00e9e Diversit\u00e9\" \/>\n<meta property=\"og:description\" content=\"La d\u00e9mission du secr\u00e9taire g\u00e9n\u00e9ral de la jeunesse du Parti de l\u2019Union des Forces R\u00e9publicaines ce mardi 02 juin \u00e0 Conakry, les r\u00e9actions des cadres du parti n\u2019ont pas tard\u00e9 \u00e0 tomber. Pour le secr\u00e9taire ex\u00e9cutif du parti, cet \u00e9v\u00e8nement prouve \u00e0 suffisance que Badra Kon\u00e9 n\u2019est pas en mesure de supporter les pressions politiques [&hellip;]\" \/>\n<meta property=\"og:url\" content=\"https:\/\/guineediversite.com\/index.php\/2020\/06\/02\/ufr-le-secretaire-executif-du-parti-reagi-face-a-la-demission-de-badra-kone-ce-nest-meme-pas-un-militant-de-lufr\/\" \/>\n<meta property=\"og:site_name\" content=\"Guin\u00e9e Diversit\u00e9\" \/>\n<meta property=\"article:publisher\" content=\"https:\/\/www.facebook.com\/guineediversite\/\" \/>\n<meta property=\"article:published_time\" content=\"2020-06-02T18:09:36+00:00\" \/>\n<meta property=\"article:modified_time\" content=\"2020-06-02T18:09:39+00:00\" \/>\n<meta property=\"og:image\" content=\"https:\/\/guineediversite.com\/wp-content\/uploads\/2020\/06\/SAIKOU-YAYA-BARRY-UFR.jpg\" \/>\n\t<meta property=\"og:image:width\" content=\"1500\" \/>\n\t<meta property=\"og:image:height\" content=\"1033\" \/>\n\t<meta property=\"og:image:type\" content=\"image\/jpeg\" \/>\n<meta name=\"author\" content=\"Bilguissa Diallo\" \/>\n<meta name=\"twitter:card\" content=\"summary_large_image\" \/>\n<meta name=\"twitter:creator\" content=\"@GuineeDiversite\" \/>\n<meta name=\"twitter:site\" content=\"@GuineeDiversite\" \/>\n<meta name=\"twitter:label1\" content=\"\u00c9crit par\" \/>\n\t<meta name=\"twitter:data1\" content=\"Bilguissa Diallo\" \/>\n\t<meta name=\"twitter:label2\" content=\"Dur\u00e9e de lecture estim\u00e9e\" \/>\n\t<meta name=\"twitter:data2\" content=\"2 minutes\" \/>\n<script type=\"application\/ld+json\" class=\"yoast-schema-graph\">{\"@context\":\"https:\/\/schema.org\",\"@graph\":[{\"@type\":\"Article\",\"@id\":\"https:\/\/guineediversite.com\/index.php\/2020\/06\/02\/ufr-le-secretaire-executif-du-parti-reagi-face-a-la-demission-de-badra-kone-ce-nest-meme-pas-un-militant-de-lufr\/#article\",\"isPartOf\":{\"@id\":\"https:\/\/guineediversite.com\/index.php\/2020\/06\/02\/ufr-le-secretaire-executif-du-parti-reagi-face-a-la-demission-de-badra-kone-ce-nest-meme-pas-un-militant-de-lufr\/\"},\"author\":{\"name\":\"Bilguissa Diallo\",\"@id\":\"https:\/\/guineediversite.com\/#\/schema\/person\/0e0e3e424768a50d025ac2218ccca73f\"},\"headline\":\"UFR : Le secr\u00e9taire ex\u00e9cutif du parti r\u00e9agi face \u00e0 la d\u00e9mission de Badra Kon\u00e9 \u00ab ce n\u2019est m\u00eame pas un militant de l\u2019UFR(\u2026) \u00bb\",\"datePublished\":\"2020-06-02T18:09:36+00:00\",\"dateModified\":\"2020-06-02T18:09:39+00:00\",\"mainEntityOfPage\":{\"@id\":\"https:\/\/guineediversite.com\/index.php\/2020\/06\/02\/ufr-le-secretaire-executif-du-parti-reagi-face-a-la-demission-de-badra-kone-ce-nest-meme-pas-un-militant-de-lufr\/\"},\"wordCount\":436,\"publisher\":{\"@id\":\"https:\/\/guineediversite.com\/#organization\"},\"image\":{\"@id\":\"https:\/\/guineediversite.com\/index.php\/2020\/06\/02\/ufr-le-secretaire-executif-du-parti-reagi-face-a-la-demission-de-badra-kone-ce-nest-meme-pas-un-militant-de-lufr\/#primaryimage\"},\"thumbnailUrl\":\"https:\/\/guineediversite.com\/wp-content\/uploads\/2020\/06\/SAIKOU-YAYA-BARRY-UFR.jpg\",\"articleSection\":[\"Politique\"],\"inLanguage\":\"fr-FR\"},{\"@type\":\"WebPage\",\"@id\":\"https:\/\/guineediversite.com\/index.php\/2020\/06\/02\/ufr-le-secretaire-executif-du-parti-reagi-face-a-la-demission-de-badra-kone-ce-nest-meme-pas-un-militant-de-lufr\/\",\"url\":\"https:\/\/guineediversite.com\/index.php\/2020\/06\/02\/ufr-le-secretaire-executif-du-parti-reagi-face-a-la-demission-de-badra-kone-ce-nest-meme-pas-un-militant-de-lufr\/\",\"name\":\"UFR : Le secr\u00e9taire ex\u00e9cutif du parti r\u00e9agi face \u00e0 la d\u00e9mission de Badra Kon\u00e9 \u00ab ce n\u2019est m\u00eame pas un militant de l\u2019UFR(\u2026) \u00bb | Guin\u00e9e Diversit\u00e9\",\"isPartOf\":{\"@id\":\"https:\/\/guineediversite.com\/#website\"},\"primaryImageOfPage\":{\"@id\":\"https:\/\/guineediversite.com\/index.php\/2020\/06\/02\/ufr-le-secretaire-executif-du-parti-reagi-face-a-la-demission-de-badra-kone-ce-nest-meme-pas-un-militant-de-lufr\/#primaryimage\"},\"image\":{\"@id\":\"https:\/\/guineediversite.com\/index.php\/2020\/06\/02\/ufr-le-secretaire-executif-du-parti-reagi-face-a-la-demission-de-badra-kone-ce-nest-meme-pas-un-militant-de-lufr\/#primaryimage\"},\"thumbnailUrl\":\"https:\/\/guineediversite.com\/wp-content\/uploads\/2020\/06\/SAIKOU-YAYA-BARRY-UFR.jpg\",\"datePublished\":\"2020-06-02T18:09:36+00:00\",\"dateModified\":\"2020-06-02T18:09:39+00:00\",\"breadcrumb\":{\"@id\":\"https:\/\/guineediversite.com\/index.php\/2020\/06\/02\/ufr-le-secretaire-executif-du-parti-reagi-face-a-la-demission-de-badra-kone-ce-nest-meme-pas-un-militant-de-lufr\/#breadcrumb\"},\"inLanguage\":\"fr-FR\",\"potentialAction\":[{\"@type\":\"ReadAction\",\"target\":[\"https:\/\/guineediversite.com\/index.php\/2020\/06\/02\/ufr-le-secretaire-executif-du-parti-reagi-face-a-la-demission-de-badra-kone-ce-nest-meme-pas-un-militant-de-lufr\/\"]}]},{\"@type\":\"ImageObject\",\"inLanguage\":\"fr-FR\",\"@id\":\"https:\/\/guineediversite.com\/index.php\/2020\/06\/02\/ufr-le-secretaire-executif-du-parti-reagi-face-a-la-demission-de-badra-kone-ce-nest-meme-pas-un-militant-de-lufr\/#primaryimage\",\"url\":\"https:\/\/guineediversite.com\/wp-content\/uploads\/2020\/06\/SAIKOU-YAYA-BARRY-UFR.jpg\",\"contentUrl\":\"https:\/\/guineediversite.com\/wp-content\/uploads\/2020\/06\/SAIKOU-YAYA-BARRY-UFR.jpg\",\"width\":1500,\"height\":1033},{\"@type\":\"BreadcrumbList\",\"@id\":\"https:\/\/guineediversite.com\/index.php\/2020\/06\/02\/ufr-le-secretaire-executif-du-parti-reagi-face-a-la-demission-de-badra-kone-ce-nest-meme-pas-un-militant-de-lufr\/#breadcrumb\",\"itemListElement\":[{\"@type\":\"ListItem\",\"position\":1,\"name\":\"Accueil\",\"item\":\"https:\/\/guineediversite.com\/\"},{\"@type\":\"ListItem\",\"position\":2,\"name\":\"UFR : Le secr\u00e9taire ex\u00e9cutif du parti r\u00e9agi face \u00e0 la d\u00e9mission de Badra Kon\u00e9 \u00ab ce n\u2019est m\u00eame pas un militant de l\u2019UFR(\u2026) \u00bb\"}]},{\"@type\":\"WebSite\",\"@id\":\"https:\/\/guineediversite.com\/#website\",\"url\":\"https:\/\/guineediversite.com\/\",\"name\":\"Guin\u00e9e Diversit\u00e9\",\"description\":\"L&#039;Info dans toute sa diversit\u00e9\",\"publisher\":{\"@id\":\"https:\/\/guineediversite.com\/#organization\"},\"potentialAction\":[{\"@type\":\"SearchAction\",\"target\":{\"@type\":\"EntryPoint\",\"urlTemplate\":\"https:\/\/guineediversite.com\/?s={search_term_string}\"},\"query-input\":{\"@type\":\"PropertyValueSpecification\",\"valueRequired\":true,\"valueName\":\"search_term_string\"}}],\"inLanguage\":\"fr-FR\"},{\"@type\":\"Organization\",\"@id\":\"https:\/\/guineediversite.com\/#organization\",\"name\":\"Guin\u00e9e Diversit\u00e9\",\"url\":\"https:\/\/guineediversite.com\/\",\"logo\":{\"@type\":\"ImageObject\",\"inLanguage\":\"fr-FR\",\"@id\":\"https:\/\/guineediversite.com\/#\/schema\/logo\/image\/\",\"url\":\"https:\/\/guineediversite.com\/wp-content\/uploads\/2017\/04\/cropped-1jojlxEOMkX9Wyqfhe43D6kjPOGqBBKmx3EwWJqZ0cMrFF54yM49.png\",\"contentUrl\":\"https:\/\/guineediversite.com\/wp-content\/uploads\/2017\/04\/cropped-1jojlxEOMkX9Wyqfhe43D6kjPOGqBBKmx3EwWJqZ0cMrFF54yM49.png\",\"width\":186,\"height\":112,\"caption\":\"Guin\u00e9e Diversit\u00e9\"},\"image\":{\"@id\":\"https:\/\/guineediversite.com\/#\/schema\/logo\/image\/\"},\"sameAs\":[\"https:\/\/www.facebook.com\/guineediversite\/\",\"https:\/\/x.com\/GuineeDiversite\",\"https:\/\/www.youtube.com\/channel\/UC8sUY16qelG5ge6_D5SB83g\"]},{\"@type\":\"Person\",\"@id\":\"https:\/\/guineediversite.com\/#\/schema\/person\/0e0e3e424768a50d025ac2218ccca73f\",\"name\":\"Bilguissa Diallo\",\"image\":{\"@type\":\"ImageObject\",\"inLanguage\":\"fr-FR\",\"@id\":\"https:\/\/guineediversite.com\/#\/schema\/person\/image\/\",\"url\":\"https:\/\/secure.gravatar.com\/avatar\/49bbbd2420ee34d62b1b191791f4b5df?s=96&d=mm&r=g\",\"contentUrl\":\"https:\/\/secure.gravatar.com\/avatar\/49bbbd2420ee34d62b1b191791f4b5df?s=96&d=mm&r=g\",\"caption\":\"Bilguissa Diallo\"},\"url\":\"https:\/\/guineediversite.com\/index.php\/author\/bilguissa\/\"}]}<\/script>\n<!-- \/ Yoast SEO plugin. -->","yoast_head_json":{"title":"UFR : Le secr\u00e9taire ex\u00e9cutif du parti r\u00e9agi face \u00e0 la d\u00e9mission de Badra Kon\u00e9 \u00ab ce n\u2019est m\u00eame pas un militant de l\u2019UFR(\u2026) \u00bb | Guin\u00e9e Diversit\u00e9","robots":{"index":"index","follow":"follow","max-snippet":"max-snippet:-1","max-image-preview":"max-image-preview:large","max-video-preview":"max-video-preview:-1"},"canonical":"https:\/\/guineediversite.com\/index.php\/2020\/06\/02\/ufr-le-secretaire-executif-du-parti-reagi-face-a-la-demission-de-badra-kone-ce-nest-meme-pas-un-militant-de-lufr\/","og_locale":"fr_FR","og_type":"article","og_title":"UFR : Le secr\u00e9taire ex\u00e9cutif du parti r\u00e9agi face \u00e0 la d\u00e9mission de Badra Kon\u00e9 \u00ab ce n\u2019est m\u00eame pas un militant de l\u2019UFR(\u2026) \u00bb | Guin\u00e9e Diversit\u00e9","og_description":"La d\u00e9mission du secr\u00e9taire g\u00e9n\u00e9ral de la jeunesse du Parti de l\u2019Union des Forces R\u00e9publicaines ce mardi 02 juin \u00e0 Conakry, les r\u00e9actions des cadres du parti n\u2019ont pas tard\u00e9 \u00e0 tomber. Pour le secr\u00e9taire ex\u00e9cutif du parti, cet \u00e9v\u00e8nement prouve \u00e0 suffisance que Badra Kon\u00e9 n\u2019est pas en mesure de supporter les pressions politiques [&hellip;]","og_url":"https:\/\/guineediversite.com\/index.php\/2020\/06\/02\/ufr-le-secretaire-executif-du-parti-reagi-face-a-la-demission-de-badra-kone-ce-nest-meme-pas-un-militant-de-lufr\/","og_site_name":"Guin\u00e9e Diversit\u00e9","article_publisher":"https:\/\/www.facebook.com\/guineediversite\/","article_published_time":"2020-06-02T18:09:36+00:00","article_modified_time":"2020-06-02T18:09:39+00:00","og_image":[{"width":1500,"height":1033,"url":"https:\/\/guineediversite.com\/wp-content\/uploads\/2020\/06\/SAIKOU-YAYA-BARRY-UFR.jpg","type":"image\/jpeg"}],"author":"Bilguissa Diallo","twitter_card":"summary_large_image","twitter_creator":"@GuineeDiversite","twitter_site":"@GuineeDiversite","twitter_misc":{"\u00c9crit par":"Bilguissa Diallo","Dur\u00e9e de lecture estim\u00e9e":"2 minutes"},"schema":{"@context":"https:\/\/schema.org","@graph":[{"@type":"Article","@id":"https:\/\/guineediversite.com\/index.php\/2020\/06\/02\/ufr-le-secretaire-executif-du-parti-reagi-face-a-la-demission-de-badra-kone-ce-nest-meme-pas-un-militant-de-lufr\/#article","isPartOf":{"@id":"https:\/\/guineediversite.com\/index.php\/2020\/06\/02\/ufr-le-secretaire-executif-du-parti-reagi-face-a-la-demission-de-badra-kone-ce-nest-meme-pas-un-militant-de-lufr\/"},"author":{"name":"Bilguissa Diallo","@id":"https:\/\/guineediversite.com\/#\/schema\/person\/0e0e3e424768a50d025ac2218ccca73f"},"headline":"UFR : Le secr\u00e9taire ex\u00e9cutif du parti r\u00e9agi face \u00e0 la d\u00e9mission de Badra Kon\u00e9 \u00ab ce n\u2019est m\u00eame pas un militant de l\u2019UFR(\u2026) \u00bb","datePublished":"2020-06-02T18:09:36+00:00","dateModified":"2020-06-02T18:09:39+00:00","mainEntityOfPage":{"@id":"https:\/\/guineediversite.com\/index.php\/2020\/06\/02\/ufr-le-secretaire-executif-du-parti-reagi-face-a-la-demission-de-badra-kone-ce-nest-meme-pas-un-militant-de-lufr\/"},"wordCount":436,"publisher":{"@id":"https:\/\/guineediversite.com\/#organization"},"image":{"@id":"https:\/\/guineediversite.com\/index.php\/2020\/06\/02\/ufr-le-secretaire-executif-du-parti-reagi-face-a-la-demission-de-badra-kone-ce-nest-meme-pas-un-militant-de-lufr\/#primaryimage"},"thumbnailUrl":"https:\/\/guineediversite.com\/wp-content\/uploads\/2020\/06\/SAIKOU-YAYA-BARRY-UFR.jpg","articleSection":["Politique"],"inLanguage":"fr-FR"},{"@type":"WebPage","@id":"https:\/\/guineediversite.com\/index.php\/2020\/06\/02\/ufr-le-secretaire-executif-du-parti-reagi-face-a-la-demission-de-badra-kone-ce-nest-meme-pas-un-militant-de-lufr\/","url":"https:\/\/guineediversite.com\/index.php\/2020\/06\/02\/ufr-le-secretaire-executif-du-parti-reagi-face-a-la-demission-de-badra-kone-ce-nest-meme-pas-un-militant-de-lufr\/","name":"UFR : Le secr\u00e9taire ex\u00e9cutif du parti r\u00e9agi face \u00e0 la d\u00e9mission de Badra Kon\u00e9 \u00ab ce n\u2019est m\u00eame pas un militant de l\u2019UFR(\u2026) \u00bb | Guin\u00e9e Diversit\u00e9","isPartOf":{"@id":"https:\/\/guineediversite.com\/#website"},"primaryImageOfPage":{"@id":"https:\/\/guineediversite.com\/index.php\/2020\/06\/02\/ufr-le-secretaire-executif-du-parti-reagi-face-a-la-demission-de-badra-kone-ce-nest-meme-pas-un-militant-de-lufr\/#primaryimage"},"image":{"@id":"https:\/\/guineediversite.com\/index.php\/2020\/06\/02\/ufr-le-secretaire-executif-du-parti-reagi-face-a-la-demission-de-badra-kone-ce-nest-meme-pas-un-militant-de-lufr\/#primaryimage"},"thumbnailUrl":"https:\/\/guineediversite.com\/wp-content\/uploads\/2020\/06\/SAIKOU-YAYA-BARRY-UFR.jpg","datePublished":"2020-06-02T18:09:36+00:00","dateModified":"2020-06-02T18:09:39+00:00","breadcrumb":{"@id":"https:\/\/guineediversite.com\/index.php\/2020\/06\/02\/ufr-le-secretaire-executif-du-parti-reagi-face-a-la-demission-de-badra-kone-ce-nest-meme-pas-un-militant-de-lufr\/#breadcrumb"},"inLanguage":"fr-FR","potentialAction":[{"@type":"ReadAction","target":["https:\/\/guineediversite.com\/index.php\/2020\/06\/02\/ufr-le-secretaire-executif-du-parti-reagi-face-a-la-demission-de-badra-kone-ce-nest-meme-pas-un-militant-de-lufr\/"]}]},{"@type":"ImageObject","inLanguage":"fr-FR","@id":"https:\/\/guineediversite.com\/index.php\/2020\/06\/02\/ufr-le-secretaire-executif-du-parti-reagi-face-a-la-demission-de-badra-kone-ce-nest-meme-pas-un-militant-de-lufr\/#primaryimage","url":"https:\/\/guineediversite.com\/wp-content\/uploads\/2020\/06\/SAIKOU-YAYA-BARRY-UFR.jpg","contentUrl":"https:\/\/guineediversite.com\/wp-content\/uploads\/2020\/06\/SAIKOU-YAYA-BARRY-UFR.jpg","width":1500,"height":1033},{"@type":"BreadcrumbList","@id":"https:\/\/guineediversite.com\/index.php\/2020\/06\/02\/ufr-le-secretaire-executif-du-parti-reagi-face-a-la-demission-de-badra-kone-ce-nest-meme-pas-un-militant-de-lufr\/#breadcrumb","itemListElement":[{"@type":"ListItem","position":1,"name":"Accueil","item":"https:\/\/guineediversite.com\/"},{"@type":"ListItem","position":2,"name":"UFR : Le secr\u00e9taire ex\u00e9cutif du parti r\u00e9agi face \u00e0 la d\u00e9mission de Badra Kon\u00e9 \u00ab ce n\u2019est m\u00eame pas un militant de l\u2019UFR(\u2026) \u00bb"}]},{"@type":"WebSite","@id":"https:\/\/guineediversite.com\/#website","url":"https:\/\/guineediversite.com\/","name":"Guin\u00e9e Diversit\u00e9","description":"L&#039;Info dans toute sa diversit\u00e9","publisher":{"@id":"https:\/\/guineediversite.com\/#organization"},"potentialAction":[{"@type":"SearchAction","target":{"@type":"EntryPoint","urlTemplate":"https:\/\/guineediversite.com\/?s={search_term_string}"},"query-input":{"@type":"PropertyValueSpecification","valueRequired":true,"valueName":"search_term_string"}}],"inLanguage":"fr-FR"},{"@type":"Organization","@id":"https:\/\/guineediversite.com\/#organization","name":"Guin\u00e9e Diversit\u00e9","url":"https:\/\/guineediversite.com\/","logo":{"@type":"ImageObject","inLanguage":"fr-FR","@id":"https:\/\/guineediversite.com\/#\/schema\/logo\/image\/","url":"https:\/\/guineediversite.com\/wp-content\/uploads\/2017\/04\/cropped-1jojlxEOMkX9Wyqfhe43D6kjPOGqBBKmx3EwWJqZ0cMrFF54yM49.png","contentUrl":"https:\/\/guineediversite.com\/wp-content\/uploads\/2017\/04\/cropped-1jojlxEOMkX9Wyqfhe43D6kjPOGqBBKmx3EwWJqZ0cMrFF54yM49.png","width":186,"height":112,"caption":"Guin\u00e9e Diversit\u00e9"},"image":{"@id":"https:\/\/guineediversite.com\/#\/schema\/logo\/image\/"},"sameAs":["https:\/\/www.facebook.com\/guineediversite\/","https:\/\/x.com\/GuineeDiversite","https:\/\/www.youtube.com\/channel\/UC8sUY16qelG5ge6_D5SB83g"]},{"@type":"Person","@id":"https:\/\/guineediversite.com\/#\/schema\/person\/0e0e3e424768a50d025ac2218ccca73f","name":"Bilguissa Diallo","image":{"@type":"ImageObject","inLanguage":"fr-FR","@id":"https:\/\/guineediversite.com\/#\/schema\/person\/image\/","url":"https:\/\/secure.gravatar.com\/avatar\/49bbbd2420ee34d62b1b191791f4b5df?s=96&d=mm&r=g","contentUrl":"https:\/\/secure.gravatar.com\/avatar\/49bbbd2420ee34d62b1b191791f4b5df?s=96&d=mm&r=g","caption":"Bilguissa Diallo"},"url":"https:\/\/guineediversite.com\/index.php\/author\/bilguissa\/"}]}},"_links":{"self":[{"href":"https:\/\/guineediversite.com\/index.php\/wp-json\/wp\/v2\/posts\/29369"}],"collection":[{"href":"https:\/\/guineediversite.com\/index.php\/wp-json\/wp\/v2\/posts"}],"about":[{"href":"https:\/\/guineediversite.com\/index.php\/wp-json\/wp\/v2\/types\/post"}],"author":[{"embeddable":true,"href":"https:\/\/guineediversite.com\/index.php\/wp-json\/wp\/v2\/users\/7"}],"replies":[{"embeddable":true,"href":"https:\/\/guineediversite.com\/index.php\/wp-json\/wp\/v2\/comments?post=29369"}],"version-history":[{"count":1,"href":"https:\/\/guineediversite.com\/index.php\/wp-json\/wp\/v2\/posts\/29369\/revisions"}],"predecessor-version":[{"id":29371,"href":"https:\/\/guineediversite.com\/index.php\/wp-json\/wp\/v2\/posts\/29369\/revisions\/29371"}],"wp:featuredmedia":[{"embeddable":true,"href":"https:\/\/guineediversite.com\/index.php\/wp-json\/wp\/v2\/media\/29370"}],"wp:attachment":[{"href":"https:\/\/guineediversite.com\/index.php\/wp-json\/wp\/v2\/media?parent=29369"}],"wp:term":[{"taxonomy":"category","embeddable":true,"href":"https:\/\/guineediversite.com\/index.php\/wp-json\/wp\/v2\/categories?post=29369"},{"taxonomy":"post_tag","embeddable":true,"href":"https:\/\/guineediversite.com\/index.php\/wp-json\/wp\/v2\/tags?post=29369"}],"curies":[{"name":"wp","href":"https:\/\/api.w.org\/{rel}","templated":true}]}}