{"id":29366,"date":"2020-06-02T19:24:07","date_gmt":"2020-06-02T17:24:07","guid":{"rendered":"https:\/\/guineediversite.com\/?p=29366"},"modified":"2020-06-02T19:24:12","modified_gmt":"2020-06-02T17:24:12","slug":"badra-kone-demissionne-de-lufr-et-pointe-un-doigt-accusateur-sur-certains-cadres-de-son-ancien-parti","status":"publish","type":"post","link":"https:\/\/guineediversite.com\/index.php\/2020\/06\/02\/badra-kone-demissionne-de-lufr-et-pointe-un-doigt-accusateur-sur-certains-cadres-de-son-ancien-parti\/","title":{"rendered":"Badra Kon\u00e9 d\u00e9missionne de l\u2019UFR et pointe un doigt accusateur sur certains cadres de son ancien parti"},"content":{"rendered":"\n<p><strong>C\u2019est dans l\u2019apr\u00e8s-midi de ce mardi 02 juin, que nous avons appris la nouvelle. Il \u00e9tait jusque-l\u00e0 secr\u00e9taire g\u00e9n\u00e9ral de la jeunesse du parti de l\u2019UFR, un parti pr\u00e9sid\u00e9 par l\u2019ancien Premier ministre Sidya Tour\u00e9 du r\u00e9gime Comt\u00e9. Badra Kon\u00e9 joint au t\u00e9l\u00e9phone par notre r\u00e9daction expliquent les raisons son d\u00e9part du parti.<\/strong><\/p>\n\n\n\n<p>Interrog\u00e9 Badra Kon\u00e9 ne passera pas par quatre chemins, il dira ceci : \u00ab <em>quand \u00e7a ne va pas, je pense qu\u2019il faut prendre ses responsabilit\u00e9s. Tu prends ton destin en main et tu t\u2019assumes. C\u2019est ce que je suis en train de faire. J\u2019ai quitt\u00e9 ! les gens sont en train de faire croire que je vais \u00e0 la mouvance, je les pr\u00e9pare d\u00e9j\u00e0 l\u2019esprit pour leur dire que je ne vais pas \u00e0 la mouvance. Ce n\u2019est pas mon calcul. Ce n\u2019est pas ce que je vois comme perspective d\u2019avenir. Ce que je suis en train de voir serait contraire \u00e0 \u00e7a. Mais que Dieu guide nos pas, on va verra dans un futur proche, ce qui va \u00eatre la proposition de Badra pour les jeunes ou le peuple de Guin\u00e9e<\/em> \u00bb a-t-il d\u00e9clar\u00e9.<\/p>\n\n\n\n<p>Et de pr\u00e9ciser, \u00ab <em>Il faut dire que dans une association, quand vous vous \u00eates mis ensemble pour un objectif global, vous ne devrez pas \u00eatre comme des adversaires. Vous devez \u00eatre des personnes qui se battent ensemble pour voir aboutir l\u2019id\u00e9al<\/em> \u00bb.<\/p>\n\n\n\n<p>Pour ce qui des motifs de son d\u00e9part du parti, il explique qu\u2019il a \u00e9t\u00e9 victime de persifl\u00e2t de certains cadres dans le parti. \u00ab <em>Je suis depuis un certain temps victime, je ne dirais pas de critiques ; mais d\u2019attaque de la part du responsable de la communication de l\u2019UFR, Ahmed Tidiane Sylla et le secr\u00e9taire ex\u00e9cutif, Saikou Yaya Barry, pour des raisons que moi-m\u00eame j\u2019ignore. Depuis ma sortie de prison, je pense que ces deux personnes n\u2019ont pas \u00e9t\u00e9 de ceux qui sont venus me soutenir en prison. Donc quand je suis sortie, ils se reprochaient de cela. Et il y avait peut-\u00eatre plus ou moins une tension entre nous. Mais mieux, ils ont consid\u00e9r\u00e9 le silence que j\u2019ai observ\u00e9 pour le fait que je suis all\u00e9 \u00e0 la mouvance ; que j\u2019ai pris de l\u2019argent. Saikou Yaya, depuis 20 ans en politique, ce qui est arriv\u00e9 \u00e0 ma famille et \u00e0 moi n\u2019est jamais arriv\u00e9 chez lui. Ce qui m\u2019est arriv\u00e9 n\u2019est jamais arriv\u00e9 chez Ahmed Tidiane. Ils ne savent pas que ma famille et moi, avions \u00e9t\u00e9s victimes de plusieurs choses pour cette histoire politique. Moi-m\u00eame je suis all\u00e9 taper 44 jours en prison. C\u2019est une chose connue de tout le monde. Maintenant ces gens qui doivent ensemble avec moi faire de Sidya pr\u00e9sident de la R\u00e9publique, s\u2019ils s\u2019opposent \u00e0 ma personne, je ne suis pas contre. Mais aller aussi me vilipender, faire croire des choses qui sont fausses, je ne suis pas d\u2019accord avec \u00e7a <\/em>\u00bb.<\/p>\n\n\n\n<p>Il a dans cet entretien t\u00e9l\u00e9phonique, soulign\u00e9 qu&rsquo;il aurait remont\u00e9 la situation aux cadres se trouvant au sommet du parti, mais en vain. \u00ab <em>J\u2019ai interpell\u00e9 le pr\u00e9sident Sidya l\u00e0-dessus. Il a promis de finir avec ; mais \u00e7a n\u2019a pas \u00e9t\u00e9 fait. J\u2019ai interpell\u00e9 le bureau ex\u00e9cutif dans une des r\u00e9unions pr\u00e9sident par honorable Goyo Zoumanigui, \u00e7a n\u2019a pas \u00e9t\u00e9 fait. Les m\u00eames personnes continuent les m\u00eames pratiques. Saikou Yaya est partis dans une r\u00e9union dire que je suis une taupe. Donc je ne comprends pas tout \u00e7a. Ce n\u2019est pas digne des personnes s\u2019engageant pour le m\u00eame objectif<\/em>\u00bb a-t-il regrett\u00e9.<\/p>\n","protected":false},"excerpt":{"rendered":"<p>C\u2019est dans l\u2019apr\u00e8s-midi de ce mardi 02 juin, que nous avons appris la nouvelle. Il \u00e9tait jusque-l\u00e0 secr\u00e9taire g\u00e9n\u00e9ral de la jeunesse du parti de l\u2019UFR, un parti pr\u00e9sid\u00e9 par l\u2019ancien Premier ministre Sidya Tour\u00e9 du r\u00e9gime Comt\u00e9. Badra Kon\u00e9 joint au t\u00e9l\u00e9phone par notre r\u00e9daction expliquent les raisons son d\u00e9part du parti. Interrog\u00e9 Badra [&hellip;]<\/p>\n","protected":false},"author":10,"featured_media":29367,"comment_status":"closed","ping_status":"closed","sticky":false,"template":"","format":"standard","meta":{"_exactmetrics_skip_tracking":false,"_exactmetrics_sitenote_active":false,"_exactmetrics_sitenote_note":"","_exactmetrics_sitenote_category":0,"tdm_status":"","tdm_grid_status":"","footnotes":""},"categories":[254,14],"tags":[],"class_list":{"0":"post-29366","1":"post","2":"type-post","3":"status-publish","4":"format-standard","5":"has-post-thumbnail","7":"category-derniere-minute","8":"category-politique"},"yoast_head":"<!-- This site is optimized with the Yoast SEO plugin v24.2 - https:\/\/yoast.com\/wordpress\/plugins\/seo\/ -->\n<title>Badra Kon\u00e9 d\u00e9missionne de l\u2019UFR et pointe un doigt accusateur sur certains cadres de son ancien parti | Guin\u00e9e Diversit\u00e9<\/title>\n<meta name=\"robots\" content=\"index, follow, max-snippet:-1, max-image-preview:large, max-video-preview:-1\" \/>\n<link rel=\"canonical\" href=\"https:\/\/guineediversite.com\/index.php\/2020\/06\/02\/badra-kone-demissionne-de-lufr-et-pointe-un-doigt-accusateur-sur-certains-cadres-de-son-ancien-parti\/\" \/>\n<meta property=\"og:locale\" content=\"fr_FR\" \/>\n<meta property=\"og:type\" content=\"article\" \/>\n<meta property=\"og:title\" content=\"Badra Kon\u00e9 d\u00e9missionne de l\u2019UFR et pointe un doigt accusateur sur certains cadres de son ancien parti | Guin\u00e9e Diversit\u00e9\" \/>\n<meta property=\"og:description\" content=\"C\u2019est dans l\u2019apr\u00e8s-midi de ce mardi 02 juin, que nous avons appris la nouvelle. Il \u00e9tait jusque-l\u00e0 secr\u00e9taire g\u00e9n\u00e9ral de la jeunesse du parti de l\u2019UFR, un parti pr\u00e9sid\u00e9 par l\u2019ancien Premier ministre Sidya Tour\u00e9 du r\u00e9gime Comt\u00e9. Badra Kon\u00e9 joint au t\u00e9l\u00e9phone par notre r\u00e9daction expliquent les raisons son d\u00e9part du parti. Interrog\u00e9 Badra [&hellip;]\" \/>\n<meta property=\"og:url\" content=\"https:\/\/guineediversite.com\/index.php\/2020\/06\/02\/badra-kone-demissionne-de-lufr-et-pointe-un-doigt-accusateur-sur-certains-cadres-de-son-ancien-parti\/\" \/>\n<meta property=\"og:site_name\" content=\"Guin\u00e9e Diversit\u00e9\" \/>\n<meta property=\"article:publisher\" content=\"https:\/\/www.facebook.com\/guineediversite\/\" \/>\n<meta property=\"article:published_time\" content=\"2020-06-02T17:24:07+00:00\" \/>\n<meta property=\"article:modified_time\" content=\"2020-06-02T17:24:12+00:00\" \/>\n<meta property=\"og:image\" content=\"https:\/\/guineediversite.com\/wp-content\/uploads\/2020\/06\/BADRA-KONE-UFR.jpg\" \/>\n\t<meta property=\"og:image:width\" content=\"1500\" \/>\n\t<meta property=\"og:image:height\" content=\"1206\" \/>\n\t<meta property=\"og:image:type\" content=\"image\/jpeg\" \/>\n<meta name=\"author\" content=\"Morcire Camara\" \/>\n<meta name=\"twitter:card\" content=\"summary_large_image\" \/>\n<meta name=\"twitter:creator\" content=\"@GuineeDiversite\" \/>\n<meta name=\"twitter:site\" content=\"@GuineeDiversite\" \/>\n<meta name=\"twitter:label1\" content=\"\u00c9crit par\" \/>\n\t<meta name=\"twitter:data1\" content=\"Morcire Camara\" \/>\n\t<meta name=\"twitter:label2\" content=\"Dur\u00e9e de lecture estim\u00e9e\" \/>\n\t<meta name=\"twitter:data2\" content=\"3 minutes\" \/>\n<script type=\"application\/ld+json\" class=\"yoast-schema-graph\">{\"@context\":\"https:\/\/schema.org\",\"@graph\":[{\"@type\":\"Article\",\"@id\":\"https:\/\/guineediversite.com\/index.php\/2020\/06\/02\/badra-kone-demissionne-de-lufr-et-pointe-un-doigt-accusateur-sur-certains-cadres-de-son-ancien-parti\/#article\",\"isPartOf\":{\"@id\":\"https:\/\/guineediversite.com\/index.php\/2020\/06\/02\/badra-kone-demissionne-de-lufr-et-pointe-un-doigt-accusateur-sur-certains-cadres-de-son-ancien-parti\/\"},\"author\":{\"name\":\"Morcire Camara\",\"@id\":\"https:\/\/guineediversite.com\/#\/schema\/person\/fa362494c47202ce4b3adf55abcc9d01\"},\"headline\":\"Badra Kon\u00e9 d\u00e9missionne de l\u2019UFR et pointe un doigt accusateur sur certains cadres de son ancien parti\",\"datePublished\":\"2020-06-02T17:24:07+00:00\",\"dateModified\":\"2020-06-02T17:24:12+00:00\",\"mainEntityOfPage\":{\"@id\":\"https:\/\/guineediversite.com\/index.php\/2020\/06\/02\/badra-kone-demissionne-de-lufr-et-pointe-un-doigt-accusateur-sur-certains-cadres-de-son-ancien-parti\/\"},\"wordCount\":656,\"publisher\":{\"@id\":\"https:\/\/guineediversite.com\/#organization\"},\"image\":{\"@id\":\"https:\/\/guineediversite.com\/index.php\/2020\/06\/02\/badra-kone-demissionne-de-lufr-et-pointe-un-doigt-accusateur-sur-certains-cadres-de-son-ancien-parti\/#primaryimage\"},\"thumbnailUrl\":\"https:\/\/guineediversite.com\/wp-content\/uploads\/2020\/06\/BADRA-KONE-UFR.jpg\",\"articleSection\":[\"Derni\u00e8re minute\",\"Politique\"],\"inLanguage\":\"fr-FR\"},{\"@type\":\"WebPage\",\"@id\":\"https:\/\/guineediversite.com\/index.php\/2020\/06\/02\/badra-kone-demissionne-de-lufr-et-pointe-un-doigt-accusateur-sur-certains-cadres-de-son-ancien-parti\/\",\"url\":\"https:\/\/guineediversite.com\/index.php\/2020\/06\/02\/badra-kone-demissionne-de-lufr-et-pointe-un-doigt-accusateur-sur-certains-cadres-de-son-ancien-parti\/\",\"name\":\"Badra Kon\u00e9 d\u00e9missionne de l\u2019UFR et pointe un doigt accusateur sur certains cadres de son ancien parti | Guin\u00e9e Diversit\u00e9\",\"isPartOf\":{\"@id\":\"https:\/\/guineediversite.com\/#website\"},\"primaryImageOfPage\":{\"@id\":\"https:\/\/guineediversite.com\/index.php\/2020\/06\/02\/badra-kone-demissionne-de-lufr-et-pointe-un-doigt-accusateur-sur-certains-cadres-de-son-ancien-parti\/#primaryimage\"},\"image\":{\"@id\":\"https:\/\/guineediversite.com\/index.php\/2020\/06\/02\/badra-kone-demissionne-de-lufr-et-pointe-un-doigt-accusateur-sur-certains-cadres-de-son-ancien-parti\/#primaryimage\"},\"thumbnailUrl\":\"https:\/\/guineediversite.com\/wp-content\/uploads\/2020\/06\/BADRA-KONE-UFR.jpg\",\"datePublished\":\"2020-06-02T17:24:07+00:00\",\"dateModified\":\"2020-06-02T17:24:12+00:00\",\"breadcrumb\":{\"@id\":\"https:\/\/guineediversite.com\/index.php\/2020\/06\/02\/badra-kone-demissionne-de-lufr-et-pointe-un-doigt-accusateur-sur-certains-cadres-de-son-ancien-parti\/#breadcrumb\"},\"inLanguage\":\"fr-FR\",\"potentialAction\":[{\"@type\":\"ReadAction\",\"target\":[\"https:\/\/guineediversite.com\/index.php\/2020\/06\/02\/badra-kone-demissionne-de-lufr-et-pointe-un-doigt-accusateur-sur-certains-cadres-de-son-ancien-parti\/\"]}]},{\"@type\":\"ImageObject\",\"inLanguage\":\"fr-FR\",\"@id\":\"https:\/\/guineediversite.com\/index.php\/2020\/06\/02\/badra-kone-demissionne-de-lufr-et-pointe-un-doigt-accusateur-sur-certains-cadres-de-son-ancien-parti\/#primaryimage\",\"url\":\"https:\/\/guineediversite.com\/wp-content\/uploads\/2020\/06\/BADRA-KONE-UFR.jpg\",\"contentUrl\":\"https:\/\/guineediversite.com\/wp-content\/uploads\/2020\/06\/BADRA-KONE-UFR.jpg\",\"width\":1500,\"height\":1206},{\"@type\":\"BreadcrumbList\",\"@id\":\"https:\/\/guineediversite.com\/index.php\/2020\/06\/02\/badra-kone-demissionne-de-lufr-et-pointe-un-doigt-accusateur-sur-certains-cadres-de-son-ancien-parti\/#breadcrumb\",\"itemListElement\":[{\"@type\":\"ListItem\",\"position\":1,\"name\":\"Accueil\",\"item\":\"https:\/\/guineediversite.com\/\"},{\"@type\":\"ListItem\",\"position\":2,\"name\":\"Badra Kon\u00e9 d\u00e9missionne de l\u2019UFR et pointe un doigt accusateur sur certains cadres de son ancien parti\"}]},{\"@type\":\"WebSite\",\"@id\":\"https:\/\/guineediversite.com\/#website\",\"url\":\"https:\/\/guineediversite.com\/\",\"name\":\"Guin\u00e9e Diversit\u00e9\",\"description\":\"L&#039;Info dans toute sa diversit\u00e9\",\"publisher\":{\"@id\":\"https:\/\/guineediversite.com\/#organization\"},\"potentialAction\":[{\"@type\":\"SearchAction\",\"target\":{\"@type\":\"EntryPoint\",\"urlTemplate\":\"https:\/\/guineediversite.com\/?s={search_term_string}\"},\"query-input\":{\"@type\":\"PropertyValueSpecification\",\"valueRequired\":true,\"valueName\":\"search_term_string\"}}],\"inLanguage\":\"fr-FR\"},{\"@type\":\"Organization\",\"@id\":\"https:\/\/guineediversite.com\/#organization\",\"name\":\"Guin\u00e9e Diversit\u00e9\",\"url\":\"https:\/\/guineediversite.com\/\",\"logo\":{\"@type\":\"ImageObject\",\"inLanguage\":\"fr-FR\",\"@id\":\"https:\/\/guineediversite.com\/#\/schema\/logo\/image\/\",\"url\":\"https:\/\/guineediversite.com\/wp-content\/uploads\/2017\/04\/cropped-1jojlxEOMkX9Wyqfhe43D6kjPOGqBBKmx3EwWJqZ0cMrFF54yM49.png\",\"contentUrl\":\"https:\/\/guineediversite.com\/wp-content\/uploads\/2017\/04\/cropped-1jojlxEOMkX9Wyqfhe43D6kjPOGqBBKmx3EwWJqZ0cMrFF54yM49.png\",\"width\":186,\"height\":112,\"caption\":\"Guin\u00e9e Diversit\u00e9\"},\"image\":{\"@id\":\"https:\/\/guineediversite.com\/#\/schema\/logo\/image\/\"},\"sameAs\":[\"https:\/\/www.facebook.com\/guineediversite\/\",\"https:\/\/x.com\/GuineeDiversite\",\"https:\/\/www.youtube.com\/channel\/UC8sUY16qelG5ge6_D5SB83g\"]},{\"@type\":\"Person\",\"@id\":\"https:\/\/guineediversite.com\/#\/schema\/person\/fa362494c47202ce4b3adf55abcc9d01\",\"name\":\"Morcire Camara\",\"image\":{\"@type\":\"ImageObject\",\"inLanguage\":\"fr-FR\",\"@id\":\"https:\/\/guineediversite.com\/#\/schema\/person\/image\/\",\"url\":\"https:\/\/secure.gravatar.com\/avatar\/3ec324f02295bbcebe03d99b39330ab4?s=96&d=mm&r=g\",\"contentUrl\":\"https:\/\/secure.gravatar.com\/avatar\/3ec324f02295bbcebe03d99b39330ab4?s=96&d=mm&r=g\",\"caption\":\"Morcire Camara\"},\"url\":\"https:\/\/guineediversite.com\/index.php\/author\/morcire\/\"}]}<\/script>\n<!-- \/ Yoast SEO plugin. -->","yoast_head_json":{"title":"Badra Kon\u00e9 d\u00e9missionne de l\u2019UFR et pointe un doigt accusateur sur certains cadres de son ancien parti | Guin\u00e9e Diversit\u00e9","robots":{"index":"index","follow":"follow","max-snippet":"max-snippet:-1","max-image-preview":"max-image-preview:large","max-video-preview":"max-video-preview:-1"},"canonical":"https:\/\/guineediversite.com\/index.php\/2020\/06\/02\/badra-kone-demissionne-de-lufr-et-pointe-un-doigt-accusateur-sur-certains-cadres-de-son-ancien-parti\/","og_locale":"fr_FR","og_type":"article","og_title":"Badra Kon\u00e9 d\u00e9missionne de l\u2019UFR et pointe un doigt accusateur sur certains cadres de son ancien parti | Guin\u00e9e Diversit\u00e9","og_description":"C\u2019est dans l\u2019apr\u00e8s-midi de ce mardi 02 juin, que nous avons appris la nouvelle. Il \u00e9tait jusque-l\u00e0 secr\u00e9taire g\u00e9n\u00e9ral de la jeunesse du parti de l\u2019UFR, un parti pr\u00e9sid\u00e9 par l\u2019ancien Premier ministre Sidya Tour\u00e9 du r\u00e9gime Comt\u00e9. Badra Kon\u00e9 joint au t\u00e9l\u00e9phone par notre r\u00e9daction expliquent les raisons son d\u00e9part du parti. Interrog\u00e9 Badra [&hellip;]","og_url":"https:\/\/guineediversite.com\/index.php\/2020\/06\/02\/badra-kone-demissionne-de-lufr-et-pointe-un-doigt-accusateur-sur-certains-cadres-de-son-ancien-parti\/","og_site_name":"Guin\u00e9e Diversit\u00e9","article_publisher":"https:\/\/www.facebook.com\/guineediversite\/","article_published_time":"2020-06-02T17:24:07+00:00","article_modified_time":"2020-06-02T17:24:12+00:00","og_image":[{"width":1500,"height":1206,"url":"https:\/\/guineediversite.com\/wp-content\/uploads\/2020\/06\/BADRA-KONE-UFR.jpg","type":"image\/jpeg"}],"author":"Morcire Camara","twitter_card":"summary_large_image","twitter_creator":"@GuineeDiversite","twitter_site":"@GuineeDiversite","twitter_misc":{"\u00c9crit par":"Morcire Camara","Dur\u00e9e de lecture estim\u00e9e":"3 minutes"},"schema":{"@context":"https:\/\/schema.org","@graph":[{"@type":"Article","@id":"https:\/\/guineediversite.com\/index.php\/2020\/06\/02\/badra-kone-demissionne-de-lufr-et-pointe-un-doigt-accusateur-sur-certains-cadres-de-son-ancien-parti\/#article","isPartOf":{"@id":"https:\/\/guineediversite.com\/index.php\/2020\/06\/02\/badra-kone-demissionne-de-lufr-et-pointe-un-doigt-accusateur-sur-certains-cadres-de-son-ancien-parti\/"},"author":{"name":"Morcire Camara","@id":"https:\/\/guineediversite.com\/#\/schema\/person\/fa362494c47202ce4b3adf55abcc9d01"},"headline":"Badra Kon\u00e9 d\u00e9missionne de l\u2019UFR et pointe un doigt accusateur sur certains cadres de son ancien parti","datePublished":"2020-06-02T17:24:07+00:00","dateModified":"2020-06-02T17:24:12+00:00","mainEntityOfPage":{"@id":"https:\/\/guineediversite.com\/index.php\/2020\/06\/02\/badra-kone-demissionne-de-lufr-et-pointe-un-doigt-accusateur-sur-certains-cadres-de-son-ancien-parti\/"},"wordCount":656,"publisher":{"@id":"https:\/\/guineediversite.com\/#organization"},"image":{"@id":"https:\/\/guineediversite.com\/index.php\/2020\/06\/02\/badra-kone-demissionne-de-lufr-et-pointe-un-doigt-accusateur-sur-certains-cadres-de-son-ancien-parti\/#primaryimage"},"thumbnailUrl":"https:\/\/guineediversite.com\/wp-content\/uploads\/2020\/06\/BADRA-KONE-UFR.jpg","articleSection":["Derni\u00e8re minute","Politique"],"inLanguage":"fr-FR"},{"@type":"WebPage","@id":"https:\/\/guineediversite.com\/index.php\/2020\/06\/02\/badra-kone-demissionne-de-lufr-et-pointe-un-doigt-accusateur-sur-certains-cadres-de-son-ancien-parti\/","url":"https:\/\/guineediversite.com\/index.php\/2020\/06\/02\/badra-kone-demissionne-de-lufr-et-pointe-un-doigt-accusateur-sur-certains-cadres-de-son-ancien-parti\/","name":"Badra Kon\u00e9 d\u00e9missionne de l\u2019UFR et pointe un doigt accusateur sur certains cadres de son ancien parti | Guin\u00e9e Diversit\u00e9","isPartOf":{"@id":"https:\/\/guineediversite.com\/#website"},"primaryImageOfPage":{"@id":"https:\/\/guineediversite.com\/index.php\/2020\/06\/02\/badra-kone-demissionne-de-lufr-et-pointe-un-doigt-accusateur-sur-certains-cadres-de-son-ancien-parti\/#primaryimage"},"image":{"@id":"https:\/\/guineediversite.com\/index.php\/2020\/06\/02\/badra-kone-demissionne-de-lufr-et-pointe-un-doigt-accusateur-sur-certains-cadres-de-son-ancien-parti\/#primaryimage"},"thumbnailUrl":"https:\/\/guineediversite.com\/wp-content\/uploads\/2020\/06\/BADRA-KONE-UFR.jpg","datePublished":"2020-06-02T17:24:07+00:00","dateModified":"2020-06-02T17:24:12+00:00","breadcrumb":{"@id":"https:\/\/guineediversite.com\/index.php\/2020\/06\/02\/badra-kone-demissionne-de-lufr-et-pointe-un-doigt-accusateur-sur-certains-cadres-de-son-ancien-parti\/#breadcrumb"},"inLanguage":"fr-FR","potentialAction":[{"@type":"ReadAction","target":["https:\/\/guineediversite.com\/index.php\/2020\/06\/02\/badra-kone-demissionne-de-lufr-et-pointe-un-doigt-accusateur-sur-certains-cadres-de-son-ancien-parti\/"]}]},{"@type":"ImageObject","inLanguage":"fr-FR","@id":"https:\/\/guineediversite.com\/index.php\/2020\/06\/02\/badra-kone-demissionne-de-lufr-et-pointe-un-doigt-accusateur-sur-certains-cadres-de-son-ancien-parti\/#primaryimage","url":"https:\/\/guineediversite.com\/wp-content\/uploads\/2020\/06\/BADRA-KONE-UFR.jpg","contentUrl":"https:\/\/guineediversite.com\/wp-content\/uploads\/2020\/06\/BADRA-KONE-UFR.jpg","width":1500,"height":1206},{"@type":"BreadcrumbList","@id":"https:\/\/guineediversite.com\/index.php\/2020\/06\/02\/badra-kone-demissionne-de-lufr-et-pointe-un-doigt-accusateur-sur-certains-cadres-de-son-ancien-parti\/#breadcrumb","itemListElement":[{"@type":"ListItem","position":1,"name":"Accueil","item":"https:\/\/guineediversite.com\/"},{"@type":"ListItem","position":2,"name":"Badra Kon\u00e9 d\u00e9missionne de l\u2019UFR et pointe un doigt accusateur sur certains cadres de son ancien parti"}]},{"@type":"WebSite","@id":"https:\/\/guineediversite.com\/#website","url":"https:\/\/guineediversite.com\/","name":"Guin\u00e9e Diversit\u00e9","description":"L&#039;Info dans toute sa diversit\u00e9","publisher":{"@id":"https:\/\/guineediversite.com\/#organization"},"potentialAction":[{"@type":"SearchAction","target":{"@type":"EntryPoint","urlTemplate":"https:\/\/guineediversite.com\/?s={search_term_string}"},"query-input":{"@type":"PropertyValueSpecification","valueRequired":true,"valueName":"search_term_string"}}],"inLanguage":"fr-FR"},{"@type":"Organization","@id":"https:\/\/guineediversite.com\/#organization","name":"Guin\u00e9e Diversit\u00e9","url":"https:\/\/guineediversite.com\/","logo":{"@type":"ImageObject","inLanguage":"fr-FR","@id":"https:\/\/guineediversite.com\/#\/schema\/logo\/image\/","url":"https:\/\/guineediversite.com\/wp-content\/uploads\/2017\/04\/cropped-1jojlxEOMkX9Wyqfhe43D6kjPOGqBBKmx3EwWJqZ0cMrFF54yM49.png","contentUrl":"https:\/\/guineediversite.com\/wp-content\/uploads\/2017\/04\/cropped-1jojlxEOMkX9Wyqfhe43D6kjPOGqBBKmx3EwWJqZ0cMrFF54yM49.png","width":186,"height":112,"caption":"Guin\u00e9e Diversit\u00e9"},"image":{"@id":"https:\/\/guineediversite.com\/#\/schema\/logo\/image\/"},"sameAs":["https:\/\/www.facebook.com\/guineediversite\/","https:\/\/x.com\/GuineeDiversite","https:\/\/www.youtube.com\/channel\/UC8sUY16qelG5ge6_D5SB83g"]},{"@type":"Person","@id":"https:\/\/guineediversite.com\/#\/schema\/person\/fa362494c47202ce4b3adf55abcc9d01","name":"Morcire Camara","image":{"@type":"ImageObject","inLanguage":"fr-FR","@id":"https:\/\/guineediversite.com\/#\/schema\/person\/image\/","url":"https:\/\/secure.gravatar.com\/avatar\/3ec324f02295bbcebe03d99b39330ab4?s=96&d=mm&r=g","contentUrl":"https:\/\/secure.gravatar.com\/avatar\/3ec324f02295bbcebe03d99b39330ab4?s=96&d=mm&r=g","caption":"Morcire Camara"},"url":"https:\/\/guineediversite.com\/index.php\/author\/morcire\/"}]}},"_links":{"self":[{"href":"https:\/\/guineediversite.com\/index.php\/wp-json\/wp\/v2\/posts\/29366"}],"collection":[{"href":"https:\/\/guineediversite.com\/index.php\/wp-json\/wp\/v2\/posts"}],"about":[{"href":"https:\/\/guineediversite.com\/index.php\/wp-json\/wp\/v2\/types\/post"}],"author":[{"embeddable":true,"href":"https:\/\/guineediversite.com\/index.php\/wp-json\/wp\/v2\/users\/10"}],"replies":[{"embeddable":true,"href":"https:\/\/guineediversite.com\/index.php\/wp-json\/wp\/v2\/comments?post=29366"}],"version-history":[{"count":1,"href":"https:\/\/guineediversite.com\/index.php\/wp-json\/wp\/v2\/posts\/29366\/revisions"}],"predecessor-version":[{"id":29368,"href":"https:\/\/guineediversite.com\/index.php\/wp-json\/wp\/v2\/posts\/29366\/revisions\/29368"}],"wp:featuredmedia":[{"embeddable":true,"href":"https:\/\/guineediversite.com\/index.php\/wp-json\/wp\/v2\/media\/29367"}],"wp:attachment":[{"href":"https:\/\/guineediversite.com\/index.php\/wp-json\/wp\/v2\/media?parent=29366"}],"wp:term":[{"taxonomy":"category","embeddable":true,"href":"https:\/\/guineediversite.com\/index.php\/wp-json\/wp\/v2\/categories?post=29366"},{"taxonomy":"post_tag","embeddable":true,"href":"https:\/\/guineediversite.com\/index.php\/wp-json\/wp\/v2\/tags?post=29366"}],"curies":[{"name":"wp","href":"https:\/\/api.w.org\/{rel}","templated":true}]}}