{"id":29363,"date":"2020-06-02T13:03:53","date_gmt":"2020-06-02T11:03:53","guid":{"rendered":"https:\/\/guineediversite.com\/?p=29363"},"modified":"2020-06-02T13:03:56","modified_gmt":"2020-06-02T11:03:56","slug":"la-caf-annonce-des-schemas-pour-boucler-les-coupes-dafrique-de-clubs","status":"publish","type":"post","link":"https:\/\/guineediversite.com\/index.php\/2020\/06\/02\/la-caf-annonce-des-schemas-pour-boucler-les-coupes-dafrique-de-clubs\/","title":{"rendered":"La CAF annonce des sch\u00e9mas pour boucler les coupes d\u2019Afrique de clubs"},"content":{"rendered":"\n<p>Apr\u00e8s plusieurs mois d\u2019arr\u00eat li\u00e9 au coronavirus, la Conf\u00e9d\u00e9ration africaine de football (CAF) envisage de boucler les demi-finales et finales de coupes d\u2019Afrique de clubs (Ligue des Champions et Coupe de la Conf\u00e9d\u00e9ration) 2019-2020 en ao\u00fbt ou en septembre. La CAF planche par ailleurs sur diff\u00e9rents plans pour finir dans les temps les \u00e9ditions 2020-2021.<\/p>\n\n\n\n<p>La Conf\u00e9d\u00e9ration africaine de football (CAF) esp\u00e8re encore pouvoir reprendre ses comp\u00e9titions cet \u00e9t\u00e9. C\u2019est tout du moins ce que laisse entendre un document de travail que nos confr\u00e8res de RFI ont pu consulter.<\/p>\n\n\n\n<p>Celui-ci \u00e9voque les diff\u00e9rentes mani\u00e8res de boucler la Ligue des champions (C1) et la Coupe de la Conf\u00e9d\u00e9ration (C2) 2019-2020. Il traite \u00e9galement des sc\u00e9narios possibles pour que les \u00e9ditions suivantes (2020-2021) s\u2019ach\u00e8vent dans les temps.<\/p>\n\n\n\n<p><strong>Fin des coupes d\u2019Afrique de clubs en ao\u00fbt ou en septembre<\/strong>&nbsp;<strong>?<\/strong><\/p>\n\n\n\n<p>\u00c0 cause de la pand\u00e9mie de Covid-19, la CAF a d\u00fb reporter sine die les demi-finales et finales de Ligue des champions et de Coupe de la Conf\u00e9d\u00e9ration qui \u00e9taient pr\u00e9vues en mai 2020. Deux programmes sont \u00e0 l\u2019\u00e9tude pour y rem\u00e9dier.<\/p>\n\n\n\n<p>Dans le premier, les demi-finales Raja Casablanca-Zamalek et Wydad Casablanca-Al Ahly en C1, ainsi que Pyramids FC-Horoya et RS Berkane-Hassania Agadir en C2, auraient lieu du 31 juillet au 2 ao\u00fbt (matches aller), puis du 7 au 9 ao\u00fbt (match retour). Dans ce cas de figure, la finale de Champions League se tiendrait le 28 ao\u00fbt et celle de Confederation Cup le 23.<\/p>\n\n\n\n<p>Autre \u00e9ventualit\u00e9&nbsp;: les demi-finales aller auront lieu du 4 au 6 septembre, les demi-finales retour du 11 au 13 septembre, tandis que la finale de Coupe de la Conf\u00e9d\u00e9ration se disputera le 23 septembre et celle de Ligue des champions le 25 septembre.<\/p>\n\n\n\n<p><strong>Trois sc\u00e9narios pour boucler les \u00e9ditions suivantes en mai 2021<\/strong><\/p>\n\n\n\n<p>Quelque soit l\u2019option retenue, la CAF souligne qu\u2019il sera \u00e9videmment impossible de d\u00e9buter les \u00e9ditions suivantes (2020-2021), en ao\u00fbt, comme c\u2019est le cas d\u2019habitude (un coup d\u2019envoi en octobre semble beaucoup plus r\u00e9aliste). Son administration propose donc plusieurs solutions pour achever les deux comp\u00e9titions en mai 2021, tout en rappelant que \u00ab&nbsp;<em>le d\u00e9but tardif de la saison, la CAN 2021 et la CAN U20 2021 disput\u00e9es respectivement en janvier et en f\u00e9vrier, vont affecter le calendrier des interclubs<\/em>&nbsp;\u00bb.<\/p>\n\n\n\n<p>Premi\u00e8re id\u00e9e, supprimer le tour de cadrage de la Coupe de la Conf\u00e9d\u00e9ration, qui oppose les \u00e9quipes ayant franchi le premier tour \u00e0 celles qui ont \u00e9t\u00e9 \u00e9limin\u00e9es au premier tour de la Ligue des champions. \u00ab&nbsp;<em>Cependant, cela risque d\u2019affaiblir la Coupe de la Conf\u00e9d\u00e9ration<\/em>&nbsp;\u00bb, estime le document. Les \u00e9quipes revers\u00e9es de la C1 vers la C2 sont en effet cens\u00e9es \u00e9lever le niveau de cette derni\u00e8re.<\/p>\n\n\n\n<p>Deuxi\u00e8me possibilit\u00e9, supprimer les quarts de finale des deux comp\u00e9titions. Les phases de groupes seraient certes maintenues. Mais seuls les premiers de chacun des quatre groupes de quatre seraient qualifi\u00e9s. Ils iraient ainsi directement en demi-finales.<\/p>\n\n\n\n<p>Troisi\u00e8me possibilit\u00e9 \u2013 largement inspir\u00e9e de ce qui se pratique dans d\u2019autres sports collectifs \u2013 un \u00ab&nbsp;final four&nbsp;\u00bb serait organis\u00e9 dans un seul et m\u00eame pays. Ici, pas de matches aller\/retour. Juste des demi-finales et une finale sur terrain neutre.<\/p>\n\n\n\n<p><strong>Des finales pendant l\u2019Euro 2021<\/strong>&nbsp;<strong>?<\/strong><\/p>\n\n\n\n<p>Enfin, si la CAF d\u00e9cide de disputer malgr\u00e9 tout ses comp\u00e9titions interclubs 2020-2021 dans le m\u00eame format que d\u2019habitude, il faudra sans doute organiser les finales en juin au plus t\u00f4t.<\/p>\n\n\n\n<p><strong>RFI<\/strong><\/p>\n","protected":false},"excerpt":{"rendered":"<p>Apr\u00e8s plusieurs mois d\u2019arr\u00eat li\u00e9 au coronavirus, la Conf\u00e9d\u00e9ration africaine de football (CAF) envisage de boucler les demi-finales et finales de coupes d\u2019Afrique de clubs (Ligue des Champions et Coupe de la Conf\u00e9d\u00e9ration) 2019-2020 en ao\u00fbt ou en septembre. La CAF planche par ailleurs sur diff\u00e9rents plans pour finir dans les temps les \u00e9ditions 2020-2021. [&hellip;]<\/p>\n","protected":false},"author":12,"featured_media":29364,"comment_status":"closed","ping_status":"closed","sticky":false,"template":"","format":"standard","meta":{"_exactmetrics_skip_tracking":false,"_exactmetrics_sitenote_active":false,"_exactmetrics_sitenote_note":"","_exactmetrics_sitenote_category":0,"tdm_status":"","tdm_grid_status":"","footnotes":""},"categories":[18],"tags":[],"class_list":{"0":"post-29363","1":"post","2":"type-post","3":"status-publish","4":"format-standard","5":"has-post-thumbnail","7":"category-sport"},"yoast_head":"<!-- This site is optimized with the Yoast SEO plugin v24.2 - https:\/\/yoast.com\/wordpress\/plugins\/seo\/ -->\n<title>La CAF annonce des sch\u00e9mas pour boucler les coupes d\u2019Afrique de clubs | Guin\u00e9e Diversit\u00e9<\/title>\n<meta name=\"robots\" content=\"index, follow, max-snippet:-1, max-image-preview:large, max-video-preview:-1\" \/>\n<link rel=\"canonical\" href=\"https:\/\/guineediversite.com\/index.php\/2020\/06\/02\/la-caf-annonce-des-schemas-pour-boucler-les-coupes-dafrique-de-clubs\/\" \/>\n<meta property=\"og:locale\" content=\"fr_FR\" \/>\n<meta property=\"og:type\" content=\"article\" \/>\n<meta property=\"og:title\" content=\"La CAF annonce des sch\u00e9mas pour boucler les coupes d\u2019Afrique de clubs | Guin\u00e9e Diversit\u00e9\" \/>\n<meta property=\"og:description\" content=\"Apr\u00e8s plusieurs mois d\u2019arr\u00eat li\u00e9 au coronavirus, la Conf\u00e9d\u00e9ration africaine de football (CAF) envisage de boucler les demi-finales et finales de coupes d\u2019Afrique de clubs (Ligue des Champions et Coupe de la Conf\u00e9d\u00e9ration) 2019-2020 en ao\u00fbt ou en septembre. La CAF planche par ailleurs sur diff\u00e9rents plans pour finir dans les temps les \u00e9ditions 2020-2021. [&hellip;]\" \/>\n<meta property=\"og:url\" content=\"https:\/\/guineediversite.com\/index.php\/2020\/06\/02\/la-caf-annonce-des-schemas-pour-boucler-les-coupes-dafrique-de-clubs\/\" \/>\n<meta property=\"og:site_name\" content=\"Guin\u00e9e Diversit\u00e9\" \/>\n<meta property=\"article:publisher\" content=\"https:\/\/www.facebook.com\/guineediversite\/\" \/>\n<meta property=\"article:published_time\" content=\"2020-06-02T11:03:53+00:00\" \/>\n<meta property=\"article:modified_time\" content=\"2020-06-02T11:03:56+00:00\" \/>\n<meta property=\"og:image\" content=\"https:\/\/guineediversite.com\/wp-content\/uploads\/2020\/06\/horoya-AC.jpg\" \/>\n\t<meta property=\"og:image:width\" content=\"1500\" \/>\n\t<meta property=\"og:image:height\" content=\"977\" \/>\n\t<meta property=\"og:image:type\" content=\"image\/jpeg\" \/>\n<meta name=\"author\" content=\"Guin\u00e9e Diversit\u00e9\" \/>\n<meta name=\"twitter:card\" content=\"summary_large_image\" \/>\n<meta name=\"twitter:creator\" content=\"@GuineeDiversite\" \/>\n<meta name=\"twitter:site\" content=\"@GuineeDiversite\" \/>\n<meta name=\"twitter:label1\" content=\"\u00c9crit par\" \/>\n\t<meta name=\"twitter:data1\" content=\"Guin\u00e9e Diversit\u00e9\" \/>\n\t<meta name=\"twitter:label2\" content=\"Dur\u00e9e de lecture estim\u00e9e\" \/>\n\t<meta name=\"twitter:data2\" content=\"3 minutes\" \/>\n<script type=\"application\/ld+json\" class=\"yoast-schema-graph\">{\"@context\":\"https:\/\/schema.org\",\"@graph\":[{\"@type\":\"Article\",\"@id\":\"https:\/\/guineediversite.com\/index.php\/2020\/06\/02\/la-caf-annonce-des-schemas-pour-boucler-les-coupes-dafrique-de-clubs\/#article\",\"isPartOf\":{\"@id\":\"https:\/\/guineediversite.com\/index.php\/2020\/06\/02\/la-caf-annonce-des-schemas-pour-boucler-les-coupes-dafrique-de-clubs\/\"},\"author\":{\"name\":\"Guin\u00e9e Diversit\u00e9\",\"@id\":\"https:\/\/guineediversite.com\/#\/schema\/person\/afa08fb34e7fc6e1feafc892612bc836\"},\"headline\":\"La CAF annonce des sch\u00e9mas pour boucler les coupes d\u2019Afrique de clubs\",\"datePublished\":\"2020-06-02T11:03:53+00:00\",\"dateModified\":\"2020-06-02T11:03:56+00:00\",\"mainEntityOfPage\":{\"@id\":\"https:\/\/guineediversite.com\/index.php\/2020\/06\/02\/la-caf-annonce-des-schemas-pour-boucler-les-coupes-dafrique-de-clubs\/\"},\"wordCount\":626,\"publisher\":{\"@id\":\"https:\/\/guineediversite.com\/#organization\"},\"image\":{\"@id\":\"https:\/\/guineediversite.com\/index.php\/2020\/06\/02\/la-caf-annonce-des-schemas-pour-boucler-les-coupes-dafrique-de-clubs\/#primaryimage\"},\"thumbnailUrl\":\"https:\/\/guineediversite.com\/wp-content\/uploads\/2020\/06\/horoya-AC.jpg\",\"articleSection\":[\"Sport\"],\"inLanguage\":\"fr-FR\"},{\"@type\":\"WebPage\",\"@id\":\"https:\/\/guineediversite.com\/index.php\/2020\/06\/02\/la-caf-annonce-des-schemas-pour-boucler-les-coupes-dafrique-de-clubs\/\",\"url\":\"https:\/\/guineediversite.com\/index.php\/2020\/06\/02\/la-caf-annonce-des-schemas-pour-boucler-les-coupes-dafrique-de-clubs\/\",\"name\":\"La CAF annonce des sch\u00e9mas pour boucler les coupes d\u2019Afrique de clubs | Guin\u00e9e Diversit\u00e9\",\"isPartOf\":{\"@id\":\"https:\/\/guineediversite.com\/#website\"},\"primaryImageOfPage\":{\"@id\":\"https:\/\/guineediversite.com\/index.php\/2020\/06\/02\/la-caf-annonce-des-schemas-pour-boucler-les-coupes-dafrique-de-clubs\/#primaryimage\"},\"image\":{\"@id\":\"https:\/\/guineediversite.com\/index.php\/2020\/06\/02\/la-caf-annonce-des-schemas-pour-boucler-les-coupes-dafrique-de-clubs\/#primaryimage\"},\"thumbnailUrl\":\"https:\/\/guineediversite.com\/wp-content\/uploads\/2020\/06\/horoya-AC.jpg\",\"datePublished\":\"2020-06-02T11:03:53+00:00\",\"dateModified\":\"2020-06-02T11:03:56+00:00\",\"breadcrumb\":{\"@id\":\"https:\/\/guineediversite.com\/index.php\/2020\/06\/02\/la-caf-annonce-des-schemas-pour-boucler-les-coupes-dafrique-de-clubs\/#breadcrumb\"},\"inLanguage\":\"fr-FR\",\"potentialAction\":[{\"@type\":\"ReadAction\",\"target\":[\"https:\/\/guineediversite.com\/index.php\/2020\/06\/02\/la-caf-annonce-des-schemas-pour-boucler-les-coupes-dafrique-de-clubs\/\"]}]},{\"@type\":\"ImageObject\",\"inLanguage\":\"fr-FR\",\"@id\":\"https:\/\/guineediversite.com\/index.php\/2020\/06\/02\/la-caf-annonce-des-schemas-pour-boucler-les-coupes-dafrique-de-clubs\/#primaryimage\",\"url\":\"https:\/\/guineediversite.com\/wp-content\/uploads\/2020\/06\/horoya-AC.jpg\",\"contentUrl\":\"https:\/\/guineediversite.com\/wp-content\/uploads\/2020\/06\/horoya-AC.jpg\",\"width\":1500,\"height\":977},{\"@type\":\"BreadcrumbList\",\"@id\":\"https:\/\/guineediversite.com\/index.php\/2020\/06\/02\/la-caf-annonce-des-schemas-pour-boucler-les-coupes-dafrique-de-clubs\/#breadcrumb\",\"itemListElement\":[{\"@type\":\"ListItem\",\"position\":1,\"name\":\"Accueil\",\"item\":\"https:\/\/guineediversite.com\/\"},{\"@type\":\"ListItem\",\"position\":2,\"name\":\"La CAF annonce des sch\u00e9mas pour boucler les coupes d\u2019Afrique de clubs\"}]},{\"@type\":\"WebSite\",\"@id\":\"https:\/\/guineediversite.com\/#website\",\"url\":\"https:\/\/guineediversite.com\/\",\"name\":\"Guin\u00e9e Diversit\u00e9\",\"description\":\"L&#039;Info dans toute sa diversit\u00e9\",\"publisher\":{\"@id\":\"https:\/\/guineediversite.com\/#organization\"},\"potentialAction\":[{\"@type\":\"SearchAction\",\"target\":{\"@type\":\"EntryPoint\",\"urlTemplate\":\"https:\/\/guineediversite.com\/?s={search_term_string}\"},\"query-input\":{\"@type\":\"PropertyValueSpecification\",\"valueRequired\":true,\"valueName\":\"search_term_string\"}}],\"inLanguage\":\"fr-FR\"},{\"@type\":\"Organization\",\"@id\":\"https:\/\/guineediversite.com\/#organization\",\"name\":\"Guin\u00e9e Diversit\u00e9\",\"url\":\"https:\/\/guineediversite.com\/\",\"logo\":{\"@type\":\"ImageObject\",\"inLanguage\":\"fr-FR\",\"@id\":\"https:\/\/guineediversite.com\/#\/schema\/logo\/image\/\",\"url\":\"https:\/\/guineediversite.com\/wp-content\/uploads\/2017\/04\/cropped-1jojlxEOMkX9Wyqfhe43D6kjPOGqBBKmx3EwWJqZ0cMrFF54yM49.png\",\"contentUrl\":\"https:\/\/guineediversite.com\/wp-content\/uploads\/2017\/04\/cropped-1jojlxEOMkX9Wyqfhe43D6kjPOGqBBKmx3EwWJqZ0cMrFF54yM49.png\",\"width\":186,\"height\":112,\"caption\":\"Guin\u00e9e Diversit\u00e9\"},\"image\":{\"@id\":\"https:\/\/guineediversite.com\/#\/schema\/logo\/image\/\"},\"sameAs\":[\"https:\/\/www.facebook.com\/guineediversite\/\",\"https:\/\/x.com\/GuineeDiversite\",\"https:\/\/www.youtube.com\/channel\/UC8sUY16qelG5ge6_D5SB83g\"]},{\"@type\":\"Person\",\"@id\":\"https:\/\/guineediversite.com\/#\/schema\/person\/afa08fb34e7fc6e1feafc892612bc836\",\"name\":\"Guin\u00e9e Diversit\u00e9\",\"image\":{\"@type\":\"ImageObject\",\"inLanguage\":\"fr-FR\",\"@id\":\"https:\/\/guineediversite.com\/#\/schema\/person\/image\/\",\"url\":\"https:\/\/secure.gravatar.com\/avatar\/50d5eb5b390f8b65ac30ac6f898eb83a?s=96&d=mm&r=g\",\"contentUrl\":\"https:\/\/secure.gravatar.com\/avatar\/50d5eb5b390f8b65ac30ac6f898eb83a?s=96&d=mm&r=g\",\"caption\":\"Guin\u00e9e Diversit\u00e9\"},\"url\":\"https:\/\/guineediversite.com\/index.php\/author\/guineediversite\/\"}]}<\/script>\n<!-- \/ Yoast SEO plugin. -->","yoast_head_json":{"title":"La CAF annonce des sch\u00e9mas pour boucler les coupes d\u2019Afrique de clubs | Guin\u00e9e Diversit\u00e9","robots":{"index":"index","follow":"follow","max-snippet":"max-snippet:-1","max-image-preview":"max-image-preview:large","max-video-preview":"max-video-preview:-1"},"canonical":"https:\/\/guineediversite.com\/index.php\/2020\/06\/02\/la-caf-annonce-des-schemas-pour-boucler-les-coupes-dafrique-de-clubs\/","og_locale":"fr_FR","og_type":"article","og_title":"La CAF annonce des sch\u00e9mas pour boucler les coupes d\u2019Afrique de clubs | Guin\u00e9e Diversit\u00e9","og_description":"Apr\u00e8s plusieurs mois d\u2019arr\u00eat li\u00e9 au coronavirus, la Conf\u00e9d\u00e9ration africaine de football (CAF) envisage de boucler les demi-finales et finales de coupes d\u2019Afrique de clubs (Ligue des Champions et Coupe de la Conf\u00e9d\u00e9ration) 2019-2020 en ao\u00fbt ou en septembre. La CAF planche par ailleurs sur diff\u00e9rents plans pour finir dans les temps les \u00e9ditions 2020-2021. [&hellip;]","og_url":"https:\/\/guineediversite.com\/index.php\/2020\/06\/02\/la-caf-annonce-des-schemas-pour-boucler-les-coupes-dafrique-de-clubs\/","og_site_name":"Guin\u00e9e Diversit\u00e9","article_publisher":"https:\/\/www.facebook.com\/guineediversite\/","article_published_time":"2020-06-02T11:03:53+00:00","article_modified_time":"2020-06-02T11:03:56+00:00","og_image":[{"width":1500,"height":977,"url":"https:\/\/guineediversite.com\/wp-content\/uploads\/2020\/06\/horoya-AC.jpg","type":"image\/jpeg"}],"author":"Guin\u00e9e Diversit\u00e9","twitter_card":"summary_large_image","twitter_creator":"@GuineeDiversite","twitter_site":"@GuineeDiversite","twitter_misc":{"\u00c9crit par":"Guin\u00e9e Diversit\u00e9","Dur\u00e9e de lecture estim\u00e9e":"3 minutes"},"schema":{"@context":"https:\/\/schema.org","@graph":[{"@type":"Article","@id":"https:\/\/guineediversite.com\/index.php\/2020\/06\/02\/la-caf-annonce-des-schemas-pour-boucler-les-coupes-dafrique-de-clubs\/#article","isPartOf":{"@id":"https:\/\/guineediversite.com\/index.php\/2020\/06\/02\/la-caf-annonce-des-schemas-pour-boucler-les-coupes-dafrique-de-clubs\/"},"author":{"name":"Guin\u00e9e Diversit\u00e9","@id":"https:\/\/guineediversite.com\/#\/schema\/person\/afa08fb34e7fc6e1feafc892612bc836"},"headline":"La CAF annonce des sch\u00e9mas pour boucler les coupes d\u2019Afrique de clubs","datePublished":"2020-06-02T11:03:53+00:00","dateModified":"2020-06-02T11:03:56+00:00","mainEntityOfPage":{"@id":"https:\/\/guineediversite.com\/index.php\/2020\/06\/02\/la-caf-annonce-des-schemas-pour-boucler-les-coupes-dafrique-de-clubs\/"},"wordCount":626,"publisher":{"@id":"https:\/\/guineediversite.com\/#organization"},"image":{"@id":"https:\/\/guineediversite.com\/index.php\/2020\/06\/02\/la-caf-annonce-des-schemas-pour-boucler-les-coupes-dafrique-de-clubs\/#primaryimage"},"thumbnailUrl":"https:\/\/guineediversite.com\/wp-content\/uploads\/2020\/06\/horoya-AC.jpg","articleSection":["Sport"],"inLanguage":"fr-FR"},{"@type":"WebPage","@id":"https:\/\/guineediversite.com\/index.php\/2020\/06\/02\/la-caf-annonce-des-schemas-pour-boucler-les-coupes-dafrique-de-clubs\/","url":"https:\/\/guineediversite.com\/index.php\/2020\/06\/02\/la-caf-annonce-des-schemas-pour-boucler-les-coupes-dafrique-de-clubs\/","name":"La CAF annonce des sch\u00e9mas pour boucler les coupes d\u2019Afrique de clubs | Guin\u00e9e Diversit\u00e9","isPartOf":{"@id":"https:\/\/guineediversite.com\/#website"},"primaryImageOfPage":{"@id":"https:\/\/guineediversite.com\/index.php\/2020\/06\/02\/la-caf-annonce-des-schemas-pour-boucler-les-coupes-dafrique-de-clubs\/#primaryimage"},"image":{"@id":"https:\/\/guineediversite.com\/index.php\/2020\/06\/02\/la-caf-annonce-des-schemas-pour-boucler-les-coupes-dafrique-de-clubs\/#primaryimage"},"thumbnailUrl":"https:\/\/guineediversite.com\/wp-content\/uploads\/2020\/06\/horoya-AC.jpg","datePublished":"2020-06-02T11:03:53+00:00","dateModified":"2020-06-02T11:03:56+00:00","breadcrumb":{"@id":"https:\/\/guineediversite.com\/index.php\/2020\/06\/02\/la-caf-annonce-des-schemas-pour-boucler-les-coupes-dafrique-de-clubs\/#breadcrumb"},"inLanguage":"fr-FR","potentialAction":[{"@type":"ReadAction","target":["https:\/\/guineediversite.com\/index.php\/2020\/06\/02\/la-caf-annonce-des-schemas-pour-boucler-les-coupes-dafrique-de-clubs\/"]}]},{"@type":"ImageObject","inLanguage":"fr-FR","@id":"https:\/\/guineediversite.com\/index.php\/2020\/06\/02\/la-caf-annonce-des-schemas-pour-boucler-les-coupes-dafrique-de-clubs\/#primaryimage","url":"https:\/\/guineediversite.com\/wp-content\/uploads\/2020\/06\/horoya-AC.jpg","contentUrl":"https:\/\/guineediversite.com\/wp-content\/uploads\/2020\/06\/horoya-AC.jpg","width":1500,"height":977},{"@type":"BreadcrumbList","@id":"https:\/\/guineediversite.com\/index.php\/2020\/06\/02\/la-caf-annonce-des-schemas-pour-boucler-les-coupes-dafrique-de-clubs\/#breadcrumb","itemListElement":[{"@type":"ListItem","position":1,"name":"Accueil","item":"https:\/\/guineediversite.com\/"},{"@type":"ListItem","position":2,"name":"La CAF annonce des sch\u00e9mas pour boucler les coupes d\u2019Afrique de clubs"}]},{"@type":"WebSite","@id":"https:\/\/guineediversite.com\/#website","url":"https:\/\/guineediversite.com\/","name":"Guin\u00e9e Diversit\u00e9","description":"L&#039;Info dans toute sa diversit\u00e9","publisher":{"@id":"https:\/\/guineediversite.com\/#organization"},"potentialAction":[{"@type":"SearchAction","target":{"@type":"EntryPoint","urlTemplate":"https:\/\/guineediversite.com\/?s={search_term_string}"},"query-input":{"@type":"PropertyValueSpecification","valueRequired":true,"valueName":"search_term_string"}}],"inLanguage":"fr-FR"},{"@type":"Organization","@id":"https:\/\/guineediversite.com\/#organization","name":"Guin\u00e9e Diversit\u00e9","url":"https:\/\/guineediversite.com\/","logo":{"@type":"ImageObject","inLanguage":"fr-FR","@id":"https:\/\/guineediversite.com\/#\/schema\/logo\/image\/","url":"https:\/\/guineediversite.com\/wp-content\/uploads\/2017\/04\/cropped-1jojlxEOMkX9Wyqfhe43D6kjPOGqBBKmx3EwWJqZ0cMrFF54yM49.png","contentUrl":"https:\/\/guineediversite.com\/wp-content\/uploads\/2017\/04\/cropped-1jojlxEOMkX9Wyqfhe43D6kjPOGqBBKmx3EwWJqZ0cMrFF54yM49.png","width":186,"height":112,"caption":"Guin\u00e9e Diversit\u00e9"},"image":{"@id":"https:\/\/guineediversite.com\/#\/schema\/logo\/image\/"},"sameAs":["https:\/\/www.facebook.com\/guineediversite\/","https:\/\/x.com\/GuineeDiversite","https:\/\/www.youtube.com\/channel\/UC8sUY16qelG5ge6_D5SB83g"]},{"@type":"Person","@id":"https:\/\/guineediversite.com\/#\/schema\/person\/afa08fb34e7fc6e1feafc892612bc836","name":"Guin\u00e9e Diversit\u00e9","image":{"@type":"ImageObject","inLanguage":"fr-FR","@id":"https:\/\/guineediversite.com\/#\/schema\/person\/image\/","url":"https:\/\/secure.gravatar.com\/avatar\/50d5eb5b390f8b65ac30ac6f898eb83a?s=96&d=mm&r=g","contentUrl":"https:\/\/secure.gravatar.com\/avatar\/50d5eb5b390f8b65ac30ac6f898eb83a?s=96&d=mm&r=g","caption":"Guin\u00e9e Diversit\u00e9"},"url":"https:\/\/guineediversite.com\/index.php\/author\/guineediversite\/"}]}},"_links":{"self":[{"href":"https:\/\/guineediversite.com\/index.php\/wp-json\/wp\/v2\/posts\/29363"}],"collection":[{"href":"https:\/\/guineediversite.com\/index.php\/wp-json\/wp\/v2\/posts"}],"about":[{"href":"https:\/\/guineediversite.com\/index.php\/wp-json\/wp\/v2\/types\/post"}],"author":[{"embeddable":true,"href":"https:\/\/guineediversite.com\/index.php\/wp-json\/wp\/v2\/users\/12"}],"replies":[{"embeddable":true,"href":"https:\/\/guineediversite.com\/index.php\/wp-json\/wp\/v2\/comments?post=29363"}],"version-history":[{"count":1,"href":"https:\/\/guineediversite.com\/index.php\/wp-json\/wp\/v2\/posts\/29363\/revisions"}],"predecessor-version":[{"id":29365,"href":"https:\/\/guineediversite.com\/index.php\/wp-json\/wp\/v2\/posts\/29363\/revisions\/29365"}],"wp:featuredmedia":[{"embeddable":true,"href":"https:\/\/guineediversite.com\/index.php\/wp-json\/wp\/v2\/media\/29364"}],"wp:attachment":[{"href":"https:\/\/guineediversite.com\/index.php\/wp-json\/wp\/v2\/media?parent=29363"}],"wp:term":[{"taxonomy":"category","embeddable":true,"href":"https:\/\/guineediversite.com\/index.php\/wp-json\/wp\/v2\/categories?post=29363"},{"taxonomy":"post_tag","embeddable":true,"href":"https:\/\/guineediversite.com\/index.php\/wp-json\/wp\/v2\/tags?post=29363"}],"curies":[{"name":"wp","href":"https:\/\/api.w.org\/{rel}","templated":true}]}}