{"id":29357,"date":"2020-06-02T12:35:33","date_gmt":"2020-06-02T10:35:33","guid":{"rendered":"https:\/\/guineediversite.com\/?p=29357"},"modified":"2020-06-02T12:35:39","modified_gmt":"2020-06-02T10:35:39","slug":"contre-le-coronavirus-et-le-racisme-la-double-guerre-des-afro-americains","status":"publish","type":"post","link":"https:\/\/guineediversite.com\/index.php\/2020\/06\/02\/contre-le-coronavirus-et-le-racisme-la-double-guerre-des-afro-americains\/","title":{"rendered":"Contre le coronavirus et le racisme, la double guerre des Afro-Am\u00e9ricains"},"content":{"rendered":"\n<p>Rien ne semble apaiser la col\u00e8re apr\u00e8s la mort de Georges Floyd, cet Afro-Am\u00e9ricain asphyxi\u00e9 par un policier de Minneapolis, selon la derni\u00e8re autopsie. Confront\u00e9s depuis des d\u00e9cennies au racisme des forces de l\u2019ordre, les noirs am\u00e9ricains d\u00e9sesp\u00e8rent de voir un changement. Reportage \u00e0 Prince Georges dans le Maryland, l\u2019un des comt\u00e9s noirs les plus riches du pays.<\/p>\n\n\n\n<p>Z\u00e9nobia Shepherd s\u2019empare d\u2019un caddie. Elle va faire ses courses \u00e0 20 km de chez elle pour \u00e9viter de s\u2019approvisionner dans le supermarch\u00e9 o\u00f9 travaillait sa fille, Leilani, caissi\u00e8re, morte \u00e0 27 ans du coronavirus. Ses patrons n\u2019avaient pas voulu fournir d\u2019\u00e9quipement de protection.<\/p>\n\n\n\n<p>\u00ab&nbsp;<em>Nous menons deux guerres, <\/em>explique-t-elle : <em>celle contre le Covid-19, et celle contre le racisme. Il n\u2019y a plus de paix. Nous sommes en guerre. Donc je prie. Je prie pour qu\u2019on trouve un vaccin, et je prie pour qu\u2019on traite mieux la communaut\u00e9 noire.<\/em>&nbsp;\u00bb<\/p>\n\n\n\n<p>Un peu plus loin sur le parking de ce supermarch\u00e9, Garnell Wilson et sa femme Angie remplissent le coffre de leur voiture. Ils ne sont pas \u00e9tonn\u00e9s de l\u2019\u00e9ruption de violence dans le pays..<\/p>\n\n\n\n<p>\u00ab&nbsp;<em>On est fatigu\u00e9s de voir les hommes noirs se faire tuer, <\/em>d\u00e9plore Garnell Wilson. <em>On a essay\u00e9 de protester pacifiquement, mais c\u2019est tomb\u00e9 dans l\u2019oreille d\u2019un sourd. Donc voil\u00e0 le r\u00e9sultat. C\u2019est ce qui se passe quand on ignore les gens opprim\u00e9s.<\/em>&nbsp;\u00bb<\/p>\n\n\n\n<p>Pour son \u00e9pouse Angie, \u00ab&nbsp;<em>la <a href=\"http:\/\/www.rfi.fr\/fr\/am\u00e9riques\/20200601-etats-unis-autopsie-officielle-mort-george-floyd-homicide-asphyxie\" target=\"_blank\" rel=\"noreferrer noopener\"><strong>mort de Georges Floyd <\/strong><\/a>a \u00e9t\u00e9 la goutte d\u2019eau qui a fait d\u00e9border le vase. Et je suis heureuse de voir qu\u2019il n\u2019y pas que des Afro-Am\u00e9ricains qui manifestent. Ces manifestations sont n\u00e9cessaires et cela me fait plaisir de voir qu\u2019il y en a dans tout le pays en ce moment.<\/em>&nbsp;\u00bb<\/p>\n\n\n\n<p>Les autorit\u00e9s sanitaires s\u2019inqui\u00e8tent de la multiplication des manifestations et de l\u2019usage des gaz lacrymog\u00e8nes, qui font pleurer et tousser les protestataires. Elles craignent que ce mouvement de col\u00e8re d\u00e9bouche sur une nouvelle vague de contamination dans une communaut\u00e9 d\u00e9j\u00e0 tr\u00e8s touch\u00e9e par le virus.<\/p>\n\n\n\n<p><strong>&nbsp;\u00ab&nbsp;<em>Un pr\u00e9sident qui ne r\u00e9pond pas \u00e0 la crise<\/em>&nbsp;\u00bb<\/strong><\/p>\n\n\n\n<p>Selon Garnell Wilson, seul le d\u00e9part de <a href=\"http:\/\/www.rfi.fr\/fr\/am\u00e9riques\/20200602-manifestations-\u00e9tats-unis-george-floyd-donald-trump-mani\u00e8re-forte\" target=\"_blank\" rel=\"noreferrer noopener\"><strong>Donald Trump <\/strong><\/a>permettra un espoir de changement. \u00ab&nbsp;<em>Je prie pour le changement mais je pense qu\u2019on n\u2019en verra la couleur que quand il aura quitt\u00e9 la maison blanche. Malheureusement nous avons un pr\u00e9sident qui ne r\u00e9pond pas \u00e0 la crise. Il attise le feu. Il dit des choses comme : \u00ab\u00a0Si vous pillez, on tire !\u00a0\u00bb C\u2019est presque comme s\u2019il voulait voir le pays br\u00fbler ! Il laisse tous les racistes et les fanatiques aller de l\u2019avant et ils se sentent libres.<\/em>&nbsp;\u00bb<\/p>\n\n\n\n<p>Le pr\u00e9sident am\u00e9ricain est, aux yeux de Garnell Wilson, \u00e0 l&rsquo;origine de l&rsquo;aggravation des violences polici\u00e8res contre les noirs. \u00ab&nbsp;<em>C\u2019est ce type qui a dit aux policiers de brutaliser les gens. \u00ab\u00a0Malmenez les, ne soyez pas trop gentils\u00a0\u00bb, c\u2019est ce qu\u2019il a dit. \u00ab\u00a0Ne soyez pas trop gentils !\u00a0\u00bb Je veux dire : il inspire la violence, il la promeut, c\u2019est fou !<\/em>&nbsp;\u00bb<\/p>\n\n\n\n<p>Garnell Wislon le reconna\u00eet, le probl\u00e8me ne date pas d&rsquo;hier. \u00ab&nbsp;<em>Les \u00c9tats-Unis n\u2019ont jamais r\u00e9solu les probl\u00e8mes de la communaut\u00e9 afro-am\u00e9ricaine. J\u2019ai \u00e9t\u00e9 interpell\u00e9 un nombre incalculable de fois, jet\u00e9 au sol la face contre terre. J\u2019ai \u00e9t\u00e9 arr\u00eat\u00e9 quand ils cherchaient un suspect dans une voiture bleue et ma voiture est rouge ! Donc ce genre de probl\u00e8me a toujours exist\u00e9, mais je pense qu\u2019ils sont \u00e0 leur maximum en ce moment parce qu\u2019on a un mauvais dirigeant.<\/em>&nbsp;\u00bb<\/p>\n\n\n\n<p><strong>RFI<\/strong><\/p>\n","protected":false},"excerpt":{"rendered":"<p>Rien ne semble apaiser la col\u00e8re apr\u00e8s la mort de Georges Floyd, cet Afro-Am\u00e9ricain asphyxi\u00e9 par un policier de Minneapolis, selon la derni\u00e8re autopsie. Confront\u00e9s depuis des d\u00e9cennies au racisme des forces de l\u2019ordre, les noirs am\u00e9ricains d\u00e9sesp\u00e8rent de voir un changement. Reportage \u00e0 Prince Georges dans le Maryland, l\u2019un des comt\u00e9s noirs les plus [&hellip;]<\/p>\n","protected":false},"author":12,"featured_media":29358,"comment_status":"closed","ping_status":"closed","sticky":false,"template":"","format":"standard","meta":{"_exactmetrics_skip_tracking":false,"_exactmetrics_sitenote_active":false,"_exactmetrics_sitenote_note":"","_exactmetrics_sitenote_category":0,"tdm_status":"","tdm_grid_status":"","footnotes":""},"categories":[21],"tags":[],"class_list":{"0":"post-29357","1":"post","2":"type-post","3":"status-publish","4":"format-standard","5":"has-post-thumbnail","7":"category-international"},"yoast_head":"<!-- This site is optimized with the Yoast SEO plugin v24.2 - https:\/\/yoast.com\/wordpress\/plugins\/seo\/ -->\n<title>Contre le coronavirus et le racisme, la double guerre des Afro-Am\u00e9ricains | Guin\u00e9e Diversit\u00e9<\/title>\n<meta name=\"robots\" content=\"index, follow, max-snippet:-1, max-image-preview:large, max-video-preview:-1\" \/>\n<link rel=\"canonical\" href=\"https:\/\/guineediversite.com\/index.php\/2020\/06\/02\/contre-le-coronavirus-et-le-racisme-la-double-guerre-des-afro-americains\/\" \/>\n<meta property=\"og:locale\" content=\"fr_FR\" \/>\n<meta property=\"og:type\" content=\"article\" \/>\n<meta property=\"og:title\" content=\"Contre le coronavirus et le racisme, la double guerre des Afro-Am\u00e9ricains | Guin\u00e9e Diversit\u00e9\" \/>\n<meta property=\"og:description\" content=\"Rien ne semble apaiser la col\u00e8re apr\u00e8s la mort de Georges Floyd, cet Afro-Am\u00e9ricain asphyxi\u00e9 par un policier de Minneapolis, selon la derni\u00e8re autopsie. Confront\u00e9s depuis des d\u00e9cennies au racisme des forces de l\u2019ordre, les noirs am\u00e9ricains d\u00e9sesp\u00e8rent de voir un changement. Reportage \u00e0 Prince Georges dans le Maryland, l\u2019un des comt\u00e9s noirs les plus [&hellip;]\" \/>\n<meta property=\"og:url\" content=\"https:\/\/guineediversite.com\/index.php\/2020\/06\/02\/contre-le-coronavirus-et-le-racisme-la-double-guerre-des-afro-americains\/\" \/>\n<meta property=\"og:site_name\" content=\"Guin\u00e9e Diversit\u00e9\" \/>\n<meta property=\"article:publisher\" content=\"https:\/\/www.facebook.com\/guineediversite\/\" \/>\n<meta property=\"article:published_time\" content=\"2020-06-02T10:35:33+00:00\" \/>\n<meta property=\"article:modified_time\" content=\"2020-06-02T10:35:39+00:00\" \/>\n<meta property=\"og:image\" content=\"https:\/\/guineediversite.com\/wp-content\/uploads\/2020\/06\/LES-ETATS-UNIS.jpg\" \/>\n\t<meta property=\"og:image:width\" content=\"1500\" \/>\n\t<meta property=\"og:image:height\" content=\"843\" \/>\n\t<meta property=\"og:image:type\" content=\"image\/jpeg\" \/>\n<meta name=\"author\" content=\"Guin\u00e9e Diversit\u00e9\" \/>\n<meta name=\"twitter:card\" content=\"summary_large_image\" \/>\n<meta name=\"twitter:creator\" content=\"@GuineeDiversite\" \/>\n<meta name=\"twitter:site\" content=\"@GuineeDiversite\" \/>\n<meta name=\"twitter:label1\" content=\"\u00c9crit par\" \/>\n\t<meta name=\"twitter:data1\" content=\"Guin\u00e9e Diversit\u00e9\" \/>\n\t<meta name=\"twitter:label2\" content=\"Dur\u00e9e de lecture estim\u00e9e\" \/>\n\t<meta name=\"twitter:data2\" content=\"3 minutes\" \/>\n<script type=\"application\/ld+json\" class=\"yoast-schema-graph\">{\"@context\":\"https:\/\/schema.org\",\"@graph\":[{\"@type\":\"Article\",\"@id\":\"https:\/\/guineediversite.com\/index.php\/2020\/06\/02\/contre-le-coronavirus-et-le-racisme-la-double-guerre-des-afro-americains\/#article\",\"isPartOf\":{\"@id\":\"https:\/\/guineediversite.com\/index.php\/2020\/06\/02\/contre-le-coronavirus-et-le-racisme-la-double-guerre-des-afro-americains\/\"},\"author\":{\"name\":\"Guin\u00e9e Diversit\u00e9\",\"@id\":\"https:\/\/guineediversite.com\/#\/schema\/person\/afa08fb34e7fc6e1feafc892612bc836\"},\"headline\":\"Contre le coronavirus et le racisme, la double guerre des Afro-Am\u00e9ricains\",\"datePublished\":\"2020-06-02T10:35:33+00:00\",\"dateModified\":\"2020-06-02T10:35:39+00:00\",\"mainEntityOfPage\":{\"@id\":\"https:\/\/guineediversite.com\/index.php\/2020\/06\/02\/contre-le-coronavirus-et-le-racisme-la-double-guerre-des-afro-americains\/\"},\"wordCount\":657,\"publisher\":{\"@id\":\"https:\/\/guineediversite.com\/#organization\"},\"image\":{\"@id\":\"https:\/\/guineediversite.com\/index.php\/2020\/06\/02\/contre-le-coronavirus-et-le-racisme-la-double-guerre-des-afro-americains\/#primaryimage\"},\"thumbnailUrl\":\"https:\/\/guineediversite.com\/wp-content\/uploads\/2020\/06\/LES-ETATS-UNIS.jpg\",\"articleSection\":[\"International\"],\"inLanguage\":\"fr-FR\"},{\"@type\":\"WebPage\",\"@id\":\"https:\/\/guineediversite.com\/index.php\/2020\/06\/02\/contre-le-coronavirus-et-le-racisme-la-double-guerre-des-afro-americains\/\",\"url\":\"https:\/\/guineediversite.com\/index.php\/2020\/06\/02\/contre-le-coronavirus-et-le-racisme-la-double-guerre-des-afro-americains\/\",\"name\":\"Contre le coronavirus et le racisme, la double guerre des Afro-Am\u00e9ricains | Guin\u00e9e Diversit\u00e9\",\"isPartOf\":{\"@id\":\"https:\/\/guineediversite.com\/#website\"},\"primaryImageOfPage\":{\"@id\":\"https:\/\/guineediversite.com\/index.php\/2020\/06\/02\/contre-le-coronavirus-et-le-racisme-la-double-guerre-des-afro-americains\/#primaryimage\"},\"image\":{\"@id\":\"https:\/\/guineediversite.com\/index.php\/2020\/06\/02\/contre-le-coronavirus-et-le-racisme-la-double-guerre-des-afro-americains\/#primaryimage\"},\"thumbnailUrl\":\"https:\/\/guineediversite.com\/wp-content\/uploads\/2020\/06\/LES-ETATS-UNIS.jpg\",\"datePublished\":\"2020-06-02T10:35:33+00:00\",\"dateModified\":\"2020-06-02T10:35:39+00:00\",\"breadcrumb\":{\"@id\":\"https:\/\/guineediversite.com\/index.php\/2020\/06\/02\/contre-le-coronavirus-et-le-racisme-la-double-guerre-des-afro-americains\/#breadcrumb\"},\"inLanguage\":\"fr-FR\",\"potentialAction\":[{\"@type\":\"ReadAction\",\"target\":[\"https:\/\/guineediversite.com\/index.php\/2020\/06\/02\/contre-le-coronavirus-et-le-racisme-la-double-guerre-des-afro-americains\/\"]}]},{\"@type\":\"ImageObject\",\"inLanguage\":\"fr-FR\",\"@id\":\"https:\/\/guineediversite.com\/index.php\/2020\/06\/02\/contre-le-coronavirus-et-le-racisme-la-double-guerre-des-afro-americains\/#primaryimage\",\"url\":\"https:\/\/guineediversite.com\/wp-content\/uploads\/2020\/06\/LES-ETATS-UNIS.jpg\",\"contentUrl\":\"https:\/\/guineediversite.com\/wp-content\/uploads\/2020\/06\/LES-ETATS-UNIS.jpg\",\"width\":1500,\"height\":843},{\"@type\":\"BreadcrumbList\",\"@id\":\"https:\/\/guineediversite.com\/index.php\/2020\/06\/02\/contre-le-coronavirus-et-le-racisme-la-double-guerre-des-afro-americains\/#breadcrumb\",\"itemListElement\":[{\"@type\":\"ListItem\",\"position\":1,\"name\":\"Accueil\",\"item\":\"https:\/\/guineediversite.com\/\"},{\"@type\":\"ListItem\",\"position\":2,\"name\":\"Contre le coronavirus et le racisme, la double guerre des Afro-Am\u00e9ricains\"}]},{\"@type\":\"WebSite\",\"@id\":\"https:\/\/guineediversite.com\/#website\",\"url\":\"https:\/\/guineediversite.com\/\",\"name\":\"Guin\u00e9e Diversit\u00e9\",\"description\":\"L&#039;Info dans toute sa diversit\u00e9\",\"publisher\":{\"@id\":\"https:\/\/guineediversite.com\/#organization\"},\"potentialAction\":[{\"@type\":\"SearchAction\",\"target\":{\"@type\":\"EntryPoint\",\"urlTemplate\":\"https:\/\/guineediversite.com\/?s={search_term_string}\"},\"query-input\":{\"@type\":\"PropertyValueSpecification\",\"valueRequired\":true,\"valueName\":\"search_term_string\"}}],\"inLanguage\":\"fr-FR\"},{\"@type\":\"Organization\",\"@id\":\"https:\/\/guineediversite.com\/#organization\",\"name\":\"Guin\u00e9e Diversit\u00e9\",\"url\":\"https:\/\/guineediversite.com\/\",\"logo\":{\"@type\":\"ImageObject\",\"inLanguage\":\"fr-FR\",\"@id\":\"https:\/\/guineediversite.com\/#\/schema\/logo\/image\/\",\"url\":\"https:\/\/guineediversite.com\/wp-content\/uploads\/2017\/04\/cropped-1jojlxEOMkX9Wyqfhe43D6kjPOGqBBKmx3EwWJqZ0cMrFF54yM49.png\",\"contentUrl\":\"https:\/\/guineediversite.com\/wp-content\/uploads\/2017\/04\/cropped-1jojlxEOMkX9Wyqfhe43D6kjPOGqBBKmx3EwWJqZ0cMrFF54yM49.png\",\"width\":186,\"height\":112,\"caption\":\"Guin\u00e9e Diversit\u00e9\"},\"image\":{\"@id\":\"https:\/\/guineediversite.com\/#\/schema\/logo\/image\/\"},\"sameAs\":[\"https:\/\/www.facebook.com\/guineediversite\/\",\"https:\/\/x.com\/GuineeDiversite\",\"https:\/\/www.youtube.com\/channel\/UC8sUY16qelG5ge6_D5SB83g\"]},{\"@type\":\"Person\",\"@id\":\"https:\/\/guineediversite.com\/#\/schema\/person\/afa08fb34e7fc6e1feafc892612bc836\",\"name\":\"Guin\u00e9e Diversit\u00e9\",\"image\":{\"@type\":\"ImageObject\",\"inLanguage\":\"fr-FR\",\"@id\":\"https:\/\/guineediversite.com\/#\/schema\/person\/image\/\",\"url\":\"https:\/\/secure.gravatar.com\/avatar\/50d5eb5b390f8b65ac30ac6f898eb83a?s=96&d=mm&r=g\",\"contentUrl\":\"https:\/\/secure.gravatar.com\/avatar\/50d5eb5b390f8b65ac30ac6f898eb83a?s=96&d=mm&r=g\",\"caption\":\"Guin\u00e9e Diversit\u00e9\"},\"url\":\"https:\/\/guineediversite.com\/index.php\/author\/guineediversite\/\"}]}<\/script>\n<!-- \/ Yoast SEO plugin. -->","yoast_head_json":{"title":"Contre le coronavirus et le racisme, la double guerre des Afro-Am\u00e9ricains | Guin\u00e9e Diversit\u00e9","robots":{"index":"index","follow":"follow","max-snippet":"max-snippet:-1","max-image-preview":"max-image-preview:large","max-video-preview":"max-video-preview:-1"},"canonical":"https:\/\/guineediversite.com\/index.php\/2020\/06\/02\/contre-le-coronavirus-et-le-racisme-la-double-guerre-des-afro-americains\/","og_locale":"fr_FR","og_type":"article","og_title":"Contre le coronavirus et le racisme, la double guerre des Afro-Am\u00e9ricains | Guin\u00e9e Diversit\u00e9","og_description":"Rien ne semble apaiser la col\u00e8re apr\u00e8s la mort de Georges Floyd, cet Afro-Am\u00e9ricain asphyxi\u00e9 par un policier de Minneapolis, selon la derni\u00e8re autopsie. Confront\u00e9s depuis des d\u00e9cennies au racisme des forces de l\u2019ordre, les noirs am\u00e9ricains d\u00e9sesp\u00e8rent de voir un changement. Reportage \u00e0 Prince Georges dans le Maryland, l\u2019un des comt\u00e9s noirs les plus [&hellip;]","og_url":"https:\/\/guineediversite.com\/index.php\/2020\/06\/02\/contre-le-coronavirus-et-le-racisme-la-double-guerre-des-afro-americains\/","og_site_name":"Guin\u00e9e Diversit\u00e9","article_publisher":"https:\/\/www.facebook.com\/guineediversite\/","article_published_time":"2020-06-02T10:35:33+00:00","article_modified_time":"2020-06-02T10:35:39+00:00","og_image":[{"width":1500,"height":843,"url":"https:\/\/guineediversite.com\/wp-content\/uploads\/2020\/06\/LES-ETATS-UNIS.jpg","type":"image\/jpeg"}],"author":"Guin\u00e9e Diversit\u00e9","twitter_card":"summary_large_image","twitter_creator":"@GuineeDiversite","twitter_site":"@GuineeDiversite","twitter_misc":{"\u00c9crit par":"Guin\u00e9e Diversit\u00e9","Dur\u00e9e de lecture estim\u00e9e":"3 minutes"},"schema":{"@context":"https:\/\/schema.org","@graph":[{"@type":"Article","@id":"https:\/\/guineediversite.com\/index.php\/2020\/06\/02\/contre-le-coronavirus-et-le-racisme-la-double-guerre-des-afro-americains\/#article","isPartOf":{"@id":"https:\/\/guineediversite.com\/index.php\/2020\/06\/02\/contre-le-coronavirus-et-le-racisme-la-double-guerre-des-afro-americains\/"},"author":{"name":"Guin\u00e9e Diversit\u00e9","@id":"https:\/\/guineediversite.com\/#\/schema\/person\/afa08fb34e7fc6e1feafc892612bc836"},"headline":"Contre le coronavirus et le racisme, la double guerre des Afro-Am\u00e9ricains","datePublished":"2020-06-02T10:35:33+00:00","dateModified":"2020-06-02T10:35:39+00:00","mainEntityOfPage":{"@id":"https:\/\/guineediversite.com\/index.php\/2020\/06\/02\/contre-le-coronavirus-et-le-racisme-la-double-guerre-des-afro-americains\/"},"wordCount":657,"publisher":{"@id":"https:\/\/guineediversite.com\/#organization"},"image":{"@id":"https:\/\/guineediversite.com\/index.php\/2020\/06\/02\/contre-le-coronavirus-et-le-racisme-la-double-guerre-des-afro-americains\/#primaryimage"},"thumbnailUrl":"https:\/\/guineediversite.com\/wp-content\/uploads\/2020\/06\/LES-ETATS-UNIS.jpg","articleSection":["International"],"inLanguage":"fr-FR"},{"@type":"WebPage","@id":"https:\/\/guineediversite.com\/index.php\/2020\/06\/02\/contre-le-coronavirus-et-le-racisme-la-double-guerre-des-afro-americains\/","url":"https:\/\/guineediversite.com\/index.php\/2020\/06\/02\/contre-le-coronavirus-et-le-racisme-la-double-guerre-des-afro-americains\/","name":"Contre le coronavirus et le racisme, la double guerre des Afro-Am\u00e9ricains | Guin\u00e9e Diversit\u00e9","isPartOf":{"@id":"https:\/\/guineediversite.com\/#website"},"primaryImageOfPage":{"@id":"https:\/\/guineediversite.com\/index.php\/2020\/06\/02\/contre-le-coronavirus-et-le-racisme-la-double-guerre-des-afro-americains\/#primaryimage"},"image":{"@id":"https:\/\/guineediversite.com\/index.php\/2020\/06\/02\/contre-le-coronavirus-et-le-racisme-la-double-guerre-des-afro-americains\/#primaryimage"},"thumbnailUrl":"https:\/\/guineediversite.com\/wp-content\/uploads\/2020\/06\/LES-ETATS-UNIS.jpg","datePublished":"2020-06-02T10:35:33+00:00","dateModified":"2020-06-02T10:35:39+00:00","breadcrumb":{"@id":"https:\/\/guineediversite.com\/index.php\/2020\/06\/02\/contre-le-coronavirus-et-le-racisme-la-double-guerre-des-afro-americains\/#breadcrumb"},"inLanguage":"fr-FR","potentialAction":[{"@type":"ReadAction","target":["https:\/\/guineediversite.com\/index.php\/2020\/06\/02\/contre-le-coronavirus-et-le-racisme-la-double-guerre-des-afro-americains\/"]}]},{"@type":"ImageObject","inLanguage":"fr-FR","@id":"https:\/\/guineediversite.com\/index.php\/2020\/06\/02\/contre-le-coronavirus-et-le-racisme-la-double-guerre-des-afro-americains\/#primaryimage","url":"https:\/\/guineediversite.com\/wp-content\/uploads\/2020\/06\/LES-ETATS-UNIS.jpg","contentUrl":"https:\/\/guineediversite.com\/wp-content\/uploads\/2020\/06\/LES-ETATS-UNIS.jpg","width":1500,"height":843},{"@type":"BreadcrumbList","@id":"https:\/\/guineediversite.com\/index.php\/2020\/06\/02\/contre-le-coronavirus-et-le-racisme-la-double-guerre-des-afro-americains\/#breadcrumb","itemListElement":[{"@type":"ListItem","position":1,"name":"Accueil","item":"https:\/\/guineediversite.com\/"},{"@type":"ListItem","position":2,"name":"Contre le coronavirus et le racisme, la double guerre des Afro-Am\u00e9ricains"}]},{"@type":"WebSite","@id":"https:\/\/guineediversite.com\/#website","url":"https:\/\/guineediversite.com\/","name":"Guin\u00e9e Diversit\u00e9","description":"L&#039;Info dans toute sa diversit\u00e9","publisher":{"@id":"https:\/\/guineediversite.com\/#organization"},"potentialAction":[{"@type":"SearchAction","target":{"@type":"EntryPoint","urlTemplate":"https:\/\/guineediversite.com\/?s={search_term_string}"},"query-input":{"@type":"PropertyValueSpecification","valueRequired":true,"valueName":"search_term_string"}}],"inLanguage":"fr-FR"},{"@type":"Organization","@id":"https:\/\/guineediversite.com\/#organization","name":"Guin\u00e9e Diversit\u00e9","url":"https:\/\/guineediversite.com\/","logo":{"@type":"ImageObject","inLanguage":"fr-FR","@id":"https:\/\/guineediversite.com\/#\/schema\/logo\/image\/","url":"https:\/\/guineediversite.com\/wp-content\/uploads\/2017\/04\/cropped-1jojlxEOMkX9Wyqfhe43D6kjPOGqBBKmx3EwWJqZ0cMrFF54yM49.png","contentUrl":"https:\/\/guineediversite.com\/wp-content\/uploads\/2017\/04\/cropped-1jojlxEOMkX9Wyqfhe43D6kjPOGqBBKmx3EwWJqZ0cMrFF54yM49.png","width":186,"height":112,"caption":"Guin\u00e9e Diversit\u00e9"},"image":{"@id":"https:\/\/guineediversite.com\/#\/schema\/logo\/image\/"},"sameAs":["https:\/\/www.facebook.com\/guineediversite\/","https:\/\/x.com\/GuineeDiversite","https:\/\/www.youtube.com\/channel\/UC8sUY16qelG5ge6_D5SB83g"]},{"@type":"Person","@id":"https:\/\/guineediversite.com\/#\/schema\/person\/afa08fb34e7fc6e1feafc892612bc836","name":"Guin\u00e9e Diversit\u00e9","image":{"@type":"ImageObject","inLanguage":"fr-FR","@id":"https:\/\/guineediversite.com\/#\/schema\/person\/image\/","url":"https:\/\/secure.gravatar.com\/avatar\/50d5eb5b390f8b65ac30ac6f898eb83a?s=96&d=mm&r=g","contentUrl":"https:\/\/secure.gravatar.com\/avatar\/50d5eb5b390f8b65ac30ac6f898eb83a?s=96&d=mm&r=g","caption":"Guin\u00e9e Diversit\u00e9"},"url":"https:\/\/guineediversite.com\/index.php\/author\/guineediversite\/"}]}},"_links":{"self":[{"href":"https:\/\/guineediversite.com\/index.php\/wp-json\/wp\/v2\/posts\/29357"}],"collection":[{"href":"https:\/\/guineediversite.com\/index.php\/wp-json\/wp\/v2\/posts"}],"about":[{"href":"https:\/\/guineediversite.com\/index.php\/wp-json\/wp\/v2\/types\/post"}],"author":[{"embeddable":true,"href":"https:\/\/guineediversite.com\/index.php\/wp-json\/wp\/v2\/users\/12"}],"replies":[{"embeddable":true,"href":"https:\/\/guineediversite.com\/index.php\/wp-json\/wp\/v2\/comments?post=29357"}],"version-history":[{"count":1,"href":"https:\/\/guineediversite.com\/index.php\/wp-json\/wp\/v2\/posts\/29357\/revisions"}],"predecessor-version":[{"id":29359,"href":"https:\/\/guineediversite.com\/index.php\/wp-json\/wp\/v2\/posts\/29357\/revisions\/29359"}],"wp:featuredmedia":[{"embeddable":true,"href":"https:\/\/guineediversite.com\/index.php\/wp-json\/wp\/v2\/media\/29358"}],"wp:attachment":[{"href":"https:\/\/guineediversite.com\/index.php\/wp-json\/wp\/v2\/media?parent=29357"}],"wp:term":[{"taxonomy":"category","embeddable":true,"href":"https:\/\/guineediversite.com\/index.php\/wp-json\/wp\/v2\/categories?post=29357"},{"taxonomy":"post_tag","embeddable":true,"href":"https:\/\/guineediversite.com\/index.php\/wp-json\/wp\/v2\/tags?post=29357"}],"curies":[{"name":"wp","href":"https:\/\/api.w.org\/{rel}","templated":true}]}}