{"id":29351,"date":"2020-06-01T22:06:25","date_gmt":"2020-06-01T20:06:25","guid":{"rendered":"https:\/\/guineediversite.com\/?p=29351"},"modified":"2020-06-01T22:06:31","modified_gmt":"2020-06-01T20:06:31","slug":"transfert-mathias-pogba-a-ete-officiellement-libere-par-lorca","status":"publish","type":"post","link":"https:\/\/guineediversite.com\/index.php\/2020\/06\/01\/transfert-mathias-pogba-a-ete-officiellement-libere-par-lorca\/","title":{"rendered":"Transfert : Mathias Pogba a \u00e9t\u00e9  officiellement lib\u00e9r\u00e9 par Lorca"},"content":{"rendered":"\n<p> Ce lundi, le pensionnaire de la quatri\u00e8me division Espagnole a annonc\u00e9 via son compte Twitter la lib\u00e9ration de l\u2019international guin\u00e9en y compris d\u2019autres joueurs sans donner de d\u00e9tails. L\u2019aventure est termin\u00e9e pour Mathias Pogba \u00e0 Lorca FC.<\/p>\n\n\n\n<p>C\u2019est un coup dur pour le fr\u00e8re jumeau de Florentin Pogba qui quitte son 10e club \u00e0 seulement 29 ans. Reste \u00e0 savoir d\u00e9sormais si l\u2019ancien joueur du Feynord Rotterdam va avoir un point de chute.<\/p>\n","protected":false},"excerpt":{"rendered":"<p>Ce lundi, le pensionnaire de la quatri\u00e8me division Espagnole a annonc\u00e9 via son compte Twitter la lib\u00e9ration de l\u2019international guin\u00e9en y compris d\u2019autres joueurs sans donner de d\u00e9tails. L\u2019aventure est termin\u00e9e pour Mathias Pogba \u00e0 Lorca FC. C\u2019est un coup dur pour le fr\u00e8re jumeau de Florentin Pogba qui quitte son 10e club \u00e0 seulement [&hellip;]<\/p>\n","protected":false},"author":6,"featured_media":29352,"comment_status":"closed","ping_status":"closed","sticky":false,"template":"","format":"standard","meta":{"_exactmetrics_skip_tracking":false,"_exactmetrics_sitenote_active":false,"_exactmetrics_sitenote_note":"","_exactmetrics_sitenote_category":0,"tdm_status":"","tdm_grid_status":"","footnotes":""},"categories":[18],"tags":[],"class_list":{"0":"post-29351","1":"post","2":"type-post","3":"status-publish","4":"format-standard","5":"has-post-thumbnail","7":"category-sport"},"yoast_head":"<!-- This site is optimized with the Yoast SEO plugin v24.2 - https:\/\/yoast.com\/wordpress\/plugins\/seo\/ -->\n<title>Transfert : Mathias Pogba a \u00e9t\u00e9 officiellement lib\u00e9r\u00e9 par Lorca | Guin\u00e9e Diversit\u00e9<\/title>\n<meta name=\"robots\" content=\"index, follow, max-snippet:-1, max-image-preview:large, max-video-preview:-1\" \/>\n<link rel=\"canonical\" href=\"https:\/\/guineediversite.com\/index.php\/2020\/06\/01\/transfert-mathias-pogba-a-ete-officiellement-libere-par-lorca\/\" \/>\n<meta property=\"og:locale\" content=\"fr_FR\" \/>\n<meta property=\"og:type\" content=\"article\" \/>\n<meta property=\"og:title\" content=\"Transfert : Mathias Pogba a \u00e9t\u00e9 officiellement lib\u00e9r\u00e9 par Lorca | Guin\u00e9e Diversit\u00e9\" \/>\n<meta property=\"og:description\" content=\"Ce lundi, le pensionnaire de la quatri\u00e8me division Espagnole a annonc\u00e9 via son compte Twitter la lib\u00e9ration de l\u2019international guin\u00e9en y compris d\u2019autres joueurs sans donner de d\u00e9tails. L\u2019aventure est termin\u00e9e pour Mathias Pogba \u00e0 Lorca FC. C\u2019est un coup dur pour le fr\u00e8re jumeau de Florentin Pogba qui quitte son 10e club \u00e0 seulement [&hellip;]\" \/>\n<meta property=\"og:url\" content=\"https:\/\/guineediversite.com\/index.php\/2020\/06\/01\/transfert-mathias-pogba-a-ete-officiellement-libere-par-lorca\/\" \/>\n<meta property=\"og:site_name\" content=\"Guin\u00e9e Diversit\u00e9\" \/>\n<meta property=\"article:publisher\" content=\"https:\/\/www.facebook.com\/guineediversite\/\" \/>\n<meta property=\"article:published_time\" content=\"2020-06-01T20:06:25+00:00\" \/>\n<meta property=\"article:modified_time\" content=\"2020-06-01T20:06:31+00:00\" \/>\n<meta property=\"og:image\" content=\"https:\/\/guineediversite.com\/wp-content\/uploads\/2020\/06\/MATHIAS-POGBA.jpg\" \/>\n\t<meta property=\"og:image:width\" content=\"1500\" \/>\n\t<meta property=\"og:image:height\" content=\"750\" \/>\n\t<meta property=\"og:image:type\" content=\"image\/jpeg\" \/>\n<meta name=\"author\" content=\"TMB\" \/>\n<meta name=\"twitter:card\" content=\"summary_large_image\" \/>\n<meta name=\"twitter:creator\" content=\"@TmoussaBah\" \/>\n<meta name=\"twitter:site\" content=\"@GuineeDiversite\" \/>\n<meta name=\"twitter:label1\" content=\"\u00c9crit par\" \/>\n\t<meta name=\"twitter:data1\" content=\"TMB\" \/>\n<script type=\"application\/ld+json\" class=\"yoast-schema-graph\">{\"@context\":\"https:\/\/schema.org\",\"@graph\":[{\"@type\":\"Article\",\"@id\":\"https:\/\/guineediversite.com\/index.php\/2020\/06\/01\/transfert-mathias-pogba-a-ete-officiellement-libere-par-lorca\/#article\",\"isPartOf\":{\"@id\":\"https:\/\/guineediversite.com\/index.php\/2020\/06\/01\/transfert-mathias-pogba-a-ete-officiellement-libere-par-lorca\/\"},\"author\":{\"name\":\"TMB\",\"@id\":\"https:\/\/guineediversite.com\/#\/schema\/person\/93f07b8b19c6b61656d0edeba739b9e2\"},\"headline\":\"Transfert : Mathias Pogba a \u00e9t\u00e9 officiellement lib\u00e9r\u00e9 par Lorca\",\"datePublished\":\"2020-06-01T20:06:25+00:00\",\"dateModified\":\"2020-06-01T20:06:31+00:00\",\"mainEntityOfPage\":{\"@id\":\"https:\/\/guineediversite.com\/index.php\/2020\/06\/01\/transfert-mathias-pogba-a-ete-officiellement-libere-par-lorca\/\"},\"wordCount\":91,\"publisher\":{\"@id\":\"https:\/\/guineediversite.com\/#organization\"},\"image\":{\"@id\":\"https:\/\/guineediversite.com\/index.php\/2020\/06\/01\/transfert-mathias-pogba-a-ete-officiellement-libere-par-lorca\/#primaryimage\"},\"thumbnailUrl\":\"https:\/\/guineediversite.com\/wp-content\/uploads\/2020\/06\/MATHIAS-POGBA.jpg\",\"articleSection\":[\"Sport\"],\"inLanguage\":\"fr-FR\"},{\"@type\":\"WebPage\",\"@id\":\"https:\/\/guineediversite.com\/index.php\/2020\/06\/01\/transfert-mathias-pogba-a-ete-officiellement-libere-par-lorca\/\",\"url\":\"https:\/\/guineediversite.com\/index.php\/2020\/06\/01\/transfert-mathias-pogba-a-ete-officiellement-libere-par-lorca\/\",\"name\":\"Transfert : Mathias Pogba a \u00e9t\u00e9 officiellement lib\u00e9r\u00e9 par Lorca | Guin\u00e9e Diversit\u00e9\",\"isPartOf\":{\"@id\":\"https:\/\/guineediversite.com\/#website\"},\"primaryImageOfPage\":{\"@id\":\"https:\/\/guineediversite.com\/index.php\/2020\/06\/01\/transfert-mathias-pogba-a-ete-officiellement-libere-par-lorca\/#primaryimage\"},\"image\":{\"@id\":\"https:\/\/guineediversite.com\/index.php\/2020\/06\/01\/transfert-mathias-pogba-a-ete-officiellement-libere-par-lorca\/#primaryimage\"},\"thumbnailUrl\":\"https:\/\/guineediversite.com\/wp-content\/uploads\/2020\/06\/MATHIAS-POGBA.jpg\",\"datePublished\":\"2020-06-01T20:06:25+00:00\",\"dateModified\":\"2020-06-01T20:06:31+00:00\",\"breadcrumb\":{\"@id\":\"https:\/\/guineediversite.com\/index.php\/2020\/06\/01\/transfert-mathias-pogba-a-ete-officiellement-libere-par-lorca\/#breadcrumb\"},\"inLanguage\":\"fr-FR\",\"potentialAction\":[{\"@type\":\"ReadAction\",\"target\":[\"https:\/\/guineediversite.com\/index.php\/2020\/06\/01\/transfert-mathias-pogba-a-ete-officiellement-libere-par-lorca\/\"]}]},{\"@type\":\"ImageObject\",\"inLanguage\":\"fr-FR\",\"@id\":\"https:\/\/guineediversite.com\/index.php\/2020\/06\/01\/transfert-mathias-pogba-a-ete-officiellement-libere-par-lorca\/#primaryimage\",\"url\":\"https:\/\/guineediversite.com\/wp-content\/uploads\/2020\/06\/MATHIAS-POGBA.jpg\",\"contentUrl\":\"https:\/\/guineediversite.com\/wp-content\/uploads\/2020\/06\/MATHIAS-POGBA.jpg\",\"width\":1500,\"height\":750},{\"@type\":\"BreadcrumbList\",\"@id\":\"https:\/\/guineediversite.com\/index.php\/2020\/06\/01\/transfert-mathias-pogba-a-ete-officiellement-libere-par-lorca\/#breadcrumb\",\"itemListElement\":[{\"@type\":\"ListItem\",\"position\":1,\"name\":\"Accueil\",\"item\":\"https:\/\/guineediversite.com\/\"},{\"@type\":\"ListItem\",\"position\":2,\"name\":\"Transfert : Mathias Pogba a \u00e9t\u00e9 officiellement lib\u00e9r\u00e9 par Lorca\"}]},{\"@type\":\"WebSite\",\"@id\":\"https:\/\/guineediversite.com\/#website\",\"url\":\"https:\/\/guineediversite.com\/\",\"name\":\"Guin\u00e9e Diversit\u00e9\",\"description\":\"L&#039;Info dans toute sa diversit\u00e9\",\"publisher\":{\"@id\":\"https:\/\/guineediversite.com\/#organization\"},\"potentialAction\":[{\"@type\":\"SearchAction\",\"target\":{\"@type\":\"EntryPoint\",\"urlTemplate\":\"https:\/\/guineediversite.com\/?s={search_term_string}\"},\"query-input\":{\"@type\":\"PropertyValueSpecification\",\"valueRequired\":true,\"valueName\":\"search_term_string\"}}],\"inLanguage\":\"fr-FR\"},{\"@type\":\"Organization\",\"@id\":\"https:\/\/guineediversite.com\/#organization\",\"name\":\"Guin\u00e9e Diversit\u00e9\",\"url\":\"https:\/\/guineediversite.com\/\",\"logo\":{\"@type\":\"ImageObject\",\"inLanguage\":\"fr-FR\",\"@id\":\"https:\/\/guineediversite.com\/#\/schema\/logo\/image\/\",\"url\":\"https:\/\/guineediversite.com\/wp-content\/uploads\/2017\/04\/cropped-1jojlxEOMkX9Wyqfhe43D6kjPOGqBBKmx3EwWJqZ0cMrFF54yM49.png\",\"contentUrl\":\"https:\/\/guineediversite.com\/wp-content\/uploads\/2017\/04\/cropped-1jojlxEOMkX9Wyqfhe43D6kjPOGqBBKmx3EwWJqZ0cMrFF54yM49.png\",\"width\":186,\"height\":112,\"caption\":\"Guin\u00e9e Diversit\u00e9\"},\"image\":{\"@id\":\"https:\/\/guineediversite.com\/#\/schema\/logo\/image\/\"},\"sameAs\":[\"https:\/\/www.facebook.com\/guineediversite\/\",\"https:\/\/x.com\/GuineeDiversite\",\"https:\/\/www.youtube.com\/channel\/UC8sUY16qelG5ge6_D5SB83g\"]},{\"@type\":\"Person\",\"@id\":\"https:\/\/guineediversite.com\/#\/schema\/person\/93f07b8b19c6b61656d0edeba739b9e2\",\"name\":\"TMB\",\"image\":{\"@type\":\"ImageObject\",\"inLanguage\":\"fr-FR\",\"@id\":\"https:\/\/guineediversite.com\/#\/schema\/person\/image\/\",\"url\":\"https:\/\/secure.gravatar.com\/avatar\/2bbb03bec976020eaf4dfa0af0a5259f?s=96&d=mm&r=g\",\"contentUrl\":\"https:\/\/secure.gravatar.com\/avatar\/2bbb03bec976020eaf4dfa0af0a5259f?s=96&d=mm&r=g\",\"caption\":\"TMB\"},\"sameAs\":[\"https:\/\/x.com\/TmoussaBah\"],\"url\":\"https:\/\/guineediversite.com\/index.php\/author\/thierno\/\"}]}<\/script>\n<!-- \/ Yoast SEO plugin. -->","yoast_head_json":{"title":"Transfert : Mathias Pogba a \u00e9t\u00e9 officiellement lib\u00e9r\u00e9 par Lorca | Guin\u00e9e Diversit\u00e9","robots":{"index":"index","follow":"follow","max-snippet":"max-snippet:-1","max-image-preview":"max-image-preview:large","max-video-preview":"max-video-preview:-1"},"canonical":"https:\/\/guineediversite.com\/index.php\/2020\/06\/01\/transfert-mathias-pogba-a-ete-officiellement-libere-par-lorca\/","og_locale":"fr_FR","og_type":"article","og_title":"Transfert : Mathias Pogba a \u00e9t\u00e9 officiellement lib\u00e9r\u00e9 par Lorca | Guin\u00e9e Diversit\u00e9","og_description":"Ce lundi, le pensionnaire de la quatri\u00e8me division Espagnole a annonc\u00e9 via son compte Twitter la lib\u00e9ration de l\u2019international guin\u00e9en y compris d\u2019autres joueurs sans donner de d\u00e9tails. L\u2019aventure est termin\u00e9e pour Mathias Pogba \u00e0 Lorca FC. C\u2019est un coup dur pour le fr\u00e8re jumeau de Florentin Pogba qui quitte son 10e club \u00e0 seulement [&hellip;]","og_url":"https:\/\/guineediversite.com\/index.php\/2020\/06\/01\/transfert-mathias-pogba-a-ete-officiellement-libere-par-lorca\/","og_site_name":"Guin\u00e9e Diversit\u00e9","article_publisher":"https:\/\/www.facebook.com\/guineediversite\/","article_published_time":"2020-06-01T20:06:25+00:00","article_modified_time":"2020-06-01T20:06:31+00:00","og_image":[{"width":1500,"height":750,"url":"https:\/\/guineediversite.com\/wp-content\/uploads\/2020\/06\/MATHIAS-POGBA.jpg","type":"image\/jpeg"}],"author":"TMB","twitter_card":"summary_large_image","twitter_creator":"@TmoussaBah","twitter_site":"@GuineeDiversite","twitter_misc":{"\u00c9crit par":"TMB"},"schema":{"@context":"https:\/\/schema.org","@graph":[{"@type":"Article","@id":"https:\/\/guineediversite.com\/index.php\/2020\/06\/01\/transfert-mathias-pogba-a-ete-officiellement-libere-par-lorca\/#article","isPartOf":{"@id":"https:\/\/guineediversite.com\/index.php\/2020\/06\/01\/transfert-mathias-pogba-a-ete-officiellement-libere-par-lorca\/"},"author":{"name":"TMB","@id":"https:\/\/guineediversite.com\/#\/schema\/person\/93f07b8b19c6b61656d0edeba739b9e2"},"headline":"Transfert : Mathias Pogba a \u00e9t\u00e9 officiellement lib\u00e9r\u00e9 par Lorca","datePublished":"2020-06-01T20:06:25+00:00","dateModified":"2020-06-01T20:06:31+00:00","mainEntityOfPage":{"@id":"https:\/\/guineediversite.com\/index.php\/2020\/06\/01\/transfert-mathias-pogba-a-ete-officiellement-libere-par-lorca\/"},"wordCount":91,"publisher":{"@id":"https:\/\/guineediversite.com\/#organization"},"image":{"@id":"https:\/\/guineediversite.com\/index.php\/2020\/06\/01\/transfert-mathias-pogba-a-ete-officiellement-libere-par-lorca\/#primaryimage"},"thumbnailUrl":"https:\/\/guineediversite.com\/wp-content\/uploads\/2020\/06\/MATHIAS-POGBA.jpg","articleSection":["Sport"],"inLanguage":"fr-FR"},{"@type":"WebPage","@id":"https:\/\/guineediversite.com\/index.php\/2020\/06\/01\/transfert-mathias-pogba-a-ete-officiellement-libere-par-lorca\/","url":"https:\/\/guineediversite.com\/index.php\/2020\/06\/01\/transfert-mathias-pogba-a-ete-officiellement-libere-par-lorca\/","name":"Transfert : Mathias Pogba a \u00e9t\u00e9 officiellement lib\u00e9r\u00e9 par Lorca | Guin\u00e9e Diversit\u00e9","isPartOf":{"@id":"https:\/\/guineediversite.com\/#website"},"primaryImageOfPage":{"@id":"https:\/\/guineediversite.com\/index.php\/2020\/06\/01\/transfert-mathias-pogba-a-ete-officiellement-libere-par-lorca\/#primaryimage"},"image":{"@id":"https:\/\/guineediversite.com\/index.php\/2020\/06\/01\/transfert-mathias-pogba-a-ete-officiellement-libere-par-lorca\/#primaryimage"},"thumbnailUrl":"https:\/\/guineediversite.com\/wp-content\/uploads\/2020\/06\/MATHIAS-POGBA.jpg","datePublished":"2020-06-01T20:06:25+00:00","dateModified":"2020-06-01T20:06:31+00:00","breadcrumb":{"@id":"https:\/\/guineediversite.com\/index.php\/2020\/06\/01\/transfert-mathias-pogba-a-ete-officiellement-libere-par-lorca\/#breadcrumb"},"inLanguage":"fr-FR","potentialAction":[{"@type":"ReadAction","target":["https:\/\/guineediversite.com\/index.php\/2020\/06\/01\/transfert-mathias-pogba-a-ete-officiellement-libere-par-lorca\/"]}]},{"@type":"ImageObject","inLanguage":"fr-FR","@id":"https:\/\/guineediversite.com\/index.php\/2020\/06\/01\/transfert-mathias-pogba-a-ete-officiellement-libere-par-lorca\/#primaryimage","url":"https:\/\/guineediversite.com\/wp-content\/uploads\/2020\/06\/MATHIAS-POGBA.jpg","contentUrl":"https:\/\/guineediversite.com\/wp-content\/uploads\/2020\/06\/MATHIAS-POGBA.jpg","width":1500,"height":750},{"@type":"BreadcrumbList","@id":"https:\/\/guineediversite.com\/index.php\/2020\/06\/01\/transfert-mathias-pogba-a-ete-officiellement-libere-par-lorca\/#breadcrumb","itemListElement":[{"@type":"ListItem","position":1,"name":"Accueil","item":"https:\/\/guineediversite.com\/"},{"@type":"ListItem","position":2,"name":"Transfert : Mathias Pogba a \u00e9t\u00e9 officiellement lib\u00e9r\u00e9 par Lorca"}]},{"@type":"WebSite","@id":"https:\/\/guineediversite.com\/#website","url":"https:\/\/guineediversite.com\/","name":"Guin\u00e9e Diversit\u00e9","description":"L&#039;Info dans toute sa diversit\u00e9","publisher":{"@id":"https:\/\/guineediversite.com\/#organization"},"potentialAction":[{"@type":"SearchAction","target":{"@type":"EntryPoint","urlTemplate":"https:\/\/guineediversite.com\/?s={search_term_string}"},"query-input":{"@type":"PropertyValueSpecification","valueRequired":true,"valueName":"search_term_string"}}],"inLanguage":"fr-FR"},{"@type":"Organization","@id":"https:\/\/guineediversite.com\/#organization","name":"Guin\u00e9e Diversit\u00e9","url":"https:\/\/guineediversite.com\/","logo":{"@type":"ImageObject","inLanguage":"fr-FR","@id":"https:\/\/guineediversite.com\/#\/schema\/logo\/image\/","url":"https:\/\/guineediversite.com\/wp-content\/uploads\/2017\/04\/cropped-1jojlxEOMkX9Wyqfhe43D6kjPOGqBBKmx3EwWJqZ0cMrFF54yM49.png","contentUrl":"https:\/\/guineediversite.com\/wp-content\/uploads\/2017\/04\/cropped-1jojlxEOMkX9Wyqfhe43D6kjPOGqBBKmx3EwWJqZ0cMrFF54yM49.png","width":186,"height":112,"caption":"Guin\u00e9e Diversit\u00e9"},"image":{"@id":"https:\/\/guineediversite.com\/#\/schema\/logo\/image\/"},"sameAs":["https:\/\/www.facebook.com\/guineediversite\/","https:\/\/x.com\/GuineeDiversite","https:\/\/www.youtube.com\/channel\/UC8sUY16qelG5ge6_D5SB83g"]},{"@type":"Person","@id":"https:\/\/guineediversite.com\/#\/schema\/person\/93f07b8b19c6b61656d0edeba739b9e2","name":"TMB","image":{"@type":"ImageObject","inLanguage":"fr-FR","@id":"https:\/\/guineediversite.com\/#\/schema\/person\/image\/","url":"https:\/\/secure.gravatar.com\/avatar\/2bbb03bec976020eaf4dfa0af0a5259f?s=96&d=mm&r=g","contentUrl":"https:\/\/secure.gravatar.com\/avatar\/2bbb03bec976020eaf4dfa0af0a5259f?s=96&d=mm&r=g","caption":"TMB"},"sameAs":["https:\/\/x.com\/TmoussaBah"],"url":"https:\/\/guineediversite.com\/index.php\/author\/thierno\/"}]}},"_links":{"self":[{"href":"https:\/\/guineediversite.com\/index.php\/wp-json\/wp\/v2\/posts\/29351"}],"collection":[{"href":"https:\/\/guineediversite.com\/index.php\/wp-json\/wp\/v2\/posts"}],"about":[{"href":"https:\/\/guineediversite.com\/index.php\/wp-json\/wp\/v2\/types\/post"}],"author":[{"embeddable":true,"href":"https:\/\/guineediversite.com\/index.php\/wp-json\/wp\/v2\/users\/6"}],"replies":[{"embeddable":true,"href":"https:\/\/guineediversite.com\/index.php\/wp-json\/wp\/v2\/comments?post=29351"}],"version-history":[{"count":1,"href":"https:\/\/guineediversite.com\/index.php\/wp-json\/wp\/v2\/posts\/29351\/revisions"}],"predecessor-version":[{"id":29353,"href":"https:\/\/guineediversite.com\/index.php\/wp-json\/wp\/v2\/posts\/29351\/revisions\/29353"}],"wp:featuredmedia":[{"embeddable":true,"href":"https:\/\/guineediversite.com\/index.php\/wp-json\/wp\/v2\/media\/29352"}],"wp:attachment":[{"href":"https:\/\/guineediversite.com\/index.php\/wp-json\/wp\/v2\/media?parent=29351"}],"wp:term":[{"taxonomy":"category","embeddable":true,"href":"https:\/\/guineediversite.com\/index.php\/wp-json\/wp\/v2\/categories?post=29351"},{"taxonomy":"post_tag","embeddable":true,"href":"https:\/\/guineediversite.com\/index.php\/wp-json\/wp\/v2\/tags?post=29351"}],"curies":[{"name":"wp","href":"https:\/\/api.w.org\/{rel}","templated":true}]}}