{"id":29348,"date":"2020-06-01T21:54:46","date_gmt":"2020-06-01T19:54:46","guid":{"rendered":"https:\/\/guineediversite.com\/?p=29348"},"modified":"2020-06-01T21:54:50","modified_gmt":"2020-06-01T19:54:50","slug":"deconfinement-en-afrique-du-sud-levee-du-couvre-feu-et-reouverture-des-commerces","status":"publish","type":"post","link":"https:\/\/guineediversite.com\/index.php\/2020\/06\/01\/deconfinement-en-afrique-du-sud-levee-du-couvre-feu-et-reouverture-des-commerces\/","title":{"rendered":"D\u00e9confinement en Afrique du Sud: lev\u00e9e du couvre-feu et r\u00e9ouverture des commerces"},"content":{"rendered":"\n<p>Le gouvernement a d\u00e9cid\u00e9, \u00e0 partir de ce lundi d\u2019assouplir encore un peu plus ses mesures de confinement. Le pays passe en niveau 3 d\u2019alerte sanitaire, pour permettre \u00e0 une \u00e9conomie \u00e0 bout de souffle de se relancer. Malgr\u00e9 la progression de l\u2019\u00e9pid\u00e9mie, des mesures comme la lev\u00e9e du couvre-feu, ou la r\u00e9ouverture de la plupart des commerces sont d\u00e9sormais appliqu\u00e9es.<\/p>\n\n\n\n<p>Le gouvernement a \u00e9t\u00e9 contraint de c\u00e9der sur plusieurs fronts, pour permettre \u00e0 l\u2019activit\u00e9 \u00e9conomique de reprendre. Avec ce nouvel all\u00e8gement des mesures, pr\u00e8s de huit millions de personnes de plus sont de retour sur leur lieu de travail.<\/p>\n\n\n\n<p><strong><a href=\"http:\/\/www.rfi.fr\/fr\/afrique\/20200518-coronavirus-flamb\u00e9e-nouvelles-contaminations-en-afrique-sud\" target=\"_blank\" rel=\"noreferrer noopener\">Pourtant le taux d\u2019infection s&rsquo;acc\u00e9l\u00e8re<\/a><\/strong>, et le pays recense d\u00e9sormais plus de 30 000 cas positifs. Mais le pr\u00e9sident Cyril Ramaphosa n\u2019a pas vraiment eu le choix, alors que la banque centrale pr\u00e9voit un ralentissement de l\u2019activit\u00e9 de 7% cette ann\u00e9e, et que les experts envisagent une perte de plusieurs millions d\u2019emplois. On observe donc un quasi retour \u00e0 la normale dans les rues des grandes villes, avec un certain rel\u00e2chement des r\u00e8gles de distanciation sociale, mais un port du masque plut\u00f4t respect\u00e9.<\/p>\n\n\n\n<p>Les nouvelles directives permettent \u00e9galement \u00e0 partir d\u2019aujourd\u2019hui la r\u00e9ouverture des lieux de culte, avec une limite de 50 fid\u00e8les, ou la reprise des liaisons a\u00e9riennes int\u00e9rieures, pour des voyages li\u00e9s au travail. Mais la mesure que tout le monde attendait, c\u2019est la lev\u00e9e de l\u2019interdiction de la vente d\u2019alcool, mise en place depuis deux mois. Les magasins d\u2019alcool ont vu des files se former d\u00e8s ce matin, avec des habitants impatients de refaire leurs stocks.<\/p>\n\n\n\n<p><strong>Certaines \u00e9coles encore ferm\u00e9es<\/strong><\/p>\n\n\n\n<p>En revanche,<strong><a href=\"http:\/\/www.rfi.fr\/fr\/afrique\/20200528-coronavirus-en-afrique-sud-syndicats-sopposent-\u00e0-la-r\u00e9ouverture-\u00e9coles\" target=\"_blank\" rel=\"noreferrer noopener\"> la r\u00e9ouverture des \u00e9coles<\/a><\/strong> ne s\u2019est pas pass\u00e9e comme pr\u00e9vu. Certaines classes devaient normalement accueillir des \u00e9l\u00e8ves ce lundi. Mais hier soir, au dernier moment, le gouvernement a fait marche arri\u00e8re, donnant raison aux syndicats qui estimaient que les \u00e9tablissements manquaient de pr\u00e9paration.<\/p>\n\n\n\n<p>Cette r\u00e9ouverture est donc repouss\u00e9e d\u2019une semaine, cr\u00e9ant la confusion aupr\u00e8s des parents et des enseignants. Surtout que la r\u00e9gion du Cap Occidental, tenue par l\u2019opposition, et qui d\u00e9tient pourtant un taux d\u2019infections record, a de son c\u00f4t\u00e9 d\u00e9cid\u00e9 de s\u2019en tenir au plan initial.<\/p>\n\n\n\n<p>Les diff\u00e9rents niveaux de restrictions sont susceptibles de changer en fonction de l\u2019\u00e9volution de la pand\u00e9mie. Selon les experts, l\u2019Afrique du Sud devrait conna\u00eetre le pic de l\u2019\u00e9pid\u00e9mie entre juillet et septembre.<\/p>\n\n\n\n<p><strong>RFI<\/strong><\/p>\n","protected":false},"excerpt":{"rendered":"<p>Le gouvernement a d\u00e9cid\u00e9, \u00e0 partir de ce lundi d\u2019assouplir encore un peu plus ses mesures de confinement. Le pays passe en niveau 3 d\u2019alerte sanitaire, pour permettre \u00e0 une \u00e9conomie \u00e0 bout de souffle de se relancer. Malgr\u00e9 la progression de l\u2019\u00e9pid\u00e9mie, des mesures comme la lev\u00e9e du couvre-feu, ou la r\u00e9ouverture de la [&hellip;]<\/p>\n","protected":false},"author":12,"featured_media":29349,"comment_status":"closed","ping_status":"closed","sticky":false,"template":"","format":"standard","meta":{"_exactmetrics_skip_tracking":false,"_exactmetrics_sitenote_active":false,"_exactmetrics_sitenote_note":"","_exactmetrics_sitenote_category":0,"tdm_status":"","tdm_grid_status":"","footnotes":""},"categories":[21],"tags":[],"class_list":{"0":"post-29348","1":"post","2":"type-post","3":"status-publish","4":"format-standard","5":"has-post-thumbnail","7":"category-international"},"yoast_head":"<!-- This site is optimized with the Yoast SEO plugin v24.2 - https:\/\/yoast.com\/wordpress\/plugins\/seo\/ -->\n<title>D\u00e9confinement en Afrique du Sud: lev\u00e9e du couvre-feu et r\u00e9ouverture des commerces | Guin\u00e9e Diversit\u00e9<\/title>\n<meta name=\"robots\" content=\"index, follow, max-snippet:-1, max-image-preview:large, max-video-preview:-1\" \/>\n<link rel=\"canonical\" href=\"https:\/\/guineediversite.com\/index.php\/2020\/06\/01\/deconfinement-en-afrique-du-sud-levee-du-couvre-feu-et-reouverture-des-commerces\/\" \/>\n<meta property=\"og:locale\" content=\"fr_FR\" \/>\n<meta property=\"og:type\" content=\"article\" \/>\n<meta property=\"og:title\" content=\"D\u00e9confinement en Afrique du Sud: lev\u00e9e du couvre-feu et r\u00e9ouverture des commerces | Guin\u00e9e Diversit\u00e9\" \/>\n<meta property=\"og:description\" content=\"Le gouvernement a d\u00e9cid\u00e9, \u00e0 partir de ce lundi d\u2019assouplir encore un peu plus ses mesures de confinement. Le pays passe en niveau 3 d\u2019alerte sanitaire, pour permettre \u00e0 une \u00e9conomie \u00e0 bout de souffle de se relancer. Malgr\u00e9 la progression de l\u2019\u00e9pid\u00e9mie, des mesures comme la lev\u00e9e du couvre-feu, ou la r\u00e9ouverture de la [&hellip;]\" \/>\n<meta property=\"og:url\" content=\"https:\/\/guineediversite.com\/index.php\/2020\/06\/01\/deconfinement-en-afrique-du-sud-levee-du-couvre-feu-et-reouverture-des-commerces\/\" \/>\n<meta property=\"og:site_name\" content=\"Guin\u00e9e Diversit\u00e9\" \/>\n<meta property=\"article:publisher\" content=\"https:\/\/www.facebook.com\/guineediversite\/\" \/>\n<meta property=\"article:published_time\" content=\"2020-06-01T19:54:46+00:00\" \/>\n<meta property=\"article:modified_time\" content=\"2020-06-01T19:54:50+00:00\" \/>\n<meta property=\"og:image\" content=\"https:\/\/guineediversite.com\/wp-content\/uploads\/2020\/06\/AFRIQUE-DU-SUD.jpg\" \/>\n\t<meta property=\"og:image:width\" content=\"1500\" \/>\n\t<meta property=\"og:image:height\" content=\"843\" \/>\n\t<meta property=\"og:image:type\" content=\"image\/jpeg\" \/>\n<meta name=\"author\" content=\"Guin\u00e9e Diversit\u00e9\" \/>\n<meta name=\"twitter:card\" content=\"summary_large_image\" \/>\n<meta name=\"twitter:creator\" content=\"@GuineeDiversite\" \/>\n<meta name=\"twitter:site\" content=\"@GuineeDiversite\" \/>\n<meta name=\"twitter:label1\" content=\"\u00c9crit par\" \/>\n\t<meta name=\"twitter:data1\" content=\"Guin\u00e9e Diversit\u00e9\" \/>\n\t<meta name=\"twitter:label2\" content=\"Dur\u00e9e de lecture estim\u00e9e\" \/>\n\t<meta name=\"twitter:data2\" content=\"2 minutes\" \/>\n<script type=\"application\/ld+json\" class=\"yoast-schema-graph\">{\"@context\":\"https:\/\/schema.org\",\"@graph\":[{\"@type\":\"Article\",\"@id\":\"https:\/\/guineediversite.com\/index.php\/2020\/06\/01\/deconfinement-en-afrique-du-sud-levee-du-couvre-feu-et-reouverture-des-commerces\/#article\",\"isPartOf\":{\"@id\":\"https:\/\/guineediversite.com\/index.php\/2020\/06\/01\/deconfinement-en-afrique-du-sud-levee-du-couvre-feu-et-reouverture-des-commerces\/\"},\"author\":{\"name\":\"Guin\u00e9e Diversit\u00e9\",\"@id\":\"https:\/\/guineediversite.com\/#\/schema\/person\/afa08fb34e7fc6e1feafc892612bc836\"},\"headline\":\"D\u00e9confinement en Afrique du Sud: lev\u00e9e du couvre-feu et r\u00e9ouverture des commerces\",\"datePublished\":\"2020-06-01T19:54:46+00:00\",\"dateModified\":\"2020-06-01T19:54:50+00:00\",\"mainEntityOfPage\":{\"@id\":\"https:\/\/guineediversite.com\/index.php\/2020\/06\/01\/deconfinement-en-afrique-du-sud-levee-du-couvre-feu-et-reouverture-des-commerces\/\"},\"wordCount\":457,\"publisher\":{\"@id\":\"https:\/\/guineediversite.com\/#organization\"},\"image\":{\"@id\":\"https:\/\/guineediversite.com\/index.php\/2020\/06\/01\/deconfinement-en-afrique-du-sud-levee-du-couvre-feu-et-reouverture-des-commerces\/#primaryimage\"},\"thumbnailUrl\":\"https:\/\/guineediversite.com\/wp-content\/uploads\/2020\/06\/AFRIQUE-DU-SUD.jpg\",\"articleSection\":[\"International\"],\"inLanguage\":\"fr-FR\"},{\"@type\":\"WebPage\",\"@id\":\"https:\/\/guineediversite.com\/index.php\/2020\/06\/01\/deconfinement-en-afrique-du-sud-levee-du-couvre-feu-et-reouverture-des-commerces\/\",\"url\":\"https:\/\/guineediversite.com\/index.php\/2020\/06\/01\/deconfinement-en-afrique-du-sud-levee-du-couvre-feu-et-reouverture-des-commerces\/\",\"name\":\"D\u00e9confinement en Afrique du Sud: lev\u00e9e du couvre-feu et r\u00e9ouverture des commerces | Guin\u00e9e Diversit\u00e9\",\"isPartOf\":{\"@id\":\"https:\/\/guineediversite.com\/#website\"},\"primaryImageOfPage\":{\"@id\":\"https:\/\/guineediversite.com\/index.php\/2020\/06\/01\/deconfinement-en-afrique-du-sud-levee-du-couvre-feu-et-reouverture-des-commerces\/#primaryimage\"},\"image\":{\"@id\":\"https:\/\/guineediversite.com\/index.php\/2020\/06\/01\/deconfinement-en-afrique-du-sud-levee-du-couvre-feu-et-reouverture-des-commerces\/#primaryimage\"},\"thumbnailUrl\":\"https:\/\/guineediversite.com\/wp-content\/uploads\/2020\/06\/AFRIQUE-DU-SUD.jpg\",\"datePublished\":\"2020-06-01T19:54:46+00:00\",\"dateModified\":\"2020-06-01T19:54:50+00:00\",\"breadcrumb\":{\"@id\":\"https:\/\/guineediversite.com\/index.php\/2020\/06\/01\/deconfinement-en-afrique-du-sud-levee-du-couvre-feu-et-reouverture-des-commerces\/#breadcrumb\"},\"inLanguage\":\"fr-FR\",\"potentialAction\":[{\"@type\":\"ReadAction\",\"target\":[\"https:\/\/guineediversite.com\/index.php\/2020\/06\/01\/deconfinement-en-afrique-du-sud-levee-du-couvre-feu-et-reouverture-des-commerces\/\"]}]},{\"@type\":\"ImageObject\",\"inLanguage\":\"fr-FR\",\"@id\":\"https:\/\/guineediversite.com\/index.php\/2020\/06\/01\/deconfinement-en-afrique-du-sud-levee-du-couvre-feu-et-reouverture-des-commerces\/#primaryimage\",\"url\":\"https:\/\/guineediversite.com\/wp-content\/uploads\/2020\/06\/AFRIQUE-DU-SUD.jpg\",\"contentUrl\":\"https:\/\/guineediversite.com\/wp-content\/uploads\/2020\/06\/AFRIQUE-DU-SUD.jpg\",\"width\":1500,\"height\":843},{\"@type\":\"BreadcrumbList\",\"@id\":\"https:\/\/guineediversite.com\/index.php\/2020\/06\/01\/deconfinement-en-afrique-du-sud-levee-du-couvre-feu-et-reouverture-des-commerces\/#breadcrumb\",\"itemListElement\":[{\"@type\":\"ListItem\",\"position\":1,\"name\":\"Accueil\",\"item\":\"https:\/\/guineediversite.com\/\"},{\"@type\":\"ListItem\",\"position\":2,\"name\":\"D\u00e9confinement en Afrique du Sud: lev\u00e9e du couvre-feu et r\u00e9ouverture des commerces\"}]},{\"@type\":\"WebSite\",\"@id\":\"https:\/\/guineediversite.com\/#website\",\"url\":\"https:\/\/guineediversite.com\/\",\"name\":\"Guin\u00e9e Diversit\u00e9\",\"description\":\"L&#039;Info dans toute sa diversit\u00e9\",\"publisher\":{\"@id\":\"https:\/\/guineediversite.com\/#organization\"},\"potentialAction\":[{\"@type\":\"SearchAction\",\"target\":{\"@type\":\"EntryPoint\",\"urlTemplate\":\"https:\/\/guineediversite.com\/?s={search_term_string}\"},\"query-input\":{\"@type\":\"PropertyValueSpecification\",\"valueRequired\":true,\"valueName\":\"search_term_string\"}}],\"inLanguage\":\"fr-FR\"},{\"@type\":\"Organization\",\"@id\":\"https:\/\/guineediversite.com\/#organization\",\"name\":\"Guin\u00e9e Diversit\u00e9\",\"url\":\"https:\/\/guineediversite.com\/\",\"logo\":{\"@type\":\"ImageObject\",\"inLanguage\":\"fr-FR\",\"@id\":\"https:\/\/guineediversite.com\/#\/schema\/logo\/image\/\",\"url\":\"https:\/\/guineediversite.com\/wp-content\/uploads\/2017\/04\/cropped-1jojlxEOMkX9Wyqfhe43D6kjPOGqBBKmx3EwWJqZ0cMrFF54yM49.png\",\"contentUrl\":\"https:\/\/guineediversite.com\/wp-content\/uploads\/2017\/04\/cropped-1jojlxEOMkX9Wyqfhe43D6kjPOGqBBKmx3EwWJqZ0cMrFF54yM49.png\",\"width\":186,\"height\":112,\"caption\":\"Guin\u00e9e Diversit\u00e9\"},\"image\":{\"@id\":\"https:\/\/guineediversite.com\/#\/schema\/logo\/image\/\"},\"sameAs\":[\"https:\/\/www.facebook.com\/guineediversite\/\",\"https:\/\/x.com\/GuineeDiversite\",\"https:\/\/www.youtube.com\/channel\/UC8sUY16qelG5ge6_D5SB83g\"]},{\"@type\":\"Person\",\"@id\":\"https:\/\/guineediversite.com\/#\/schema\/person\/afa08fb34e7fc6e1feafc892612bc836\",\"name\":\"Guin\u00e9e Diversit\u00e9\",\"image\":{\"@type\":\"ImageObject\",\"inLanguage\":\"fr-FR\",\"@id\":\"https:\/\/guineediversite.com\/#\/schema\/person\/image\/\",\"url\":\"https:\/\/secure.gravatar.com\/avatar\/50d5eb5b390f8b65ac30ac6f898eb83a?s=96&d=mm&r=g\",\"contentUrl\":\"https:\/\/secure.gravatar.com\/avatar\/50d5eb5b390f8b65ac30ac6f898eb83a?s=96&d=mm&r=g\",\"caption\":\"Guin\u00e9e Diversit\u00e9\"},\"url\":\"https:\/\/guineediversite.com\/index.php\/author\/guineediversite\/\"}]}<\/script>\n<!-- \/ Yoast SEO plugin. -->","yoast_head_json":{"title":"D\u00e9confinement en Afrique du Sud: lev\u00e9e du couvre-feu et r\u00e9ouverture des commerces | Guin\u00e9e Diversit\u00e9","robots":{"index":"index","follow":"follow","max-snippet":"max-snippet:-1","max-image-preview":"max-image-preview:large","max-video-preview":"max-video-preview:-1"},"canonical":"https:\/\/guineediversite.com\/index.php\/2020\/06\/01\/deconfinement-en-afrique-du-sud-levee-du-couvre-feu-et-reouverture-des-commerces\/","og_locale":"fr_FR","og_type":"article","og_title":"D\u00e9confinement en Afrique du Sud: lev\u00e9e du couvre-feu et r\u00e9ouverture des commerces | Guin\u00e9e Diversit\u00e9","og_description":"Le gouvernement a d\u00e9cid\u00e9, \u00e0 partir de ce lundi d\u2019assouplir encore un peu plus ses mesures de confinement. Le pays passe en niveau 3 d\u2019alerte sanitaire, pour permettre \u00e0 une \u00e9conomie \u00e0 bout de souffle de se relancer. Malgr\u00e9 la progression de l\u2019\u00e9pid\u00e9mie, des mesures comme la lev\u00e9e du couvre-feu, ou la r\u00e9ouverture de la [&hellip;]","og_url":"https:\/\/guineediversite.com\/index.php\/2020\/06\/01\/deconfinement-en-afrique-du-sud-levee-du-couvre-feu-et-reouverture-des-commerces\/","og_site_name":"Guin\u00e9e Diversit\u00e9","article_publisher":"https:\/\/www.facebook.com\/guineediversite\/","article_published_time":"2020-06-01T19:54:46+00:00","article_modified_time":"2020-06-01T19:54:50+00:00","og_image":[{"width":1500,"height":843,"url":"https:\/\/guineediversite.com\/wp-content\/uploads\/2020\/06\/AFRIQUE-DU-SUD.jpg","type":"image\/jpeg"}],"author":"Guin\u00e9e Diversit\u00e9","twitter_card":"summary_large_image","twitter_creator":"@GuineeDiversite","twitter_site":"@GuineeDiversite","twitter_misc":{"\u00c9crit par":"Guin\u00e9e Diversit\u00e9","Dur\u00e9e de lecture estim\u00e9e":"2 minutes"},"schema":{"@context":"https:\/\/schema.org","@graph":[{"@type":"Article","@id":"https:\/\/guineediversite.com\/index.php\/2020\/06\/01\/deconfinement-en-afrique-du-sud-levee-du-couvre-feu-et-reouverture-des-commerces\/#article","isPartOf":{"@id":"https:\/\/guineediversite.com\/index.php\/2020\/06\/01\/deconfinement-en-afrique-du-sud-levee-du-couvre-feu-et-reouverture-des-commerces\/"},"author":{"name":"Guin\u00e9e Diversit\u00e9","@id":"https:\/\/guineediversite.com\/#\/schema\/person\/afa08fb34e7fc6e1feafc892612bc836"},"headline":"D\u00e9confinement en Afrique du Sud: lev\u00e9e du couvre-feu et r\u00e9ouverture des commerces","datePublished":"2020-06-01T19:54:46+00:00","dateModified":"2020-06-01T19:54:50+00:00","mainEntityOfPage":{"@id":"https:\/\/guineediversite.com\/index.php\/2020\/06\/01\/deconfinement-en-afrique-du-sud-levee-du-couvre-feu-et-reouverture-des-commerces\/"},"wordCount":457,"publisher":{"@id":"https:\/\/guineediversite.com\/#organization"},"image":{"@id":"https:\/\/guineediversite.com\/index.php\/2020\/06\/01\/deconfinement-en-afrique-du-sud-levee-du-couvre-feu-et-reouverture-des-commerces\/#primaryimage"},"thumbnailUrl":"https:\/\/guineediversite.com\/wp-content\/uploads\/2020\/06\/AFRIQUE-DU-SUD.jpg","articleSection":["International"],"inLanguage":"fr-FR"},{"@type":"WebPage","@id":"https:\/\/guineediversite.com\/index.php\/2020\/06\/01\/deconfinement-en-afrique-du-sud-levee-du-couvre-feu-et-reouverture-des-commerces\/","url":"https:\/\/guineediversite.com\/index.php\/2020\/06\/01\/deconfinement-en-afrique-du-sud-levee-du-couvre-feu-et-reouverture-des-commerces\/","name":"D\u00e9confinement en Afrique du Sud: lev\u00e9e du couvre-feu et r\u00e9ouverture des commerces | Guin\u00e9e Diversit\u00e9","isPartOf":{"@id":"https:\/\/guineediversite.com\/#website"},"primaryImageOfPage":{"@id":"https:\/\/guineediversite.com\/index.php\/2020\/06\/01\/deconfinement-en-afrique-du-sud-levee-du-couvre-feu-et-reouverture-des-commerces\/#primaryimage"},"image":{"@id":"https:\/\/guineediversite.com\/index.php\/2020\/06\/01\/deconfinement-en-afrique-du-sud-levee-du-couvre-feu-et-reouverture-des-commerces\/#primaryimage"},"thumbnailUrl":"https:\/\/guineediversite.com\/wp-content\/uploads\/2020\/06\/AFRIQUE-DU-SUD.jpg","datePublished":"2020-06-01T19:54:46+00:00","dateModified":"2020-06-01T19:54:50+00:00","breadcrumb":{"@id":"https:\/\/guineediversite.com\/index.php\/2020\/06\/01\/deconfinement-en-afrique-du-sud-levee-du-couvre-feu-et-reouverture-des-commerces\/#breadcrumb"},"inLanguage":"fr-FR","potentialAction":[{"@type":"ReadAction","target":["https:\/\/guineediversite.com\/index.php\/2020\/06\/01\/deconfinement-en-afrique-du-sud-levee-du-couvre-feu-et-reouverture-des-commerces\/"]}]},{"@type":"ImageObject","inLanguage":"fr-FR","@id":"https:\/\/guineediversite.com\/index.php\/2020\/06\/01\/deconfinement-en-afrique-du-sud-levee-du-couvre-feu-et-reouverture-des-commerces\/#primaryimage","url":"https:\/\/guineediversite.com\/wp-content\/uploads\/2020\/06\/AFRIQUE-DU-SUD.jpg","contentUrl":"https:\/\/guineediversite.com\/wp-content\/uploads\/2020\/06\/AFRIQUE-DU-SUD.jpg","width":1500,"height":843},{"@type":"BreadcrumbList","@id":"https:\/\/guineediversite.com\/index.php\/2020\/06\/01\/deconfinement-en-afrique-du-sud-levee-du-couvre-feu-et-reouverture-des-commerces\/#breadcrumb","itemListElement":[{"@type":"ListItem","position":1,"name":"Accueil","item":"https:\/\/guineediversite.com\/"},{"@type":"ListItem","position":2,"name":"D\u00e9confinement en Afrique du Sud: lev\u00e9e du couvre-feu et r\u00e9ouverture des commerces"}]},{"@type":"WebSite","@id":"https:\/\/guineediversite.com\/#website","url":"https:\/\/guineediversite.com\/","name":"Guin\u00e9e Diversit\u00e9","description":"L&#039;Info dans toute sa diversit\u00e9","publisher":{"@id":"https:\/\/guineediversite.com\/#organization"},"potentialAction":[{"@type":"SearchAction","target":{"@type":"EntryPoint","urlTemplate":"https:\/\/guineediversite.com\/?s={search_term_string}"},"query-input":{"@type":"PropertyValueSpecification","valueRequired":true,"valueName":"search_term_string"}}],"inLanguage":"fr-FR"},{"@type":"Organization","@id":"https:\/\/guineediversite.com\/#organization","name":"Guin\u00e9e Diversit\u00e9","url":"https:\/\/guineediversite.com\/","logo":{"@type":"ImageObject","inLanguage":"fr-FR","@id":"https:\/\/guineediversite.com\/#\/schema\/logo\/image\/","url":"https:\/\/guineediversite.com\/wp-content\/uploads\/2017\/04\/cropped-1jojlxEOMkX9Wyqfhe43D6kjPOGqBBKmx3EwWJqZ0cMrFF54yM49.png","contentUrl":"https:\/\/guineediversite.com\/wp-content\/uploads\/2017\/04\/cropped-1jojlxEOMkX9Wyqfhe43D6kjPOGqBBKmx3EwWJqZ0cMrFF54yM49.png","width":186,"height":112,"caption":"Guin\u00e9e Diversit\u00e9"},"image":{"@id":"https:\/\/guineediversite.com\/#\/schema\/logo\/image\/"},"sameAs":["https:\/\/www.facebook.com\/guineediversite\/","https:\/\/x.com\/GuineeDiversite","https:\/\/www.youtube.com\/channel\/UC8sUY16qelG5ge6_D5SB83g"]},{"@type":"Person","@id":"https:\/\/guineediversite.com\/#\/schema\/person\/afa08fb34e7fc6e1feafc892612bc836","name":"Guin\u00e9e Diversit\u00e9","image":{"@type":"ImageObject","inLanguage":"fr-FR","@id":"https:\/\/guineediversite.com\/#\/schema\/person\/image\/","url":"https:\/\/secure.gravatar.com\/avatar\/50d5eb5b390f8b65ac30ac6f898eb83a?s=96&d=mm&r=g","contentUrl":"https:\/\/secure.gravatar.com\/avatar\/50d5eb5b390f8b65ac30ac6f898eb83a?s=96&d=mm&r=g","caption":"Guin\u00e9e Diversit\u00e9"},"url":"https:\/\/guineediversite.com\/index.php\/author\/guineediversite\/"}]}},"_links":{"self":[{"href":"https:\/\/guineediversite.com\/index.php\/wp-json\/wp\/v2\/posts\/29348"}],"collection":[{"href":"https:\/\/guineediversite.com\/index.php\/wp-json\/wp\/v2\/posts"}],"about":[{"href":"https:\/\/guineediversite.com\/index.php\/wp-json\/wp\/v2\/types\/post"}],"author":[{"embeddable":true,"href":"https:\/\/guineediversite.com\/index.php\/wp-json\/wp\/v2\/users\/12"}],"replies":[{"embeddable":true,"href":"https:\/\/guineediversite.com\/index.php\/wp-json\/wp\/v2\/comments?post=29348"}],"version-history":[{"count":1,"href":"https:\/\/guineediversite.com\/index.php\/wp-json\/wp\/v2\/posts\/29348\/revisions"}],"predecessor-version":[{"id":29350,"href":"https:\/\/guineediversite.com\/index.php\/wp-json\/wp\/v2\/posts\/29348\/revisions\/29350"}],"wp:featuredmedia":[{"embeddable":true,"href":"https:\/\/guineediversite.com\/index.php\/wp-json\/wp\/v2\/media\/29349"}],"wp:attachment":[{"href":"https:\/\/guineediversite.com\/index.php\/wp-json\/wp\/v2\/media?parent=29348"}],"wp:term":[{"taxonomy":"category","embeddable":true,"href":"https:\/\/guineediversite.com\/index.php\/wp-json\/wp\/v2\/categories?post=29348"},{"taxonomy":"post_tag","embeddable":true,"href":"https:\/\/guineediversite.com\/index.php\/wp-json\/wp\/v2\/tags?post=29348"}],"curies":[{"name":"wp","href":"https:\/\/api.w.org\/{rel}","templated":true}]}}