{"id":29345,"date":"2020-06-01T21:48:19","date_gmt":"2020-06-01T19:48:19","guid":{"rendered":"https:\/\/guineediversite.com\/?p=29345"},"modified":"2020-06-01T21:48:22","modified_gmt":"2020-06-01T19:48:22","slug":"manifestations-aux-etats-unis-qui-sont-les-gauchistes-radicaux-pointes-par-trump","status":"publish","type":"post","link":"https:\/\/guineediversite.com\/index.php\/2020\/06\/01\/manifestations-aux-etats-unis-qui-sont-les-gauchistes-radicaux-pointes-par-trump\/","title":{"rendered":"Manifestations aux \u00c9tats-Unis: qui sont les \u00abgauchistes radicaux\u00bb point\u00e9s par Trump?"},"content":{"rendered":"\n<p>Des manifestations ont eu lieu dans plusieurs dizaines de villes am\u00e9ricaines pour demander justice pour George Floyd, cet Afro-Am\u00e9ricain tu\u00e9 lors de son arrestation par la police. Les marches ont d\u00e9g\u00e9n\u00e9r\u00e9, par endroits. Donald Trump a d\u00e9nonc\u00e9 les agissements de \u00ab&nbsp;gauchistes radicaux&nbsp;\u00bb, les \u00ab&nbsp;antifas&nbsp;\u00bb.&nbsp;<\/p>\n\n\n\n<p>Les marches am\u00e9ricaines pour demander justice pour George Floyd et plus largement pour d\u00e9noncer le racisme, <strong><a href=\"http:\/\/www.rfi.fr\/fr\/am\u00e9riques\/20200531-mort-george-floyd-les-manifestations-violentes-continuent-malgr\u00e9-les-couvre-feux\" target=\"_blank\" rel=\"noreferrer noopener\">ont d\u00e9g\u00e9n\u00e9r\u00e9 <\/a><\/strong>par endroits. B\u00e2timents incendi\u00e9s, pillages\u2026 Un couvre-feu a \u00e9t\u00e9 impos\u00e9 \u00e0 Los Angeles, Houston et \u00e0 Washington, o\u00f9 la police a dispers\u00e9 des manifestants pr\u00e8s de la Maison Blanche.<\/p>\n\n\n\n<p>Donald Trump a promis de \u00ab&nbsp;<em>stopper la violence collective<\/em>&nbsp;\u00bb et a d\u00e9nonc\u00e9 les agissements de \u00ab&nbsp;<em>gauchistes radicaux<\/em>&nbsp;\u00bb, notamment des \u00ab&nbsp;<em>antifas<\/em>&nbsp;\u00bb qu&rsquo;il dit vouloir placer sur la liste des organisations terroristes.<\/p>\n\n\n\n<p>Qui sont ces antifas&nbsp;? Il n\u2019y a pas d&rsquo;organisation structur\u00e9e autour des antifas, l\u2019abr\u00e9viation d&rsquo; \u00ab&nbsp;<em>antifasciste<\/em>&nbsp;\u00bb. Pas de dirigeant, pas de quartier g\u00e9n\u00e9ral non plus. Ces derni\u00e8res ann\u00e9es, le terme a d\u00e9sign\u00e9 un ensemble de groupes en marge de la gauche radicale. Certains s&rsquo;habillent en noir de la t\u00eate aux pieds, certains ont pignon sur rue, organisent des r\u00e9unions, d&rsquo;autres non.<\/p>\n\n\n\n<p><strong>Nouvel essor des antifas<\/strong><\/p>\n\n\n\n<p>Beaucoup font de la lutte contre le racisme leur fer de lance, face \u00e0 la r\u00e9surgence de groupes n\u00e9onazis et de l&rsquo;ultra-droite sur le sol am\u00e9ricain. D&rsquo;autres se rapprochent plut\u00f4t de la mouvance anticapitaliste et altermondialiste.<\/p>\n\n\n\n<p>Depuis l&rsquo;\u00e9lection de Donald Trump, le mouvement antifa conna\u00eet un nouvel essor, avec des membres plut\u00f4t jeunes, et il a gagn\u00e9 en visibilit\u00e9 en affrontant parfois violemment des rassemblements de supr\u00e9macistes blancs. Difficile de savoir combien se retrouvent effectivement dans les manifestations de ces derniers jours.<\/p>\n\n\n\n<p>Dans ses tweets en tout cas, le pr\u00e9sident am\u00e9ricain les d\u00e9signe comme responsables des violences, dans des villes o\u00f9 les \u00e9lus d\u00e9mocrates sont qualifi\u00e9s de laxistes voire complices de leurs actes.<\/p>\n\n\n\n<p>Contrairement \u00e0 ce que soutient Donald Trump, impossible de placer ces antifas sur la liste des organisations terroristes, r\u00e9serv\u00e9e aux groupes \u00e9trangers. Mais le ministre de la Justice promet que ces violences sont bien des actes de terrorisme int\u00e9rieur et qu&rsquo;ils seront trait\u00e9es comme tels par le FBI.<\/p>\n\n\n\n<p><strong>RFI<\/strong><\/p>\n","protected":false},"excerpt":{"rendered":"<p>Des manifestations ont eu lieu dans plusieurs dizaines de villes am\u00e9ricaines pour demander justice pour George Floyd, cet Afro-Am\u00e9ricain tu\u00e9 lors de son arrestation par la police. Les marches ont d\u00e9g\u00e9n\u00e9r\u00e9, par endroits. Donald Trump a d\u00e9nonc\u00e9 les agissements de \u00ab&nbsp;gauchistes radicaux&nbsp;\u00bb, les \u00ab&nbsp;antifas&nbsp;\u00bb.&nbsp; Les marches am\u00e9ricaines pour demander justice pour George Floyd et plus [&hellip;]<\/p>\n","protected":false},"author":12,"featured_media":29346,"comment_status":"closed","ping_status":"closed","sticky":false,"template":"","format":"standard","meta":{"_exactmetrics_skip_tracking":false,"_exactmetrics_sitenote_active":false,"_exactmetrics_sitenote_note":"","_exactmetrics_sitenote_category":0,"tdm_status":"","tdm_grid_status":"","footnotes":""},"categories":[21],"tags":[],"class_list":{"0":"post-29345","1":"post","2":"type-post","3":"status-publish","4":"format-standard","5":"has-post-thumbnail","7":"category-international"},"yoast_head":"<!-- This site is optimized with the Yoast SEO plugin v24.2 - https:\/\/yoast.com\/wordpress\/plugins\/seo\/ -->\n<title>Manifestations aux \u00c9tats-Unis: qui sont les \u00abgauchistes radicaux\u00bb point\u00e9s par Trump? | Guin\u00e9e Diversit\u00e9<\/title>\n<meta name=\"robots\" content=\"index, follow, max-snippet:-1, max-image-preview:large, max-video-preview:-1\" \/>\n<link rel=\"canonical\" href=\"https:\/\/guineediversite.com\/index.php\/2020\/06\/01\/manifestations-aux-etats-unis-qui-sont-les-gauchistes-radicaux-pointes-par-trump\/\" \/>\n<meta property=\"og:locale\" content=\"fr_FR\" \/>\n<meta property=\"og:type\" content=\"article\" \/>\n<meta property=\"og:title\" content=\"Manifestations aux \u00c9tats-Unis: qui sont les \u00abgauchistes radicaux\u00bb point\u00e9s par Trump? | Guin\u00e9e Diversit\u00e9\" \/>\n<meta property=\"og:description\" content=\"Des manifestations ont eu lieu dans plusieurs dizaines de villes am\u00e9ricaines pour demander justice pour George Floyd, cet Afro-Am\u00e9ricain tu\u00e9 lors de son arrestation par la police. Les marches ont d\u00e9g\u00e9n\u00e9r\u00e9, par endroits. Donald Trump a d\u00e9nonc\u00e9 les agissements de \u00ab&nbsp;gauchistes radicaux&nbsp;\u00bb, les \u00ab&nbsp;antifas&nbsp;\u00bb.&nbsp; Les marches am\u00e9ricaines pour demander justice pour George Floyd et plus [&hellip;]\" \/>\n<meta property=\"og:url\" content=\"https:\/\/guineediversite.com\/index.php\/2020\/06\/01\/manifestations-aux-etats-unis-qui-sont-les-gauchistes-radicaux-pointes-par-trump\/\" \/>\n<meta property=\"og:site_name\" content=\"Guin\u00e9e Diversit\u00e9\" \/>\n<meta property=\"article:publisher\" content=\"https:\/\/www.facebook.com\/guineediversite\/\" \/>\n<meta property=\"article:published_time\" content=\"2020-06-01T19:48:19+00:00\" \/>\n<meta property=\"article:modified_time\" content=\"2020-06-01T19:48:22+00:00\" \/>\n<meta property=\"og:image\" content=\"https:\/\/guineediversite.com\/wp-content\/uploads\/2020\/06\/MORT-DE-GEORGES-FLOYD.jpg\" \/>\n\t<meta property=\"og:image:width\" content=\"1500\" \/>\n\t<meta property=\"og:image:height\" content=\"843\" \/>\n\t<meta property=\"og:image:type\" content=\"image\/jpeg\" \/>\n<meta name=\"author\" content=\"Guin\u00e9e Diversit\u00e9\" \/>\n<meta name=\"twitter:card\" content=\"summary_large_image\" \/>\n<meta name=\"twitter:creator\" content=\"@GuineeDiversite\" \/>\n<meta name=\"twitter:site\" content=\"@GuineeDiversite\" \/>\n<meta name=\"twitter:label1\" content=\"\u00c9crit par\" \/>\n\t<meta name=\"twitter:data1\" content=\"Guin\u00e9e Diversit\u00e9\" \/>\n\t<meta name=\"twitter:label2\" content=\"Dur\u00e9e de lecture estim\u00e9e\" \/>\n\t<meta name=\"twitter:data2\" content=\"2 minutes\" \/>\n<script type=\"application\/ld+json\" class=\"yoast-schema-graph\">{\"@context\":\"https:\/\/schema.org\",\"@graph\":[{\"@type\":\"Article\",\"@id\":\"https:\/\/guineediversite.com\/index.php\/2020\/06\/01\/manifestations-aux-etats-unis-qui-sont-les-gauchistes-radicaux-pointes-par-trump\/#article\",\"isPartOf\":{\"@id\":\"https:\/\/guineediversite.com\/index.php\/2020\/06\/01\/manifestations-aux-etats-unis-qui-sont-les-gauchistes-radicaux-pointes-par-trump\/\"},\"author\":{\"name\":\"Guin\u00e9e Diversit\u00e9\",\"@id\":\"https:\/\/guineediversite.com\/#\/schema\/person\/afa08fb34e7fc6e1feafc892612bc836\"},\"headline\":\"Manifestations aux \u00c9tats-Unis: qui sont les \u00abgauchistes radicaux\u00bb point\u00e9s par Trump?\",\"datePublished\":\"2020-06-01T19:48:19+00:00\",\"dateModified\":\"2020-06-01T19:48:22+00:00\",\"mainEntityOfPage\":{\"@id\":\"https:\/\/guineediversite.com\/index.php\/2020\/06\/01\/manifestations-aux-etats-unis-qui-sont-les-gauchistes-radicaux-pointes-par-trump\/\"},\"wordCount\":420,\"publisher\":{\"@id\":\"https:\/\/guineediversite.com\/#organization\"},\"image\":{\"@id\":\"https:\/\/guineediversite.com\/index.php\/2020\/06\/01\/manifestations-aux-etats-unis-qui-sont-les-gauchistes-radicaux-pointes-par-trump\/#primaryimage\"},\"thumbnailUrl\":\"https:\/\/guineediversite.com\/wp-content\/uploads\/2020\/06\/MORT-DE-GEORGES-FLOYD.jpg\",\"articleSection\":[\"International\"],\"inLanguage\":\"fr-FR\"},{\"@type\":\"WebPage\",\"@id\":\"https:\/\/guineediversite.com\/index.php\/2020\/06\/01\/manifestations-aux-etats-unis-qui-sont-les-gauchistes-radicaux-pointes-par-trump\/\",\"url\":\"https:\/\/guineediversite.com\/index.php\/2020\/06\/01\/manifestations-aux-etats-unis-qui-sont-les-gauchistes-radicaux-pointes-par-trump\/\",\"name\":\"Manifestations aux \u00c9tats-Unis: qui sont les \u00abgauchistes radicaux\u00bb point\u00e9s par Trump? | Guin\u00e9e Diversit\u00e9\",\"isPartOf\":{\"@id\":\"https:\/\/guineediversite.com\/#website\"},\"primaryImageOfPage\":{\"@id\":\"https:\/\/guineediversite.com\/index.php\/2020\/06\/01\/manifestations-aux-etats-unis-qui-sont-les-gauchistes-radicaux-pointes-par-trump\/#primaryimage\"},\"image\":{\"@id\":\"https:\/\/guineediversite.com\/index.php\/2020\/06\/01\/manifestations-aux-etats-unis-qui-sont-les-gauchistes-radicaux-pointes-par-trump\/#primaryimage\"},\"thumbnailUrl\":\"https:\/\/guineediversite.com\/wp-content\/uploads\/2020\/06\/MORT-DE-GEORGES-FLOYD.jpg\",\"datePublished\":\"2020-06-01T19:48:19+00:00\",\"dateModified\":\"2020-06-01T19:48:22+00:00\",\"breadcrumb\":{\"@id\":\"https:\/\/guineediversite.com\/index.php\/2020\/06\/01\/manifestations-aux-etats-unis-qui-sont-les-gauchistes-radicaux-pointes-par-trump\/#breadcrumb\"},\"inLanguage\":\"fr-FR\",\"potentialAction\":[{\"@type\":\"ReadAction\",\"target\":[\"https:\/\/guineediversite.com\/index.php\/2020\/06\/01\/manifestations-aux-etats-unis-qui-sont-les-gauchistes-radicaux-pointes-par-trump\/\"]}]},{\"@type\":\"ImageObject\",\"inLanguage\":\"fr-FR\",\"@id\":\"https:\/\/guineediversite.com\/index.php\/2020\/06\/01\/manifestations-aux-etats-unis-qui-sont-les-gauchistes-radicaux-pointes-par-trump\/#primaryimage\",\"url\":\"https:\/\/guineediversite.com\/wp-content\/uploads\/2020\/06\/MORT-DE-GEORGES-FLOYD.jpg\",\"contentUrl\":\"https:\/\/guineediversite.com\/wp-content\/uploads\/2020\/06\/MORT-DE-GEORGES-FLOYD.jpg\",\"width\":1500,\"height\":843},{\"@type\":\"BreadcrumbList\",\"@id\":\"https:\/\/guineediversite.com\/index.php\/2020\/06\/01\/manifestations-aux-etats-unis-qui-sont-les-gauchistes-radicaux-pointes-par-trump\/#breadcrumb\",\"itemListElement\":[{\"@type\":\"ListItem\",\"position\":1,\"name\":\"Accueil\",\"item\":\"https:\/\/guineediversite.com\/\"},{\"@type\":\"ListItem\",\"position\":2,\"name\":\"Manifestations aux \u00c9tats-Unis: qui sont les \u00abgauchistes radicaux\u00bb point\u00e9s par Trump?\"}]},{\"@type\":\"WebSite\",\"@id\":\"https:\/\/guineediversite.com\/#website\",\"url\":\"https:\/\/guineediversite.com\/\",\"name\":\"Guin\u00e9e Diversit\u00e9\",\"description\":\"L&#039;Info dans toute sa diversit\u00e9\",\"publisher\":{\"@id\":\"https:\/\/guineediversite.com\/#organization\"},\"potentialAction\":[{\"@type\":\"SearchAction\",\"target\":{\"@type\":\"EntryPoint\",\"urlTemplate\":\"https:\/\/guineediversite.com\/?s={search_term_string}\"},\"query-input\":{\"@type\":\"PropertyValueSpecification\",\"valueRequired\":true,\"valueName\":\"search_term_string\"}}],\"inLanguage\":\"fr-FR\"},{\"@type\":\"Organization\",\"@id\":\"https:\/\/guineediversite.com\/#organization\",\"name\":\"Guin\u00e9e Diversit\u00e9\",\"url\":\"https:\/\/guineediversite.com\/\",\"logo\":{\"@type\":\"ImageObject\",\"inLanguage\":\"fr-FR\",\"@id\":\"https:\/\/guineediversite.com\/#\/schema\/logo\/image\/\",\"url\":\"https:\/\/guineediversite.com\/wp-content\/uploads\/2017\/04\/cropped-1jojlxEOMkX9Wyqfhe43D6kjPOGqBBKmx3EwWJqZ0cMrFF54yM49.png\",\"contentUrl\":\"https:\/\/guineediversite.com\/wp-content\/uploads\/2017\/04\/cropped-1jojlxEOMkX9Wyqfhe43D6kjPOGqBBKmx3EwWJqZ0cMrFF54yM49.png\",\"width\":186,\"height\":112,\"caption\":\"Guin\u00e9e Diversit\u00e9\"},\"image\":{\"@id\":\"https:\/\/guineediversite.com\/#\/schema\/logo\/image\/\"},\"sameAs\":[\"https:\/\/www.facebook.com\/guineediversite\/\",\"https:\/\/x.com\/GuineeDiversite\",\"https:\/\/www.youtube.com\/channel\/UC8sUY16qelG5ge6_D5SB83g\"]},{\"@type\":\"Person\",\"@id\":\"https:\/\/guineediversite.com\/#\/schema\/person\/afa08fb34e7fc6e1feafc892612bc836\",\"name\":\"Guin\u00e9e Diversit\u00e9\",\"image\":{\"@type\":\"ImageObject\",\"inLanguage\":\"fr-FR\",\"@id\":\"https:\/\/guineediversite.com\/#\/schema\/person\/image\/\",\"url\":\"https:\/\/secure.gravatar.com\/avatar\/50d5eb5b390f8b65ac30ac6f898eb83a?s=96&d=mm&r=g\",\"contentUrl\":\"https:\/\/secure.gravatar.com\/avatar\/50d5eb5b390f8b65ac30ac6f898eb83a?s=96&d=mm&r=g\",\"caption\":\"Guin\u00e9e Diversit\u00e9\"},\"url\":\"https:\/\/guineediversite.com\/index.php\/author\/guineediversite\/\"}]}<\/script>\n<!-- \/ Yoast SEO plugin. -->","yoast_head_json":{"title":"Manifestations aux \u00c9tats-Unis: qui sont les \u00abgauchistes radicaux\u00bb point\u00e9s par Trump? | Guin\u00e9e Diversit\u00e9","robots":{"index":"index","follow":"follow","max-snippet":"max-snippet:-1","max-image-preview":"max-image-preview:large","max-video-preview":"max-video-preview:-1"},"canonical":"https:\/\/guineediversite.com\/index.php\/2020\/06\/01\/manifestations-aux-etats-unis-qui-sont-les-gauchistes-radicaux-pointes-par-trump\/","og_locale":"fr_FR","og_type":"article","og_title":"Manifestations aux \u00c9tats-Unis: qui sont les \u00abgauchistes radicaux\u00bb point\u00e9s par Trump? | Guin\u00e9e Diversit\u00e9","og_description":"Des manifestations ont eu lieu dans plusieurs dizaines de villes am\u00e9ricaines pour demander justice pour George Floyd, cet Afro-Am\u00e9ricain tu\u00e9 lors de son arrestation par la police. Les marches ont d\u00e9g\u00e9n\u00e9r\u00e9, par endroits. Donald Trump a d\u00e9nonc\u00e9 les agissements de \u00ab&nbsp;gauchistes radicaux&nbsp;\u00bb, les \u00ab&nbsp;antifas&nbsp;\u00bb.&nbsp; Les marches am\u00e9ricaines pour demander justice pour George Floyd et plus [&hellip;]","og_url":"https:\/\/guineediversite.com\/index.php\/2020\/06\/01\/manifestations-aux-etats-unis-qui-sont-les-gauchistes-radicaux-pointes-par-trump\/","og_site_name":"Guin\u00e9e Diversit\u00e9","article_publisher":"https:\/\/www.facebook.com\/guineediversite\/","article_published_time":"2020-06-01T19:48:19+00:00","article_modified_time":"2020-06-01T19:48:22+00:00","og_image":[{"width":1500,"height":843,"url":"https:\/\/guineediversite.com\/wp-content\/uploads\/2020\/06\/MORT-DE-GEORGES-FLOYD.jpg","type":"image\/jpeg"}],"author":"Guin\u00e9e Diversit\u00e9","twitter_card":"summary_large_image","twitter_creator":"@GuineeDiversite","twitter_site":"@GuineeDiversite","twitter_misc":{"\u00c9crit par":"Guin\u00e9e Diversit\u00e9","Dur\u00e9e de lecture estim\u00e9e":"2 minutes"},"schema":{"@context":"https:\/\/schema.org","@graph":[{"@type":"Article","@id":"https:\/\/guineediversite.com\/index.php\/2020\/06\/01\/manifestations-aux-etats-unis-qui-sont-les-gauchistes-radicaux-pointes-par-trump\/#article","isPartOf":{"@id":"https:\/\/guineediversite.com\/index.php\/2020\/06\/01\/manifestations-aux-etats-unis-qui-sont-les-gauchistes-radicaux-pointes-par-trump\/"},"author":{"name":"Guin\u00e9e Diversit\u00e9","@id":"https:\/\/guineediversite.com\/#\/schema\/person\/afa08fb34e7fc6e1feafc892612bc836"},"headline":"Manifestations aux \u00c9tats-Unis: qui sont les \u00abgauchistes radicaux\u00bb point\u00e9s par Trump?","datePublished":"2020-06-01T19:48:19+00:00","dateModified":"2020-06-01T19:48:22+00:00","mainEntityOfPage":{"@id":"https:\/\/guineediversite.com\/index.php\/2020\/06\/01\/manifestations-aux-etats-unis-qui-sont-les-gauchistes-radicaux-pointes-par-trump\/"},"wordCount":420,"publisher":{"@id":"https:\/\/guineediversite.com\/#organization"},"image":{"@id":"https:\/\/guineediversite.com\/index.php\/2020\/06\/01\/manifestations-aux-etats-unis-qui-sont-les-gauchistes-radicaux-pointes-par-trump\/#primaryimage"},"thumbnailUrl":"https:\/\/guineediversite.com\/wp-content\/uploads\/2020\/06\/MORT-DE-GEORGES-FLOYD.jpg","articleSection":["International"],"inLanguage":"fr-FR"},{"@type":"WebPage","@id":"https:\/\/guineediversite.com\/index.php\/2020\/06\/01\/manifestations-aux-etats-unis-qui-sont-les-gauchistes-radicaux-pointes-par-trump\/","url":"https:\/\/guineediversite.com\/index.php\/2020\/06\/01\/manifestations-aux-etats-unis-qui-sont-les-gauchistes-radicaux-pointes-par-trump\/","name":"Manifestations aux \u00c9tats-Unis: qui sont les \u00abgauchistes radicaux\u00bb point\u00e9s par Trump? | Guin\u00e9e Diversit\u00e9","isPartOf":{"@id":"https:\/\/guineediversite.com\/#website"},"primaryImageOfPage":{"@id":"https:\/\/guineediversite.com\/index.php\/2020\/06\/01\/manifestations-aux-etats-unis-qui-sont-les-gauchistes-radicaux-pointes-par-trump\/#primaryimage"},"image":{"@id":"https:\/\/guineediversite.com\/index.php\/2020\/06\/01\/manifestations-aux-etats-unis-qui-sont-les-gauchistes-radicaux-pointes-par-trump\/#primaryimage"},"thumbnailUrl":"https:\/\/guineediversite.com\/wp-content\/uploads\/2020\/06\/MORT-DE-GEORGES-FLOYD.jpg","datePublished":"2020-06-01T19:48:19+00:00","dateModified":"2020-06-01T19:48:22+00:00","breadcrumb":{"@id":"https:\/\/guineediversite.com\/index.php\/2020\/06\/01\/manifestations-aux-etats-unis-qui-sont-les-gauchistes-radicaux-pointes-par-trump\/#breadcrumb"},"inLanguage":"fr-FR","potentialAction":[{"@type":"ReadAction","target":["https:\/\/guineediversite.com\/index.php\/2020\/06\/01\/manifestations-aux-etats-unis-qui-sont-les-gauchistes-radicaux-pointes-par-trump\/"]}]},{"@type":"ImageObject","inLanguage":"fr-FR","@id":"https:\/\/guineediversite.com\/index.php\/2020\/06\/01\/manifestations-aux-etats-unis-qui-sont-les-gauchistes-radicaux-pointes-par-trump\/#primaryimage","url":"https:\/\/guineediversite.com\/wp-content\/uploads\/2020\/06\/MORT-DE-GEORGES-FLOYD.jpg","contentUrl":"https:\/\/guineediversite.com\/wp-content\/uploads\/2020\/06\/MORT-DE-GEORGES-FLOYD.jpg","width":1500,"height":843},{"@type":"BreadcrumbList","@id":"https:\/\/guineediversite.com\/index.php\/2020\/06\/01\/manifestations-aux-etats-unis-qui-sont-les-gauchistes-radicaux-pointes-par-trump\/#breadcrumb","itemListElement":[{"@type":"ListItem","position":1,"name":"Accueil","item":"https:\/\/guineediversite.com\/"},{"@type":"ListItem","position":2,"name":"Manifestations aux \u00c9tats-Unis: qui sont les \u00abgauchistes radicaux\u00bb point\u00e9s par Trump?"}]},{"@type":"WebSite","@id":"https:\/\/guineediversite.com\/#website","url":"https:\/\/guineediversite.com\/","name":"Guin\u00e9e Diversit\u00e9","description":"L&#039;Info dans toute sa diversit\u00e9","publisher":{"@id":"https:\/\/guineediversite.com\/#organization"},"potentialAction":[{"@type":"SearchAction","target":{"@type":"EntryPoint","urlTemplate":"https:\/\/guineediversite.com\/?s={search_term_string}"},"query-input":{"@type":"PropertyValueSpecification","valueRequired":true,"valueName":"search_term_string"}}],"inLanguage":"fr-FR"},{"@type":"Organization","@id":"https:\/\/guineediversite.com\/#organization","name":"Guin\u00e9e Diversit\u00e9","url":"https:\/\/guineediversite.com\/","logo":{"@type":"ImageObject","inLanguage":"fr-FR","@id":"https:\/\/guineediversite.com\/#\/schema\/logo\/image\/","url":"https:\/\/guineediversite.com\/wp-content\/uploads\/2017\/04\/cropped-1jojlxEOMkX9Wyqfhe43D6kjPOGqBBKmx3EwWJqZ0cMrFF54yM49.png","contentUrl":"https:\/\/guineediversite.com\/wp-content\/uploads\/2017\/04\/cropped-1jojlxEOMkX9Wyqfhe43D6kjPOGqBBKmx3EwWJqZ0cMrFF54yM49.png","width":186,"height":112,"caption":"Guin\u00e9e Diversit\u00e9"},"image":{"@id":"https:\/\/guineediversite.com\/#\/schema\/logo\/image\/"},"sameAs":["https:\/\/www.facebook.com\/guineediversite\/","https:\/\/x.com\/GuineeDiversite","https:\/\/www.youtube.com\/channel\/UC8sUY16qelG5ge6_D5SB83g"]},{"@type":"Person","@id":"https:\/\/guineediversite.com\/#\/schema\/person\/afa08fb34e7fc6e1feafc892612bc836","name":"Guin\u00e9e Diversit\u00e9","image":{"@type":"ImageObject","inLanguage":"fr-FR","@id":"https:\/\/guineediversite.com\/#\/schema\/person\/image\/","url":"https:\/\/secure.gravatar.com\/avatar\/50d5eb5b390f8b65ac30ac6f898eb83a?s=96&d=mm&r=g","contentUrl":"https:\/\/secure.gravatar.com\/avatar\/50d5eb5b390f8b65ac30ac6f898eb83a?s=96&d=mm&r=g","caption":"Guin\u00e9e Diversit\u00e9"},"url":"https:\/\/guineediversite.com\/index.php\/author\/guineediversite\/"}]}},"_links":{"self":[{"href":"https:\/\/guineediversite.com\/index.php\/wp-json\/wp\/v2\/posts\/29345"}],"collection":[{"href":"https:\/\/guineediversite.com\/index.php\/wp-json\/wp\/v2\/posts"}],"about":[{"href":"https:\/\/guineediversite.com\/index.php\/wp-json\/wp\/v2\/types\/post"}],"author":[{"embeddable":true,"href":"https:\/\/guineediversite.com\/index.php\/wp-json\/wp\/v2\/users\/12"}],"replies":[{"embeddable":true,"href":"https:\/\/guineediversite.com\/index.php\/wp-json\/wp\/v2\/comments?post=29345"}],"version-history":[{"count":1,"href":"https:\/\/guineediversite.com\/index.php\/wp-json\/wp\/v2\/posts\/29345\/revisions"}],"predecessor-version":[{"id":29347,"href":"https:\/\/guineediversite.com\/index.php\/wp-json\/wp\/v2\/posts\/29345\/revisions\/29347"}],"wp:featuredmedia":[{"embeddable":true,"href":"https:\/\/guineediversite.com\/index.php\/wp-json\/wp\/v2\/media\/29346"}],"wp:attachment":[{"href":"https:\/\/guineediversite.com\/index.php\/wp-json\/wp\/v2\/media?parent=29345"}],"wp:term":[{"taxonomy":"category","embeddable":true,"href":"https:\/\/guineediversite.com\/index.php\/wp-json\/wp\/v2\/categories?post=29345"},{"taxonomy":"post_tag","embeddable":true,"href":"https:\/\/guineediversite.com\/index.php\/wp-json\/wp\/v2\/tags?post=29345"}],"curies":[{"name":"wp","href":"https:\/\/api.w.org\/{rel}","templated":true}]}}