{"id":29341,"date":"2020-06-01T21:40:42","date_gmt":"2020-06-01T19:40:42","guid":{"rendered":"https:\/\/guineediversite.com\/?p=29341"},"modified":"2020-06-01T21:40:46","modified_gmt":"2020-06-01T19:40:46","slug":"le-port-obligatoire-des-masques-a-coyah-le-prefet-de-coyah-hausse-le-ton-et-annonce-des-mesures-draconiennes","status":"publish","type":"post","link":"https:\/\/guineediversite.com\/index.php\/2020\/06\/01\/le-port-obligatoire-des-masques-a-coyah-le-prefet-de-coyah-hausse-le-ton-et-annonce-des-mesures-draconiennes\/","title":{"rendered":"Le port obligatoire des masques \u00e0 Coyah : le pr\u00e9fet de Coyah hausse le ton et annonce des mesures draconiennes"},"content":{"rendered":"\n<p><strong>Le port obligatoire de la bavette est banalis\u00e9 par certains citoyens dans la pr\u00e9fecture de Coyah, une situation qui a commenc\u00e9 juste apr\u00e8s l\u2019altercation entre les citoyens et les forces de s\u00e9curit\u00e9 \u00e0 cause des barrages qui \u00e9taient \u00e9rig\u00e9s \u00e0 Friguiady. Depuis lors le contr\u00f4le du port des bavettes par les forces de s\u00e9curit\u00e9 n\u2019existe plus. Pourquoi ce rel\u00e2chement ?<\/strong><\/p>\n\n\n\n<figure class=\"wp-block-gallery columns-1 is-cropped wp-block-gallery-1 is-layout-flex wp-block-gallery-is-layout-flex\"><ul class=\"blocks-gallery-grid\"><li class=\"blocks-gallery-item\"><figure><img loading=\"lazy\" decoding=\"async\" width=\"1024\" height=\"576\" src=\"https:\/\/guineediversite.com.bwjx4292.odns.fr\/wp-content\/uploads\/2020\/06\/AZIZ-DIOP-1024x576.jpg\" alt=\"\" data-id=\"29343\" data-full-url=\"https:\/\/guineediversite.com.bwjx4292.odns.fr\/wp-content\/uploads\/2020\/06\/AZIZ-DIOP.jpg\" data-link=\"https:\/\/guineediversite.com.bwjx4292.odns.fr\/?attachment_id=29343\" class=\"wp-image-29343\" srcset=\"https:\/\/guineediversite.com\/wp-content\/uploads\/2020\/06\/AZIZ-DIOP-1024x576.jpg 1024w, https:\/\/guineediversite.com\/wp-content\/uploads\/2020\/06\/AZIZ-DIOP-300x169.jpg 300w, https:\/\/guineediversite.com\/wp-content\/uploads\/2020\/06\/AZIZ-DIOP-768x432.jpg 768w, https:\/\/guineediversite.com\/wp-content\/uploads\/2020\/06\/AZIZ-DIOP-600x338.jpg 600w, https:\/\/guineediversite.com\/wp-content\/uploads\/2020\/06\/AZIZ-DIOP-678x381.jpg 678w, https:\/\/guineediversite.com\/wp-content\/uploads\/2020\/06\/AZIZ-DIOP.jpg 1500w\" sizes=\"(max-width: 1024px) 100vw, 1024px\" \/><\/figure><\/li><\/ul><\/figure>\n\n\n\n<p>&nbsp;La ville de Coyah rayonne dans le calme, aucune patrouille des forces de s\u00e9curit\u00e9 n\u2019est visible dans la ville pour veiller \u00e0 l\u2019application du port obligatoire des masques. Cette situation a \u00e9t\u00e9 constat\u00e9e apr\u00e8s les r\u00e9centes manifestations entre forces de l\u2019ordre et des citoyens. Cette manifestation pour rappel a enregistr\u00e9 cinq morts et plusieurs bless\u00e9s.<\/p>\n\n\n\n<p>Aziz Diop, nouveau pr\u00e9fet install\u00e9 il y a quelques jours annonce la mise en place d\u2019un comit\u00e9 de riposte.<\/p>\n\n\n\n<p><em>\u00ab A ma prise de service il y a une semaine, j\u2019ai constat\u00e9 comme tout le monde, qu\u2019il y a une banalisation de cette maladie \u00e0 Coyah. Et que les citoyens refusent de porter ces masques pour se prot\u00e9ger, mais prot\u00e9ger aussi les autres. C\u2019est dans cet esprit-l\u00e0 ce matin, que j\u2019ai convoqu\u00e9 une r\u00e9union avec l\u2019ensemble des chefs de quartier, conseils de quartier, des sages de Coyah et le maire de la commune urbaine de Coyah, pour analyser la situation et se demander pour cela . Or Coyah fait partir du grand Conakry ; la plupart des citoyens de Coyah travaillent \u00e0 Conakry et reviennent dormir, c\u00f4toyer les autres qui sont \u00e0 Coyah<\/em>\u00bb, a-t-il indiqu\u00e9.<\/p>\n\n\n\n<p>Pour mettre en application le port des bavettes apr\u00e8s les incidents douloureux, AZIZ Diop pr\u00e9fet de Coyah, reste ferme sur des mesures qu\u2019il compte mettre en place.<\/p>\n\n\n\n<p>\u00ab <em>Les statistiques \u00e9galement d\u00e9montrent que la pand\u00e9mie est plus forte \u00e0 Coyah aujourd\u2019hui. Donc j\u2019ai demand\u00e9 de mettre d\u00e8s aujourd\u2019hui le comit\u00e9 de riposte pr\u00e9fectoral, pr\u00e9sid\u00e9 par le pr\u00e9fet. De d\u00e9centraliser le comit\u00e9 de riposte dans les communes et dans les quartiers. Nous ferons une d\u00e9cision dans ce sens, pour que nous puissions accompagner les professionnels de la sant\u00e9 et notre travail consistera \u00e0 sensibiliser les populations, pour dire que c\u2019est une maladie qui existe et que c\u2019est une maladie qu\u2019il faut consid\u00e9rer comme tel ; parce que nous sommes en guerre contre cette pand\u00e9mie-l\u00e0. Les professionnels de la sant\u00e9 continueront \u00e0 accompagner les cas contacts, les cas \u00e9vident et \u00e0 se r\u00e9f\u00e9rer \u00e0 Conakry. Mais nous avons aussi un plan de riposte que le DPS (direction pr\u00e9fectorale de la sant\u00e9 NDLR) m\u2019a soumis, pour que les tests soient faits \u00e0 Coyah. Parce que la plupart des cas av\u00e9r\u00e9s positifs, les examens ont \u00e9t\u00e9 effectu\u00e9s \u00e0 Conakry. Mais comme ils logent \u00e0 Coyah, on se r\u00e9f\u00e8re \u00e0 la r\u00e9f\u00e9rence de Coyah. Nous maintenant avoir la situation r\u00e9elle \u00e0 Coyah, pour que nous puissions d\u00e9ployer tous les efforts n\u00e9cessaires pour que cette pand\u00e9mie-l\u00e0 soit boost\u00e9e en dehors de Coyah<\/em>\u00bb, a fait savoir le pr\u00e9fet de Coyah.<\/p>\n\n\n\n<p>Sur la question de manque de patrouille des forces de s\u00e9curit\u00e9 dans la ville, AZIZ Diop interpelle la responsabilit\u00e9 des chefs de quartier de la ville de coyah.<\/p>\n\n\n\n<p>\u00ab <em>J\u2019ai \u00e9t\u00e9 tr\u00e8s clair. Je suis une autorit\u00e9. On ne peut pas m\u2019influencer, j\u2019assume mes responsabilit\u00e9s. Si je n\u2019assume pas qu\u2019on m\u2019enl\u00e8ve, je ne suis pas fait pour \u00eatre pr\u00e9fet. Je suis d\u2019abord citoyen. Mais quand je prends une d\u00e9cision, je l\u2019applique et je vais jusqu\u2019au bout. C\u2019est pourquoi on a dit aux administrateurs des march\u00e9s, si je constate une seule marchande qui ne porte pas de masque, je le suspends de ses fonctions. J\u2019ai instruit le maire, si le march\u00e9 n\u2019est pas ferm\u00e9 \u00e0 16 h, moi je ne vais pas aller prendre une dame, je prends l\u2019administrateur du march\u00e9, parce que les responsabilit\u00e9s sont d\u00e9centralis\u00e9es ; donc les cons\u00e9quences, c\u2019est l\u2019administrateur du march\u00e9<\/em>\u00bb, a-t-il pr\u00e9cis\u00e9.<\/p>\n\n\n\n<p>Et de rajouter, \u00ab <em>nous on d\u00e9centralise, d\u2019abord, les chefs de quartier sont dans les quartiers, il y a les chefs secteur. Mais j\u2019ai dit, je vais dans un quartier, je constate qu\u2019un seul citoyen n\u2019a pas de bavette, je fais un avertissement au chef de quartier. S\u2019il y a trois avertissements, je te suspends de tes fonctions. Avant qu\u2019on ne dise que c\u2019est Aziz Diop, apr\u00e8s on dit que c\u2019est Alpha Cond\u00e9, parce que \u00e7a commence l\u00e0. Or l\u2019\u00c9tat c\u2019est la base. Si chacun jouait son r\u00f4le, on ne serait pas l\u00e0. Voil\u00e0 ces mesures draconiennes. Et moi-m\u00eame je vais sur le terrain. Maintenant ceux qui veulent par rapport \u00e0 \u00e7a cr\u00e9er la r\u00e9bellion, ils verront l\u2019\u00c9tat face \u00e0 eux. Parce que rien ne justifie qu\u2019on ne porte pas de masque particuli\u00e8rement \u00e0 Coyah. Et il y a un rel\u00e2chement par rapport aux orientations du gouvernement en mati\u00e8re de luette contre cette pand\u00e9mie. Vous allez maintenant dans les lieux publics, les mariages, c\u2019est comme s\u2019il n&rsquo;y a pas de pand\u00e9mie. Plus de 50 personnes, 60 personnes, dans les restaurants. On va prendre des dispositions pour \u00e7a <\/em>\u00bb.<\/p>\n\n\n\n<p>Le port obligatoire des bavettes en cette p\u00e9riode de crise sanitaire dans la pr\u00e9fecture de Coyah est tr\u00e8s mal vu par certains citoyens, malgr\u00e9 les risques de contaminations de la pand\u00e9mie de COVID-19.<\/p>\n\n\n\n<p>\u00ab <em>Nous en avons marre, et en plus si nous voyons des citoyens qui portent des bavettes ils vont pay\u00e9s 30.000 GNF. Si des personnes arrivent \u00e0 mourir suite \u00e0 ce virus, c\u2019est la volont\u00e9 de Dieu. Mais nous ici \u00e0 Coyah nous sommes fatigu\u00e9s de porter des masques <\/em>\u00bb, a soulign\u00e9 un citoyen qui a pr\u00e9f\u00e9r\u00e9 garder l\u2019anonymat.<\/p>\n\n\n\n<p>Pour le moment, des citoyens de Coyah se baladent dans la ville sans bavette et sans \u00eatre inqui\u00e9t\u00e9 par les forces de s\u00e9curit\u00e9.<\/p>\n","protected":false},"excerpt":{"rendered":"<p>Le port obligatoire de la bavette est banalis\u00e9 par certains citoyens dans la pr\u00e9fecture de Coyah, une situation qui a commenc\u00e9 juste apr\u00e8s l\u2019altercation entre les citoyens et les forces de s\u00e9curit\u00e9 \u00e0 cause des barrages qui \u00e9taient \u00e9rig\u00e9s \u00e0 Friguiady. Depuis lors le contr\u00f4le du port des bavettes par les forces de s\u00e9curit\u00e9 n\u2019existe [&hellip;]<\/p>\n","protected":false},"author":10,"featured_media":29342,"comment_status":"closed","ping_status":"closed","sticky":false,"template":"","format":"standard","meta":{"_exactmetrics_skip_tracking":false,"_exactmetrics_sitenote_active":false,"_exactmetrics_sitenote_note":"","_exactmetrics_sitenote_category":0,"tdm_status":"","tdm_grid_status":"","footnotes":""},"categories":[16],"tags":[],"class_list":{"0":"post-29341","1":"post","2":"type-post","3":"status-publish","4":"format-standard","5":"has-post-thumbnail","7":"category-societe"},"yoast_head":"<!-- This site is optimized with the Yoast SEO plugin v24.2 - https:\/\/yoast.com\/wordpress\/plugins\/seo\/ -->\n<title>Le port obligatoire des masques \u00e0 Coyah : le pr\u00e9fet de Coyah hausse le ton et annonce des mesures draconiennes | Guin\u00e9e Diversit\u00e9<\/title>\n<meta name=\"robots\" content=\"index, follow, max-snippet:-1, max-image-preview:large, max-video-preview:-1\" \/>\n<link rel=\"canonical\" href=\"https:\/\/guineediversite.com\/index.php\/2020\/06\/01\/le-port-obligatoire-des-masques-a-coyah-le-prefet-de-coyah-hausse-le-ton-et-annonce-des-mesures-draconiennes\/\" \/>\n<meta property=\"og:locale\" content=\"fr_FR\" \/>\n<meta property=\"og:type\" content=\"article\" \/>\n<meta property=\"og:title\" content=\"Le port obligatoire des masques \u00e0 Coyah : le pr\u00e9fet de Coyah hausse le ton et annonce des mesures draconiennes | Guin\u00e9e Diversit\u00e9\" \/>\n<meta property=\"og:description\" content=\"Le port obligatoire de la bavette est banalis\u00e9 par certains citoyens dans la pr\u00e9fecture de Coyah, une situation qui a commenc\u00e9 juste apr\u00e8s l\u2019altercation entre les citoyens et les forces de s\u00e9curit\u00e9 \u00e0 cause des barrages qui \u00e9taient \u00e9rig\u00e9s \u00e0 Friguiady. Depuis lors le contr\u00f4le du port des bavettes par les forces de s\u00e9curit\u00e9 n\u2019existe [&hellip;]\" \/>\n<meta property=\"og:url\" content=\"https:\/\/guineediversite.com\/index.php\/2020\/06\/01\/le-port-obligatoire-des-masques-a-coyah-le-prefet-de-coyah-hausse-le-ton-et-annonce-des-mesures-draconiennes\/\" \/>\n<meta property=\"og:site_name\" content=\"Guin\u00e9e Diversit\u00e9\" \/>\n<meta property=\"article:publisher\" content=\"https:\/\/www.facebook.com\/guineediversite\/\" \/>\n<meta property=\"article:published_time\" content=\"2020-06-01T19:40:42+00:00\" \/>\n<meta property=\"article:modified_time\" content=\"2020-06-01T19:40:46+00:00\" \/>\n<meta property=\"og:image\" content=\"https:\/\/guineediversite.com\/wp-content\/uploads\/2020\/06\/PREFECTURE-DE-COYAH.jpg\" \/>\n\t<meta property=\"og:image:width\" content=\"1500\" \/>\n\t<meta property=\"og:image:height\" content=\"844\" \/>\n\t<meta property=\"og:image:type\" content=\"image\/jpeg\" \/>\n<meta name=\"author\" content=\"Morcire Camara\" \/>\n<meta name=\"twitter:card\" content=\"summary_large_image\" \/>\n<meta name=\"twitter:creator\" content=\"@GuineeDiversite\" \/>\n<meta name=\"twitter:site\" content=\"@GuineeDiversite\" \/>\n<meta name=\"twitter:label1\" content=\"\u00c9crit par\" \/>\n\t<meta name=\"twitter:data1\" content=\"Morcire Camara\" \/>\n\t<meta name=\"twitter:label2\" content=\"Dur\u00e9e de lecture estim\u00e9e\" \/>\n\t<meta name=\"twitter:data2\" content=\"5 minutes\" \/>\n<script type=\"application\/ld+json\" class=\"yoast-schema-graph\">{\"@context\":\"https:\/\/schema.org\",\"@graph\":[{\"@type\":\"Article\",\"@id\":\"https:\/\/guineediversite.com\/index.php\/2020\/06\/01\/le-port-obligatoire-des-masques-a-coyah-le-prefet-de-coyah-hausse-le-ton-et-annonce-des-mesures-draconiennes\/#article\",\"isPartOf\":{\"@id\":\"https:\/\/guineediversite.com\/index.php\/2020\/06\/01\/le-port-obligatoire-des-masques-a-coyah-le-prefet-de-coyah-hausse-le-ton-et-annonce-des-mesures-draconiennes\/\"},\"author\":{\"name\":\"Morcire Camara\",\"@id\":\"https:\/\/guineediversite.com\/#\/schema\/person\/fa362494c47202ce4b3adf55abcc9d01\"},\"headline\":\"Le port obligatoire des masques \u00e0 Coyah : le pr\u00e9fet de Coyah hausse le ton et annonce des mesures draconiennes\",\"datePublished\":\"2020-06-01T19:40:42+00:00\",\"dateModified\":\"2020-06-01T19:40:46+00:00\",\"mainEntityOfPage\":{\"@id\":\"https:\/\/guineediversite.com\/index.php\/2020\/06\/01\/le-port-obligatoire-des-masques-a-coyah-le-prefet-de-coyah-hausse-le-ton-et-annonce-des-mesures-draconiennes\/\"},\"wordCount\":1042,\"publisher\":{\"@id\":\"https:\/\/guineediversite.com\/#organization\"},\"image\":{\"@id\":\"https:\/\/guineediversite.com\/index.php\/2020\/06\/01\/le-port-obligatoire-des-masques-a-coyah-le-prefet-de-coyah-hausse-le-ton-et-annonce-des-mesures-draconiennes\/#primaryimage\"},\"thumbnailUrl\":\"https:\/\/guineediversite.com\/wp-content\/uploads\/2020\/06\/PREFECTURE-DE-COYAH.jpg\",\"articleSection\":[\"Soci\u00e9t\u00e9\"],\"inLanguage\":\"fr-FR\"},{\"@type\":\"WebPage\",\"@id\":\"https:\/\/guineediversite.com\/index.php\/2020\/06\/01\/le-port-obligatoire-des-masques-a-coyah-le-prefet-de-coyah-hausse-le-ton-et-annonce-des-mesures-draconiennes\/\",\"url\":\"https:\/\/guineediversite.com\/index.php\/2020\/06\/01\/le-port-obligatoire-des-masques-a-coyah-le-prefet-de-coyah-hausse-le-ton-et-annonce-des-mesures-draconiennes\/\",\"name\":\"Le port obligatoire des masques \u00e0 Coyah : le pr\u00e9fet de Coyah hausse le ton et annonce des mesures draconiennes | Guin\u00e9e Diversit\u00e9\",\"isPartOf\":{\"@id\":\"https:\/\/guineediversite.com\/#website\"},\"primaryImageOfPage\":{\"@id\":\"https:\/\/guineediversite.com\/index.php\/2020\/06\/01\/le-port-obligatoire-des-masques-a-coyah-le-prefet-de-coyah-hausse-le-ton-et-annonce-des-mesures-draconiennes\/#primaryimage\"},\"image\":{\"@id\":\"https:\/\/guineediversite.com\/index.php\/2020\/06\/01\/le-port-obligatoire-des-masques-a-coyah-le-prefet-de-coyah-hausse-le-ton-et-annonce-des-mesures-draconiennes\/#primaryimage\"},\"thumbnailUrl\":\"https:\/\/guineediversite.com\/wp-content\/uploads\/2020\/06\/PREFECTURE-DE-COYAH.jpg\",\"datePublished\":\"2020-06-01T19:40:42+00:00\",\"dateModified\":\"2020-06-01T19:40:46+00:00\",\"breadcrumb\":{\"@id\":\"https:\/\/guineediversite.com\/index.php\/2020\/06\/01\/le-port-obligatoire-des-masques-a-coyah-le-prefet-de-coyah-hausse-le-ton-et-annonce-des-mesures-draconiennes\/#breadcrumb\"},\"inLanguage\":\"fr-FR\",\"potentialAction\":[{\"@type\":\"ReadAction\",\"target\":[\"https:\/\/guineediversite.com\/index.php\/2020\/06\/01\/le-port-obligatoire-des-masques-a-coyah-le-prefet-de-coyah-hausse-le-ton-et-annonce-des-mesures-draconiennes\/\"]}]},{\"@type\":\"ImageObject\",\"inLanguage\":\"fr-FR\",\"@id\":\"https:\/\/guineediversite.com\/index.php\/2020\/06\/01\/le-port-obligatoire-des-masques-a-coyah-le-prefet-de-coyah-hausse-le-ton-et-annonce-des-mesures-draconiennes\/#primaryimage\",\"url\":\"https:\/\/guineediversite.com\/wp-content\/uploads\/2020\/06\/PREFECTURE-DE-COYAH.jpg\",\"contentUrl\":\"https:\/\/guineediversite.com\/wp-content\/uploads\/2020\/06\/PREFECTURE-DE-COYAH.jpg\",\"width\":1500,\"height\":844},{\"@type\":\"BreadcrumbList\",\"@id\":\"https:\/\/guineediversite.com\/index.php\/2020\/06\/01\/le-port-obligatoire-des-masques-a-coyah-le-prefet-de-coyah-hausse-le-ton-et-annonce-des-mesures-draconiennes\/#breadcrumb\",\"itemListElement\":[{\"@type\":\"ListItem\",\"position\":1,\"name\":\"Accueil\",\"item\":\"https:\/\/guineediversite.com\/\"},{\"@type\":\"ListItem\",\"position\":2,\"name\":\"Le port obligatoire des masques \u00e0 Coyah : le pr\u00e9fet de Coyah hausse le ton et annonce des mesures draconiennes\"}]},{\"@type\":\"WebSite\",\"@id\":\"https:\/\/guineediversite.com\/#website\",\"url\":\"https:\/\/guineediversite.com\/\",\"name\":\"Guin\u00e9e Diversit\u00e9\",\"description\":\"L&#039;Info dans toute sa diversit\u00e9\",\"publisher\":{\"@id\":\"https:\/\/guineediversite.com\/#organization\"},\"potentialAction\":[{\"@type\":\"SearchAction\",\"target\":{\"@type\":\"EntryPoint\",\"urlTemplate\":\"https:\/\/guineediversite.com\/?s={search_term_string}\"},\"query-input\":{\"@type\":\"PropertyValueSpecification\",\"valueRequired\":true,\"valueName\":\"search_term_string\"}}],\"inLanguage\":\"fr-FR\"},{\"@type\":\"Organization\",\"@id\":\"https:\/\/guineediversite.com\/#organization\",\"name\":\"Guin\u00e9e Diversit\u00e9\",\"url\":\"https:\/\/guineediversite.com\/\",\"logo\":{\"@type\":\"ImageObject\",\"inLanguage\":\"fr-FR\",\"@id\":\"https:\/\/guineediversite.com\/#\/schema\/logo\/image\/\",\"url\":\"https:\/\/guineediversite.com\/wp-content\/uploads\/2017\/04\/cropped-1jojlxEOMkX9Wyqfhe43D6kjPOGqBBKmx3EwWJqZ0cMrFF54yM49.png\",\"contentUrl\":\"https:\/\/guineediversite.com\/wp-content\/uploads\/2017\/04\/cropped-1jojlxEOMkX9Wyqfhe43D6kjPOGqBBKmx3EwWJqZ0cMrFF54yM49.png\",\"width\":186,\"height\":112,\"caption\":\"Guin\u00e9e Diversit\u00e9\"},\"image\":{\"@id\":\"https:\/\/guineediversite.com\/#\/schema\/logo\/image\/\"},\"sameAs\":[\"https:\/\/www.facebook.com\/guineediversite\/\",\"https:\/\/x.com\/GuineeDiversite\",\"https:\/\/www.youtube.com\/channel\/UC8sUY16qelG5ge6_D5SB83g\"]},{\"@type\":\"Person\",\"@id\":\"https:\/\/guineediversite.com\/#\/schema\/person\/fa362494c47202ce4b3adf55abcc9d01\",\"name\":\"Morcire Camara\",\"image\":{\"@type\":\"ImageObject\",\"inLanguage\":\"fr-FR\",\"@id\":\"https:\/\/guineediversite.com\/#\/schema\/person\/image\/\",\"url\":\"https:\/\/secure.gravatar.com\/avatar\/3ec324f02295bbcebe03d99b39330ab4?s=96&d=mm&r=g\",\"contentUrl\":\"https:\/\/secure.gravatar.com\/avatar\/3ec324f02295bbcebe03d99b39330ab4?s=96&d=mm&r=g\",\"caption\":\"Morcire Camara\"},\"url\":\"https:\/\/guineediversite.com\/index.php\/author\/morcire\/\"}]}<\/script>\n<!-- \/ Yoast SEO plugin. -->","yoast_head_json":{"title":"Le port obligatoire des masques \u00e0 Coyah : le pr\u00e9fet de Coyah hausse le ton et annonce des mesures draconiennes | Guin\u00e9e Diversit\u00e9","robots":{"index":"index","follow":"follow","max-snippet":"max-snippet:-1","max-image-preview":"max-image-preview:large","max-video-preview":"max-video-preview:-1"},"canonical":"https:\/\/guineediversite.com\/index.php\/2020\/06\/01\/le-port-obligatoire-des-masques-a-coyah-le-prefet-de-coyah-hausse-le-ton-et-annonce-des-mesures-draconiennes\/","og_locale":"fr_FR","og_type":"article","og_title":"Le port obligatoire des masques \u00e0 Coyah : le pr\u00e9fet de Coyah hausse le ton et annonce des mesures draconiennes | Guin\u00e9e Diversit\u00e9","og_description":"Le port obligatoire de la bavette est banalis\u00e9 par certains citoyens dans la pr\u00e9fecture de Coyah, une situation qui a commenc\u00e9 juste apr\u00e8s l\u2019altercation entre les citoyens et les forces de s\u00e9curit\u00e9 \u00e0 cause des barrages qui \u00e9taient \u00e9rig\u00e9s \u00e0 Friguiady. Depuis lors le contr\u00f4le du port des bavettes par les forces de s\u00e9curit\u00e9 n\u2019existe [&hellip;]","og_url":"https:\/\/guineediversite.com\/index.php\/2020\/06\/01\/le-port-obligatoire-des-masques-a-coyah-le-prefet-de-coyah-hausse-le-ton-et-annonce-des-mesures-draconiennes\/","og_site_name":"Guin\u00e9e Diversit\u00e9","article_publisher":"https:\/\/www.facebook.com\/guineediversite\/","article_published_time":"2020-06-01T19:40:42+00:00","article_modified_time":"2020-06-01T19:40:46+00:00","og_image":[{"width":1500,"height":844,"url":"https:\/\/guineediversite.com\/wp-content\/uploads\/2020\/06\/PREFECTURE-DE-COYAH.jpg","type":"image\/jpeg"}],"author":"Morcire Camara","twitter_card":"summary_large_image","twitter_creator":"@GuineeDiversite","twitter_site":"@GuineeDiversite","twitter_misc":{"\u00c9crit par":"Morcire Camara","Dur\u00e9e de lecture estim\u00e9e":"5 minutes"},"schema":{"@context":"https:\/\/schema.org","@graph":[{"@type":"Article","@id":"https:\/\/guineediversite.com\/index.php\/2020\/06\/01\/le-port-obligatoire-des-masques-a-coyah-le-prefet-de-coyah-hausse-le-ton-et-annonce-des-mesures-draconiennes\/#article","isPartOf":{"@id":"https:\/\/guineediversite.com\/index.php\/2020\/06\/01\/le-port-obligatoire-des-masques-a-coyah-le-prefet-de-coyah-hausse-le-ton-et-annonce-des-mesures-draconiennes\/"},"author":{"name":"Morcire Camara","@id":"https:\/\/guineediversite.com\/#\/schema\/person\/fa362494c47202ce4b3adf55abcc9d01"},"headline":"Le port obligatoire des masques \u00e0 Coyah : le pr\u00e9fet de Coyah hausse le ton et annonce des mesures draconiennes","datePublished":"2020-06-01T19:40:42+00:00","dateModified":"2020-06-01T19:40:46+00:00","mainEntityOfPage":{"@id":"https:\/\/guineediversite.com\/index.php\/2020\/06\/01\/le-port-obligatoire-des-masques-a-coyah-le-prefet-de-coyah-hausse-le-ton-et-annonce-des-mesures-draconiennes\/"},"wordCount":1042,"publisher":{"@id":"https:\/\/guineediversite.com\/#organization"},"image":{"@id":"https:\/\/guineediversite.com\/index.php\/2020\/06\/01\/le-port-obligatoire-des-masques-a-coyah-le-prefet-de-coyah-hausse-le-ton-et-annonce-des-mesures-draconiennes\/#primaryimage"},"thumbnailUrl":"https:\/\/guineediversite.com\/wp-content\/uploads\/2020\/06\/PREFECTURE-DE-COYAH.jpg","articleSection":["Soci\u00e9t\u00e9"],"inLanguage":"fr-FR"},{"@type":"WebPage","@id":"https:\/\/guineediversite.com\/index.php\/2020\/06\/01\/le-port-obligatoire-des-masques-a-coyah-le-prefet-de-coyah-hausse-le-ton-et-annonce-des-mesures-draconiennes\/","url":"https:\/\/guineediversite.com\/index.php\/2020\/06\/01\/le-port-obligatoire-des-masques-a-coyah-le-prefet-de-coyah-hausse-le-ton-et-annonce-des-mesures-draconiennes\/","name":"Le port obligatoire des masques \u00e0 Coyah : le pr\u00e9fet de Coyah hausse le ton et annonce des mesures draconiennes | Guin\u00e9e Diversit\u00e9","isPartOf":{"@id":"https:\/\/guineediversite.com\/#website"},"primaryImageOfPage":{"@id":"https:\/\/guineediversite.com\/index.php\/2020\/06\/01\/le-port-obligatoire-des-masques-a-coyah-le-prefet-de-coyah-hausse-le-ton-et-annonce-des-mesures-draconiennes\/#primaryimage"},"image":{"@id":"https:\/\/guineediversite.com\/index.php\/2020\/06\/01\/le-port-obligatoire-des-masques-a-coyah-le-prefet-de-coyah-hausse-le-ton-et-annonce-des-mesures-draconiennes\/#primaryimage"},"thumbnailUrl":"https:\/\/guineediversite.com\/wp-content\/uploads\/2020\/06\/PREFECTURE-DE-COYAH.jpg","datePublished":"2020-06-01T19:40:42+00:00","dateModified":"2020-06-01T19:40:46+00:00","breadcrumb":{"@id":"https:\/\/guineediversite.com\/index.php\/2020\/06\/01\/le-port-obligatoire-des-masques-a-coyah-le-prefet-de-coyah-hausse-le-ton-et-annonce-des-mesures-draconiennes\/#breadcrumb"},"inLanguage":"fr-FR","potentialAction":[{"@type":"ReadAction","target":["https:\/\/guineediversite.com\/index.php\/2020\/06\/01\/le-port-obligatoire-des-masques-a-coyah-le-prefet-de-coyah-hausse-le-ton-et-annonce-des-mesures-draconiennes\/"]}]},{"@type":"ImageObject","inLanguage":"fr-FR","@id":"https:\/\/guineediversite.com\/index.php\/2020\/06\/01\/le-port-obligatoire-des-masques-a-coyah-le-prefet-de-coyah-hausse-le-ton-et-annonce-des-mesures-draconiennes\/#primaryimage","url":"https:\/\/guineediversite.com\/wp-content\/uploads\/2020\/06\/PREFECTURE-DE-COYAH.jpg","contentUrl":"https:\/\/guineediversite.com\/wp-content\/uploads\/2020\/06\/PREFECTURE-DE-COYAH.jpg","width":1500,"height":844},{"@type":"BreadcrumbList","@id":"https:\/\/guineediversite.com\/index.php\/2020\/06\/01\/le-port-obligatoire-des-masques-a-coyah-le-prefet-de-coyah-hausse-le-ton-et-annonce-des-mesures-draconiennes\/#breadcrumb","itemListElement":[{"@type":"ListItem","position":1,"name":"Accueil","item":"https:\/\/guineediversite.com\/"},{"@type":"ListItem","position":2,"name":"Le port obligatoire des masques \u00e0 Coyah : le pr\u00e9fet de Coyah hausse le ton et annonce des mesures draconiennes"}]},{"@type":"WebSite","@id":"https:\/\/guineediversite.com\/#website","url":"https:\/\/guineediversite.com\/","name":"Guin\u00e9e Diversit\u00e9","description":"L&#039;Info dans toute sa diversit\u00e9","publisher":{"@id":"https:\/\/guineediversite.com\/#organization"},"potentialAction":[{"@type":"SearchAction","target":{"@type":"EntryPoint","urlTemplate":"https:\/\/guineediversite.com\/?s={search_term_string}"},"query-input":{"@type":"PropertyValueSpecification","valueRequired":true,"valueName":"search_term_string"}}],"inLanguage":"fr-FR"},{"@type":"Organization","@id":"https:\/\/guineediversite.com\/#organization","name":"Guin\u00e9e Diversit\u00e9","url":"https:\/\/guineediversite.com\/","logo":{"@type":"ImageObject","inLanguage":"fr-FR","@id":"https:\/\/guineediversite.com\/#\/schema\/logo\/image\/","url":"https:\/\/guineediversite.com\/wp-content\/uploads\/2017\/04\/cropped-1jojlxEOMkX9Wyqfhe43D6kjPOGqBBKmx3EwWJqZ0cMrFF54yM49.png","contentUrl":"https:\/\/guineediversite.com\/wp-content\/uploads\/2017\/04\/cropped-1jojlxEOMkX9Wyqfhe43D6kjPOGqBBKmx3EwWJqZ0cMrFF54yM49.png","width":186,"height":112,"caption":"Guin\u00e9e Diversit\u00e9"},"image":{"@id":"https:\/\/guineediversite.com\/#\/schema\/logo\/image\/"},"sameAs":["https:\/\/www.facebook.com\/guineediversite\/","https:\/\/x.com\/GuineeDiversite","https:\/\/www.youtube.com\/channel\/UC8sUY16qelG5ge6_D5SB83g"]},{"@type":"Person","@id":"https:\/\/guineediversite.com\/#\/schema\/person\/fa362494c47202ce4b3adf55abcc9d01","name":"Morcire Camara","image":{"@type":"ImageObject","inLanguage":"fr-FR","@id":"https:\/\/guineediversite.com\/#\/schema\/person\/image\/","url":"https:\/\/secure.gravatar.com\/avatar\/3ec324f02295bbcebe03d99b39330ab4?s=96&d=mm&r=g","contentUrl":"https:\/\/secure.gravatar.com\/avatar\/3ec324f02295bbcebe03d99b39330ab4?s=96&d=mm&r=g","caption":"Morcire Camara"},"url":"https:\/\/guineediversite.com\/index.php\/author\/morcire\/"}]}},"_links":{"self":[{"href":"https:\/\/guineediversite.com\/index.php\/wp-json\/wp\/v2\/posts\/29341"}],"collection":[{"href":"https:\/\/guineediversite.com\/index.php\/wp-json\/wp\/v2\/posts"}],"about":[{"href":"https:\/\/guineediversite.com\/index.php\/wp-json\/wp\/v2\/types\/post"}],"author":[{"embeddable":true,"href":"https:\/\/guineediversite.com\/index.php\/wp-json\/wp\/v2\/users\/10"}],"replies":[{"embeddable":true,"href":"https:\/\/guineediversite.com\/index.php\/wp-json\/wp\/v2\/comments?post=29341"}],"version-history":[{"count":1,"href":"https:\/\/guineediversite.com\/index.php\/wp-json\/wp\/v2\/posts\/29341\/revisions"}],"predecessor-version":[{"id":29344,"href":"https:\/\/guineediversite.com\/index.php\/wp-json\/wp\/v2\/posts\/29341\/revisions\/29344"}],"wp:featuredmedia":[{"embeddable":true,"href":"https:\/\/guineediversite.com\/index.php\/wp-json\/wp\/v2\/media\/29342"}],"wp:attachment":[{"href":"https:\/\/guineediversite.com\/index.php\/wp-json\/wp\/v2\/media?parent=29341"}],"wp:term":[{"taxonomy":"category","embeddable":true,"href":"https:\/\/guineediversite.com\/index.php\/wp-json\/wp\/v2\/categories?post=29341"},{"taxonomy":"post_tag","embeddable":true,"href":"https:\/\/guineediversite.com\/index.php\/wp-json\/wp\/v2\/tags?post=29341"}],"curies":[{"name":"wp","href":"https:\/\/api.w.org\/{rel}","templated":true}]}}