{"id":29223,"date":"2020-05-16T22:12:51","date_gmt":"2020-05-16T20:12:51","guid":{"rendered":"https:\/\/guineediversite.com\/?p=29223"},"modified":"2020-05-16T22:12:56","modified_gmt":"2020-05-16T20:12:56","slug":"coronavirus-lafrique-face-a-la-pandemie-le-samedi-16-mai","status":"publish","type":"post","link":"https:\/\/guineediversite.com\/index.php\/2020\/05\/16\/coronavirus-lafrique-face-a-la-pandemie-le-samedi-16-mai\/","title":{"rendered":"Coronavirus: l&rsquo;Afrique face \u00e0 la pand\u00e9mie le samedi 16 mai"},"content":{"rendered":"\n<p>Selon les chiffres du Centre de pr\u00e9vention des maladies de l\u2019Union africaine (CDC), le continent africain comptait ce samedi 16 mai 78&nbsp;613 cas confirm\u00e9s de Covid-19 et 2&nbsp;642 d\u00e9c\u00e8s dus \u00e0 la maladie. L\u2019Afrique du Sud est le pays le plus touch\u00e9, devant l\u2019\u00c9gypte et le Maroc.<\/p>\n\n\n\n<ul class=\"wp-block-list\"><li><strong>Le Niger se d\u00e9confine&#8230;<\/strong><\/li><\/ul>\n\n\n\n<p>Le d\u00e9confinement a d\u00e9but\u00e9 dans certains pays du continent. Au Niger, apr\u00e8s la r\u00e9ouverture des lieux de culte mardi, le gouvernement a d\u00e9cid\u00e9 de lever <strong><a href=\"http:\/\/www.rfi.fr\/fr\/afrique\/20200421-niger-les-mesures-contre-le-coronavirus-passent-mal-\u00e0-niamey\" target=\"_blank\" rel=\"noreferrer noopener\">la mesure d\u2019isolement<\/a><\/strong>. \u00ab<em>&nbsp;Compte tenu de l\u2019am\u00e9lioration de la situation de la pand\u00e9mie du Covid-19, le Conseil des ministres a d\u00e9cid\u00e9 de la lev\u00e9e d\u2019isolement de Niamey et cons\u00e9quemment la lib\u00e9ration des activit\u00e9s de transport interurbain de passagers&nbsp;<\/em>\u00bb, selon le texte.<\/p>\n\n\n\n<p>\u00ab<em>&nbsp;En cas de d\u00e9t\u00e9rioration de la situation, le gouvernement se r\u00e9serve le droit de reconsid\u00e9rer ces d\u00e9cisions&nbsp;<\/em>\u00bb, pr\u00e9vient le gouvernement. Les \u00e9coles rouvriront elles, le 1er juin a indiqu\u00e9 le gouvernement. Le Niger a connu 51 d\u00e9c\u00e8s depuis le d\u00e9but de l\u2019\u00e9pid\u00e9mie pour 885 cas.<\/p>\n\n\n\n<ul class=\"wp-block-list\"><li><strong>&#8230;le Congo-Brazzaville aussi<\/strong><\/li><\/ul>\n\n\n\n<p>Au Congo-Brazzaville, le Premier ministre Cl\u00e9ment Mouamba a d\u00e9voil\u00e9 ce samedi 16 mai le plan gouvernemental du d\u00e9confinement par paliers. Le Congo a ainsi \u00e9t\u00e9 divis\u00e9 en deux zones. \u00c0 Brazzaville et Pointe-Noire, les deux principales villes du pays et qui repr\u00e9sentent la premi\u00e8re zone en raison de leur forte pr\u00e9valence, la libre-circulation va intervenir \u00e0 partir du lundi 18 mai.<\/p>\n\n\n\n<p>Ces deux cit\u00e9s restent coup\u00e9es du reste du pays ; le couvre-feu demeure en vigueur et l\u2019\u00e9cole pour les \u00e9l\u00e8ves des classes dites d\u2019examens reprendra \u00e0 partir du 1er juin.<\/p>\n\n\n\n<p>Le Premier ministre congolais pr\u00e9cise les mesures dor\u00e9navant appliqu\u00e9es \u00e0 Brazzaville et Pointe-Noire&nbsp;: \u00ab<em>&nbsp;Premi\u00e8rement, la rupture du travail aux heures am\u00e9nag\u00e9es par les employeurs, sans enfreindre le couvre-feu pour les activit\u00e9s non indispensables. Deuxi\u00e8mement, la suppression des autorisations et des attestations de d\u00e9placement d\u00e9rogatoires, ainsi que des laissez-passers pour les v\u00e9hicules personnels. Troisi\u00e8mement, la libre circulation des v\u00e9hicules personnels ne transportant pas plus de quatre personnes. Quatri\u00e8mement, la reprise des transports en commun intra-urbains, la reprise des transports a\u00e9riens des passagers entre Brazzaville et Pointe-Noire, est diff\u00e9r\u00e9e \u00e0 une date ult\u00e9rieure.&nbsp;<\/em>\u00bb<\/p>\n\n\n\n<ul class=\"wp-block-list\"><li><strong>Le Kenya ferme ses fronti\u00e8res avec la Tanzanie et la Somalie<\/strong><\/li><\/ul>\n\n\n\n<p>Le pr\u00e9sident k\u00e9nyan Uhuru Kenyatta a annonc\u00e9 ce samedi la fermeture des fronti\u00e8res terrestres avec la Tanzanie et la Somalie et prolong\u00e9 les principales mesures mises en place dans le pays pour enrayer la propagation du nouveau coronavirus, dans une adresse t\u00e9l\u00e9vis\u00e9e \u00e0 la Nation.<\/p>\n\n\n\n<p>\u00ab<em>&nbsp;Si nous ne prenons pas de mesures suppl\u00e9mentaires et si nous ne respectons pas plus s\u00e9rieusement celles d\u00e9j\u00e0 en vigueur, le nombre de personnes qui tomberont malades et qui mourront augmentera fortement&nbsp;<\/em>\u00bb, a-t-il averti.<\/p>\n\n\n\n<p>L&rsquo;interruption de tous les mouvements de personnes ou de v\u00e9hicules, hormis de marchandises, \u00ab<em>&nbsp;entrera en vigueur ce jour \u00e0 minuit&nbsp;<\/em>\u00bb aux fronti\u00e8res avec la Somalie et la Tanzanie, a d\u00e9clar\u00e9 le pr\u00e9sident k\u00e9nyan.<\/p>\n\n\n\n<p>&nbsp;\u00ab<em>&nbsp;Parmi les cas positifs enregistr\u00e9s cette semaine dans le pays, 43 avaient r\u00e9cemment travers\u00e9 la fronti\u00e8re avec la Somalie ou la Tanzanie&nbsp;<\/em>\u00bb, soit pr\u00e8s d&rsquo;un quart des 166 cas enregistr\u00e9s sur la m\u00eame p\u00e9riode, a justifi\u00e9 le pr\u00e9sident k\u00e9nyan.<\/p>\n\n\n\n<p>Le pr\u00e9sident Kenyatta a \u00e9galement annonc\u00e9 la prolongation jusqu&rsquo;au 6 juin du couvre-feu nocturne national (19&nbsp;h \u00e0 05&nbsp;h) et de l&rsquo;interdiction de rentrer ou de sortir de la m\u00e9tropole de Nairobi et des comt\u00e9s de Mombasa, Kilifi, Kwale et Mandera. \u00c0 ce jour, le Kenya a recens\u00e9 830 cas positifs, dont 50 d\u00e9c\u00e8s et 301 gu\u00e9risons.<\/p>\n\n\n\n<ul class=\"wp-block-list\"><li><strong>Au Burundi, les m\u00e9decins de l\u2019OMS ont quitt\u00e9 le pays<\/strong><\/li><\/ul>\n\n\n\n<p>Les <strong><a href=\"http:\/\/www.rfi.fr\/fr\/afrique\/20200514-l-\u00e9quipe-permanente-l-oms-brusquement-expuls\u00e9e-burundi\" target=\"_blank\" rel=\"noreferrer noopener\">quatre fonctionnaires de l\u2019OMS<\/a><\/strong>, d\u00e9clar\u00e9s <em>persona non grata<\/em> par le gouvernement et somm\u00e9s de quitter le pays avant vendredi, ont finalement quitt\u00e9 Bujumbura ce samedi en d\u00e9but d\u2019apr\u00e8s-midi, selon des sources a\u00e9roportuaires.<\/p>\n\n\n\n<p>Ils ont pris place \u00e0 bord d\u2019un avion affr\u00e9t\u00e9 sp\u00e9cialement par la Monusco, et dont la destination finale est Entebbe en Ouganda, selon une source de la Mission de l\u2019ONU en RDC.<\/p>\n\n\n\n<p>Gitega a d\u00e9cid\u00e9 d\u2019expulser les quatre fonctionnaires de l\u2019OMS au Burundi dont le repr\u00e9sentant et toute l\u2019\u00e9quipe de la riposte contre le Covid-19, alors que le pays est accus\u00e9 de cacher ces cas positifs \u00e0 quelques jours du triple scrutin de mercredi, dont une \u00e9lection pr\u00e9sidentielle.<\/p>\n\n\n\n<ul class=\"wp-block-list\"><li><strong>Idriss D\u00e9by reprend la main sur la gestion de la crise<\/strong><\/li><\/ul>\n\n\n\n<p>Vivement critiqu\u00e9 pour sa gestion de la crise, le Comit\u00e9 de veille s\u00e9curitaire et sanitaire en charge de la lutte contre le coronavirus a \u00e9t\u00e9 dissous vendredi au Parlement tchadien.<\/p>\n\n\n\n<p>Une nouvelle structure, plus l\u00e9g\u00e8re et directement sous l\u2019autorit\u00e9 du pr\u00e9sident de la R\u00e9publique, Idriss D\u00e9by, a \u00e9t\u00e9 mise en place. Le Comit\u00e9 gestion de crise sanitaire (CGCS) a notamment pour mission de d\u00e9finir et mettre en \u0153uvre la strat\u00e9gie de gestion nationale de la pand\u00e9mie de Covid-19. Sur 488 cas d\u00e9clar\u00e9s officiellement, 48 personnes sont d\u00e9c\u00e9d\u00e9es.<\/p>\n\n\n\n<ul class=\"wp-block-list\"><li><strong>Un jeune tu\u00e9 en Angola par un soldat<\/strong><\/li><\/ul>\n\n\n\n<p>Un adolescent a \u00e9t\u00e9 tu\u00e9 \u00e0 Luanda par un soldat qui faisait appliquer les mesures restrictives prises pour tenter d&rsquo;enrayer l&rsquo;\u00e9pid\u00e9mie de coronavirus en Angola, a annonc\u00e9 samedi le minist\u00e8re de l&rsquo;Int\u00e9rieur.<\/p>\n\n\n\n<p>Le gar\u00e7on de 17 ans a \u00e9t\u00e9 \u00ab<em>&nbsp;la victime d&rsquo;un coup de feu&nbsp;<\/em>\u00bb tir\u00e9 par un soldat alors qu&rsquo;il manifestait \u00ab<em>&nbsp;pr\u00e9tendument&nbsp;<\/em>\u00bb contre l&rsquo;arm\u00e9e charg\u00e9e de faire appliquer le port du masque et le couvre-feu impos\u00e9s dans la capitale angolaise, a indiqu\u00e9 le minist\u00e8re dans un communiqu\u00e9.<\/p>\n\n\n\n<p>Le minist\u00e8re consid\u00e8re ce tir mortel du soldat comme \u00ab<em>&nbsp;un homicide&nbsp;<\/em>\u00bb et a ouvert une enqu\u00eate. L&rsquo;Angola a \u00e0 ce jour officiellement recens\u00e9 48 cas de coronavirus, dont deux mortels.<\/p>\n\n\n\n<ul class=\"wp-block-list\"><li><strong>Une application pour lutter contre le virus au Burkina Faso<\/strong><\/li><\/ul>\n\n\n\n<p>Le minist\u00e8re de la Sant\u00e9 vient de lancer un outil num\u00e9rique dans le cadre de la lutte contre le coronavirus. Il s\u2019agit d\u2019une plateforme de renseignement sur la gestion, la pr\u00e9vention, le diagnostic et un suivi en temps r\u00e9el de la propagation de la maladie \u00e0 coronavirus \u00e0 travers WhatsApp et Facebook.<\/p>\n\n\n\n<p>Cette collecte de donn\u00e9es servira \u00e0 alimenter un tableau de bord et une cartographie de la pand\u00e9mie au Burkina Faso. Selon la ministre de la Sant\u00e9, cette plateforme, qui regroupe quatre solutions num\u00e9riques, servira \u00e0 rompre la chaine de transmission du coronavirus.<\/p>\n","protected":false},"excerpt":{"rendered":"<p>Selon les chiffres du Centre de pr\u00e9vention des maladies de l\u2019Union africaine (CDC), le continent africain comptait ce samedi 16 mai 78&nbsp;613 cas confirm\u00e9s de Covid-19 et 2&nbsp;642 d\u00e9c\u00e8s dus \u00e0 la maladie. L\u2019Afrique du Sud est le pays le plus touch\u00e9, devant l\u2019\u00c9gypte et le Maroc. Le Niger se d\u00e9confine&#8230; Le d\u00e9confinement a d\u00e9but\u00e9 [&hellip;]<\/p>\n","protected":false},"author":12,"featured_media":29224,"comment_status":"closed","ping_status":"closed","sticky":false,"template":"","format":"standard","meta":{"_exactmetrics_skip_tracking":false,"_exactmetrics_sitenote_active":false,"_exactmetrics_sitenote_note":"","_exactmetrics_sitenote_category":0,"tdm_status":"","tdm_grid_status":"","footnotes":""},"categories":[21],"tags":[],"class_list":{"0":"post-29223","1":"post","2":"type-post","3":"status-publish","4":"format-standard","5":"has-post-thumbnail","7":"category-international"},"yoast_head":"<!-- This site is optimized with the Yoast SEO plugin v24.2 - https:\/\/yoast.com\/wordpress\/plugins\/seo\/ -->\n<title>Coronavirus: l&#039;Afrique face \u00e0 la pand\u00e9mie le samedi 16 mai | Guin\u00e9e Diversit\u00e9<\/title>\n<meta name=\"robots\" content=\"index, follow, max-snippet:-1, max-image-preview:large, max-video-preview:-1\" \/>\n<link rel=\"canonical\" href=\"https:\/\/guineediversite.com\/index.php\/2020\/05\/16\/coronavirus-lafrique-face-a-la-pandemie-le-samedi-16-mai\/\" \/>\n<meta property=\"og:locale\" content=\"fr_FR\" \/>\n<meta property=\"og:type\" content=\"article\" \/>\n<meta property=\"og:title\" content=\"Coronavirus: l&#039;Afrique face \u00e0 la pand\u00e9mie le samedi 16 mai | Guin\u00e9e Diversit\u00e9\" \/>\n<meta property=\"og:description\" content=\"Selon les chiffres du Centre de pr\u00e9vention des maladies de l\u2019Union africaine (CDC), le continent africain comptait ce samedi 16 mai 78&nbsp;613 cas confirm\u00e9s de Covid-19 et 2&nbsp;642 d\u00e9c\u00e8s dus \u00e0 la maladie. L\u2019Afrique du Sud est le pays le plus touch\u00e9, devant l\u2019\u00c9gypte et le Maroc. Le Niger se d\u00e9confine&#8230; Le d\u00e9confinement a d\u00e9but\u00e9 [&hellip;]\" \/>\n<meta property=\"og:url\" content=\"https:\/\/guineediversite.com\/index.php\/2020\/05\/16\/coronavirus-lafrique-face-a-la-pandemie-le-samedi-16-mai\/\" \/>\n<meta property=\"og:site_name\" content=\"Guin\u00e9e Diversit\u00e9\" \/>\n<meta property=\"article:publisher\" content=\"https:\/\/www.facebook.com\/guineediversite\/\" \/>\n<meta property=\"article:published_time\" content=\"2020-05-16T20:12:51+00:00\" \/>\n<meta property=\"article:modified_time\" content=\"2020-05-16T20:12:56+00:00\" \/>\n<meta property=\"og:image\" content=\"https:\/\/guineediversite.com\/wp-content\/uploads\/2020\/05\/AFRIQUE-FACE-AU-COVID-19.jpg\" \/>\n\t<meta property=\"og:image:width\" content=\"1500\" \/>\n\t<meta property=\"og:image:height\" content=\"998\" \/>\n\t<meta property=\"og:image:type\" content=\"image\/jpeg\" \/>\n<meta name=\"author\" content=\"Guin\u00e9e Diversit\u00e9\" \/>\n<meta name=\"twitter:card\" content=\"summary_large_image\" \/>\n<meta name=\"twitter:creator\" content=\"@GuineeDiversite\" \/>\n<meta name=\"twitter:site\" content=\"@GuineeDiversite\" \/>\n<meta name=\"twitter:label1\" content=\"\u00c9crit par\" \/>\n\t<meta name=\"twitter:data1\" content=\"Guin\u00e9e Diversit\u00e9\" \/>\n\t<meta name=\"twitter:label2\" content=\"Dur\u00e9e de lecture estim\u00e9e\" \/>\n\t<meta name=\"twitter:data2\" content=\"6 minutes\" \/>\n<script type=\"application\/ld+json\" class=\"yoast-schema-graph\">{\"@context\":\"https:\/\/schema.org\",\"@graph\":[{\"@type\":\"Article\",\"@id\":\"https:\/\/guineediversite.com\/index.php\/2020\/05\/16\/coronavirus-lafrique-face-a-la-pandemie-le-samedi-16-mai\/#article\",\"isPartOf\":{\"@id\":\"https:\/\/guineediversite.com\/index.php\/2020\/05\/16\/coronavirus-lafrique-face-a-la-pandemie-le-samedi-16-mai\/\"},\"author\":{\"name\":\"Guin\u00e9e Diversit\u00e9\",\"@id\":\"https:\/\/guineediversite.com\/#\/schema\/person\/afa08fb34e7fc6e1feafc892612bc836\"},\"headline\":\"Coronavirus: l&rsquo;Afrique face \u00e0 la pand\u00e9mie le samedi 16 mai\",\"datePublished\":\"2020-05-16T20:12:51+00:00\",\"dateModified\":\"2020-05-16T20:12:56+00:00\",\"mainEntityOfPage\":{\"@id\":\"https:\/\/guineediversite.com\/index.php\/2020\/05\/16\/coronavirus-lafrique-face-a-la-pandemie-le-samedi-16-mai\/\"},\"wordCount\":1163,\"publisher\":{\"@id\":\"https:\/\/guineediversite.com\/#organization\"},\"image\":{\"@id\":\"https:\/\/guineediversite.com\/index.php\/2020\/05\/16\/coronavirus-lafrique-face-a-la-pandemie-le-samedi-16-mai\/#primaryimage\"},\"thumbnailUrl\":\"https:\/\/guineediversite.com\/wp-content\/uploads\/2020\/05\/AFRIQUE-FACE-AU-COVID-19.jpg\",\"articleSection\":[\"International\"],\"inLanguage\":\"fr-FR\"},{\"@type\":\"WebPage\",\"@id\":\"https:\/\/guineediversite.com\/index.php\/2020\/05\/16\/coronavirus-lafrique-face-a-la-pandemie-le-samedi-16-mai\/\",\"url\":\"https:\/\/guineediversite.com\/index.php\/2020\/05\/16\/coronavirus-lafrique-face-a-la-pandemie-le-samedi-16-mai\/\",\"name\":\"Coronavirus: l'Afrique face \u00e0 la pand\u00e9mie le samedi 16 mai | Guin\u00e9e Diversit\u00e9\",\"isPartOf\":{\"@id\":\"https:\/\/guineediversite.com\/#website\"},\"primaryImageOfPage\":{\"@id\":\"https:\/\/guineediversite.com\/index.php\/2020\/05\/16\/coronavirus-lafrique-face-a-la-pandemie-le-samedi-16-mai\/#primaryimage\"},\"image\":{\"@id\":\"https:\/\/guineediversite.com\/index.php\/2020\/05\/16\/coronavirus-lafrique-face-a-la-pandemie-le-samedi-16-mai\/#primaryimage\"},\"thumbnailUrl\":\"https:\/\/guineediversite.com\/wp-content\/uploads\/2020\/05\/AFRIQUE-FACE-AU-COVID-19.jpg\",\"datePublished\":\"2020-05-16T20:12:51+00:00\",\"dateModified\":\"2020-05-16T20:12:56+00:00\",\"breadcrumb\":{\"@id\":\"https:\/\/guineediversite.com\/index.php\/2020\/05\/16\/coronavirus-lafrique-face-a-la-pandemie-le-samedi-16-mai\/#breadcrumb\"},\"inLanguage\":\"fr-FR\",\"potentialAction\":[{\"@type\":\"ReadAction\",\"target\":[\"https:\/\/guineediversite.com\/index.php\/2020\/05\/16\/coronavirus-lafrique-face-a-la-pandemie-le-samedi-16-mai\/\"]}]},{\"@type\":\"ImageObject\",\"inLanguage\":\"fr-FR\",\"@id\":\"https:\/\/guineediversite.com\/index.php\/2020\/05\/16\/coronavirus-lafrique-face-a-la-pandemie-le-samedi-16-mai\/#primaryimage\",\"url\":\"https:\/\/guineediversite.com\/wp-content\/uploads\/2020\/05\/AFRIQUE-FACE-AU-COVID-19.jpg\",\"contentUrl\":\"https:\/\/guineediversite.com\/wp-content\/uploads\/2020\/05\/AFRIQUE-FACE-AU-COVID-19.jpg\",\"width\":1500,\"height\":998},{\"@type\":\"BreadcrumbList\",\"@id\":\"https:\/\/guineediversite.com\/index.php\/2020\/05\/16\/coronavirus-lafrique-face-a-la-pandemie-le-samedi-16-mai\/#breadcrumb\",\"itemListElement\":[{\"@type\":\"ListItem\",\"position\":1,\"name\":\"Accueil\",\"item\":\"https:\/\/guineediversite.com\/\"},{\"@type\":\"ListItem\",\"position\":2,\"name\":\"Coronavirus: l&rsquo;Afrique face \u00e0 la pand\u00e9mie le samedi 16 mai\"}]},{\"@type\":\"WebSite\",\"@id\":\"https:\/\/guineediversite.com\/#website\",\"url\":\"https:\/\/guineediversite.com\/\",\"name\":\"Guin\u00e9e Diversit\u00e9\",\"description\":\"L&#039;Info dans toute sa diversit\u00e9\",\"publisher\":{\"@id\":\"https:\/\/guineediversite.com\/#organization\"},\"potentialAction\":[{\"@type\":\"SearchAction\",\"target\":{\"@type\":\"EntryPoint\",\"urlTemplate\":\"https:\/\/guineediversite.com\/?s={search_term_string}\"},\"query-input\":{\"@type\":\"PropertyValueSpecification\",\"valueRequired\":true,\"valueName\":\"search_term_string\"}}],\"inLanguage\":\"fr-FR\"},{\"@type\":\"Organization\",\"@id\":\"https:\/\/guineediversite.com\/#organization\",\"name\":\"Guin\u00e9e Diversit\u00e9\",\"url\":\"https:\/\/guineediversite.com\/\",\"logo\":{\"@type\":\"ImageObject\",\"inLanguage\":\"fr-FR\",\"@id\":\"https:\/\/guineediversite.com\/#\/schema\/logo\/image\/\",\"url\":\"https:\/\/guineediversite.com\/wp-content\/uploads\/2017\/04\/cropped-1jojlxEOMkX9Wyqfhe43D6kjPOGqBBKmx3EwWJqZ0cMrFF54yM49.png\",\"contentUrl\":\"https:\/\/guineediversite.com\/wp-content\/uploads\/2017\/04\/cropped-1jojlxEOMkX9Wyqfhe43D6kjPOGqBBKmx3EwWJqZ0cMrFF54yM49.png\",\"width\":186,\"height\":112,\"caption\":\"Guin\u00e9e Diversit\u00e9\"},\"image\":{\"@id\":\"https:\/\/guineediversite.com\/#\/schema\/logo\/image\/\"},\"sameAs\":[\"https:\/\/www.facebook.com\/guineediversite\/\",\"https:\/\/x.com\/GuineeDiversite\",\"https:\/\/www.youtube.com\/channel\/UC8sUY16qelG5ge6_D5SB83g\"]},{\"@type\":\"Person\",\"@id\":\"https:\/\/guineediversite.com\/#\/schema\/person\/afa08fb34e7fc6e1feafc892612bc836\",\"name\":\"Guin\u00e9e Diversit\u00e9\",\"image\":{\"@type\":\"ImageObject\",\"inLanguage\":\"fr-FR\",\"@id\":\"https:\/\/guineediversite.com\/#\/schema\/person\/image\/\",\"url\":\"https:\/\/secure.gravatar.com\/avatar\/50d5eb5b390f8b65ac30ac6f898eb83a?s=96&d=mm&r=g\",\"contentUrl\":\"https:\/\/secure.gravatar.com\/avatar\/50d5eb5b390f8b65ac30ac6f898eb83a?s=96&d=mm&r=g\",\"caption\":\"Guin\u00e9e Diversit\u00e9\"},\"url\":\"https:\/\/guineediversite.com\/index.php\/author\/guineediversite\/\"}]}<\/script>\n<!-- \/ Yoast SEO plugin. -->","yoast_head_json":{"title":"Coronavirus: l'Afrique face \u00e0 la pand\u00e9mie le samedi 16 mai | Guin\u00e9e Diversit\u00e9","robots":{"index":"index","follow":"follow","max-snippet":"max-snippet:-1","max-image-preview":"max-image-preview:large","max-video-preview":"max-video-preview:-1"},"canonical":"https:\/\/guineediversite.com\/index.php\/2020\/05\/16\/coronavirus-lafrique-face-a-la-pandemie-le-samedi-16-mai\/","og_locale":"fr_FR","og_type":"article","og_title":"Coronavirus: l'Afrique face \u00e0 la pand\u00e9mie le samedi 16 mai | Guin\u00e9e Diversit\u00e9","og_description":"Selon les chiffres du Centre de pr\u00e9vention des maladies de l\u2019Union africaine (CDC), le continent africain comptait ce samedi 16 mai 78&nbsp;613 cas confirm\u00e9s de Covid-19 et 2&nbsp;642 d\u00e9c\u00e8s dus \u00e0 la maladie. L\u2019Afrique du Sud est le pays le plus touch\u00e9, devant l\u2019\u00c9gypte et le Maroc. Le Niger se d\u00e9confine&#8230; Le d\u00e9confinement a d\u00e9but\u00e9 [&hellip;]","og_url":"https:\/\/guineediversite.com\/index.php\/2020\/05\/16\/coronavirus-lafrique-face-a-la-pandemie-le-samedi-16-mai\/","og_site_name":"Guin\u00e9e Diversit\u00e9","article_publisher":"https:\/\/www.facebook.com\/guineediversite\/","article_published_time":"2020-05-16T20:12:51+00:00","article_modified_time":"2020-05-16T20:12:56+00:00","og_image":[{"width":1500,"height":998,"url":"https:\/\/guineediversite.com\/wp-content\/uploads\/2020\/05\/AFRIQUE-FACE-AU-COVID-19.jpg","type":"image\/jpeg"}],"author":"Guin\u00e9e Diversit\u00e9","twitter_card":"summary_large_image","twitter_creator":"@GuineeDiversite","twitter_site":"@GuineeDiversite","twitter_misc":{"\u00c9crit par":"Guin\u00e9e Diversit\u00e9","Dur\u00e9e de lecture estim\u00e9e":"6 minutes"},"schema":{"@context":"https:\/\/schema.org","@graph":[{"@type":"Article","@id":"https:\/\/guineediversite.com\/index.php\/2020\/05\/16\/coronavirus-lafrique-face-a-la-pandemie-le-samedi-16-mai\/#article","isPartOf":{"@id":"https:\/\/guineediversite.com\/index.php\/2020\/05\/16\/coronavirus-lafrique-face-a-la-pandemie-le-samedi-16-mai\/"},"author":{"name":"Guin\u00e9e Diversit\u00e9","@id":"https:\/\/guineediversite.com\/#\/schema\/person\/afa08fb34e7fc6e1feafc892612bc836"},"headline":"Coronavirus: l&rsquo;Afrique face \u00e0 la pand\u00e9mie le samedi 16 mai","datePublished":"2020-05-16T20:12:51+00:00","dateModified":"2020-05-16T20:12:56+00:00","mainEntityOfPage":{"@id":"https:\/\/guineediversite.com\/index.php\/2020\/05\/16\/coronavirus-lafrique-face-a-la-pandemie-le-samedi-16-mai\/"},"wordCount":1163,"publisher":{"@id":"https:\/\/guineediversite.com\/#organization"},"image":{"@id":"https:\/\/guineediversite.com\/index.php\/2020\/05\/16\/coronavirus-lafrique-face-a-la-pandemie-le-samedi-16-mai\/#primaryimage"},"thumbnailUrl":"https:\/\/guineediversite.com\/wp-content\/uploads\/2020\/05\/AFRIQUE-FACE-AU-COVID-19.jpg","articleSection":["International"],"inLanguage":"fr-FR"},{"@type":"WebPage","@id":"https:\/\/guineediversite.com\/index.php\/2020\/05\/16\/coronavirus-lafrique-face-a-la-pandemie-le-samedi-16-mai\/","url":"https:\/\/guineediversite.com\/index.php\/2020\/05\/16\/coronavirus-lafrique-face-a-la-pandemie-le-samedi-16-mai\/","name":"Coronavirus: l'Afrique face \u00e0 la pand\u00e9mie le samedi 16 mai | Guin\u00e9e Diversit\u00e9","isPartOf":{"@id":"https:\/\/guineediversite.com\/#website"},"primaryImageOfPage":{"@id":"https:\/\/guineediversite.com\/index.php\/2020\/05\/16\/coronavirus-lafrique-face-a-la-pandemie-le-samedi-16-mai\/#primaryimage"},"image":{"@id":"https:\/\/guineediversite.com\/index.php\/2020\/05\/16\/coronavirus-lafrique-face-a-la-pandemie-le-samedi-16-mai\/#primaryimage"},"thumbnailUrl":"https:\/\/guineediversite.com\/wp-content\/uploads\/2020\/05\/AFRIQUE-FACE-AU-COVID-19.jpg","datePublished":"2020-05-16T20:12:51+00:00","dateModified":"2020-05-16T20:12:56+00:00","breadcrumb":{"@id":"https:\/\/guineediversite.com\/index.php\/2020\/05\/16\/coronavirus-lafrique-face-a-la-pandemie-le-samedi-16-mai\/#breadcrumb"},"inLanguage":"fr-FR","potentialAction":[{"@type":"ReadAction","target":["https:\/\/guineediversite.com\/index.php\/2020\/05\/16\/coronavirus-lafrique-face-a-la-pandemie-le-samedi-16-mai\/"]}]},{"@type":"ImageObject","inLanguage":"fr-FR","@id":"https:\/\/guineediversite.com\/index.php\/2020\/05\/16\/coronavirus-lafrique-face-a-la-pandemie-le-samedi-16-mai\/#primaryimage","url":"https:\/\/guineediversite.com\/wp-content\/uploads\/2020\/05\/AFRIQUE-FACE-AU-COVID-19.jpg","contentUrl":"https:\/\/guineediversite.com\/wp-content\/uploads\/2020\/05\/AFRIQUE-FACE-AU-COVID-19.jpg","width":1500,"height":998},{"@type":"BreadcrumbList","@id":"https:\/\/guineediversite.com\/index.php\/2020\/05\/16\/coronavirus-lafrique-face-a-la-pandemie-le-samedi-16-mai\/#breadcrumb","itemListElement":[{"@type":"ListItem","position":1,"name":"Accueil","item":"https:\/\/guineediversite.com\/"},{"@type":"ListItem","position":2,"name":"Coronavirus: l&rsquo;Afrique face \u00e0 la pand\u00e9mie le samedi 16 mai"}]},{"@type":"WebSite","@id":"https:\/\/guineediversite.com\/#website","url":"https:\/\/guineediversite.com\/","name":"Guin\u00e9e Diversit\u00e9","description":"L&#039;Info dans toute sa diversit\u00e9","publisher":{"@id":"https:\/\/guineediversite.com\/#organization"},"potentialAction":[{"@type":"SearchAction","target":{"@type":"EntryPoint","urlTemplate":"https:\/\/guineediversite.com\/?s={search_term_string}"},"query-input":{"@type":"PropertyValueSpecification","valueRequired":true,"valueName":"search_term_string"}}],"inLanguage":"fr-FR"},{"@type":"Organization","@id":"https:\/\/guineediversite.com\/#organization","name":"Guin\u00e9e Diversit\u00e9","url":"https:\/\/guineediversite.com\/","logo":{"@type":"ImageObject","inLanguage":"fr-FR","@id":"https:\/\/guineediversite.com\/#\/schema\/logo\/image\/","url":"https:\/\/guineediversite.com\/wp-content\/uploads\/2017\/04\/cropped-1jojlxEOMkX9Wyqfhe43D6kjPOGqBBKmx3EwWJqZ0cMrFF54yM49.png","contentUrl":"https:\/\/guineediversite.com\/wp-content\/uploads\/2017\/04\/cropped-1jojlxEOMkX9Wyqfhe43D6kjPOGqBBKmx3EwWJqZ0cMrFF54yM49.png","width":186,"height":112,"caption":"Guin\u00e9e Diversit\u00e9"},"image":{"@id":"https:\/\/guineediversite.com\/#\/schema\/logo\/image\/"},"sameAs":["https:\/\/www.facebook.com\/guineediversite\/","https:\/\/x.com\/GuineeDiversite","https:\/\/www.youtube.com\/channel\/UC8sUY16qelG5ge6_D5SB83g"]},{"@type":"Person","@id":"https:\/\/guineediversite.com\/#\/schema\/person\/afa08fb34e7fc6e1feafc892612bc836","name":"Guin\u00e9e Diversit\u00e9","image":{"@type":"ImageObject","inLanguage":"fr-FR","@id":"https:\/\/guineediversite.com\/#\/schema\/person\/image\/","url":"https:\/\/secure.gravatar.com\/avatar\/50d5eb5b390f8b65ac30ac6f898eb83a?s=96&d=mm&r=g","contentUrl":"https:\/\/secure.gravatar.com\/avatar\/50d5eb5b390f8b65ac30ac6f898eb83a?s=96&d=mm&r=g","caption":"Guin\u00e9e Diversit\u00e9"},"url":"https:\/\/guineediversite.com\/index.php\/author\/guineediversite\/"}]}},"_links":{"self":[{"href":"https:\/\/guineediversite.com\/index.php\/wp-json\/wp\/v2\/posts\/29223"}],"collection":[{"href":"https:\/\/guineediversite.com\/index.php\/wp-json\/wp\/v2\/posts"}],"about":[{"href":"https:\/\/guineediversite.com\/index.php\/wp-json\/wp\/v2\/types\/post"}],"author":[{"embeddable":true,"href":"https:\/\/guineediversite.com\/index.php\/wp-json\/wp\/v2\/users\/12"}],"replies":[{"embeddable":true,"href":"https:\/\/guineediversite.com\/index.php\/wp-json\/wp\/v2\/comments?post=29223"}],"version-history":[{"count":1,"href":"https:\/\/guineediversite.com\/index.php\/wp-json\/wp\/v2\/posts\/29223\/revisions"}],"predecessor-version":[{"id":29225,"href":"https:\/\/guineediversite.com\/index.php\/wp-json\/wp\/v2\/posts\/29223\/revisions\/29225"}],"wp:featuredmedia":[{"embeddable":true,"href":"https:\/\/guineediversite.com\/index.php\/wp-json\/wp\/v2\/media\/29224"}],"wp:attachment":[{"href":"https:\/\/guineediversite.com\/index.php\/wp-json\/wp\/v2\/media?parent=29223"}],"wp:term":[{"taxonomy":"category","embeddable":true,"href":"https:\/\/guineediversite.com\/index.php\/wp-json\/wp\/v2\/categories?post=29223"},{"taxonomy":"post_tag","embeddable":true,"href":"https:\/\/guineediversite.com\/index.php\/wp-json\/wp\/v2\/tags?post=29223"}],"curies":[{"name":"wp","href":"https:\/\/api.w.org\/{rel}","templated":true}]}}