{"id":29220,"date":"2020-05-16T22:04:44","date_gmt":"2020-05-16T20:04:44","guid":{"rendered":"https:\/\/guineediversite.com\/?p=29220"},"modified":"2020-05-16T22:04:47","modified_gmt":"2020-05-16T20:04:47","slug":"le-financier-presume-du-genocide-au-rwanda-arrete-pres-de-paris","status":"publish","type":"post","link":"https:\/\/guineediversite.com\/index.php\/2020\/05\/16\/le-financier-presume-du-genocide-au-rwanda-arrete-pres-de-paris\/","title":{"rendered":"Le \u00abfinancier\u00bb pr\u00e9sum\u00e9 du g\u00e9nocide au Rwanda arr\u00eat\u00e9 pr\u00e8s de Paris"},"content":{"rendered":"\n<p>F\u00e9licien Kabuga, consid\u00e9r\u00e9 comme le \u00ab&nbsp;financier&nbsp;\u00bb du g\u00e9nocide au Rwanda qui fit au moins 800&nbsp;000 morts en 1994 d&rsquo;apr\u00e8s l&rsquo;ONU, a \u00e9t\u00e9 arr\u00eat\u00e9 dans la matin\u00e9e de ce&nbsp;samedi 16 mai pr\u00e8s de Paris. Le parquet g\u00e9n\u00e9ral indique qu&rsquo;il r\u00e9sidait \u00e0 Asni\u00e8res-sur-Seine sous une fausse identit\u00e9.<\/p>\n\n\n\n<p>\u00c0 l&rsquo;issue d&rsquo;une op\u00e9ration men\u00e9e d\u00e8s l&rsquo;aube du samedi 16 mai en banlieue parisienne, F\u00e9licien Kabuga, 84 ans, a \u00e9t\u00e9 arr\u00eat\u00e9. Son arrestation est le fruit d\u2019une longue enqu\u00eate, selon le parquet de Paris. Une enqu\u00eate men\u00e9e par l\u2019Office fran\u00e7ais central&nbsp;de lutte contre les crimes contre l\u2019humanit\u00e9 en collaboration avec la police f\u00e9d\u00e9rale belge et la police londonienne.<\/p>\n\n\n\n<p>L&rsquo;homme d&rsquo;affaires, consid\u00e9r\u00e9 comme le \u00ab&nbsp;financier&nbsp;\u00bb du <strong><a href=\"http:\/\/www.rfi.fr\/fr\/afrique\/20190407-rwanda-mecanismes-ont-conduit-genocide\" target=\"_blank\" rel=\"noreferrer noopener\">g\u00e9nocide men\u00e9 au Rwanda contre les Tutsis en 1994<\/a><\/strong> et dans lequel au moins 800&nbsp;000 personnes ont perdu la vie selon les chiffres des Nations unies, \u00e9tait activement recherch\u00e9 par la justice internationale depuis 25 ans. Les \u00c9tats-Unis avaient m\u00eame promis une r\u00e9compense pouvant aller jusqu&rsquo;\u00e0 cinq millions de dollars pour sa capture.<\/p>\n\n\n\n<p>\u00ab&nbsp;<em>Il r\u00e9sidait sous une fausse identit\u00e9 dans un appartement d&rsquo;Asni\u00e8res-sur-Seine, gr\u00e2ce \u00e0 une m\u00e9canique bien rod\u00e9e et avec la complicit\u00e9 de ses enfants<\/em>&nbsp;\u00bb, indique le parquet g\u00e9n\u00e9ral de Paris dans un communiqu\u00e9.<\/p>\n\n\n\n<p><strong>Pr\u00e9sident de la funeste Radio des&nbsp;Mille Collines<\/strong><\/p>\n\n\n\n<p>L\u2019homme d\u2019affaires est consid\u00e9r\u00e9 comme l\u2019architecte financier du g\u00e9nocide. Proche du pouvoir, il \u00e9tait membre de l\u2019Akazu, un cercle d\u2019hommes influents dirig\u00e9 par la femme de l\u2019ex-pr\u00e9sident rwandais, <strong><a href=\"http:\/\/www.rfi.fr\/fr\/afrique\/20171221-rwanda-affaire-habyarimana-enquete-definitivement-close-france\" target=\"_blank\" rel=\"noreferrer noopener\">Agathe Habyarimana<\/a><\/strong>. F\u00e9licien Kabuga est accus\u00e9 d&rsquo;avoir form\u00e9 des milices responsables de massacres au Rwanda&nbsp;: les milices Interahamwe.<\/p>\n\n\n\n<p>Il pr\u00e9sidait <strong><a href=\"http:\/\/savoirs.rfi.fr\/fr\/comprendre-enrichir\/histoire\/rwanda-les-medias-de-la-haine\" target=\"_blank\" rel=\"noreferrer noopener\">la Radio t\u00e9l\u00e9vision libre des Mille-Collines<\/a><\/strong> (RTLM), qui diffusa des appels aux meurtres des Tutsi, et le Fonds de d\u00e9fense nationale (FDN) qui collectait \u00ab&nbsp;des fonds&nbsp;\u00bb destin\u00e9s \u00e0 financer la logistique et les armes des miliciens hutu Interahamwe, selon l&rsquo;acte d&rsquo;accusation du TPIR.<\/p>\n\n\n\n<p><strong>\u00ab<\/strong>&nbsp;<strong>Un signe tr\u00e8s important<\/strong>&nbsp;<strong>\u00bb<\/strong><\/p>\n\n\n\n<p>Apr\u00e8s cette arrestation, Serge Brammertz, le procureur du M\u00e9canisme international de La Haye a rapidement r\u00e9agi en rappelant que toutes les personnes suspect\u00e9es d&rsquo;avoir eu un r\u00f4le dans ce g\u00e9nocide devront \u00eatre jug\u00e9es.<\/p>\n\n\n\n<p>Human Rights Watch salue avec l&rsquo;arrestation de F\u00e9licien Kabuga \u00ab<em>&nbsp;un pas important vers la justice pour des centaines de milliers de victimes du g\u00e9nocide&nbsp;<\/em>\u00bb. Selon l&rsquo;organisation de d\u00e9fense des droits de l&rsquo;Homme cette arrestation montre que les survivants \u00ab<em>&nbsp;peuvent esp\u00e9rer voir de la justice m\u00eame 26 ans apr\u00e8s les faits, et que les suspects ne peuvent esp\u00e9rer \u00e9chapper \u00e0 leurs responsabilit\u00e9s&nbsp;<\/em>\u00bb.<\/p>\n\n\n\n<p>Jean Damasc\u00e8ne Bizimana, secr\u00e9taire ex\u00e9cutif de la Commission nationale de lutte contre le g\u00e9nocide, salue cette arrestation, ainsi que la coop\u00e9ration des autorit\u00e9s fran\u00e7aises&nbsp;:<\/p>\n\n\n\n<p>\u00ab<em>&nbsp;C\u2019est une r\u00e9action de satisfaction. Parce que je sais que F\u00e9licien Kabuga est&nbsp; l\u2019un des principaux meneurs du g\u00e9nocide commis contre les Tutsis. Et vu qu\u2019il est arr\u00eat\u00e9 pendant la p\u00e9riode des 100 jours de comm\u00e9moration du g\u00e9nocide commis contre les Tutsis, vingt-six ans apr\u00e8s les faits, c\u2019est pour nous un moment de satisfaction qui montre que le g\u00e9nocide est un crime imprescriptible. C\u2019est un pas que nous saluons pour l\u2019honneur et la m\u00e9moire des victimes. Nous saluons aussi le fait que la France a \u00e9t\u00e9 coop\u00e9rative, la police fran\u00e7aise et les institutions qui \u00e9taient charg\u00e9es de sa poursuite.&nbsp;<\/em>\u00bb<\/p>\n\n\n\n<p>&nbsp;\u00ab <em>C\u2019est un signe tr\u00e8s important, m\u00eame si nous avons attendu longtemps<\/em>, assure de son c\u00f4t\u00e9 le pr\u00e9sident d&rsquo;Ibuka, la principale association de rescap\u00e9s. <em>Cela montre que la justice fonctionne et que la France commence \u00e0 faire des efforts significatifs pour faciliter de telles arrestations<\/em>. \u00bb<\/p>\n\n\n\n<p><strong>Des questions sur sa cavale<\/strong><\/p>\n\n\n\n<p>Le bureau du procureur assure en tout cas dans un tweet que le Rwanda va continuer \u00e0 collaborer avec le m\u00e9canisme pour les tribunaux internationaux, qui a pris la suite du Tribunal p\u00e9nal international pour le Rwanda, afin que justice soit rendue.<\/p>\n\n\n\n<p>The National Public Prosecution Authority welcomes the arrest of genocide fugitive F\u00e9licien Kabuga in France. Rwanda will continue to collaborate with the <a href=\"https:\/\/twitter.com\/unirmct?ref_src=twsrc%5Etfw\">@UNIRMCT<\/a> to ensure that justice is delivered. <a href=\"https:\/\/t.co\/fMSLlWqPFE\">pic.twitter.com\/fMSLlWqPFE<\/a><\/p>\n\n\n\n<p>&nbsp; Rwanda Prosecution (@ProsecutionRw) <a href=\"https:\/\/twitter.com\/ProsecutionRw\/status\/1261612603987636225?ref_src=twsrc%5Etfw\">May 16, 2020<\/a><\/p>\n\n\n\n<p>Sur Twitter, des questions sont aussi pos\u00e9es \u00e9galement. <strong><a href=\"http:\/\/twitter.com\/YolandeMakolo\/status\/1261598758447562752\" target=\"_blank\" rel=\"noreferrer noopener\">Yolande Makolo <\/a><\/strong>conseill\u00e8re du pr\u00e9sident Paul Kagam\u00e9, demande comment a-t-il pu se cacher aussi bien et pendant si longtemps. Nous le saurons peut-\u00eatre maintenant. Tandis que certains internautes pointent du doigt un lien privil\u00e9gi\u00e9 entre la France et les anciens g\u00e9nocidaires. Pas encore de r\u00e9actions officielles, en tout cas, que ce soit du c\u00f4t\u00e9 de la pr\u00e9sidence ou des diff\u00e9rents minist\u00e8res.<\/p>\n\n\n\n<p><strong>RFI<\/strong><\/p>\n","protected":false},"excerpt":{"rendered":"<p>F\u00e9licien Kabuga, consid\u00e9r\u00e9 comme le \u00ab&nbsp;financier&nbsp;\u00bb du g\u00e9nocide au Rwanda qui fit au moins 800&nbsp;000 morts en 1994 d&rsquo;apr\u00e8s l&rsquo;ONU, a \u00e9t\u00e9 arr\u00eat\u00e9 dans la matin\u00e9e de ce&nbsp;samedi 16 mai pr\u00e8s de Paris. Le parquet g\u00e9n\u00e9ral indique qu&rsquo;il r\u00e9sidait \u00e0 Asni\u00e8res-sur-Seine sous une fausse identit\u00e9. \u00c0 l&rsquo;issue d&rsquo;une op\u00e9ration men\u00e9e d\u00e8s l&rsquo;aube du samedi 16 [&hellip;]<\/p>\n","protected":false},"author":12,"featured_media":29221,"comment_status":"closed","ping_status":"closed","sticky":false,"template":"","format":"standard","meta":{"_exactmetrics_skip_tracking":false,"_exactmetrics_sitenote_active":false,"_exactmetrics_sitenote_note":"","_exactmetrics_sitenote_category":0,"tdm_status":"","tdm_grid_status":"","footnotes":""},"categories":[21],"tags":[],"class_list":{"0":"post-29220","1":"post","2":"type-post","3":"status-publish","4":"format-standard","5":"has-post-thumbnail","7":"category-international"},"yoast_head":"<!-- This site is optimized with the Yoast SEO plugin v24.2 - https:\/\/yoast.com\/wordpress\/plugins\/seo\/ -->\n<title>Le \u00abfinancier\u00bb pr\u00e9sum\u00e9 du g\u00e9nocide au Rwanda arr\u00eat\u00e9 pr\u00e8s de Paris | Guin\u00e9e Diversit\u00e9<\/title>\n<meta name=\"robots\" content=\"index, follow, max-snippet:-1, max-image-preview:large, max-video-preview:-1\" \/>\n<link rel=\"canonical\" href=\"https:\/\/guineediversite.com\/index.php\/2020\/05\/16\/le-financier-presume-du-genocide-au-rwanda-arrete-pres-de-paris\/\" \/>\n<meta property=\"og:locale\" content=\"fr_FR\" \/>\n<meta property=\"og:type\" content=\"article\" \/>\n<meta property=\"og:title\" content=\"Le \u00abfinancier\u00bb pr\u00e9sum\u00e9 du g\u00e9nocide au Rwanda arr\u00eat\u00e9 pr\u00e8s de Paris | Guin\u00e9e Diversit\u00e9\" \/>\n<meta property=\"og:description\" content=\"F\u00e9licien Kabuga, consid\u00e9r\u00e9 comme le \u00ab&nbsp;financier&nbsp;\u00bb du g\u00e9nocide au Rwanda qui fit au moins 800&nbsp;000 morts en 1994 d&rsquo;apr\u00e8s l&rsquo;ONU, a \u00e9t\u00e9 arr\u00eat\u00e9 dans la matin\u00e9e de ce&nbsp;samedi 16 mai pr\u00e8s de Paris. Le parquet g\u00e9n\u00e9ral indique qu&rsquo;il r\u00e9sidait \u00e0 Asni\u00e8res-sur-Seine sous une fausse identit\u00e9. \u00c0 l&rsquo;issue d&rsquo;une op\u00e9ration men\u00e9e d\u00e8s l&rsquo;aube du samedi 16 [&hellip;]\" \/>\n<meta property=\"og:url\" content=\"https:\/\/guineediversite.com\/index.php\/2020\/05\/16\/le-financier-presume-du-genocide-au-rwanda-arrete-pres-de-paris\/\" \/>\n<meta property=\"og:site_name\" content=\"Guin\u00e9e Diversit\u00e9\" \/>\n<meta property=\"article:publisher\" content=\"https:\/\/www.facebook.com\/guineediversite\/\" \/>\n<meta property=\"article:published_time\" content=\"2020-05-16T20:04:44+00:00\" \/>\n<meta property=\"article:modified_time\" content=\"2020-05-16T20:04:47+00:00\" \/>\n<meta property=\"og:image\" content=\"https:\/\/guineediversite.com\/wp-content\/uploads\/2020\/05\/RWANDA.jpg\" \/>\n\t<meta property=\"og:image:width\" content=\"1500\" \/>\n\t<meta property=\"og:image:height\" content=\"840\" \/>\n\t<meta property=\"og:image:type\" content=\"image\/jpeg\" \/>\n<meta name=\"author\" content=\"Guin\u00e9e Diversit\u00e9\" \/>\n<meta name=\"twitter:card\" content=\"summary_large_image\" \/>\n<meta name=\"twitter:creator\" content=\"@GuineeDiversite\" \/>\n<meta name=\"twitter:site\" content=\"@GuineeDiversite\" \/>\n<meta name=\"twitter:label1\" content=\"\u00c9crit par\" \/>\n\t<meta name=\"twitter:data1\" content=\"Guin\u00e9e Diversit\u00e9\" \/>\n\t<meta name=\"twitter:label2\" content=\"Dur\u00e9e de lecture estim\u00e9e\" \/>\n\t<meta name=\"twitter:data2\" content=\"4 minutes\" \/>\n<script type=\"application\/ld+json\" class=\"yoast-schema-graph\">{\"@context\":\"https:\/\/schema.org\",\"@graph\":[{\"@type\":\"Article\",\"@id\":\"https:\/\/guineediversite.com\/index.php\/2020\/05\/16\/le-financier-presume-du-genocide-au-rwanda-arrete-pres-de-paris\/#article\",\"isPartOf\":{\"@id\":\"https:\/\/guineediversite.com\/index.php\/2020\/05\/16\/le-financier-presume-du-genocide-au-rwanda-arrete-pres-de-paris\/\"},\"author\":{\"name\":\"Guin\u00e9e Diversit\u00e9\",\"@id\":\"https:\/\/guineediversite.com\/#\/schema\/person\/afa08fb34e7fc6e1feafc892612bc836\"},\"headline\":\"Le \u00abfinancier\u00bb pr\u00e9sum\u00e9 du g\u00e9nocide au Rwanda arr\u00eat\u00e9 pr\u00e8s de Paris\",\"datePublished\":\"2020-05-16T20:04:44+00:00\",\"dateModified\":\"2020-05-16T20:04:47+00:00\",\"mainEntityOfPage\":{\"@id\":\"https:\/\/guineediversite.com\/index.php\/2020\/05\/16\/le-financier-presume-du-genocide-au-rwanda-arrete-pres-de-paris\/\"},\"wordCount\":870,\"publisher\":{\"@id\":\"https:\/\/guineediversite.com\/#organization\"},\"image\":{\"@id\":\"https:\/\/guineediversite.com\/index.php\/2020\/05\/16\/le-financier-presume-du-genocide-au-rwanda-arrete-pres-de-paris\/#primaryimage\"},\"thumbnailUrl\":\"https:\/\/guineediversite.com\/wp-content\/uploads\/2020\/05\/RWANDA.jpg\",\"articleSection\":[\"International\"],\"inLanguage\":\"fr-FR\"},{\"@type\":\"WebPage\",\"@id\":\"https:\/\/guineediversite.com\/index.php\/2020\/05\/16\/le-financier-presume-du-genocide-au-rwanda-arrete-pres-de-paris\/\",\"url\":\"https:\/\/guineediversite.com\/index.php\/2020\/05\/16\/le-financier-presume-du-genocide-au-rwanda-arrete-pres-de-paris\/\",\"name\":\"Le \u00abfinancier\u00bb pr\u00e9sum\u00e9 du g\u00e9nocide au Rwanda arr\u00eat\u00e9 pr\u00e8s de Paris | Guin\u00e9e Diversit\u00e9\",\"isPartOf\":{\"@id\":\"https:\/\/guineediversite.com\/#website\"},\"primaryImageOfPage\":{\"@id\":\"https:\/\/guineediversite.com\/index.php\/2020\/05\/16\/le-financier-presume-du-genocide-au-rwanda-arrete-pres-de-paris\/#primaryimage\"},\"image\":{\"@id\":\"https:\/\/guineediversite.com\/index.php\/2020\/05\/16\/le-financier-presume-du-genocide-au-rwanda-arrete-pres-de-paris\/#primaryimage\"},\"thumbnailUrl\":\"https:\/\/guineediversite.com\/wp-content\/uploads\/2020\/05\/RWANDA.jpg\",\"datePublished\":\"2020-05-16T20:04:44+00:00\",\"dateModified\":\"2020-05-16T20:04:47+00:00\",\"breadcrumb\":{\"@id\":\"https:\/\/guineediversite.com\/index.php\/2020\/05\/16\/le-financier-presume-du-genocide-au-rwanda-arrete-pres-de-paris\/#breadcrumb\"},\"inLanguage\":\"fr-FR\",\"potentialAction\":[{\"@type\":\"ReadAction\",\"target\":[\"https:\/\/guineediversite.com\/index.php\/2020\/05\/16\/le-financier-presume-du-genocide-au-rwanda-arrete-pres-de-paris\/\"]}]},{\"@type\":\"ImageObject\",\"inLanguage\":\"fr-FR\",\"@id\":\"https:\/\/guineediversite.com\/index.php\/2020\/05\/16\/le-financier-presume-du-genocide-au-rwanda-arrete-pres-de-paris\/#primaryimage\",\"url\":\"https:\/\/guineediversite.com\/wp-content\/uploads\/2020\/05\/RWANDA.jpg\",\"contentUrl\":\"https:\/\/guineediversite.com\/wp-content\/uploads\/2020\/05\/RWANDA.jpg\",\"width\":1500,\"height\":840},{\"@type\":\"BreadcrumbList\",\"@id\":\"https:\/\/guineediversite.com\/index.php\/2020\/05\/16\/le-financier-presume-du-genocide-au-rwanda-arrete-pres-de-paris\/#breadcrumb\",\"itemListElement\":[{\"@type\":\"ListItem\",\"position\":1,\"name\":\"Accueil\",\"item\":\"https:\/\/guineediversite.com\/\"},{\"@type\":\"ListItem\",\"position\":2,\"name\":\"Le \u00abfinancier\u00bb pr\u00e9sum\u00e9 du g\u00e9nocide au Rwanda arr\u00eat\u00e9 pr\u00e8s de Paris\"}]},{\"@type\":\"WebSite\",\"@id\":\"https:\/\/guineediversite.com\/#website\",\"url\":\"https:\/\/guineediversite.com\/\",\"name\":\"Guin\u00e9e Diversit\u00e9\",\"description\":\"L&#039;Info dans toute sa diversit\u00e9\",\"publisher\":{\"@id\":\"https:\/\/guineediversite.com\/#organization\"},\"potentialAction\":[{\"@type\":\"SearchAction\",\"target\":{\"@type\":\"EntryPoint\",\"urlTemplate\":\"https:\/\/guineediversite.com\/?s={search_term_string}\"},\"query-input\":{\"@type\":\"PropertyValueSpecification\",\"valueRequired\":true,\"valueName\":\"search_term_string\"}}],\"inLanguage\":\"fr-FR\"},{\"@type\":\"Organization\",\"@id\":\"https:\/\/guineediversite.com\/#organization\",\"name\":\"Guin\u00e9e Diversit\u00e9\",\"url\":\"https:\/\/guineediversite.com\/\",\"logo\":{\"@type\":\"ImageObject\",\"inLanguage\":\"fr-FR\",\"@id\":\"https:\/\/guineediversite.com\/#\/schema\/logo\/image\/\",\"url\":\"https:\/\/guineediversite.com\/wp-content\/uploads\/2017\/04\/cropped-1jojlxEOMkX9Wyqfhe43D6kjPOGqBBKmx3EwWJqZ0cMrFF54yM49.png\",\"contentUrl\":\"https:\/\/guineediversite.com\/wp-content\/uploads\/2017\/04\/cropped-1jojlxEOMkX9Wyqfhe43D6kjPOGqBBKmx3EwWJqZ0cMrFF54yM49.png\",\"width\":186,\"height\":112,\"caption\":\"Guin\u00e9e Diversit\u00e9\"},\"image\":{\"@id\":\"https:\/\/guineediversite.com\/#\/schema\/logo\/image\/\"},\"sameAs\":[\"https:\/\/www.facebook.com\/guineediversite\/\",\"https:\/\/x.com\/GuineeDiversite\",\"https:\/\/www.youtube.com\/channel\/UC8sUY16qelG5ge6_D5SB83g\"]},{\"@type\":\"Person\",\"@id\":\"https:\/\/guineediversite.com\/#\/schema\/person\/afa08fb34e7fc6e1feafc892612bc836\",\"name\":\"Guin\u00e9e Diversit\u00e9\",\"image\":{\"@type\":\"ImageObject\",\"inLanguage\":\"fr-FR\",\"@id\":\"https:\/\/guineediversite.com\/#\/schema\/person\/image\/\",\"url\":\"https:\/\/secure.gravatar.com\/avatar\/50d5eb5b390f8b65ac30ac6f898eb83a?s=96&d=mm&r=g\",\"contentUrl\":\"https:\/\/secure.gravatar.com\/avatar\/50d5eb5b390f8b65ac30ac6f898eb83a?s=96&d=mm&r=g\",\"caption\":\"Guin\u00e9e Diversit\u00e9\"},\"url\":\"https:\/\/guineediversite.com\/index.php\/author\/guineediversite\/\"}]}<\/script>\n<!-- \/ Yoast SEO plugin. -->","yoast_head_json":{"title":"Le \u00abfinancier\u00bb pr\u00e9sum\u00e9 du g\u00e9nocide au Rwanda arr\u00eat\u00e9 pr\u00e8s de Paris | Guin\u00e9e Diversit\u00e9","robots":{"index":"index","follow":"follow","max-snippet":"max-snippet:-1","max-image-preview":"max-image-preview:large","max-video-preview":"max-video-preview:-1"},"canonical":"https:\/\/guineediversite.com\/index.php\/2020\/05\/16\/le-financier-presume-du-genocide-au-rwanda-arrete-pres-de-paris\/","og_locale":"fr_FR","og_type":"article","og_title":"Le \u00abfinancier\u00bb pr\u00e9sum\u00e9 du g\u00e9nocide au Rwanda arr\u00eat\u00e9 pr\u00e8s de Paris | Guin\u00e9e Diversit\u00e9","og_description":"F\u00e9licien Kabuga, consid\u00e9r\u00e9 comme le \u00ab&nbsp;financier&nbsp;\u00bb du g\u00e9nocide au Rwanda qui fit au moins 800&nbsp;000 morts en 1994 d&rsquo;apr\u00e8s l&rsquo;ONU, a \u00e9t\u00e9 arr\u00eat\u00e9 dans la matin\u00e9e de ce&nbsp;samedi 16 mai pr\u00e8s de Paris. Le parquet g\u00e9n\u00e9ral indique qu&rsquo;il r\u00e9sidait \u00e0 Asni\u00e8res-sur-Seine sous une fausse identit\u00e9. \u00c0 l&rsquo;issue d&rsquo;une op\u00e9ration men\u00e9e d\u00e8s l&rsquo;aube du samedi 16 [&hellip;]","og_url":"https:\/\/guineediversite.com\/index.php\/2020\/05\/16\/le-financier-presume-du-genocide-au-rwanda-arrete-pres-de-paris\/","og_site_name":"Guin\u00e9e Diversit\u00e9","article_publisher":"https:\/\/www.facebook.com\/guineediversite\/","article_published_time":"2020-05-16T20:04:44+00:00","article_modified_time":"2020-05-16T20:04:47+00:00","og_image":[{"width":1500,"height":840,"url":"https:\/\/guineediversite.com\/wp-content\/uploads\/2020\/05\/RWANDA.jpg","type":"image\/jpeg"}],"author":"Guin\u00e9e Diversit\u00e9","twitter_card":"summary_large_image","twitter_creator":"@GuineeDiversite","twitter_site":"@GuineeDiversite","twitter_misc":{"\u00c9crit par":"Guin\u00e9e Diversit\u00e9","Dur\u00e9e de lecture estim\u00e9e":"4 minutes"},"schema":{"@context":"https:\/\/schema.org","@graph":[{"@type":"Article","@id":"https:\/\/guineediversite.com\/index.php\/2020\/05\/16\/le-financier-presume-du-genocide-au-rwanda-arrete-pres-de-paris\/#article","isPartOf":{"@id":"https:\/\/guineediversite.com\/index.php\/2020\/05\/16\/le-financier-presume-du-genocide-au-rwanda-arrete-pres-de-paris\/"},"author":{"name":"Guin\u00e9e Diversit\u00e9","@id":"https:\/\/guineediversite.com\/#\/schema\/person\/afa08fb34e7fc6e1feafc892612bc836"},"headline":"Le \u00abfinancier\u00bb pr\u00e9sum\u00e9 du g\u00e9nocide au Rwanda arr\u00eat\u00e9 pr\u00e8s de Paris","datePublished":"2020-05-16T20:04:44+00:00","dateModified":"2020-05-16T20:04:47+00:00","mainEntityOfPage":{"@id":"https:\/\/guineediversite.com\/index.php\/2020\/05\/16\/le-financier-presume-du-genocide-au-rwanda-arrete-pres-de-paris\/"},"wordCount":870,"publisher":{"@id":"https:\/\/guineediversite.com\/#organization"},"image":{"@id":"https:\/\/guineediversite.com\/index.php\/2020\/05\/16\/le-financier-presume-du-genocide-au-rwanda-arrete-pres-de-paris\/#primaryimage"},"thumbnailUrl":"https:\/\/guineediversite.com\/wp-content\/uploads\/2020\/05\/RWANDA.jpg","articleSection":["International"],"inLanguage":"fr-FR"},{"@type":"WebPage","@id":"https:\/\/guineediversite.com\/index.php\/2020\/05\/16\/le-financier-presume-du-genocide-au-rwanda-arrete-pres-de-paris\/","url":"https:\/\/guineediversite.com\/index.php\/2020\/05\/16\/le-financier-presume-du-genocide-au-rwanda-arrete-pres-de-paris\/","name":"Le \u00abfinancier\u00bb pr\u00e9sum\u00e9 du g\u00e9nocide au Rwanda arr\u00eat\u00e9 pr\u00e8s de Paris | Guin\u00e9e Diversit\u00e9","isPartOf":{"@id":"https:\/\/guineediversite.com\/#website"},"primaryImageOfPage":{"@id":"https:\/\/guineediversite.com\/index.php\/2020\/05\/16\/le-financier-presume-du-genocide-au-rwanda-arrete-pres-de-paris\/#primaryimage"},"image":{"@id":"https:\/\/guineediversite.com\/index.php\/2020\/05\/16\/le-financier-presume-du-genocide-au-rwanda-arrete-pres-de-paris\/#primaryimage"},"thumbnailUrl":"https:\/\/guineediversite.com\/wp-content\/uploads\/2020\/05\/RWANDA.jpg","datePublished":"2020-05-16T20:04:44+00:00","dateModified":"2020-05-16T20:04:47+00:00","breadcrumb":{"@id":"https:\/\/guineediversite.com\/index.php\/2020\/05\/16\/le-financier-presume-du-genocide-au-rwanda-arrete-pres-de-paris\/#breadcrumb"},"inLanguage":"fr-FR","potentialAction":[{"@type":"ReadAction","target":["https:\/\/guineediversite.com\/index.php\/2020\/05\/16\/le-financier-presume-du-genocide-au-rwanda-arrete-pres-de-paris\/"]}]},{"@type":"ImageObject","inLanguage":"fr-FR","@id":"https:\/\/guineediversite.com\/index.php\/2020\/05\/16\/le-financier-presume-du-genocide-au-rwanda-arrete-pres-de-paris\/#primaryimage","url":"https:\/\/guineediversite.com\/wp-content\/uploads\/2020\/05\/RWANDA.jpg","contentUrl":"https:\/\/guineediversite.com\/wp-content\/uploads\/2020\/05\/RWANDA.jpg","width":1500,"height":840},{"@type":"BreadcrumbList","@id":"https:\/\/guineediversite.com\/index.php\/2020\/05\/16\/le-financier-presume-du-genocide-au-rwanda-arrete-pres-de-paris\/#breadcrumb","itemListElement":[{"@type":"ListItem","position":1,"name":"Accueil","item":"https:\/\/guineediversite.com\/"},{"@type":"ListItem","position":2,"name":"Le \u00abfinancier\u00bb pr\u00e9sum\u00e9 du g\u00e9nocide au Rwanda arr\u00eat\u00e9 pr\u00e8s de Paris"}]},{"@type":"WebSite","@id":"https:\/\/guineediversite.com\/#website","url":"https:\/\/guineediversite.com\/","name":"Guin\u00e9e Diversit\u00e9","description":"L&#039;Info dans toute sa diversit\u00e9","publisher":{"@id":"https:\/\/guineediversite.com\/#organization"},"potentialAction":[{"@type":"SearchAction","target":{"@type":"EntryPoint","urlTemplate":"https:\/\/guineediversite.com\/?s={search_term_string}"},"query-input":{"@type":"PropertyValueSpecification","valueRequired":true,"valueName":"search_term_string"}}],"inLanguage":"fr-FR"},{"@type":"Organization","@id":"https:\/\/guineediversite.com\/#organization","name":"Guin\u00e9e Diversit\u00e9","url":"https:\/\/guineediversite.com\/","logo":{"@type":"ImageObject","inLanguage":"fr-FR","@id":"https:\/\/guineediversite.com\/#\/schema\/logo\/image\/","url":"https:\/\/guineediversite.com\/wp-content\/uploads\/2017\/04\/cropped-1jojlxEOMkX9Wyqfhe43D6kjPOGqBBKmx3EwWJqZ0cMrFF54yM49.png","contentUrl":"https:\/\/guineediversite.com\/wp-content\/uploads\/2017\/04\/cropped-1jojlxEOMkX9Wyqfhe43D6kjPOGqBBKmx3EwWJqZ0cMrFF54yM49.png","width":186,"height":112,"caption":"Guin\u00e9e Diversit\u00e9"},"image":{"@id":"https:\/\/guineediversite.com\/#\/schema\/logo\/image\/"},"sameAs":["https:\/\/www.facebook.com\/guineediversite\/","https:\/\/x.com\/GuineeDiversite","https:\/\/www.youtube.com\/channel\/UC8sUY16qelG5ge6_D5SB83g"]},{"@type":"Person","@id":"https:\/\/guineediversite.com\/#\/schema\/person\/afa08fb34e7fc6e1feafc892612bc836","name":"Guin\u00e9e Diversit\u00e9","image":{"@type":"ImageObject","inLanguage":"fr-FR","@id":"https:\/\/guineediversite.com\/#\/schema\/person\/image\/","url":"https:\/\/secure.gravatar.com\/avatar\/50d5eb5b390f8b65ac30ac6f898eb83a?s=96&d=mm&r=g","contentUrl":"https:\/\/secure.gravatar.com\/avatar\/50d5eb5b390f8b65ac30ac6f898eb83a?s=96&d=mm&r=g","caption":"Guin\u00e9e Diversit\u00e9"},"url":"https:\/\/guineediversite.com\/index.php\/author\/guineediversite\/"}]}},"_links":{"self":[{"href":"https:\/\/guineediversite.com\/index.php\/wp-json\/wp\/v2\/posts\/29220"}],"collection":[{"href":"https:\/\/guineediversite.com\/index.php\/wp-json\/wp\/v2\/posts"}],"about":[{"href":"https:\/\/guineediversite.com\/index.php\/wp-json\/wp\/v2\/types\/post"}],"author":[{"embeddable":true,"href":"https:\/\/guineediversite.com\/index.php\/wp-json\/wp\/v2\/users\/12"}],"replies":[{"embeddable":true,"href":"https:\/\/guineediversite.com\/index.php\/wp-json\/wp\/v2\/comments?post=29220"}],"version-history":[{"count":1,"href":"https:\/\/guineediversite.com\/index.php\/wp-json\/wp\/v2\/posts\/29220\/revisions"}],"predecessor-version":[{"id":29222,"href":"https:\/\/guineediversite.com\/index.php\/wp-json\/wp\/v2\/posts\/29220\/revisions\/29222"}],"wp:featuredmedia":[{"embeddable":true,"href":"https:\/\/guineediversite.com\/index.php\/wp-json\/wp\/v2\/media\/29221"}],"wp:attachment":[{"href":"https:\/\/guineediversite.com\/index.php\/wp-json\/wp\/v2\/media?parent=29220"}],"wp:term":[{"taxonomy":"category","embeddable":true,"href":"https:\/\/guineediversite.com\/index.php\/wp-json\/wp\/v2\/categories?post=29220"},{"taxonomy":"post_tag","embeddable":true,"href":"https:\/\/guineediversite.com\/index.php\/wp-json\/wp\/v2\/tags?post=29220"}],"curies":[{"name":"wp","href":"https:\/\/api.w.org\/{rel}","templated":true}]}}