{"id":29215,"date":"2020-05-16T01:03:09","date_gmt":"2020-05-15T23:03:09","guid":{"rendered":"https:\/\/guineediversite.com\/?p=29215"},"modified":"2020-05-16T01:03:14","modified_gmt":"2020-05-15T23:03:14","slug":"letat-durgence-peu-modifies-le-couvre-feu-passe-de-22-a-5h-du-matin-a-conakry-voici-lintegralite-de-ladresse-a-la-nation-du-president","status":"publish","type":"post","link":"https:\/\/guineediversite.com\/index.php\/2020\/05\/16\/letat-durgence-peu-modifies-le-couvre-feu-passe-de-22-a-5h-du-matin-a-conakry-voici-lintegralite-de-ladresse-a-la-nation-du-president\/","title":{"rendered":"L\u2019\u00c9tat d\u2019urgence peu modifi\u00e9s, \u00ab\u00a0le couvre-feu passe de 22 \u00e0 5h du matin \u00e0 Conakry\u00a0\u00bb. (Voici l&rsquo;int\u00e9gralit\u00e9 de l&rsquo;adresse \u00e0 la Nation du pr\u00e9sident)"},"content":{"rendered":"\n<p>Le chef de l\u2019Etat guin\u00e9en, Alpha Cond\u00e9, a dans son adresse \u00e0 la nation de ce vendredi sur les ondes des m\u00e9dias d\u2019Etat, annonc\u00e9 un all\u00e8gement des mesures, qui consiste \u00e0 endiguer cette pand\u00e9mie du covid-19.<\/p>\n\n\n\n<p>Dans son son discours, il dira ceci, \u00ab L\u2019Etat d\u2019urgence est reconduit pour un mois \u00e0 compter d\u2019aujourd\u2019hui. Le couvre-feu passe de 22H \u00e0 5H du matin (pour Conakry). Les interdictions de regroupements au-del\u00e0 de 20 personnes passent \u00e0 100 personnes\u2026 \u00bb A \u00e9nonc\u00e9 le pr\u00e9sident Cond\u00e9.<\/p>\n\n\n\n<p>A pr\u00e9cis\u00e9 que, les mesures d\u2019urgences sanitaires va se poursuivre jusqu\u2019au 15 juin prochain. &nbsp;<\/p>\n\n\n\n<p>\u00a0\u00bb<strong>L\u2019int\u00e9gralit\u00e9 de l\u2019adresse \u00e0 la Nation du pr\u00e9sident Cond\u00e9<\/strong>\u00a0\u00bb<\/p>\n\n\n\n<p><strong>Conakry, 15 mai 2020 \u2013&nbsp;<\/strong>Guin\u00e9ennes, Guin\u00e9ens, mes chers compatriotes,<\/p>\n\n\n\n<p>Je viens devant vous pour faire le point de notre combat commun contre le COVID-19, \u00e0 l\u2019instar des autres pays du monde confront\u00e9s \u00e0 cette pand\u00e9mie.<\/p>\n\n\n\n<p>Depuis l\u2019apparition du premier cas de coronavirus, le 16 mars dernier, le Gouvernement et les populations guin\u00e9ennes se sont investis dans un plan de riposte pour endiguer cette \u00e9pid\u00e9mie.<\/p>\n\n\n\n<p>Les premi\u00e8res mesures d\u2019urgence ont \u00e9t\u00e9 prises, suivies de la d\u00e9claration de l\u2019\u00e9tat d\u2019urgence le 26 mars 2020 et accompagn\u00e9e de nouvelles mesures sanitaires.<\/p>\n\n\n\n<p>Ces mesures ont \u00e9t\u00e9 amend\u00e9es le 14 avril 2020, avec notamment la fermeture des \u00e9coles, des universit\u00e9s, des bars et des lieux de culte sur l\u2019ensemble du territoire national.<\/p>\n\n\n\n<p>Le port du masque a \u00e9t\u00e9 rendu obligatoire. J\u2019ai moi-m\u00eame fait confectionner deux millions de masques r\u00e9utilisables, par nos couturi\u00e8res et couturiers qui sont en cours de distribution gratuite.<\/p>\n\n\n\n<p>A date, nous avons 11.100 personnes test\u00e9es, nous d\u00e9nombrons 2.531 cas positifs soit 23 %, 1.094 gu\u00e9ris et d\u00e9plorons le d\u00e9c\u00e8s de 15 patients.<\/p>\n\n\n\n<p>Notre politique actuelle est de proc\u00e9der \u00e0 un d\u00e9pistage massif, afin d\u2019isoler tous les cas positifs \u00e9ventuels et en m\u00eame temps \u00e9viter qu\u2019ils ne contaminent les personnes ayants d\u2019autres maladies graves ainsi que les vielles personnes et les femmes enceintes.&nbsp;<\/p>\n\n\n\n<p>Ces chiffres confirment que le combat n\u2019est pas encore gagn\u00e9 et que nous devons redoubler d\u2019efforts et de vigilance.<\/p>\n\n\n\n<p>Cependant, il est important de souligner qu\u2019en terme de r\u00e9sultat, nous pouvons \u00eatre fiers du travail accompli ensemble puisque la Guin\u00e9e aujourd\u2019hui enregistre l\u2019un des plus faible taux de d\u00e9c\u00e8s de toute la sous-r\u00e9gion et un des plus bas au monde avec un chiffre de 0,59% de victimes par rapport au nombre de cas infect\u00e9s, quand cette triste moyenne s\u2019\u00e9l\u00e8ve \u00e0 6,77 au plan mondial.<\/p>\n\n\n\n<p>C\u2019est le lieu pour moi de pr\u00e9senter toute ma compassion et mes plus sinc\u00e8res condol\u00e9ances aux familles endeuill\u00e9es et de souhaiter un prompt r\u00e9tablissement aux malades.<\/p>\n\n\n\n<p>Je renouvelle mes encouragements \u00e0 tous les intervenants dans la riposte que sont : le personnel soignant, l\u2019ANSS, les forces de s\u00e9curit\u00e9, les partenaires techniques et financiers, les ONG et organisations de la soci\u00e9t\u00e9 civile, les entreprises publiques et priv\u00e9es, ainsi que toutes les personnes ressources.<\/p>\n\n\n\n<p>Je rends \u00e9galement hommage aux braves populations qui consentent d\u2019importants sacrifices dict\u00e9s par les imp\u00e9ratifs sanitaires actuels.<\/p>\n\n\n\n<p>Chers compatriotes,<\/p>\n\n\n\n<p>Nous constatons ainsi que l\u2019\u00e9pid\u00e9mie est toujours en progression dans notre pays, avec pour \u00e9picentre la ville de Conakry.<\/p>\n\n\n\n<p>A cet effet, les dispositions ont \u00e9t\u00e9 renforc\u00e9es pour rompre la cha\u00eene de contamination et garantir une meilleure prise en charge des patients. Aujourd\u2019hui, six centres de traitement \u00e9pid\u00e9miologique sont op\u00e9rationnels : Donka, Nongo, Camp Alpha Yaya Diallo, Matam, Kindia et la Maison centrale de Conakry. Et Gb\u00e9ssia qui sera&nbsp; fonctionnel ce week-end.<\/p>\n\n\n\n<p>D\u2019autre part, nous attendons incessamment l\u2019arriv\u00e9e d\u2019une assistance m\u00e9dicale Cubaine.<\/p>\n\n\n\n<p>La capacit\u00e9 de test des laboratoires, aujourd\u2019hui de 350 par jour, sera sensiblement am\u00e9lior\u00e9e avec des moyens garantissant 1000 tests par jour, gr\u00e2ce \u00e0 de nouveaux appareils attendus cette semaine.<\/p>\n\n\n\n<p>Le Conseil Scientifique de Riposte (CSR), mis en place au mois d\u2019avril dernier, contribue d\u00e9j\u00e0, par des avis motiv\u00e9s, \u00e0 orienter efficacement les d\u00e9cisions du Gouvernement.<\/p>\n\n\n\n<p>Guin\u00e9ennes, Guin\u00e9ens,<\/p>\n\n\n\n<p>L\u2019acuit\u00e9 du combat contre la pand\u00e9mie nous am\u00e8ne \u00e0 des choix difficiles au regard des contraintes qui p\u00e8sent sur la vie sociale et \u00e9conomique.<\/p>\n\n\n\n<p>Comment concilier la conduite du combat sanitaire avec l\u2019exigence de la pr\u00e9servation de la libert\u00e9 des citoyens et de la poursuite des activit\u00e9s \u00e9conomiques ? C\u2019est le dilemme qui se pose aujourd\u2019hui \u00e0 tous les Etats du monde.<\/p>\n\n\n\n<p>Apr\u00e8s consultation des diff\u00e9rents acteurs de la riposte contre la maladie \u00e0 coronavirus, j\u2019ai d\u00e9cid\u00e9 des nouvelles mesures ci-apr\u00e8s :<\/p>\n\n\n\n<p>\u2022&nbsp;&nbsp;&nbsp;&nbsp;&nbsp;&nbsp;&nbsp; L\u2019\u00e9tat d\u2019urgence est reconduit pour une dur\u00e9e d\u2019un mois \u00e0 compter de ce jour ;<\/p>\n\n\n\n<p>\u2022&nbsp;&nbsp;&nbsp;&nbsp;&nbsp;&nbsp;&nbsp; Le couvre-feu passe de 22 heures \u00e0 05 heures du matin pour la zone du Grand Conakry (Conakry, Coyah et Dubr\u00e9ka) et il est lev\u00e9 enti\u00e8rement pour l\u2019Int\u00e9rieur du pays, \u00e0 compter de ce jour ;<\/p>\n\n\n\n<p>\u2022&nbsp;&nbsp;&nbsp;&nbsp;&nbsp;&nbsp;&nbsp; En dehors des lieux autoris\u00e9s, la mesure relative au rassemblement des personnes \u00e0 l\u2019Int\u00e9rieur du pays est all\u00e9g\u00e9e avec les regroupements passant de 20 \u00e0 30 personnes au maximum, \u00e0 compter de ce jour ;<\/p>\n\n\n\n<p>\u2022&nbsp;&nbsp;&nbsp;&nbsp;&nbsp;&nbsp;&nbsp; Bien entendu ces mesures d\u2019exception seront ajust\u00e9s si n\u00e9cessaires.<\/p>\n\n\n\n<p>Les autres dispositions relatives \u00e0 l\u2019\u00e9tat d\u2019urgence sanitaire restent en vigueur.<\/p>\n\n\n\n<p>Par ailleurs, j\u2019instruis le Gouvernement \u00e0 suivre attentivement l\u2019impact de la crise sanitaire sur la vie \u00e9conomique et sociale. Il est imp\u00e9ratif d\u2019\u00e9largir et de renforcer le soutien aux populations et aux secteurs \u00e9conomiques sinistr\u00e9s.<\/p>\n\n\n\n<p>Par exemple dans le secteur agricole, nos concitoyens qui ont subi d\u2019importantes pertes dans les fili\u00e8res de l\u2019anacarde, l\u2019ananas et des pommes de terre doivent \u00eatre soutenus.<\/p>\n\n\n\n<p>Je suis profond\u00e9ment sensible aux conditions difficiles dues au COVID-19 dans lesquelles vivent certains de nos compatriotes \u00e0 l\u2019Etranger, qu\u2019il s\u2019agisse des r\u00e9sidents, des \u00e9tudiants ou de ceux qui y sont bloqu\u00e9s \u00e0 la suite de la fermeture des fronti\u00e8res.<\/p>\n\n\n\n<p>A ce propos, j\u2019ai instruit le Gouvernement \u00e0 prendre toutes les dispositions n\u00e9cessaires et utiles en vue d\u2019apporter une assistance financi\u00e8re et exprimer notre solidarit\u00e9 aux familles des victimes guin\u00e9ennes du coronavirus \u00e0 l\u2019Etranger, ainsi qu\u2019\u00e0 la poursuite des op\u00e9rations de rapatriement volontaire de nos compatriotes, \u00e0 travers des vols humanitaires.<\/p>\n\n\n\n<p>Toutefois, ces op\u00e9rations de rapatriement doivent ob\u00e9ir \u00e0 des crit\u00e8res stricts afin de pr\u00e9server la s\u00e9curit\u00e9 sanitaire de l\u2019ensemble des populations.&nbsp;<\/p>\n\n\n\n<p>Chers compatriotes,<\/p>\n\n\n\n<p>Nous avons \u00e9t\u00e9 malheureusement endeuill\u00e9s par des pertes en vies humaines, le 12 mai dernier \u00e0 Coyah, Dubr\u00e9ka et Kamsar.<\/p>\n\n\n\n<p>Ces \u00e9v\u00e8nements douloureux posent une fois de plus la question de la violence lors des mouvements sociaux et politiques dans notre pays.<\/p>\n\n\n\n<p>J\u2019exhorte la Justice \u00e0 faire la lumi\u00e8re sur ces faits graves et \u00e0 en tirer toutes les cons\u00e9quences judiciaires.<\/p>\n\n\n\n<p>J\u2019en appelle \u00e0 la discipline et \u00e0 l\u2019esprit civique de tous les citoyens. Chacun doit comprendre que les restrictions d\u2019aujourd\u2019hui sont dict\u00e9es par les exigences de sant\u00e9 publique.<\/p>\n\n\n\n<p>Nous devons les accepter et les respecter pour vaincre la pand\u00e9mie et permettre une sortie rapide de cette crise.<\/p>\n\n\n\n<p>Les forces de s\u00e9curit\u00e9 sont charg\u00e9es de garantir l\u2019observation stricte de ces instructions dans la discipline et le respect de la loi.<\/p>\n\n\n\n<p>Guin\u00e9ennes, Guin\u00e9ens,<\/p>\n\n\n\n<p>J\u2019ai confiance en la capacit\u00e9 de notre peuple \u00e0 surmonter cette \u00e9preuve. Nous y parviendrons dans la solidarit\u00e9 et la coh\u00e9sion nationale.<\/p>\n\n\n\n<p>Selon le Fmi, la Guin\u00e9e fait partie des 5 pays qui s\u2019en sortiront au mieux en 2021. Mais cela suppose que nous renforcions notre agriculture et notre agrobusiness. Nous devons donc tout mettre en \u0153uvre pour qu\u2019en aucun cas cette maladie n\u2019atteigne les r\u00e9gions de l\u2019Int\u00e9rieur qui sont les zones de production, parce que&nbsp; nous devons nourrir notre population. Cette maladie nous cause beaucoup de pr\u00e9judices graves mais ce qui l\u2019est encore plus, ce sont les cons\u00e9quences \u00e9conomiques et sociales qui peuvent entrainer un appauvrissement grave. C\u2019est pourquoi tout le monde doit accepter ces mesures qui sont dures mais qui sont les seuls moyens de nous en sortir, de faire progresser notre \u00e9conomie et de faire r\u00e9duire la pauvret\u00e9.<\/p>\n\n\n\n<p>Je vous remercie !<\/p>\n","protected":false},"excerpt":{"rendered":"<p>Le chef de l\u2019Etat guin\u00e9en, Alpha Cond\u00e9, a dans son adresse \u00e0 la nation de ce vendredi sur les ondes des m\u00e9dias d\u2019Etat, annonc\u00e9 un all\u00e8gement des mesures, qui consiste \u00e0 endiguer cette pand\u00e9mie du covid-19. Dans son son discours, il dira ceci, \u00ab L\u2019Etat d\u2019urgence est reconduit pour un mois \u00e0 compter d\u2019aujourd\u2019hui. Le [&hellip;]<\/p>\n","protected":false},"author":12,"featured_media":29216,"comment_status":"closed","ping_status":"closed","sticky":false,"template":"","format":"standard","meta":{"_exactmetrics_skip_tracking":false,"_exactmetrics_sitenote_active":false,"_exactmetrics_sitenote_note":"","_exactmetrics_sitenote_category":0,"tdm_status":"","tdm_grid_status":"","footnotes":""},"categories":[254,14],"tags":[],"class_list":{"0":"post-29215","1":"post","2":"type-post","3":"status-publish","4":"format-standard","5":"has-post-thumbnail","7":"category-derniere-minute","8":"category-politique"},"yoast_head":"<!-- This site is optimized with the Yoast SEO plugin v24.2 - https:\/\/yoast.com\/wordpress\/plugins\/seo\/ -->\n<title>L\u2019\u00c9tat d\u2019urgence peu modifi\u00e9s, &quot;le couvre-feu passe de 22 \u00e0 5h du matin \u00e0 Conakry&quot;. (Voici l&#039;int\u00e9gralit\u00e9 de l&#039;adresse \u00e0 la Nation du pr\u00e9sident) | Guin\u00e9e Diversit\u00e9<\/title>\n<meta name=\"robots\" content=\"index, follow, max-snippet:-1, max-image-preview:large, max-video-preview:-1\" \/>\n<link rel=\"canonical\" href=\"https:\/\/guineediversite.com\/index.php\/2020\/05\/16\/letat-durgence-peu-modifies-le-couvre-feu-passe-de-22-a-5h-du-matin-a-conakry-voici-lintegralite-de-ladresse-a-la-nation-du-president\/\" \/>\n<meta property=\"og:locale\" content=\"fr_FR\" \/>\n<meta property=\"og:type\" content=\"article\" \/>\n<meta property=\"og:title\" content=\"L\u2019\u00c9tat d\u2019urgence peu modifi\u00e9s, &quot;le couvre-feu passe de 22 \u00e0 5h du matin \u00e0 Conakry&quot;. (Voici l&#039;int\u00e9gralit\u00e9 de l&#039;adresse \u00e0 la Nation du pr\u00e9sident) | Guin\u00e9e Diversit\u00e9\" \/>\n<meta property=\"og:description\" content=\"Le chef de l\u2019Etat guin\u00e9en, Alpha Cond\u00e9, a dans son adresse \u00e0 la nation de ce vendredi sur les ondes des m\u00e9dias d\u2019Etat, annonc\u00e9 un all\u00e8gement des mesures, qui consiste \u00e0 endiguer cette pand\u00e9mie du covid-19. Dans son son discours, il dira ceci, \u00ab L\u2019Etat d\u2019urgence est reconduit pour un mois \u00e0 compter d\u2019aujourd\u2019hui. Le [&hellip;]\" \/>\n<meta property=\"og:url\" content=\"https:\/\/guineediversite.com\/index.php\/2020\/05\/16\/letat-durgence-peu-modifies-le-couvre-feu-passe-de-22-a-5h-du-matin-a-conakry-voici-lintegralite-de-ladresse-a-la-nation-du-president\/\" \/>\n<meta property=\"og:site_name\" content=\"Guin\u00e9e Diversit\u00e9\" \/>\n<meta property=\"article:publisher\" content=\"https:\/\/www.facebook.com\/guineediversite\/\" \/>\n<meta property=\"article:published_time\" content=\"2020-05-15T23:03:09+00:00\" \/>\n<meta property=\"article:modified_time\" content=\"2020-05-15T23:03:14+00:00\" \/>\n<meta property=\"og:image\" content=\"https:\/\/guineediversite.com\/wp-content\/uploads\/2020\/05\/ALPHA-CONDE-2.jpg\" \/>\n\t<meta property=\"og:image:width\" content=\"1500\" \/>\n\t<meta property=\"og:image:height\" content=\"859\" \/>\n\t<meta property=\"og:image:type\" content=\"image\/jpeg\" \/>\n<meta name=\"author\" content=\"Guin\u00e9e Diversit\u00e9\" \/>\n<meta name=\"twitter:card\" content=\"summary_large_image\" \/>\n<meta name=\"twitter:creator\" content=\"@GuineeDiversite\" \/>\n<meta name=\"twitter:site\" content=\"@GuineeDiversite\" \/>\n<meta name=\"twitter:label1\" content=\"\u00c9crit par\" \/>\n\t<meta name=\"twitter:data1\" content=\"Guin\u00e9e Diversit\u00e9\" \/>\n\t<meta name=\"twitter:label2\" content=\"Dur\u00e9e de lecture estim\u00e9e\" \/>\n\t<meta name=\"twitter:data2\" content=\"7 minutes\" \/>\n<script type=\"application\/ld+json\" class=\"yoast-schema-graph\">{\"@context\":\"https:\/\/schema.org\",\"@graph\":[{\"@type\":\"Article\",\"@id\":\"https:\/\/guineediversite.com\/index.php\/2020\/05\/16\/letat-durgence-peu-modifies-le-couvre-feu-passe-de-22-a-5h-du-matin-a-conakry-voici-lintegralite-de-ladresse-a-la-nation-du-president\/#article\",\"isPartOf\":{\"@id\":\"https:\/\/guineediversite.com\/index.php\/2020\/05\/16\/letat-durgence-peu-modifies-le-couvre-feu-passe-de-22-a-5h-du-matin-a-conakry-voici-lintegralite-de-ladresse-a-la-nation-du-president\/\"},\"author\":{\"name\":\"Guin\u00e9e Diversit\u00e9\",\"@id\":\"https:\/\/guineediversite.com\/#\/schema\/person\/afa08fb34e7fc6e1feafc892612bc836\"},\"headline\":\"L\u2019\u00c9tat d\u2019urgence peu modifi\u00e9s, \u00ab\u00a0le couvre-feu passe de 22 \u00e0 5h du matin \u00e0 Conakry\u00a0\u00bb. (Voici l&rsquo;int\u00e9gralit\u00e9 de l&rsquo;adresse \u00e0 la Nation du pr\u00e9sident)\",\"datePublished\":\"2020-05-15T23:03:09+00:00\",\"dateModified\":\"2020-05-15T23:03:14+00:00\",\"mainEntityOfPage\":{\"@id\":\"https:\/\/guineediversite.com\/index.php\/2020\/05\/16\/letat-durgence-peu-modifies-le-couvre-feu-passe-de-22-a-5h-du-matin-a-conakry-voici-lintegralite-de-ladresse-a-la-nation-du-president\/\"},\"wordCount\":1452,\"publisher\":{\"@id\":\"https:\/\/guineediversite.com\/#organization\"},\"image\":{\"@id\":\"https:\/\/guineediversite.com\/index.php\/2020\/05\/16\/letat-durgence-peu-modifies-le-couvre-feu-passe-de-22-a-5h-du-matin-a-conakry-voici-lintegralite-de-ladresse-a-la-nation-du-president\/#primaryimage\"},\"thumbnailUrl\":\"https:\/\/guineediversite.com\/wp-content\/uploads\/2020\/05\/ALPHA-CONDE-2.jpg\",\"articleSection\":[\"Derni\u00e8re minute\",\"Politique\"],\"inLanguage\":\"fr-FR\"},{\"@type\":\"WebPage\",\"@id\":\"https:\/\/guineediversite.com\/index.php\/2020\/05\/16\/letat-durgence-peu-modifies-le-couvre-feu-passe-de-22-a-5h-du-matin-a-conakry-voici-lintegralite-de-ladresse-a-la-nation-du-president\/\",\"url\":\"https:\/\/guineediversite.com\/index.php\/2020\/05\/16\/letat-durgence-peu-modifies-le-couvre-feu-passe-de-22-a-5h-du-matin-a-conakry-voici-lintegralite-de-ladresse-a-la-nation-du-president\/\",\"name\":\"L\u2019\u00c9tat d\u2019urgence peu modifi\u00e9s, \\\"le couvre-feu passe de 22 \u00e0 5h du matin \u00e0 Conakry\\\". (Voici l'int\u00e9gralit\u00e9 de l'adresse \u00e0 la Nation du pr\u00e9sident) | Guin\u00e9e Diversit\u00e9\",\"isPartOf\":{\"@id\":\"https:\/\/guineediversite.com\/#website\"},\"primaryImageOfPage\":{\"@id\":\"https:\/\/guineediversite.com\/index.php\/2020\/05\/16\/letat-durgence-peu-modifies-le-couvre-feu-passe-de-22-a-5h-du-matin-a-conakry-voici-lintegralite-de-ladresse-a-la-nation-du-president\/#primaryimage\"},\"image\":{\"@id\":\"https:\/\/guineediversite.com\/index.php\/2020\/05\/16\/letat-durgence-peu-modifies-le-couvre-feu-passe-de-22-a-5h-du-matin-a-conakry-voici-lintegralite-de-ladresse-a-la-nation-du-president\/#primaryimage\"},\"thumbnailUrl\":\"https:\/\/guineediversite.com\/wp-content\/uploads\/2020\/05\/ALPHA-CONDE-2.jpg\",\"datePublished\":\"2020-05-15T23:03:09+00:00\",\"dateModified\":\"2020-05-15T23:03:14+00:00\",\"breadcrumb\":{\"@id\":\"https:\/\/guineediversite.com\/index.php\/2020\/05\/16\/letat-durgence-peu-modifies-le-couvre-feu-passe-de-22-a-5h-du-matin-a-conakry-voici-lintegralite-de-ladresse-a-la-nation-du-president\/#breadcrumb\"},\"inLanguage\":\"fr-FR\",\"potentialAction\":[{\"@type\":\"ReadAction\",\"target\":[\"https:\/\/guineediversite.com\/index.php\/2020\/05\/16\/letat-durgence-peu-modifies-le-couvre-feu-passe-de-22-a-5h-du-matin-a-conakry-voici-lintegralite-de-ladresse-a-la-nation-du-president\/\"]}]},{\"@type\":\"ImageObject\",\"inLanguage\":\"fr-FR\",\"@id\":\"https:\/\/guineediversite.com\/index.php\/2020\/05\/16\/letat-durgence-peu-modifies-le-couvre-feu-passe-de-22-a-5h-du-matin-a-conakry-voici-lintegralite-de-ladresse-a-la-nation-du-president\/#primaryimage\",\"url\":\"https:\/\/guineediversite.com\/wp-content\/uploads\/2020\/05\/ALPHA-CONDE-2.jpg\",\"contentUrl\":\"https:\/\/guineediversite.com\/wp-content\/uploads\/2020\/05\/ALPHA-CONDE-2.jpg\",\"width\":1500,\"height\":859},{\"@type\":\"BreadcrumbList\",\"@id\":\"https:\/\/guineediversite.com\/index.php\/2020\/05\/16\/letat-durgence-peu-modifies-le-couvre-feu-passe-de-22-a-5h-du-matin-a-conakry-voici-lintegralite-de-ladresse-a-la-nation-du-president\/#breadcrumb\",\"itemListElement\":[{\"@type\":\"ListItem\",\"position\":1,\"name\":\"Accueil\",\"item\":\"https:\/\/guineediversite.com\/\"},{\"@type\":\"ListItem\",\"position\":2,\"name\":\"L\u2019\u00c9tat d\u2019urgence peu modifi\u00e9s, \u00ab\u00a0le couvre-feu passe de 22 \u00e0 5h du matin \u00e0 Conakry\u00a0\u00bb. (Voici l&rsquo;int\u00e9gralit\u00e9 de l&rsquo;adresse \u00e0 la Nation du pr\u00e9sident)\"}]},{\"@type\":\"WebSite\",\"@id\":\"https:\/\/guineediversite.com\/#website\",\"url\":\"https:\/\/guineediversite.com\/\",\"name\":\"Guin\u00e9e Diversit\u00e9\",\"description\":\"L&#039;Info dans toute sa diversit\u00e9\",\"publisher\":{\"@id\":\"https:\/\/guineediversite.com\/#organization\"},\"potentialAction\":[{\"@type\":\"SearchAction\",\"target\":{\"@type\":\"EntryPoint\",\"urlTemplate\":\"https:\/\/guineediversite.com\/?s={search_term_string}\"},\"query-input\":{\"@type\":\"PropertyValueSpecification\",\"valueRequired\":true,\"valueName\":\"search_term_string\"}}],\"inLanguage\":\"fr-FR\"},{\"@type\":\"Organization\",\"@id\":\"https:\/\/guineediversite.com\/#organization\",\"name\":\"Guin\u00e9e Diversit\u00e9\",\"url\":\"https:\/\/guineediversite.com\/\",\"logo\":{\"@type\":\"ImageObject\",\"inLanguage\":\"fr-FR\",\"@id\":\"https:\/\/guineediversite.com\/#\/schema\/logo\/image\/\",\"url\":\"https:\/\/guineediversite.com\/wp-content\/uploads\/2017\/04\/cropped-1jojlxEOMkX9Wyqfhe43D6kjPOGqBBKmx3EwWJqZ0cMrFF54yM49.png\",\"contentUrl\":\"https:\/\/guineediversite.com\/wp-content\/uploads\/2017\/04\/cropped-1jojlxEOMkX9Wyqfhe43D6kjPOGqBBKmx3EwWJqZ0cMrFF54yM49.png\",\"width\":186,\"height\":112,\"caption\":\"Guin\u00e9e Diversit\u00e9\"},\"image\":{\"@id\":\"https:\/\/guineediversite.com\/#\/schema\/logo\/image\/\"},\"sameAs\":[\"https:\/\/www.facebook.com\/guineediversite\/\",\"https:\/\/x.com\/GuineeDiversite\",\"https:\/\/www.youtube.com\/channel\/UC8sUY16qelG5ge6_D5SB83g\"]},{\"@type\":\"Person\",\"@id\":\"https:\/\/guineediversite.com\/#\/schema\/person\/afa08fb34e7fc6e1feafc892612bc836\",\"name\":\"Guin\u00e9e Diversit\u00e9\",\"image\":{\"@type\":\"ImageObject\",\"inLanguage\":\"fr-FR\",\"@id\":\"https:\/\/guineediversite.com\/#\/schema\/person\/image\/\",\"url\":\"https:\/\/secure.gravatar.com\/avatar\/50d5eb5b390f8b65ac30ac6f898eb83a?s=96&d=mm&r=g\",\"contentUrl\":\"https:\/\/secure.gravatar.com\/avatar\/50d5eb5b390f8b65ac30ac6f898eb83a?s=96&d=mm&r=g\",\"caption\":\"Guin\u00e9e Diversit\u00e9\"},\"url\":\"https:\/\/guineediversite.com\/index.php\/author\/guineediversite\/\"}]}<\/script>\n<!-- \/ Yoast SEO plugin. -->","yoast_head_json":{"title":"L\u2019\u00c9tat d\u2019urgence peu modifi\u00e9s, \"le couvre-feu passe de 22 \u00e0 5h du matin \u00e0 Conakry\". (Voici l'int\u00e9gralit\u00e9 de l'adresse \u00e0 la Nation du pr\u00e9sident) | Guin\u00e9e Diversit\u00e9","robots":{"index":"index","follow":"follow","max-snippet":"max-snippet:-1","max-image-preview":"max-image-preview:large","max-video-preview":"max-video-preview:-1"},"canonical":"https:\/\/guineediversite.com\/index.php\/2020\/05\/16\/letat-durgence-peu-modifies-le-couvre-feu-passe-de-22-a-5h-du-matin-a-conakry-voici-lintegralite-de-ladresse-a-la-nation-du-president\/","og_locale":"fr_FR","og_type":"article","og_title":"L\u2019\u00c9tat d\u2019urgence peu modifi\u00e9s, \"le couvre-feu passe de 22 \u00e0 5h du matin \u00e0 Conakry\". (Voici l'int\u00e9gralit\u00e9 de l'adresse \u00e0 la Nation du pr\u00e9sident) | Guin\u00e9e Diversit\u00e9","og_description":"Le chef de l\u2019Etat guin\u00e9en, Alpha Cond\u00e9, a dans son adresse \u00e0 la nation de ce vendredi sur les ondes des m\u00e9dias d\u2019Etat, annonc\u00e9 un all\u00e8gement des mesures, qui consiste \u00e0 endiguer cette pand\u00e9mie du covid-19. Dans son son discours, il dira ceci, \u00ab L\u2019Etat d\u2019urgence est reconduit pour un mois \u00e0 compter d\u2019aujourd\u2019hui. Le [&hellip;]","og_url":"https:\/\/guineediversite.com\/index.php\/2020\/05\/16\/letat-durgence-peu-modifies-le-couvre-feu-passe-de-22-a-5h-du-matin-a-conakry-voici-lintegralite-de-ladresse-a-la-nation-du-president\/","og_site_name":"Guin\u00e9e Diversit\u00e9","article_publisher":"https:\/\/www.facebook.com\/guineediversite\/","article_published_time":"2020-05-15T23:03:09+00:00","article_modified_time":"2020-05-15T23:03:14+00:00","og_image":[{"width":1500,"height":859,"url":"https:\/\/guineediversite.com\/wp-content\/uploads\/2020\/05\/ALPHA-CONDE-2.jpg","type":"image\/jpeg"}],"author":"Guin\u00e9e Diversit\u00e9","twitter_card":"summary_large_image","twitter_creator":"@GuineeDiversite","twitter_site":"@GuineeDiversite","twitter_misc":{"\u00c9crit par":"Guin\u00e9e Diversit\u00e9","Dur\u00e9e de lecture estim\u00e9e":"7 minutes"},"schema":{"@context":"https:\/\/schema.org","@graph":[{"@type":"Article","@id":"https:\/\/guineediversite.com\/index.php\/2020\/05\/16\/letat-durgence-peu-modifies-le-couvre-feu-passe-de-22-a-5h-du-matin-a-conakry-voici-lintegralite-de-ladresse-a-la-nation-du-president\/#article","isPartOf":{"@id":"https:\/\/guineediversite.com\/index.php\/2020\/05\/16\/letat-durgence-peu-modifies-le-couvre-feu-passe-de-22-a-5h-du-matin-a-conakry-voici-lintegralite-de-ladresse-a-la-nation-du-president\/"},"author":{"name":"Guin\u00e9e Diversit\u00e9","@id":"https:\/\/guineediversite.com\/#\/schema\/person\/afa08fb34e7fc6e1feafc892612bc836"},"headline":"L\u2019\u00c9tat d\u2019urgence peu modifi\u00e9s, \u00ab\u00a0le couvre-feu passe de 22 \u00e0 5h du matin \u00e0 Conakry\u00a0\u00bb. (Voici l&rsquo;int\u00e9gralit\u00e9 de l&rsquo;adresse \u00e0 la Nation du pr\u00e9sident)","datePublished":"2020-05-15T23:03:09+00:00","dateModified":"2020-05-15T23:03:14+00:00","mainEntityOfPage":{"@id":"https:\/\/guineediversite.com\/index.php\/2020\/05\/16\/letat-durgence-peu-modifies-le-couvre-feu-passe-de-22-a-5h-du-matin-a-conakry-voici-lintegralite-de-ladresse-a-la-nation-du-president\/"},"wordCount":1452,"publisher":{"@id":"https:\/\/guineediversite.com\/#organization"},"image":{"@id":"https:\/\/guineediversite.com\/index.php\/2020\/05\/16\/letat-durgence-peu-modifies-le-couvre-feu-passe-de-22-a-5h-du-matin-a-conakry-voici-lintegralite-de-ladresse-a-la-nation-du-president\/#primaryimage"},"thumbnailUrl":"https:\/\/guineediversite.com\/wp-content\/uploads\/2020\/05\/ALPHA-CONDE-2.jpg","articleSection":["Derni\u00e8re minute","Politique"],"inLanguage":"fr-FR"},{"@type":"WebPage","@id":"https:\/\/guineediversite.com\/index.php\/2020\/05\/16\/letat-durgence-peu-modifies-le-couvre-feu-passe-de-22-a-5h-du-matin-a-conakry-voici-lintegralite-de-ladresse-a-la-nation-du-president\/","url":"https:\/\/guineediversite.com\/index.php\/2020\/05\/16\/letat-durgence-peu-modifies-le-couvre-feu-passe-de-22-a-5h-du-matin-a-conakry-voici-lintegralite-de-ladresse-a-la-nation-du-president\/","name":"L\u2019\u00c9tat d\u2019urgence peu modifi\u00e9s, \"le couvre-feu passe de 22 \u00e0 5h du matin \u00e0 Conakry\". (Voici l'int\u00e9gralit\u00e9 de l'adresse \u00e0 la Nation du pr\u00e9sident) | Guin\u00e9e Diversit\u00e9","isPartOf":{"@id":"https:\/\/guineediversite.com\/#website"},"primaryImageOfPage":{"@id":"https:\/\/guineediversite.com\/index.php\/2020\/05\/16\/letat-durgence-peu-modifies-le-couvre-feu-passe-de-22-a-5h-du-matin-a-conakry-voici-lintegralite-de-ladresse-a-la-nation-du-president\/#primaryimage"},"image":{"@id":"https:\/\/guineediversite.com\/index.php\/2020\/05\/16\/letat-durgence-peu-modifies-le-couvre-feu-passe-de-22-a-5h-du-matin-a-conakry-voici-lintegralite-de-ladresse-a-la-nation-du-president\/#primaryimage"},"thumbnailUrl":"https:\/\/guineediversite.com\/wp-content\/uploads\/2020\/05\/ALPHA-CONDE-2.jpg","datePublished":"2020-05-15T23:03:09+00:00","dateModified":"2020-05-15T23:03:14+00:00","breadcrumb":{"@id":"https:\/\/guineediversite.com\/index.php\/2020\/05\/16\/letat-durgence-peu-modifies-le-couvre-feu-passe-de-22-a-5h-du-matin-a-conakry-voici-lintegralite-de-ladresse-a-la-nation-du-president\/#breadcrumb"},"inLanguage":"fr-FR","potentialAction":[{"@type":"ReadAction","target":["https:\/\/guineediversite.com\/index.php\/2020\/05\/16\/letat-durgence-peu-modifies-le-couvre-feu-passe-de-22-a-5h-du-matin-a-conakry-voici-lintegralite-de-ladresse-a-la-nation-du-president\/"]}]},{"@type":"ImageObject","inLanguage":"fr-FR","@id":"https:\/\/guineediversite.com\/index.php\/2020\/05\/16\/letat-durgence-peu-modifies-le-couvre-feu-passe-de-22-a-5h-du-matin-a-conakry-voici-lintegralite-de-ladresse-a-la-nation-du-president\/#primaryimage","url":"https:\/\/guineediversite.com\/wp-content\/uploads\/2020\/05\/ALPHA-CONDE-2.jpg","contentUrl":"https:\/\/guineediversite.com\/wp-content\/uploads\/2020\/05\/ALPHA-CONDE-2.jpg","width":1500,"height":859},{"@type":"BreadcrumbList","@id":"https:\/\/guineediversite.com\/index.php\/2020\/05\/16\/letat-durgence-peu-modifies-le-couvre-feu-passe-de-22-a-5h-du-matin-a-conakry-voici-lintegralite-de-ladresse-a-la-nation-du-president\/#breadcrumb","itemListElement":[{"@type":"ListItem","position":1,"name":"Accueil","item":"https:\/\/guineediversite.com\/"},{"@type":"ListItem","position":2,"name":"L\u2019\u00c9tat d\u2019urgence peu modifi\u00e9s, \u00ab\u00a0le couvre-feu passe de 22 \u00e0 5h du matin \u00e0 Conakry\u00a0\u00bb. (Voici l&rsquo;int\u00e9gralit\u00e9 de l&rsquo;adresse \u00e0 la Nation du pr\u00e9sident)"}]},{"@type":"WebSite","@id":"https:\/\/guineediversite.com\/#website","url":"https:\/\/guineediversite.com\/","name":"Guin\u00e9e Diversit\u00e9","description":"L&#039;Info dans toute sa diversit\u00e9","publisher":{"@id":"https:\/\/guineediversite.com\/#organization"},"potentialAction":[{"@type":"SearchAction","target":{"@type":"EntryPoint","urlTemplate":"https:\/\/guineediversite.com\/?s={search_term_string}"},"query-input":{"@type":"PropertyValueSpecification","valueRequired":true,"valueName":"search_term_string"}}],"inLanguage":"fr-FR"},{"@type":"Organization","@id":"https:\/\/guineediversite.com\/#organization","name":"Guin\u00e9e Diversit\u00e9","url":"https:\/\/guineediversite.com\/","logo":{"@type":"ImageObject","inLanguage":"fr-FR","@id":"https:\/\/guineediversite.com\/#\/schema\/logo\/image\/","url":"https:\/\/guineediversite.com\/wp-content\/uploads\/2017\/04\/cropped-1jojlxEOMkX9Wyqfhe43D6kjPOGqBBKmx3EwWJqZ0cMrFF54yM49.png","contentUrl":"https:\/\/guineediversite.com\/wp-content\/uploads\/2017\/04\/cropped-1jojlxEOMkX9Wyqfhe43D6kjPOGqBBKmx3EwWJqZ0cMrFF54yM49.png","width":186,"height":112,"caption":"Guin\u00e9e Diversit\u00e9"},"image":{"@id":"https:\/\/guineediversite.com\/#\/schema\/logo\/image\/"},"sameAs":["https:\/\/www.facebook.com\/guineediversite\/","https:\/\/x.com\/GuineeDiversite","https:\/\/www.youtube.com\/channel\/UC8sUY16qelG5ge6_D5SB83g"]},{"@type":"Person","@id":"https:\/\/guineediversite.com\/#\/schema\/person\/afa08fb34e7fc6e1feafc892612bc836","name":"Guin\u00e9e Diversit\u00e9","image":{"@type":"ImageObject","inLanguage":"fr-FR","@id":"https:\/\/guineediversite.com\/#\/schema\/person\/image\/","url":"https:\/\/secure.gravatar.com\/avatar\/50d5eb5b390f8b65ac30ac6f898eb83a?s=96&d=mm&r=g","contentUrl":"https:\/\/secure.gravatar.com\/avatar\/50d5eb5b390f8b65ac30ac6f898eb83a?s=96&d=mm&r=g","caption":"Guin\u00e9e Diversit\u00e9"},"url":"https:\/\/guineediversite.com\/index.php\/author\/guineediversite\/"}]}},"_links":{"self":[{"href":"https:\/\/guineediversite.com\/index.php\/wp-json\/wp\/v2\/posts\/29215"}],"collection":[{"href":"https:\/\/guineediversite.com\/index.php\/wp-json\/wp\/v2\/posts"}],"about":[{"href":"https:\/\/guineediversite.com\/index.php\/wp-json\/wp\/v2\/types\/post"}],"author":[{"embeddable":true,"href":"https:\/\/guineediversite.com\/index.php\/wp-json\/wp\/v2\/users\/12"}],"replies":[{"embeddable":true,"href":"https:\/\/guineediversite.com\/index.php\/wp-json\/wp\/v2\/comments?post=29215"}],"version-history":[{"count":1,"href":"https:\/\/guineediversite.com\/index.php\/wp-json\/wp\/v2\/posts\/29215\/revisions"}],"predecessor-version":[{"id":29217,"href":"https:\/\/guineediversite.com\/index.php\/wp-json\/wp\/v2\/posts\/29215\/revisions\/29217"}],"wp:featuredmedia":[{"embeddable":true,"href":"https:\/\/guineediversite.com\/index.php\/wp-json\/wp\/v2\/media\/29216"}],"wp:attachment":[{"href":"https:\/\/guineediversite.com\/index.php\/wp-json\/wp\/v2\/media?parent=29215"}],"wp:term":[{"taxonomy":"category","embeddable":true,"href":"https:\/\/guineediversite.com\/index.php\/wp-json\/wp\/v2\/categories?post=29215"},{"taxonomy":"post_tag","embeddable":true,"href":"https:\/\/guineediversite.com\/index.php\/wp-json\/wp\/v2\/tags?post=29215"}],"curies":[{"name":"wp","href":"https:\/\/api.w.org\/{rel}","templated":true}]}}