{"id":29209,"date":"2020-05-15T18:44:21","date_gmt":"2020-05-15T16:44:21","guid":{"rendered":"https:\/\/guineediversite.com\/?p=29209"},"modified":"2020-05-15T18:44:24","modified_gmt":"2020-05-15T16:44:24","slug":"medias-une-forte-reduction-des-redevances-annuelles-des-radios-et-teles-privees-en-guinee","status":"publish","type":"post","link":"https:\/\/guineediversite.com\/index.php\/2020\/05\/15\/medias-une-forte-reduction-des-redevances-annuelles-des-radios-et-teles-privees-en-guinee\/","title":{"rendered":"M\u00e9dias : une forte r\u00e9duction des redevances annuelles des radios et t\u00e9l\u00e9s priv\u00e9es en Guin\u00e9e"},"content":{"rendered":"\n<p><strong>70% de baisse sur les redevances annuelles des m\u00e9dias audiovisuels priv\u00e9s guin\u00e9ens. L&rsquo;annonce a \u00e9t\u00e9 faite ce vendredi par le pr\u00e9sident de L\u2019union des T\u00e9l\u00e9visions Libres de Guin\u00e9e (URTELGUI).<\/strong><\/p>\n\n\n\n<p>&nbsp;Les radios priv\u00e9es commerciales payeront d\u00e9sormais sept millions cinq mille francs guin\u00e9ens (7.500.000 GNF) au lieu de 20.000.000 francs Guin\u00e9ens.<\/p>\n\n\n\n<p>Cette r\u00e9duction des redevances de pr\u00e8s de 30% pour certains et 70 % pour d\u2019autres est une bonne nouvelle pour les patrons de presse. Une r\u00e9duction qui va sans doute all\u00e9ger les d\u00e9penses des promoteurs de radios, en tenant compte des multiples facteurs dans le fonctionnement de ces entreprises de m\u00e9dias audiovisuels.<\/p>\n\n\n\n<p>A cet effet, Aboubacar Camara, le secr\u00e9taire g\u00e9n\u00e9ral de l\u2019URTELGUI, est largement revenu sur le contenu dudit arr\u00eat\u00e9, \u00ab<em> les redevances annuelles li\u00e9s \u00e0 l\u2019assignation d\u2019une fr\u00e9quence aux stations des radios priv\u00e9s et t\u00e9l\u00e9visions priv\u00e9s sont fix\u00e9es comme suit : type de stations, stations des radios communautaires, redevances annuelles cinq millions de francs guin\u00e9ens ; stations des radios diffusions commerciales, redevances annuelles sept millions cinq cent mille francs guin\u00e9ens ; stations des t\u00e9l\u00e9visions communautaires, redevances annuelles quinze millions de francs guin\u00e9ens ; stations de t\u00e9l\u00e9visions commerciales quinze millions de francs guin\u00e9ens. Les redevances annuelles sont pay\u00e9es en une tranche <\/em>\u00bb.<\/p>\n\n\n\n<p>Si le combat sur la r\u00e9duction des redevances est remport\u00e9 par l\u2019URTELGUI, quand n\u2019est-il des arri\u00e9r\u00e9s des redevances que certains m\u00e9dias audiovisuels doivent jusque-l\u00e0 \u00e0 l\u2019\u00c9tat ? Talib\u00e9 Barry directeur de la radio city FM, dira ceci \u00ab <em>c\u2019est une bouff\u00e9e d\u2019oxyg\u00e8ne pour les t\u00e9l\u00e9visions et les radios priv\u00e9es qui sont d\u00e9j\u00e0 \u00e9cras\u00e9es par des charges. Il faut dire que la loi n\u2019est pas r\u00e9troactive, il faut le rappeler. C\u2019est que la radio City FM devait deux ans, trois ans d\u2019arri\u00e9r\u00e9s de redevance, ces arri\u00e9r\u00e9s restent. Cet arr\u00eat\u00e9, c\u2019est pour les ann\u00e9es prochaines<\/em> \u00bb.<\/p>\n\n\n\n<p>Selon le pr\u00e9sident de l\u2019URTELGUI, une lutte est engag\u00e9e pour que l\u2019\u00c9tat puisse revoir \u00e0 la hausse de la subvention allou\u00e9e aux m\u00e9dias.<\/p>\n\n\n\n<p>\u00ab <em>La subvention qu\u2019on alloue \u00e0 la presse en Guin\u00e9e est la plus d\u00e9risoire dans le monde entier. La C\u00f4te d\u2019Ivoire aujourd\u2019hui alloue \u00e0 sa presse priv\u00e9e un milliard quatre cent cinquante millions de francs CFA, quant vous mettez \u00e7a ensemble, \u00e7a serait dans l\u2019ordre de 18 milliards de francs guin\u00e9ens. Trois milliards, je pense que c ne fait absolument rien<\/em>&nbsp;\u00bb, a soulign\u00e9 Sanou Kerfala Ciss\u00e9.<\/p>\n\n\n\n<p>Talib\u00e9 Barry a dans sa communication, annonc\u00e9e qu\u2019un m\u00e9mo a \u00e9t\u00e9 adress\u00e9 au chef de l\u2019\u00c9tat, un m\u00e9mo dans lequel, l&rsquo;URTELGUI a fait mention d\u2019une annulation des arri\u00e9r\u00e9s de redevance des m\u00e9dias audiovisuels.<\/p>\n","protected":false},"excerpt":{"rendered":"<p>70% de baisse sur les redevances annuelles des m\u00e9dias audiovisuels priv\u00e9s guin\u00e9ens. L&rsquo;annonce a \u00e9t\u00e9 faite ce vendredi par le pr\u00e9sident de L\u2019union des T\u00e9l\u00e9visions Libres de Guin\u00e9e (URTELGUI). &nbsp;Les radios priv\u00e9es commerciales payeront d\u00e9sormais sept millions cinq mille francs guin\u00e9ens (7.500.000 GNF) au lieu de 20.000.000 francs Guin\u00e9ens. Cette r\u00e9duction des redevances de pr\u00e8s [&hellip;]<\/p>\n","protected":false},"author":10,"featured_media":29210,"comment_status":"closed","ping_status":"closed","sticky":false,"template":"","format":"standard","meta":{"_exactmetrics_skip_tracking":false,"_exactmetrics_sitenote_active":false,"_exactmetrics_sitenote_note":"","_exactmetrics_sitenote_category":0,"tdm_status":"","tdm_grid_status":"","footnotes":""},"categories":[16],"tags":[],"class_list":{"0":"post-29209","1":"post","2":"type-post","3":"status-publish","4":"format-standard","5":"has-post-thumbnail","7":"category-societe"},"yoast_head":"<!-- This site is optimized with the Yoast SEO plugin v24.2 - https:\/\/yoast.com\/wordpress\/plugins\/seo\/ -->\n<title>M\u00e9dias : une forte r\u00e9duction des redevances annuelles des radios et t\u00e9l\u00e9s priv\u00e9es en Guin\u00e9e | Guin\u00e9e Diversit\u00e9<\/title>\n<meta name=\"robots\" content=\"index, follow, max-snippet:-1, max-image-preview:large, max-video-preview:-1\" \/>\n<link rel=\"canonical\" href=\"https:\/\/guineediversite.com\/index.php\/2020\/05\/15\/medias-une-forte-reduction-des-redevances-annuelles-des-radios-et-teles-privees-en-guinee\/\" \/>\n<meta property=\"og:locale\" content=\"fr_FR\" \/>\n<meta property=\"og:type\" content=\"article\" \/>\n<meta property=\"og:title\" content=\"M\u00e9dias : une forte r\u00e9duction des redevances annuelles des radios et t\u00e9l\u00e9s priv\u00e9es en Guin\u00e9e | Guin\u00e9e Diversit\u00e9\" \/>\n<meta property=\"og:description\" content=\"70% de baisse sur les redevances annuelles des m\u00e9dias audiovisuels priv\u00e9s guin\u00e9ens. L&rsquo;annonce a \u00e9t\u00e9 faite ce vendredi par le pr\u00e9sident de L\u2019union des T\u00e9l\u00e9visions Libres de Guin\u00e9e (URTELGUI). &nbsp;Les radios priv\u00e9es commerciales payeront d\u00e9sormais sept millions cinq mille francs guin\u00e9ens (7.500.000 GNF) au lieu de 20.000.000 francs Guin\u00e9ens. Cette r\u00e9duction des redevances de pr\u00e8s [&hellip;]\" \/>\n<meta property=\"og:url\" content=\"https:\/\/guineediversite.com\/index.php\/2020\/05\/15\/medias-une-forte-reduction-des-redevances-annuelles-des-radios-et-teles-privees-en-guinee\/\" \/>\n<meta property=\"og:site_name\" content=\"Guin\u00e9e Diversit\u00e9\" \/>\n<meta property=\"article:publisher\" content=\"https:\/\/www.facebook.com\/guineediversite\/\" \/>\n<meta property=\"article:published_time\" content=\"2020-05-15T16:44:21+00:00\" \/>\n<meta property=\"article:modified_time\" content=\"2020-05-15T16:44:24+00:00\" \/>\n<meta property=\"og:image\" content=\"https:\/\/guineediversite.com\/wp-content\/uploads\/2020\/05\/URTELGUI.jpg\" \/>\n\t<meta property=\"og:image:width\" content=\"1500\" \/>\n\t<meta property=\"og:image:height\" content=\"728\" \/>\n\t<meta property=\"og:image:type\" content=\"image\/jpeg\" \/>\n<meta name=\"author\" content=\"Morcire Camara\" \/>\n<meta name=\"twitter:card\" content=\"summary_large_image\" \/>\n<meta name=\"twitter:creator\" content=\"@GuineeDiversite\" \/>\n<meta name=\"twitter:site\" content=\"@GuineeDiversite\" \/>\n<meta name=\"twitter:label1\" content=\"\u00c9crit par\" \/>\n\t<meta name=\"twitter:data1\" content=\"Morcire Camara\" \/>\n\t<meta name=\"twitter:label2\" content=\"Dur\u00e9e de lecture estim\u00e9e\" \/>\n\t<meta name=\"twitter:data2\" content=\"2 minutes\" \/>\n<script type=\"application\/ld+json\" class=\"yoast-schema-graph\">{\"@context\":\"https:\/\/schema.org\",\"@graph\":[{\"@type\":\"Article\",\"@id\":\"https:\/\/guineediversite.com\/index.php\/2020\/05\/15\/medias-une-forte-reduction-des-redevances-annuelles-des-radios-et-teles-privees-en-guinee\/#article\",\"isPartOf\":{\"@id\":\"https:\/\/guineediversite.com\/index.php\/2020\/05\/15\/medias-une-forte-reduction-des-redevances-annuelles-des-radios-et-teles-privees-en-guinee\/\"},\"author\":{\"name\":\"Morcire Camara\",\"@id\":\"https:\/\/guineediversite.com\/#\/schema\/person\/fa362494c47202ce4b3adf55abcc9d01\"},\"headline\":\"M\u00e9dias : une forte r\u00e9duction des redevances annuelles des radios et t\u00e9l\u00e9s priv\u00e9es en Guin\u00e9e\",\"datePublished\":\"2020-05-15T16:44:21+00:00\",\"dateModified\":\"2020-05-15T16:44:24+00:00\",\"mainEntityOfPage\":{\"@id\":\"https:\/\/guineediversite.com\/index.php\/2020\/05\/15\/medias-une-forte-reduction-des-redevances-annuelles-des-radios-et-teles-privees-en-guinee\/\"},\"wordCount\":512,\"publisher\":{\"@id\":\"https:\/\/guineediversite.com\/#organization\"},\"image\":{\"@id\":\"https:\/\/guineediversite.com\/index.php\/2020\/05\/15\/medias-une-forte-reduction-des-redevances-annuelles-des-radios-et-teles-privees-en-guinee\/#primaryimage\"},\"thumbnailUrl\":\"https:\/\/guineediversite.com\/wp-content\/uploads\/2020\/05\/URTELGUI.jpg\",\"articleSection\":[\"Soci\u00e9t\u00e9\"],\"inLanguage\":\"fr-FR\"},{\"@type\":\"WebPage\",\"@id\":\"https:\/\/guineediversite.com\/index.php\/2020\/05\/15\/medias-une-forte-reduction-des-redevances-annuelles-des-radios-et-teles-privees-en-guinee\/\",\"url\":\"https:\/\/guineediversite.com\/index.php\/2020\/05\/15\/medias-une-forte-reduction-des-redevances-annuelles-des-radios-et-teles-privees-en-guinee\/\",\"name\":\"M\u00e9dias : une forte r\u00e9duction des redevances annuelles des radios et t\u00e9l\u00e9s priv\u00e9es en Guin\u00e9e | Guin\u00e9e Diversit\u00e9\",\"isPartOf\":{\"@id\":\"https:\/\/guineediversite.com\/#website\"},\"primaryImageOfPage\":{\"@id\":\"https:\/\/guineediversite.com\/index.php\/2020\/05\/15\/medias-une-forte-reduction-des-redevances-annuelles-des-radios-et-teles-privees-en-guinee\/#primaryimage\"},\"image\":{\"@id\":\"https:\/\/guineediversite.com\/index.php\/2020\/05\/15\/medias-une-forte-reduction-des-redevances-annuelles-des-radios-et-teles-privees-en-guinee\/#primaryimage\"},\"thumbnailUrl\":\"https:\/\/guineediversite.com\/wp-content\/uploads\/2020\/05\/URTELGUI.jpg\",\"datePublished\":\"2020-05-15T16:44:21+00:00\",\"dateModified\":\"2020-05-15T16:44:24+00:00\",\"breadcrumb\":{\"@id\":\"https:\/\/guineediversite.com\/index.php\/2020\/05\/15\/medias-une-forte-reduction-des-redevances-annuelles-des-radios-et-teles-privees-en-guinee\/#breadcrumb\"},\"inLanguage\":\"fr-FR\",\"potentialAction\":[{\"@type\":\"ReadAction\",\"target\":[\"https:\/\/guineediversite.com\/index.php\/2020\/05\/15\/medias-une-forte-reduction-des-redevances-annuelles-des-radios-et-teles-privees-en-guinee\/\"]}]},{\"@type\":\"ImageObject\",\"inLanguage\":\"fr-FR\",\"@id\":\"https:\/\/guineediversite.com\/index.php\/2020\/05\/15\/medias-une-forte-reduction-des-redevances-annuelles-des-radios-et-teles-privees-en-guinee\/#primaryimage\",\"url\":\"https:\/\/guineediversite.com\/wp-content\/uploads\/2020\/05\/URTELGUI.jpg\",\"contentUrl\":\"https:\/\/guineediversite.com\/wp-content\/uploads\/2020\/05\/URTELGUI.jpg\",\"width\":1500,\"height\":728},{\"@type\":\"BreadcrumbList\",\"@id\":\"https:\/\/guineediversite.com\/index.php\/2020\/05\/15\/medias-une-forte-reduction-des-redevances-annuelles-des-radios-et-teles-privees-en-guinee\/#breadcrumb\",\"itemListElement\":[{\"@type\":\"ListItem\",\"position\":1,\"name\":\"Accueil\",\"item\":\"https:\/\/guineediversite.com\/\"},{\"@type\":\"ListItem\",\"position\":2,\"name\":\"M\u00e9dias : une forte r\u00e9duction des redevances annuelles des radios et t\u00e9l\u00e9s priv\u00e9es en Guin\u00e9e\"}]},{\"@type\":\"WebSite\",\"@id\":\"https:\/\/guineediversite.com\/#website\",\"url\":\"https:\/\/guineediversite.com\/\",\"name\":\"Guin\u00e9e Diversit\u00e9\",\"description\":\"L&#039;Info dans toute sa diversit\u00e9\",\"publisher\":{\"@id\":\"https:\/\/guineediversite.com\/#organization\"},\"potentialAction\":[{\"@type\":\"SearchAction\",\"target\":{\"@type\":\"EntryPoint\",\"urlTemplate\":\"https:\/\/guineediversite.com\/?s={search_term_string}\"},\"query-input\":{\"@type\":\"PropertyValueSpecification\",\"valueRequired\":true,\"valueName\":\"search_term_string\"}}],\"inLanguage\":\"fr-FR\"},{\"@type\":\"Organization\",\"@id\":\"https:\/\/guineediversite.com\/#organization\",\"name\":\"Guin\u00e9e Diversit\u00e9\",\"url\":\"https:\/\/guineediversite.com\/\",\"logo\":{\"@type\":\"ImageObject\",\"inLanguage\":\"fr-FR\",\"@id\":\"https:\/\/guineediversite.com\/#\/schema\/logo\/image\/\",\"url\":\"https:\/\/guineediversite.com\/wp-content\/uploads\/2017\/04\/cropped-1jojlxEOMkX9Wyqfhe43D6kjPOGqBBKmx3EwWJqZ0cMrFF54yM49.png\",\"contentUrl\":\"https:\/\/guineediversite.com\/wp-content\/uploads\/2017\/04\/cropped-1jojlxEOMkX9Wyqfhe43D6kjPOGqBBKmx3EwWJqZ0cMrFF54yM49.png\",\"width\":186,\"height\":112,\"caption\":\"Guin\u00e9e Diversit\u00e9\"},\"image\":{\"@id\":\"https:\/\/guineediversite.com\/#\/schema\/logo\/image\/\"},\"sameAs\":[\"https:\/\/www.facebook.com\/guineediversite\/\",\"https:\/\/x.com\/GuineeDiversite\",\"https:\/\/www.youtube.com\/channel\/UC8sUY16qelG5ge6_D5SB83g\"]},{\"@type\":\"Person\",\"@id\":\"https:\/\/guineediversite.com\/#\/schema\/person\/fa362494c47202ce4b3adf55abcc9d01\",\"name\":\"Morcire Camara\",\"image\":{\"@type\":\"ImageObject\",\"inLanguage\":\"fr-FR\",\"@id\":\"https:\/\/guineediversite.com\/#\/schema\/person\/image\/\",\"url\":\"https:\/\/secure.gravatar.com\/avatar\/3ec324f02295bbcebe03d99b39330ab4?s=96&d=mm&r=g\",\"contentUrl\":\"https:\/\/secure.gravatar.com\/avatar\/3ec324f02295bbcebe03d99b39330ab4?s=96&d=mm&r=g\",\"caption\":\"Morcire Camara\"},\"url\":\"https:\/\/guineediversite.com\/index.php\/author\/morcire\/\"}]}<\/script>\n<!-- \/ Yoast SEO plugin. -->","yoast_head_json":{"title":"M\u00e9dias : une forte r\u00e9duction des redevances annuelles des radios et t\u00e9l\u00e9s priv\u00e9es en Guin\u00e9e | Guin\u00e9e Diversit\u00e9","robots":{"index":"index","follow":"follow","max-snippet":"max-snippet:-1","max-image-preview":"max-image-preview:large","max-video-preview":"max-video-preview:-1"},"canonical":"https:\/\/guineediversite.com\/index.php\/2020\/05\/15\/medias-une-forte-reduction-des-redevances-annuelles-des-radios-et-teles-privees-en-guinee\/","og_locale":"fr_FR","og_type":"article","og_title":"M\u00e9dias : une forte r\u00e9duction des redevances annuelles des radios et t\u00e9l\u00e9s priv\u00e9es en Guin\u00e9e | Guin\u00e9e Diversit\u00e9","og_description":"70% de baisse sur les redevances annuelles des m\u00e9dias audiovisuels priv\u00e9s guin\u00e9ens. L&rsquo;annonce a \u00e9t\u00e9 faite ce vendredi par le pr\u00e9sident de L\u2019union des T\u00e9l\u00e9visions Libres de Guin\u00e9e (URTELGUI). &nbsp;Les radios priv\u00e9es commerciales payeront d\u00e9sormais sept millions cinq mille francs guin\u00e9ens (7.500.000 GNF) au lieu de 20.000.000 francs Guin\u00e9ens. Cette r\u00e9duction des redevances de pr\u00e8s [&hellip;]","og_url":"https:\/\/guineediversite.com\/index.php\/2020\/05\/15\/medias-une-forte-reduction-des-redevances-annuelles-des-radios-et-teles-privees-en-guinee\/","og_site_name":"Guin\u00e9e Diversit\u00e9","article_publisher":"https:\/\/www.facebook.com\/guineediversite\/","article_published_time":"2020-05-15T16:44:21+00:00","article_modified_time":"2020-05-15T16:44:24+00:00","og_image":[{"width":1500,"height":728,"url":"https:\/\/guineediversite.com\/wp-content\/uploads\/2020\/05\/URTELGUI.jpg","type":"image\/jpeg"}],"author":"Morcire Camara","twitter_card":"summary_large_image","twitter_creator":"@GuineeDiversite","twitter_site":"@GuineeDiversite","twitter_misc":{"\u00c9crit par":"Morcire Camara","Dur\u00e9e de lecture estim\u00e9e":"2 minutes"},"schema":{"@context":"https:\/\/schema.org","@graph":[{"@type":"Article","@id":"https:\/\/guineediversite.com\/index.php\/2020\/05\/15\/medias-une-forte-reduction-des-redevances-annuelles-des-radios-et-teles-privees-en-guinee\/#article","isPartOf":{"@id":"https:\/\/guineediversite.com\/index.php\/2020\/05\/15\/medias-une-forte-reduction-des-redevances-annuelles-des-radios-et-teles-privees-en-guinee\/"},"author":{"name":"Morcire Camara","@id":"https:\/\/guineediversite.com\/#\/schema\/person\/fa362494c47202ce4b3adf55abcc9d01"},"headline":"M\u00e9dias : une forte r\u00e9duction des redevances annuelles des radios et t\u00e9l\u00e9s priv\u00e9es en Guin\u00e9e","datePublished":"2020-05-15T16:44:21+00:00","dateModified":"2020-05-15T16:44:24+00:00","mainEntityOfPage":{"@id":"https:\/\/guineediversite.com\/index.php\/2020\/05\/15\/medias-une-forte-reduction-des-redevances-annuelles-des-radios-et-teles-privees-en-guinee\/"},"wordCount":512,"publisher":{"@id":"https:\/\/guineediversite.com\/#organization"},"image":{"@id":"https:\/\/guineediversite.com\/index.php\/2020\/05\/15\/medias-une-forte-reduction-des-redevances-annuelles-des-radios-et-teles-privees-en-guinee\/#primaryimage"},"thumbnailUrl":"https:\/\/guineediversite.com\/wp-content\/uploads\/2020\/05\/URTELGUI.jpg","articleSection":["Soci\u00e9t\u00e9"],"inLanguage":"fr-FR"},{"@type":"WebPage","@id":"https:\/\/guineediversite.com\/index.php\/2020\/05\/15\/medias-une-forte-reduction-des-redevances-annuelles-des-radios-et-teles-privees-en-guinee\/","url":"https:\/\/guineediversite.com\/index.php\/2020\/05\/15\/medias-une-forte-reduction-des-redevances-annuelles-des-radios-et-teles-privees-en-guinee\/","name":"M\u00e9dias : une forte r\u00e9duction des redevances annuelles des radios et t\u00e9l\u00e9s priv\u00e9es en Guin\u00e9e | Guin\u00e9e Diversit\u00e9","isPartOf":{"@id":"https:\/\/guineediversite.com\/#website"},"primaryImageOfPage":{"@id":"https:\/\/guineediversite.com\/index.php\/2020\/05\/15\/medias-une-forte-reduction-des-redevances-annuelles-des-radios-et-teles-privees-en-guinee\/#primaryimage"},"image":{"@id":"https:\/\/guineediversite.com\/index.php\/2020\/05\/15\/medias-une-forte-reduction-des-redevances-annuelles-des-radios-et-teles-privees-en-guinee\/#primaryimage"},"thumbnailUrl":"https:\/\/guineediversite.com\/wp-content\/uploads\/2020\/05\/URTELGUI.jpg","datePublished":"2020-05-15T16:44:21+00:00","dateModified":"2020-05-15T16:44:24+00:00","breadcrumb":{"@id":"https:\/\/guineediversite.com\/index.php\/2020\/05\/15\/medias-une-forte-reduction-des-redevances-annuelles-des-radios-et-teles-privees-en-guinee\/#breadcrumb"},"inLanguage":"fr-FR","potentialAction":[{"@type":"ReadAction","target":["https:\/\/guineediversite.com\/index.php\/2020\/05\/15\/medias-une-forte-reduction-des-redevances-annuelles-des-radios-et-teles-privees-en-guinee\/"]}]},{"@type":"ImageObject","inLanguage":"fr-FR","@id":"https:\/\/guineediversite.com\/index.php\/2020\/05\/15\/medias-une-forte-reduction-des-redevances-annuelles-des-radios-et-teles-privees-en-guinee\/#primaryimage","url":"https:\/\/guineediversite.com\/wp-content\/uploads\/2020\/05\/URTELGUI.jpg","contentUrl":"https:\/\/guineediversite.com\/wp-content\/uploads\/2020\/05\/URTELGUI.jpg","width":1500,"height":728},{"@type":"BreadcrumbList","@id":"https:\/\/guineediversite.com\/index.php\/2020\/05\/15\/medias-une-forte-reduction-des-redevances-annuelles-des-radios-et-teles-privees-en-guinee\/#breadcrumb","itemListElement":[{"@type":"ListItem","position":1,"name":"Accueil","item":"https:\/\/guineediversite.com\/"},{"@type":"ListItem","position":2,"name":"M\u00e9dias : une forte r\u00e9duction des redevances annuelles des radios et t\u00e9l\u00e9s priv\u00e9es en Guin\u00e9e"}]},{"@type":"WebSite","@id":"https:\/\/guineediversite.com\/#website","url":"https:\/\/guineediversite.com\/","name":"Guin\u00e9e Diversit\u00e9","description":"L&#039;Info dans toute sa diversit\u00e9","publisher":{"@id":"https:\/\/guineediversite.com\/#organization"},"potentialAction":[{"@type":"SearchAction","target":{"@type":"EntryPoint","urlTemplate":"https:\/\/guineediversite.com\/?s={search_term_string}"},"query-input":{"@type":"PropertyValueSpecification","valueRequired":true,"valueName":"search_term_string"}}],"inLanguage":"fr-FR"},{"@type":"Organization","@id":"https:\/\/guineediversite.com\/#organization","name":"Guin\u00e9e Diversit\u00e9","url":"https:\/\/guineediversite.com\/","logo":{"@type":"ImageObject","inLanguage":"fr-FR","@id":"https:\/\/guineediversite.com\/#\/schema\/logo\/image\/","url":"https:\/\/guineediversite.com\/wp-content\/uploads\/2017\/04\/cropped-1jojlxEOMkX9Wyqfhe43D6kjPOGqBBKmx3EwWJqZ0cMrFF54yM49.png","contentUrl":"https:\/\/guineediversite.com\/wp-content\/uploads\/2017\/04\/cropped-1jojlxEOMkX9Wyqfhe43D6kjPOGqBBKmx3EwWJqZ0cMrFF54yM49.png","width":186,"height":112,"caption":"Guin\u00e9e Diversit\u00e9"},"image":{"@id":"https:\/\/guineediversite.com\/#\/schema\/logo\/image\/"},"sameAs":["https:\/\/www.facebook.com\/guineediversite\/","https:\/\/x.com\/GuineeDiversite","https:\/\/www.youtube.com\/channel\/UC8sUY16qelG5ge6_D5SB83g"]},{"@type":"Person","@id":"https:\/\/guineediversite.com\/#\/schema\/person\/fa362494c47202ce4b3adf55abcc9d01","name":"Morcire Camara","image":{"@type":"ImageObject","inLanguage":"fr-FR","@id":"https:\/\/guineediversite.com\/#\/schema\/person\/image\/","url":"https:\/\/secure.gravatar.com\/avatar\/3ec324f02295bbcebe03d99b39330ab4?s=96&d=mm&r=g","contentUrl":"https:\/\/secure.gravatar.com\/avatar\/3ec324f02295bbcebe03d99b39330ab4?s=96&d=mm&r=g","caption":"Morcire Camara"},"url":"https:\/\/guineediversite.com\/index.php\/author\/morcire\/"}]}},"_links":{"self":[{"href":"https:\/\/guineediversite.com\/index.php\/wp-json\/wp\/v2\/posts\/29209"}],"collection":[{"href":"https:\/\/guineediversite.com\/index.php\/wp-json\/wp\/v2\/posts"}],"about":[{"href":"https:\/\/guineediversite.com\/index.php\/wp-json\/wp\/v2\/types\/post"}],"author":[{"embeddable":true,"href":"https:\/\/guineediversite.com\/index.php\/wp-json\/wp\/v2\/users\/10"}],"replies":[{"embeddable":true,"href":"https:\/\/guineediversite.com\/index.php\/wp-json\/wp\/v2\/comments?post=29209"}],"version-history":[{"count":1,"href":"https:\/\/guineediversite.com\/index.php\/wp-json\/wp\/v2\/posts\/29209\/revisions"}],"predecessor-version":[{"id":29211,"href":"https:\/\/guineediversite.com\/index.php\/wp-json\/wp\/v2\/posts\/29209\/revisions\/29211"}],"wp:featuredmedia":[{"embeddable":true,"href":"https:\/\/guineediversite.com\/index.php\/wp-json\/wp\/v2\/media\/29210"}],"wp:attachment":[{"href":"https:\/\/guineediversite.com\/index.php\/wp-json\/wp\/v2\/media?parent=29209"}],"wp:term":[{"taxonomy":"category","embeddable":true,"href":"https:\/\/guineediversite.com\/index.php\/wp-json\/wp\/v2\/categories?post=29209"},{"taxonomy":"post_tag","embeddable":true,"href":"https:\/\/guineediversite.com\/index.php\/wp-json\/wp\/v2\/tags?post=29209"}],"curies":[{"name":"wp","href":"https:\/\/api.w.org\/{rel}","templated":true}]}}