{"id":29190,"date":"2020-05-14T21:15:14","date_gmt":"2020-05-14T19:15:14","guid":{"rendered":"https:\/\/guineediversite.com\/?p=29190"},"modified":"2020-05-14T21:38:07","modified_gmt":"2020-05-14T19:38:07","slug":"les-violences-meurtrieres-cellou-dalein-diallo-exige-la-justice","status":"publish","type":"post","link":"https:\/\/guineediversite.com\/index.php\/2020\/05\/14\/les-violences-meurtrieres-cellou-dalein-diallo-exige-la-justice\/","title":{"rendered":"Les violences meurtri\u00e8res :  Cellou Dalein Diallo exige la justice"},"content":{"rendered":"\n<p><strong>Ces derniers temps en Guin\u00e9e les tueries se sont multipli\u00e9es dans plusieurs villes du pays. A cet effet, le Front National pour la D\u00e9fense de la Constitution a par la voix de son avocat fait recours \u00e0 la cour p\u00e9nal internationale(CPI) pour que justice soit rendue. Cette question n\u2019a pas laiss\u00e9 le gouvernement guin\u00e9en indiff\u00e9rent, il (gouvernement guin\u00e9en ndlr) a fait recours \u00e0 l\u2019Union europ\u00e9enne.<br><br><\/strong>Le pr\u00e9sident de l\u2019Union des Forces D\u00e9mocratiques de Guin\u00e9e, n\u2019a pas tard\u00e9 de r\u00e9agir face \u00e0 cette situation. El hadj Cellou Dalein Diallo ancien chef de file de l\u2019opposition guin\u00e9enne est revenu sur les circonstances, \u00ab\u00a0d<em>epuis que monsieur Alpha Cond\u00e9 est l\u00e0, maintenant on est \u00e0 pr\u00e8s de 200 morts, des jeunes gens qu\u2019on a tu\u00e9 \u00e0 bout portant, il n\u2019y a jamais eu compensation.\u00a0Alpha Cond\u00e9 n\u2019a jamais voulu que m\u00eame une commission d\u2019enqu\u00eate soit mise en place.\u00a0La premi\u00e8re fois que le gouvernement a accept\u00e9 le principe avec Me Sacko qui venait d\u2019arriver, avant qu\u2019il ne soit compl\u00e8tement tropicalis\u00e9, il a dit je mets tout de suite une commission d\u2019enqu\u00eate, mais il a \u00e9t\u00e9 renvoy\u00e9 par Alpha Cond\u00e9, qu\u2019il n\u2019est pas question de mettre les policiers et les gendarmes sur son dos, de dissoudre la commission d\u2019enqu\u00eate\u00a0<\/em>\u00bb,a-t-il r\u00e9v\u00e9l\u00e9.<br><br>Et de rajout\u00e9, \u00ab\u00a0<em>donc nous avons estim\u00e9, qu\u2019il \u00e9tait bon d\u2019attirer l\u2019attention de la CPI sur les crimes r\u00e9currents en Guin\u00e9e, et nous avons eu un avocat qui a fait ce travail.\u00a0Heureusement pour nous, comme il n\u2019y a pas de justice en Guin\u00e9e, elle est compl\u00e8tement effront\u00e9e \u00e0 Alpha Cond\u00e9. Elle fait ce qu\u2019il (Alpha Cond\u00e9) veut, maintenant lui-m\u00eame il a port\u00e9 le probl\u00e8me au niveau de l\u2019Union europ\u00e9enne disant que c\u2019est les opposants qui tuent les manifestants. C\u2019est tr\u00e8s bien pour nous que le probl\u00e8me soit port\u00e9 \u00e0 l\u2019international<\/em>\u00a0\u00bb.\u00a0<\/p>\n","protected":false},"excerpt":{"rendered":"<p>Ces derniers temps en Guin\u00e9e les tueries se sont multipli\u00e9es dans plusieurs villes du pays. A cet effet, le Front National pour la D\u00e9fense de la Constitution a par la voix de son avocat fait recours \u00e0 la cour p\u00e9nal internationale(CPI) pour que justice soit rendue. Cette question n\u2019a pas laiss\u00e9 le gouvernement guin\u00e9en indiff\u00e9rent, [&hellip;]<\/p>\n","protected":false},"author":10,"featured_media":29191,"comment_status":"closed","ping_status":"closed","sticky":false,"template":"","format":"standard","meta":{"_exactmetrics_skip_tracking":false,"_exactmetrics_sitenote_active":false,"_exactmetrics_sitenote_note":"","_exactmetrics_sitenote_category":0,"tdm_status":"","tdm_grid_status":"","footnotes":""},"categories":[14],"tags":[],"class_list":{"0":"post-29190","1":"post","2":"type-post","3":"status-publish","4":"format-standard","5":"has-post-thumbnail","7":"category-politique"},"yoast_head":"<!-- This site is optimized with the Yoast SEO plugin v24.2 - https:\/\/yoast.com\/wordpress\/plugins\/seo\/ -->\n<title>Les violences meurtri\u00e8res : Cellou Dalein Diallo exige la justice | Guin\u00e9e Diversit\u00e9<\/title>\n<meta name=\"robots\" content=\"index, follow, max-snippet:-1, max-image-preview:large, max-video-preview:-1\" \/>\n<link rel=\"canonical\" href=\"https:\/\/guineediversite.com\/index.php\/2020\/05\/14\/les-violences-meurtrieres-cellou-dalein-diallo-exige-la-justice\/\" \/>\n<meta property=\"og:locale\" content=\"fr_FR\" \/>\n<meta property=\"og:type\" content=\"article\" \/>\n<meta property=\"og:title\" content=\"Les violences meurtri\u00e8res : Cellou Dalein Diallo exige la justice | Guin\u00e9e Diversit\u00e9\" \/>\n<meta property=\"og:description\" content=\"Ces derniers temps en Guin\u00e9e les tueries se sont multipli\u00e9es dans plusieurs villes du pays. A cet effet, le Front National pour la D\u00e9fense de la Constitution a par la voix de son avocat fait recours \u00e0 la cour p\u00e9nal internationale(CPI) pour que justice soit rendue. Cette question n\u2019a pas laiss\u00e9 le gouvernement guin\u00e9en indiff\u00e9rent, [&hellip;]\" \/>\n<meta property=\"og:url\" content=\"https:\/\/guineediversite.com\/index.php\/2020\/05\/14\/les-violences-meurtrieres-cellou-dalein-diallo-exige-la-justice\/\" \/>\n<meta property=\"og:site_name\" content=\"Guin\u00e9e Diversit\u00e9\" \/>\n<meta property=\"article:publisher\" content=\"https:\/\/www.facebook.com\/guineediversite\/\" \/>\n<meta property=\"article:published_time\" content=\"2020-05-14T19:15:14+00:00\" \/>\n<meta property=\"article:modified_time\" content=\"2020-05-14T19:38:07+00:00\" \/>\n<meta property=\"og:image\" content=\"https:\/\/guineediversite.com\/wp-content\/uploads\/2020\/05\/Cellou-Dallein-Diallo.jpg\" \/>\n\t<meta property=\"og:image:width\" content=\"1500\" \/>\n\t<meta property=\"og:image:height\" content=\"727\" \/>\n\t<meta property=\"og:image:type\" content=\"image\/jpeg\" \/>\n<meta name=\"author\" content=\"Morcire Camara\" \/>\n<meta name=\"twitter:card\" content=\"summary_large_image\" \/>\n<meta name=\"twitter:creator\" content=\"@GuineeDiversite\" \/>\n<meta name=\"twitter:site\" content=\"@GuineeDiversite\" \/>\n<meta name=\"twitter:label1\" content=\"\u00c9crit par\" \/>\n\t<meta name=\"twitter:data1\" content=\"Morcire Camara\" \/>\n\t<meta name=\"twitter:label2\" content=\"Dur\u00e9e de lecture estim\u00e9e\" \/>\n\t<meta name=\"twitter:data2\" content=\"2 minutes\" \/>\n<script type=\"application\/ld+json\" class=\"yoast-schema-graph\">{\"@context\":\"https:\/\/schema.org\",\"@graph\":[{\"@type\":\"Article\",\"@id\":\"https:\/\/guineediversite.com\/index.php\/2020\/05\/14\/les-violences-meurtrieres-cellou-dalein-diallo-exige-la-justice\/#article\",\"isPartOf\":{\"@id\":\"https:\/\/guineediversite.com\/index.php\/2020\/05\/14\/les-violences-meurtrieres-cellou-dalein-diallo-exige-la-justice\/\"},\"author\":{\"name\":\"Morcire Camara\",\"@id\":\"https:\/\/guineediversite.com\/#\/schema\/person\/fa362494c47202ce4b3adf55abcc9d01\"},\"headline\":\"Les violences meurtri\u00e8res : Cellou Dalein Diallo exige la justice\",\"datePublished\":\"2020-05-14T19:15:14+00:00\",\"dateModified\":\"2020-05-14T19:38:07+00:00\",\"mainEntityOfPage\":{\"@id\":\"https:\/\/guineediversite.com\/index.php\/2020\/05\/14\/les-violences-meurtrieres-cellou-dalein-diallo-exige-la-justice\/\"},\"wordCount\":356,\"publisher\":{\"@id\":\"https:\/\/guineediversite.com\/#organization\"},\"image\":{\"@id\":\"https:\/\/guineediversite.com\/index.php\/2020\/05\/14\/les-violences-meurtrieres-cellou-dalein-diallo-exige-la-justice\/#primaryimage\"},\"thumbnailUrl\":\"https:\/\/guineediversite.com\/wp-content\/uploads\/2020\/05\/Cellou-Dallein-Diallo.jpg\",\"articleSection\":[\"Politique\"],\"inLanguage\":\"fr-FR\"},{\"@type\":\"WebPage\",\"@id\":\"https:\/\/guineediversite.com\/index.php\/2020\/05\/14\/les-violences-meurtrieres-cellou-dalein-diallo-exige-la-justice\/\",\"url\":\"https:\/\/guineediversite.com\/index.php\/2020\/05\/14\/les-violences-meurtrieres-cellou-dalein-diallo-exige-la-justice\/\",\"name\":\"Les violences meurtri\u00e8res : Cellou Dalein Diallo exige la justice | Guin\u00e9e Diversit\u00e9\",\"isPartOf\":{\"@id\":\"https:\/\/guineediversite.com\/#website\"},\"primaryImageOfPage\":{\"@id\":\"https:\/\/guineediversite.com\/index.php\/2020\/05\/14\/les-violences-meurtrieres-cellou-dalein-diallo-exige-la-justice\/#primaryimage\"},\"image\":{\"@id\":\"https:\/\/guineediversite.com\/index.php\/2020\/05\/14\/les-violences-meurtrieres-cellou-dalein-diallo-exige-la-justice\/#primaryimage\"},\"thumbnailUrl\":\"https:\/\/guineediversite.com\/wp-content\/uploads\/2020\/05\/Cellou-Dallein-Diallo.jpg\",\"datePublished\":\"2020-05-14T19:15:14+00:00\",\"dateModified\":\"2020-05-14T19:38:07+00:00\",\"breadcrumb\":{\"@id\":\"https:\/\/guineediversite.com\/index.php\/2020\/05\/14\/les-violences-meurtrieres-cellou-dalein-diallo-exige-la-justice\/#breadcrumb\"},\"inLanguage\":\"fr-FR\",\"potentialAction\":[{\"@type\":\"ReadAction\",\"target\":[\"https:\/\/guineediversite.com\/index.php\/2020\/05\/14\/les-violences-meurtrieres-cellou-dalein-diallo-exige-la-justice\/\"]}]},{\"@type\":\"ImageObject\",\"inLanguage\":\"fr-FR\",\"@id\":\"https:\/\/guineediversite.com\/index.php\/2020\/05\/14\/les-violences-meurtrieres-cellou-dalein-diallo-exige-la-justice\/#primaryimage\",\"url\":\"https:\/\/guineediversite.com\/wp-content\/uploads\/2020\/05\/Cellou-Dallein-Diallo.jpg\",\"contentUrl\":\"https:\/\/guineediversite.com\/wp-content\/uploads\/2020\/05\/Cellou-Dallein-Diallo.jpg\",\"width\":1500,\"height\":727},{\"@type\":\"BreadcrumbList\",\"@id\":\"https:\/\/guineediversite.com\/index.php\/2020\/05\/14\/les-violences-meurtrieres-cellou-dalein-diallo-exige-la-justice\/#breadcrumb\",\"itemListElement\":[{\"@type\":\"ListItem\",\"position\":1,\"name\":\"Accueil\",\"item\":\"https:\/\/guineediversite.com\/\"},{\"@type\":\"ListItem\",\"position\":2,\"name\":\"Les violences meurtri\u00e8res : Cellou Dalein Diallo exige la justice\"}]},{\"@type\":\"WebSite\",\"@id\":\"https:\/\/guineediversite.com\/#website\",\"url\":\"https:\/\/guineediversite.com\/\",\"name\":\"Guin\u00e9e Diversit\u00e9\",\"description\":\"L&#039;Info dans toute sa diversit\u00e9\",\"publisher\":{\"@id\":\"https:\/\/guineediversite.com\/#organization\"},\"potentialAction\":[{\"@type\":\"SearchAction\",\"target\":{\"@type\":\"EntryPoint\",\"urlTemplate\":\"https:\/\/guineediversite.com\/?s={search_term_string}\"},\"query-input\":{\"@type\":\"PropertyValueSpecification\",\"valueRequired\":true,\"valueName\":\"search_term_string\"}}],\"inLanguage\":\"fr-FR\"},{\"@type\":\"Organization\",\"@id\":\"https:\/\/guineediversite.com\/#organization\",\"name\":\"Guin\u00e9e Diversit\u00e9\",\"url\":\"https:\/\/guineediversite.com\/\",\"logo\":{\"@type\":\"ImageObject\",\"inLanguage\":\"fr-FR\",\"@id\":\"https:\/\/guineediversite.com\/#\/schema\/logo\/image\/\",\"url\":\"https:\/\/guineediversite.com\/wp-content\/uploads\/2017\/04\/cropped-1jojlxEOMkX9Wyqfhe43D6kjPOGqBBKmx3EwWJqZ0cMrFF54yM49.png\",\"contentUrl\":\"https:\/\/guineediversite.com\/wp-content\/uploads\/2017\/04\/cropped-1jojlxEOMkX9Wyqfhe43D6kjPOGqBBKmx3EwWJqZ0cMrFF54yM49.png\",\"width\":186,\"height\":112,\"caption\":\"Guin\u00e9e Diversit\u00e9\"},\"image\":{\"@id\":\"https:\/\/guineediversite.com\/#\/schema\/logo\/image\/\"},\"sameAs\":[\"https:\/\/www.facebook.com\/guineediversite\/\",\"https:\/\/x.com\/GuineeDiversite\",\"https:\/\/www.youtube.com\/channel\/UC8sUY16qelG5ge6_D5SB83g\"]},{\"@type\":\"Person\",\"@id\":\"https:\/\/guineediversite.com\/#\/schema\/person\/fa362494c47202ce4b3adf55abcc9d01\",\"name\":\"Morcire Camara\",\"image\":{\"@type\":\"ImageObject\",\"inLanguage\":\"fr-FR\",\"@id\":\"https:\/\/guineediversite.com\/#\/schema\/person\/image\/\",\"url\":\"https:\/\/secure.gravatar.com\/avatar\/3ec324f02295bbcebe03d99b39330ab4?s=96&d=mm&r=g\",\"contentUrl\":\"https:\/\/secure.gravatar.com\/avatar\/3ec324f02295bbcebe03d99b39330ab4?s=96&d=mm&r=g\",\"caption\":\"Morcire Camara\"},\"url\":\"https:\/\/guineediversite.com\/index.php\/author\/morcire\/\"}]}<\/script>\n<!-- \/ Yoast SEO plugin. -->","yoast_head_json":{"title":"Les violences meurtri\u00e8res : Cellou Dalein Diallo exige la justice | Guin\u00e9e Diversit\u00e9","robots":{"index":"index","follow":"follow","max-snippet":"max-snippet:-1","max-image-preview":"max-image-preview:large","max-video-preview":"max-video-preview:-1"},"canonical":"https:\/\/guineediversite.com\/index.php\/2020\/05\/14\/les-violences-meurtrieres-cellou-dalein-diallo-exige-la-justice\/","og_locale":"fr_FR","og_type":"article","og_title":"Les violences meurtri\u00e8res : Cellou Dalein Diallo exige la justice | Guin\u00e9e Diversit\u00e9","og_description":"Ces derniers temps en Guin\u00e9e les tueries se sont multipli\u00e9es dans plusieurs villes du pays. A cet effet, le Front National pour la D\u00e9fense de la Constitution a par la voix de son avocat fait recours \u00e0 la cour p\u00e9nal internationale(CPI) pour que justice soit rendue. Cette question n\u2019a pas laiss\u00e9 le gouvernement guin\u00e9en indiff\u00e9rent, [&hellip;]","og_url":"https:\/\/guineediversite.com\/index.php\/2020\/05\/14\/les-violences-meurtrieres-cellou-dalein-diallo-exige-la-justice\/","og_site_name":"Guin\u00e9e Diversit\u00e9","article_publisher":"https:\/\/www.facebook.com\/guineediversite\/","article_published_time":"2020-05-14T19:15:14+00:00","article_modified_time":"2020-05-14T19:38:07+00:00","og_image":[{"width":1500,"height":727,"url":"https:\/\/guineediversite.com\/wp-content\/uploads\/2020\/05\/Cellou-Dallein-Diallo.jpg","type":"image\/jpeg"}],"author":"Morcire Camara","twitter_card":"summary_large_image","twitter_creator":"@GuineeDiversite","twitter_site":"@GuineeDiversite","twitter_misc":{"\u00c9crit par":"Morcire Camara","Dur\u00e9e de lecture estim\u00e9e":"2 minutes"},"schema":{"@context":"https:\/\/schema.org","@graph":[{"@type":"Article","@id":"https:\/\/guineediversite.com\/index.php\/2020\/05\/14\/les-violences-meurtrieres-cellou-dalein-diallo-exige-la-justice\/#article","isPartOf":{"@id":"https:\/\/guineediversite.com\/index.php\/2020\/05\/14\/les-violences-meurtrieres-cellou-dalein-diallo-exige-la-justice\/"},"author":{"name":"Morcire Camara","@id":"https:\/\/guineediversite.com\/#\/schema\/person\/fa362494c47202ce4b3adf55abcc9d01"},"headline":"Les violences meurtri\u00e8res : Cellou Dalein Diallo exige la justice","datePublished":"2020-05-14T19:15:14+00:00","dateModified":"2020-05-14T19:38:07+00:00","mainEntityOfPage":{"@id":"https:\/\/guineediversite.com\/index.php\/2020\/05\/14\/les-violences-meurtrieres-cellou-dalein-diallo-exige-la-justice\/"},"wordCount":356,"publisher":{"@id":"https:\/\/guineediversite.com\/#organization"},"image":{"@id":"https:\/\/guineediversite.com\/index.php\/2020\/05\/14\/les-violences-meurtrieres-cellou-dalein-diallo-exige-la-justice\/#primaryimage"},"thumbnailUrl":"https:\/\/guineediversite.com\/wp-content\/uploads\/2020\/05\/Cellou-Dallein-Diallo.jpg","articleSection":["Politique"],"inLanguage":"fr-FR"},{"@type":"WebPage","@id":"https:\/\/guineediversite.com\/index.php\/2020\/05\/14\/les-violences-meurtrieres-cellou-dalein-diallo-exige-la-justice\/","url":"https:\/\/guineediversite.com\/index.php\/2020\/05\/14\/les-violences-meurtrieres-cellou-dalein-diallo-exige-la-justice\/","name":"Les violences meurtri\u00e8res : Cellou Dalein Diallo exige la justice | Guin\u00e9e Diversit\u00e9","isPartOf":{"@id":"https:\/\/guineediversite.com\/#website"},"primaryImageOfPage":{"@id":"https:\/\/guineediversite.com\/index.php\/2020\/05\/14\/les-violences-meurtrieres-cellou-dalein-diallo-exige-la-justice\/#primaryimage"},"image":{"@id":"https:\/\/guineediversite.com\/index.php\/2020\/05\/14\/les-violences-meurtrieres-cellou-dalein-diallo-exige-la-justice\/#primaryimage"},"thumbnailUrl":"https:\/\/guineediversite.com\/wp-content\/uploads\/2020\/05\/Cellou-Dallein-Diallo.jpg","datePublished":"2020-05-14T19:15:14+00:00","dateModified":"2020-05-14T19:38:07+00:00","breadcrumb":{"@id":"https:\/\/guineediversite.com\/index.php\/2020\/05\/14\/les-violences-meurtrieres-cellou-dalein-diallo-exige-la-justice\/#breadcrumb"},"inLanguage":"fr-FR","potentialAction":[{"@type":"ReadAction","target":["https:\/\/guineediversite.com\/index.php\/2020\/05\/14\/les-violences-meurtrieres-cellou-dalein-diallo-exige-la-justice\/"]}]},{"@type":"ImageObject","inLanguage":"fr-FR","@id":"https:\/\/guineediversite.com\/index.php\/2020\/05\/14\/les-violences-meurtrieres-cellou-dalein-diallo-exige-la-justice\/#primaryimage","url":"https:\/\/guineediversite.com\/wp-content\/uploads\/2020\/05\/Cellou-Dallein-Diallo.jpg","contentUrl":"https:\/\/guineediversite.com\/wp-content\/uploads\/2020\/05\/Cellou-Dallein-Diallo.jpg","width":1500,"height":727},{"@type":"BreadcrumbList","@id":"https:\/\/guineediversite.com\/index.php\/2020\/05\/14\/les-violences-meurtrieres-cellou-dalein-diallo-exige-la-justice\/#breadcrumb","itemListElement":[{"@type":"ListItem","position":1,"name":"Accueil","item":"https:\/\/guineediversite.com\/"},{"@type":"ListItem","position":2,"name":"Les violences meurtri\u00e8res : Cellou Dalein Diallo exige la justice"}]},{"@type":"WebSite","@id":"https:\/\/guineediversite.com\/#website","url":"https:\/\/guineediversite.com\/","name":"Guin\u00e9e Diversit\u00e9","description":"L&#039;Info dans toute sa diversit\u00e9","publisher":{"@id":"https:\/\/guineediversite.com\/#organization"},"potentialAction":[{"@type":"SearchAction","target":{"@type":"EntryPoint","urlTemplate":"https:\/\/guineediversite.com\/?s={search_term_string}"},"query-input":{"@type":"PropertyValueSpecification","valueRequired":true,"valueName":"search_term_string"}}],"inLanguage":"fr-FR"},{"@type":"Organization","@id":"https:\/\/guineediversite.com\/#organization","name":"Guin\u00e9e Diversit\u00e9","url":"https:\/\/guineediversite.com\/","logo":{"@type":"ImageObject","inLanguage":"fr-FR","@id":"https:\/\/guineediversite.com\/#\/schema\/logo\/image\/","url":"https:\/\/guineediversite.com\/wp-content\/uploads\/2017\/04\/cropped-1jojlxEOMkX9Wyqfhe43D6kjPOGqBBKmx3EwWJqZ0cMrFF54yM49.png","contentUrl":"https:\/\/guineediversite.com\/wp-content\/uploads\/2017\/04\/cropped-1jojlxEOMkX9Wyqfhe43D6kjPOGqBBKmx3EwWJqZ0cMrFF54yM49.png","width":186,"height":112,"caption":"Guin\u00e9e Diversit\u00e9"},"image":{"@id":"https:\/\/guineediversite.com\/#\/schema\/logo\/image\/"},"sameAs":["https:\/\/www.facebook.com\/guineediversite\/","https:\/\/x.com\/GuineeDiversite","https:\/\/www.youtube.com\/channel\/UC8sUY16qelG5ge6_D5SB83g"]},{"@type":"Person","@id":"https:\/\/guineediversite.com\/#\/schema\/person\/fa362494c47202ce4b3adf55abcc9d01","name":"Morcire Camara","image":{"@type":"ImageObject","inLanguage":"fr-FR","@id":"https:\/\/guineediversite.com\/#\/schema\/person\/image\/","url":"https:\/\/secure.gravatar.com\/avatar\/3ec324f02295bbcebe03d99b39330ab4?s=96&d=mm&r=g","contentUrl":"https:\/\/secure.gravatar.com\/avatar\/3ec324f02295bbcebe03d99b39330ab4?s=96&d=mm&r=g","caption":"Morcire Camara"},"url":"https:\/\/guineediversite.com\/index.php\/author\/morcire\/"}]}},"_links":{"self":[{"href":"https:\/\/guineediversite.com\/index.php\/wp-json\/wp\/v2\/posts\/29190"}],"collection":[{"href":"https:\/\/guineediversite.com\/index.php\/wp-json\/wp\/v2\/posts"}],"about":[{"href":"https:\/\/guineediversite.com\/index.php\/wp-json\/wp\/v2\/types\/post"}],"author":[{"embeddable":true,"href":"https:\/\/guineediversite.com\/index.php\/wp-json\/wp\/v2\/users\/10"}],"replies":[{"embeddable":true,"href":"https:\/\/guineediversite.com\/index.php\/wp-json\/wp\/v2\/comments?post=29190"}],"version-history":[{"count":2,"href":"https:\/\/guineediversite.com\/index.php\/wp-json\/wp\/v2\/posts\/29190\/revisions"}],"predecessor-version":[{"id":29193,"href":"https:\/\/guineediversite.com\/index.php\/wp-json\/wp\/v2\/posts\/29190\/revisions\/29193"}],"wp:featuredmedia":[{"embeddable":true,"href":"https:\/\/guineediversite.com\/index.php\/wp-json\/wp\/v2\/media\/29191"}],"wp:attachment":[{"href":"https:\/\/guineediversite.com\/index.php\/wp-json\/wp\/v2\/media?parent=29190"}],"wp:term":[{"taxonomy":"category","embeddable":true,"href":"https:\/\/guineediversite.com\/index.php\/wp-json\/wp\/v2\/categories?post=29190"},{"taxonomy":"post_tag","embeddable":true,"href":"https:\/\/guineediversite.com\/index.php\/wp-json\/wp\/v2\/tags?post=29190"}],"curies":[{"name":"wp","href":"https:\/\/api.w.org\/{rel}","templated":true}]}}