{"id":29187,"date":"2020-05-14T20:55:33","date_gmt":"2020-05-14T18:55:33","guid":{"rendered":"https:\/\/guineediversite.com\/?p=29187"},"modified":"2020-05-14T20:55:37","modified_gmt":"2020-05-14T18:55:37","slug":"un-terroriste-arrete-qui-visait-le-clasico-barca-real","status":"publish","type":"post","link":"https:\/\/guineediversite.com\/index.php\/2020\/05\/14\/un-terroriste-arrete-qui-visait-le-clasico-barca-real\/","title":{"rendered":"Un terroriste arr\u00eat\u00e9 qui visait le Clasico Bar\u00e7a-Real"},"content":{"rendered":"\n<p>Un terroriste marocain a \u00e9t\u00e9 arr\u00eat\u00e9 le 8 mai \u00e0 Barcelone. Il planifiait un attentat lors du choc FC Barcelone \u2013 Real Madrid, au Camp Nou.<\/p>\n\n\n\n<p>L\u2019information a \u00e9t\u00e9 rendue publique par la Guardia Civil espagnole, qui a pu arr\u00eater ce terroriste gr\u00e2ce \u00e0 des informations communiqu\u00e9es par le FBI. Cette interpellation rappelle que la menace de Daech n\u2019a pas encore totalement disparu. Selon plusieurs m\u00e9dias ib\u00e9riques, l\u2019homme pr\u00e9voyait d\u2019organiser un attentat contre le prochain Clasico Bar\u00e7a-Real.<\/p>\n\n\n\n<p>S<strong>port.fr<\/strong><\/p>\n","protected":false},"excerpt":{"rendered":"<p>Un terroriste marocain a \u00e9t\u00e9 arr\u00eat\u00e9 le 8 mai \u00e0 Barcelone. Il planifiait un attentat lors du choc FC Barcelone \u2013 Real Madrid, au Camp Nou. L\u2019information a \u00e9t\u00e9 rendue publique par la Guardia Civil espagnole, qui a pu arr\u00eater ce terroriste gr\u00e2ce \u00e0 des informations communiqu\u00e9es par le FBI. Cette interpellation rappelle que la [&hellip;]<\/p>\n","protected":false},"author":12,"featured_media":29188,"comment_status":"closed","ping_status":"closed","sticky":false,"template":"","format":"standard","meta":{"_exactmetrics_skip_tracking":false,"_exactmetrics_sitenote_active":false,"_exactmetrics_sitenote_note":"","_exactmetrics_sitenote_category":0,"tdm_status":"","tdm_grid_status":"","footnotes":""},"categories":[18],"tags":[],"class_list":{"0":"post-29187","1":"post","2":"type-post","3":"status-publish","4":"format-standard","5":"has-post-thumbnail","7":"category-sport"},"yoast_head":"<!-- This site is optimized with the Yoast SEO plugin v24.2 - https:\/\/yoast.com\/wordpress\/plugins\/seo\/ -->\n<title>Un terroriste arr\u00eat\u00e9 qui visait le Clasico Bar\u00e7a-Real | Guin\u00e9e Diversit\u00e9<\/title>\n<meta name=\"robots\" content=\"index, follow, max-snippet:-1, max-image-preview:large, max-video-preview:-1\" \/>\n<link rel=\"canonical\" href=\"https:\/\/guineediversite.com\/index.php\/2020\/05\/14\/un-terroriste-arrete-qui-visait-le-clasico-barca-real\/\" \/>\n<meta property=\"og:locale\" content=\"fr_FR\" \/>\n<meta property=\"og:type\" content=\"article\" \/>\n<meta property=\"og:title\" content=\"Un terroriste arr\u00eat\u00e9 qui visait le Clasico Bar\u00e7a-Real | Guin\u00e9e Diversit\u00e9\" \/>\n<meta property=\"og:description\" content=\"Un terroriste marocain a \u00e9t\u00e9 arr\u00eat\u00e9 le 8 mai \u00e0 Barcelone. Il planifiait un attentat lors du choc FC Barcelone \u2013 Real Madrid, au Camp Nou. L\u2019information a \u00e9t\u00e9 rendue publique par la Guardia Civil espagnole, qui a pu arr\u00eater ce terroriste gr\u00e2ce \u00e0 des informations communiqu\u00e9es par le FBI. Cette interpellation rappelle que la [&hellip;]\" \/>\n<meta property=\"og:url\" content=\"https:\/\/guineediversite.com\/index.php\/2020\/05\/14\/un-terroriste-arrete-qui-visait-le-clasico-barca-real\/\" \/>\n<meta property=\"og:site_name\" content=\"Guin\u00e9e Diversit\u00e9\" \/>\n<meta property=\"article:publisher\" content=\"https:\/\/www.facebook.com\/guineediversite\/\" \/>\n<meta property=\"article:published_time\" content=\"2020-05-14T18:55:33+00:00\" \/>\n<meta property=\"article:modified_time\" content=\"2020-05-14T18:55:37+00:00\" \/>\n<meta property=\"og:image\" content=\"https:\/\/guineediversite.com\/wp-content\/uploads\/2020\/05\/CLASSICO-2.jpg\" \/>\n\t<meta property=\"og:image:width\" content=\"1500\" \/>\n\t<meta property=\"og:image:height\" content=\"840\" \/>\n\t<meta property=\"og:image:type\" content=\"image\/jpeg\" \/>\n<meta name=\"author\" content=\"Guin\u00e9e Diversit\u00e9\" \/>\n<meta name=\"twitter:card\" content=\"summary_large_image\" \/>\n<meta name=\"twitter:creator\" content=\"@GuineeDiversite\" \/>\n<meta name=\"twitter:site\" content=\"@GuineeDiversite\" \/>\n<meta name=\"twitter:label1\" content=\"\u00c9crit par\" \/>\n\t<meta name=\"twitter:data1\" content=\"Guin\u00e9e Diversit\u00e9\" \/>\n<script type=\"application\/ld+json\" class=\"yoast-schema-graph\">{\"@context\":\"https:\/\/schema.org\",\"@graph\":[{\"@type\":\"Article\",\"@id\":\"https:\/\/guineediversite.com\/index.php\/2020\/05\/14\/un-terroriste-arrete-qui-visait-le-clasico-barca-real\/#article\",\"isPartOf\":{\"@id\":\"https:\/\/guineediversite.com\/index.php\/2020\/05\/14\/un-terroriste-arrete-qui-visait-le-clasico-barca-real\/\"},\"author\":{\"name\":\"Guin\u00e9e Diversit\u00e9\",\"@id\":\"https:\/\/guineediversite.com\/#\/schema\/person\/afa08fb34e7fc6e1feafc892612bc836\"},\"headline\":\"Un terroriste arr\u00eat\u00e9 qui visait le Clasico Bar\u00e7a-Real\",\"datePublished\":\"2020-05-14T18:55:33+00:00\",\"dateModified\":\"2020-05-14T18:55:37+00:00\",\"mainEntityOfPage\":{\"@id\":\"https:\/\/guineediversite.com\/index.php\/2020\/05\/14\/un-terroriste-arrete-qui-visait-le-clasico-barca-real\/\"},\"wordCount\":97,\"publisher\":{\"@id\":\"https:\/\/guineediversite.com\/#organization\"},\"image\":{\"@id\":\"https:\/\/guineediversite.com\/index.php\/2020\/05\/14\/un-terroriste-arrete-qui-visait-le-clasico-barca-real\/#primaryimage\"},\"thumbnailUrl\":\"https:\/\/guineediversite.com\/wp-content\/uploads\/2020\/05\/CLASSICO-2.jpg\",\"articleSection\":[\"Sport\"],\"inLanguage\":\"fr-FR\"},{\"@type\":\"WebPage\",\"@id\":\"https:\/\/guineediversite.com\/index.php\/2020\/05\/14\/un-terroriste-arrete-qui-visait-le-clasico-barca-real\/\",\"url\":\"https:\/\/guineediversite.com\/index.php\/2020\/05\/14\/un-terroriste-arrete-qui-visait-le-clasico-barca-real\/\",\"name\":\"Un terroriste arr\u00eat\u00e9 qui visait le Clasico Bar\u00e7a-Real | Guin\u00e9e Diversit\u00e9\",\"isPartOf\":{\"@id\":\"https:\/\/guineediversite.com\/#website\"},\"primaryImageOfPage\":{\"@id\":\"https:\/\/guineediversite.com\/index.php\/2020\/05\/14\/un-terroriste-arrete-qui-visait-le-clasico-barca-real\/#primaryimage\"},\"image\":{\"@id\":\"https:\/\/guineediversite.com\/index.php\/2020\/05\/14\/un-terroriste-arrete-qui-visait-le-clasico-barca-real\/#primaryimage\"},\"thumbnailUrl\":\"https:\/\/guineediversite.com\/wp-content\/uploads\/2020\/05\/CLASSICO-2.jpg\",\"datePublished\":\"2020-05-14T18:55:33+00:00\",\"dateModified\":\"2020-05-14T18:55:37+00:00\",\"breadcrumb\":{\"@id\":\"https:\/\/guineediversite.com\/index.php\/2020\/05\/14\/un-terroriste-arrete-qui-visait-le-clasico-barca-real\/#breadcrumb\"},\"inLanguage\":\"fr-FR\",\"potentialAction\":[{\"@type\":\"ReadAction\",\"target\":[\"https:\/\/guineediversite.com\/index.php\/2020\/05\/14\/un-terroriste-arrete-qui-visait-le-clasico-barca-real\/\"]}]},{\"@type\":\"ImageObject\",\"inLanguage\":\"fr-FR\",\"@id\":\"https:\/\/guineediversite.com\/index.php\/2020\/05\/14\/un-terroriste-arrete-qui-visait-le-clasico-barca-real\/#primaryimage\",\"url\":\"https:\/\/guineediversite.com\/wp-content\/uploads\/2020\/05\/CLASSICO-2.jpg\",\"contentUrl\":\"https:\/\/guineediversite.com\/wp-content\/uploads\/2020\/05\/CLASSICO-2.jpg\",\"width\":1500,\"height\":840},{\"@type\":\"BreadcrumbList\",\"@id\":\"https:\/\/guineediversite.com\/index.php\/2020\/05\/14\/un-terroriste-arrete-qui-visait-le-clasico-barca-real\/#breadcrumb\",\"itemListElement\":[{\"@type\":\"ListItem\",\"position\":1,\"name\":\"Accueil\",\"item\":\"https:\/\/guineediversite.com\/\"},{\"@type\":\"ListItem\",\"position\":2,\"name\":\"Un terroriste arr\u00eat\u00e9 qui visait le Clasico Bar\u00e7a-Real\"}]},{\"@type\":\"WebSite\",\"@id\":\"https:\/\/guineediversite.com\/#website\",\"url\":\"https:\/\/guineediversite.com\/\",\"name\":\"Guin\u00e9e Diversit\u00e9\",\"description\":\"L&#039;Info dans toute sa diversit\u00e9\",\"publisher\":{\"@id\":\"https:\/\/guineediversite.com\/#organization\"},\"potentialAction\":[{\"@type\":\"SearchAction\",\"target\":{\"@type\":\"EntryPoint\",\"urlTemplate\":\"https:\/\/guineediversite.com\/?s={search_term_string}\"},\"query-input\":{\"@type\":\"PropertyValueSpecification\",\"valueRequired\":true,\"valueName\":\"search_term_string\"}}],\"inLanguage\":\"fr-FR\"},{\"@type\":\"Organization\",\"@id\":\"https:\/\/guineediversite.com\/#organization\",\"name\":\"Guin\u00e9e Diversit\u00e9\",\"url\":\"https:\/\/guineediversite.com\/\",\"logo\":{\"@type\":\"ImageObject\",\"inLanguage\":\"fr-FR\",\"@id\":\"https:\/\/guineediversite.com\/#\/schema\/logo\/image\/\",\"url\":\"https:\/\/guineediversite.com\/wp-content\/uploads\/2017\/04\/cropped-1jojlxEOMkX9Wyqfhe43D6kjPOGqBBKmx3EwWJqZ0cMrFF54yM49.png\",\"contentUrl\":\"https:\/\/guineediversite.com\/wp-content\/uploads\/2017\/04\/cropped-1jojlxEOMkX9Wyqfhe43D6kjPOGqBBKmx3EwWJqZ0cMrFF54yM49.png\",\"width\":186,\"height\":112,\"caption\":\"Guin\u00e9e Diversit\u00e9\"},\"image\":{\"@id\":\"https:\/\/guineediversite.com\/#\/schema\/logo\/image\/\"},\"sameAs\":[\"https:\/\/www.facebook.com\/guineediversite\/\",\"https:\/\/x.com\/GuineeDiversite\",\"https:\/\/www.youtube.com\/channel\/UC8sUY16qelG5ge6_D5SB83g\"]},{\"@type\":\"Person\",\"@id\":\"https:\/\/guineediversite.com\/#\/schema\/person\/afa08fb34e7fc6e1feafc892612bc836\",\"name\":\"Guin\u00e9e Diversit\u00e9\",\"image\":{\"@type\":\"ImageObject\",\"inLanguage\":\"fr-FR\",\"@id\":\"https:\/\/guineediversite.com\/#\/schema\/person\/image\/\",\"url\":\"https:\/\/secure.gravatar.com\/avatar\/50d5eb5b390f8b65ac30ac6f898eb83a?s=96&d=mm&r=g\",\"contentUrl\":\"https:\/\/secure.gravatar.com\/avatar\/50d5eb5b390f8b65ac30ac6f898eb83a?s=96&d=mm&r=g\",\"caption\":\"Guin\u00e9e Diversit\u00e9\"},\"url\":\"https:\/\/guineediversite.com\/index.php\/author\/guineediversite\/\"}]}<\/script>\n<!-- \/ Yoast SEO plugin. -->","yoast_head_json":{"title":"Un terroriste arr\u00eat\u00e9 qui visait le Clasico Bar\u00e7a-Real | Guin\u00e9e Diversit\u00e9","robots":{"index":"index","follow":"follow","max-snippet":"max-snippet:-1","max-image-preview":"max-image-preview:large","max-video-preview":"max-video-preview:-1"},"canonical":"https:\/\/guineediversite.com\/index.php\/2020\/05\/14\/un-terroriste-arrete-qui-visait-le-clasico-barca-real\/","og_locale":"fr_FR","og_type":"article","og_title":"Un terroriste arr\u00eat\u00e9 qui visait le Clasico Bar\u00e7a-Real | Guin\u00e9e Diversit\u00e9","og_description":"Un terroriste marocain a \u00e9t\u00e9 arr\u00eat\u00e9 le 8 mai \u00e0 Barcelone. Il planifiait un attentat lors du choc FC Barcelone \u2013 Real Madrid, au Camp Nou. L\u2019information a \u00e9t\u00e9 rendue publique par la Guardia Civil espagnole, qui a pu arr\u00eater ce terroriste gr\u00e2ce \u00e0 des informations communiqu\u00e9es par le FBI. Cette interpellation rappelle que la [&hellip;]","og_url":"https:\/\/guineediversite.com\/index.php\/2020\/05\/14\/un-terroriste-arrete-qui-visait-le-clasico-barca-real\/","og_site_name":"Guin\u00e9e Diversit\u00e9","article_publisher":"https:\/\/www.facebook.com\/guineediversite\/","article_published_time":"2020-05-14T18:55:33+00:00","article_modified_time":"2020-05-14T18:55:37+00:00","og_image":[{"width":1500,"height":840,"url":"https:\/\/guineediversite.com\/wp-content\/uploads\/2020\/05\/CLASSICO-2.jpg","type":"image\/jpeg"}],"author":"Guin\u00e9e Diversit\u00e9","twitter_card":"summary_large_image","twitter_creator":"@GuineeDiversite","twitter_site":"@GuineeDiversite","twitter_misc":{"\u00c9crit par":"Guin\u00e9e Diversit\u00e9"},"schema":{"@context":"https:\/\/schema.org","@graph":[{"@type":"Article","@id":"https:\/\/guineediversite.com\/index.php\/2020\/05\/14\/un-terroriste-arrete-qui-visait-le-clasico-barca-real\/#article","isPartOf":{"@id":"https:\/\/guineediversite.com\/index.php\/2020\/05\/14\/un-terroriste-arrete-qui-visait-le-clasico-barca-real\/"},"author":{"name":"Guin\u00e9e Diversit\u00e9","@id":"https:\/\/guineediversite.com\/#\/schema\/person\/afa08fb34e7fc6e1feafc892612bc836"},"headline":"Un terroriste arr\u00eat\u00e9 qui visait le Clasico Bar\u00e7a-Real","datePublished":"2020-05-14T18:55:33+00:00","dateModified":"2020-05-14T18:55:37+00:00","mainEntityOfPage":{"@id":"https:\/\/guineediversite.com\/index.php\/2020\/05\/14\/un-terroriste-arrete-qui-visait-le-clasico-barca-real\/"},"wordCount":97,"publisher":{"@id":"https:\/\/guineediversite.com\/#organization"},"image":{"@id":"https:\/\/guineediversite.com\/index.php\/2020\/05\/14\/un-terroriste-arrete-qui-visait-le-clasico-barca-real\/#primaryimage"},"thumbnailUrl":"https:\/\/guineediversite.com\/wp-content\/uploads\/2020\/05\/CLASSICO-2.jpg","articleSection":["Sport"],"inLanguage":"fr-FR"},{"@type":"WebPage","@id":"https:\/\/guineediversite.com\/index.php\/2020\/05\/14\/un-terroriste-arrete-qui-visait-le-clasico-barca-real\/","url":"https:\/\/guineediversite.com\/index.php\/2020\/05\/14\/un-terroriste-arrete-qui-visait-le-clasico-barca-real\/","name":"Un terroriste arr\u00eat\u00e9 qui visait le Clasico Bar\u00e7a-Real | Guin\u00e9e Diversit\u00e9","isPartOf":{"@id":"https:\/\/guineediversite.com\/#website"},"primaryImageOfPage":{"@id":"https:\/\/guineediversite.com\/index.php\/2020\/05\/14\/un-terroriste-arrete-qui-visait-le-clasico-barca-real\/#primaryimage"},"image":{"@id":"https:\/\/guineediversite.com\/index.php\/2020\/05\/14\/un-terroriste-arrete-qui-visait-le-clasico-barca-real\/#primaryimage"},"thumbnailUrl":"https:\/\/guineediversite.com\/wp-content\/uploads\/2020\/05\/CLASSICO-2.jpg","datePublished":"2020-05-14T18:55:33+00:00","dateModified":"2020-05-14T18:55:37+00:00","breadcrumb":{"@id":"https:\/\/guineediversite.com\/index.php\/2020\/05\/14\/un-terroriste-arrete-qui-visait-le-clasico-barca-real\/#breadcrumb"},"inLanguage":"fr-FR","potentialAction":[{"@type":"ReadAction","target":["https:\/\/guineediversite.com\/index.php\/2020\/05\/14\/un-terroriste-arrete-qui-visait-le-clasico-barca-real\/"]}]},{"@type":"ImageObject","inLanguage":"fr-FR","@id":"https:\/\/guineediversite.com\/index.php\/2020\/05\/14\/un-terroriste-arrete-qui-visait-le-clasico-barca-real\/#primaryimage","url":"https:\/\/guineediversite.com\/wp-content\/uploads\/2020\/05\/CLASSICO-2.jpg","contentUrl":"https:\/\/guineediversite.com\/wp-content\/uploads\/2020\/05\/CLASSICO-2.jpg","width":1500,"height":840},{"@type":"BreadcrumbList","@id":"https:\/\/guineediversite.com\/index.php\/2020\/05\/14\/un-terroriste-arrete-qui-visait-le-clasico-barca-real\/#breadcrumb","itemListElement":[{"@type":"ListItem","position":1,"name":"Accueil","item":"https:\/\/guineediversite.com\/"},{"@type":"ListItem","position":2,"name":"Un terroriste arr\u00eat\u00e9 qui visait le Clasico Bar\u00e7a-Real"}]},{"@type":"WebSite","@id":"https:\/\/guineediversite.com\/#website","url":"https:\/\/guineediversite.com\/","name":"Guin\u00e9e Diversit\u00e9","description":"L&#039;Info dans toute sa diversit\u00e9","publisher":{"@id":"https:\/\/guineediversite.com\/#organization"},"potentialAction":[{"@type":"SearchAction","target":{"@type":"EntryPoint","urlTemplate":"https:\/\/guineediversite.com\/?s={search_term_string}"},"query-input":{"@type":"PropertyValueSpecification","valueRequired":true,"valueName":"search_term_string"}}],"inLanguage":"fr-FR"},{"@type":"Organization","@id":"https:\/\/guineediversite.com\/#organization","name":"Guin\u00e9e Diversit\u00e9","url":"https:\/\/guineediversite.com\/","logo":{"@type":"ImageObject","inLanguage":"fr-FR","@id":"https:\/\/guineediversite.com\/#\/schema\/logo\/image\/","url":"https:\/\/guineediversite.com\/wp-content\/uploads\/2017\/04\/cropped-1jojlxEOMkX9Wyqfhe43D6kjPOGqBBKmx3EwWJqZ0cMrFF54yM49.png","contentUrl":"https:\/\/guineediversite.com\/wp-content\/uploads\/2017\/04\/cropped-1jojlxEOMkX9Wyqfhe43D6kjPOGqBBKmx3EwWJqZ0cMrFF54yM49.png","width":186,"height":112,"caption":"Guin\u00e9e Diversit\u00e9"},"image":{"@id":"https:\/\/guineediversite.com\/#\/schema\/logo\/image\/"},"sameAs":["https:\/\/www.facebook.com\/guineediversite\/","https:\/\/x.com\/GuineeDiversite","https:\/\/www.youtube.com\/channel\/UC8sUY16qelG5ge6_D5SB83g"]},{"@type":"Person","@id":"https:\/\/guineediversite.com\/#\/schema\/person\/afa08fb34e7fc6e1feafc892612bc836","name":"Guin\u00e9e Diversit\u00e9","image":{"@type":"ImageObject","inLanguage":"fr-FR","@id":"https:\/\/guineediversite.com\/#\/schema\/person\/image\/","url":"https:\/\/secure.gravatar.com\/avatar\/50d5eb5b390f8b65ac30ac6f898eb83a?s=96&d=mm&r=g","contentUrl":"https:\/\/secure.gravatar.com\/avatar\/50d5eb5b390f8b65ac30ac6f898eb83a?s=96&d=mm&r=g","caption":"Guin\u00e9e Diversit\u00e9"},"url":"https:\/\/guineediversite.com\/index.php\/author\/guineediversite\/"}]}},"_links":{"self":[{"href":"https:\/\/guineediversite.com\/index.php\/wp-json\/wp\/v2\/posts\/29187"}],"collection":[{"href":"https:\/\/guineediversite.com\/index.php\/wp-json\/wp\/v2\/posts"}],"about":[{"href":"https:\/\/guineediversite.com\/index.php\/wp-json\/wp\/v2\/types\/post"}],"author":[{"embeddable":true,"href":"https:\/\/guineediversite.com\/index.php\/wp-json\/wp\/v2\/users\/12"}],"replies":[{"embeddable":true,"href":"https:\/\/guineediversite.com\/index.php\/wp-json\/wp\/v2\/comments?post=29187"}],"version-history":[{"count":1,"href":"https:\/\/guineediversite.com\/index.php\/wp-json\/wp\/v2\/posts\/29187\/revisions"}],"predecessor-version":[{"id":29189,"href":"https:\/\/guineediversite.com\/index.php\/wp-json\/wp\/v2\/posts\/29187\/revisions\/29189"}],"wp:featuredmedia":[{"embeddable":true,"href":"https:\/\/guineediversite.com\/index.php\/wp-json\/wp\/v2\/media\/29188"}],"wp:attachment":[{"href":"https:\/\/guineediversite.com\/index.php\/wp-json\/wp\/v2\/media?parent=29187"}],"wp:term":[{"taxonomy":"category","embeddable":true,"href":"https:\/\/guineediversite.com\/index.php\/wp-json\/wp\/v2\/categories?post=29187"},{"taxonomy":"post_tag","embeddable":true,"href":"https:\/\/guineediversite.com\/index.php\/wp-json\/wp\/v2\/tags?post=29187"}],"curies":[{"name":"wp","href":"https:\/\/api.w.org\/{rel}","templated":true}]}}