{"id":29184,"date":"2020-05-14T20:48:30","date_gmt":"2020-05-14T18:48:30","guid":{"rendered":"https:\/\/guineediversite.com\/?p=29184"},"modified":"2020-05-14T20:48:34","modified_gmt":"2020-05-14T18:48:34","slug":"coronavirus-au-senegal-deux-pas-en-avant-un-pas-en-arriere","status":"publish","type":"post","link":"https:\/\/guineediversite.com\/index.php\/2020\/05\/14\/coronavirus-au-senegal-deux-pas-en-avant-un-pas-en-arriere\/","title":{"rendered":"Coronavirus au S\u00e9n\u00e9gal: deux pas en avant, un pas en arri\u00e8re"},"content":{"rendered":"\n<p><strong>Depuis l\u2019annonce du premier cas test\u00e9 positif au Covid-19, le 2 mars, le pays a rapidement pris une batterie de mesures, sans instaurer de confinement. Une r\u00e9ponse gradu\u00e9e qui a permis de limiter la propagation de l\u2019\u00e9pid\u00e9mie. La priorit\u00e9 : l\u2019action pr\u00e9ventive, pour \u00e9viter un d\u00e9bordement du syst\u00e8me de sant\u00e9. Mais alors que le nombre de cas ne cesse d\u2019augmenter, le chef de l\u2019\u00c9tat a annonc\u00e9 un all\u00e8gement des restrictions.<\/strong><\/p>\n\n\n\n<p>Chaque matin, c\u2019est le m\u00eame rituel. \u00c0 10 heures, le point presse du minist\u00e8re de la Sant\u00e9 est retransmis en direct sur sa page Facebook. Nouveaux cas positifs. Cas contacts, communautaires. Gu\u00e9risons. D\u00e9c\u00e8s. Rappel des mesures de pr\u00e9vention.<\/p>\n\n\n\n<p>Depuis l\u2019annonce du premier cas,<strong>&nbsp;le 2 mars<\/strong>, le S\u00e9n\u00e9gal enregistre au mercredi 13 mai 2&nbsp;105 cas positifs, dont 1&nbsp;301 sous traitement, et 22&nbsp;d\u00e9c\u00e8s. Des d\u00e9c\u00e8s en proportion infiniment moindre, compar\u00e9 \u00e0 ce qui s&rsquo;est produit en Europe ou aux \u00c9tats-Unis. Au S\u00e9n\u00e9gal, le Covid-19&nbsp;s\u2019attaque \u00e0 une population plus jeune, mais aussi \u00e0 une organisation sociale diff\u00e9rente.<\/p>\n\n\n\n<p>Il y a deux&nbsp;mois, cette pand\u00e9mie \u00e9tait encore consid\u00e9r\u00e9e par une majorit\u00e9 de S\u00e9n\u00e9galais comme une \u00ab&nbsp;maladie lointaine&nbsp;\u00bb. Aujourd\u2019hui, \u00ab&nbsp;corona&nbsp;\u00bb, comme on l\u2019appelle simplement ici, a chang\u00e9 le quotidien.&nbsp;<strong><a href=\"http:\/\/www.rfi.fr\/fr\/afrique\/20200420-coronavirus-s%C3%A9n%C3%A9gal-le-port-masque-est-d%C3%A9sormais-obligatoire\" target=\"_blank\" rel=\"noreferrer noopener\">Le port du masque est obligatoire<\/a><\/strong>. Dans les rues de Dakar, quasiment tout le monde en porte un, en tissu ou en papier.&nbsp;Des protections cousues en un temps record dans les ateliers de quartiers, ou achet\u00e9es \u00e0 prix d\u2019or en pharmacies.<\/p>\n\n\n\n<p>Aux ronds-points, la police et la gendarmerie veillent au respect de l\u2019interdiction des d\u00e9placements entre r\u00e9gions. Les forces de s\u00e9curit\u00e9 int\u00e9rieure&nbsp;ont aussi pour mission de&nbsp;<a href=\"http:\/\/www.rfi.fr\/fr\/afrique\/20200509-covid-19-%C3%A0-dakar-les-policiers-charg%C3%A9s-faire-respecter-les-mesures-protection\" target=\"_blank\" rel=\"noreferrer noopener\">faire appliquer le couvre-feu<\/a>, d\u2019abord instaur\u00e9 de 20 heures \u00e0 6 heures du matin, puis de 21 heures \u00e0 5 heures. Semaine&nbsp;apr\u00e8s semaine, les autorit\u00e9s ont mis en place une r\u00e9ponse par \u00e9tape, pour \u00e9viter que le syst\u00e8me de sant\u00e9 ne soit satur\u00e9.&nbsp;<strong><a href=\"http:\/\/www.rfi.fr\/fr\/afrique\/20200512-s%C3%A9n%C3%A9gal-macky-sall-phase-gestion-covid-19\" target=\"_blank\" rel=\"noreferrer noopener\">Ce 11 mai, le pr\u00e9sident Macky Sall&nbsp;<\/a><\/strong>est pourtant revenu sur certaines mesures. R\u00e9ouverture des lieux de culte, des \u00e9coles pour les \u00e9l\u00e8ves qui passent des examens, lev\u00e9e des restrictions sur l\u2019ouverture des march\u00e9s et commerces\u2026 Le chef de l\u2019\u00c9tat appelle d\u00e9sormais les S\u00e9n\u00e9galais \u00e0 \u00ab&nbsp;<em>apprendre \u00e0 vivre avec le virus<\/em>&nbsp;\u00bb.<\/p>\n\n\n\n<p><strong>Le choix de l\u2019hydroxychloroquine<\/strong><\/p>\n\n\n\n<p>Face au Covid-19, le S\u00e9n\u00e9gal dispose de capacit\u00e9s r\u00e9elles \u2013&nbsp;m\u00eame si limit\u00e9es&nbsp;\u2013&nbsp;en mati\u00e8re de sant\u00e9, et d\u2019institutions solides. D\u00e8s<strong>&nbsp;le 25 f\u00e9vrier,<\/strong>&nbsp;les d\u00e9l\u00e9gations d\u2019une quinzaine de pays africains se rendent pr\u00e9cis\u00e9ment \u00e0 l\u2019Institut Pasteur de Dakar pour tenter de coordonner la riposte africaine. Le S\u00e9n\u00e9gal peut se pr\u00e9valoir de l\u2019exp\u00e9rience de la lutte contre Ebola, et de sp\u00e9cialistes de renom, comme le docteur Amadou Sall, qui dirige l\u2019<a href=\"http:\/\/www.rfi.fr\/fr\/afrique\/20200409-coronavirus-l-approche-l-institut-pasteur-dakar-les-essais-cliniques\" target=\"_blank\" rel=\"noreferrer noopener\"><strong>Institut Pasteur de Dakar,<\/strong><\/a>&nbsp;ou encore le professeur&nbsp;<a href=\"http:\/\/atelier.rfi.fr\/profiles\/blogs\/senegal-le-professeur\" target=\"_blank\" rel=\"noreferrer noopener\"><strong>Souleymane Mboup<\/strong><\/a>, co-d\u00e9couvreur du VIH-2 et fondateur de l\u2019Institut de recherche en sant\u00e9, de surveillance \u00e9pid\u00e9miologique et de formation (Iressef).<\/p>\n\n\n\n<p>Depuis l\u2019h\u00f4pital de Fann \u00e0 Dakar, c\u2019est le professeur&nbsp;<strong><a href=\"http:\/\/www.rfi.fr\/fr\/podcasts\/20200329-chloroquine-pr-moussa-seydi-s%C3%A9n%C3%A9gal-baisse-rapide-charge-virale\" target=\"_blank\" rel=\"noreferrer noopener\">Moussa Seydi<\/a><\/strong>, chef du service des maladies infectieuses et tropicales, qui informe \u00ab&nbsp;en direct&nbsp;\u00bb le chef de l\u2019\u00c9tat sur l\u2019\u00e9volution de la situation.&nbsp;Le sp\u00e9cialiste a fait tr\u00e8s t\u00f4t le choix d\u2019introduire dans le protocole de traitement&nbsp;<strong><a href=\"http:\/\/www.rfi.fr\/fr\/afrique\/20200326-le-s%C3%A9n%C3%A9gal-a-d%C3%A9cid%C3%A9-d-exp%C3%A9rimenter-la-chloroquine-traiter-malades-coronavirus\" target=\"_blank\" rel=\"noreferrer noopener\">l\u2019hydroxychloroquine<\/a><\/strong>, vant\u00e9e par le professeur&nbsp;<a href=\"http:\/\/www.rfi.fr\/fr\/pac\/20200323-didier-raoult-infectiologue-chloroquine-soigner-coronavirus-portrait\" target=\"_blank\" rel=\"noreferrer noopener\"><strong>Didier Raoult<\/strong><\/a>&nbsp;en France. Les th\u00e8ses du m\u00e9decin marseillais, natif de Dakar, trouvent un \u00e9cho particulier au S\u00e9n\u00e9gal o\u00f9 il dispose de relais.&nbsp; \u00ab&nbsp;<em>Il y a urgence<\/em>, rappelait&nbsp;<a href=\"http:\/\/www.rfi.fr\/fr\/podcasts\/20200329-chloroquine-pr-moussa-seydi-s%C3%A9n%C3%A9gal-baisse-rapide-charge-virale\" target=\"_blank\" rel=\"noreferrer noopener\"><strong>Moussa Seydi&nbsp;<\/strong><\/a>dans une interview \u00e0 RFI,&nbsp;<em>pour lib\u00e9rer des places et prendre en charge d\u2019autres patients<\/em>&nbsp;\u00bb.&nbsp; C\u2019est cet \u00e9quilibre entre \u00ab&nbsp;<em>patients admis et patient gu\u00e9ris<\/em>&nbsp;\u00bb qui doit,&nbsp;en principe,&nbsp;permettre au syst\u00e8me de sant\u00e9 de garder la t\u00eate hors de l\u2019eau.&nbsp; Selon une \u00e9tude s\u00e9n\u00e9galaise d\u00e9voil\u00e9e d\u00e9but mai, ce traitement \u00e0 l\u2019hydroxychloroquine aurait permis de gagner environ 48 heures sur la dur\u00e9e d\u2019hospitalisation pour les cas les plus graves.<\/p>\n\n\n\n<p>Les marges de man\u0153uvre demeurent toutefois r\u00e9duites dans les h\u00f4pitaux du pays, avec de fortes disparit\u00e9s entre la capitale et les r\u00e9gions. C\u00f4t\u00e9 \u00e9quipements, le chiffre de 50 respirateurs en \u00e9tat de fonctionner circulait au d\u00e9but de la crise, mais les autorit\u00e9s sanitaires ont depuis annonc\u00e9 avoir pass\u00e9 une nouvelle commande. Le nombre de lits disponibles, 500 au d\u00e9part, a \u00e9t\u00e9 augment\u00e9, mais certains patients sont d\u00e9sormais pris en charge hors des h\u00f4pitaux.&nbsp; Quant aux \u00ab&nbsp;cas contacts&nbsp;\u00bb, les proches de malades confirm\u00e9s, ils sont d\u00e8s le d\u00e9part isol\u00e9s dans des h\u00f4tels r\u00e9quisitionn\u00e9s. \u00c0 Dakar, une trentaine de sites sont aujourd\u2019hui en capacit\u00e9 de les accueillir.<\/p>\n\n\n\n<p><strong>Couper les liaisons avec l\u2019Europe<\/strong><\/p>\n\n\n\n<p>Alors que l\u2019Italie, bient\u00f4t rattrap\u00e9e par la France, l\u2019Espagne et la Grande-Bretagne&nbsp;croulaient d\u00e9j\u00e0 sous les cas, le S\u00e9n\u00e9gal a rapidement cherch\u00e9 \u00e0 prendre le probl\u00e8me \u00e0 la source. Le \u00ab&nbsp;patient z\u00e9ro&nbsp;\u00bb est un Fran\u00e7ais \u00e9tabli au S\u00e9n\u00e9gal, rentr\u00e9 \u00e0 Dakar quelques jours plus t\u00f4t. Les 4 premiers cas sont tous des cas dits \u00ab&nbsp;import\u00e9s&nbsp;\u00bb. Le 12 mars l\u2019alerte vient, cette fois,&nbsp;<strong><a href=\"http:\/\/www.rfi.fr\/fr\/afrique\/20200313-coronavirus-cinq-nouveaux-cas-s%C3%A9n%C3%A9gal-inqui%C3%A9tude-autour-kazu-rajab-touba\" target=\"_blank\" rel=\"noreferrer noopener\">de Touba<\/a><\/strong>, \u00e0 200 km de Dakar, ville sainte pour la confr\u00e9rie des mourides. Un ressortissant s\u00e9n\u00e9galais travaillant en Italie (un \u00ab&nbsp;<em>modou modou<\/em>&nbsp;\u00bb, en wolof), vient de contaminer sa famille et une bonne partie du personnel soignant du centre de sant\u00e9 de Darou Marnane o\u00f9 il a \u00e9t\u00e9 pris en charge. L\u2019arm\u00e9e vole au secours de la ville sainte des mourides&nbsp;et annonce le d\u00e9ploiement d\u2019un h\u00f4pital militaire de campagne \u00e0 Touba. Il sortira de terre en 48 heures.&nbsp;&nbsp;<\/p>\n\n\n\n<p>Face \u00e0 la hausse des \u00ab&nbsp;cas&nbsp;import\u00e9s&nbsp;\u00bb,&nbsp;<strong><a href=\"http:\/\/www.rfi.fr\/fr\/afrique\/20200403-coronavirus-l%C3%A9tat-fermetures-fronti%C3%A8res-le-continent-africain\" target=\"_blank\" rel=\"noreferrer noopener\">les autorit\u00e9s ferment les fronti\u00e8res<\/a><\/strong>. D\u00e8s le 18 mars pour certains pays dont la France, l\u2019Italie, l\u2019Espagne, l\u2019Alg\u00e9rie et la Tunisie. Le 20 mars, \u00e0 23h59, ce sont tous les vols \u00e0 destination&nbsp;et en provenance du S\u00e9n\u00e9gal qui sont suspendus. La mesure est prolong\u00e9e, pour l\u2019instant, jusqu\u2019au 31 mai.<\/p>\n\n\n\n<p>Avec la fermeture des fronti\u00e8res, plus de \u00ab&nbsp;cas&nbsp;import\u00e9s&nbsp;\u00bb. Mais l\u2019\u00e9pid\u00e9mie franchit un nouveau stade avec la multiplication de cas dits \u00ab&nbsp;communautaires&nbsp;\u00bb (qui ne peuvent pas \u00eatre li\u00e9s \u00e0 un cas identifi\u00e9), et l\u2019apparition de plusieurs foyers en r\u00e9gions : en quelques semaines, Dakar, Rufisque, Touba, Louga, Diourbel, Ziguinchor, Popenguine, Saint-Louis et Fatick vont \u00eatre touch\u00e9s \u00e0 des degr\u00e9s divers. \u00ab&nbsp;<em>Le virus se s\u00e9n\u00e9galise<\/em>&nbsp;\u00bb, titre alors la presse.<\/p>\n\n\n\n<p><strong>Composer avec les chefs religieux<\/strong><\/p>\n\n\n\n<p>Depuis la premi\u00e8re allocution du pr\u00e9sident Macky Sall, le 14 mars,&nbsp;<strong><a href=\"http:\/\/www.rfi.fr\/fr\/afrique\/20200314-coronavirus-manifestations-publiques-interdites-et-%C3%A9coles-ferm%C3%A9es-s%C3%A9n%C3%A9gal\" target=\"_blank\" rel=\"noreferrer noopener\">toutes les manifestations publiques sont interdites sur l\u2019ensemble du territoire<\/a><\/strong>. Les \u00e9coles et universit\u00e9s ont ferm\u00e9 leurs portes. Une rentr\u00e9e partielle est pr\u00e9vue le 2 juin pour les \u00e9l\u00e8ves en classe&nbsp;d\u2019examen. D\u00e8s le d\u00e9part, le pouvoir doit composer avec les chefs religieux. La d\u00e9cision de fermer les lieux de culte est contest\u00e9e par certains responsables musulmans.&nbsp;<strong><a href=\"http:\/\/www.rfi.fr\/fr\/afrique\/20200321-polemique-coronavirus-secretaire-general-presidence-priere-touba-mourides\" target=\"_blank\" rel=\"noreferrer noopener\">Le 20 mars \u00e0 Touba<\/a><\/strong>, le khalife g\u00e9n\u00e9ral de la confr\u00e9rie mouride participe \u00e0 la pri\u00e8re collective du vendredi. \u00c0 Dakar, une manifestation \u00e9clate dans le quartier de Yoff, apr\u00e8s l\u2019arrestation d\u2019un imam qui venait de braver l\u2019interdit en dirigeant la pri\u00e8re. Les rassemblements religieux pr\u00e9vus fin mars sont annul\u00e9s&nbsp;<em>in extremis<\/em>. Au d\u00e9but du ramadan, le 25 avril, des voix s\u2019\u00e9l\u00e8vent encore pour demander la r\u00e9ouverture des mosqu\u00e9es. Finalement, ce 11 mai, le chef de l\u2019\u00c9tat annonce&nbsp;<strong><a href=\"http:\/\/www.rfi.fr\/fr\/afrique\/20200512-s%C3%A9n%C3%A9gal-macky-sall-phase-gestion-covid-19\" target=\"_blank\" rel=\"noreferrer noopener\">la r\u00e9ouverture de lieux de culte<\/a><\/strong>. L\u2019interdiction de rassemblements se heurte aussi \u00e0 une r\u00e9alit\u00e9 sociale, dans de nombreux quartiers \u00e0 tr\u00e8s forte densit\u00e9. Le slogan \u00ab&nbsp;Restez chez vous&nbsp;\u00bb reste pour beaucoup difficile \u00e0 appliquer.<\/p>\n\n\n\n<p><strong>\u00c9tat d\u2019urgence et parole pr\u00e9sidentielle omnipr\u00e9sente<\/strong><\/p>\n\n\n\n<p>Le S\u00e9n\u00e9gal vit sous \u00e9tat d\u2019urgence depuis le 23 mars. D\u00e8s le d\u00e9but de la crise, le pr\u00e9sident Macky Sall multiplie les interventions. Dans des messages \u00e0 la Nation, comme dans la presse internationale (<strong><a href=\"http:\/\/www.rfi.fr\/fr\/video\/20200417-s%C3%A9n%C3%A9gal-couvre-feu-%C3%A9largi-mais-pas-confinement-macky-sall\" target=\"_blank\" rel=\"noreferrer noopener\">entretien exclusif sur RFI le 17 avril<\/a><\/strong>), il s\u2019efforce d\u2019expliquer et de d\u00e9tailler les mesures sanitaires et d\u2019accompagnement \u00e9conomique d\u00e9cid\u00e9es \u00e0 la t\u00eate de l\u2019\u00c9tat. Le message envoy\u00e9 se veut clair&nbsp;: \u00ab&nbsp;<em>Le pr\u00e9sident tient solidement la barre<\/em>&nbsp;\u00bb, assure un proche du dossier.&nbsp; De son c\u00f4t\u00e9, l\u2019opposition n\u2019a pas d\u2019autre choix que de faire front commun, ou du moins profil bas. \u00ab&nbsp;<em>L\u2019eau qui est destin\u00e9e \u00e0 \u00e9teindre le feu n\u2019a pas besoin d\u2019\u00eatre filtr\u00e9e<\/em>, disait fin mars Idrissa Seck&nbsp;du parti Rewmi.&nbsp;<em>On n\u2019a pas le temps de trop d\u00e9battre, il s\u2019agit d\u2019une mobilisation g\u00e9n\u00e9rale.<\/em>&nbsp;\u00bb&nbsp;Le 1er avril, l\u2019Assembl\u00e9e nationale votera la loi d\u2019habilitation permettant au chef de l\u2019\u00c9tat de l\u00e9gif\u00e9rer par ordonnances.<\/p>\n\n\n\n<p>Au premier soir du couvre-feu, \u00e0 Dakar&nbsp;la police n\u2019y va pas de main morte avec les retardataires. D\u00e8s la premi\u00e8re nuit, les vid\u00e9os des violences polici\u00e8res circulent sur les r\u00e9seaux sociaux. Le lendemain,<strong><a href=\"http:\/\/www.rfi.fr\/fr\/ticker\/lutte-contre-le-coronavirus-s%C3%A9n%C3%A9gal-la-police-reconnait-interventions-excessives-faire-respec\" target=\"_blank\" rel=\"noreferrer noopener\">&nbsp;la police reconna\u00eet des \u00ab<\/a><\/strong>&nbsp;<strong><a href=\"http:\/\/www.rfi.fr\/fr\/ticker\/lutte-contre-le-coronavirus-s%C3%A9n%C3%A9gal-la-police-reconnait-interventions-excessives-faire-respec\" target=\"_blank\" rel=\"noreferrer noopener\"><em>interventions excessives<\/em><\/a><\/strong>&nbsp;<strong><a href=\"http:\/\/www.rfi.fr\/fr\/ticker\/lutte-contre-le-coronavirus-s%C3%A9n%C3%A9gal-la-police-reconnait-interventions-excessives-faire-respec\" target=\"_blank\" rel=\"noreferrer noopener\">\u00bb<\/a><\/strong>, mais l\u2019avertissement a \u00e9t\u00e9 entendu&nbsp;: le couvre-feu sera strictement appliqu\u00e9.&nbsp; Avec l\u2019\u00e9tat d\u2019urgence, d\u00e9sormais prolong\u00e9 jusqu\u2019au 2 juin, on assiste \u00e0 une prise de conscience. Le 31 mars, la nouvelle secoue la capitale :&nbsp;<strong><a href=\"http:\/\/www.rfi.fr\/fr\/sports\/20200331-foot-mort-pape-diouf-ancien-journaliste-agent-et-patron-lom\" target=\"_blank\" rel=\"noreferrer noopener\">Pape Diouf<\/a><\/strong>, l\u2019ancien pr\u00e9sident de l\u2019Olympique de Marseille, personnalit\u00e9 connue et reconnue, d\u00e9c\u00e8de du Covid-19 \u00e0 Dakar, \u00e0 l\u2019\u00e2ge de 68 ans. C\u2019est la premi\u00e8re victime dans le pays. Au S\u00e9n\u00e9gal, les morts du coronavirus ont d\u00e9sormais un visage.<\/p>\n\n\n\n<p><strong>Covid-19 et poches vides<\/strong><\/p>\n\n\n\n<p><strong><a href=\"http:\/\/www.rfi.fr\/fr\/afrique\/20200417-macky-sall-rfi-couvre-feu-%C3%A9largi-mais-pas-confinement-s%C3%A9n%C3%A9gal\" target=\"_blank\" rel=\"noreferrer noopener\">Couvre-feu, mais pas de confinement total<\/a><\/strong>. L\u2019option a \u00e9t\u00e9 \u00e9cart\u00e9e au S\u00e9n\u00e9gal. Dans un pays o\u00f9 la grande majorit\u00e9 de l\u2019activit\u00e9 provient du secteur informel, cette mesure appara\u00eet comme inadapt\u00e9e et tr\u00e8s difficilement applicable. Chaque jour, un cort\u00e8ge de \u00ab&nbsp;<em>goorlu goorlu<\/em>&nbsp;\u00bb&nbsp;(\u00ab d\u00e9brouillards&nbsp;\u00bb, en wolof) viennent&nbsp;travailler sur les march\u00e9s, vendent leurs marchandises dans la rue, ou trouvent une place sur les nombreux chantiers de la capitale.<\/p>\n\n\n\n<p>Un rapport d\u2019une trentaine d\u2019experts, sous la coordination du pharmacien Serigne Oumar Sarr, \u00e9met lui aussi des doutes sur la mise en place d\u2019un \u00ab&nbsp;confinement total&nbsp;\u00bb au S\u00e9n\u00e9gal. Il pointe particuli\u00e8rement les effets pervers et les contrecoups \u00e9conomiques, sociaux, et m\u00eame sanitaires d\u2019une telle mesure. Le rapport pr\u00e9conise plut\u00f4t \u00ab&nbsp;<em>l\u2019all\u00e8gement de certaines restrictions collectives, une action cibl\u00e9e vers la protection des personnes \u00e2g\u00e9s et un d\u00e9pistage massif des populations<\/em>&nbsp;\u00bb.<\/p>\n\n\n\n<p>Sur le plan \u00e9conomique, le S\u00e9n\u00e9gal devrait perdre quelques pr\u00e9cieux points de croissance, passant d\u2019une pr\u00e9vision annuelle de 6,8% \u00e0 3% en 2021. L\u2019\u00c9tat a tent\u00e9 d\u2019\u00ab&nbsp;amortir&nbsp;\u00bb la crise, par le biais d\u2019un \u00ab&nbsp;fonds de riposte de solidarit\u00e9 contre les effets du Covid-19&nbsp;\u00bb dot\u00e9 de 1&nbsp;000 milliards de francs CFA, selon la pr\u00e9sidence s\u00e9n\u00e9galaise, soit environ 1,5 milliard d\u2019euros. Dans sa premi\u00e8re ordonnance, le chef de l\u2019\u00c9tat interdit les licenciements durant la p\u00e9riode de la pand\u00e9mie, et demande aux entreprises de garantir 70% du salaire en cas de ch\u00f4mage technique. Mesure salu\u00e9e par les syndicats. Mais \u00ab&nbsp;<em>irr\u00e9aliste<\/em>&nbsp;\u00bb pour le Conseil national du patronat.<\/p>\n\n\n\n<p>Le pr\u00e9sident Macky Sall saisit aussi l\u2019occasion pour remettre au c\u0153ur des discussions la question de&nbsp;<strong><a href=\"http:\/\/www.rfi.fr\/fr\/afrique\/20200414-dettes-pays-africains-les-grands-cr%C3%A9anciers-tombent-d-accord-moratoire\" target=\"_blank\" rel=\"noreferrer noopener\">l\u2019annulation de la dette des pays africains<\/a><\/strong>. Le risque de tensions sur les denr\u00e9es alimentaires et les biens de premi\u00e8re n\u00e9cessit\u00e9 comme le gaz ou l\u2019\u00e9lectricit\u00e9 a \u00e9t\u00e9 anticip\u00e9. D\u00e9but avril, les distributions de vivres \u00e0 destination des plus vuln\u00e9rables ont d\u00e9but\u00e9 au S\u00e9n\u00e9gal. Cinq mille&nbsp;tonnes de riz, 500 tonnes de sucre, ou encore 10&nbsp;000 litres d\u2019huile doivent \u00eatre fournis pour assister un million de m\u00e9nages vuln\u00e9rables, soit la moiti\u00e9 de la population du pays. Un programme dont le d\u00e9marrage a \u00e9t\u00e9 entach\u00e9 par des soup\u00e7ons de fraudes, impliquant l\u2019entourage proche du chef de l\u2019\u00c9tat. Des all\u00e9gations rejet\u00e9es en bloc par la pr\u00e9sidence s\u00e9n\u00e9galaise.<\/p>\n\n\n\n<p>Dans une note intitul\u00e9e \u00ab&nbsp;<em>L\u2019effet pangolin. La temp\u00eate qui vient en Afrique&nbsp;?<\/em>&nbsp;\u00bb, le minist\u00e8re fran\u00e7ais des Affaires \u00e9trang\u00e8res \u00e9voquait la solidit\u00e9 des institutions du S\u00e9n\u00e9gal dans le contexte de la pand\u00e9mie, mais redoutait des \u00ab&nbsp;<em>ph\u00e9nom\u00e8nes de paniques urbaines<\/em>&nbsp;\u00bb, qui n\u2019ont pour l\u2019heure pas gagn\u00e9 le S\u00e9n\u00e9gal.<\/p>\n\n\n\n<p>Avec l\u2019assouplissement des mesures annonc\u00e9 ce 11 mai, le pays a \u00ab&nbsp;<em>adapt\u00e9 sa strat\u00e9gie<\/em>&nbsp;\u00bb&nbsp;et entre dans \u00ab&nbsp;<em>une nouvelle phase<\/em>&nbsp;\u00bb, qui reste tr\u00e8s incertaine. Le chef de l\u2019\u00c9tat a pr\u00e9venu&nbsp;: \u00ab&nbsp;<em>Dans le meilleur des cas, le virus circulera au S\u00e9n\u00e9gal jusqu\u2019au mois d\u2019ao\u00fbt, voire septembre<\/em>&nbsp;\u00bb.<\/p>\n\n\n\n<p><strong>RFI<\/strong><\/p>\n","protected":false},"excerpt":{"rendered":"<p>Depuis l\u2019annonce du premier cas test\u00e9 positif au Covid-19, le 2 mars, le pays a rapidement pris une batterie de mesures, sans instaurer de confinement. Une r\u00e9ponse gradu\u00e9e qui a permis de limiter la propagation de l\u2019\u00e9pid\u00e9mie. La priorit\u00e9 : l\u2019action pr\u00e9ventive, pour \u00e9viter un d\u00e9bordement du syst\u00e8me de sant\u00e9. Mais alors que le nombre [&hellip;]<\/p>\n","protected":false},"author":12,"featured_media":29185,"comment_status":"closed","ping_status":"closed","sticky":false,"template":"","format":"standard","meta":{"_exactmetrics_skip_tracking":false,"_exactmetrics_sitenote_active":false,"_exactmetrics_sitenote_note":"","_exactmetrics_sitenote_category":0,"tdm_status":"","tdm_grid_status":"","footnotes":""},"categories":[21],"tags":[],"class_list":{"0":"post-29184","1":"post","2":"type-post","3":"status-publish","4":"format-standard","5":"has-post-thumbnail","7":"category-international"},"yoast_head":"<!-- This site is optimized with the Yoast SEO plugin v24.2 - https:\/\/yoast.com\/wordpress\/plugins\/seo\/ -->\n<title>Coronavirus au S\u00e9n\u00e9gal: deux pas en avant, un pas en arri\u00e8re | Guin\u00e9e Diversit\u00e9<\/title>\n<meta name=\"robots\" content=\"index, follow, max-snippet:-1, max-image-preview:large, max-video-preview:-1\" \/>\n<link rel=\"canonical\" href=\"https:\/\/guineediversite.com\/index.php\/2020\/05\/14\/coronavirus-au-senegal-deux-pas-en-avant-un-pas-en-arriere\/\" \/>\n<meta property=\"og:locale\" content=\"fr_FR\" \/>\n<meta property=\"og:type\" content=\"article\" \/>\n<meta property=\"og:title\" content=\"Coronavirus au S\u00e9n\u00e9gal: deux pas en avant, un pas en arri\u00e8re | Guin\u00e9e Diversit\u00e9\" \/>\n<meta property=\"og:description\" content=\"Depuis l\u2019annonce du premier cas test\u00e9 positif au Covid-19, le 2 mars, le pays a rapidement pris une batterie de mesures, sans instaurer de confinement. Une r\u00e9ponse gradu\u00e9e qui a permis de limiter la propagation de l\u2019\u00e9pid\u00e9mie. La priorit\u00e9 : l\u2019action pr\u00e9ventive, pour \u00e9viter un d\u00e9bordement du syst\u00e8me de sant\u00e9. Mais alors que le nombre [&hellip;]\" \/>\n<meta property=\"og:url\" content=\"https:\/\/guineediversite.com\/index.php\/2020\/05\/14\/coronavirus-au-senegal-deux-pas-en-avant-un-pas-en-arriere\/\" \/>\n<meta property=\"og:site_name\" content=\"Guin\u00e9e Diversit\u00e9\" \/>\n<meta property=\"article:publisher\" content=\"https:\/\/www.facebook.com\/guineediversite\/\" \/>\n<meta property=\"article:published_time\" content=\"2020-05-14T18:48:30+00:00\" \/>\n<meta property=\"article:modified_time\" content=\"2020-05-14T18:48:34+00:00\" \/>\n<meta property=\"og:image\" content=\"https:\/\/guineediversite.com\/wp-content\/uploads\/2020\/05\/CORONAVIRUS-AU-SENEGAL.jpg\" \/>\n\t<meta property=\"og:image:width\" content=\"1500\" \/>\n\t<meta property=\"og:image:height\" content=\"843\" \/>\n\t<meta property=\"og:image:type\" content=\"image\/jpeg\" \/>\n<meta name=\"author\" content=\"Guin\u00e9e Diversit\u00e9\" \/>\n<meta name=\"twitter:card\" content=\"summary_large_image\" \/>\n<meta name=\"twitter:creator\" content=\"@GuineeDiversite\" \/>\n<meta name=\"twitter:site\" content=\"@GuineeDiversite\" \/>\n<meta name=\"twitter:label1\" content=\"\u00c9crit par\" \/>\n\t<meta name=\"twitter:data1\" content=\"Guin\u00e9e Diversit\u00e9\" \/>\n\t<meta name=\"twitter:label2\" content=\"Dur\u00e9e de lecture estim\u00e9e\" \/>\n\t<meta name=\"twitter:data2\" content=\"12 minutes\" \/>\n<script type=\"application\/ld+json\" class=\"yoast-schema-graph\">{\"@context\":\"https:\/\/schema.org\",\"@graph\":[{\"@type\":\"Article\",\"@id\":\"https:\/\/guineediversite.com\/index.php\/2020\/05\/14\/coronavirus-au-senegal-deux-pas-en-avant-un-pas-en-arriere\/#article\",\"isPartOf\":{\"@id\":\"https:\/\/guineediversite.com\/index.php\/2020\/05\/14\/coronavirus-au-senegal-deux-pas-en-avant-un-pas-en-arriere\/\"},\"author\":{\"name\":\"Guin\u00e9e Diversit\u00e9\",\"@id\":\"https:\/\/guineediversite.com\/#\/schema\/person\/afa08fb34e7fc6e1feafc892612bc836\"},\"headline\":\"Coronavirus au S\u00e9n\u00e9gal: deux pas en avant, un pas en arri\u00e8re\",\"datePublished\":\"2020-05-14T18:48:30+00:00\",\"dateModified\":\"2020-05-14T18:48:34+00:00\",\"mainEntityOfPage\":{\"@id\":\"https:\/\/guineediversite.com\/index.php\/2020\/05\/14\/coronavirus-au-senegal-deux-pas-en-avant-un-pas-en-arriere\/\"},\"wordCount\":2322,\"publisher\":{\"@id\":\"https:\/\/guineediversite.com\/#organization\"},\"image\":{\"@id\":\"https:\/\/guineediversite.com\/index.php\/2020\/05\/14\/coronavirus-au-senegal-deux-pas-en-avant-un-pas-en-arriere\/#primaryimage\"},\"thumbnailUrl\":\"https:\/\/guineediversite.com\/wp-content\/uploads\/2020\/05\/CORONAVIRUS-AU-SENEGAL.jpg\",\"articleSection\":[\"International\"],\"inLanguage\":\"fr-FR\"},{\"@type\":\"WebPage\",\"@id\":\"https:\/\/guineediversite.com\/index.php\/2020\/05\/14\/coronavirus-au-senegal-deux-pas-en-avant-un-pas-en-arriere\/\",\"url\":\"https:\/\/guineediversite.com\/index.php\/2020\/05\/14\/coronavirus-au-senegal-deux-pas-en-avant-un-pas-en-arriere\/\",\"name\":\"Coronavirus au S\u00e9n\u00e9gal: deux pas en avant, un pas en arri\u00e8re | Guin\u00e9e Diversit\u00e9\",\"isPartOf\":{\"@id\":\"https:\/\/guineediversite.com\/#website\"},\"primaryImageOfPage\":{\"@id\":\"https:\/\/guineediversite.com\/index.php\/2020\/05\/14\/coronavirus-au-senegal-deux-pas-en-avant-un-pas-en-arriere\/#primaryimage\"},\"image\":{\"@id\":\"https:\/\/guineediversite.com\/index.php\/2020\/05\/14\/coronavirus-au-senegal-deux-pas-en-avant-un-pas-en-arriere\/#primaryimage\"},\"thumbnailUrl\":\"https:\/\/guineediversite.com\/wp-content\/uploads\/2020\/05\/CORONAVIRUS-AU-SENEGAL.jpg\",\"datePublished\":\"2020-05-14T18:48:30+00:00\",\"dateModified\":\"2020-05-14T18:48:34+00:00\",\"breadcrumb\":{\"@id\":\"https:\/\/guineediversite.com\/index.php\/2020\/05\/14\/coronavirus-au-senegal-deux-pas-en-avant-un-pas-en-arriere\/#breadcrumb\"},\"inLanguage\":\"fr-FR\",\"potentialAction\":[{\"@type\":\"ReadAction\",\"target\":[\"https:\/\/guineediversite.com\/index.php\/2020\/05\/14\/coronavirus-au-senegal-deux-pas-en-avant-un-pas-en-arriere\/\"]}]},{\"@type\":\"ImageObject\",\"inLanguage\":\"fr-FR\",\"@id\":\"https:\/\/guineediversite.com\/index.php\/2020\/05\/14\/coronavirus-au-senegal-deux-pas-en-avant-un-pas-en-arriere\/#primaryimage\",\"url\":\"https:\/\/guineediversite.com\/wp-content\/uploads\/2020\/05\/CORONAVIRUS-AU-SENEGAL.jpg\",\"contentUrl\":\"https:\/\/guineediversite.com\/wp-content\/uploads\/2020\/05\/CORONAVIRUS-AU-SENEGAL.jpg\",\"width\":1500,\"height\":843},{\"@type\":\"BreadcrumbList\",\"@id\":\"https:\/\/guineediversite.com\/index.php\/2020\/05\/14\/coronavirus-au-senegal-deux-pas-en-avant-un-pas-en-arriere\/#breadcrumb\",\"itemListElement\":[{\"@type\":\"ListItem\",\"position\":1,\"name\":\"Accueil\",\"item\":\"https:\/\/guineediversite.com\/\"},{\"@type\":\"ListItem\",\"position\":2,\"name\":\"Coronavirus au S\u00e9n\u00e9gal: deux pas en avant, un pas en arri\u00e8re\"}]},{\"@type\":\"WebSite\",\"@id\":\"https:\/\/guineediversite.com\/#website\",\"url\":\"https:\/\/guineediversite.com\/\",\"name\":\"Guin\u00e9e Diversit\u00e9\",\"description\":\"L&#039;Info dans toute sa diversit\u00e9\",\"publisher\":{\"@id\":\"https:\/\/guineediversite.com\/#organization\"},\"potentialAction\":[{\"@type\":\"SearchAction\",\"target\":{\"@type\":\"EntryPoint\",\"urlTemplate\":\"https:\/\/guineediversite.com\/?s={search_term_string}\"},\"query-input\":{\"@type\":\"PropertyValueSpecification\",\"valueRequired\":true,\"valueName\":\"search_term_string\"}}],\"inLanguage\":\"fr-FR\"},{\"@type\":\"Organization\",\"@id\":\"https:\/\/guineediversite.com\/#organization\",\"name\":\"Guin\u00e9e Diversit\u00e9\",\"url\":\"https:\/\/guineediversite.com\/\",\"logo\":{\"@type\":\"ImageObject\",\"inLanguage\":\"fr-FR\",\"@id\":\"https:\/\/guineediversite.com\/#\/schema\/logo\/image\/\",\"url\":\"https:\/\/guineediversite.com\/wp-content\/uploads\/2017\/04\/cropped-1jojlxEOMkX9Wyqfhe43D6kjPOGqBBKmx3EwWJqZ0cMrFF54yM49.png\",\"contentUrl\":\"https:\/\/guineediversite.com\/wp-content\/uploads\/2017\/04\/cropped-1jojlxEOMkX9Wyqfhe43D6kjPOGqBBKmx3EwWJqZ0cMrFF54yM49.png\",\"width\":186,\"height\":112,\"caption\":\"Guin\u00e9e Diversit\u00e9\"},\"image\":{\"@id\":\"https:\/\/guineediversite.com\/#\/schema\/logo\/image\/\"},\"sameAs\":[\"https:\/\/www.facebook.com\/guineediversite\/\",\"https:\/\/x.com\/GuineeDiversite\",\"https:\/\/www.youtube.com\/channel\/UC8sUY16qelG5ge6_D5SB83g\"]},{\"@type\":\"Person\",\"@id\":\"https:\/\/guineediversite.com\/#\/schema\/person\/afa08fb34e7fc6e1feafc892612bc836\",\"name\":\"Guin\u00e9e Diversit\u00e9\",\"image\":{\"@type\":\"ImageObject\",\"inLanguage\":\"fr-FR\",\"@id\":\"https:\/\/guineediversite.com\/#\/schema\/person\/image\/\",\"url\":\"https:\/\/secure.gravatar.com\/avatar\/50d5eb5b390f8b65ac30ac6f898eb83a?s=96&d=mm&r=g\",\"contentUrl\":\"https:\/\/secure.gravatar.com\/avatar\/50d5eb5b390f8b65ac30ac6f898eb83a?s=96&d=mm&r=g\",\"caption\":\"Guin\u00e9e Diversit\u00e9\"},\"url\":\"https:\/\/guineediversite.com\/index.php\/author\/guineediversite\/\"}]}<\/script>\n<!-- \/ Yoast SEO plugin. -->","yoast_head_json":{"title":"Coronavirus au S\u00e9n\u00e9gal: deux pas en avant, un pas en arri\u00e8re | Guin\u00e9e Diversit\u00e9","robots":{"index":"index","follow":"follow","max-snippet":"max-snippet:-1","max-image-preview":"max-image-preview:large","max-video-preview":"max-video-preview:-1"},"canonical":"https:\/\/guineediversite.com\/index.php\/2020\/05\/14\/coronavirus-au-senegal-deux-pas-en-avant-un-pas-en-arriere\/","og_locale":"fr_FR","og_type":"article","og_title":"Coronavirus au S\u00e9n\u00e9gal: deux pas en avant, un pas en arri\u00e8re | Guin\u00e9e Diversit\u00e9","og_description":"Depuis l\u2019annonce du premier cas test\u00e9 positif au Covid-19, le 2 mars, le pays a rapidement pris une batterie de mesures, sans instaurer de confinement. Une r\u00e9ponse gradu\u00e9e qui a permis de limiter la propagation de l\u2019\u00e9pid\u00e9mie. La priorit\u00e9 : l\u2019action pr\u00e9ventive, pour \u00e9viter un d\u00e9bordement du syst\u00e8me de sant\u00e9. Mais alors que le nombre [&hellip;]","og_url":"https:\/\/guineediversite.com\/index.php\/2020\/05\/14\/coronavirus-au-senegal-deux-pas-en-avant-un-pas-en-arriere\/","og_site_name":"Guin\u00e9e Diversit\u00e9","article_publisher":"https:\/\/www.facebook.com\/guineediversite\/","article_published_time":"2020-05-14T18:48:30+00:00","article_modified_time":"2020-05-14T18:48:34+00:00","og_image":[{"width":1500,"height":843,"url":"https:\/\/guineediversite.com\/wp-content\/uploads\/2020\/05\/CORONAVIRUS-AU-SENEGAL.jpg","type":"image\/jpeg"}],"author":"Guin\u00e9e Diversit\u00e9","twitter_card":"summary_large_image","twitter_creator":"@GuineeDiversite","twitter_site":"@GuineeDiversite","twitter_misc":{"\u00c9crit par":"Guin\u00e9e Diversit\u00e9","Dur\u00e9e de lecture estim\u00e9e":"12 minutes"},"schema":{"@context":"https:\/\/schema.org","@graph":[{"@type":"Article","@id":"https:\/\/guineediversite.com\/index.php\/2020\/05\/14\/coronavirus-au-senegal-deux-pas-en-avant-un-pas-en-arriere\/#article","isPartOf":{"@id":"https:\/\/guineediversite.com\/index.php\/2020\/05\/14\/coronavirus-au-senegal-deux-pas-en-avant-un-pas-en-arriere\/"},"author":{"name":"Guin\u00e9e Diversit\u00e9","@id":"https:\/\/guineediversite.com\/#\/schema\/person\/afa08fb34e7fc6e1feafc892612bc836"},"headline":"Coronavirus au S\u00e9n\u00e9gal: deux pas en avant, un pas en arri\u00e8re","datePublished":"2020-05-14T18:48:30+00:00","dateModified":"2020-05-14T18:48:34+00:00","mainEntityOfPage":{"@id":"https:\/\/guineediversite.com\/index.php\/2020\/05\/14\/coronavirus-au-senegal-deux-pas-en-avant-un-pas-en-arriere\/"},"wordCount":2322,"publisher":{"@id":"https:\/\/guineediversite.com\/#organization"},"image":{"@id":"https:\/\/guineediversite.com\/index.php\/2020\/05\/14\/coronavirus-au-senegal-deux-pas-en-avant-un-pas-en-arriere\/#primaryimage"},"thumbnailUrl":"https:\/\/guineediversite.com\/wp-content\/uploads\/2020\/05\/CORONAVIRUS-AU-SENEGAL.jpg","articleSection":["International"],"inLanguage":"fr-FR"},{"@type":"WebPage","@id":"https:\/\/guineediversite.com\/index.php\/2020\/05\/14\/coronavirus-au-senegal-deux-pas-en-avant-un-pas-en-arriere\/","url":"https:\/\/guineediversite.com\/index.php\/2020\/05\/14\/coronavirus-au-senegal-deux-pas-en-avant-un-pas-en-arriere\/","name":"Coronavirus au S\u00e9n\u00e9gal: deux pas en avant, un pas en arri\u00e8re | Guin\u00e9e Diversit\u00e9","isPartOf":{"@id":"https:\/\/guineediversite.com\/#website"},"primaryImageOfPage":{"@id":"https:\/\/guineediversite.com\/index.php\/2020\/05\/14\/coronavirus-au-senegal-deux-pas-en-avant-un-pas-en-arriere\/#primaryimage"},"image":{"@id":"https:\/\/guineediversite.com\/index.php\/2020\/05\/14\/coronavirus-au-senegal-deux-pas-en-avant-un-pas-en-arriere\/#primaryimage"},"thumbnailUrl":"https:\/\/guineediversite.com\/wp-content\/uploads\/2020\/05\/CORONAVIRUS-AU-SENEGAL.jpg","datePublished":"2020-05-14T18:48:30+00:00","dateModified":"2020-05-14T18:48:34+00:00","breadcrumb":{"@id":"https:\/\/guineediversite.com\/index.php\/2020\/05\/14\/coronavirus-au-senegal-deux-pas-en-avant-un-pas-en-arriere\/#breadcrumb"},"inLanguage":"fr-FR","potentialAction":[{"@type":"ReadAction","target":["https:\/\/guineediversite.com\/index.php\/2020\/05\/14\/coronavirus-au-senegal-deux-pas-en-avant-un-pas-en-arriere\/"]}]},{"@type":"ImageObject","inLanguage":"fr-FR","@id":"https:\/\/guineediversite.com\/index.php\/2020\/05\/14\/coronavirus-au-senegal-deux-pas-en-avant-un-pas-en-arriere\/#primaryimage","url":"https:\/\/guineediversite.com\/wp-content\/uploads\/2020\/05\/CORONAVIRUS-AU-SENEGAL.jpg","contentUrl":"https:\/\/guineediversite.com\/wp-content\/uploads\/2020\/05\/CORONAVIRUS-AU-SENEGAL.jpg","width":1500,"height":843},{"@type":"BreadcrumbList","@id":"https:\/\/guineediversite.com\/index.php\/2020\/05\/14\/coronavirus-au-senegal-deux-pas-en-avant-un-pas-en-arriere\/#breadcrumb","itemListElement":[{"@type":"ListItem","position":1,"name":"Accueil","item":"https:\/\/guineediversite.com\/"},{"@type":"ListItem","position":2,"name":"Coronavirus au S\u00e9n\u00e9gal: deux pas en avant, un pas en arri\u00e8re"}]},{"@type":"WebSite","@id":"https:\/\/guineediversite.com\/#website","url":"https:\/\/guineediversite.com\/","name":"Guin\u00e9e Diversit\u00e9","description":"L&#039;Info dans toute sa diversit\u00e9","publisher":{"@id":"https:\/\/guineediversite.com\/#organization"},"potentialAction":[{"@type":"SearchAction","target":{"@type":"EntryPoint","urlTemplate":"https:\/\/guineediversite.com\/?s={search_term_string}"},"query-input":{"@type":"PropertyValueSpecification","valueRequired":true,"valueName":"search_term_string"}}],"inLanguage":"fr-FR"},{"@type":"Organization","@id":"https:\/\/guineediversite.com\/#organization","name":"Guin\u00e9e Diversit\u00e9","url":"https:\/\/guineediversite.com\/","logo":{"@type":"ImageObject","inLanguage":"fr-FR","@id":"https:\/\/guineediversite.com\/#\/schema\/logo\/image\/","url":"https:\/\/guineediversite.com\/wp-content\/uploads\/2017\/04\/cropped-1jojlxEOMkX9Wyqfhe43D6kjPOGqBBKmx3EwWJqZ0cMrFF54yM49.png","contentUrl":"https:\/\/guineediversite.com\/wp-content\/uploads\/2017\/04\/cropped-1jojlxEOMkX9Wyqfhe43D6kjPOGqBBKmx3EwWJqZ0cMrFF54yM49.png","width":186,"height":112,"caption":"Guin\u00e9e Diversit\u00e9"},"image":{"@id":"https:\/\/guineediversite.com\/#\/schema\/logo\/image\/"},"sameAs":["https:\/\/www.facebook.com\/guineediversite\/","https:\/\/x.com\/GuineeDiversite","https:\/\/www.youtube.com\/channel\/UC8sUY16qelG5ge6_D5SB83g"]},{"@type":"Person","@id":"https:\/\/guineediversite.com\/#\/schema\/person\/afa08fb34e7fc6e1feafc892612bc836","name":"Guin\u00e9e Diversit\u00e9","image":{"@type":"ImageObject","inLanguage":"fr-FR","@id":"https:\/\/guineediversite.com\/#\/schema\/person\/image\/","url":"https:\/\/secure.gravatar.com\/avatar\/50d5eb5b390f8b65ac30ac6f898eb83a?s=96&d=mm&r=g","contentUrl":"https:\/\/secure.gravatar.com\/avatar\/50d5eb5b390f8b65ac30ac6f898eb83a?s=96&d=mm&r=g","caption":"Guin\u00e9e Diversit\u00e9"},"url":"https:\/\/guineediversite.com\/index.php\/author\/guineediversite\/"}]}},"_links":{"self":[{"href":"https:\/\/guineediversite.com\/index.php\/wp-json\/wp\/v2\/posts\/29184"}],"collection":[{"href":"https:\/\/guineediversite.com\/index.php\/wp-json\/wp\/v2\/posts"}],"about":[{"href":"https:\/\/guineediversite.com\/index.php\/wp-json\/wp\/v2\/types\/post"}],"author":[{"embeddable":true,"href":"https:\/\/guineediversite.com\/index.php\/wp-json\/wp\/v2\/users\/12"}],"replies":[{"embeddable":true,"href":"https:\/\/guineediversite.com\/index.php\/wp-json\/wp\/v2\/comments?post=29184"}],"version-history":[{"count":1,"href":"https:\/\/guineediversite.com\/index.php\/wp-json\/wp\/v2\/posts\/29184\/revisions"}],"predecessor-version":[{"id":29186,"href":"https:\/\/guineediversite.com\/index.php\/wp-json\/wp\/v2\/posts\/29184\/revisions\/29186"}],"wp:featuredmedia":[{"embeddable":true,"href":"https:\/\/guineediversite.com\/index.php\/wp-json\/wp\/v2\/media\/29185"}],"wp:attachment":[{"href":"https:\/\/guineediversite.com\/index.php\/wp-json\/wp\/v2\/media?parent=29184"}],"wp:term":[{"taxonomy":"category","embeddable":true,"href":"https:\/\/guineediversite.com\/index.php\/wp-json\/wp\/v2\/categories?post=29184"},{"taxonomy":"post_tag","embeddable":true,"href":"https:\/\/guineediversite.com\/index.php\/wp-json\/wp\/v2\/tags?post=29184"}],"curies":[{"name":"wp","href":"https:\/\/api.w.org\/{rel}","templated":true}]}}