{"id":29178,"date":"2020-05-14T20:35:10","date_gmt":"2020-05-14T18:35:10","guid":{"rendered":"https:\/\/guineediversite.com\/?p=29178"},"modified":"2020-05-14T20:35:16","modified_gmt":"2020-05-14T18:35:16","slug":"coronavirus-letat-du-monde-face-a-la-pandemie-jeudi-14-mai","status":"publish","type":"post","link":"https:\/\/guineediversite.com\/index.php\/2020\/05\/14\/coronavirus-letat-du-monde-face-a-la-pandemie-jeudi-14-mai\/","title":{"rendered":"Coronavirus: l\u2019\u00e9tat du monde face \u00e0 la pand\u00e9mie jeudi 14 mai"},"content":{"rendered":"\n<p>La pand\u00e9mie de Covid-19 a fait au moins 297&nbsp;259 morts dans le monde, selon un bilan \u00e9tabli ce jeudi par l&rsquo;AFP. Alors que la France lance un plan de soutien au tourisme, la pol\u00e9mique enfle autour de l\u2019acc\u00e8s \u00e0 un futur vaccin. Il ne devrait pas voir le jour avant au moins un an, selon les pr\u00e9visions les plus optimistes.<\/p>\n\n\n\n<p>En France, le gouvernement vient au secours du secteur du tourisme, qui selon le Premier ministre Edouard Philippe \u00ab&nbsp;fait probablement face \u00e0 la pire \u00e9preuve de son histoire moderne&nbsp;\u00bb. Il a annonc\u00e9 jeudi&nbsp;<a href=\"http:\/\/www.rfi.fr\/fr\/france\/20200514-france-18-milliards-deuros-la-table-soutenir-tourisme\" target=\"_blank\" rel=\"noreferrer noopener\">un plan de soutien<\/a><a href=\"http:\/\/www.rfi.fr\/fr\/france\/20200514-france-18-milliards-deuros-la-table-soutenir-tourisme\" target=\"_blank\" rel=\"noreferrer noopener\">&nbsp;\u00ab&nbsp;sans pr\u00e9c\u00e9dent&nbsp;\u00bb<\/a>&nbsp;de \u00ab&nbsp;18 milliards d&rsquo;euros d&rsquo;engagements&nbsp;\u00bb. Parmi les mesures pr\u00e9sent\u00e9es&nbsp;: un acc\u00e8s \u00e9tendu au fonds de solidarit\u00e9 et au ch\u00f4mage partiel pour les entreprises du secteur, ainsi qu&rsquo;un doublement du plafond journalier des tickets restaurants. Les Fran\u00e7ais sont invit\u00e9s \u00e0 prendre leurs r\u00e9servations pour cet \u00e9t\u00e9. \u00ab&nbsp;Ils pourront partir en vacances au mois de juillet et au mois d&rsquo;ao\u00fbt en France&nbsp;\u00bb, assure d\u00e9sormais Edouard Philippe, sous r\u00e9serve toutefois \u00ab&nbsp;de possibles restrictions tr\u00e8s localis\u00e9es&nbsp;\u00bb. Dans ce cas, les acteurs du tourisme se sont engag\u00e9s \u00e0 rembourser int\u00e9gralement ces r\u00e9servations, souligne le Premier ministre. &nbsp;<\/p>\n\n\n\n<p>Pol\u00e9mique autour de l\u2019acc\u00e8s aux futurs vaccins<\/p>\n\n\n\n<p>Plus de 100 projets de vaccins contre le Covid-19 sont en lice dans le monde et une dizaine d&rsquo;essais cliniques sont en cours. Le g\u00e9ant pharmaceutique fran\u00e7ais Sanofi&nbsp;<a href=\"http:\/\/www.rfi.fr\/fr\/science\/20200514-vaccin-covid-19-sanofi-critiqu%C3%A9-france-avantage-etats-unis\" target=\"_blank\" rel=\"noreferrer noopener\">a jet\u00e9 un pav\u00e9 dans la mare<\/a>&nbsp;en annon\u00e7ant qu\u2019un \u00e9ventuel vaccin serait distribu\u00e9 en priorit\u00e9 aux \u00c9tats-Unis, pays qui a investi pour soutenir ses recherches. Une avance \u00ab&nbsp;de plusieurs jours ou plusieurs semaines&nbsp;\u00bb, selon son directeur-g\u00e9n\u00e9ral, Paul Hudson, dans un entretien accord\u00e9 \u00e0 l\u2019agence Bloomberg mercredi soir. Toute la journ\u00e9e de jeudi, ces d\u00e9clarations ont suscit\u00e9 l&rsquo;indignation du monde politique fran\u00e7ais et europ\u00e9en. Le pr\u00e9sident Emmanuel Macron a notamment d\u00e9clar\u00e9 qu\u2019un \u00e9ventuel vaccin ne devait pas \u00eatre soumis \u00ab&nbsp;aux lois du march\u00e9&nbsp;\u00bb. Pour la Commission europ\u00e9enne, le futur vaccin\u00ab&nbsp;doit \u00eatre un bien d&rsquo;utilit\u00e9 publique et son acc\u00e8s doit \u00eatre \u00e9quitable et universel&nbsp;\u00bb. Le directeur-g\u00e9n\u00e9ral du groupe Sanofi s\u2019est \u00e0 nouveau exprim\u00e9 jeudi dans l\u2019apr\u00e8s-midi. Il a soutenu qu\u2019il \u00e9tait \u00ab&nbsp;vital que le vaccin soit disponible partout&nbsp;\u00bb, s\u2019est dit \u00ab&nbsp;d\u00e9sol\u00e9&nbsp;\u00bb que ses remarques ait soulev\u00e9 une telle pol\u00e9mique, mais a jug\u00e9 n\u00e9cessaire qu&rsquo;un v\u00e9ritable d\u00e9bat ait lieu en Europe pour faire en sorte que la recherche progresse plus vite<\/p>\n\n\n\n<p>En parall\u00e8le, plus de 140&nbsp;personnalit\u00e9s, parmi lesquelles les pr\u00e9sidents de l\u2019Afrique du Sud, du S\u00e9n\u00e9gal et du Ghana, ainsi que le Premier ministre pakistanais, ont demand\u00e9, dans une lettre ouverte publi\u00e9e en ligne, que les vaccins et traitements contre le coronavirus soient fournis \u00ab&nbsp;gratuitement \u00e0 tous&nbsp;\u00bb.<\/p>\n\n\n\n<p>La production d\u2019un vaccin contre le Covid-19 n\u2019est de toute fa\u00e7on pas pour tout de suite. L\u2019Agence europ\u00e9enne du m\u00e9dicament (EMA) table sur&nbsp;<a href=\"http:\/\/www.rfi.fr\/fr\/podcasts\/20200508-coronavirus-course-vaccin-bat-son-plein\" target=\"_blank\" rel=\"noreferrer noopener\">la cr\u00e9ation et l\u2019approbation d\u2019un vaccin<\/a>&nbsp;d&rsquo;ici un an. Mais il s\u2019agit d\u2019un sc\u00e9nario \u00ab&nbsp;optimiste&nbsp;\u00bb sur la base des tests qui sont men\u00e9s actuellement, a estim\u00e9 jeudi son directeur de la strat\u00e9gie Marco Cavaleri. En attendant, l\u2019OMS pr\u00e9vient que le virus pourrait \u00ab&nbsp;ne jamais dispara\u00eetre&nbsp;\u00bb et que le monde \u00ab&nbsp;va devoir vivre avec&nbsp;\u00bb, comme avec d&rsquo;autres maladies, \u00e0 l\u2019image du VIH.<\/p>\n\n\n\n<p>Finlande&nbsp;: les \u00e9coles rouvrent, crainte d\u2019une deuxi\u00e8me vague<\/p>\n\n\n\n<p>Les enfants ont repris jeudi le chemin de l&rsquo;\u00e9cole en Finlande apr\u00e8s huit semaines de fermeture. Mais l&rsquo;enseignement \u00e0 distance pourrait \u00eatre privil\u00e9gi\u00e9 apr\u00e8s les vacances d&rsquo;\u00e9t\u00e9. Le gouvernement annonce que des lois sont en pr\u00e9paration pour permettre aux \u00e9coles de choisir, en fonction des circonstances, l&rsquo;enseignement pr\u00e9sentiel ou distanci\u00e9, \u00e0 la rentr\u00e9e pr\u00e9vue mi-ao\u00fbt. La Finlande a enregistr\u00e9 jusqu&rsquo;\u00e0 pr\u00e9sent 284&nbsp;d\u00e9c\u00e8s li\u00e9s au Covid-19 avec plus de 6&nbsp;000 cas d&rsquo;infection. Ce taux, plus bas que celui des pays nordiques voisins, conduit les \u00e9pid\u00e9miologistes \u00e0 avertir que de futures vagues du virus pourraient se r\u00e9v\u00e9ler plus graves.<\/p>\n\n\n\n<p>Japon&nbsp;: \u00e9tat d\u2019urgence lev\u00e9 dans une grande partie du pays<\/p>\n\n\n\n<p>Face au net reflux du nombre de nouveaux cas ces derni\u00e8res semaines, le Premier ministre Shinzo Abe a annonc\u00e9 jeudi la lev\u00e9e de l&rsquo;\u00e9tat d&rsquo;urgence pour la plupart des pr\u00e9fectures du pays, avec deux semaines d&rsquo;avance sur le calendrier initial. 39 des 47&nbsp;pr\u00e9fectures japonaises sont concern\u00e9es, soit 54% de la population. L\u2019\u00e9tat d\u2019urgence est maintenu dans les grandes agglom\u00e9rations, notamment Tokyo et Osaka. Le pays a recens\u00e9 quelque 16&nbsp;000 cas de Covid-19 et 687 d\u00e9c\u00e8s sur son sol depuis le d\u00e9but de la crise sanitaire. Ces chiffres sont tr\u00e8s nettement inf\u00e9rieurs \u00e0 ceux relev\u00e9s en Europe et aux \u00c9tats-Unis. Mais des experts pensent que les chiffres officiels sont bien en-de\u00e7\u00e0 de la r\u00e9alit\u00e9, en raison d&rsquo;une pratique limit\u00e9e des tests.<\/p>\n\n\n\n<p>Bangladesh&nbsp;: premier cas confirm\u00e9 dans un camp de r\u00e9fugi\u00e9s<\/p>\n\n\n\n<p>Les autorit\u00e9s du Bangladesh et l\u2019OMS annoncent qu\u2019un premier cas confirm\u00e9 de nouveau coronavirus a \u00e9t\u00e9 d\u00e9tect\u00e9 au sein de la population des camps de r\u00e9fugi\u00e9s rohingyas, o\u00f9 pr\u00e8s d&rsquo;un million de personnes vivent dans une extr\u00eame pauvret\u00e9. En parall\u00e8le, le Bangladesh a construit en trois semaines un grand h\u00f4pital de campagne d&rsquo;une capacit\u00e9 initiale de 2&nbsp;084 lits dans la capitale, Dacca. Les autorit\u00e9s bangladaises esp\u00e8rent que cela permettra de r\u00e9duire la pression sur le syst\u00e8me de sant\u00e9. \u00c0 ce jour, le pays a recens\u00e9 269&nbsp;morts pour pr\u00e8s de 18&nbsp;000 cas confirm\u00e9s<\/p>\n\n\n\n<p>Homophobie&nbsp;: la Cor\u00e9e du sud revoit son syst\u00e8me de tra\u00e7age<\/p>\n\n\n\n<p>Les autorit\u00e9s sanitaires sud-cor\u00e9ennes ont annonc\u00e9 une r\u00e9vision des proc\u00e9dures de recherche des personnes susceptibles d&rsquo;\u00eatre contamin\u00e9es par le nouveau coronavirus par crainte de discrimination envers la communaut\u00e9 LGBT (lesbiennes, gays, bisexuels, transgenres). Apr\u00e8s la d\u00e9couverte d\u2019un foyer de contamination, quelque 2&nbsp;500 personnes fr\u00e9quentant les bars et les clubs gays du quartier anim\u00e9 d&rsquo;Itaewon \u00e0 S\u00e9oul sont recherch\u00e9es pour des tests. Face aux critiques de la communaut\u00e9 LGBT, qui redoute de nouvelles discriminations dans ce pays o\u00f9 l&rsquo;homosexualit\u00e9 est encore largement taboue, l\u2019\u00c9tat s\u2019engage \u00e0 limiter les informations publi\u00e9es sur les cas confirm\u00e9s.<\/p>\n\n\n\n<p>Donald Trump menace de rompre les relations diplomatiques avec la Chine<\/p>\n\n\n\n<p>Donald Trump s&rsquo;est d\u00e9clar\u00e9 tr\u00e8s d\u00e9\u00e7u par l&rsquo;incapacit\u00e9 de la Chine \u00e0 contenir la propagation du nouveau coronavirus. Dans un entretien diffus\u00e9 jeudi par la cha\u00eene de t\u00e9l\u00e9vision Fox Business Network, le pr\u00e9sident am\u00e9ricain estime que la pand\u00e9mie est susceptible de remettre en cause l&rsquo;accord commercial entre les deux premi\u00e8res puissances \u00e9conomiques mondiales. Une&nbsp;<a href=\"http:\/\/www.rfi.fr\/fr\/%C3%A9conomie\/20200508-commerce-washongton-p%C3%A9kin-conviennent-renforcer-coop%C3%A9ration\" target=\"_blank\" rel=\"noreferrer noopener\">menace d\u00e9j\u00e0 formul\u00e9e<\/a>&nbsp;par Donald Trump d\u00e9but mai. Le pr\u00e9sident am\u00e9ricain \u00e9voque m\u00eame ce jeudi la possibilit\u00e9 de rompre toute relation avec la Chine.<\/p>\n\n\n\n<p>\u00c9tats-Unis&nbsp;: la justice locale du Wisconsin s\u2019oppose \u00e0 la prolongation du confinement<\/p>\n\n\n\n<p>La Cour supr\u00eame de l\u2019\u00c9tat du Wisconsin a annul\u00e9 mercredi la d\u00e9cision du gouverneur d\u00e9mocrate de prolonger le confinement. La justice a donn\u00e9&nbsp;<a href=\"http:\/\/www.rfi.fr\/fr\/am%C3%A9riques\/20200514-%C3%A9tats-unis-cour-supr%C3%AAme-brise-confinement-wisconsin\" target=\"_blank\" rel=\"noreferrer noopener\">raison aux parlementaires r\u00e9publicains<\/a>&nbsp;qui avaient pr\u00e9sent\u00e9 cette requ\u00eate. Elle estime que \u00ab&nbsp;confiner tous les citoyens dans leurs foyers, interdire tous les d\u00e9placements et fermer les commerces exc\u00e8de l&rsquo;autorit\u00e9 r\u00e9glementaire&nbsp;\u00bb du gouverneur. Les bars ont donc pu rouvrir ce jeudi comme l\u2019attestent des photos publi\u00e9es par des g\u00e9rants sur les r\u00e9seaux sociaux. Le Wisconsin, o\u00f9 \u00e0 ce jour 400 personnes sont mortes du Covid-19, n\u2019est pas le seul \u00c9tat o\u00f9 le confinement s\u2019est transform\u00e9 en bataille juridique entre d\u00e9mocrates et r\u00e9publicains. Mais dans les autres cas, par exemple en Californie ou dans le Michigan, les recours des conservateurs n\u2019ont pas abouti.<\/p>\n\n\n\n<p>Nicaragua&nbsp;: des \u00ab&nbsp;enterrements express&nbsp;\u00bb attisent les doutes sur les chiffres officiels&nbsp;<\/p>\n\n\n\n<p>La presse nicaraguayenne pointe depuis plusieurs jours la multiplication d\u2019enterrements rapides, en pleine nuit ou aux petites heures de la matin\u00e9e, sans proches du d\u00e9funt et sans fleurs.&nbsp;La Prensa&nbsp;\u00e9crit par exemple qu\u2019un de ses journalistes a \u00e9t\u00e9 t\u00e9moin mercredi de la sortie d\u2019un cercueil d\u2019un h\u00f4pital de Managua, la capitale, sous escorte polici\u00e8re. Les agents ne se sont retir\u00e9s \u00ab&nbsp;qu\u2019une fois la tombe scell\u00e9e&nbsp;\u00bb. Ces &nbsp;\u00ab&nbsp;enterrements express&nbsp;\u00bb, comme les qualifie la presse locale, mettent en doute les chiffres officiels des d\u00e9c\u00e8s li\u00e9s au Covid-19. Ce bilan communiqu\u00e9 par le minist\u00e8re de la Sant\u00e9 est de huit morts.<\/p>\n\n\n\n<p>Venezuela&nbsp;: des commerces rouvrent malgr\u00e9 la quarantaine&nbsp;<\/p>\n\n\n\n<p>\u00ab&nbsp;La faim oblige des entreprises non-essentielles \u00e0 rompre la quarantaine&nbsp;\u00bb, soutient&nbsp;Tal Cual. Le journal \u00e9voque le cas de ce salon de coiffure de Caracas, d\u00e9sormais ouvert trois matin\u00e9es par semaine. Il n\u2019est pas le seul \u00e0 braver le confinement, qui a pourtant \u00e9t\u00e9 prolong\u00e9 jusqu\u2019au 12 juin par le gouvernement v\u00e9n\u00e9zu\u00e9lien. \u00ab&nbsp;Pour de nombreux V\u00e9n\u00e9zu\u00e9liens, il est impossible de rester enferm\u00e9s chez soi plus longtemps sans gagner sa vie, surtout lorsque les prix des denr\u00e9es alimentaires ont augment\u00e9 de 153 % et que les prix des services m\u00e9dicaux et de sant\u00e9 ont augment\u00e9 de 109 % depuis le d\u00e9but de la quarantaine&nbsp;\u00bb, \u00e9crit le journal v\u00e9n\u00e9zu\u00e9lien.<\/p>\n\n\n\n<p>Iran&nbsp;: inqui\u00e9tudes face \u00e0 de possibles nouveaux foyers d&rsquo;infections&nbsp;<\/p>\n\n\n\n<p>Au moins trois provinces du pays seraient touch\u00e9es par de nouveaux foyers d\u2019infections, selon les autorit\u00e9s iraniennes. Le porte-parole du minist\u00e8re de la Sant\u00e9 soutient que la situation est \u00ab&nbsp;critique dans le Khouzestan&nbsp;\u00bb (sud-ouest), o\u00f9 les administrations publiques, les banques et commerces non-essentiels ont \u00e9t\u00e9 ferm\u00e9s dans pr\u00e8s d\u2019un tiers des comt\u00e9s. Elle \u00ab&nbsp;pourrait aussi le devenir au &nbsp;Khorassan du Nord&nbsp;\u00bb (nord-est) et au Sistan-Balouchistan (sud-est). Depuis le mois dernier, les autorit\u00e9s ne donnent plus de chiffres sur la maladie province par province. Le bilan national officiel est de 6&nbsp;854 d\u00e9c\u00e8s, ce qui fait de l&rsquo;Iran le pays le plus endeuill\u00e9 par la pand\u00e9mie de Covid-19 au Proche et Moyen-Orient.<\/p>\n\n\n\n<p>rfi<\/p>\n","protected":false},"excerpt":{"rendered":"<p>La pand\u00e9mie de Covid-19 a fait au moins 297&nbsp;259 morts dans le monde, selon un bilan \u00e9tabli ce jeudi par l&rsquo;AFP. Alors que la France lance un plan de soutien au tourisme, la pol\u00e9mique enfle autour de l\u2019acc\u00e8s \u00e0 un futur vaccin. Il ne devrait pas voir le jour avant au moins un an, selon [&hellip;]<\/p>\n","protected":false},"author":12,"featured_media":29179,"comment_status":"closed","ping_status":"closed","sticky":false,"template":"","format":"standard","meta":{"_exactmetrics_skip_tracking":false,"_exactmetrics_sitenote_active":false,"_exactmetrics_sitenote_note":"","_exactmetrics_sitenote_category":0,"tdm_status":"","tdm_grid_status":"","footnotes":""},"categories":[21],"tags":[],"class_list":{"0":"post-29178","1":"post","2":"type-post","3":"status-publish","4":"format-standard","5":"has-post-thumbnail","7":"category-international"},"yoast_head":"<!-- This site is optimized with the Yoast SEO plugin v24.2 - https:\/\/yoast.com\/wordpress\/plugins\/seo\/ -->\n<title>Coronavirus: l\u2019\u00e9tat du monde face \u00e0 la pand\u00e9mie jeudi 14 mai | Guin\u00e9e Diversit\u00e9<\/title>\n<meta name=\"robots\" content=\"index, follow, max-snippet:-1, max-image-preview:large, max-video-preview:-1\" \/>\n<link rel=\"canonical\" href=\"https:\/\/guineediversite.com\/index.php\/2020\/05\/14\/coronavirus-letat-du-monde-face-a-la-pandemie-jeudi-14-mai\/\" \/>\n<meta property=\"og:locale\" content=\"fr_FR\" \/>\n<meta property=\"og:type\" content=\"article\" \/>\n<meta property=\"og:title\" content=\"Coronavirus: l\u2019\u00e9tat du monde face \u00e0 la pand\u00e9mie jeudi 14 mai | Guin\u00e9e Diversit\u00e9\" \/>\n<meta property=\"og:description\" content=\"La pand\u00e9mie de Covid-19 a fait au moins 297&nbsp;259 morts dans le monde, selon un bilan \u00e9tabli ce jeudi par l&rsquo;AFP. Alors que la France lance un plan de soutien au tourisme, la pol\u00e9mique enfle autour de l\u2019acc\u00e8s \u00e0 un futur vaccin. Il ne devrait pas voir le jour avant au moins un an, selon [&hellip;]\" \/>\n<meta property=\"og:url\" content=\"https:\/\/guineediversite.com\/index.php\/2020\/05\/14\/coronavirus-letat-du-monde-face-a-la-pandemie-jeudi-14-mai\/\" \/>\n<meta property=\"og:site_name\" content=\"Guin\u00e9e Diversit\u00e9\" \/>\n<meta property=\"article:publisher\" content=\"https:\/\/www.facebook.com\/guineediversite\/\" \/>\n<meta property=\"article:published_time\" content=\"2020-05-14T18:35:10+00:00\" \/>\n<meta property=\"article:modified_time\" content=\"2020-05-14T18:35:16+00:00\" \/>\n<meta property=\"og:image\" content=\"https:\/\/guineediversite.com\/wp-content\/uploads\/2020\/05\/coronavirus.jpg\" \/>\n\t<meta property=\"og:image:width\" content=\"1500\" \/>\n\t<meta property=\"og:image:height\" content=\"843\" \/>\n\t<meta property=\"og:image:type\" content=\"image\/jpeg\" \/>\n<meta name=\"author\" content=\"Guin\u00e9e Diversit\u00e9\" \/>\n<meta name=\"twitter:card\" content=\"summary_large_image\" \/>\n<meta name=\"twitter:creator\" content=\"@GuineeDiversite\" \/>\n<meta name=\"twitter:site\" content=\"@GuineeDiversite\" \/>\n<meta name=\"twitter:label1\" content=\"\u00c9crit par\" \/>\n\t<meta name=\"twitter:data1\" content=\"Guin\u00e9e Diversit\u00e9\" \/>\n\t<meta name=\"twitter:label2\" content=\"Dur\u00e9e de lecture estim\u00e9e\" \/>\n\t<meta name=\"twitter:data2\" content=\"9 minutes\" \/>\n<script type=\"application\/ld+json\" class=\"yoast-schema-graph\">{\"@context\":\"https:\/\/schema.org\",\"@graph\":[{\"@type\":\"Article\",\"@id\":\"https:\/\/guineediversite.com\/index.php\/2020\/05\/14\/coronavirus-letat-du-monde-face-a-la-pandemie-jeudi-14-mai\/#article\",\"isPartOf\":{\"@id\":\"https:\/\/guineediversite.com\/index.php\/2020\/05\/14\/coronavirus-letat-du-monde-face-a-la-pandemie-jeudi-14-mai\/\"},\"author\":{\"name\":\"Guin\u00e9e Diversit\u00e9\",\"@id\":\"https:\/\/guineediversite.com\/#\/schema\/person\/afa08fb34e7fc6e1feafc892612bc836\"},\"headline\":\"Coronavirus: l\u2019\u00e9tat du monde face \u00e0 la pand\u00e9mie jeudi 14 mai\",\"datePublished\":\"2020-05-14T18:35:10+00:00\",\"dateModified\":\"2020-05-14T18:35:16+00:00\",\"mainEntityOfPage\":{\"@id\":\"https:\/\/guineediversite.com\/index.php\/2020\/05\/14\/coronavirus-letat-du-monde-face-a-la-pandemie-jeudi-14-mai\/\"},\"wordCount\":1840,\"publisher\":{\"@id\":\"https:\/\/guineediversite.com\/#organization\"},\"image\":{\"@id\":\"https:\/\/guineediversite.com\/index.php\/2020\/05\/14\/coronavirus-letat-du-monde-face-a-la-pandemie-jeudi-14-mai\/#primaryimage\"},\"thumbnailUrl\":\"https:\/\/guineediversite.com\/wp-content\/uploads\/2020\/05\/coronavirus.jpg\",\"articleSection\":[\"International\"],\"inLanguage\":\"fr-FR\"},{\"@type\":\"WebPage\",\"@id\":\"https:\/\/guineediversite.com\/index.php\/2020\/05\/14\/coronavirus-letat-du-monde-face-a-la-pandemie-jeudi-14-mai\/\",\"url\":\"https:\/\/guineediversite.com\/index.php\/2020\/05\/14\/coronavirus-letat-du-monde-face-a-la-pandemie-jeudi-14-mai\/\",\"name\":\"Coronavirus: l\u2019\u00e9tat du monde face \u00e0 la pand\u00e9mie jeudi 14 mai | Guin\u00e9e Diversit\u00e9\",\"isPartOf\":{\"@id\":\"https:\/\/guineediversite.com\/#website\"},\"primaryImageOfPage\":{\"@id\":\"https:\/\/guineediversite.com\/index.php\/2020\/05\/14\/coronavirus-letat-du-monde-face-a-la-pandemie-jeudi-14-mai\/#primaryimage\"},\"image\":{\"@id\":\"https:\/\/guineediversite.com\/index.php\/2020\/05\/14\/coronavirus-letat-du-monde-face-a-la-pandemie-jeudi-14-mai\/#primaryimage\"},\"thumbnailUrl\":\"https:\/\/guineediversite.com\/wp-content\/uploads\/2020\/05\/coronavirus.jpg\",\"datePublished\":\"2020-05-14T18:35:10+00:00\",\"dateModified\":\"2020-05-14T18:35:16+00:00\",\"breadcrumb\":{\"@id\":\"https:\/\/guineediversite.com\/index.php\/2020\/05\/14\/coronavirus-letat-du-monde-face-a-la-pandemie-jeudi-14-mai\/#breadcrumb\"},\"inLanguage\":\"fr-FR\",\"potentialAction\":[{\"@type\":\"ReadAction\",\"target\":[\"https:\/\/guineediversite.com\/index.php\/2020\/05\/14\/coronavirus-letat-du-monde-face-a-la-pandemie-jeudi-14-mai\/\"]}]},{\"@type\":\"ImageObject\",\"inLanguage\":\"fr-FR\",\"@id\":\"https:\/\/guineediversite.com\/index.php\/2020\/05\/14\/coronavirus-letat-du-monde-face-a-la-pandemie-jeudi-14-mai\/#primaryimage\",\"url\":\"https:\/\/guineediversite.com\/wp-content\/uploads\/2020\/05\/coronavirus.jpg\",\"contentUrl\":\"https:\/\/guineediversite.com\/wp-content\/uploads\/2020\/05\/coronavirus.jpg\",\"width\":1500,\"height\":843},{\"@type\":\"BreadcrumbList\",\"@id\":\"https:\/\/guineediversite.com\/index.php\/2020\/05\/14\/coronavirus-letat-du-monde-face-a-la-pandemie-jeudi-14-mai\/#breadcrumb\",\"itemListElement\":[{\"@type\":\"ListItem\",\"position\":1,\"name\":\"Accueil\",\"item\":\"https:\/\/guineediversite.com\/\"},{\"@type\":\"ListItem\",\"position\":2,\"name\":\"Coronavirus: l\u2019\u00e9tat du monde face \u00e0 la pand\u00e9mie jeudi 14 mai\"}]},{\"@type\":\"WebSite\",\"@id\":\"https:\/\/guineediversite.com\/#website\",\"url\":\"https:\/\/guineediversite.com\/\",\"name\":\"Guin\u00e9e Diversit\u00e9\",\"description\":\"L&#039;Info dans toute sa diversit\u00e9\",\"publisher\":{\"@id\":\"https:\/\/guineediversite.com\/#organization\"},\"potentialAction\":[{\"@type\":\"SearchAction\",\"target\":{\"@type\":\"EntryPoint\",\"urlTemplate\":\"https:\/\/guineediversite.com\/?s={search_term_string}\"},\"query-input\":{\"@type\":\"PropertyValueSpecification\",\"valueRequired\":true,\"valueName\":\"search_term_string\"}}],\"inLanguage\":\"fr-FR\"},{\"@type\":\"Organization\",\"@id\":\"https:\/\/guineediversite.com\/#organization\",\"name\":\"Guin\u00e9e Diversit\u00e9\",\"url\":\"https:\/\/guineediversite.com\/\",\"logo\":{\"@type\":\"ImageObject\",\"inLanguage\":\"fr-FR\",\"@id\":\"https:\/\/guineediversite.com\/#\/schema\/logo\/image\/\",\"url\":\"https:\/\/guineediversite.com\/wp-content\/uploads\/2017\/04\/cropped-1jojlxEOMkX9Wyqfhe43D6kjPOGqBBKmx3EwWJqZ0cMrFF54yM49.png\",\"contentUrl\":\"https:\/\/guineediversite.com\/wp-content\/uploads\/2017\/04\/cropped-1jojlxEOMkX9Wyqfhe43D6kjPOGqBBKmx3EwWJqZ0cMrFF54yM49.png\",\"width\":186,\"height\":112,\"caption\":\"Guin\u00e9e Diversit\u00e9\"},\"image\":{\"@id\":\"https:\/\/guineediversite.com\/#\/schema\/logo\/image\/\"},\"sameAs\":[\"https:\/\/www.facebook.com\/guineediversite\/\",\"https:\/\/x.com\/GuineeDiversite\",\"https:\/\/www.youtube.com\/channel\/UC8sUY16qelG5ge6_D5SB83g\"]},{\"@type\":\"Person\",\"@id\":\"https:\/\/guineediversite.com\/#\/schema\/person\/afa08fb34e7fc6e1feafc892612bc836\",\"name\":\"Guin\u00e9e Diversit\u00e9\",\"image\":{\"@type\":\"ImageObject\",\"inLanguage\":\"fr-FR\",\"@id\":\"https:\/\/guineediversite.com\/#\/schema\/person\/image\/\",\"url\":\"https:\/\/secure.gravatar.com\/avatar\/50d5eb5b390f8b65ac30ac6f898eb83a?s=96&d=mm&r=g\",\"contentUrl\":\"https:\/\/secure.gravatar.com\/avatar\/50d5eb5b390f8b65ac30ac6f898eb83a?s=96&d=mm&r=g\",\"caption\":\"Guin\u00e9e Diversit\u00e9\"},\"url\":\"https:\/\/guineediversite.com\/index.php\/author\/guineediversite\/\"}]}<\/script>\n<!-- \/ Yoast SEO plugin. -->","yoast_head_json":{"title":"Coronavirus: l\u2019\u00e9tat du monde face \u00e0 la pand\u00e9mie jeudi 14 mai | Guin\u00e9e Diversit\u00e9","robots":{"index":"index","follow":"follow","max-snippet":"max-snippet:-1","max-image-preview":"max-image-preview:large","max-video-preview":"max-video-preview:-1"},"canonical":"https:\/\/guineediversite.com\/index.php\/2020\/05\/14\/coronavirus-letat-du-monde-face-a-la-pandemie-jeudi-14-mai\/","og_locale":"fr_FR","og_type":"article","og_title":"Coronavirus: l\u2019\u00e9tat du monde face \u00e0 la pand\u00e9mie jeudi 14 mai | Guin\u00e9e Diversit\u00e9","og_description":"La pand\u00e9mie de Covid-19 a fait au moins 297&nbsp;259 morts dans le monde, selon un bilan \u00e9tabli ce jeudi par l&rsquo;AFP. Alors que la France lance un plan de soutien au tourisme, la pol\u00e9mique enfle autour de l\u2019acc\u00e8s \u00e0 un futur vaccin. Il ne devrait pas voir le jour avant au moins un an, selon [&hellip;]","og_url":"https:\/\/guineediversite.com\/index.php\/2020\/05\/14\/coronavirus-letat-du-monde-face-a-la-pandemie-jeudi-14-mai\/","og_site_name":"Guin\u00e9e Diversit\u00e9","article_publisher":"https:\/\/www.facebook.com\/guineediversite\/","article_published_time":"2020-05-14T18:35:10+00:00","article_modified_time":"2020-05-14T18:35:16+00:00","og_image":[{"width":1500,"height":843,"url":"https:\/\/guineediversite.com\/wp-content\/uploads\/2020\/05\/coronavirus.jpg","type":"image\/jpeg"}],"author":"Guin\u00e9e Diversit\u00e9","twitter_card":"summary_large_image","twitter_creator":"@GuineeDiversite","twitter_site":"@GuineeDiversite","twitter_misc":{"\u00c9crit par":"Guin\u00e9e Diversit\u00e9","Dur\u00e9e de lecture estim\u00e9e":"9 minutes"},"schema":{"@context":"https:\/\/schema.org","@graph":[{"@type":"Article","@id":"https:\/\/guineediversite.com\/index.php\/2020\/05\/14\/coronavirus-letat-du-monde-face-a-la-pandemie-jeudi-14-mai\/#article","isPartOf":{"@id":"https:\/\/guineediversite.com\/index.php\/2020\/05\/14\/coronavirus-letat-du-monde-face-a-la-pandemie-jeudi-14-mai\/"},"author":{"name":"Guin\u00e9e Diversit\u00e9","@id":"https:\/\/guineediversite.com\/#\/schema\/person\/afa08fb34e7fc6e1feafc892612bc836"},"headline":"Coronavirus: l\u2019\u00e9tat du monde face \u00e0 la pand\u00e9mie jeudi 14 mai","datePublished":"2020-05-14T18:35:10+00:00","dateModified":"2020-05-14T18:35:16+00:00","mainEntityOfPage":{"@id":"https:\/\/guineediversite.com\/index.php\/2020\/05\/14\/coronavirus-letat-du-monde-face-a-la-pandemie-jeudi-14-mai\/"},"wordCount":1840,"publisher":{"@id":"https:\/\/guineediversite.com\/#organization"},"image":{"@id":"https:\/\/guineediversite.com\/index.php\/2020\/05\/14\/coronavirus-letat-du-monde-face-a-la-pandemie-jeudi-14-mai\/#primaryimage"},"thumbnailUrl":"https:\/\/guineediversite.com\/wp-content\/uploads\/2020\/05\/coronavirus.jpg","articleSection":["International"],"inLanguage":"fr-FR"},{"@type":"WebPage","@id":"https:\/\/guineediversite.com\/index.php\/2020\/05\/14\/coronavirus-letat-du-monde-face-a-la-pandemie-jeudi-14-mai\/","url":"https:\/\/guineediversite.com\/index.php\/2020\/05\/14\/coronavirus-letat-du-monde-face-a-la-pandemie-jeudi-14-mai\/","name":"Coronavirus: l\u2019\u00e9tat du monde face \u00e0 la pand\u00e9mie jeudi 14 mai | Guin\u00e9e Diversit\u00e9","isPartOf":{"@id":"https:\/\/guineediversite.com\/#website"},"primaryImageOfPage":{"@id":"https:\/\/guineediversite.com\/index.php\/2020\/05\/14\/coronavirus-letat-du-monde-face-a-la-pandemie-jeudi-14-mai\/#primaryimage"},"image":{"@id":"https:\/\/guineediversite.com\/index.php\/2020\/05\/14\/coronavirus-letat-du-monde-face-a-la-pandemie-jeudi-14-mai\/#primaryimage"},"thumbnailUrl":"https:\/\/guineediversite.com\/wp-content\/uploads\/2020\/05\/coronavirus.jpg","datePublished":"2020-05-14T18:35:10+00:00","dateModified":"2020-05-14T18:35:16+00:00","breadcrumb":{"@id":"https:\/\/guineediversite.com\/index.php\/2020\/05\/14\/coronavirus-letat-du-monde-face-a-la-pandemie-jeudi-14-mai\/#breadcrumb"},"inLanguage":"fr-FR","potentialAction":[{"@type":"ReadAction","target":["https:\/\/guineediversite.com\/index.php\/2020\/05\/14\/coronavirus-letat-du-monde-face-a-la-pandemie-jeudi-14-mai\/"]}]},{"@type":"ImageObject","inLanguage":"fr-FR","@id":"https:\/\/guineediversite.com\/index.php\/2020\/05\/14\/coronavirus-letat-du-monde-face-a-la-pandemie-jeudi-14-mai\/#primaryimage","url":"https:\/\/guineediversite.com\/wp-content\/uploads\/2020\/05\/coronavirus.jpg","contentUrl":"https:\/\/guineediversite.com\/wp-content\/uploads\/2020\/05\/coronavirus.jpg","width":1500,"height":843},{"@type":"BreadcrumbList","@id":"https:\/\/guineediversite.com\/index.php\/2020\/05\/14\/coronavirus-letat-du-monde-face-a-la-pandemie-jeudi-14-mai\/#breadcrumb","itemListElement":[{"@type":"ListItem","position":1,"name":"Accueil","item":"https:\/\/guineediversite.com\/"},{"@type":"ListItem","position":2,"name":"Coronavirus: l\u2019\u00e9tat du monde face \u00e0 la pand\u00e9mie jeudi 14 mai"}]},{"@type":"WebSite","@id":"https:\/\/guineediversite.com\/#website","url":"https:\/\/guineediversite.com\/","name":"Guin\u00e9e Diversit\u00e9","description":"L&#039;Info dans toute sa diversit\u00e9","publisher":{"@id":"https:\/\/guineediversite.com\/#organization"},"potentialAction":[{"@type":"SearchAction","target":{"@type":"EntryPoint","urlTemplate":"https:\/\/guineediversite.com\/?s={search_term_string}"},"query-input":{"@type":"PropertyValueSpecification","valueRequired":true,"valueName":"search_term_string"}}],"inLanguage":"fr-FR"},{"@type":"Organization","@id":"https:\/\/guineediversite.com\/#organization","name":"Guin\u00e9e Diversit\u00e9","url":"https:\/\/guineediversite.com\/","logo":{"@type":"ImageObject","inLanguage":"fr-FR","@id":"https:\/\/guineediversite.com\/#\/schema\/logo\/image\/","url":"https:\/\/guineediversite.com\/wp-content\/uploads\/2017\/04\/cropped-1jojlxEOMkX9Wyqfhe43D6kjPOGqBBKmx3EwWJqZ0cMrFF54yM49.png","contentUrl":"https:\/\/guineediversite.com\/wp-content\/uploads\/2017\/04\/cropped-1jojlxEOMkX9Wyqfhe43D6kjPOGqBBKmx3EwWJqZ0cMrFF54yM49.png","width":186,"height":112,"caption":"Guin\u00e9e Diversit\u00e9"},"image":{"@id":"https:\/\/guineediversite.com\/#\/schema\/logo\/image\/"},"sameAs":["https:\/\/www.facebook.com\/guineediversite\/","https:\/\/x.com\/GuineeDiversite","https:\/\/www.youtube.com\/channel\/UC8sUY16qelG5ge6_D5SB83g"]},{"@type":"Person","@id":"https:\/\/guineediversite.com\/#\/schema\/person\/afa08fb34e7fc6e1feafc892612bc836","name":"Guin\u00e9e Diversit\u00e9","image":{"@type":"ImageObject","inLanguage":"fr-FR","@id":"https:\/\/guineediversite.com\/#\/schema\/person\/image\/","url":"https:\/\/secure.gravatar.com\/avatar\/50d5eb5b390f8b65ac30ac6f898eb83a?s=96&d=mm&r=g","contentUrl":"https:\/\/secure.gravatar.com\/avatar\/50d5eb5b390f8b65ac30ac6f898eb83a?s=96&d=mm&r=g","caption":"Guin\u00e9e Diversit\u00e9"},"url":"https:\/\/guineediversite.com\/index.php\/author\/guineediversite\/"}]}},"_links":{"self":[{"href":"https:\/\/guineediversite.com\/index.php\/wp-json\/wp\/v2\/posts\/29178"}],"collection":[{"href":"https:\/\/guineediversite.com\/index.php\/wp-json\/wp\/v2\/posts"}],"about":[{"href":"https:\/\/guineediversite.com\/index.php\/wp-json\/wp\/v2\/types\/post"}],"author":[{"embeddable":true,"href":"https:\/\/guineediversite.com\/index.php\/wp-json\/wp\/v2\/users\/12"}],"replies":[{"embeddable":true,"href":"https:\/\/guineediversite.com\/index.php\/wp-json\/wp\/v2\/comments?post=29178"}],"version-history":[{"count":1,"href":"https:\/\/guineediversite.com\/index.php\/wp-json\/wp\/v2\/posts\/29178\/revisions"}],"predecessor-version":[{"id":29180,"href":"https:\/\/guineediversite.com\/index.php\/wp-json\/wp\/v2\/posts\/29178\/revisions\/29180"}],"wp:featuredmedia":[{"embeddable":true,"href":"https:\/\/guineediversite.com\/index.php\/wp-json\/wp\/v2\/media\/29179"}],"wp:attachment":[{"href":"https:\/\/guineediversite.com\/index.php\/wp-json\/wp\/v2\/media?parent=29178"}],"wp:term":[{"taxonomy":"category","embeddable":true,"href":"https:\/\/guineediversite.com\/index.php\/wp-json\/wp\/v2\/categories?post=29178"},{"taxonomy":"post_tag","embeddable":true,"href":"https:\/\/guineediversite.com\/index.php\/wp-json\/wp\/v2\/tags?post=29178"}],"curies":[{"name":"wp","href":"https:\/\/api.w.org\/{rel}","templated":true}]}}