{"id":29170,"date":"2020-05-13T23:48:19","date_gmt":"2020-05-13T21:48:19","guid":{"rendered":"https:\/\/guineediversite.com\/?p=29170"},"modified":"2020-05-13T23:48:34","modified_gmt":"2020-05-13T21:48:34","slug":"decret-alpha-conde-fait-un-mini-remaniement-des-prefets","status":"publish","type":"post","link":"https:\/\/guineediversite.com\/index.php\/2020\/05\/13\/decret-alpha-conde-fait-un-mini-remaniement-des-prefets\/","title":{"rendered":"D\u00e9cret: Alpha Cond\u00e9 fait un mini remaniement des pr\u00e9fets"},"content":{"rendered":"\n<p>Le chef de l\u2019\u00c9tat, Alpha Cond\u00e9 a limog\u00e9 le pr\u00e9fet de Dabola et a mut\u00e9 &nbsp;celui de Kankan et Coyah ce mercredi 13 mai. Une annonce faite sur les ondes des m\u00e9dias d\u2019\u00c9tat, apr\u00e8s les \u00e9meutes de Coyah, Alpha cond\u00e9 a fait remplacer le pr\u00e9fet de Coyah par Aziz Diop, pr\u00e9c\u00e9demment, pr\u00e9fet de Kankan. \u00c0 la m\u00eame occasion, celui de Coyah Ibrahima Barboza Soumah prendra les fonctions de pr\u00e9fet de Dabola, en lieu et place d&rsquo;Ibrahima Sy Savane, qui est appel\u00e9 \u00e0 d\u2019autres fonctions.<\/p>\n\n\n\n<p>Il y a quelques mois, le pr\u00e9sident de la R\u00e9publique avait us\u00e9 de la m\u00e9thode, en faisant la permutation des m\u00eames pr\u00e9fets de Kankan et de Coyah, suite \u00e0 un petit d\u00e9brayage enregistr\u00e9 \u00e0 Kankan.<\/p>\n","protected":false},"excerpt":{"rendered":"<p>Le chef de l\u2019\u00c9tat, Alpha Cond\u00e9 a limog\u00e9 le pr\u00e9fet de Dabola et a mut\u00e9 &nbsp;celui de Kankan et Coyah ce mercredi 13 mai. Une annonce faite sur les ondes des m\u00e9dias d\u2019\u00c9tat, apr\u00e8s les \u00e9meutes de Coyah, Alpha cond\u00e9 a fait remplacer le pr\u00e9fet de Coyah par Aziz Diop, pr\u00e9c\u00e9demment, pr\u00e9fet de Kankan. \u00c0 [&hellip;]<\/p>\n","protected":false},"author":10,"featured_media":29171,"comment_status":"closed","ping_status":"closed","sticky":false,"template":"","format":"standard","meta":{"_exactmetrics_skip_tracking":false,"_exactmetrics_sitenote_active":false,"_exactmetrics_sitenote_note":"","_exactmetrics_sitenote_category":0,"tdm_status":"","tdm_grid_status":"","footnotes":""},"categories":[254,14],"tags":[],"class_list":{"0":"post-29170","1":"post","2":"type-post","3":"status-publish","4":"format-standard","5":"has-post-thumbnail","7":"category-derniere-minute","8":"category-politique"},"yoast_head":"<!-- This site is optimized with the Yoast SEO plugin v24.2 - https:\/\/yoast.com\/wordpress\/plugins\/seo\/ -->\n<title>D\u00e9cret: Alpha Cond\u00e9 fait un mini remaniement des pr\u00e9fets | Guin\u00e9e Diversit\u00e9<\/title>\n<meta name=\"robots\" content=\"index, follow, max-snippet:-1, max-image-preview:large, max-video-preview:-1\" \/>\n<link rel=\"canonical\" href=\"https:\/\/guineediversite.com\/index.php\/2020\/05\/13\/decret-alpha-conde-fait-un-mini-remaniement-des-prefets\/\" \/>\n<meta property=\"og:locale\" content=\"fr_FR\" \/>\n<meta property=\"og:type\" content=\"article\" \/>\n<meta property=\"og:title\" content=\"D\u00e9cret: Alpha Cond\u00e9 fait un mini remaniement des pr\u00e9fets | Guin\u00e9e Diversit\u00e9\" \/>\n<meta property=\"og:description\" content=\"Le chef de l\u2019\u00c9tat, Alpha Cond\u00e9 a limog\u00e9 le pr\u00e9fet de Dabola et a mut\u00e9 &nbsp;celui de Kankan et Coyah ce mercredi 13 mai. Une annonce faite sur les ondes des m\u00e9dias d\u2019\u00c9tat, apr\u00e8s les \u00e9meutes de Coyah, Alpha cond\u00e9 a fait remplacer le pr\u00e9fet de Coyah par Aziz Diop, pr\u00e9c\u00e9demment, pr\u00e9fet de Kankan. \u00c0 [&hellip;]\" \/>\n<meta property=\"og:url\" content=\"https:\/\/guineediversite.com\/index.php\/2020\/05\/13\/decret-alpha-conde-fait-un-mini-remaniement-des-prefets\/\" \/>\n<meta property=\"og:site_name\" content=\"Guin\u00e9e Diversit\u00e9\" \/>\n<meta property=\"article:publisher\" content=\"https:\/\/www.facebook.com\/guineediversite\/\" \/>\n<meta property=\"article:published_time\" content=\"2020-05-13T21:48:19+00:00\" \/>\n<meta property=\"article:modified_time\" content=\"2020-05-13T21:48:34+00:00\" \/>\n<meta property=\"og:image\" content=\"https:\/\/guineediversite.com\/wp-content\/uploads\/2020\/05\/ALPHA-CONDE.jpg\" \/>\n\t<meta property=\"og:image:width\" content=\"1500\" \/>\n\t<meta property=\"og:image:height\" content=\"859\" \/>\n\t<meta property=\"og:image:type\" content=\"image\/jpeg\" \/>\n<meta name=\"author\" content=\"Morcire Camara\" \/>\n<meta name=\"twitter:card\" content=\"summary_large_image\" \/>\n<meta name=\"twitter:creator\" content=\"@GuineeDiversite\" \/>\n<meta name=\"twitter:site\" content=\"@GuineeDiversite\" \/>\n<meta name=\"twitter:label1\" content=\"\u00c9crit par\" \/>\n\t<meta name=\"twitter:data1\" content=\"Morcire Camara\" \/>\n\t<meta name=\"twitter:label2\" content=\"Dur\u00e9e de lecture estim\u00e9e\" \/>\n\t<meta name=\"twitter:data2\" content=\"1 minute\" \/>\n<script type=\"application\/ld+json\" class=\"yoast-schema-graph\">{\"@context\":\"https:\/\/schema.org\",\"@graph\":[{\"@type\":\"Article\",\"@id\":\"https:\/\/guineediversite.com\/index.php\/2020\/05\/13\/decret-alpha-conde-fait-un-mini-remaniement-des-prefets\/#article\",\"isPartOf\":{\"@id\":\"https:\/\/guineediversite.com\/index.php\/2020\/05\/13\/decret-alpha-conde-fait-un-mini-remaniement-des-prefets\/\"},\"author\":{\"name\":\"Morcire Camara\",\"@id\":\"https:\/\/guineediversite.com\/#\/schema\/person\/fa362494c47202ce4b3adf55abcc9d01\"},\"headline\":\"D\u00e9cret: Alpha Cond\u00e9 fait un mini remaniement des pr\u00e9fets\",\"datePublished\":\"2020-05-13T21:48:19+00:00\",\"dateModified\":\"2020-05-13T21:48:34+00:00\",\"mainEntityOfPage\":{\"@id\":\"https:\/\/guineediversite.com\/index.php\/2020\/05\/13\/decret-alpha-conde-fait-un-mini-remaniement-des-prefets\/\"},\"wordCount\":145,\"publisher\":{\"@id\":\"https:\/\/guineediversite.com\/#organization\"},\"image\":{\"@id\":\"https:\/\/guineediversite.com\/index.php\/2020\/05\/13\/decret-alpha-conde-fait-un-mini-remaniement-des-prefets\/#primaryimage\"},\"thumbnailUrl\":\"https:\/\/guineediversite.com\/wp-content\/uploads\/2020\/05\/ALPHA-CONDE.jpg\",\"articleSection\":[\"Derni\u00e8re minute\",\"Politique\"],\"inLanguage\":\"fr-FR\"},{\"@type\":\"WebPage\",\"@id\":\"https:\/\/guineediversite.com\/index.php\/2020\/05\/13\/decret-alpha-conde-fait-un-mini-remaniement-des-prefets\/\",\"url\":\"https:\/\/guineediversite.com\/index.php\/2020\/05\/13\/decret-alpha-conde-fait-un-mini-remaniement-des-prefets\/\",\"name\":\"D\u00e9cret: Alpha Cond\u00e9 fait un mini remaniement des pr\u00e9fets | Guin\u00e9e Diversit\u00e9\",\"isPartOf\":{\"@id\":\"https:\/\/guineediversite.com\/#website\"},\"primaryImageOfPage\":{\"@id\":\"https:\/\/guineediversite.com\/index.php\/2020\/05\/13\/decret-alpha-conde-fait-un-mini-remaniement-des-prefets\/#primaryimage\"},\"image\":{\"@id\":\"https:\/\/guineediversite.com\/index.php\/2020\/05\/13\/decret-alpha-conde-fait-un-mini-remaniement-des-prefets\/#primaryimage\"},\"thumbnailUrl\":\"https:\/\/guineediversite.com\/wp-content\/uploads\/2020\/05\/ALPHA-CONDE.jpg\",\"datePublished\":\"2020-05-13T21:48:19+00:00\",\"dateModified\":\"2020-05-13T21:48:34+00:00\",\"breadcrumb\":{\"@id\":\"https:\/\/guineediversite.com\/index.php\/2020\/05\/13\/decret-alpha-conde-fait-un-mini-remaniement-des-prefets\/#breadcrumb\"},\"inLanguage\":\"fr-FR\",\"potentialAction\":[{\"@type\":\"ReadAction\",\"target\":[\"https:\/\/guineediversite.com\/index.php\/2020\/05\/13\/decret-alpha-conde-fait-un-mini-remaniement-des-prefets\/\"]}]},{\"@type\":\"ImageObject\",\"inLanguage\":\"fr-FR\",\"@id\":\"https:\/\/guineediversite.com\/index.php\/2020\/05\/13\/decret-alpha-conde-fait-un-mini-remaniement-des-prefets\/#primaryimage\",\"url\":\"https:\/\/guineediversite.com\/wp-content\/uploads\/2020\/05\/ALPHA-CONDE.jpg\",\"contentUrl\":\"https:\/\/guineediversite.com\/wp-content\/uploads\/2020\/05\/ALPHA-CONDE.jpg\",\"width\":1500,\"height\":859},{\"@type\":\"BreadcrumbList\",\"@id\":\"https:\/\/guineediversite.com\/index.php\/2020\/05\/13\/decret-alpha-conde-fait-un-mini-remaniement-des-prefets\/#breadcrumb\",\"itemListElement\":[{\"@type\":\"ListItem\",\"position\":1,\"name\":\"Accueil\",\"item\":\"https:\/\/guineediversite.com\/\"},{\"@type\":\"ListItem\",\"position\":2,\"name\":\"D\u00e9cret: Alpha Cond\u00e9 fait un mini remaniement des pr\u00e9fets\"}]},{\"@type\":\"WebSite\",\"@id\":\"https:\/\/guineediversite.com\/#website\",\"url\":\"https:\/\/guineediversite.com\/\",\"name\":\"Guin\u00e9e Diversit\u00e9\",\"description\":\"L&#039;Info dans toute sa diversit\u00e9\",\"publisher\":{\"@id\":\"https:\/\/guineediversite.com\/#organization\"},\"potentialAction\":[{\"@type\":\"SearchAction\",\"target\":{\"@type\":\"EntryPoint\",\"urlTemplate\":\"https:\/\/guineediversite.com\/?s={search_term_string}\"},\"query-input\":{\"@type\":\"PropertyValueSpecification\",\"valueRequired\":true,\"valueName\":\"search_term_string\"}}],\"inLanguage\":\"fr-FR\"},{\"@type\":\"Organization\",\"@id\":\"https:\/\/guineediversite.com\/#organization\",\"name\":\"Guin\u00e9e Diversit\u00e9\",\"url\":\"https:\/\/guineediversite.com\/\",\"logo\":{\"@type\":\"ImageObject\",\"inLanguage\":\"fr-FR\",\"@id\":\"https:\/\/guineediversite.com\/#\/schema\/logo\/image\/\",\"url\":\"https:\/\/guineediversite.com\/wp-content\/uploads\/2017\/04\/cropped-1jojlxEOMkX9Wyqfhe43D6kjPOGqBBKmx3EwWJqZ0cMrFF54yM49.png\",\"contentUrl\":\"https:\/\/guineediversite.com\/wp-content\/uploads\/2017\/04\/cropped-1jojlxEOMkX9Wyqfhe43D6kjPOGqBBKmx3EwWJqZ0cMrFF54yM49.png\",\"width\":186,\"height\":112,\"caption\":\"Guin\u00e9e Diversit\u00e9\"},\"image\":{\"@id\":\"https:\/\/guineediversite.com\/#\/schema\/logo\/image\/\"},\"sameAs\":[\"https:\/\/www.facebook.com\/guineediversite\/\",\"https:\/\/x.com\/GuineeDiversite\",\"https:\/\/www.youtube.com\/channel\/UC8sUY16qelG5ge6_D5SB83g\"]},{\"@type\":\"Person\",\"@id\":\"https:\/\/guineediversite.com\/#\/schema\/person\/fa362494c47202ce4b3adf55abcc9d01\",\"name\":\"Morcire Camara\",\"image\":{\"@type\":\"ImageObject\",\"inLanguage\":\"fr-FR\",\"@id\":\"https:\/\/guineediversite.com\/#\/schema\/person\/image\/\",\"url\":\"https:\/\/secure.gravatar.com\/avatar\/3ec324f02295bbcebe03d99b39330ab4?s=96&d=mm&r=g\",\"contentUrl\":\"https:\/\/secure.gravatar.com\/avatar\/3ec324f02295bbcebe03d99b39330ab4?s=96&d=mm&r=g\",\"caption\":\"Morcire Camara\"},\"url\":\"https:\/\/guineediversite.com\/index.php\/author\/morcire\/\"}]}<\/script>\n<!-- \/ Yoast SEO plugin. -->","yoast_head_json":{"title":"D\u00e9cret: Alpha Cond\u00e9 fait un mini remaniement des pr\u00e9fets | Guin\u00e9e Diversit\u00e9","robots":{"index":"index","follow":"follow","max-snippet":"max-snippet:-1","max-image-preview":"max-image-preview:large","max-video-preview":"max-video-preview:-1"},"canonical":"https:\/\/guineediversite.com\/index.php\/2020\/05\/13\/decret-alpha-conde-fait-un-mini-remaniement-des-prefets\/","og_locale":"fr_FR","og_type":"article","og_title":"D\u00e9cret: Alpha Cond\u00e9 fait un mini remaniement des pr\u00e9fets | Guin\u00e9e Diversit\u00e9","og_description":"Le chef de l\u2019\u00c9tat, Alpha Cond\u00e9 a limog\u00e9 le pr\u00e9fet de Dabola et a mut\u00e9 &nbsp;celui de Kankan et Coyah ce mercredi 13 mai. Une annonce faite sur les ondes des m\u00e9dias d\u2019\u00c9tat, apr\u00e8s les \u00e9meutes de Coyah, Alpha cond\u00e9 a fait remplacer le pr\u00e9fet de Coyah par Aziz Diop, pr\u00e9c\u00e9demment, pr\u00e9fet de Kankan. \u00c0 [&hellip;]","og_url":"https:\/\/guineediversite.com\/index.php\/2020\/05\/13\/decret-alpha-conde-fait-un-mini-remaniement-des-prefets\/","og_site_name":"Guin\u00e9e Diversit\u00e9","article_publisher":"https:\/\/www.facebook.com\/guineediversite\/","article_published_time":"2020-05-13T21:48:19+00:00","article_modified_time":"2020-05-13T21:48:34+00:00","og_image":[{"width":1500,"height":859,"url":"https:\/\/guineediversite.com\/wp-content\/uploads\/2020\/05\/ALPHA-CONDE.jpg","type":"image\/jpeg"}],"author":"Morcire Camara","twitter_card":"summary_large_image","twitter_creator":"@GuineeDiversite","twitter_site":"@GuineeDiversite","twitter_misc":{"\u00c9crit par":"Morcire Camara","Dur\u00e9e de lecture estim\u00e9e":"1 minute"},"schema":{"@context":"https:\/\/schema.org","@graph":[{"@type":"Article","@id":"https:\/\/guineediversite.com\/index.php\/2020\/05\/13\/decret-alpha-conde-fait-un-mini-remaniement-des-prefets\/#article","isPartOf":{"@id":"https:\/\/guineediversite.com\/index.php\/2020\/05\/13\/decret-alpha-conde-fait-un-mini-remaniement-des-prefets\/"},"author":{"name":"Morcire Camara","@id":"https:\/\/guineediversite.com\/#\/schema\/person\/fa362494c47202ce4b3adf55abcc9d01"},"headline":"D\u00e9cret: Alpha Cond\u00e9 fait un mini remaniement des pr\u00e9fets","datePublished":"2020-05-13T21:48:19+00:00","dateModified":"2020-05-13T21:48:34+00:00","mainEntityOfPage":{"@id":"https:\/\/guineediversite.com\/index.php\/2020\/05\/13\/decret-alpha-conde-fait-un-mini-remaniement-des-prefets\/"},"wordCount":145,"publisher":{"@id":"https:\/\/guineediversite.com\/#organization"},"image":{"@id":"https:\/\/guineediversite.com\/index.php\/2020\/05\/13\/decret-alpha-conde-fait-un-mini-remaniement-des-prefets\/#primaryimage"},"thumbnailUrl":"https:\/\/guineediversite.com\/wp-content\/uploads\/2020\/05\/ALPHA-CONDE.jpg","articleSection":["Derni\u00e8re minute","Politique"],"inLanguage":"fr-FR"},{"@type":"WebPage","@id":"https:\/\/guineediversite.com\/index.php\/2020\/05\/13\/decret-alpha-conde-fait-un-mini-remaniement-des-prefets\/","url":"https:\/\/guineediversite.com\/index.php\/2020\/05\/13\/decret-alpha-conde-fait-un-mini-remaniement-des-prefets\/","name":"D\u00e9cret: Alpha Cond\u00e9 fait un mini remaniement des pr\u00e9fets | Guin\u00e9e Diversit\u00e9","isPartOf":{"@id":"https:\/\/guineediversite.com\/#website"},"primaryImageOfPage":{"@id":"https:\/\/guineediversite.com\/index.php\/2020\/05\/13\/decret-alpha-conde-fait-un-mini-remaniement-des-prefets\/#primaryimage"},"image":{"@id":"https:\/\/guineediversite.com\/index.php\/2020\/05\/13\/decret-alpha-conde-fait-un-mini-remaniement-des-prefets\/#primaryimage"},"thumbnailUrl":"https:\/\/guineediversite.com\/wp-content\/uploads\/2020\/05\/ALPHA-CONDE.jpg","datePublished":"2020-05-13T21:48:19+00:00","dateModified":"2020-05-13T21:48:34+00:00","breadcrumb":{"@id":"https:\/\/guineediversite.com\/index.php\/2020\/05\/13\/decret-alpha-conde-fait-un-mini-remaniement-des-prefets\/#breadcrumb"},"inLanguage":"fr-FR","potentialAction":[{"@type":"ReadAction","target":["https:\/\/guineediversite.com\/index.php\/2020\/05\/13\/decret-alpha-conde-fait-un-mini-remaniement-des-prefets\/"]}]},{"@type":"ImageObject","inLanguage":"fr-FR","@id":"https:\/\/guineediversite.com\/index.php\/2020\/05\/13\/decret-alpha-conde-fait-un-mini-remaniement-des-prefets\/#primaryimage","url":"https:\/\/guineediversite.com\/wp-content\/uploads\/2020\/05\/ALPHA-CONDE.jpg","contentUrl":"https:\/\/guineediversite.com\/wp-content\/uploads\/2020\/05\/ALPHA-CONDE.jpg","width":1500,"height":859},{"@type":"BreadcrumbList","@id":"https:\/\/guineediversite.com\/index.php\/2020\/05\/13\/decret-alpha-conde-fait-un-mini-remaniement-des-prefets\/#breadcrumb","itemListElement":[{"@type":"ListItem","position":1,"name":"Accueil","item":"https:\/\/guineediversite.com\/"},{"@type":"ListItem","position":2,"name":"D\u00e9cret: Alpha Cond\u00e9 fait un mini remaniement des pr\u00e9fets"}]},{"@type":"WebSite","@id":"https:\/\/guineediversite.com\/#website","url":"https:\/\/guineediversite.com\/","name":"Guin\u00e9e Diversit\u00e9","description":"L&#039;Info dans toute sa diversit\u00e9","publisher":{"@id":"https:\/\/guineediversite.com\/#organization"},"potentialAction":[{"@type":"SearchAction","target":{"@type":"EntryPoint","urlTemplate":"https:\/\/guineediversite.com\/?s={search_term_string}"},"query-input":{"@type":"PropertyValueSpecification","valueRequired":true,"valueName":"search_term_string"}}],"inLanguage":"fr-FR"},{"@type":"Organization","@id":"https:\/\/guineediversite.com\/#organization","name":"Guin\u00e9e Diversit\u00e9","url":"https:\/\/guineediversite.com\/","logo":{"@type":"ImageObject","inLanguage":"fr-FR","@id":"https:\/\/guineediversite.com\/#\/schema\/logo\/image\/","url":"https:\/\/guineediversite.com\/wp-content\/uploads\/2017\/04\/cropped-1jojlxEOMkX9Wyqfhe43D6kjPOGqBBKmx3EwWJqZ0cMrFF54yM49.png","contentUrl":"https:\/\/guineediversite.com\/wp-content\/uploads\/2017\/04\/cropped-1jojlxEOMkX9Wyqfhe43D6kjPOGqBBKmx3EwWJqZ0cMrFF54yM49.png","width":186,"height":112,"caption":"Guin\u00e9e Diversit\u00e9"},"image":{"@id":"https:\/\/guineediversite.com\/#\/schema\/logo\/image\/"},"sameAs":["https:\/\/www.facebook.com\/guineediversite\/","https:\/\/x.com\/GuineeDiversite","https:\/\/www.youtube.com\/channel\/UC8sUY16qelG5ge6_D5SB83g"]},{"@type":"Person","@id":"https:\/\/guineediversite.com\/#\/schema\/person\/fa362494c47202ce4b3adf55abcc9d01","name":"Morcire Camara","image":{"@type":"ImageObject","inLanguage":"fr-FR","@id":"https:\/\/guineediversite.com\/#\/schema\/person\/image\/","url":"https:\/\/secure.gravatar.com\/avatar\/3ec324f02295bbcebe03d99b39330ab4?s=96&d=mm&r=g","contentUrl":"https:\/\/secure.gravatar.com\/avatar\/3ec324f02295bbcebe03d99b39330ab4?s=96&d=mm&r=g","caption":"Morcire Camara"},"url":"https:\/\/guineediversite.com\/index.php\/author\/morcire\/"}]}},"_links":{"self":[{"href":"https:\/\/guineediversite.com\/index.php\/wp-json\/wp\/v2\/posts\/29170"}],"collection":[{"href":"https:\/\/guineediversite.com\/index.php\/wp-json\/wp\/v2\/posts"}],"about":[{"href":"https:\/\/guineediversite.com\/index.php\/wp-json\/wp\/v2\/types\/post"}],"author":[{"embeddable":true,"href":"https:\/\/guineediversite.com\/index.php\/wp-json\/wp\/v2\/users\/10"}],"replies":[{"embeddable":true,"href":"https:\/\/guineediversite.com\/index.php\/wp-json\/wp\/v2\/comments?post=29170"}],"version-history":[{"count":1,"href":"https:\/\/guineediversite.com\/index.php\/wp-json\/wp\/v2\/posts\/29170\/revisions"}],"predecessor-version":[{"id":29172,"href":"https:\/\/guineediversite.com\/index.php\/wp-json\/wp\/v2\/posts\/29170\/revisions\/29172"}],"wp:featuredmedia":[{"embeddable":true,"href":"https:\/\/guineediversite.com\/index.php\/wp-json\/wp\/v2\/media\/29171"}],"wp:attachment":[{"href":"https:\/\/guineediversite.com\/index.php\/wp-json\/wp\/v2\/media?parent=29170"}],"wp:term":[{"taxonomy":"category","embeddable":true,"href":"https:\/\/guineediversite.com\/index.php\/wp-json\/wp\/v2\/categories?post=29170"},{"taxonomy":"post_tag","embeddable":true,"href":"https:\/\/guineediversite.com\/index.php\/wp-json\/wp\/v2\/tags?post=29170"}],"curies":[{"name":"wp","href":"https:\/\/api.w.org\/{rel}","templated":true}]}}