{"id":29147,"date":"2020-05-13T16:15:54","date_gmt":"2020-05-13T14:15:54","guid":{"rendered":"https:\/\/guineediversite.com\/?p=29147"},"modified":"2020-05-13T16:16:03","modified_gmt":"2020-05-13T14:16:03","slug":"deces-de-henriette-conte-dr-faya-millimono-lui-rend-un-hommage-merite","status":"publish","type":"post","link":"https:\/\/guineediversite.com\/index.php\/2020\/05\/13\/deces-de-henriette-conte-dr-faya-millimono-lui-rend-un-hommage-merite\/","title":{"rendered":"D\u00e9c\u00e8s de Henriette Cont\u00e9 : Dr Faya Millimono lui rend un hommage m\u00e9rit\u00e9"},"content":{"rendered":"\n<p>Henriette Comt\u00e9, premi\u00e8re dame de 1984 \u00e0 2008, s\u2019est \u00e9teint ce mardi \u00e0 Conakry. Le pr\u00e9sident du parti Bloc Lib\u00e9ral (BL) a redu un hommage \u00e0 la premi\u00e8re dame Henriette Cont\u00e9. Elle a rendu l\u2019\u00e2me par suite d\u2019une crise cardiaque, elle \u00e9tait la premi\u00e8re dame du d\u00e9funt pr\u00e9sident Lansana Cont\u00e9.<\/p>\n\n\n\n<p>Selon Faya Millimono, joint au t\u00e9l\u00e9phone par notre r\u00e9daction, estime que c\u2019est une brave dame qui a su \u00e9pauler son mari pour traverser toutes les \u00e9preuves au moment du r\u00e9gime Cont\u00e9.<\/p>\n\n\n\n<p>\u00ab <em>Oui comme certains l\u2019appelait maman Henriette Cont\u00e9, c\u2019est une dame qui a \u00e9t\u00e9 une brave premi\u00e8re dame pour ce pays, parce que remplacer S\u00e9kou Tour\u00e9 n\u2019\u00e9tait pas qu\u2019\u00e0 m\u00eame facile pour Lansana Cont\u00e9. \u00catre au c\u00f4t\u00e9 d\u2019un homme qui travers\u00e9 tant d\u2019\u00e9preuve, que celle que le g\u00e9n\u00e9ral Lansana Cont\u00e9 a travers\u00e9e, il fallait avoir un c\u0153ur comme celui de Henriette Cont\u00e9, qui avait un c\u0153ur pour tous les enfants guin\u00e9ens. Chacun a vu le combat qu\u2019elle a men\u00e9 aupr\u00e8s de son mari pour que le bien-\u00eatre soit assur\u00e9 au Guin\u00e9en, que les Guin\u00e9ens soient \u00e9pargn\u00e9s de certaines violences. Aujourd\u2019hui elle est partie, il faut prier pour le repos de son \u00e2me, elle a accompli ici-bas sa mission, elle avait un c\u0153ur pour tous les guin\u00e9ens. Aujourd\u2019hui nous devrons avoir une pens\u00e9e tous ensemble pour qu\u2019elle repose au paradis, aupr\u00e8s de son mari <\/em>\u00bb, a-t-il affirm\u00e9.<\/p>\n","protected":false},"excerpt":{"rendered":"<p>Henriette Comt\u00e9, premi\u00e8re dame de 1984 \u00e0 2008, s\u2019est \u00e9teint ce mardi \u00e0 Conakry. Le pr\u00e9sident du parti Bloc Lib\u00e9ral (BL) a redu un hommage \u00e0 la premi\u00e8re dame Henriette Cont\u00e9. Elle a rendu l\u2019\u00e2me par suite d\u2019une crise cardiaque, elle \u00e9tait la premi\u00e8re dame du d\u00e9funt pr\u00e9sident Lansana Cont\u00e9. Selon Faya Millimono, joint au [&hellip;]<\/p>\n","protected":false},"author":10,"featured_media":29149,"comment_status":"closed","ping_status":"closed","sticky":false,"template":"","format":"standard","meta":{"_exactmetrics_skip_tracking":false,"_exactmetrics_sitenote_active":false,"_exactmetrics_sitenote_note":"","_exactmetrics_sitenote_category":0,"tdm_status":"","tdm_grid_status":"","footnotes":""},"categories":[16],"tags":[],"class_list":{"0":"post-29147","1":"post","2":"type-post","3":"status-publish","4":"format-standard","5":"has-post-thumbnail","7":"category-societe"},"yoast_head":"<!-- This site is optimized with the Yoast SEO plugin v24.2 - https:\/\/yoast.com\/wordpress\/plugins\/seo\/ -->\n<title>D\u00e9c\u00e8s de Henriette Cont\u00e9 : Dr Faya Millimono lui rend un hommage m\u00e9rit\u00e9 | Guin\u00e9e Diversit\u00e9<\/title>\n<meta name=\"robots\" content=\"index, follow, max-snippet:-1, max-image-preview:large, max-video-preview:-1\" \/>\n<link rel=\"canonical\" href=\"https:\/\/guineediversite.com\/index.php\/2020\/05\/13\/deces-de-henriette-conte-dr-faya-millimono-lui-rend-un-hommage-merite\/\" \/>\n<meta property=\"og:locale\" content=\"fr_FR\" \/>\n<meta property=\"og:type\" content=\"article\" \/>\n<meta property=\"og:title\" content=\"D\u00e9c\u00e8s de Henriette Cont\u00e9 : Dr Faya Millimono lui rend un hommage m\u00e9rit\u00e9 | Guin\u00e9e Diversit\u00e9\" \/>\n<meta property=\"og:description\" content=\"Henriette Comt\u00e9, premi\u00e8re dame de 1984 \u00e0 2008, s\u2019est \u00e9teint ce mardi \u00e0 Conakry. Le pr\u00e9sident du parti Bloc Lib\u00e9ral (BL) a redu un hommage \u00e0 la premi\u00e8re dame Henriette Cont\u00e9. Elle a rendu l\u2019\u00e2me par suite d\u2019une crise cardiaque, elle \u00e9tait la premi\u00e8re dame du d\u00e9funt pr\u00e9sident Lansana Cont\u00e9. Selon Faya Millimono, joint au [&hellip;]\" \/>\n<meta property=\"og:url\" content=\"https:\/\/guineediversite.com\/index.php\/2020\/05\/13\/deces-de-henriette-conte-dr-faya-millimono-lui-rend-un-hommage-merite\/\" \/>\n<meta property=\"og:site_name\" content=\"Guin\u00e9e Diversit\u00e9\" \/>\n<meta property=\"article:publisher\" content=\"https:\/\/www.facebook.com\/guineediversite\/\" \/>\n<meta property=\"article:published_time\" content=\"2020-05-13T14:15:54+00:00\" \/>\n<meta property=\"article:modified_time\" content=\"2020-05-13T14:16:03+00:00\" \/>\n<meta property=\"og:image\" content=\"https:\/\/guineediversite.com\/wp-content\/uploads\/2020\/05\/HH-1.jpg\" \/>\n\t<meta property=\"og:image:width\" content=\"2000\" \/>\n\t<meta property=\"og:image:height\" content=\"1065\" \/>\n\t<meta property=\"og:image:type\" content=\"image\/jpeg\" \/>\n<meta name=\"author\" content=\"Morcire Camara\" \/>\n<meta name=\"twitter:card\" content=\"summary_large_image\" \/>\n<meta name=\"twitter:creator\" content=\"@GuineeDiversite\" \/>\n<meta name=\"twitter:site\" content=\"@GuineeDiversite\" \/>\n<meta name=\"twitter:label1\" content=\"\u00c9crit par\" \/>\n\t<meta name=\"twitter:data1\" content=\"Morcire Camara\" \/>\n\t<meta name=\"twitter:label2\" content=\"Dur\u00e9e de lecture estim\u00e9e\" \/>\n\t<meta name=\"twitter:data2\" content=\"1 minute\" \/>\n<script type=\"application\/ld+json\" class=\"yoast-schema-graph\">{\"@context\":\"https:\/\/schema.org\",\"@graph\":[{\"@type\":\"Article\",\"@id\":\"https:\/\/guineediversite.com\/index.php\/2020\/05\/13\/deces-de-henriette-conte-dr-faya-millimono-lui-rend-un-hommage-merite\/#article\",\"isPartOf\":{\"@id\":\"https:\/\/guineediversite.com\/index.php\/2020\/05\/13\/deces-de-henriette-conte-dr-faya-millimono-lui-rend-un-hommage-merite\/\"},\"author\":{\"name\":\"Morcire Camara\",\"@id\":\"https:\/\/guineediversite.com\/#\/schema\/person\/fa362494c47202ce4b3adf55abcc9d01\"},\"headline\":\"D\u00e9c\u00e8s de Henriette Cont\u00e9 : Dr Faya Millimono lui rend un hommage m\u00e9rit\u00e9\",\"datePublished\":\"2020-05-13T14:15:54+00:00\",\"dateModified\":\"2020-05-13T14:16:03+00:00\",\"mainEntityOfPage\":{\"@id\":\"https:\/\/guineediversite.com\/index.php\/2020\/05\/13\/deces-de-henriette-conte-dr-faya-millimono-lui-rend-un-hommage-merite\/\"},\"wordCount\":278,\"publisher\":{\"@id\":\"https:\/\/guineediversite.com\/#organization\"},\"image\":{\"@id\":\"https:\/\/guineediversite.com\/index.php\/2020\/05\/13\/deces-de-henriette-conte-dr-faya-millimono-lui-rend-un-hommage-merite\/#primaryimage\"},\"thumbnailUrl\":\"https:\/\/guineediversite.com\/wp-content\/uploads\/2020\/05\/HH-1.jpg\",\"articleSection\":[\"Soci\u00e9t\u00e9\"],\"inLanguage\":\"fr-FR\"},{\"@type\":\"WebPage\",\"@id\":\"https:\/\/guineediversite.com\/index.php\/2020\/05\/13\/deces-de-henriette-conte-dr-faya-millimono-lui-rend-un-hommage-merite\/\",\"url\":\"https:\/\/guineediversite.com\/index.php\/2020\/05\/13\/deces-de-henriette-conte-dr-faya-millimono-lui-rend-un-hommage-merite\/\",\"name\":\"D\u00e9c\u00e8s de Henriette Cont\u00e9 : Dr Faya Millimono lui rend un hommage m\u00e9rit\u00e9 | Guin\u00e9e Diversit\u00e9\",\"isPartOf\":{\"@id\":\"https:\/\/guineediversite.com\/#website\"},\"primaryImageOfPage\":{\"@id\":\"https:\/\/guineediversite.com\/index.php\/2020\/05\/13\/deces-de-henriette-conte-dr-faya-millimono-lui-rend-un-hommage-merite\/#primaryimage\"},\"image\":{\"@id\":\"https:\/\/guineediversite.com\/index.php\/2020\/05\/13\/deces-de-henriette-conte-dr-faya-millimono-lui-rend-un-hommage-merite\/#primaryimage\"},\"thumbnailUrl\":\"https:\/\/guineediversite.com\/wp-content\/uploads\/2020\/05\/HH-1.jpg\",\"datePublished\":\"2020-05-13T14:15:54+00:00\",\"dateModified\":\"2020-05-13T14:16:03+00:00\",\"breadcrumb\":{\"@id\":\"https:\/\/guineediversite.com\/index.php\/2020\/05\/13\/deces-de-henriette-conte-dr-faya-millimono-lui-rend-un-hommage-merite\/#breadcrumb\"},\"inLanguage\":\"fr-FR\",\"potentialAction\":[{\"@type\":\"ReadAction\",\"target\":[\"https:\/\/guineediversite.com\/index.php\/2020\/05\/13\/deces-de-henriette-conte-dr-faya-millimono-lui-rend-un-hommage-merite\/\"]}]},{\"@type\":\"ImageObject\",\"inLanguage\":\"fr-FR\",\"@id\":\"https:\/\/guineediversite.com\/index.php\/2020\/05\/13\/deces-de-henriette-conte-dr-faya-millimono-lui-rend-un-hommage-merite\/#primaryimage\",\"url\":\"https:\/\/guineediversite.com\/wp-content\/uploads\/2020\/05\/HH-1.jpg\",\"contentUrl\":\"https:\/\/guineediversite.com\/wp-content\/uploads\/2020\/05\/HH-1.jpg\",\"width\":2000,\"height\":1065},{\"@type\":\"BreadcrumbList\",\"@id\":\"https:\/\/guineediversite.com\/index.php\/2020\/05\/13\/deces-de-henriette-conte-dr-faya-millimono-lui-rend-un-hommage-merite\/#breadcrumb\",\"itemListElement\":[{\"@type\":\"ListItem\",\"position\":1,\"name\":\"Accueil\",\"item\":\"https:\/\/guineediversite.com\/\"},{\"@type\":\"ListItem\",\"position\":2,\"name\":\"D\u00e9c\u00e8s de Henriette Cont\u00e9 : Dr Faya Millimono lui rend un hommage m\u00e9rit\u00e9\"}]},{\"@type\":\"WebSite\",\"@id\":\"https:\/\/guineediversite.com\/#website\",\"url\":\"https:\/\/guineediversite.com\/\",\"name\":\"Guin\u00e9e Diversit\u00e9\",\"description\":\"L&#039;Info dans toute sa diversit\u00e9\",\"publisher\":{\"@id\":\"https:\/\/guineediversite.com\/#organization\"},\"potentialAction\":[{\"@type\":\"SearchAction\",\"target\":{\"@type\":\"EntryPoint\",\"urlTemplate\":\"https:\/\/guineediversite.com\/?s={search_term_string}\"},\"query-input\":{\"@type\":\"PropertyValueSpecification\",\"valueRequired\":true,\"valueName\":\"search_term_string\"}}],\"inLanguage\":\"fr-FR\"},{\"@type\":\"Organization\",\"@id\":\"https:\/\/guineediversite.com\/#organization\",\"name\":\"Guin\u00e9e Diversit\u00e9\",\"url\":\"https:\/\/guineediversite.com\/\",\"logo\":{\"@type\":\"ImageObject\",\"inLanguage\":\"fr-FR\",\"@id\":\"https:\/\/guineediversite.com\/#\/schema\/logo\/image\/\",\"url\":\"https:\/\/guineediversite.com\/wp-content\/uploads\/2017\/04\/cropped-1jojlxEOMkX9Wyqfhe43D6kjPOGqBBKmx3EwWJqZ0cMrFF54yM49.png\",\"contentUrl\":\"https:\/\/guineediversite.com\/wp-content\/uploads\/2017\/04\/cropped-1jojlxEOMkX9Wyqfhe43D6kjPOGqBBKmx3EwWJqZ0cMrFF54yM49.png\",\"width\":186,\"height\":112,\"caption\":\"Guin\u00e9e Diversit\u00e9\"},\"image\":{\"@id\":\"https:\/\/guineediversite.com\/#\/schema\/logo\/image\/\"},\"sameAs\":[\"https:\/\/www.facebook.com\/guineediversite\/\",\"https:\/\/x.com\/GuineeDiversite\",\"https:\/\/www.youtube.com\/channel\/UC8sUY16qelG5ge6_D5SB83g\"]},{\"@type\":\"Person\",\"@id\":\"https:\/\/guineediversite.com\/#\/schema\/person\/fa362494c47202ce4b3adf55abcc9d01\",\"name\":\"Morcire Camara\",\"image\":{\"@type\":\"ImageObject\",\"inLanguage\":\"fr-FR\",\"@id\":\"https:\/\/guineediversite.com\/#\/schema\/person\/image\/\",\"url\":\"https:\/\/secure.gravatar.com\/avatar\/3ec324f02295bbcebe03d99b39330ab4?s=96&d=mm&r=g\",\"contentUrl\":\"https:\/\/secure.gravatar.com\/avatar\/3ec324f02295bbcebe03d99b39330ab4?s=96&d=mm&r=g\",\"caption\":\"Morcire Camara\"},\"url\":\"https:\/\/guineediversite.com\/index.php\/author\/morcire\/\"}]}<\/script>\n<!-- \/ Yoast SEO plugin. -->","yoast_head_json":{"title":"D\u00e9c\u00e8s de Henriette Cont\u00e9 : Dr Faya Millimono lui rend un hommage m\u00e9rit\u00e9 | Guin\u00e9e Diversit\u00e9","robots":{"index":"index","follow":"follow","max-snippet":"max-snippet:-1","max-image-preview":"max-image-preview:large","max-video-preview":"max-video-preview:-1"},"canonical":"https:\/\/guineediversite.com\/index.php\/2020\/05\/13\/deces-de-henriette-conte-dr-faya-millimono-lui-rend-un-hommage-merite\/","og_locale":"fr_FR","og_type":"article","og_title":"D\u00e9c\u00e8s de Henriette Cont\u00e9 : Dr Faya Millimono lui rend un hommage m\u00e9rit\u00e9 | Guin\u00e9e Diversit\u00e9","og_description":"Henriette Comt\u00e9, premi\u00e8re dame de 1984 \u00e0 2008, s\u2019est \u00e9teint ce mardi \u00e0 Conakry. Le pr\u00e9sident du parti Bloc Lib\u00e9ral (BL) a redu un hommage \u00e0 la premi\u00e8re dame Henriette Cont\u00e9. Elle a rendu l\u2019\u00e2me par suite d\u2019une crise cardiaque, elle \u00e9tait la premi\u00e8re dame du d\u00e9funt pr\u00e9sident Lansana Cont\u00e9. Selon Faya Millimono, joint au [&hellip;]","og_url":"https:\/\/guineediversite.com\/index.php\/2020\/05\/13\/deces-de-henriette-conte-dr-faya-millimono-lui-rend-un-hommage-merite\/","og_site_name":"Guin\u00e9e Diversit\u00e9","article_publisher":"https:\/\/www.facebook.com\/guineediversite\/","article_published_time":"2020-05-13T14:15:54+00:00","article_modified_time":"2020-05-13T14:16:03+00:00","og_image":[{"width":2000,"height":1065,"url":"https:\/\/guineediversite.com\/wp-content\/uploads\/2020\/05\/HH-1.jpg","type":"image\/jpeg"}],"author":"Morcire Camara","twitter_card":"summary_large_image","twitter_creator":"@GuineeDiversite","twitter_site":"@GuineeDiversite","twitter_misc":{"\u00c9crit par":"Morcire Camara","Dur\u00e9e de lecture estim\u00e9e":"1 minute"},"schema":{"@context":"https:\/\/schema.org","@graph":[{"@type":"Article","@id":"https:\/\/guineediversite.com\/index.php\/2020\/05\/13\/deces-de-henriette-conte-dr-faya-millimono-lui-rend-un-hommage-merite\/#article","isPartOf":{"@id":"https:\/\/guineediversite.com\/index.php\/2020\/05\/13\/deces-de-henriette-conte-dr-faya-millimono-lui-rend-un-hommage-merite\/"},"author":{"name":"Morcire Camara","@id":"https:\/\/guineediversite.com\/#\/schema\/person\/fa362494c47202ce4b3adf55abcc9d01"},"headline":"D\u00e9c\u00e8s de Henriette Cont\u00e9 : Dr Faya Millimono lui rend un hommage m\u00e9rit\u00e9","datePublished":"2020-05-13T14:15:54+00:00","dateModified":"2020-05-13T14:16:03+00:00","mainEntityOfPage":{"@id":"https:\/\/guineediversite.com\/index.php\/2020\/05\/13\/deces-de-henriette-conte-dr-faya-millimono-lui-rend-un-hommage-merite\/"},"wordCount":278,"publisher":{"@id":"https:\/\/guineediversite.com\/#organization"},"image":{"@id":"https:\/\/guineediversite.com\/index.php\/2020\/05\/13\/deces-de-henriette-conte-dr-faya-millimono-lui-rend-un-hommage-merite\/#primaryimage"},"thumbnailUrl":"https:\/\/guineediversite.com\/wp-content\/uploads\/2020\/05\/HH-1.jpg","articleSection":["Soci\u00e9t\u00e9"],"inLanguage":"fr-FR"},{"@type":"WebPage","@id":"https:\/\/guineediversite.com\/index.php\/2020\/05\/13\/deces-de-henriette-conte-dr-faya-millimono-lui-rend-un-hommage-merite\/","url":"https:\/\/guineediversite.com\/index.php\/2020\/05\/13\/deces-de-henriette-conte-dr-faya-millimono-lui-rend-un-hommage-merite\/","name":"D\u00e9c\u00e8s de Henriette Cont\u00e9 : Dr Faya Millimono lui rend un hommage m\u00e9rit\u00e9 | Guin\u00e9e Diversit\u00e9","isPartOf":{"@id":"https:\/\/guineediversite.com\/#website"},"primaryImageOfPage":{"@id":"https:\/\/guineediversite.com\/index.php\/2020\/05\/13\/deces-de-henriette-conte-dr-faya-millimono-lui-rend-un-hommage-merite\/#primaryimage"},"image":{"@id":"https:\/\/guineediversite.com\/index.php\/2020\/05\/13\/deces-de-henriette-conte-dr-faya-millimono-lui-rend-un-hommage-merite\/#primaryimage"},"thumbnailUrl":"https:\/\/guineediversite.com\/wp-content\/uploads\/2020\/05\/HH-1.jpg","datePublished":"2020-05-13T14:15:54+00:00","dateModified":"2020-05-13T14:16:03+00:00","breadcrumb":{"@id":"https:\/\/guineediversite.com\/index.php\/2020\/05\/13\/deces-de-henriette-conte-dr-faya-millimono-lui-rend-un-hommage-merite\/#breadcrumb"},"inLanguage":"fr-FR","potentialAction":[{"@type":"ReadAction","target":["https:\/\/guineediversite.com\/index.php\/2020\/05\/13\/deces-de-henriette-conte-dr-faya-millimono-lui-rend-un-hommage-merite\/"]}]},{"@type":"ImageObject","inLanguage":"fr-FR","@id":"https:\/\/guineediversite.com\/index.php\/2020\/05\/13\/deces-de-henriette-conte-dr-faya-millimono-lui-rend-un-hommage-merite\/#primaryimage","url":"https:\/\/guineediversite.com\/wp-content\/uploads\/2020\/05\/HH-1.jpg","contentUrl":"https:\/\/guineediversite.com\/wp-content\/uploads\/2020\/05\/HH-1.jpg","width":2000,"height":1065},{"@type":"BreadcrumbList","@id":"https:\/\/guineediversite.com\/index.php\/2020\/05\/13\/deces-de-henriette-conte-dr-faya-millimono-lui-rend-un-hommage-merite\/#breadcrumb","itemListElement":[{"@type":"ListItem","position":1,"name":"Accueil","item":"https:\/\/guineediversite.com\/"},{"@type":"ListItem","position":2,"name":"D\u00e9c\u00e8s de Henriette Cont\u00e9 : Dr Faya Millimono lui rend un hommage m\u00e9rit\u00e9"}]},{"@type":"WebSite","@id":"https:\/\/guineediversite.com\/#website","url":"https:\/\/guineediversite.com\/","name":"Guin\u00e9e Diversit\u00e9","description":"L&#039;Info dans toute sa diversit\u00e9","publisher":{"@id":"https:\/\/guineediversite.com\/#organization"},"potentialAction":[{"@type":"SearchAction","target":{"@type":"EntryPoint","urlTemplate":"https:\/\/guineediversite.com\/?s={search_term_string}"},"query-input":{"@type":"PropertyValueSpecification","valueRequired":true,"valueName":"search_term_string"}}],"inLanguage":"fr-FR"},{"@type":"Organization","@id":"https:\/\/guineediversite.com\/#organization","name":"Guin\u00e9e Diversit\u00e9","url":"https:\/\/guineediversite.com\/","logo":{"@type":"ImageObject","inLanguage":"fr-FR","@id":"https:\/\/guineediversite.com\/#\/schema\/logo\/image\/","url":"https:\/\/guineediversite.com\/wp-content\/uploads\/2017\/04\/cropped-1jojlxEOMkX9Wyqfhe43D6kjPOGqBBKmx3EwWJqZ0cMrFF54yM49.png","contentUrl":"https:\/\/guineediversite.com\/wp-content\/uploads\/2017\/04\/cropped-1jojlxEOMkX9Wyqfhe43D6kjPOGqBBKmx3EwWJqZ0cMrFF54yM49.png","width":186,"height":112,"caption":"Guin\u00e9e Diversit\u00e9"},"image":{"@id":"https:\/\/guineediversite.com\/#\/schema\/logo\/image\/"},"sameAs":["https:\/\/www.facebook.com\/guineediversite\/","https:\/\/x.com\/GuineeDiversite","https:\/\/www.youtube.com\/channel\/UC8sUY16qelG5ge6_D5SB83g"]},{"@type":"Person","@id":"https:\/\/guineediversite.com\/#\/schema\/person\/fa362494c47202ce4b3adf55abcc9d01","name":"Morcire Camara","image":{"@type":"ImageObject","inLanguage":"fr-FR","@id":"https:\/\/guineediversite.com\/#\/schema\/person\/image\/","url":"https:\/\/secure.gravatar.com\/avatar\/3ec324f02295bbcebe03d99b39330ab4?s=96&d=mm&r=g","contentUrl":"https:\/\/secure.gravatar.com\/avatar\/3ec324f02295bbcebe03d99b39330ab4?s=96&d=mm&r=g","caption":"Morcire Camara"},"url":"https:\/\/guineediversite.com\/index.php\/author\/morcire\/"}]}},"_links":{"self":[{"href":"https:\/\/guineediversite.com\/index.php\/wp-json\/wp\/v2\/posts\/29147"}],"collection":[{"href":"https:\/\/guineediversite.com\/index.php\/wp-json\/wp\/v2\/posts"}],"about":[{"href":"https:\/\/guineediversite.com\/index.php\/wp-json\/wp\/v2\/types\/post"}],"author":[{"embeddable":true,"href":"https:\/\/guineediversite.com\/index.php\/wp-json\/wp\/v2\/users\/10"}],"replies":[{"embeddable":true,"href":"https:\/\/guineediversite.com\/index.php\/wp-json\/wp\/v2\/comments?post=29147"}],"version-history":[{"count":1,"href":"https:\/\/guineediversite.com\/index.php\/wp-json\/wp\/v2\/posts\/29147\/revisions"}],"predecessor-version":[{"id":29150,"href":"https:\/\/guineediversite.com\/index.php\/wp-json\/wp\/v2\/posts\/29147\/revisions\/29150"}],"wp:featuredmedia":[{"embeddable":true,"href":"https:\/\/guineediversite.com\/index.php\/wp-json\/wp\/v2\/media\/29149"}],"wp:attachment":[{"href":"https:\/\/guineediversite.com\/index.php\/wp-json\/wp\/v2\/media?parent=29147"}],"wp:term":[{"taxonomy":"category","embeddable":true,"href":"https:\/\/guineediversite.com\/index.php\/wp-json\/wp\/v2\/categories?post=29147"},{"taxonomy":"post_tag","embeddable":true,"href":"https:\/\/guineediversite.com\/index.php\/wp-json\/wp\/v2\/tags?post=29147"}],"curies":[{"name":"wp","href":"https:\/\/api.w.org\/{rel}","templated":true}]}}