{"id":29117,"date":"2020-05-11T21:42:58","date_gmt":"2020-05-11T19:42:58","guid":{"rendered":"https:\/\/guineediversite.com\/?p=29117"},"modified":"2020-05-11T21:43:00","modified_gmt":"2020-05-11T19:43:00","slug":"france-les-commerces-ont-rouvert-dans-un-melange-de-liberte-et-de-crainte","status":"publish","type":"post","link":"https:\/\/guineediversite.com\/index.php\/2020\/05\/11\/france-les-commerces-ont-rouvert-dans-un-melange-de-liberte-et-de-crainte\/","title":{"rendered":"France: les commerces ont rouvert dans un m\u00e9lange de libert\u00e9 et de crainte"},"content":{"rendered":"\n<p><strong>En France, c&rsquo;\u00e9tait le premier jour de d\u00e9confinement ce lundi 11 mai. Les Fran\u00e7ais ont \u00e0 nouveau le droit de sortir sans d\u00e9rogation, les magasins autoris\u00e9s ont rouvert. Un secteur a assist\u00e9 \u00e0 une ru\u00e9e&nbsp;: celui de la coiffure.<\/strong><\/p>\n\n\n\n<p>Apr\u00e8s deux mois sans coupe de cheveux, les clients hirsutes \u00e9taient nombreux \u00e0 pousser la porte des salons. Chez ce coiffeur situ\u00e9 dans le quartier de la gare Saint-Lazare \u00e0 Paris, le t\u00e9l\u00e9phone ne cesse de sonner pour des prises de rendez-vous.<\/p>\n\n\n\n<p>Gilles Martel, le g\u00e9rant du salon, avait indiqu\u00e9 il y a quelques jours sur sa vitrine la date de r\u00e9ouverture. Il avait pr\u00e9cis\u00e9 qu&rsquo;il n&rsquo;y avait pas besoin de prendre rendez-vous, mais beaucoup de clients ont pr\u00e9f\u00e9r\u00e9 prendre leur pr\u00e9caution.<\/p>\n\n\n\n<p>\u00ab&nbsp;<em>C&rsquo;est surcharg\u00e9. Il y a essentiellement une client\u00e8le d&rsquo;hommes. Deux mois, \u00e7a commence \u00e0 faire long&nbsp;<\/em>\u00bb, dit-il. \u00ab&nbsp;<em>C&rsquo;est quand m\u00eame emb\u00eatant&#8230;<\/em>&nbsp;\u00bb, l\u00e2che un jeune homme. Ce client \u00e9tait l&rsquo;un des premiers \u00e0 avoir appel\u00e9 \u00e0 l&rsquo;ouverture du salon \u00ab<em>&nbsp;pour ce sentir mieux et passer \u00e0 autre chose que le confinement.<\/em>&nbsp;\u00bb<em>&nbsp;\u00ab<\/em>&nbsp;<em>Je me mettais devant la glace et je coupais ce qui d\u00e9passait, sauf derri\u00e8re&nbsp;<\/em>\u00bb, ajoute-t-il.<\/p>\n\n\n\n<p>Pour son coiffeur, c&rsquo;est donc l&rsquo;heure de la reprise. \u00ab&nbsp;<em>J&rsquo;esp\u00e8re que je ne vais pas me couper les doigts puisque \u00e7a fait deux mois que je n&rsquo;ai pas coup\u00e9 de cheveux,&nbsp;<\/em>s&rsquo;amuse-t-il.&nbsp;<em>\u00c7a fait 30 ans que je coupe des cheveux, mais c&rsquo;est bien la premi\u00e8re fois que je reste ainsi sans rien faire.&nbsp;<\/em>\u00bb<\/p>\n\n\n\n<p>Si ce client avait h\u00e2te de se faire faire une coupe, l&rsquo;\u00e9quipe du salon \u00e9tait press\u00e9e de reprendre le travail apr\u00e8s cet arr\u00eat forc\u00e9. \u00ab&nbsp;<em>Une soci\u00e9t\u00e9 qui ferme deux mois, c&rsquo;est quand m\u00eame long&nbsp;<\/em>, commente l&rsquo;une des coiffeuses.&nbsp;<em>Moralement, financi\u00e8rement, et puis en plus pour rouvrir pas dans les m\u00eames conditions&#8230;&nbsp;<\/em>\u00bb<\/p>\n\n\n\n<p>\u00ab&nbsp;<em>Masque obligatoire pour coiffer et lavage des mains,&nbsp;<\/em>pr\u00e9cise le patron.<em>&nbsp;Dans toutes les tablettes vous avez un d\u00e9infectant<\/em>.&nbsp;\u00bb<\/p>\n\n\n\n<p>De nouvelles habitudes \u00e0 prendre, pas toujours \u00e9videntes, surtout lorsque l&rsquo;on porte des lunettes, qui se remplissent facilement de bu\u00e9e avec un masque.<\/p>\n\n\n\n<p>Avec un poids estim\u00e9 \u00e0 4,5 milliards d&rsquo;euros, le secteur du livre est la premi\u00e8re industrie culturelle de France, devant la musique et le cin\u00e9ma. Le confinement a fait souffrir toute la cha\u00eene du livre et notamment les libraires. Les 3&nbsp;200 librairies ind\u00e9pendantes ont cependant b\u00e9n\u00e9fici\u00e9 d&rsquo;une aide de l&rsquo;\u00c9tat. Pas certain pour les plus petites que cela suffise.<\/p>\n\n\n\n<p>Sur le boulevard de Port-Royal, \u00e0 Paris, Line Teboul replie pour la premi\u00e8re fois depuis deux mois le rideau de fer de sa librairie. \u00ab<em>&nbsp;C&rsquo;est beau le bruit d&rsquo;une librairie qui ouvre&nbsp;<\/em>\u00bb, se r\u00e9jouit-elle.<\/p>\n\n\n\n<p>Pendant deux mois, elle n&rsquo;a pu vendre aucun livre, mais elle a du continuer \u00e0 payer ses charges et notamment le loyer. Heureusement l&rsquo;\u00c9tat lui a vers\u00e9 une aide de 1&nbsp;500 euros par mois. \u00ab&nbsp;<em>\u00c7a a \u00e9t\u00e9 d\u00e9bloqu\u00e9 assez vite. Et il y a eu la possibilit\u00e9 de faire un emprunt cautionn\u00e9 par l&rsquo;\u00c9tat.<\/em>&nbsp;\u00bb<\/p>\n\n\n\n<p>La bonne surprise est venue des \u00e9diteurs et des distributeurs qui ont repouss\u00e9 imm\u00e9diatement les \u00e9ch\u00e9ances. \u00ab&nbsp;<em>On a rien \u00e0 payer pour l&rsquo;instant jusqu&rsquo;\u00e0 juin-juillet. On verra.&nbsp;<\/em>\u00bb, ajoute-t-elle.<\/p>\n\n\n\n<p>Mais l&rsquo;avenir n&rsquo;est pas rose. David Cazals dirige la Libraire Henri IV sur le boulevard du m\u00eame nom. Pour lui, le risque est de perdre la convivialit\u00e9 avec les clients en raison des mesures barri\u00e8res.<\/p>\n\n\n\n<p>\u00ab&nbsp;<em>La librairie, c&rsquo;est un m\u00e9tier de contact, donc si on est oblig\u00e9 de mettre des masques, si les gens se m\u00e9fient les uns des autres, c&rsquo;est possible que \u00e7a nous fasse beaucoup de tort et qu&rsquo;on y laisse notre peau. Notamment, il y a un point essentiel dans notre m\u00e9tier<\/em>&nbsp;:<em>&nbsp;ce sont les rencontres en librairie. Pour l&rsquo;instant, c&rsquo;est inenvisageable. Les rencontres, les salons&#8230; il y a \u00e9norm\u00e9ment de libraires qui font un chiffre d&rsquo;affaires non n\u00e9gligeable dans des salons. Et tout \u00e7a effectivement, \u00e7a va nous faire d\u00e9faut.&nbsp;<\/em>\u00bb<\/p>\n\n\n\n<p>La France compte toujours plus de 3&nbsp;000 librairies ind\u00e9pendantes. Elle craignent aujourd&rsquo;hui que le coronavirus ne les fragilise face \u00e0 la vente par correspondance de type Amazon.<\/p>\n\n\n\n<p><strong>Les Champs-\u00c9lys\u00e9es presque vides<\/strong><\/p>\n\n\n\n<p>Sur les Champs-Elys\u00e9es o\u00f9 les grands cha\u00eenes de boutiques de v\u00eatements, notamment, ont rouvert leurs portes les clients \u00e9taient rares. Il faut dire aussi que le temps froid et humide n&rsquo;invitait pas \u00e0 faire du l\u00e8che vitrine.<\/p>\n\n\n\n<p>La circulation automobile est clairement plus dense que ces derniers jours, mais les pi\u00e9tons pas beaucoup plus nombreux sur les larges trottoirs de la plus belle avenue du monde.<\/p>\n\n\n\n<p>Farouk et sa coll\u00e8gue travaillent dans le quartier. Ils profitaient de leur pause d\u00e9jeuner pour constater les effets du d\u00e9confinement. Ils sont plut\u00f4t \u00e9tonn\u00e9s. Rien \u00e0 voir avec un retour \u00e0 la normale. \u00ab&nbsp;<em>C&rsquo;est vide, d&rsquo;habitude on se bouscule, tandis que l\u00e0, c&rsquo;est libre&nbsp;<\/em>\u00bb, assure le jeune homme.<\/p>\n\n\n\n<p>Derri\u00e8re eux, une grande enseigne de v\u00eatements avec \u00e9crit sur la vitrine, \u00ab&nbsp;Heureux de vous revoir&nbsp;\u00bb, mais \u00e0 l\u2019int\u00e9rieur, les vendeurs sont plus nombreux que les clients.<\/p>\n\n\n\n<p>Farouk et sa coll\u00e8gue s&rsquo;appr\u00eatent \u00e0 y entrer, mais pas pour les m\u00eames raisons.\u00ab&nbsp;<em>Pour passer le temps on va dire et puis pour retrouver le contact avec les gens aussi peut-\u00eatre.&nbsp;<\/em>\u00bb, avoue Farouk. \u00ab&nbsp;<em>\u00c7a m&rsquo;a manqu\u00e9,&nbsp;<\/em>ajoute sa coll\u00e8gue.<em>&nbsp;Acheter des petits v\u00eatements, des choses du quotidien pour mes enfants, en fait. Je peux retrouver leur petite garde-robe.&nbsp;<\/em>\u00bb<\/p>\n\n\n\n<p>Un jeune couple ressort les mains vides de ce magasin. Cela faisait deux mois qu&rsquo;il n&rsquo;avait pas quitt\u00e9 leur banlieue. Il n&rsquo;avait pas pour autant l&rsquo;intention de d\u00e9valiser les boutiques.<\/p>\n\n\n\n<p>\u00ab&nbsp;<em>Le shopping, c&rsquo;est un alibi, c&rsquo;est juste le c\u00f4t\u00e9 libert\u00e9 apr\u00e8s deux mois de confinement qui fait plaisir, surtout sur cette avenue,&nbsp;<\/em>explique l&rsquo;homme.<em>&nbsp;Et puis apr\u00e8s on va rentrer \u00e0 la maison. C&rsquo;est vrai que dans les transports on sent que c&rsquo;est inqui\u00e9tant quand m\u00eame. On sent que les gens ont encore un peu peur et ils ont peut-\u00eatre raison d&rsquo;ailleurs.&nbsp;<\/em>\u00bb<\/p>\n\n\n\n<p>C&rsquo;est donc un m\u00e9lange de libert\u00e9 et de crainte qui a envahit la capitale en ce d\u00e9but de semaine.<\/p>\n\n\n\n<p><strong>RFI<\/strong><\/p>\n","protected":false},"excerpt":{"rendered":"<p>En France, c&rsquo;\u00e9tait le premier jour de d\u00e9confinement ce lundi 11 mai. Les Fran\u00e7ais ont \u00e0 nouveau le droit de sortir sans d\u00e9rogation, les magasins autoris\u00e9s ont rouvert. Un secteur a assist\u00e9 \u00e0 une ru\u00e9e&nbsp;: celui de la coiffure. Apr\u00e8s deux mois sans coupe de cheveux, les clients hirsutes \u00e9taient nombreux \u00e0 pousser la porte [&hellip;]<\/p>\n","protected":false},"author":12,"featured_media":29118,"comment_status":"closed","ping_status":"closed","sticky":false,"template":"","format":"standard","meta":{"_exactmetrics_skip_tracking":false,"_exactmetrics_sitenote_active":false,"_exactmetrics_sitenote_note":"","_exactmetrics_sitenote_category":0,"tdm_status":"","tdm_grid_status":"","footnotes":""},"categories":[21],"tags":[],"class_list":{"0":"post-29117","1":"post","2":"type-post","3":"status-publish","4":"format-standard","5":"has-post-thumbnail","7":"category-international"},"yoast_head":"<!-- This site is optimized with the Yoast SEO plugin v24.2 - https:\/\/yoast.com\/wordpress\/plugins\/seo\/ -->\n<title>France: les commerces ont rouvert dans un m\u00e9lange de libert\u00e9 et de crainte | Guin\u00e9e Diversit\u00e9<\/title>\n<meta name=\"robots\" content=\"index, follow, max-snippet:-1, max-image-preview:large, max-video-preview:-1\" \/>\n<link rel=\"canonical\" href=\"https:\/\/guineediversite.com\/index.php\/2020\/05\/11\/france-les-commerces-ont-rouvert-dans-un-melange-de-liberte-et-de-crainte\/\" \/>\n<meta property=\"og:locale\" content=\"fr_FR\" \/>\n<meta property=\"og:type\" content=\"article\" \/>\n<meta property=\"og:title\" content=\"France: les commerces ont rouvert dans un m\u00e9lange de libert\u00e9 et de crainte | Guin\u00e9e Diversit\u00e9\" \/>\n<meta property=\"og:description\" content=\"En France, c&rsquo;\u00e9tait le premier jour de d\u00e9confinement ce lundi 11 mai. Les Fran\u00e7ais ont \u00e0 nouveau le droit de sortir sans d\u00e9rogation, les magasins autoris\u00e9s ont rouvert. Un secteur a assist\u00e9 \u00e0 une ru\u00e9e&nbsp;: celui de la coiffure. Apr\u00e8s deux mois sans coupe de cheveux, les clients hirsutes \u00e9taient nombreux \u00e0 pousser la porte [&hellip;]\" \/>\n<meta property=\"og:url\" content=\"https:\/\/guineediversite.com\/index.php\/2020\/05\/11\/france-les-commerces-ont-rouvert-dans-un-melange-de-liberte-et-de-crainte\/\" \/>\n<meta property=\"og:site_name\" content=\"Guin\u00e9e Diversit\u00e9\" \/>\n<meta property=\"article:publisher\" content=\"https:\/\/www.facebook.com\/guineediversite\/\" \/>\n<meta property=\"article:published_time\" content=\"2020-05-11T19:42:58+00:00\" \/>\n<meta property=\"article:modified_time\" content=\"2020-05-11T19:43:00+00:00\" \/>\n<meta property=\"og:image\" content=\"https:\/\/guineediversite.com\/wp-content\/uploads\/2020\/05\/FRANCE-I.jpg\" \/>\n\t<meta property=\"og:image:width\" content=\"1500\" \/>\n\t<meta property=\"og:image:height\" content=\"843\" \/>\n\t<meta property=\"og:image:type\" content=\"image\/jpeg\" \/>\n<meta name=\"author\" content=\"Guin\u00e9e Diversit\u00e9\" \/>\n<meta name=\"twitter:card\" content=\"summary_large_image\" \/>\n<meta name=\"twitter:creator\" content=\"@GuineeDiversite\" \/>\n<meta name=\"twitter:site\" content=\"@GuineeDiversite\" \/>\n<meta name=\"twitter:label1\" content=\"\u00c9crit par\" \/>\n\t<meta name=\"twitter:data1\" content=\"Guin\u00e9e Diversit\u00e9\" \/>\n\t<meta name=\"twitter:label2\" content=\"Dur\u00e9e de lecture estim\u00e9e\" \/>\n\t<meta name=\"twitter:data2\" content=\"5 minutes\" \/>\n<script type=\"application\/ld+json\" class=\"yoast-schema-graph\">{\"@context\":\"https:\/\/schema.org\",\"@graph\":[{\"@type\":\"Article\",\"@id\":\"https:\/\/guineediversite.com\/index.php\/2020\/05\/11\/france-les-commerces-ont-rouvert-dans-un-melange-de-liberte-et-de-crainte\/#article\",\"isPartOf\":{\"@id\":\"https:\/\/guineediversite.com\/index.php\/2020\/05\/11\/france-les-commerces-ont-rouvert-dans-un-melange-de-liberte-et-de-crainte\/\"},\"author\":{\"name\":\"Guin\u00e9e Diversit\u00e9\",\"@id\":\"https:\/\/guineediversite.com\/#\/schema\/person\/afa08fb34e7fc6e1feafc892612bc836\"},\"headline\":\"France: les commerces ont rouvert dans un m\u00e9lange de libert\u00e9 et de crainte\",\"datePublished\":\"2020-05-11T19:42:58+00:00\",\"dateModified\":\"2020-05-11T19:43:00+00:00\",\"mainEntityOfPage\":{\"@id\":\"https:\/\/guineediversite.com\/index.php\/2020\/05\/11\/france-les-commerces-ont-rouvert-dans-un-melange-de-liberte-et-de-crainte\/\"},\"wordCount\":1149,\"publisher\":{\"@id\":\"https:\/\/guineediversite.com\/#organization\"},\"image\":{\"@id\":\"https:\/\/guineediversite.com\/index.php\/2020\/05\/11\/france-les-commerces-ont-rouvert-dans-un-melange-de-liberte-et-de-crainte\/#primaryimage\"},\"thumbnailUrl\":\"https:\/\/guineediversite.com\/wp-content\/uploads\/2020\/05\/FRANCE-I.jpg\",\"articleSection\":[\"International\"],\"inLanguage\":\"fr-FR\"},{\"@type\":\"WebPage\",\"@id\":\"https:\/\/guineediversite.com\/index.php\/2020\/05\/11\/france-les-commerces-ont-rouvert-dans-un-melange-de-liberte-et-de-crainte\/\",\"url\":\"https:\/\/guineediversite.com\/index.php\/2020\/05\/11\/france-les-commerces-ont-rouvert-dans-un-melange-de-liberte-et-de-crainte\/\",\"name\":\"France: les commerces ont rouvert dans un m\u00e9lange de libert\u00e9 et de crainte | Guin\u00e9e Diversit\u00e9\",\"isPartOf\":{\"@id\":\"https:\/\/guineediversite.com\/#website\"},\"primaryImageOfPage\":{\"@id\":\"https:\/\/guineediversite.com\/index.php\/2020\/05\/11\/france-les-commerces-ont-rouvert-dans-un-melange-de-liberte-et-de-crainte\/#primaryimage\"},\"image\":{\"@id\":\"https:\/\/guineediversite.com\/index.php\/2020\/05\/11\/france-les-commerces-ont-rouvert-dans-un-melange-de-liberte-et-de-crainte\/#primaryimage\"},\"thumbnailUrl\":\"https:\/\/guineediversite.com\/wp-content\/uploads\/2020\/05\/FRANCE-I.jpg\",\"datePublished\":\"2020-05-11T19:42:58+00:00\",\"dateModified\":\"2020-05-11T19:43:00+00:00\",\"breadcrumb\":{\"@id\":\"https:\/\/guineediversite.com\/index.php\/2020\/05\/11\/france-les-commerces-ont-rouvert-dans-un-melange-de-liberte-et-de-crainte\/#breadcrumb\"},\"inLanguage\":\"fr-FR\",\"potentialAction\":[{\"@type\":\"ReadAction\",\"target\":[\"https:\/\/guineediversite.com\/index.php\/2020\/05\/11\/france-les-commerces-ont-rouvert-dans-un-melange-de-liberte-et-de-crainte\/\"]}]},{\"@type\":\"ImageObject\",\"inLanguage\":\"fr-FR\",\"@id\":\"https:\/\/guineediversite.com\/index.php\/2020\/05\/11\/france-les-commerces-ont-rouvert-dans-un-melange-de-liberte-et-de-crainte\/#primaryimage\",\"url\":\"https:\/\/guineediversite.com\/wp-content\/uploads\/2020\/05\/FRANCE-I.jpg\",\"contentUrl\":\"https:\/\/guineediversite.com\/wp-content\/uploads\/2020\/05\/FRANCE-I.jpg\",\"width\":1500,\"height\":843},{\"@type\":\"BreadcrumbList\",\"@id\":\"https:\/\/guineediversite.com\/index.php\/2020\/05\/11\/france-les-commerces-ont-rouvert-dans-un-melange-de-liberte-et-de-crainte\/#breadcrumb\",\"itemListElement\":[{\"@type\":\"ListItem\",\"position\":1,\"name\":\"Accueil\",\"item\":\"https:\/\/guineediversite.com\/\"},{\"@type\":\"ListItem\",\"position\":2,\"name\":\"France: les commerces ont rouvert dans un m\u00e9lange de libert\u00e9 et de crainte\"}]},{\"@type\":\"WebSite\",\"@id\":\"https:\/\/guineediversite.com\/#website\",\"url\":\"https:\/\/guineediversite.com\/\",\"name\":\"Guin\u00e9e Diversit\u00e9\",\"description\":\"L&#039;Info dans toute sa diversit\u00e9\",\"publisher\":{\"@id\":\"https:\/\/guineediversite.com\/#organization\"},\"potentialAction\":[{\"@type\":\"SearchAction\",\"target\":{\"@type\":\"EntryPoint\",\"urlTemplate\":\"https:\/\/guineediversite.com\/?s={search_term_string}\"},\"query-input\":{\"@type\":\"PropertyValueSpecification\",\"valueRequired\":true,\"valueName\":\"search_term_string\"}}],\"inLanguage\":\"fr-FR\"},{\"@type\":\"Organization\",\"@id\":\"https:\/\/guineediversite.com\/#organization\",\"name\":\"Guin\u00e9e Diversit\u00e9\",\"url\":\"https:\/\/guineediversite.com\/\",\"logo\":{\"@type\":\"ImageObject\",\"inLanguage\":\"fr-FR\",\"@id\":\"https:\/\/guineediversite.com\/#\/schema\/logo\/image\/\",\"url\":\"https:\/\/guineediversite.com\/wp-content\/uploads\/2017\/04\/cropped-1jojlxEOMkX9Wyqfhe43D6kjPOGqBBKmx3EwWJqZ0cMrFF54yM49.png\",\"contentUrl\":\"https:\/\/guineediversite.com\/wp-content\/uploads\/2017\/04\/cropped-1jojlxEOMkX9Wyqfhe43D6kjPOGqBBKmx3EwWJqZ0cMrFF54yM49.png\",\"width\":186,\"height\":112,\"caption\":\"Guin\u00e9e Diversit\u00e9\"},\"image\":{\"@id\":\"https:\/\/guineediversite.com\/#\/schema\/logo\/image\/\"},\"sameAs\":[\"https:\/\/www.facebook.com\/guineediversite\/\",\"https:\/\/x.com\/GuineeDiversite\",\"https:\/\/www.youtube.com\/channel\/UC8sUY16qelG5ge6_D5SB83g\"]},{\"@type\":\"Person\",\"@id\":\"https:\/\/guineediversite.com\/#\/schema\/person\/afa08fb34e7fc6e1feafc892612bc836\",\"name\":\"Guin\u00e9e Diversit\u00e9\",\"image\":{\"@type\":\"ImageObject\",\"inLanguage\":\"fr-FR\",\"@id\":\"https:\/\/guineediversite.com\/#\/schema\/person\/image\/\",\"url\":\"https:\/\/secure.gravatar.com\/avatar\/50d5eb5b390f8b65ac30ac6f898eb83a?s=96&d=mm&r=g\",\"contentUrl\":\"https:\/\/secure.gravatar.com\/avatar\/50d5eb5b390f8b65ac30ac6f898eb83a?s=96&d=mm&r=g\",\"caption\":\"Guin\u00e9e Diversit\u00e9\"},\"url\":\"https:\/\/guineediversite.com\/index.php\/author\/guineediversite\/\"}]}<\/script>\n<!-- \/ Yoast SEO plugin. -->","yoast_head_json":{"title":"France: les commerces ont rouvert dans un m\u00e9lange de libert\u00e9 et de crainte | Guin\u00e9e Diversit\u00e9","robots":{"index":"index","follow":"follow","max-snippet":"max-snippet:-1","max-image-preview":"max-image-preview:large","max-video-preview":"max-video-preview:-1"},"canonical":"https:\/\/guineediversite.com\/index.php\/2020\/05\/11\/france-les-commerces-ont-rouvert-dans-un-melange-de-liberte-et-de-crainte\/","og_locale":"fr_FR","og_type":"article","og_title":"France: les commerces ont rouvert dans un m\u00e9lange de libert\u00e9 et de crainte | Guin\u00e9e Diversit\u00e9","og_description":"En France, c&rsquo;\u00e9tait le premier jour de d\u00e9confinement ce lundi 11 mai. Les Fran\u00e7ais ont \u00e0 nouveau le droit de sortir sans d\u00e9rogation, les magasins autoris\u00e9s ont rouvert. Un secteur a assist\u00e9 \u00e0 une ru\u00e9e&nbsp;: celui de la coiffure. Apr\u00e8s deux mois sans coupe de cheveux, les clients hirsutes \u00e9taient nombreux \u00e0 pousser la porte [&hellip;]","og_url":"https:\/\/guineediversite.com\/index.php\/2020\/05\/11\/france-les-commerces-ont-rouvert-dans-un-melange-de-liberte-et-de-crainte\/","og_site_name":"Guin\u00e9e Diversit\u00e9","article_publisher":"https:\/\/www.facebook.com\/guineediversite\/","article_published_time":"2020-05-11T19:42:58+00:00","article_modified_time":"2020-05-11T19:43:00+00:00","og_image":[{"width":1500,"height":843,"url":"https:\/\/guineediversite.com\/wp-content\/uploads\/2020\/05\/FRANCE-I.jpg","type":"image\/jpeg"}],"author":"Guin\u00e9e Diversit\u00e9","twitter_card":"summary_large_image","twitter_creator":"@GuineeDiversite","twitter_site":"@GuineeDiversite","twitter_misc":{"\u00c9crit par":"Guin\u00e9e Diversit\u00e9","Dur\u00e9e de lecture estim\u00e9e":"5 minutes"},"schema":{"@context":"https:\/\/schema.org","@graph":[{"@type":"Article","@id":"https:\/\/guineediversite.com\/index.php\/2020\/05\/11\/france-les-commerces-ont-rouvert-dans-un-melange-de-liberte-et-de-crainte\/#article","isPartOf":{"@id":"https:\/\/guineediversite.com\/index.php\/2020\/05\/11\/france-les-commerces-ont-rouvert-dans-un-melange-de-liberte-et-de-crainte\/"},"author":{"name":"Guin\u00e9e Diversit\u00e9","@id":"https:\/\/guineediversite.com\/#\/schema\/person\/afa08fb34e7fc6e1feafc892612bc836"},"headline":"France: les commerces ont rouvert dans un m\u00e9lange de libert\u00e9 et de crainte","datePublished":"2020-05-11T19:42:58+00:00","dateModified":"2020-05-11T19:43:00+00:00","mainEntityOfPage":{"@id":"https:\/\/guineediversite.com\/index.php\/2020\/05\/11\/france-les-commerces-ont-rouvert-dans-un-melange-de-liberte-et-de-crainte\/"},"wordCount":1149,"publisher":{"@id":"https:\/\/guineediversite.com\/#organization"},"image":{"@id":"https:\/\/guineediversite.com\/index.php\/2020\/05\/11\/france-les-commerces-ont-rouvert-dans-un-melange-de-liberte-et-de-crainte\/#primaryimage"},"thumbnailUrl":"https:\/\/guineediversite.com\/wp-content\/uploads\/2020\/05\/FRANCE-I.jpg","articleSection":["International"],"inLanguage":"fr-FR"},{"@type":"WebPage","@id":"https:\/\/guineediversite.com\/index.php\/2020\/05\/11\/france-les-commerces-ont-rouvert-dans-un-melange-de-liberte-et-de-crainte\/","url":"https:\/\/guineediversite.com\/index.php\/2020\/05\/11\/france-les-commerces-ont-rouvert-dans-un-melange-de-liberte-et-de-crainte\/","name":"France: les commerces ont rouvert dans un m\u00e9lange de libert\u00e9 et de crainte | Guin\u00e9e Diversit\u00e9","isPartOf":{"@id":"https:\/\/guineediversite.com\/#website"},"primaryImageOfPage":{"@id":"https:\/\/guineediversite.com\/index.php\/2020\/05\/11\/france-les-commerces-ont-rouvert-dans-un-melange-de-liberte-et-de-crainte\/#primaryimage"},"image":{"@id":"https:\/\/guineediversite.com\/index.php\/2020\/05\/11\/france-les-commerces-ont-rouvert-dans-un-melange-de-liberte-et-de-crainte\/#primaryimage"},"thumbnailUrl":"https:\/\/guineediversite.com\/wp-content\/uploads\/2020\/05\/FRANCE-I.jpg","datePublished":"2020-05-11T19:42:58+00:00","dateModified":"2020-05-11T19:43:00+00:00","breadcrumb":{"@id":"https:\/\/guineediversite.com\/index.php\/2020\/05\/11\/france-les-commerces-ont-rouvert-dans-un-melange-de-liberte-et-de-crainte\/#breadcrumb"},"inLanguage":"fr-FR","potentialAction":[{"@type":"ReadAction","target":["https:\/\/guineediversite.com\/index.php\/2020\/05\/11\/france-les-commerces-ont-rouvert-dans-un-melange-de-liberte-et-de-crainte\/"]}]},{"@type":"ImageObject","inLanguage":"fr-FR","@id":"https:\/\/guineediversite.com\/index.php\/2020\/05\/11\/france-les-commerces-ont-rouvert-dans-un-melange-de-liberte-et-de-crainte\/#primaryimage","url":"https:\/\/guineediversite.com\/wp-content\/uploads\/2020\/05\/FRANCE-I.jpg","contentUrl":"https:\/\/guineediversite.com\/wp-content\/uploads\/2020\/05\/FRANCE-I.jpg","width":1500,"height":843},{"@type":"BreadcrumbList","@id":"https:\/\/guineediversite.com\/index.php\/2020\/05\/11\/france-les-commerces-ont-rouvert-dans-un-melange-de-liberte-et-de-crainte\/#breadcrumb","itemListElement":[{"@type":"ListItem","position":1,"name":"Accueil","item":"https:\/\/guineediversite.com\/"},{"@type":"ListItem","position":2,"name":"France: les commerces ont rouvert dans un m\u00e9lange de libert\u00e9 et de crainte"}]},{"@type":"WebSite","@id":"https:\/\/guineediversite.com\/#website","url":"https:\/\/guineediversite.com\/","name":"Guin\u00e9e Diversit\u00e9","description":"L&#039;Info dans toute sa diversit\u00e9","publisher":{"@id":"https:\/\/guineediversite.com\/#organization"},"potentialAction":[{"@type":"SearchAction","target":{"@type":"EntryPoint","urlTemplate":"https:\/\/guineediversite.com\/?s={search_term_string}"},"query-input":{"@type":"PropertyValueSpecification","valueRequired":true,"valueName":"search_term_string"}}],"inLanguage":"fr-FR"},{"@type":"Organization","@id":"https:\/\/guineediversite.com\/#organization","name":"Guin\u00e9e Diversit\u00e9","url":"https:\/\/guineediversite.com\/","logo":{"@type":"ImageObject","inLanguage":"fr-FR","@id":"https:\/\/guineediversite.com\/#\/schema\/logo\/image\/","url":"https:\/\/guineediversite.com\/wp-content\/uploads\/2017\/04\/cropped-1jojlxEOMkX9Wyqfhe43D6kjPOGqBBKmx3EwWJqZ0cMrFF54yM49.png","contentUrl":"https:\/\/guineediversite.com\/wp-content\/uploads\/2017\/04\/cropped-1jojlxEOMkX9Wyqfhe43D6kjPOGqBBKmx3EwWJqZ0cMrFF54yM49.png","width":186,"height":112,"caption":"Guin\u00e9e Diversit\u00e9"},"image":{"@id":"https:\/\/guineediversite.com\/#\/schema\/logo\/image\/"},"sameAs":["https:\/\/www.facebook.com\/guineediversite\/","https:\/\/x.com\/GuineeDiversite","https:\/\/www.youtube.com\/channel\/UC8sUY16qelG5ge6_D5SB83g"]},{"@type":"Person","@id":"https:\/\/guineediversite.com\/#\/schema\/person\/afa08fb34e7fc6e1feafc892612bc836","name":"Guin\u00e9e Diversit\u00e9","image":{"@type":"ImageObject","inLanguage":"fr-FR","@id":"https:\/\/guineediversite.com\/#\/schema\/person\/image\/","url":"https:\/\/secure.gravatar.com\/avatar\/50d5eb5b390f8b65ac30ac6f898eb83a?s=96&d=mm&r=g","contentUrl":"https:\/\/secure.gravatar.com\/avatar\/50d5eb5b390f8b65ac30ac6f898eb83a?s=96&d=mm&r=g","caption":"Guin\u00e9e Diversit\u00e9"},"url":"https:\/\/guineediversite.com\/index.php\/author\/guineediversite\/"}]}},"_links":{"self":[{"href":"https:\/\/guineediversite.com\/index.php\/wp-json\/wp\/v2\/posts\/29117"}],"collection":[{"href":"https:\/\/guineediversite.com\/index.php\/wp-json\/wp\/v2\/posts"}],"about":[{"href":"https:\/\/guineediversite.com\/index.php\/wp-json\/wp\/v2\/types\/post"}],"author":[{"embeddable":true,"href":"https:\/\/guineediversite.com\/index.php\/wp-json\/wp\/v2\/users\/12"}],"replies":[{"embeddable":true,"href":"https:\/\/guineediversite.com\/index.php\/wp-json\/wp\/v2\/comments?post=29117"}],"version-history":[{"count":1,"href":"https:\/\/guineediversite.com\/index.php\/wp-json\/wp\/v2\/posts\/29117\/revisions"}],"predecessor-version":[{"id":29119,"href":"https:\/\/guineediversite.com\/index.php\/wp-json\/wp\/v2\/posts\/29117\/revisions\/29119"}],"wp:featuredmedia":[{"embeddable":true,"href":"https:\/\/guineediversite.com\/index.php\/wp-json\/wp\/v2\/media\/29118"}],"wp:attachment":[{"href":"https:\/\/guineediversite.com\/index.php\/wp-json\/wp\/v2\/media?parent=29117"}],"wp:term":[{"taxonomy":"category","embeddable":true,"href":"https:\/\/guineediversite.com\/index.php\/wp-json\/wp\/v2\/categories?post=29117"},{"taxonomy":"post_tag","embeddable":true,"href":"https:\/\/guineediversite.com\/index.php\/wp-json\/wp\/v2\/tags?post=29117"}],"curies":[{"name":"wp","href":"https:\/\/api.w.org\/{rel}","templated":true}]}}