{"id":29114,"date":"2020-05-11T20:53:59","date_gmt":"2020-05-11T18:53:59","guid":{"rendered":"https:\/\/guineediversite.com\/?p=29114"},"modified":"2020-05-11T20:54:02","modified_gmt":"2020-05-11T18:54:02","slug":"coronavirus-le-monde-face-a-la-pandemie-lundi-11-mai","status":"publish","type":"post","link":"https:\/\/guineediversite.com\/index.php\/2020\/05\/11\/coronavirus-le-monde-face-a-la-pandemie-lundi-11-mai\/","title":{"rendered":"Coronavirus: le monde face \u00e0 la pand\u00e9mie lundi 11 mai"},"content":{"rendered":"\n<p><strong>Tandis que les Fran\u00e7ais et les Espagnols retrouvent une partie de leurs libert\u00e9s, la crainte d\u2019une nouvelle vague d\u2019infections surgit \u00e0 Wuhan et en Cor\u00e9e du Sud<\/strong><\/p>\n\n\n\n<p><strong>Un d\u00e9confinement progressif en Espagne<\/strong><\/p>\n\n\n\n<p>Siroter une bi\u00e8re sur une terrasse ensoleill\u00e9e en Espagne, c\u2019est \u00e0 nouveau possible,&nbsp;<a href=\"http:\/\/www.rfi.fr\/fr\/europe\/20200510-coronavirus-et-d%C3%A9confinement-en-espagne-madrid-reste-en-phase-z%C3%A9ro\" target=\"_blank\" rel=\"noreferrer noopener\"><strong>au moins dans une partie du pays<\/strong><\/a>, comme en Catalogne par exemple. Environ la moiti\u00e9 de l\u2019Espagne est pass\u00e9 ce lundi \u00e0 la premi\u00e8re phase de la r\u00e9ouverture apr\u00e8s deux mois de confinement, l\u2019un des plus stricts au monde. Les petits commerces, les \u00e9glises, les mus\u00e9es et les terrasses de bars et de restaurants peuvent rouvrir, mais en limitant leur nombre de clients.<\/p>\n\n\n\n<p>Le d\u00e9confinement sera tr\u00e8s progressif jusqu&rsquo;\u00e0 la fin du mois de juin, il comporte trois phases. Le passage d&rsquo;une phase \u00e0 une autre d\u00e9pend de l&rsquo;\u00e9volution de l&rsquo;\u00e9pid\u00e9mie, qui a fait plus de 26&nbsp;000 morts dans le pays. Pour l\u2019instant, Madrid et Barcelone, les deux plus grandes villes d&rsquo;Espagne et les plus touch\u00e9es par la pand\u00e9mie, restent en quarantaine.<\/p>\n\n\n\n<p><strong>La France sort du confinement<\/strong><\/p>\n\n\n\n<p>En France, il n\u2019est pas encore possible de se retrouver entre amis en terrasse. Mais&nbsp;<a href=\"http:\/\/www.rfi.fr\/fr\/france\/20200511-la-france-entame-son-d%C3%A9confinement\" target=\"_blank\" rel=\"noreferrer noopener\"><strong>le pays s\u2019est remis progressivement en mouvement ce lund<\/strong><\/a>i apr\u00e8s un confinement in\u00e9dit de 55 jours. Les autorit\u00e9s ont toutefois mis en garde&nbsp;: \u00ab&nbsp;<em>On va devoir vivre avec le virus pendant quelque temps et la reprise du confinement, ce n&rsquo;est pas la reprise de la vie comme avant&nbsp;<\/em>\u00bb, a rappel\u00e9 le ministre de la Sant\u00e9 Olivier V\u00e9ran sur la cha\u00eene BFMTV. La reprise des transports publics s&rsquo;est dans l&rsquo;ensemble bien pass\u00e9e lundi matin en Ile-de-France, ont constat\u00e9 la RATP et la SNCF. Les op\u00e9rateurs craignaient un afflux de voyageurs avec la fin du confinement, d&rsquo;autant que le service n&rsquo;est encore assur\u00e9 qu&rsquo;\u00e0 75% \u00e0 la RATP et \u00e0 60% pour les trains de banlieue de la SNCF, car le respect des r\u00e8gles de distanciation r\u00e9duit la capacit\u00e9 d&rsquo;environ 80%. La quasi-totalit\u00e9 des voyageurs portaient des masques, qui sont d\u00e9sormais obligatoires dans les transports publics.<\/p>\n\n\n\n<p>Le Conseil constitutionnel a valid\u00e9 la loi prorogeant l&rsquo;\u00e9tat d&rsquo;urgence sanitaire et organisant le d\u00e9confinement mais a censur\u00e9 des \u00e9l\u00e9ments li\u00e9s \u00e0 l&rsquo;isolement des malades et au \u00ab&nbsp;tra\u00e7age&nbsp;\u00bb de leurs contacts, dans une d\u00e9cision prise lundi. Le Conseil, saisi par le pr\u00e9sident Emmanuel Macron, le pr\u00e9sident du S\u00e9nat G\u00e9rard Larcher et d&rsquo;autres parlementaires, \u00ab&nbsp;valide plusieurs&nbsp;\u00bb des dispositions de la loi, adopt\u00e9e samedi par le Parlement. Mais \u00ab&nbsp;<em>concernant les traitements de donn\u00e9es \u00e0 caract\u00e8re personnel de nature m\u00e9dicale aux fins de tra\u00e7age<\/em>&nbsp;\u00bb il a d\u00e9cid\u00e9 \u00ab&nbsp;deux censures partielles&nbsp;\u00bb pour limiter le nombre de personnes pouvant acc\u00e9der \u00e0 ces donn\u00e9es, et pour qu&rsquo;un juge des libert\u00e9s puisse effectuer un \u00ab&nbsp;contr\u00f4le&nbsp;\u00bb si le malade ne peut pas sortir plus de 12 heures de son lieu d&rsquo;isolement.<\/p>\n\n\n\n<p>L&rsquo;\u00e9pid\u00e9mie de coronavirus a caus\u00e9 la mort de 263 personnes sur les derni\u00e8res 24 heures en France, de nouveau en forte hausse apr\u00e8s plusieurs jours de baisse record, selon le bilan publi\u00e9 lundi par la direction g\u00e9n\u00e9rale de la Sant\u00e9 au premier soir du d\u00e9confinement de la population. Au total depuis le 1er mars, au moins 26&nbsp;643 d\u00e9c\u00e8s ont \u00e9t\u00e9 enregistr\u00e9s mais la pression sur les services d&rsquo;urgence hospitaliers se r\u00e9duit toujours, avec 64 malades graves en moins en r\u00e9animation, pr\u00e9cise-t-elle.<\/p>\n\n\n\n<p><strong>Boris Johnson pr\u00e9cise le plan de d\u00e9confinement<\/strong><\/p>\n\n\n\n<p>Le Premier ministre britannique Boris Johnson a pr\u00e9sent\u00e9 ce lundi devant le Parlement le&nbsp;<a href=\"http:\/\/www.rfi.fr\/fr\/europe\/20200510-londres-prolonge-le-confinement-vise-une-r%C3%A9ouverture-%C3%A9coles-et-magasins-d%C3%A9but-juin\" target=\"_blank\" rel=\"noreferrer noopener\"><strong>plan de d\u00e9confinement&nbsp;<\/strong><\/a>de son gouvernement. Certaines professions pourront reprendre le travail \u00e0 compter du 1er juin, mais le port du masque est obligatoire dans des espaces clos o\u00f9 il n&rsquo;est pas possible de respecter les r\u00e8gles de distanciation physique. Les commerces non essentiels pourront \u00e9galement rouvrir par phases \u00e0 compter du 1er juin. Le gouvernement pr\u00f4ne aussi la poursuite du t\u00e9l\u00e9travail \u00ab&nbsp;partout o\u00f9 c&rsquo;est possible&nbsp;\u00bb.<\/p>\n\n\n\n<p>Boris Johnson a convenu qu&rsquo;il fallait d\u00e9sormais trouver le moyen de composer avec cette \u00e9pid\u00e9mie, en avan\u00e7ant sans dilapider les progr\u00e8s obtenus gr\u00e2ce au confinement. Selon lui, des mesures de restrictions strictes resteront en vigueur dans certaines r\u00e9gions pendant longtemps.<\/p>\n\n\n\n<p>C\u2019est donc un deconfinement progressif qui sera mis en \u0153uvre, alors que le bilan quotidien fait \u00e9tat ce lundi de 210 d\u00e9c\u00e8s suppl\u00e9mentaires li\u00e9s au coronavirus. Ce qui porte \u00e0 32&nbsp;065 le nombre total de d\u00e9c\u00e8s depuis le d\u00e9but de l&rsquo;\u00e9pid\u00e9mie.<\/p>\n\n\n\n<p><strong>La Russie se pr\u00e9pare elle aussi \u00e0 sortir du confinement<\/strong><\/p>\n\n\n\n<p>Le pr\u00e9sident russe Vladimir Poutine a ordonn\u00e9 la fin de la p\u00e9riode ch\u00f4m\u00e9e \u00e0 partir de ce mardi. C\u2019est le signal d&rsquo;un abandon, progressif et r\u00e9gion par r\u00e9gion, des restrictions. La p\u00e9riode ch\u00f4m\u00e9e est en vigueur depuis fin mars pour faciliter la mise en place des mesures de confinement. \u00ab&nbsp;<em>La lutte contre l&rsquo;\u00e9pid\u00e9mie ne s&rsquo;ach\u00e8ve pas. Le danger demeure<\/em>&nbsp;\u00bb, a soulign\u00e9 le pr\u00e9sident russe.<\/p>\n\n\n\n<p>Cette annonce est intervenue alors que le pays a enregistr\u00e9 plus de 11&nbsp;000 nouvelles contaminations ces derni\u00e8res 24 heures, dont plus de la moiti\u00e9 dans la capitale Moscou, l\u2019\u00e9picentre de l&rsquo;\u00e9pid\u00e9mie dans le pays. Moscou, qui ne sera pas concern\u00e9e par une r\u00e9ouverture, reste confin\u00e9e au moins jusqu&rsquo;au 31 mai.<\/p>\n\n\n\n<p>Avec 221&nbsp;344 cas au total, selon les autorit\u00e9s, la mortalit\u00e9 dans le plus grand pays du monde reste relativement basse, avec 2&nbsp;009 victimes. Explication officielle pour l&rsquo;envol\u00e9e du nombre des cas depuis 10 jours : la multiplication des tests effectu\u00e9s &#8211; 5,6 millions selon le comptage de lundi &#8211; et non pas une acc\u00e9l\u00e9ration de la propagation. Ce qui expliquerait aussi la faible mortalit\u00e9. Il faut dire qu&rsquo;en Russie certains doutent de cette interpr\u00e9tation, et jugent la mortalit\u00e9 sous-estim\u00e9e.<\/p>\n\n\n\n<p><strong>D\u00e9confinement partiel en G\u00e9orgie\u2026<\/strong><\/p>\n\n\n\n<p>La G\u00e9orgie a commenc\u00e9 lundi \u00e0 lever une partie des restrictions, notamment \u00e9conomiques, impos\u00e9es pour lutter contre le Covid-19. Selon les chiffres officiels ce pays du Caucase est jusqu\u2019\u00e0 pr\u00e9sent relativement peu touch\u00e9. La production et la vente en gros et au d\u00e9tail &#8211; \u00e0 l&rsquo;exception des grands centres commerciaux et des boutiques de pr\u00eat-\u00e0-porter, ont ainsi repris leurs activit\u00e9s. L&rsquo;interdiction d&rsquo;entr\u00e9e et de sortie de Tbilissi, la capitale, mise en place \u00e0 la mi-avril, a \u00e9galement \u00e9t\u00e9 lev\u00e9e. Cet assouplissement, accompagn\u00e9 toutefois d&rsquo;une obligation de porter le masque, a \u00e9t\u00e9 accueilli avec joie et soulagement par la population locale.<\/p>\n\n\n\n<p><strong>\u2026.et en Inde<\/strong><\/p>\n\n\n\n<p>L&rsquo;Inde a commenc\u00e9 son processus de d\u00e9confinement, mais interdit toujours le d\u00e9placement entre Etats, ainsi que les vols nationaux et internationaux. Le pays d\u00e9nombre plus de 2&nbsp;100 morts, mais selon les \u00e9pid\u00e9miologistes le pic ne sera pas atteint avant juin ou juillet. La circulation des trains, dans ce pays qui dispose d\u2019un des r\u00e9seaux ferroviaires les plus vastes du monde, devrait reprendre ce mardi.<\/p>\n\n\n\n<p><strong>La Cor\u00e9e du Sud, dans la crainte d\u2019une deuxi\u00e8me vague<\/strong><\/p>\n\n\n\n<p>Ce lundi, la Cor\u00e9e du Sud a enregistr\u00e9 le plus grand nombre de cas de coronavirus sur son territoire depuis plus d&rsquo;un mois, avec 35 nouvelles infections. Le foyer de contamination se trouve dans un quartier de S\u00e9oul connu pour sa vie nocturne. Face \u00e0 la crainte d\u2019une deuxi\u00e8me vague du Covid-19, bars et restaurants ont \u00e9t\u00e9 de nouveau ferm\u00e9s dans la capitale sud-cor\u00e9enne.<\/p>\n\n\n\n<p><strong>De nouvelles infections \u00e9galement \u00e0 Wuhan<\/strong><\/p>\n\n\n\n<p>La Chine a annonc\u00e9 ce lundi cinq nouveaux cas de coronavirus \u00e0 Wuhan. Au total, les autorit\u00e9s ont signal\u00e9 17 nouveaux cas de Covid-19 sur le territoire chinois, dont dix infections d&rsquo;origine locale. Parmi les nouveaux cas locaux, cinq ont \u00e9t\u00e9 localis\u00e9 dans le Hubei, la province dont Wuhan est le chef-lieu. Il s&rsquo;agit de personnes \u00e2g\u00e9es vivant dans la m\u00eame r\u00e9sidence.<\/p>\n\n\n\n<p><strong>Le coronavirus \u00e0 la Maison Blanche<\/strong><\/p>\n\n\n\n<p>Selon les conseillers \u00e9conomiques du pr\u00e9sident Donald Trump, le taux de ch\u00f4mage, actuellement \u00e0 14,7%, pourrait d\u00e9passer les 20% le mois prochain. C\u2019est ce que rapporte ce lundi le&nbsp;<strong><em><a href=\"http:\/\/mail.francemm.com\/owa\/redir.aspx?C=gagNBDqtKwONyTN-CtjeO4f17qs7nb-mnawVagkDse4iaccQx_XXCA..&amp;amp;URL=https:\/\/www.washingtonpost.com\/politics\/top-trump-economic-advisers-say-unemployment-rate-could-surpass-20-percent-job-market-could-worsen\/2020\/05\/10\/3547c296-92e2-11ea-91d7-cf4423d47683_story.html\" target=\"_blank\" rel=\"noreferrer noopener\">Washington Post<\/a>.<\/em><\/strong>&nbsp;Le journal cite un autre conseiller affirmant qu\u2019il a \u00ab&nbsp;<em>peur d\u2019aller travailler \u00e0 la Maison Blanche<\/em>&nbsp;\u00bb. Ces derniers jours, malgr\u00e9 des contr\u00f4les draconiens, plusieurs cas de coronavirus ont \u00e9t\u00e9 signal\u00e9s \u00e0 la pr\u00e9sidence. Deux employ\u00e9s de la \u00ab&nbsp;West Wing&nbsp;\u00bb o\u00f9 se trouve le Bureau ovale (un militaire au service du milliardaire r\u00e9publicain puis la porte-parole du vice-pr\u00e9sident Mike Pence) ont \u00e9t\u00e9 test\u00e9s positifs au nouveau coronavirus. Par mesure de s\u00e9curit\u00e9, trois membres de premier plan de la cellule de crise charg\u00e9e de coordonner la lutte contre le Covid-19 ont \u00e9t\u00e9 mis en quarantaine. Parmi eux, l&rsquo;\u00e9pid\u00e9miologiste Anthony Fauci, qui conseille quotidiennement Donald Trump.<\/p>\n\n\n\n<p>Au&nbsp;<strong>Br\u00e9sil,<\/strong>&nbsp;le nombre de d\u00e9c\u00e8s&nbsp;<strong><a href=\"http:\/\/www.rfi.fr\/fr\/am%C3%A9riques\/20200511-le-br%C3%A9sil-face-coronavirus-autoritarisme-et-politique-d%C3%A9\" target=\"_blank\" rel=\"noreferrer noopener\">li\u00e9s au coronavirus ne cesse de grimper.<\/a><\/strong>&nbsp;Le pays compte 11&nbsp;210 morts (selon le site d\u2019information G1). 13 des 20 villes au taux de mortalit\u00e9 le plus \u00e9lev\u00e9 se trouvent en Amazonie.<\/p>\n\n\n\n<p>L<strong>\u2019Equateur<\/strong>&nbsp;a d\u00e9pass\u00e9 le seuil de 2&nbsp;000 morts alors que le pays d\u00e9bute la neuvi\u00e8me semaine d\u2019un confinement tr\u00e8s strict. Les autorit\u00e9s ont d\u00e9cr\u00e9t\u00e9 un couvre-feu national de 14h \u00e0 5h. La circulation en voiture est limit\u00e9e aux trajets professionnels (notamment dans les secteurs agricole, industrielle, m\u00e9dical et hospitalier)<\/p>\n\n\n\n<p>Au&nbsp;<strong>P\u00e9rou,<\/strong>&nbsp;environ 200 entreprises des secteurs du textile et de confections, du commerce \u00e9lectronique et de l\u2019h\u00f4tellerie reprennent ce lundi leurs activit\u00e9s. Un red\u00e9marrage partiel pour l\u2019\u00e9conomie, alors que le pays compte 1&nbsp;889 morts et 67&nbsp;307 cas confirm\u00e9s. Selon le pr\u00e9sident Martin Vizcarra, il manque dans certaines r\u00e9gions des lits en soins intensifs.<\/p>\n\n\n\n<p><strong>L\u2019Iran redoute un \u00ab retour en arri\u00e8re \u00bb<\/strong><\/p>\n\n\n\n<p>Le gouvernement de T\u00e9h\u00e9ran a mis en garde ce lundi contre un \u00ab&nbsp;retour en arri\u00e8re&nbsp;\u00bb, malgr\u00e9 ses efforts contre le nouveau coronavirus, en cas de non-respect des consignes sanitaires. Les autorit\u00e9s ont notamment r\u00e9tabli les restrictions de d\u00e9placement dans la province du Khouzestan (dans le sud-ouest), o\u00f9 la situation est jug\u00e9e particuli\u00e8rement inqui\u00e9tante. 45 nouveaux d\u00e9c\u00e8s ont \u00e9t\u00e9 confirm\u00e9s par le gouvernement, sachant qu\u2019il ne publie plus le bilan de la pand\u00e9mie par province depuis pr\u00e8s d&rsquo;un mois, dans l\u2019objectif de limiter les d\u00e9placements entre r\u00e9gions. Officiellement 6&nbsp;685 personnes sont mortes du coronavirus en Iran.<\/p>\n\n\n\n<p><strong>Des objets de confinement bient\u00f4t au mus\u00e9e ?<\/strong><\/p>\n\n\n\n<p>Et si vos pantoufles \u00e9taient expos\u00e9es dans une vitrine&nbsp;? La pand\u00e9mie de coronavirus continue de faire des ravages dans le monde mais certains mus\u00e9es ont d\u00e9j\u00e0 commenc\u00e9 rassembler des t\u00e9moignages et des objets pour d\u00e9crire cette p\u00e9riode historique. C\u2019est le cas du Museum of London, consacr\u00e9 \u00e0 la vie quotidienne dans la capitale britannique. \u00ab&nbsp;<em>D\u00e8s qu&rsquo;on a su qu&rsquo;il y allait avoir un confinement, on a discut\u00e9 de ce qu&rsquo;il fallait collecter pour l&rsquo;avenir. C&rsquo;est une exp\u00e9rience tellement extraordinaire<\/em>&nbsp;<em>!<\/em>&nbsp;\u00bb a expliqu\u00e9 \u00e0 l&rsquo;AFP Beatrice Behlen, conservatrice du mus\u00e9e. Elle a donc lanc\u00e9 un appel aux Londoniens pour qu&rsquo;ils lui transmettent les objets symbolisant, pour eux, le confinement. Jusqu\u2019\u00e0 pr\u00e9sent le mus\u00e9e a re\u00e7u entre autres un pot de confiture \u00ab&nbsp;faite maison&nbsp;\u00bb ou encore une cr\u00e9celle con\u00e7ue pour faire le maximum de bruit quand, chaque jeudi soir, la population rend hommage aux soignants. Pour la conservatrice, ce n&rsquo;est pas tant l&rsquo;objet lui-m\u00eame qui compte que \u00ab&nbsp;le sens qu&rsquo;il a pour son propri\u00e9taire&nbsp;\u00bb. Ce qui aidera le mus\u00e9e pour raconter aux futures g\u00e9n\u00e9rations ce qui s\u2019est pass\u00e9 en ce printemps 2020.<\/p>\n\n\n\n<p>Reste une question&nbsp;: quand ces nouvelles collections pourront-elles \u00eatre admir\u00e9es&nbsp;? Pour se rendre \u00e0 nouveaux dans les mus\u00e9es, il faudra encore patienter un peu dans la plupart des pays&#8230;<\/p>\n\n\n\n<p><strong>RFI<\/strong><\/p>\n","protected":false},"excerpt":{"rendered":"<p>Tandis que les Fran\u00e7ais et les Espagnols retrouvent une partie de leurs libert\u00e9s, la crainte d\u2019une nouvelle vague d\u2019infections surgit \u00e0 Wuhan et en Cor\u00e9e du Sud Un d\u00e9confinement progressif en Espagne Siroter une bi\u00e8re sur une terrasse ensoleill\u00e9e en Espagne, c\u2019est \u00e0 nouveau possible,&nbsp;au moins dans une partie du pays, comme en Catalogne par [&hellip;]<\/p>\n","protected":false},"author":12,"featured_media":29115,"comment_status":"closed","ping_status":"closed","sticky":false,"template":"","format":"standard","meta":{"_exactmetrics_skip_tracking":false,"_exactmetrics_sitenote_active":false,"_exactmetrics_sitenote_note":"","_exactmetrics_sitenote_category":0,"tdm_status":"","tdm_grid_status":"","footnotes":""},"categories":[21],"tags":[],"class_list":{"0":"post-29114","1":"post","2":"type-post","3":"status-publish","4":"format-standard","5":"has-post-thumbnail","7":"category-international"},"yoast_head":"<!-- This site is optimized with the Yoast SEO plugin v24.2 - https:\/\/yoast.com\/wordpress\/plugins\/seo\/ -->\n<title>Coronavirus: le monde face \u00e0 la pand\u00e9mie lundi 11 mai | Guin\u00e9e Diversit\u00e9<\/title>\n<meta name=\"robots\" content=\"index, follow, max-snippet:-1, max-image-preview:large, max-video-preview:-1\" \/>\n<link rel=\"canonical\" href=\"https:\/\/guineediversite.com\/index.php\/2020\/05\/11\/coronavirus-le-monde-face-a-la-pandemie-lundi-11-mai\/\" \/>\n<meta property=\"og:locale\" content=\"fr_FR\" \/>\n<meta property=\"og:type\" content=\"article\" \/>\n<meta property=\"og:title\" content=\"Coronavirus: le monde face \u00e0 la pand\u00e9mie lundi 11 mai | Guin\u00e9e Diversit\u00e9\" \/>\n<meta property=\"og:description\" content=\"Tandis que les Fran\u00e7ais et les Espagnols retrouvent une partie de leurs libert\u00e9s, la crainte d\u2019une nouvelle vague d\u2019infections surgit \u00e0 Wuhan et en Cor\u00e9e du Sud Un d\u00e9confinement progressif en Espagne Siroter une bi\u00e8re sur une terrasse ensoleill\u00e9e en Espagne, c\u2019est \u00e0 nouveau possible,&nbsp;au moins dans une partie du pays, comme en Catalogne par [&hellip;]\" \/>\n<meta property=\"og:url\" content=\"https:\/\/guineediversite.com\/index.php\/2020\/05\/11\/coronavirus-le-monde-face-a-la-pandemie-lundi-11-mai\/\" \/>\n<meta property=\"og:site_name\" content=\"Guin\u00e9e Diversit\u00e9\" \/>\n<meta property=\"article:publisher\" content=\"https:\/\/www.facebook.com\/guineediversite\/\" \/>\n<meta property=\"article:published_time\" content=\"2020-05-11T18:53:59+00:00\" \/>\n<meta property=\"article:modified_time\" content=\"2020-05-11T18:54:02+00:00\" \/>\n<meta property=\"og:image\" content=\"https:\/\/guineediversite.com\/wp-content\/uploads\/2020\/05\/MONDE-L.jpg\" \/>\n\t<meta property=\"og:image:width\" content=\"1500\" \/>\n\t<meta property=\"og:image:height\" content=\"843\" \/>\n\t<meta property=\"og:image:type\" content=\"image\/jpeg\" \/>\n<meta name=\"author\" content=\"Guin\u00e9e Diversit\u00e9\" \/>\n<meta name=\"twitter:card\" content=\"summary_large_image\" \/>\n<meta name=\"twitter:creator\" content=\"@GuineeDiversite\" \/>\n<meta name=\"twitter:site\" content=\"@GuineeDiversite\" \/>\n<meta name=\"twitter:label1\" content=\"\u00c9crit par\" \/>\n\t<meta name=\"twitter:data1\" content=\"Guin\u00e9e Diversit\u00e9\" \/>\n\t<meta name=\"twitter:label2\" content=\"Dur\u00e9e de lecture estim\u00e9e\" \/>\n\t<meta name=\"twitter:data2\" content=\"10 minutes\" \/>\n<script type=\"application\/ld+json\" class=\"yoast-schema-graph\">{\"@context\":\"https:\/\/schema.org\",\"@graph\":[{\"@type\":\"Article\",\"@id\":\"https:\/\/guineediversite.com\/index.php\/2020\/05\/11\/coronavirus-le-monde-face-a-la-pandemie-lundi-11-mai\/#article\",\"isPartOf\":{\"@id\":\"https:\/\/guineediversite.com\/index.php\/2020\/05\/11\/coronavirus-le-monde-face-a-la-pandemie-lundi-11-mai\/\"},\"author\":{\"name\":\"Guin\u00e9e Diversit\u00e9\",\"@id\":\"https:\/\/guineediversite.com\/#\/schema\/person\/afa08fb34e7fc6e1feafc892612bc836\"},\"headline\":\"Coronavirus: le monde face \u00e0 la pand\u00e9mie lundi 11 mai\",\"datePublished\":\"2020-05-11T18:53:59+00:00\",\"dateModified\":\"2020-05-11T18:54:02+00:00\",\"mainEntityOfPage\":{\"@id\":\"https:\/\/guineediversite.com\/index.php\/2020\/05\/11\/coronavirus-le-monde-face-a-la-pandemie-lundi-11-mai\/\"},\"wordCount\":2103,\"publisher\":{\"@id\":\"https:\/\/guineediversite.com\/#organization\"},\"image\":{\"@id\":\"https:\/\/guineediversite.com\/index.php\/2020\/05\/11\/coronavirus-le-monde-face-a-la-pandemie-lundi-11-mai\/#primaryimage\"},\"thumbnailUrl\":\"https:\/\/guineediversite.com\/wp-content\/uploads\/2020\/05\/MONDE-L.jpg\",\"articleSection\":[\"International\"],\"inLanguage\":\"fr-FR\"},{\"@type\":\"WebPage\",\"@id\":\"https:\/\/guineediversite.com\/index.php\/2020\/05\/11\/coronavirus-le-monde-face-a-la-pandemie-lundi-11-mai\/\",\"url\":\"https:\/\/guineediversite.com\/index.php\/2020\/05\/11\/coronavirus-le-monde-face-a-la-pandemie-lundi-11-mai\/\",\"name\":\"Coronavirus: le monde face \u00e0 la pand\u00e9mie lundi 11 mai | Guin\u00e9e Diversit\u00e9\",\"isPartOf\":{\"@id\":\"https:\/\/guineediversite.com\/#website\"},\"primaryImageOfPage\":{\"@id\":\"https:\/\/guineediversite.com\/index.php\/2020\/05\/11\/coronavirus-le-monde-face-a-la-pandemie-lundi-11-mai\/#primaryimage\"},\"image\":{\"@id\":\"https:\/\/guineediversite.com\/index.php\/2020\/05\/11\/coronavirus-le-monde-face-a-la-pandemie-lundi-11-mai\/#primaryimage\"},\"thumbnailUrl\":\"https:\/\/guineediversite.com\/wp-content\/uploads\/2020\/05\/MONDE-L.jpg\",\"datePublished\":\"2020-05-11T18:53:59+00:00\",\"dateModified\":\"2020-05-11T18:54:02+00:00\",\"breadcrumb\":{\"@id\":\"https:\/\/guineediversite.com\/index.php\/2020\/05\/11\/coronavirus-le-monde-face-a-la-pandemie-lundi-11-mai\/#breadcrumb\"},\"inLanguage\":\"fr-FR\",\"potentialAction\":[{\"@type\":\"ReadAction\",\"target\":[\"https:\/\/guineediversite.com\/index.php\/2020\/05\/11\/coronavirus-le-monde-face-a-la-pandemie-lundi-11-mai\/\"]}]},{\"@type\":\"ImageObject\",\"inLanguage\":\"fr-FR\",\"@id\":\"https:\/\/guineediversite.com\/index.php\/2020\/05\/11\/coronavirus-le-monde-face-a-la-pandemie-lundi-11-mai\/#primaryimage\",\"url\":\"https:\/\/guineediversite.com\/wp-content\/uploads\/2020\/05\/MONDE-L.jpg\",\"contentUrl\":\"https:\/\/guineediversite.com\/wp-content\/uploads\/2020\/05\/MONDE-L.jpg\",\"width\":1500,\"height\":843},{\"@type\":\"BreadcrumbList\",\"@id\":\"https:\/\/guineediversite.com\/index.php\/2020\/05\/11\/coronavirus-le-monde-face-a-la-pandemie-lundi-11-mai\/#breadcrumb\",\"itemListElement\":[{\"@type\":\"ListItem\",\"position\":1,\"name\":\"Accueil\",\"item\":\"https:\/\/guineediversite.com\/\"},{\"@type\":\"ListItem\",\"position\":2,\"name\":\"Coronavirus: le monde face \u00e0 la pand\u00e9mie lundi 11 mai\"}]},{\"@type\":\"WebSite\",\"@id\":\"https:\/\/guineediversite.com\/#website\",\"url\":\"https:\/\/guineediversite.com\/\",\"name\":\"Guin\u00e9e Diversit\u00e9\",\"description\":\"L&#039;Info dans toute sa diversit\u00e9\",\"publisher\":{\"@id\":\"https:\/\/guineediversite.com\/#organization\"},\"potentialAction\":[{\"@type\":\"SearchAction\",\"target\":{\"@type\":\"EntryPoint\",\"urlTemplate\":\"https:\/\/guineediversite.com\/?s={search_term_string}\"},\"query-input\":{\"@type\":\"PropertyValueSpecification\",\"valueRequired\":true,\"valueName\":\"search_term_string\"}}],\"inLanguage\":\"fr-FR\"},{\"@type\":\"Organization\",\"@id\":\"https:\/\/guineediversite.com\/#organization\",\"name\":\"Guin\u00e9e Diversit\u00e9\",\"url\":\"https:\/\/guineediversite.com\/\",\"logo\":{\"@type\":\"ImageObject\",\"inLanguage\":\"fr-FR\",\"@id\":\"https:\/\/guineediversite.com\/#\/schema\/logo\/image\/\",\"url\":\"https:\/\/guineediversite.com\/wp-content\/uploads\/2017\/04\/cropped-1jojlxEOMkX9Wyqfhe43D6kjPOGqBBKmx3EwWJqZ0cMrFF54yM49.png\",\"contentUrl\":\"https:\/\/guineediversite.com\/wp-content\/uploads\/2017\/04\/cropped-1jojlxEOMkX9Wyqfhe43D6kjPOGqBBKmx3EwWJqZ0cMrFF54yM49.png\",\"width\":186,\"height\":112,\"caption\":\"Guin\u00e9e Diversit\u00e9\"},\"image\":{\"@id\":\"https:\/\/guineediversite.com\/#\/schema\/logo\/image\/\"},\"sameAs\":[\"https:\/\/www.facebook.com\/guineediversite\/\",\"https:\/\/x.com\/GuineeDiversite\",\"https:\/\/www.youtube.com\/channel\/UC8sUY16qelG5ge6_D5SB83g\"]},{\"@type\":\"Person\",\"@id\":\"https:\/\/guineediversite.com\/#\/schema\/person\/afa08fb34e7fc6e1feafc892612bc836\",\"name\":\"Guin\u00e9e Diversit\u00e9\",\"image\":{\"@type\":\"ImageObject\",\"inLanguage\":\"fr-FR\",\"@id\":\"https:\/\/guineediversite.com\/#\/schema\/person\/image\/\",\"url\":\"https:\/\/secure.gravatar.com\/avatar\/50d5eb5b390f8b65ac30ac6f898eb83a?s=96&d=mm&r=g\",\"contentUrl\":\"https:\/\/secure.gravatar.com\/avatar\/50d5eb5b390f8b65ac30ac6f898eb83a?s=96&d=mm&r=g\",\"caption\":\"Guin\u00e9e Diversit\u00e9\"},\"url\":\"https:\/\/guineediversite.com\/index.php\/author\/guineediversite\/\"}]}<\/script>\n<!-- \/ Yoast SEO plugin. -->","yoast_head_json":{"title":"Coronavirus: le monde face \u00e0 la pand\u00e9mie lundi 11 mai | Guin\u00e9e Diversit\u00e9","robots":{"index":"index","follow":"follow","max-snippet":"max-snippet:-1","max-image-preview":"max-image-preview:large","max-video-preview":"max-video-preview:-1"},"canonical":"https:\/\/guineediversite.com\/index.php\/2020\/05\/11\/coronavirus-le-monde-face-a-la-pandemie-lundi-11-mai\/","og_locale":"fr_FR","og_type":"article","og_title":"Coronavirus: le monde face \u00e0 la pand\u00e9mie lundi 11 mai | Guin\u00e9e Diversit\u00e9","og_description":"Tandis que les Fran\u00e7ais et les Espagnols retrouvent une partie de leurs libert\u00e9s, la crainte d\u2019une nouvelle vague d\u2019infections surgit \u00e0 Wuhan et en Cor\u00e9e du Sud Un d\u00e9confinement progressif en Espagne Siroter une bi\u00e8re sur une terrasse ensoleill\u00e9e en Espagne, c\u2019est \u00e0 nouveau possible,&nbsp;au moins dans une partie du pays, comme en Catalogne par [&hellip;]","og_url":"https:\/\/guineediversite.com\/index.php\/2020\/05\/11\/coronavirus-le-monde-face-a-la-pandemie-lundi-11-mai\/","og_site_name":"Guin\u00e9e Diversit\u00e9","article_publisher":"https:\/\/www.facebook.com\/guineediversite\/","article_published_time":"2020-05-11T18:53:59+00:00","article_modified_time":"2020-05-11T18:54:02+00:00","og_image":[{"width":1500,"height":843,"url":"https:\/\/guineediversite.com\/wp-content\/uploads\/2020\/05\/MONDE-L.jpg","type":"image\/jpeg"}],"author":"Guin\u00e9e Diversit\u00e9","twitter_card":"summary_large_image","twitter_creator":"@GuineeDiversite","twitter_site":"@GuineeDiversite","twitter_misc":{"\u00c9crit par":"Guin\u00e9e Diversit\u00e9","Dur\u00e9e de lecture estim\u00e9e":"10 minutes"},"schema":{"@context":"https:\/\/schema.org","@graph":[{"@type":"Article","@id":"https:\/\/guineediversite.com\/index.php\/2020\/05\/11\/coronavirus-le-monde-face-a-la-pandemie-lundi-11-mai\/#article","isPartOf":{"@id":"https:\/\/guineediversite.com\/index.php\/2020\/05\/11\/coronavirus-le-monde-face-a-la-pandemie-lundi-11-mai\/"},"author":{"name":"Guin\u00e9e Diversit\u00e9","@id":"https:\/\/guineediversite.com\/#\/schema\/person\/afa08fb34e7fc6e1feafc892612bc836"},"headline":"Coronavirus: le monde face \u00e0 la pand\u00e9mie lundi 11 mai","datePublished":"2020-05-11T18:53:59+00:00","dateModified":"2020-05-11T18:54:02+00:00","mainEntityOfPage":{"@id":"https:\/\/guineediversite.com\/index.php\/2020\/05\/11\/coronavirus-le-monde-face-a-la-pandemie-lundi-11-mai\/"},"wordCount":2103,"publisher":{"@id":"https:\/\/guineediversite.com\/#organization"},"image":{"@id":"https:\/\/guineediversite.com\/index.php\/2020\/05\/11\/coronavirus-le-monde-face-a-la-pandemie-lundi-11-mai\/#primaryimage"},"thumbnailUrl":"https:\/\/guineediversite.com\/wp-content\/uploads\/2020\/05\/MONDE-L.jpg","articleSection":["International"],"inLanguage":"fr-FR"},{"@type":"WebPage","@id":"https:\/\/guineediversite.com\/index.php\/2020\/05\/11\/coronavirus-le-monde-face-a-la-pandemie-lundi-11-mai\/","url":"https:\/\/guineediversite.com\/index.php\/2020\/05\/11\/coronavirus-le-monde-face-a-la-pandemie-lundi-11-mai\/","name":"Coronavirus: le monde face \u00e0 la pand\u00e9mie lundi 11 mai | Guin\u00e9e Diversit\u00e9","isPartOf":{"@id":"https:\/\/guineediversite.com\/#website"},"primaryImageOfPage":{"@id":"https:\/\/guineediversite.com\/index.php\/2020\/05\/11\/coronavirus-le-monde-face-a-la-pandemie-lundi-11-mai\/#primaryimage"},"image":{"@id":"https:\/\/guineediversite.com\/index.php\/2020\/05\/11\/coronavirus-le-monde-face-a-la-pandemie-lundi-11-mai\/#primaryimage"},"thumbnailUrl":"https:\/\/guineediversite.com\/wp-content\/uploads\/2020\/05\/MONDE-L.jpg","datePublished":"2020-05-11T18:53:59+00:00","dateModified":"2020-05-11T18:54:02+00:00","breadcrumb":{"@id":"https:\/\/guineediversite.com\/index.php\/2020\/05\/11\/coronavirus-le-monde-face-a-la-pandemie-lundi-11-mai\/#breadcrumb"},"inLanguage":"fr-FR","potentialAction":[{"@type":"ReadAction","target":["https:\/\/guineediversite.com\/index.php\/2020\/05\/11\/coronavirus-le-monde-face-a-la-pandemie-lundi-11-mai\/"]}]},{"@type":"ImageObject","inLanguage":"fr-FR","@id":"https:\/\/guineediversite.com\/index.php\/2020\/05\/11\/coronavirus-le-monde-face-a-la-pandemie-lundi-11-mai\/#primaryimage","url":"https:\/\/guineediversite.com\/wp-content\/uploads\/2020\/05\/MONDE-L.jpg","contentUrl":"https:\/\/guineediversite.com\/wp-content\/uploads\/2020\/05\/MONDE-L.jpg","width":1500,"height":843},{"@type":"BreadcrumbList","@id":"https:\/\/guineediversite.com\/index.php\/2020\/05\/11\/coronavirus-le-monde-face-a-la-pandemie-lundi-11-mai\/#breadcrumb","itemListElement":[{"@type":"ListItem","position":1,"name":"Accueil","item":"https:\/\/guineediversite.com\/"},{"@type":"ListItem","position":2,"name":"Coronavirus: le monde face \u00e0 la pand\u00e9mie lundi 11 mai"}]},{"@type":"WebSite","@id":"https:\/\/guineediversite.com\/#website","url":"https:\/\/guineediversite.com\/","name":"Guin\u00e9e Diversit\u00e9","description":"L&#039;Info dans toute sa diversit\u00e9","publisher":{"@id":"https:\/\/guineediversite.com\/#organization"},"potentialAction":[{"@type":"SearchAction","target":{"@type":"EntryPoint","urlTemplate":"https:\/\/guineediversite.com\/?s={search_term_string}"},"query-input":{"@type":"PropertyValueSpecification","valueRequired":true,"valueName":"search_term_string"}}],"inLanguage":"fr-FR"},{"@type":"Organization","@id":"https:\/\/guineediversite.com\/#organization","name":"Guin\u00e9e Diversit\u00e9","url":"https:\/\/guineediversite.com\/","logo":{"@type":"ImageObject","inLanguage":"fr-FR","@id":"https:\/\/guineediversite.com\/#\/schema\/logo\/image\/","url":"https:\/\/guineediversite.com\/wp-content\/uploads\/2017\/04\/cropped-1jojlxEOMkX9Wyqfhe43D6kjPOGqBBKmx3EwWJqZ0cMrFF54yM49.png","contentUrl":"https:\/\/guineediversite.com\/wp-content\/uploads\/2017\/04\/cropped-1jojlxEOMkX9Wyqfhe43D6kjPOGqBBKmx3EwWJqZ0cMrFF54yM49.png","width":186,"height":112,"caption":"Guin\u00e9e Diversit\u00e9"},"image":{"@id":"https:\/\/guineediversite.com\/#\/schema\/logo\/image\/"},"sameAs":["https:\/\/www.facebook.com\/guineediversite\/","https:\/\/x.com\/GuineeDiversite","https:\/\/www.youtube.com\/channel\/UC8sUY16qelG5ge6_D5SB83g"]},{"@type":"Person","@id":"https:\/\/guineediversite.com\/#\/schema\/person\/afa08fb34e7fc6e1feafc892612bc836","name":"Guin\u00e9e Diversit\u00e9","image":{"@type":"ImageObject","inLanguage":"fr-FR","@id":"https:\/\/guineediversite.com\/#\/schema\/person\/image\/","url":"https:\/\/secure.gravatar.com\/avatar\/50d5eb5b390f8b65ac30ac6f898eb83a?s=96&d=mm&r=g","contentUrl":"https:\/\/secure.gravatar.com\/avatar\/50d5eb5b390f8b65ac30ac6f898eb83a?s=96&d=mm&r=g","caption":"Guin\u00e9e Diversit\u00e9"},"url":"https:\/\/guineediversite.com\/index.php\/author\/guineediversite\/"}]}},"_links":{"self":[{"href":"https:\/\/guineediversite.com\/index.php\/wp-json\/wp\/v2\/posts\/29114"}],"collection":[{"href":"https:\/\/guineediversite.com\/index.php\/wp-json\/wp\/v2\/posts"}],"about":[{"href":"https:\/\/guineediversite.com\/index.php\/wp-json\/wp\/v2\/types\/post"}],"author":[{"embeddable":true,"href":"https:\/\/guineediversite.com\/index.php\/wp-json\/wp\/v2\/users\/12"}],"replies":[{"embeddable":true,"href":"https:\/\/guineediversite.com\/index.php\/wp-json\/wp\/v2\/comments?post=29114"}],"version-history":[{"count":1,"href":"https:\/\/guineediversite.com\/index.php\/wp-json\/wp\/v2\/posts\/29114\/revisions"}],"predecessor-version":[{"id":29116,"href":"https:\/\/guineediversite.com\/index.php\/wp-json\/wp\/v2\/posts\/29114\/revisions\/29116"}],"wp:featuredmedia":[{"embeddable":true,"href":"https:\/\/guineediversite.com\/index.php\/wp-json\/wp\/v2\/media\/29115"}],"wp:attachment":[{"href":"https:\/\/guineediversite.com\/index.php\/wp-json\/wp\/v2\/media?parent=29114"}],"wp:term":[{"taxonomy":"category","embeddable":true,"href":"https:\/\/guineediversite.com\/index.php\/wp-json\/wp\/v2\/categories?post=29114"},{"taxonomy":"post_tag","embeddable":true,"href":"https:\/\/guineediversite.com\/index.php\/wp-json\/wp\/v2\/tags?post=29114"}],"curies":[{"name":"wp","href":"https:\/\/api.w.org\/{rel}","templated":true}]}}