{"id":29104,"date":"2020-05-09T17:02:43","date_gmt":"2020-05-09T15:02:43","guid":{"rendered":"https:\/\/guineediversite.com\/?p=29104"},"modified":"2020-05-09T17:02:47","modified_gmt":"2020-05-09T15:02:47","slug":"maison-centrale-de-conakry-un-nouveau-cas-de-mort","status":"publish","type":"post","link":"https:\/\/guineediversite.com\/index.php\/2020\/05\/09\/maison-centrale-de-conakry-un-nouveau-cas-de-mort\/","title":{"rendered":"Maison Centrale de Conakry: Un nouveau cas de mort"},"content":{"rendered":"\n<p>Ce samedi un autre d\u00e9tenu a rendu l\u2019\u00e2me \u00e0 la S\u00fbret\u00e9. Mohamed Lamine Keita dit Ivorien, c\u2019est son nom, \u00e9tait dans la calle C1.<\/p>\n\n\n\n<p>Selon des informations de sources concordantes, il avait des probl\u00e8mes respiratoires et attendait les resultats de son test de Covid-19 qu\u2019il n\u2019obtiendra jamais.<\/p>\n\n\n\n<p>Ce nouveau cas de mort \u00e0 l\u2019h\u00f4tel 5 \u00e9toiles de Coronthie est un nouveau coup de poignard dans le dos des d\u00e9tenus qui ne savent plus \u00e0 quel Saint se vouer quand on sait qu\u2019il ya au moins quelques prisonniers morts par Covid-19.<\/p>\n\n\n\n<p>En tout cas pour l\u2019heure, aucune mesure concr\u00e8te n\u2019est visible pour d\u00e9congestionner cette prison conform\u00e9ment \u00e0 la recommandation de l\u2019OMS dans le cadre de la lutte contre la maladie \u00e0 coronavirus.<\/p>\n\n\n\n<p><strong>Kalenews.org<\/strong><\/p>\n","protected":false},"excerpt":{"rendered":"<p>Ce samedi un autre d\u00e9tenu a rendu l\u2019\u00e2me \u00e0 la S\u00fbret\u00e9. Mohamed Lamine Keita dit Ivorien, c\u2019est son nom, \u00e9tait dans la calle C1. Selon des informations de sources concordantes, il avait des probl\u00e8mes respiratoires et attendait les resultats de son test de Covid-19 qu\u2019il n\u2019obtiendra jamais. Ce nouveau cas de mort \u00e0 l\u2019h\u00f4tel 5 [&hellip;]<\/p>\n","protected":false},"author":12,"featured_media":28949,"comment_status":"closed","ping_status":"closed","sticky":false,"template":"","format":"standard","meta":{"_exactmetrics_skip_tracking":false,"_exactmetrics_sitenote_active":false,"_exactmetrics_sitenote_note":"","_exactmetrics_sitenote_category":0,"tdm_status":"","tdm_grid_status":"","footnotes":""},"categories":[16],"tags":[],"class_list":{"0":"post-29104","1":"post","2":"type-post","3":"status-publish","4":"format-standard","5":"has-post-thumbnail","7":"category-societe"},"yoast_head":"<!-- This site is optimized with the Yoast SEO plugin v24.2 - https:\/\/yoast.com\/wordpress\/plugins\/seo\/ -->\n<title>Maison Centrale de Conakry: Un nouveau cas de mort | Guin\u00e9e Diversit\u00e9<\/title>\n<meta name=\"robots\" content=\"index, follow, max-snippet:-1, max-image-preview:large, max-video-preview:-1\" \/>\n<link rel=\"canonical\" href=\"https:\/\/guineediversite.com\/index.php\/2020\/05\/09\/maison-centrale-de-conakry-un-nouveau-cas-de-mort\/\" \/>\n<meta property=\"og:locale\" content=\"fr_FR\" \/>\n<meta property=\"og:type\" content=\"article\" \/>\n<meta property=\"og:title\" content=\"Maison Centrale de Conakry: Un nouveau cas de mort | Guin\u00e9e Diversit\u00e9\" \/>\n<meta property=\"og:description\" content=\"Ce samedi un autre d\u00e9tenu a rendu l\u2019\u00e2me \u00e0 la S\u00fbret\u00e9. Mohamed Lamine Keita dit Ivorien, c\u2019est son nom, \u00e9tait dans la calle C1. Selon des informations de sources concordantes, il avait des probl\u00e8mes respiratoires et attendait les resultats de son test de Covid-19 qu\u2019il n\u2019obtiendra jamais. Ce nouveau cas de mort \u00e0 l\u2019h\u00f4tel 5 [&hellip;]\" \/>\n<meta property=\"og:url\" content=\"https:\/\/guineediversite.com\/index.php\/2020\/05\/09\/maison-centrale-de-conakry-un-nouveau-cas-de-mort\/\" \/>\n<meta property=\"og:site_name\" content=\"Guin\u00e9e Diversit\u00e9\" \/>\n<meta property=\"article:publisher\" content=\"https:\/\/www.facebook.com\/guineediversite\/\" \/>\n<meta property=\"article:published_time\" content=\"2020-05-09T15:02:43+00:00\" \/>\n<meta property=\"article:modified_time\" content=\"2020-05-09T15:02:47+00:00\" \/>\n<meta property=\"og:image\" content=\"https:\/\/guineediversite.com\/wp-content\/uploads\/2020\/04\/maison_centrale_3.jpg\" \/>\n\t<meta property=\"og:image:width\" content=\"1500\" \/>\n\t<meta property=\"og:image:height\" content=\"900\" \/>\n\t<meta property=\"og:image:type\" content=\"image\/jpeg\" \/>\n<meta name=\"author\" content=\"Guin\u00e9e Diversit\u00e9\" \/>\n<meta name=\"twitter:card\" content=\"summary_large_image\" \/>\n<meta name=\"twitter:creator\" content=\"@GuineeDiversite\" \/>\n<meta name=\"twitter:site\" content=\"@GuineeDiversite\" \/>\n<meta name=\"twitter:label1\" content=\"\u00c9crit par\" \/>\n\t<meta name=\"twitter:data1\" content=\"Guin\u00e9e Diversit\u00e9\" \/>\n\t<meta name=\"twitter:label2\" content=\"Dur\u00e9e de lecture estim\u00e9e\" \/>\n\t<meta name=\"twitter:data2\" content=\"1 minute\" \/>\n<script type=\"application\/ld+json\" class=\"yoast-schema-graph\">{\"@context\":\"https:\/\/schema.org\",\"@graph\":[{\"@type\":\"Article\",\"@id\":\"https:\/\/guineediversite.com\/index.php\/2020\/05\/09\/maison-centrale-de-conakry-un-nouveau-cas-de-mort\/#article\",\"isPartOf\":{\"@id\":\"https:\/\/guineediversite.com\/index.php\/2020\/05\/09\/maison-centrale-de-conakry-un-nouveau-cas-de-mort\/\"},\"author\":{\"name\":\"Guin\u00e9e Diversit\u00e9\",\"@id\":\"https:\/\/guineediversite.com\/#\/schema\/person\/afa08fb34e7fc6e1feafc892612bc836\"},\"headline\":\"Maison Centrale de Conakry: Un nouveau cas de mort\",\"datePublished\":\"2020-05-09T15:02:43+00:00\",\"dateModified\":\"2020-05-09T15:02:47+00:00\",\"mainEntityOfPage\":{\"@id\":\"https:\/\/guineediversite.com\/index.php\/2020\/05\/09\/maison-centrale-de-conakry-un-nouveau-cas-de-mort\/\"},\"wordCount\":143,\"publisher\":{\"@id\":\"https:\/\/guineediversite.com\/#organization\"},\"image\":{\"@id\":\"https:\/\/guineediversite.com\/index.php\/2020\/05\/09\/maison-centrale-de-conakry-un-nouveau-cas-de-mort\/#primaryimage\"},\"thumbnailUrl\":\"https:\/\/guineediversite.com\/wp-content\/uploads\/2020\/04\/maison_centrale_3.jpg\",\"articleSection\":[\"Soci\u00e9t\u00e9\"],\"inLanguage\":\"fr-FR\"},{\"@type\":\"WebPage\",\"@id\":\"https:\/\/guineediversite.com\/index.php\/2020\/05\/09\/maison-centrale-de-conakry-un-nouveau-cas-de-mort\/\",\"url\":\"https:\/\/guineediversite.com\/index.php\/2020\/05\/09\/maison-centrale-de-conakry-un-nouveau-cas-de-mort\/\",\"name\":\"Maison Centrale de Conakry: Un nouveau cas de mort | Guin\u00e9e Diversit\u00e9\",\"isPartOf\":{\"@id\":\"https:\/\/guineediversite.com\/#website\"},\"primaryImageOfPage\":{\"@id\":\"https:\/\/guineediversite.com\/index.php\/2020\/05\/09\/maison-centrale-de-conakry-un-nouveau-cas-de-mort\/#primaryimage\"},\"image\":{\"@id\":\"https:\/\/guineediversite.com\/index.php\/2020\/05\/09\/maison-centrale-de-conakry-un-nouveau-cas-de-mort\/#primaryimage\"},\"thumbnailUrl\":\"https:\/\/guineediversite.com\/wp-content\/uploads\/2020\/04\/maison_centrale_3.jpg\",\"datePublished\":\"2020-05-09T15:02:43+00:00\",\"dateModified\":\"2020-05-09T15:02:47+00:00\",\"breadcrumb\":{\"@id\":\"https:\/\/guineediversite.com\/index.php\/2020\/05\/09\/maison-centrale-de-conakry-un-nouveau-cas-de-mort\/#breadcrumb\"},\"inLanguage\":\"fr-FR\",\"potentialAction\":[{\"@type\":\"ReadAction\",\"target\":[\"https:\/\/guineediversite.com\/index.php\/2020\/05\/09\/maison-centrale-de-conakry-un-nouveau-cas-de-mort\/\"]}]},{\"@type\":\"ImageObject\",\"inLanguage\":\"fr-FR\",\"@id\":\"https:\/\/guineediversite.com\/index.php\/2020\/05\/09\/maison-centrale-de-conakry-un-nouveau-cas-de-mort\/#primaryimage\",\"url\":\"https:\/\/guineediversite.com\/wp-content\/uploads\/2020\/04\/maison_centrale_3.jpg\",\"contentUrl\":\"https:\/\/guineediversite.com\/wp-content\/uploads\/2020\/04\/maison_centrale_3.jpg\",\"width\":1500,\"height\":900},{\"@type\":\"BreadcrumbList\",\"@id\":\"https:\/\/guineediversite.com\/index.php\/2020\/05\/09\/maison-centrale-de-conakry-un-nouveau-cas-de-mort\/#breadcrumb\",\"itemListElement\":[{\"@type\":\"ListItem\",\"position\":1,\"name\":\"Accueil\",\"item\":\"https:\/\/guineediversite.com\/\"},{\"@type\":\"ListItem\",\"position\":2,\"name\":\"Maison Centrale de Conakry: Un nouveau cas de mort\"}]},{\"@type\":\"WebSite\",\"@id\":\"https:\/\/guineediversite.com\/#website\",\"url\":\"https:\/\/guineediversite.com\/\",\"name\":\"Guin\u00e9e Diversit\u00e9\",\"description\":\"L&#039;Info dans toute sa diversit\u00e9\",\"publisher\":{\"@id\":\"https:\/\/guineediversite.com\/#organization\"},\"potentialAction\":[{\"@type\":\"SearchAction\",\"target\":{\"@type\":\"EntryPoint\",\"urlTemplate\":\"https:\/\/guineediversite.com\/?s={search_term_string}\"},\"query-input\":{\"@type\":\"PropertyValueSpecification\",\"valueRequired\":true,\"valueName\":\"search_term_string\"}}],\"inLanguage\":\"fr-FR\"},{\"@type\":\"Organization\",\"@id\":\"https:\/\/guineediversite.com\/#organization\",\"name\":\"Guin\u00e9e Diversit\u00e9\",\"url\":\"https:\/\/guineediversite.com\/\",\"logo\":{\"@type\":\"ImageObject\",\"inLanguage\":\"fr-FR\",\"@id\":\"https:\/\/guineediversite.com\/#\/schema\/logo\/image\/\",\"url\":\"https:\/\/guineediversite.com\/wp-content\/uploads\/2017\/04\/cropped-1jojlxEOMkX9Wyqfhe43D6kjPOGqBBKmx3EwWJqZ0cMrFF54yM49.png\",\"contentUrl\":\"https:\/\/guineediversite.com\/wp-content\/uploads\/2017\/04\/cropped-1jojlxEOMkX9Wyqfhe43D6kjPOGqBBKmx3EwWJqZ0cMrFF54yM49.png\",\"width\":186,\"height\":112,\"caption\":\"Guin\u00e9e Diversit\u00e9\"},\"image\":{\"@id\":\"https:\/\/guineediversite.com\/#\/schema\/logo\/image\/\"},\"sameAs\":[\"https:\/\/www.facebook.com\/guineediversite\/\",\"https:\/\/x.com\/GuineeDiversite\",\"https:\/\/www.youtube.com\/channel\/UC8sUY16qelG5ge6_D5SB83g\"]},{\"@type\":\"Person\",\"@id\":\"https:\/\/guineediversite.com\/#\/schema\/person\/afa08fb34e7fc6e1feafc892612bc836\",\"name\":\"Guin\u00e9e Diversit\u00e9\",\"image\":{\"@type\":\"ImageObject\",\"inLanguage\":\"fr-FR\",\"@id\":\"https:\/\/guineediversite.com\/#\/schema\/person\/image\/\",\"url\":\"https:\/\/secure.gravatar.com\/avatar\/50d5eb5b390f8b65ac30ac6f898eb83a?s=96&d=mm&r=g\",\"contentUrl\":\"https:\/\/secure.gravatar.com\/avatar\/50d5eb5b390f8b65ac30ac6f898eb83a?s=96&d=mm&r=g\",\"caption\":\"Guin\u00e9e Diversit\u00e9\"},\"url\":\"https:\/\/guineediversite.com\/index.php\/author\/guineediversite\/\"}]}<\/script>\n<!-- \/ Yoast SEO plugin. -->","yoast_head_json":{"title":"Maison Centrale de Conakry: Un nouveau cas de mort | Guin\u00e9e Diversit\u00e9","robots":{"index":"index","follow":"follow","max-snippet":"max-snippet:-1","max-image-preview":"max-image-preview:large","max-video-preview":"max-video-preview:-1"},"canonical":"https:\/\/guineediversite.com\/index.php\/2020\/05\/09\/maison-centrale-de-conakry-un-nouveau-cas-de-mort\/","og_locale":"fr_FR","og_type":"article","og_title":"Maison Centrale de Conakry: Un nouveau cas de mort | Guin\u00e9e Diversit\u00e9","og_description":"Ce samedi un autre d\u00e9tenu a rendu l\u2019\u00e2me \u00e0 la S\u00fbret\u00e9. Mohamed Lamine Keita dit Ivorien, c\u2019est son nom, \u00e9tait dans la calle C1. Selon des informations de sources concordantes, il avait des probl\u00e8mes respiratoires et attendait les resultats de son test de Covid-19 qu\u2019il n\u2019obtiendra jamais. Ce nouveau cas de mort \u00e0 l\u2019h\u00f4tel 5 [&hellip;]","og_url":"https:\/\/guineediversite.com\/index.php\/2020\/05\/09\/maison-centrale-de-conakry-un-nouveau-cas-de-mort\/","og_site_name":"Guin\u00e9e Diversit\u00e9","article_publisher":"https:\/\/www.facebook.com\/guineediversite\/","article_published_time":"2020-05-09T15:02:43+00:00","article_modified_time":"2020-05-09T15:02:47+00:00","og_image":[{"width":1500,"height":900,"url":"https:\/\/guineediversite.com\/wp-content\/uploads\/2020\/04\/maison_centrale_3.jpg","type":"image\/jpeg"}],"author":"Guin\u00e9e Diversit\u00e9","twitter_card":"summary_large_image","twitter_creator":"@GuineeDiversite","twitter_site":"@GuineeDiversite","twitter_misc":{"\u00c9crit par":"Guin\u00e9e Diversit\u00e9","Dur\u00e9e de lecture estim\u00e9e":"1 minute"},"schema":{"@context":"https:\/\/schema.org","@graph":[{"@type":"Article","@id":"https:\/\/guineediversite.com\/index.php\/2020\/05\/09\/maison-centrale-de-conakry-un-nouveau-cas-de-mort\/#article","isPartOf":{"@id":"https:\/\/guineediversite.com\/index.php\/2020\/05\/09\/maison-centrale-de-conakry-un-nouveau-cas-de-mort\/"},"author":{"name":"Guin\u00e9e Diversit\u00e9","@id":"https:\/\/guineediversite.com\/#\/schema\/person\/afa08fb34e7fc6e1feafc892612bc836"},"headline":"Maison Centrale de Conakry: Un nouveau cas de mort","datePublished":"2020-05-09T15:02:43+00:00","dateModified":"2020-05-09T15:02:47+00:00","mainEntityOfPage":{"@id":"https:\/\/guineediversite.com\/index.php\/2020\/05\/09\/maison-centrale-de-conakry-un-nouveau-cas-de-mort\/"},"wordCount":143,"publisher":{"@id":"https:\/\/guineediversite.com\/#organization"},"image":{"@id":"https:\/\/guineediversite.com\/index.php\/2020\/05\/09\/maison-centrale-de-conakry-un-nouveau-cas-de-mort\/#primaryimage"},"thumbnailUrl":"https:\/\/guineediversite.com\/wp-content\/uploads\/2020\/04\/maison_centrale_3.jpg","articleSection":["Soci\u00e9t\u00e9"],"inLanguage":"fr-FR"},{"@type":"WebPage","@id":"https:\/\/guineediversite.com\/index.php\/2020\/05\/09\/maison-centrale-de-conakry-un-nouveau-cas-de-mort\/","url":"https:\/\/guineediversite.com\/index.php\/2020\/05\/09\/maison-centrale-de-conakry-un-nouveau-cas-de-mort\/","name":"Maison Centrale de Conakry: Un nouveau cas de mort | Guin\u00e9e Diversit\u00e9","isPartOf":{"@id":"https:\/\/guineediversite.com\/#website"},"primaryImageOfPage":{"@id":"https:\/\/guineediversite.com\/index.php\/2020\/05\/09\/maison-centrale-de-conakry-un-nouveau-cas-de-mort\/#primaryimage"},"image":{"@id":"https:\/\/guineediversite.com\/index.php\/2020\/05\/09\/maison-centrale-de-conakry-un-nouveau-cas-de-mort\/#primaryimage"},"thumbnailUrl":"https:\/\/guineediversite.com\/wp-content\/uploads\/2020\/04\/maison_centrale_3.jpg","datePublished":"2020-05-09T15:02:43+00:00","dateModified":"2020-05-09T15:02:47+00:00","breadcrumb":{"@id":"https:\/\/guineediversite.com\/index.php\/2020\/05\/09\/maison-centrale-de-conakry-un-nouveau-cas-de-mort\/#breadcrumb"},"inLanguage":"fr-FR","potentialAction":[{"@type":"ReadAction","target":["https:\/\/guineediversite.com\/index.php\/2020\/05\/09\/maison-centrale-de-conakry-un-nouveau-cas-de-mort\/"]}]},{"@type":"ImageObject","inLanguage":"fr-FR","@id":"https:\/\/guineediversite.com\/index.php\/2020\/05\/09\/maison-centrale-de-conakry-un-nouveau-cas-de-mort\/#primaryimage","url":"https:\/\/guineediversite.com\/wp-content\/uploads\/2020\/04\/maison_centrale_3.jpg","contentUrl":"https:\/\/guineediversite.com\/wp-content\/uploads\/2020\/04\/maison_centrale_3.jpg","width":1500,"height":900},{"@type":"BreadcrumbList","@id":"https:\/\/guineediversite.com\/index.php\/2020\/05\/09\/maison-centrale-de-conakry-un-nouveau-cas-de-mort\/#breadcrumb","itemListElement":[{"@type":"ListItem","position":1,"name":"Accueil","item":"https:\/\/guineediversite.com\/"},{"@type":"ListItem","position":2,"name":"Maison Centrale de Conakry: Un nouveau cas de mort"}]},{"@type":"WebSite","@id":"https:\/\/guineediversite.com\/#website","url":"https:\/\/guineediversite.com\/","name":"Guin\u00e9e Diversit\u00e9","description":"L&#039;Info dans toute sa diversit\u00e9","publisher":{"@id":"https:\/\/guineediversite.com\/#organization"},"potentialAction":[{"@type":"SearchAction","target":{"@type":"EntryPoint","urlTemplate":"https:\/\/guineediversite.com\/?s={search_term_string}"},"query-input":{"@type":"PropertyValueSpecification","valueRequired":true,"valueName":"search_term_string"}}],"inLanguage":"fr-FR"},{"@type":"Organization","@id":"https:\/\/guineediversite.com\/#organization","name":"Guin\u00e9e Diversit\u00e9","url":"https:\/\/guineediversite.com\/","logo":{"@type":"ImageObject","inLanguage":"fr-FR","@id":"https:\/\/guineediversite.com\/#\/schema\/logo\/image\/","url":"https:\/\/guineediversite.com\/wp-content\/uploads\/2017\/04\/cropped-1jojlxEOMkX9Wyqfhe43D6kjPOGqBBKmx3EwWJqZ0cMrFF54yM49.png","contentUrl":"https:\/\/guineediversite.com\/wp-content\/uploads\/2017\/04\/cropped-1jojlxEOMkX9Wyqfhe43D6kjPOGqBBKmx3EwWJqZ0cMrFF54yM49.png","width":186,"height":112,"caption":"Guin\u00e9e Diversit\u00e9"},"image":{"@id":"https:\/\/guineediversite.com\/#\/schema\/logo\/image\/"},"sameAs":["https:\/\/www.facebook.com\/guineediversite\/","https:\/\/x.com\/GuineeDiversite","https:\/\/www.youtube.com\/channel\/UC8sUY16qelG5ge6_D5SB83g"]},{"@type":"Person","@id":"https:\/\/guineediversite.com\/#\/schema\/person\/afa08fb34e7fc6e1feafc892612bc836","name":"Guin\u00e9e Diversit\u00e9","image":{"@type":"ImageObject","inLanguage":"fr-FR","@id":"https:\/\/guineediversite.com\/#\/schema\/person\/image\/","url":"https:\/\/secure.gravatar.com\/avatar\/50d5eb5b390f8b65ac30ac6f898eb83a?s=96&d=mm&r=g","contentUrl":"https:\/\/secure.gravatar.com\/avatar\/50d5eb5b390f8b65ac30ac6f898eb83a?s=96&d=mm&r=g","caption":"Guin\u00e9e Diversit\u00e9"},"url":"https:\/\/guineediversite.com\/index.php\/author\/guineediversite\/"}]}},"_links":{"self":[{"href":"https:\/\/guineediversite.com\/index.php\/wp-json\/wp\/v2\/posts\/29104"}],"collection":[{"href":"https:\/\/guineediversite.com\/index.php\/wp-json\/wp\/v2\/posts"}],"about":[{"href":"https:\/\/guineediversite.com\/index.php\/wp-json\/wp\/v2\/types\/post"}],"author":[{"embeddable":true,"href":"https:\/\/guineediversite.com\/index.php\/wp-json\/wp\/v2\/users\/12"}],"replies":[{"embeddable":true,"href":"https:\/\/guineediversite.com\/index.php\/wp-json\/wp\/v2\/comments?post=29104"}],"version-history":[{"count":1,"href":"https:\/\/guineediversite.com\/index.php\/wp-json\/wp\/v2\/posts\/29104\/revisions"}],"predecessor-version":[{"id":29105,"href":"https:\/\/guineediversite.com\/index.php\/wp-json\/wp\/v2\/posts\/29104\/revisions\/29105"}],"wp:featuredmedia":[{"embeddable":true,"href":"https:\/\/guineediversite.com\/index.php\/wp-json\/wp\/v2\/media\/28949"}],"wp:attachment":[{"href":"https:\/\/guineediversite.com\/index.php\/wp-json\/wp\/v2\/media?parent=29104"}],"wp:term":[{"taxonomy":"category","embeddable":true,"href":"https:\/\/guineediversite.com\/index.php\/wp-json\/wp\/v2\/categories?post=29104"},{"taxonomy":"post_tag","embeddable":true,"href":"https:\/\/guineediversite.com\/index.php\/wp-json\/wp\/v2\/tags?post=29104"}],"curies":[{"name":"wp","href":"https:\/\/api.w.org\/{rel}","templated":true}]}}