{"id":29101,"date":"2020-05-09T16:55:22","date_gmt":"2020-05-09T14:55:22","guid":{"rendered":"https:\/\/guineediversite.com\/?p=29101"},"modified":"2020-05-09T16:55:28","modified_gmt":"2020-05-09T14:55:28","slug":"malawi-la-justice-confirme-lannulation-de-la-reelection-du-president-mutharika","status":"publish","type":"post","link":"https:\/\/guineediversite.com\/index.php\/2020\/05\/09\/malawi-la-justice-confirme-lannulation-de-la-reelection-du-president-mutharika\/","title":{"rendered":"Malawi: la justice confirme l&rsquo;annulation de la r\u00e9\u00e9lection du pr\u00e9sident Mutharika"},"content":{"rendered":"\n<p><strong>Au Malawi, le scrutin de l\u2019ann\u00e9e derni\u00e8re avait \u00e9t\u00e9 annul\u00e9 par la justice en raison de fraudes. La pr\u00e9sidentielle doit de nouveau avoir lieu le 2 juillet 2020.<\/strong><\/p>\n\n\n\n<p>Au Malawi, la justice a confirm\u00e9 la tenu d&rsquo;un nouveau scrutin pr\u00e9sidentiel le 2&nbsp;juillet prochain. La Cour supr\u00eame a d\u00e9bout\u00e9 le 8&nbsp;mai le pr\u00e9sident sortant \u00e9lu en 2014, Peter Mutharika, qui contestait&nbsp;l\u2019annulation des \u00e9lections de mai 2019.<\/p>\n\n\n\n<p>Selon les juges, les fraudes caract\u00e9ris\u00e9es lors de ce premier scrutin ne permettent pas de valider les r\u00e9sultats. Ce scrutin avait \u00e9t\u00e9 surnomm\u00e9 dans le pays \u00ab&nbsp;<em>\u00e9lection Tipp-Ex<\/em>&nbsp;\u00bb suite \u00e0 l\u2019utilisation de ce correcteur blanc pour changer certains r\u00e9sultats. La Cour supr\u00eame a \u00e9galement confirm\u00e9 que le pr\u00e9sident devait \u00eatre \u00e9lu \u00e0 la majorit\u00e9 absolue, et non relative.<\/p>\n\n\n\n<p><strong>Le coronavirus vient compliquer la donne<\/strong><\/p>\n\n\n\n<p>Peter Mutharika, 79&nbsp;ans, a d\u00e9j\u00e0 d\u00e9pos\u00e9 sa nouvelle candidature. Mais avec 38% des voix lors de l\u2019\u00e9lection de 2019, il ne devan\u00e7ait que de trois petits points son principal rival. Pour ce nouveau scrutin, il a donc d\u00e9cid\u00e9 de s\u2019allier avec Atupele Muluzi, le fils de l\u2019ancien pr\u00e9sident du Malawi, Bakili Muluzi.<\/p>\n\n\n\n<p>En face, l\u2019opposition a elle aussi d\u00e9cid\u00e9 de faire front commun. Les deux principaux candidats, Lazarus Chakwera et le vice-pr\u00e9sident Saulos Chilima, avaient rassembl\u00e9 respectivement 35% et 20% des voix. Leur alliance cr\u00e9e donc une nouvelle dynamique.<\/p>\n\n\n\n<p>Mais il est une autre donn\u00e9e qui pourrait bousculer les \u00e9lections&nbsp;: la pand\u00e9mie de coronavirus. Le pays a interdit les grands rassemblements publics, alors que 43&nbsp;cas positifs ont \u00e9t\u00e9 recens\u00e9s. Les campagnes \u00e9lectorales et le processus de vote pourraient donc \u00eatre fortement perturb\u00e9s par l\u2019\u00e9pid\u00e9mie, comme on a pu le voir dans d\u2019autres pays du continent.<\/p>\n\n\n\n<p>Le Malawi doit aussi faire face \u00e0 une hausse des violences, alors que ce nouveau scrutin se rapproche&nbsp;: trois membres du parti du Saulos Chilima ont \u00e9t\u00e9 tu\u00e9s cette semaine suite \u00e0 l\u2019incendie criminel de leurs locaux.<\/p>\n\n\n\n<p><strong>RFI<\/strong><\/p>\n","protected":false},"excerpt":{"rendered":"<p>Au Malawi, le scrutin de l\u2019ann\u00e9e derni\u00e8re avait \u00e9t\u00e9 annul\u00e9 par la justice en raison de fraudes. La pr\u00e9sidentielle doit de nouveau avoir lieu le 2 juillet 2020. Au Malawi, la justice a confirm\u00e9 la tenu d&rsquo;un nouveau scrutin pr\u00e9sidentiel le 2&nbsp;juillet prochain. La Cour supr\u00eame a d\u00e9bout\u00e9 le 8&nbsp;mai le pr\u00e9sident sortant \u00e9lu en [&hellip;]<\/p>\n","protected":false},"author":12,"featured_media":29102,"comment_status":"closed","ping_status":"closed","sticky":false,"template":"","format":"standard","meta":{"_exactmetrics_skip_tracking":false,"_exactmetrics_sitenote_active":false,"_exactmetrics_sitenote_note":"","_exactmetrics_sitenote_category":0,"tdm_status":"","tdm_grid_status":"","footnotes":""},"categories":[21],"tags":[],"class_list":{"0":"post-29101","1":"post","2":"type-post","3":"status-publish","4":"format-standard","5":"has-post-thumbnail","7":"category-international"},"yoast_head":"<!-- This site is optimized with the Yoast SEO plugin v24.2 - https:\/\/yoast.com\/wordpress\/plugins\/seo\/ -->\n<title>Malawi: la justice confirme l&#039;annulation de la r\u00e9\u00e9lection du pr\u00e9sident Mutharika | Guin\u00e9e Diversit\u00e9<\/title>\n<meta name=\"robots\" content=\"index, follow, max-snippet:-1, max-image-preview:large, max-video-preview:-1\" \/>\n<link rel=\"canonical\" href=\"https:\/\/guineediversite.com\/index.php\/2020\/05\/09\/malawi-la-justice-confirme-lannulation-de-la-reelection-du-president-mutharika\/\" \/>\n<meta property=\"og:locale\" content=\"fr_FR\" \/>\n<meta property=\"og:type\" content=\"article\" \/>\n<meta property=\"og:title\" content=\"Malawi: la justice confirme l&#039;annulation de la r\u00e9\u00e9lection du pr\u00e9sident Mutharika | Guin\u00e9e Diversit\u00e9\" \/>\n<meta property=\"og:description\" content=\"Au Malawi, le scrutin de l\u2019ann\u00e9e derni\u00e8re avait \u00e9t\u00e9 annul\u00e9 par la justice en raison de fraudes. La pr\u00e9sidentielle doit de nouveau avoir lieu le 2 juillet 2020. Au Malawi, la justice a confirm\u00e9 la tenu d&rsquo;un nouveau scrutin pr\u00e9sidentiel le 2&nbsp;juillet prochain. La Cour supr\u00eame a d\u00e9bout\u00e9 le 8&nbsp;mai le pr\u00e9sident sortant \u00e9lu en [&hellip;]\" \/>\n<meta property=\"og:url\" content=\"https:\/\/guineediversite.com\/index.php\/2020\/05\/09\/malawi-la-justice-confirme-lannulation-de-la-reelection-du-president-mutharika\/\" \/>\n<meta property=\"og:site_name\" content=\"Guin\u00e9e Diversit\u00e9\" \/>\n<meta property=\"article:publisher\" content=\"https:\/\/www.facebook.com\/guineediversite\/\" \/>\n<meta property=\"article:published_time\" content=\"2020-05-09T14:55:22+00:00\" \/>\n<meta property=\"article:modified_time\" content=\"2020-05-09T14:55:28+00:00\" \/>\n<meta property=\"og:image\" content=\"https:\/\/guineediversite.com\/wp-content\/uploads\/2020\/05\/MALAWI.jpg\" \/>\n\t<meta property=\"og:image:width\" content=\"1500\" \/>\n\t<meta property=\"og:image:height\" content=\"843\" \/>\n\t<meta property=\"og:image:type\" content=\"image\/jpeg\" \/>\n<meta name=\"author\" content=\"Guin\u00e9e Diversit\u00e9\" \/>\n<meta name=\"twitter:card\" content=\"summary_large_image\" \/>\n<meta name=\"twitter:creator\" content=\"@GuineeDiversite\" \/>\n<meta name=\"twitter:site\" content=\"@GuineeDiversite\" \/>\n<meta name=\"twitter:label1\" content=\"\u00c9crit par\" \/>\n\t<meta name=\"twitter:data1\" content=\"Guin\u00e9e Diversit\u00e9\" \/>\n\t<meta name=\"twitter:label2\" content=\"Dur\u00e9e de lecture estim\u00e9e\" \/>\n\t<meta name=\"twitter:data2\" content=\"2 minutes\" \/>\n<script type=\"application\/ld+json\" class=\"yoast-schema-graph\">{\"@context\":\"https:\/\/schema.org\",\"@graph\":[{\"@type\":\"Article\",\"@id\":\"https:\/\/guineediversite.com\/index.php\/2020\/05\/09\/malawi-la-justice-confirme-lannulation-de-la-reelection-du-president-mutharika\/#article\",\"isPartOf\":{\"@id\":\"https:\/\/guineediversite.com\/index.php\/2020\/05\/09\/malawi-la-justice-confirme-lannulation-de-la-reelection-du-president-mutharika\/\"},\"author\":{\"name\":\"Guin\u00e9e Diversit\u00e9\",\"@id\":\"https:\/\/guineediversite.com\/#\/schema\/person\/afa08fb34e7fc6e1feafc892612bc836\"},\"headline\":\"Malawi: la justice confirme l&rsquo;annulation de la r\u00e9\u00e9lection du pr\u00e9sident Mutharika\",\"datePublished\":\"2020-05-09T14:55:22+00:00\",\"dateModified\":\"2020-05-09T14:55:28+00:00\",\"mainEntityOfPage\":{\"@id\":\"https:\/\/guineediversite.com\/index.php\/2020\/05\/09\/malawi-la-justice-confirme-lannulation-de-la-reelection-du-president-mutharika\/\"},\"wordCount\":362,\"publisher\":{\"@id\":\"https:\/\/guineediversite.com\/#organization\"},\"image\":{\"@id\":\"https:\/\/guineediversite.com\/index.php\/2020\/05\/09\/malawi-la-justice-confirme-lannulation-de-la-reelection-du-president-mutharika\/#primaryimage\"},\"thumbnailUrl\":\"https:\/\/guineediversite.com\/wp-content\/uploads\/2020\/05\/MALAWI.jpg\",\"articleSection\":[\"International\"],\"inLanguage\":\"fr-FR\"},{\"@type\":\"WebPage\",\"@id\":\"https:\/\/guineediversite.com\/index.php\/2020\/05\/09\/malawi-la-justice-confirme-lannulation-de-la-reelection-du-president-mutharika\/\",\"url\":\"https:\/\/guineediversite.com\/index.php\/2020\/05\/09\/malawi-la-justice-confirme-lannulation-de-la-reelection-du-president-mutharika\/\",\"name\":\"Malawi: la justice confirme l'annulation de la r\u00e9\u00e9lection du pr\u00e9sident Mutharika | Guin\u00e9e Diversit\u00e9\",\"isPartOf\":{\"@id\":\"https:\/\/guineediversite.com\/#website\"},\"primaryImageOfPage\":{\"@id\":\"https:\/\/guineediversite.com\/index.php\/2020\/05\/09\/malawi-la-justice-confirme-lannulation-de-la-reelection-du-president-mutharika\/#primaryimage\"},\"image\":{\"@id\":\"https:\/\/guineediversite.com\/index.php\/2020\/05\/09\/malawi-la-justice-confirme-lannulation-de-la-reelection-du-president-mutharika\/#primaryimage\"},\"thumbnailUrl\":\"https:\/\/guineediversite.com\/wp-content\/uploads\/2020\/05\/MALAWI.jpg\",\"datePublished\":\"2020-05-09T14:55:22+00:00\",\"dateModified\":\"2020-05-09T14:55:28+00:00\",\"breadcrumb\":{\"@id\":\"https:\/\/guineediversite.com\/index.php\/2020\/05\/09\/malawi-la-justice-confirme-lannulation-de-la-reelection-du-president-mutharika\/#breadcrumb\"},\"inLanguage\":\"fr-FR\",\"potentialAction\":[{\"@type\":\"ReadAction\",\"target\":[\"https:\/\/guineediversite.com\/index.php\/2020\/05\/09\/malawi-la-justice-confirme-lannulation-de-la-reelection-du-president-mutharika\/\"]}]},{\"@type\":\"ImageObject\",\"inLanguage\":\"fr-FR\",\"@id\":\"https:\/\/guineediversite.com\/index.php\/2020\/05\/09\/malawi-la-justice-confirme-lannulation-de-la-reelection-du-president-mutharika\/#primaryimage\",\"url\":\"https:\/\/guineediversite.com\/wp-content\/uploads\/2020\/05\/MALAWI.jpg\",\"contentUrl\":\"https:\/\/guineediversite.com\/wp-content\/uploads\/2020\/05\/MALAWI.jpg\",\"width\":1500,\"height\":843},{\"@type\":\"BreadcrumbList\",\"@id\":\"https:\/\/guineediversite.com\/index.php\/2020\/05\/09\/malawi-la-justice-confirme-lannulation-de-la-reelection-du-president-mutharika\/#breadcrumb\",\"itemListElement\":[{\"@type\":\"ListItem\",\"position\":1,\"name\":\"Accueil\",\"item\":\"https:\/\/guineediversite.com\/\"},{\"@type\":\"ListItem\",\"position\":2,\"name\":\"Malawi: la justice confirme l&rsquo;annulation de la r\u00e9\u00e9lection du pr\u00e9sident Mutharika\"}]},{\"@type\":\"WebSite\",\"@id\":\"https:\/\/guineediversite.com\/#website\",\"url\":\"https:\/\/guineediversite.com\/\",\"name\":\"Guin\u00e9e Diversit\u00e9\",\"description\":\"L&#039;Info dans toute sa diversit\u00e9\",\"publisher\":{\"@id\":\"https:\/\/guineediversite.com\/#organization\"},\"potentialAction\":[{\"@type\":\"SearchAction\",\"target\":{\"@type\":\"EntryPoint\",\"urlTemplate\":\"https:\/\/guineediversite.com\/?s={search_term_string}\"},\"query-input\":{\"@type\":\"PropertyValueSpecification\",\"valueRequired\":true,\"valueName\":\"search_term_string\"}}],\"inLanguage\":\"fr-FR\"},{\"@type\":\"Organization\",\"@id\":\"https:\/\/guineediversite.com\/#organization\",\"name\":\"Guin\u00e9e Diversit\u00e9\",\"url\":\"https:\/\/guineediversite.com\/\",\"logo\":{\"@type\":\"ImageObject\",\"inLanguage\":\"fr-FR\",\"@id\":\"https:\/\/guineediversite.com\/#\/schema\/logo\/image\/\",\"url\":\"https:\/\/guineediversite.com\/wp-content\/uploads\/2017\/04\/cropped-1jojlxEOMkX9Wyqfhe43D6kjPOGqBBKmx3EwWJqZ0cMrFF54yM49.png\",\"contentUrl\":\"https:\/\/guineediversite.com\/wp-content\/uploads\/2017\/04\/cropped-1jojlxEOMkX9Wyqfhe43D6kjPOGqBBKmx3EwWJqZ0cMrFF54yM49.png\",\"width\":186,\"height\":112,\"caption\":\"Guin\u00e9e Diversit\u00e9\"},\"image\":{\"@id\":\"https:\/\/guineediversite.com\/#\/schema\/logo\/image\/\"},\"sameAs\":[\"https:\/\/www.facebook.com\/guineediversite\/\",\"https:\/\/x.com\/GuineeDiversite\",\"https:\/\/www.youtube.com\/channel\/UC8sUY16qelG5ge6_D5SB83g\"]},{\"@type\":\"Person\",\"@id\":\"https:\/\/guineediversite.com\/#\/schema\/person\/afa08fb34e7fc6e1feafc892612bc836\",\"name\":\"Guin\u00e9e Diversit\u00e9\",\"image\":{\"@type\":\"ImageObject\",\"inLanguage\":\"fr-FR\",\"@id\":\"https:\/\/guineediversite.com\/#\/schema\/person\/image\/\",\"url\":\"https:\/\/secure.gravatar.com\/avatar\/50d5eb5b390f8b65ac30ac6f898eb83a?s=96&d=mm&r=g\",\"contentUrl\":\"https:\/\/secure.gravatar.com\/avatar\/50d5eb5b390f8b65ac30ac6f898eb83a?s=96&d=mm&r=g\",\"caption\":\"Guin\u00e9e Diversit\u00e9\"},\"url\":\"https:\/\/guineediversite.com\/index.php\/author\/guineediversite\/\"}]}<\/script>\n<!-- \/ Yoast SEO plugin. -->","yoast_head_json":{"title":"Malawi: la justice confirme l'annulation de la r\u00e9\u00e9lection du pr\u00e9sident Mutharika | Guin\u00e9e Diversit\u00e9","robots":{"index":"index","follow":"follow","max-snippet":"max-snippet:-1","max-image-preview":"max-image-preview:large","max-video-preview":"max-video-preview:-1"},"canonical":"https:\/\/guineediversite.com\/index.php\/2020\/05\/09\/malawi-la-justice-confirme-lannulation-de-la-reelection-du-president-mutharika\/","og_locale":"fr_FR","og_type":"article","og_title":"Malawi: la justice confirme l'annulation de la r\u00e9\u00e9lection du pr\u00e9sident Mutharika | Guin\u00e9e Diversit\u00e9","og_description":"Au Malawi, le scrutin de l\u2019ann\u00e9e derni\u00e8re avait \u00e9t\u00e9 annul\u00e9 par la justice en raison de fraudes. La pr\u00e9sidentielle doit de nouveau avoir lieu le 2 juillet 2020. Au Malawi, la justice a confirm\u00e9 la tenu d&rsquo;un nouveau scrutin pr\u00e9sidentiel le 2&nbsp;juillet prochain. La Cour supr\u00eame a d\u00e9bout\u00e9 le 8&nbsp;mai le pr\u00e9sident sortant \u00e9lu en [&hellip;]","og_url":"https:\/\/guineediversite.com\/index.php\/2020\/05\/09\/malawi-la-justice-confirme-lannulation-de-la-reelection-du-president-mutharika\/","og_site_name":"Guin\u00e9e Diversit\u00e9","article_publisher":"https:\/\/www.facebook.com\/guineediversite\/","article_published_time":"2020-05-09T14:55:22+00:00","article_modified_time":"2020-05-09T14:55:28+00:00","og_image":[{"width":1500,"height":843,"url":"https:\/\/guineediversite.com\/wp-content\/uploads\/2020\/05\/MALAWI.jpg","type":"image\/jpeg"}],"author":"Guin\u00e9e Diversit\u00e9","twitter_card":"summary_large_image","twitter_creator":"@GuineeDiversite","twitter_site":"@GuineeDiversite","twitter_misc":{"\u00c9crit par":"Guin\u00e9e Diversit\u00e9","Dur\u00e9e de lecture estim\u00e9e":"2 minutes"},"schema":{"@context":"https:\/\/schema.org","@graph":[{"@type":"Article","@id":"https:\/\/guineediversite.com\/index.php\/2020\/05\/09\/malawi-la-justice-confirme-lannulation-de-la-reelection-du-president-mutharika\/#article","isPartOf":{"@id":"https:\/\/guineediversite.com\/index.php\/2020\/05\/09\/malawi-la-justice-confirme-lannulation-de-la-reelection-du-president-mutharika\/"},"author":{"name":"Guin\u00e9e Diversit\u00e9","@id":"https:\/\/guineediversite.com\/#\/schema\/person\/afa08fb34e7fc6e1feafc892612bc836"},"headline":"Malawi: la justice confirme l&rsquo;annulation de la r\u00e9\u00e9lection du pr\u00e9sident Mutharika","datePublished":"2020-05-09T14:55:22+00:00","dateModified":"2020-05-09T14:55:28+00:00","mainEntityOfPage":{"@id":"https:\/\/guineediversite.com\/index.php\/2020\/05\/09\/malawi-la-justice-confirme-lannulation-de-la-reelection-du-president-mutharika\/"},"wordCount":362,"publisher":{"@id":"https:\/\/guineediversite.com\/#organization"},"image":{"@id":"https:\/\/guineediversite.com\/index.php\/2020\/05\/09\/malawi-la-justice-confirme-lannulation-de-la-reelection-du-president-mutharika\/#primaryimage"},"thumbnailUrl":"https:\/\/guineediversite.com\/wp-content\/uploads\/2020\/05\/MALAWI.jpg","articleSection":["International"],"inLanguage":"fr-FR"},{"@type":"WebPage","@id":"https:\/\/guineediversite.com\/index.php\/2020\/05\/09\/malawi-la-justice-confirme-lannulation-de-la-reelection-du-president-mutharika\/","url":"https:\/\/guineediversite.com\/index.php\/2020\/05\/09\/malawi-la-justice-confirme-lannulation-de-la-reelection-du-president-mutharika\/","name":"Malawi: la justice confirme l'annulation de la r\u00e9\u00e9lection du pr\u00e9sident Mutharika | Guin\u00e9e Diversit\u00e9","isPartOf":{"@id":"https:\/\/guineediversite.com\/#website"},"primaryImageOfPage":{"@id":"https:\/\/guineediversite.com\/index.php\/2020\/05\/09\/malawi-la-justice-confirme-lannulation-de-la-reelection-du-president-mutharika\/#primaryimage"},"image":{"@id":"https:\/\/guineediversite.com\/index.php\/2020\/05\/09\/malawi-la-justice-confirme-lannulation-de-la-reelection-du-president-mutharika\/#primaryimage"},"thumbnailUrl":"https:\/\/guineediversite.com\/wp-content\/uploads\/2020\/05\/MALAWI.jpg","datePublished":"2020-05-09T14:55:22+00:00","dateModified":"2020-05-09T14:55:28+00:00","breadcrumb":{"@id":"https:\/\/guineediversite.com\/index.php\/2020\/05\/09\/malawi-la-justice-confirme-lannulation-de-la-reelection-du-president-mutharika\/#breadcrumb"},"inLanguage":"fr-FR","potentialAction":[{"@type":"ReadAction","target":["https:\/\/guineediversite.com\/index.php\/2020\/05\/09\/malawi-la-justice-confirme-lannulation-de-la-reelection-du-president-mutharika\/"]}]},{"@type":"ImageObject","inLanguage":"fr-FR","@id":"https:\/\/guineediversite.com\/index.php\/2020\/05\/09\/malawi-la-justice-confirme-lannulation-de-la-reelection-du-president-mutharika\/#primaryimage","url":"https:\/\/guineediversite.com\/wp-content\/uploads\/2020\/05\/MALAWI.jpg","contentUrl":"https:\/\/guineediversite.com\/wp-content\/uploads\/2020\/05\/MALAWI.jpg","width":1500,"height":843},{"@type":"BreadcrumbList","@id":"https:\/\/guineediversite.com\/index.php\/2020\/05\/09\/malawi-la-justice-confirme-lannulation-de-la-reelection-du-president-mutharika\/#breadcrumb","itemListElement":[{"@type":"ListItem","position":1,"name":"Accueil","item":"https:\/\/guineediversite.com\/"},{"@type":"ListItem","position":2,"name":"Malawi: la justice confirme l&rsquo;annulation de la r\u00e9\u00e9lection du pr\u00e9sident Mutharika"}]},{"@type":"WebSite","@id":"https:\/\/guineediversite.com\/#website","url":"https:\/\/guineediversite.com\/","name":"Guin\u00e9e Diversit\u00e9","description":"L&#039;Info dans toute sa diversit\u00e9","publisher":{"@id":"https:\/\/guineediversite.com\/#organization"},"potentialAction":[{"@type":"SearchAction","target":{"@type":"EntryPoint","urlTemplate":"https:\/\/guineediversite.com\/?s={search_term_string}"},"query-input":{"@type":"PropertyValueSpecification","valueRequired":true,"valueName":"search_term_string"}}],"inLanguage":"fr-FR"},{"@type":"Organization","@id":"https:\/\/guineediversite.com\/#organization","name":"Guin\u00e9e Diversit\u00e9","url":"https:\/\/guineediversite.com\/","logo":{"@type":"ImageObject","inLanguage":"fr-FR","@id":"https:\/\/guineediversite.com\/#\/schema\/logo\/image\/","url":"https:\/\/guineediversite.com\/wp-content\/uploads\/2017\/04\/cropped-1jojlxEOMkX9Wyqfhe43D6kjPOGqBBKmx3EwWJqZ0cMrFF54yM49.png","contentUrl":"https:\/\/guineediversite.com\/wp-content\/uploads\/2017\/04\/cropped-1jojlxEOMkX9Wyqfhe43D6kjPOGqBBKmx3EwWJqZ0cMrFF54yM49.png","width":186,"height":112,"caption":"Guin\u00e9e Diversit\u00e9"},"image":{"@id":"https:\/\/guineediversite.com\/#\/schema\/logo\/image\/"},"sameAs":["https:\/\/www.facebook.com\/guineediversite\/","https:\/\/x.com\/GuineeDiversite","https:\/\/www.youtube.com\/channel\/UC8sUY16qelG5ge6_D5SB83g"]},{"@type":"Person","@id":"https:\/\/guineediversite.com\/#\/schema\/person\/afa08fb34e7fc6e1feafc892612bc836","name":"Guin\u00e9e Diversit\u00e9","image":{"@type":"ImageObject","inLanguage":"fr-FR","@id":"https:\/\/guineediversite.com\/#\/schema\/person\/image\/","url":"https:\/\/secure.gravatar.com\/avatar\/50d5eb5b390f8b65ac30ac6f898eb83a?s=96&d=mm&r=g","contentUrl":"https:\/\/secure.gravatar.com\/avatar\/50d5eb5b390f8b65ac30ac6f898eb83a?s=96&d=mm&r=g","caption":"Guin\u00e9e Diversit\u00e9"},"url":"https:\/\/guineediversite.com\/index.php\/author\/guineediversite\/"}]}},"_links":{"self":[{"href":"https:\/\/guineediversite.com\/index.php\/wp-json\/wp\/v2\/posts\/29101"}],"collection":[{"href":"https:\/\/guineediversite.com\/index.php\/wp-json\/wp\/v2\/posts"}],"about":[{"href":"https:\/\/guineediversite.com\/index.php\/wp-json\/wp\/v2\/types\/post"}],"author":[{"embeddable":true,"href":"https:\/\/guineediversite.com\/index.php\/wp-json\/wp\/v2\/users\/12"}],"replies":[{"embeddable":true,"href":"https:\/\/guineediversite.com\/index.php\/wp-json\/wp\/v2\/comments?post=29101"}],"version-history":[{"count":1,"href":"https:\/\/guineediversite.com\/index.php\/wp-json\/wp\/v2\/posts\/29101\/revisions"}],"predecessor-version":[{"id":29103,"href":"https:\/\/guineediversite.com\/index.php\/wp-json\/wp\/v2\/posts\/29101\/revisions\/29103"}],"wp:featuredmedia":[{"embeddable":true,"href":"https:\/\/guineediversite.com\/index.php\/wp-json\/wp\/v2\/media\/29102"}],"wp:attachment":[{"href":"https:\/\/guineediversite.com\/index.php\/wp-json\/wp\/v2\/media?parent=29101"}],"wp:term":[{"taxonomy":"category","embeddable":true,"href":"https:\/\/guineediversite.com\/index.php\/wp-json\/wp\/v2\/categories?post=29101"},{"taxonomy":"post_tag","embeddable":true,"href":"https:\/\/guineediversite.com\/index.php\/wp-json\/wp\/v2\/tags?post=29101"}],"curies":[{"name":"wp","href":"https:\/\/api.w.org\/{rel}","templated":true}]}}