{"id":29098,"date":"2020-05-09T16:47:03","date_gmt":"2020-05-09T14:47:03","guid":{"rendered":"https:\/\/guineediversite.com\/?p=29098"},"modified":"2020-05-09T16:47:13","modified_gmt":"2020-05-09T14:47:13","slug":"coronavirus-vers-une-reprise-tres-progressive-pour-les-championnats-du-football-europeen","status":"publish","type":"post","link":"https:\/\/guineediversite.com\/index.php\/2020\/05\/09\/coronavirus-vers-une-reprise-tres-progressive-pour-les-championnats-du-football-europeen\/","title":{"rendered":"Coronavirus: vers une reprise tr\u00e8s progressive pour les championnats du football europ\u00e9en?"},"content":{"rendered":"\n<p><strong>Le championnat de football des Iles F\u00e9ro\u00e9 reprend. La comp\u00e9tition est tr\u00e8s modeste. Pourtant, ce retour est un petit \u00e9v\u00e9nement. Il s&rsquo;agit du premier championnat europ\u00e9en \u00e0 reprendre ses droits apr\u00e8s avoir \u00e9t\u00e9 interrompu par la propagation du Covid-19. Et d&rsquo;autres ligues du Vieux Continent devraient bient\u00f4t en faire de m\u00eame.<\/strong><\/p>\n\n\n\n<p>Pour l&rsquo;instant, les positions&nbsp;fran\u00e7aise, n\u00e9erlandaise voire belge ne sont pas populaires. En Europe, la tendance n&rsquo;est pas \u00e0 un arr\u00eat de la saison, mais plut\u00f4t \u00e0 une reprise pour achever les championnats interrompus par la pand\u00e9mie de&nbsp;<strong><a href=\"http:\/\/www.rfi.fr\/fr\/tag\/coronavirus\/\" target=\"_blank\" rel=\"noreferrer noopener\">coronavirus<\/a><\/strong>. D\u00e9marrage en douceur sur les Iles F\u00e9ro\u00e9 ce samedi 9 mai, mais d\u00e8s le week-end prochain, c&rsquo;est la Bundesliga allemande qui sera de retour \u00e0 huis clos.<\/p>\n\n\n\n<p>Dans les semaines suivantes, d&rsquo;autres ligues non n\u00e9gligeables esp\u00e8rent relancer leurs comp\u00e9titions, pour aboutir \u00e0 une conclusion satisfaisante d&rsquo;un point de vue sportif mais aussi pour tenter pr\u00e9server leurs int\u00e9r\u00eats \u00e9conomiques. Ainsi, la Hongrie, le Portugal, le Danemark et la Pologne fin mai, ou la Turquie d\u00e9but juin, la liste n&rsquo;est pas exhaustive.<\/p>\n\n\n\n<p><strong>Pas encore d\u2019entra\u00eenements&nbsp;en Angleterre, en Espagne ou en Italie<\/strong><\/p>\n\n\n\n<p>Quid n\u00e9anmoins de l&rsquo;Angleterre, de l&rsquo;Espagne et de l&rsquo;Italie&nbsp;? \u00c0 l&rsquo;instar de l&rsquo;Allemagne, ces pays abritent les championnats europ\u00e9ens les plus relev\u00e9s. Mais leurs situations sanitaires rappellent davantage celle de la France&#8230; Chez eux, les entra\u00eenements collectifs, indispensables pour esp\u00e9rer organiser de nouveaux matches, ne sont pas encore d&rsquo;actualit\u00e9.<\/p>\n\n\n\n<p>Le temps presse,&nbsp;l\u2019UEFA, la f\u00e9d\u00e9ration europ\u00e9enne, veut que les championnats en cours s&rsquo;ach\u00e8vent d\u00e9but ao\u00fbt au plus tard.<\/p>\n\n\n\n<p><strong>RFI<\/strong><\/p>\n","protected":false},"excerpt":{"rendered":"<p>Le championnat de football des Iles F\u00e9ro\u00e9 reprend. La comp\u00e9tition est tr\u00e8s modeste. Pourtant, ce retour est un petit \u00e9v\u00e9nement. Il s&rsquo;agit du premier championnat europ\u00e9en \u00e0 reprendre ses droits apr\u00e8s avoir \u00e9t\u00e9 interrompu par la propagation du Covid-19. Et d&rsquo;autres ligues du Vieux Continent devraient bient\u00f4t en faire de m\u00eame. Pour l&rsquo;instant, les positions&nbsp;fran\u00e7aise, [&hellip;]<\/p>\n","protected":false},"author":12,"featured_media":29099,"comment_status":"closed","ping_status":"closed","sticky":false,"template":"","format":"standard","meta":{"_exactmetrics_skip_tracking":false,"_exactmetrics_sitenote_active":false,"_exactmetrics_sitenote_note":"","_exactmetrics_sitenote_category":0,"tdm_status":"","tdm_grid_status":"","footnotes":""},"categories":[18],"tags":[],"class_list":{"0":"post-29098","1":"post","2":"type-post","3":"status-publish","4":"format-standard","5":"has-post-thumbnail","7":"category-sport"},"yoast_head":"<!-- This site is optimized with the Yoast SEO plugin v24.2 - https:\/\/yoast.com\/wordpress\/plugins\/seo\/ -->\n<title>Coronavirus: vers une reprise tr\u00e8s progressive pour les championnats du football europ\u00e9en? | Guin\u00e9e Diversit\u00e9<\/title>\n<meta name=\"robots\" content=\"index, follow, max-snippet:-1, max-image-preview:large, max-video-preview:-1\" \/>\n<link rel=\"canonical\" href=\"https:\/\/guineediversite.com\/index.php\/2020\/05\/09\/coronavirus-vers-une-reprise-tres-progressive-pour-les-championnats-du-football-europeen\/\" \/>\n<meta property=\"og:locale\" content=\"fr_FR\" \/>\n<meta property=\"og:type\" content=\"article\" \/>\n<meta property=\"og:title\" content=\"Coronavirus: vers une reprise tr\u00e8s progressive pour les championnats du football europ\u00e9en? | Guin\u00e9e Diversit\u00e9\" \/>\n<meta property=\"og:description\" content=\"Le championnat de football des Iles F\u00e9ro\u00e9 reprend. La comp\u00e9tition est tr\u00e8s modeste. Pourtant, ce retour est un petit \u00e9v\u00e9nement. Il s&rsquo;agit du premier championnat europ\u00e9en \u00e0 reprendre ses droits apr\u00e8s avoir \u00e9t\u00e9 interrompu par la propagation du Covid-19. Et d&rsquo;autres ligues du Vieux Continent devraient bient\u00f4t en faire de m\u00eame. Pour l&rsquo;instant, les positions&nbsp;fran\u00e7aise, [&hellip;]\" \/>\n<meta property=\"og:url\" content=\"https:\/\/guineediversite.com\/index.php\/2020\/05\/09\/coronavirus-vers-une-reprise-tres-progressive-pour-les-championnats-du-football-europeen\/\" \/>\n<meta property=\"og:site_name\" content=\"Guin\u00e9e Diversit\u00e9\" \/>\n<meta property=\"article:publisher\" content=\"https:\/\/www.facebook.com\/guineediversite\/\" \/>\n<meta property=\"article:published_time\" content=\"2020-05-09T14:47:03+00:00\" \/>\n<meta property=\"article:modified_time\" content=\"2020-05-09T14:47:13+00:00\" \/>\n<meta property=\"og:image\" content=\"https:\/\/guineediversite.com\/wp-content\/uploads\/2020\/05\/SPORT.jpg\" \/>\n\t<meta property=\"og:image:width\" content=\"1500\" \/>\n\t<meta property=\"og:image:height\" content=\"843\" \/>\n\t<meta property=\"og:image:type\" content=\"image\/jpeg\" \/>\n<meta name=\"author\" content=\"Guin\u00e9e Diversit\u00e9\" \/>\n<meta name=\"twitter:card\" content=\"summary_large_image\" \/>\n<meta name=\"twitter:creator\" content=\"@GuineeDiversite\" \/>\n<meta name=\"twitter:site\" content=\"@GuineeDiversite\" \/>\n<meta name=\"twitter:label1\" content=\"\u00c9crit par\" \/>\n\t<meta name=\"twitter:data1\" content=\"Guin\u00e9e Diversit\u00e9\" \/>\n\t<meta name=\"twitter:label2\" content=\"Dur\u00e9e de lecture estim\u00e9e\" \/>\n\t<meta name=\"twitter:data2\" content=\"1 minute\" \/>\n<script type=\"application\/ld+json\" class=\"yoast-schema-graph\">{\"@context\":\"https:\/\/schema.org\",\"@graph\":[{\"@type\":\"Article\",\"@id\":\"https:\/\/guineediversite.com\/index.php\/2020\/05\/09\/coronavirus-vers-une-reprise-tres-progressive-pour-les-championnats-du-football-europeen\/#article\",\"isPartOf\":{\"@id\":\"https:\/\/guineediversite.com\/index.php\/2020\/05\/09\/coronavirus-vers-une-reprise-tres-progressive-pour-les-championnats-du-football-europeen\/\"},\"author\":{\"name\":\"Guin\u00e9e Diversit\u00e9\",\"@id\":\"https:\/\/guineediversite.com\/#\/schema\/person\/afa08fb34e7fc6e1feafc892612bc836\"},\"headline\":\"Coronavirus: vers une reprise tr\u00e8s progressive pour les championnats du football europ\u00e9en?\",\"datePublished\":\"2020-05-09T14:47:03+00:00\",\"dateModified\":\"2020-05-09T14:47:13+00:00\",\"mainEntityOfPage\":{\"@id\":\"https:\/\/guineediversite.com\/index.php\/2020\/05\/09\/coronavirus-vers-une-reprise-tres-progressive-pour-les-championnats-du-football-europeen\/\"},\"wordCount\":313,\"publisher\":{\"@id\":\"https:\/\/guineediversite.com\/#organization\"},\"image\":{\"@id\":\"https:\/\/guineediversite.com\/index.php\/2020\/05\/09\/coronavirus-vers-une-reprise-tres-progressive-pour-les-championnats-du-football-europeen\/#primaryimage\"},\"thumbnailUrl\":\"https:\/\/guineediversite.com\/wp-content\/uploads\/2020\/05\/SPORT.jpg\",\"articleSection\":[\"Sport\"],\"inLanguage\":\"fr-FR\"},{\"@type\":\"WebPage\",\"@id\":\"https:\/\/guineediversite.com\/index.php\/2020\/05\/09\/coronavirus-vers-une-reprise-tres-progressive-pour-les-championnats-du-football-europeen\/\",\"url\":\"https:\/\/guineediversite.com\/index.php\/2020\/05\/09\/coronavirus-vers-une-reprise-tres-progressive-pour-les-championnats-du-football-europeen\/\",\"name\":\"Coronavirus: vers une reprise tr\u00e8s progressive pour les championnats du football europ\u00e9en? | Guin\u00e9e Diversit\u00e9\",\"isPartOf\":{\"@id\":\"https:\/\/guineediversite.com\/#website\"},\"primaryImageOfPage\":{\"@id\":\"https:\/\/guineediversite.com\/index.php\/2020\/05\/09\/coronavirus-vers-une-reprise-tres-progressive-pour-les-championnats-du-football-europeen\/#primaryimage\"},\"image\":{\"@id\":\"https:\/\/guineediversite.com\/index.php\/2020\/05\/09\/coronavirus-vers-une-reprise-tres-progressive-pour-les-championnats-du-football-europeen\/#primaryimage\"},\"thumbnailUrl\":\"https:\/\/guineediversite.com\/wp-content\/uploads\/2020\/05\/SPORT.jpg\",\"datePublished\":\"2020-05-09T14:47:03+00:00\",\"dateModified\":\"2020-05-09T14:47:13+00:00\",\"breadcrumb\":{\"@id\":\"https:\/\/guineediversite.com\/index.php\/2020\/05\/09\/coronavirus-vers-une-reprise-tres-progressive-pour-les-championnats-du-football-europeen\/#breadcrumb\"},\"inLanguage\":\"fr-FR\",\"potentialAction\":[{\"@type\":\"ReadAction\",\"target\":[\"https:\/\/guineediversite.com\/index.php\/2020\/05\/09\/coronavirus-vers-une-reprise-tres-progressive-pour-les-championnats-du-football-europeen\/\"]}]},{\"@type\":\"ImageObject\",\"inLanguage\":\"fr-FR\",\"@id\":\"https:\/\/guineediversite.com\/index.php\/2020\/05\/09\/coronavirus-vers-une-reprise-tres-progressive-pour-les-championnats-du-football-europeen\/#primaryimage\",\"url\":\"https:\/\/guineediversite.com\/wp-content\/uploads\/2020\/05\/SPORT.jpg\",\"contentUrl\":\"https:\/\/guineediversite.com\/wp-content\/uploads\/2020\/05\/SPORT.jpg\",\"width\":1500,\"height\":843},{\"@type\":\"BreadcrumbList\",\"@id\":\"https:\/\/guineediversite.com\/index.php\/2020\/05\/09\/coronavirus-vers-une-reprise-tres-progressive-pour-les-championnats-du-football-europeen\/#breadcrumb\",\"itemListElement\":[{\"@type\":\"ListItem\",\"position\":1,\"name\":\"Accueil\",\"item\":\"https:\/\/guineediversite.com\/\"},{\"@type\":\"ListItem\",\"position\":2,\"name\":\"Coronavirus: vers une reprise tr\u00e8s progressive pour les championnats du football europ\u00e9en?\"}]},{\"@type\":\"WebSite\",\"@id\":\"https:\/\/guineediversite.com\/#website\",\"url\":\"https:\/\/guineediversite.com\/\",\"name\":\"Guin\u00e9e Diversit\u00e9\",\"description\":\"L&#039;Info dans toute sa diversit\u00e9\",\"publisher\":{\"@id\":\"https:\/\/guineediversite.com\/#organization\"},\"potentialAction\":[{\"@type\":\"SearchAction\",\"target\":{\"@type\":\"EntryPoint\",\"urlTemplate\":\"https:\/\/guineediversite.com\/?s={search_term_string}\"},\"query-input\":{\"@type\":\"PropertyValueSpecification\",\"valueRequired\":true,\"valueName\":\"search_term_string\"}}],\"inLanguage\":\"fr-FR\"},{\"@type\":\"Organization\",\"@id\":\"https:\/\/guineediversite.com\/#organization\",\"name\":\"Guin\u00e9e Diversit\u00e9\",\"url\":\"https:\/\/guineediversite.com\/\",\"logo\":{\"@type\":\"ImageObject\",\"inLanguage\":\"fr-FR\",\"@id\":\"https:\/\/guineediversite.com\/#\/schema\/logo\/image\/\",\"url\":\"https:\/\/guineediversite.com\/wp-content\/uploads\/2017\/04\/cropped-1jojlxEOMkX9Wyqfhe43D6kjPOGqBBKmx3EwWJqZ0cMrFF54yM49.png\",\"contentUrl\":\"https:\/\/guineediversite.com\/wp-content\/uploads\/2017\/04\/cropped-1jojlxEOMkX9Wyqfhe43D6kjPOGqBBKmx3EwWJqZ0cMrFF54yM49.png\",\"width\":186,\"height\":112,\"caption\":\"Guin\u00e9e Diversit\u00e9\"},\"image\":{\"@id\":\"https:\/\/guineediversite.com\/#\/schema\/logo\/image\/\"},\"sameAs\":[\"https:\/\/www.facebook.com\/guineediversite\/\",\"https:\/\/x.com\/GuineeDiversite\",\"https:\/\/www.youtube.com\/channel\/UC8sUY16qelG5ge6_D5SB83g\"]},{\"@type\":\"Person\",\"@id\":\"https:\/\/guineediversite.com\/#\/schema\/person\/afa08fb34e7fc6e1feafc892612bc836\",\"name\":\"Guin\u00e9e Diversit\u00e9\",\"image\":{\"@type\":\"ImageObject\",\"inLanguage\":\"fr-FR\",\"@id\":\"https:\/\/guineediversite.com\/#\/schema\/person\/image\/\",\"url\":\"https:\/\/secure.gravatar.com\/avatar\/50d5eb5b390f8b65ac30ac6f898eb83a?s=96&d=mm&r=g\",\"contentUrl\":\"https:\/\/secure.gravatar.com\/avatar\/50d5eb5b390f8b65ac30ac6f898eb83a?s=96&d=mm&r=g\",\"caption\":\"Guin\u00e9e Diversit\u00e9\"},\"url\":\"https:\/\/guineediversite.com\/index.php\/author\/guineediversite\/\"}]}<\/script>\n<!-- \/ Yoast SEO plugin. -->","yoast_head_json":{"title":"Coronavirus: vers une reprise tr\u00e8s progressive pour les championnats du football europ\u00e9en? | Guin\u00e9e Diversit\u00e9","robots":{"index":"index","follow":"follow","max-snippet":"max-snippet:-1","max-image-preview":"max-image-preview:large","max-video-preview":"max-video-preview:-1"},"canonical":"https:\/\/guineediversite.com\/index.php\/2020\/05\/09\/coronavirus-vers-une-reprise-tres-progressive-pour-les-championnats-du-football-europeen\/","og_locale":"fr_FR","og_type":"article","og_title":"Coronavirus: vers une reprise tr\u00e8s progressive pour les championnats du football europ\u00e9en? | Guin\u00e9e Diversit\u00e9","og_description":"Le championnat de football des Iles F\u00e9ro\u00e9 reprend. La comp\u00e9tition est tr\u00e8s modeste. Pourtant, ce retour est un petit \u00e9v\u00e9nement. Il s&rsquo;agit du premier championnat europ\u00e9en \u00e0 reprendre ses droits apr\u00e8s avoir \u00e9t\u00e9 interrompu par la propagation du Covid-19. Et d&rsquo;autres ligues du Vieux Continent devraient bient\u00f4t en faire de m\u00eame. Pour l&rsquo;instant, les positions&nbsp;fran\u00e7aise, [&hellip;]","og_url":"https:\/\/guineediversite.com\/index.php\/2020\/05\/09\/coronavirus-vers-une-reprise-tres-progressive-pour-les-championnats-du-football-europeen\/","og_site_name":"Guin\u00e9e Diversit\u00e9","article_publisher":"https:\/\/www.facebook.com\/guineediversite\/","article_published_time":"2020-05-09T14:47:03+00:00","article_modified_time":"2020-05-09T14:47:13+00:00","og_image":[{"width":1500,"height":843,"url":"https:\/\/guineediversite.com\/wp-content\/uploads\/2020\/05\/SPORT.jpg","type":"image\/jpeg"}],"author":"Guin\u00e9e Diversit\u00e9","twitter_card":"summary_large_image","twitter_creator":"@GuineeDiversite","twitter_site":"@GuineeDiversite","twitter_misc":{"\u00c9crit par":"Guin\u00e9e Diversit\u00e9","Dur\u00e9e de lecture estim\u00e9e":"1 minute"},"schema":{"@context":"https:\/\/schema.org","@graph":[{"@type":"Article","@id":"https:\/\/guineediversite.com\/index.php\/2020\/05\/09\/coronavirus-vers-une-reprise-tres-progressive-pour-les-championnats-du-football-europeen\/#article","isPartOf":{"@id":"https:\/\/guineediversite.com\/index.php\/2020\/05\/09\/coronavirus-vers-une-reprise-tres-progressive-pour-les-championnats-du-football-europeen\/"},"author":{"name":"Guin\u00e9e Diversit\u00e9","@id":"https:\/\/guineediversite.com\/#\/schema\/person\/afa08fb34e7fc6e1feafc892612bc836"},"headline":"Coronavirus: vers une reprise tr\u00e8s progressive pour les championnats du football europ\u00e9en?","datePublished":"2020-05-09T14:47:03+00:00","dateModified":"2020-05-09T14:47:13+00:00","mainEntityOfPage":{"@id":"https:\/\/guineediversite.com\/index.php\/2020\/05\/09\/coronavirus-vers-une-reprise-tres-progressive-pour-les-championnats-du-football-europeen\/"},"wordCount":313,"publisher":{"@id":"https:\/\/guineediversite.com\/#organization"},"image":{"@id":"https:\/\/guineediversite.com\/index.php\/2020\/05\/09\/coronavirus-vers-une-reprise-tres-progressive-pour-les-championnats-du-football-europeen\/#primaryimage"},"thumbnailUrl":"https:\/\/guineediversite.com\/wp-content\/uploads\/2020\/05\/SPORT.jpg","articleSection":["Sport"],"inLanguage":"fr-FR"},{"@type":"WebPage","@id":"https:\/\/guineediversite.com\/index.php\/2020\/05\/09\/coronavirus-vers-une-reprise-tres-progressive-pour-les-championnats-du-football-europeen\/","url":"https:\/\/guineediversite.com\/index.php\/2020\/05\/09\/coronavirus-vers-une-reprise-tres-progressive-pour-les-championnats-du-football-europeen\/","name":"Coronavirus: vers une reprise tr\u00e8s progressive pour les championnats du football europ\u00e9en? | Guin\u00e9e Diversit\u00e9","isPartOf":{"@id":"https:\/\/guineediversite.com\/#website"},"primaryImageOfPage":{"@id":"https:\/\/guineediversite.com\/index.php\/2020\/05\/09\/coronavirus-vers-une-reprise-tres-progressive-pour-les-championnats-du-football-europeen\/#primaryimage"},"image":{"@id":"https:\/\/guineediversite.com\/index.php\/2020\/05\/09\/coronavirus-vers-une-reprise-tres-progressive-pour-les-championnats-du-football-europeen\/#primaryimage"},"thumbnailUrl":"https:\/\/guineediversite.com\/wp-content\/uploads\/2020\/05\/SPORT.jpg","datePublished":"2020-05-09T14:47:03+00:00","dateModified":"2020-05-09T14:47:13+00:00","breadcrumb":{"@id":"https:\/\/guineediversite.com\/index.php\/2020\/05\/09\/coronavirus-vers-une-reprise-tres-progressive-pour-les-championnats-du-football-europeen\/#breadcrumb"},"inLanguage":"fr-FR","potentialAction":[{"@type":"ReadAction","target":["https:\/\/guineediversite.com\/index.php\/2020\/05\/09\/coronavirus-vers-une-reprise-tres-progressive-pour-les-championnats-du-football-europeen\/"]}]},{"@type":"ImageObject","inLanguage":"fr-FR","@id":"https:\/\/guineediversite.com\/index.php\/2020\/05\/09\/coronavirus-vers-une-reprise-tres-progressive-pour-les-championnats-du-football-europeen\/#primaryimage","url":"https:\/\/guineediversite.com\/wp-content\/uploads\/2020\/05\/SPORT.jpg","contentUrl":"https:\/\/guineediversite.com\/wp-content\/uploads\/2020\/05\/SPORT.jpg","width":1500,"height":843},{"@type":"BreadcrumbList","@id":"https:\/\/guineediversite.com\/index.php\/2020\/05\/09\/coronavirus-vers-une-reprise-tres-progressive-pour-les-championnats-du-football-europeen\/#breadcrumb","itemListElement":[{"@type":"ListItem","position":1,"name":"Accueil","item":"https:\/\/guineediversite.com\/"},{"@type":"ListItem","position":2,"name":"Coronavirus: vers une reprise tr\u00e8s progressive pour les championnats du football europ\u00e9en?"}]},{"@type":"WebSite","@id":"https:\/\/guineediversite.com\/#website","url":"https:\/\/guineediversite.com\/","name":"Guin\u00e9e Diversit\u00e9","description":"L&#039;Info dans toute sa diversit\u00e9","publisher":{"@id":"https:\/\/guineediversite.com\/#organization"},"potentialAction":[{"@type":"SearchAction","target":{"@type":"EntryPoint","urlTemplate":"https:\/\/guineediversite.com\/?s={search_term_string}"},"query-input":{"@type":"PropertyValueSpecification","valueRequired":true,"valueName":"search_term_string"}}],"inLanguage":"fr-FR"},{"@type":"Organization","@id":"https:\/\/guineediversite.com\/#organization","name":"Guin\u00e9e Diversit\u00e9","url":"https:\/\/guineediversite.com\/","logo":{"@type":"ImageObject","inLanguage":"fr-FR","@id":"https:\/\/guineediversite.com\/#\/schema\/logo\/image\/","url":"https:\/\/guineediversite.com\/wp-content\/uploads\/2017\/04\/cropped-1jojlxEOMkX9Wyqfhe43D6kjPOGqBBKmx3EwWJqZ0cMrFF54yM49.png","contentUrl":"https:\/\/guineediversite.com\/wp-content\/uploads\/2017\/04\/cropped-1jojlxEOMkX9Wyqfhe43D6kjPOGqBBKmx3EwWJqZ0cMrFF54yM49.png","width":186,"height":112,"caption":"Guin\u00e9e Diversit\u00e9"},"image":{"@id":"https:\/\/guineediversite.com\/#\/schema\/logo\/image\/"},"sameAs":["https:\/\/www.facebook.com\/guineediversite\/","https:\/\/x.com\/GuineeDiversite","https:\/\/www.youtube.com\/channel\/UC8sUY16qelG5ge6_D5SB83g"]},{"@type":"Person","@id":"https:\/\/guineediversite.com\/#\/schema\/person\/afa08fb34e7fc6e1feafc892612bc836","name":"Guin\u00e9e Diversit\u00e9","image":{"@type":"ImageObject","inLanguage":"fr-FR","@id":"https:\/\/guineediversite.com\/#\/schema\/person\/image\/","url":"https:\/\/secure.gravatar.com\/avatar\/50d5eb5b390f8b65ac30ac6f898eb83a?s=96&d=mm&r=g","contentUrl":"https:\/\/secure.gravatar.com\/avatar\/50d5eb5b390f8b65ac30ac6f898eb83a?s=96&d=mm&r=g","caption":"Guin\u00e9e Diversit\u00e9"},"url":"https:\/\/guineediversite.com\/index.php\/author\/guineediversite\/"}]}},"_links":{"self":[{"href":"https:\/\/guineediversite.com\/index.php\/wp-json\/wp\/v2\/posts\/29098"}],"collection":[{"href":"https:\/\/guineediversite.com\/index.php\/wp-json\/wp\/v2\/posts"}],"about":[{"href":"https:\/\/guineediversite.com\/index.php\/wp-json\/wp\/v2\/types\/post"}],"author":[{"embeddable":true,"href":"https:\/\/guineediversite.com\/index.php\/wp-json\/wp\/v2\/users\/12"}],"replies":[{"embeddable":true,"href":"https:\/\/guineediversite.com\/index.php\/wp-json\/wp\/v2\/comments?post=29098"}],"version-history":[{"count":1,"href":"https:\/\/guineediversite.com\/index.php\/wp-json\/wp\/v2\/posts\/29098\/revisions"}],"predecessor-version":[{"id":29100,"href":"https:\/\/guineediversite.com\/index.php\/wp-json\/wp\/v2\/posts\/29098\/revisions\/29100"}],"wp:featuredmedia":[{"embeddable":true,"href":"https:\/\/guineediversite.com\/index.php\/wp-json\/wp\/v2\/media\/29099"}],"wp:attachment":[{"href":"https:\/\/guineediversite.com\/index.php\/wp-json\/wp\/v2\/media?parent=29098"}],"wp:term":[{"taxonomy":"category","embeddable":true,"href":"https:\/\/guineediversite.com\/index.php\/wp-json\/wp\/v2\/categories?post=29098"},{"taxonomy":"post_tag","embeddable":true,"href":"https:\/\/guineediversite.com\/index.php\/wp-json\/wp\/v2\/tags?post=29098"}],"curies":[{"name":"wp","href":"https:\/\/api.w.org\/{rel}","templated":true}]}}