{"id":29081,"date":"2020-05-08T16:24:17","date_gmt":"2020-05-08T14:24:17","guid":{"rendered":"https:\/\/guineediversite.com\/?p=29081"},"modified":"2020-05-08T16:24:20","modified_gmt":"2020-05-08T14:24:20","slug":"cote-divoire-quels-faits-sont-reproches-a-guillaume-soro-dans-la-plainte-deposee-en-france","status":"publish","type":"post","link":"https:\/\/guineediversite.com\/index.php\/2020\/05\/08\/cote-divoire-quels-faits-sont-reproches-a-guillaume-soro-dans-la-plainte-deposee-en-france\/","title":{"rendered":"C\u00f4te d&rsquo;Ivoire: quels faits sont reproch\u00e9s \u00e0 Guillaume Soro dans la plainte d\u00e9pos\u00e9e en France?"},"content":{"rendered":"\n<p>Une plainte a \u00e9t\u00e9 d\u00e9pos\u00e9e contre Guillaume Soro \u00e0 Paris ce jeudi. L&rsquo;ancien pr\u00e9sident de l&rsquo;Assembl\u00e9e nationale est accus\u00e9 de \u00ab&nbsp;torture, assassinat et crimes de guerre&nbsp;\u00bb pour des faits commis lorsqu&rsquo;il \u00e9tait le chef des Forces nouvelles entre 2003 et 2011.<\/p>\n\n\n\n<p>Deux s\u00e9ries de faits sont contenus <a href=\"http:\/\/www.rfi.fr\/fr\/afrique\/20200508-cote-ivoire-france-plainte-contre-soro-paris-assassinat-torture\" target=\"_blank\" rel=\"noreferrer noopener\"><strong>dans cette plainte<\/strong><\/a>&nbsp;: des massacres commis \u00e0 Bouak\u00e9 et Korogho en 2004 lors de combats entre factions rebelles pro-Soro et pro-IB et la mort d&rsquo;Ibrahima Koulibaly, dit IB, \u00ab&nbsp;g\u00e9n\u00e9ral autoproclam\u00e9&nbsp;\u00bb et rival de Guillaume Soro \u00e0 la t\u00eate de la r\u00e9bellion le 27 avril 2011, \u00e0 peine plus de deux semaines apr\u00e8s la chute de Laurent Gbagbo. Une mort dont les circonstances restent incertaines.<\/p>\n\n\n\n<p>En effet, en cette fin du mois d&rsquo;avril 2011, Abidjan est une ville encore secou\u00e9e par plusieurs mois de combats. IB a pris sa part dans la chute de l&rsquo;ancien pr\u00e9sident. Apr\u00e8s son retour, un an auparavant d&rsquo;un exil contraint par sa rivalit\u00e9 avec Guillaume Soro, il a men\u00e9 une v\u00e9ritable gu\u00e9rilla contre les hommes de Laurent Gbagbo \u00e0 la t\u00eate du \u00ab&nbsp;commando invisible&nbsp;\u00bb qui op\u00e8re principalement \u00e0 Abobo.<\/p>\n\n\n\n<p>C&rsquo;est d&rsquo;ailleurs dans cette commune populaire d&rsquo;Abidjan, dans le quartier du PK18, que se terre IB dans les derniers jours. Ce 27 avril, alors que les FRCI, les Forces r\u00e9publicaines de C\u00f4te d&rsquo;Ivoire, prennent le contr\u00f4le d&rsquo;Abobo, IB t\u00e9moigne d\u2019une attaque sur la radio Voice of America : \u00ab <em>Ce sont les Forces nouvelles qui m&rsquo;attaquent, c&rsquo;est Soro qui m&rsquo;attaque<\/em>. \u00bb<\/p>\n\n\n\n<p><strong>Faire la lumi\u00e8re sur cette mort<\/strong><\/p>\n\n\n\n<p>Plusieurs hommes sont tu\u00e9s sur place. Il y a notamment son fr\u00e8re Soualio Koulibaly et Issiaka Timit\u00e9, dont les proches sont aussi parties civiles dans cette nouvelle plainte. IB, lui, aurait \u00e9t\u00e9 emmen\u00e9, selon les plaignants, dans des \u00ab&nbsp;<em>v\u00e9hicules motoris\u00e9s<\/em>&nbsp;\u00bb avant que son corps soit retrouv\u00e9 gisant dans son sang le soir m\u00eame.<\/p>\n\n\n\n<p>Ses proches affirment qu&rsquo;il cherchait pourtant \u00e0 se rendre et qu&rsquo;il avait inform\u00e9 l&rsquo;ONU et la force fran\u00e7aise d&rsquo;un danger imminent. Une \u00ab&nbsp;<em>traque<\/em>&nbsp;\u00bb et un \u00ab&nbsp;<em>guet-apens minutieusement pr\u00e9par\u00e9<\/em>&nbsp;\u00bb contre lui, dit la plainte d\u00e9pos\u00e9e jeudi. Le minist\u00e8re de la D\u00e9fense, occup\u00e9 alors par Guillaume Soro, affirme lui qu\u2019IB a \u00e9t\u00e9 tu\u00e9 lors d\u2019une \u00ab<em> riposte<\/em> \u00bb alors qu\u2019il refusait de se rendre \u00e0 la nouvelle arm\u00e9e ivoirienne. Les circonstances exactes de la mort d&rsquo;IB restent donc \u00e0 \u00e9tablir et pour les parties civiles, c&rsquo;est d&rsquo;ailleurs un des objectifs de cette nouvelle d\u00e9marche judiciaire.<\/p>\n\n\n\n<p>Des accusations totalement balay\u00e9es par la d\u00e9fense de Guillaume Soro. L\u2019un de ses avocats, Ma\u00eetre Robin Binsard, estime qu\u2019il s\u2019agit d\u2019une \u00ab&nbsp;<em>tentative pour discr\u00e9diter la candidature de Guillaume Soro<\/em>&nbsp;\u00bb lors de la pr\u00e9sidentielle ivoirienne, pr\u00e9vue en octobre prochain.<\/p>\n\n\n\n<p><strong>RFI<\/strong><\/p>\n","protected":false},"excerpt":{"rendered":"<p>Une plainte a \u00e9t\u00e9 d\u00e9pos\u00e9e contre Guillaume Soro \u00e0 Paris ce jeudi. L&rsquo;ancien pr\u00e9sident de l&rsquo;Assembl\u00e9e nationale est accus\u00e9 de \u00ab&nbsp;torture, assassinat et crimes de guerre&nbsp;\u00bb pour des faits commis lorsqu&rsquo;il \u00e9tait le chef des Forces nouvelles entre 2003 et 2011. Deux s\u00e9ries de faits sont contenus dans cette plainte&nbsp;: des massacres commis \u00e0 Bouak\u00e9 [&hellip;]<\/p>\n","protected":false},"author":12,"featured_media":29082,"comment_status":"closed","ping_status":"closed","sticky":false,"template":"","format":"standard","meta":{"_exactmetrics_skip_tracking":false,"_exactmetrics_sitenote_active":false,"_exactmetrics_sitenote_note":"","_exactmetrics_sitenote_category":0,"tdm_status":"","tdm_grid_status":"","footnotes":""},"categories":[21],"tags":[],"class_list":{"0":"post-29081","1":"post","2":"type-post","3":"status-publish","4":"format-standard","5":"has-post-thumbnail","7":"category-international"},"yoast_head":"<!-- This site is optimized with the Yoast SEO plugin v24.2 - https:\/\/yoast.com\/wordpress\/plugins\/seo\/ -->\n<title>C\u00f4te d&#039;Ivoire: quels faits sont reproch\u00e9s \u00e0 Guillaume Soro dans la plainte d\u00e9pos\u00e9e en France? | Guin\u00e9e Diversit\u00e9<\/title>\n<meta name=\"robots\" content=\"index, follow, max-snippet:-1, max-image-preview:large, max-video-preview:-1\" \/>\n<link rel=\"canonical\" href=\"https:\/\/guineediversite.com\/index.php\/2020\/05\/08\/cote-divoire-quels-faits-sont-reproches-a-guillaume-soro-dans-la-plainte-deposee-en-france\/\" \/>\n<meta property=\"og:locale\" content=\"fr_FR\" \/>\n<meta property=\"og:type\" content=\"article\" \/>\n<meta property=\"og:title\" content=\"C\u00f4te d&#039;Ivoire: quels faits sont reproch\u00e9s \u00e0 Guillaume Soro dans la plainte d\u00e9pos\u00e9e en France? | Guin\u00e9e Diversit\u00e9\" \/>\n<meta property=\"og:description\" content=\"Une plainte a \u00e9t\u00e9 d\u00e9pos\u00e9e contre Guillaume Soro \u00e0 Paris ce jeudi. L&rsquo;ancien pr\u00e9sident de l&rsquo;Assembl\u00e9e nationale est accus\u00e9 de \u00ab&nbsp;torture, assassinat et crimes de guerre&nbsp;\u00bb pour des faits commis lorsqu&rsquo;il \u00e9tait le chef des Forces nouvelles entre 2003 et 2011. Deux s\u00e9ries de faits sont contenus dans cette plainte&nbsp;: des massacres commis \u00e0 Bouak\u00e9 [&hellip;]\" \/>\n<meta property=\"og:url\" content=\"https:\/\/guineediversite.com\/index.php\/2020\/05\/08\/cote-divoire-quels-faits-sont-reproches-a-guillaume-soro-dans-la-plainte-deposee-en-france\/\" \/>\n<meta property=\"og:site_name\" content=\"Guin\u00e9e Diversit\u00e9\" \/>\n<meta property=\"article:publisher\" content=\"https:\/\/www.facebook.com\/guineediversite\/\" \/>\n<meta property=\"article:published_time\" content=\"2020-05-08T14:24:17+00:00\" \/>\n<meta property=\"article:modified_time\" content=\"2020-05-08T14:24:20+00:00\" \/>\n<meta property=\"og:image\" content=\"https:\/\/guineediversite.com\/wp-content\/uploads\/2020\/05\/SORO.jpg\" \/>\n\t<meta property=\"og:image:width\" content=\"1500\" \/>\n\t<meta property=\"og:image:height\" content=\"840\" \/>\n\t<meta property=\"og:image:type\" content=\"image\/jpeg\" \/>\n<meta name=\"author\" content=\"Guin\u00e9e Diversit\u00e9\" \/>\n<meta name=\"twitter:card\" content=\"summary_large_image\" \/>\n<meta name=\"twitter:creator\" content=\"@GuineeDiversite\" \/>\n<meta name=\"twitter:site\" content=\"@GuineeDiversite\" \/>\n<meta name=\"twitter:label1\" content=\"\u00c9crit par\" \/>\n\t<meta name=\"twitter:data1\" content=\"Guin\u00e9e Diversit\u00e9\" \/>\n\t<meta name=\"twitter:label2\" content=\"Dur\u00e9e de lecture estim\u00e9e\" \/>\n\t<meta name=\"twitter:data2\" content=\"2 minutes\" \/>\n<script type=\"application\/ld+json\" class=\"yoast-schema-graph\">{\"@context\":\"https:\/\/schema.org\",\"@graph\":[{\"@type\":\"Article\",\"@id\":\"https:\/\/guineediversite.com\/index.php\/2020\/05\/08\/cote-divoire-quels-faits-sont-reproches-a-guillaume-soro-dans-la-plainte-deposee-en-france\/#article\",\"isPartOf\":{\"@id\":\"https:\/\/guineediversite.com\/index.php\/2020\/05\/08\/cote-divoire-quels-faits-sont-reproches-a-guillaume-soro-dans-la-plainte-deposee-en-france\/\"},\"author\":{\"name\":\"Guin\u00e9e Diversit\u00e9\",\"@id\":\"https:\/\/guineediversite.com\/#\/schema\/person\/afa08fb34e7fc6e1feafc892612bc836\"},\"headline\":\"C\u00f4te d&rsquo;Ivoire: quels faits sont reproch\u00e9s \u00e0 Guillaume Soro dans la plainte d\u00e9pos\u00e9e en France?\",\"datePublished\":\"2020-05-08T14:24:17+00:00\",\"dateModified\":\"2020-05-08T14:24:20+00:00\",\"mainEntityOfPage\":{\"@id\":\"https:\/\/guineediversite.com\/index.php\/2020\/05\/08\/cote-divoire-quels-faits-sont-reproches-a-guillaume-soro-dans-la-plainte-deposee-en-france\/\"},\"wordCount\":516,\"publisher\":{\"@id\":\"https:\/\/guineediversite.com\/#organization\"},\"image\":{\"@id\":\"https:\/\/guineediversite.com\/index.php\/2020\/05\/08\/cote-divoire-quels-faits-sont-reproches-a-guillaume-soro-dans-la-plainte-deposee-en-france\/#primaryimage\"},\"thumbnailUrl\":\"https:\/\/guineediversite.com\/wp-content\/uploads\/2020\/05\/SORO.jpg\",\"articleSection\":[\"International\"],\"inLanguage\":\"fr-FR\"},{\"@type\":\"WebPage\",\"@id\":\"https:\/\/guineediversite.com\/index.php\/2020\/05\/08\/cote-divoire-quels-faits-sont-reproches-a-guillaume-soro-dans-la-plainte-deposee-en-france\/\",\"url\":\"https:\/\/guineediversite.com\/index.php\/2020\/05\/08\/cote-divoire-quels-faits-sont-reproches-a-guillaume-soro-dans-la-plainte-deposee-en-france\/\",\"name\":\"C\u00f4te d'Ivoire: quels faits sont reproch\u00e9s \u00e0 Guillaume Soro dans la plainte d\u00e9pos\u00e9e en France? | Guin\u00e9e Diversit\u00e9\",\"isPartOf\":{\"@id\":\"https:\/\/guineediversite.com\/#website\"},\"primaryImageOfPage\":{\"@id\":\"https:\/\/guineediversite.com\/index.php\/2020\/05\/08\/cote-divoire-quels-faits-sont-reproches-a-guillaume-soro-dans-la-plainte-deposee-en-france\/#primaryimage\"},\"image\":{\"@id\":\"https:\/\/guineediversite.com\/index.php\/2020\/05\/08\/cote-divoire-quels-faits-sont-reproches-a-guillaume-soro-dans-la-plainte-deposee-en-france\/#primaryimage\"},\"thumbnailUrl\":\"https:\/\/guineediversite.com\/wp-content\/uploads\/2020\/05\/SORO.jpg\",\"datePublished\":\"2020-05-08T14:24:17+00:00\",\"dateModified\":\"2020-05-08T14:24:20+00:00\",\"breadcrumb\":{\"@id\":\"https:\/\/guineediversite.com\/index.php\/2020\/05\/08\/cote-divoire-quels-faits-sont-reproches-a-guillaume-soro-dans-la-plainte-deposee-en-france\/#breadcrumb\"},\"inLanguage\":\"fr-FR\",\"potentialAction\":[{\"@type\":\"ReadAction\",\"target\":[\"https:\/\/guineediversite.com\/index.php\/2020\/05\/08\/cote-divoire-quels-faits-sont-reproches-a-guillaume-soro-dans-la-plainte-deposee-en-france\/\"]}]},{\"@type\":\"ImageObject\",\"inLanguage\":\"fr-FR\",\"@id\":\"https:\/\/guineediversite.com\/index.php\/2020\/05\/08\/cote-divoire-quels-faits-sont-reproches-a-guillaume-soro-dans-la-plainte-deposee-en-france\/#primaryimage\",\"url\":\"https:\/\/guineediversite.com\/wp-content\/uploads\/2020\/05\/SORO.jpg\",\"contentUrl\":\"https:\/\/guineediversite.com\/wp-content\/uploads\/2020\/05\/SORO.jpg\",\"width\":1500,\"height\":840},{\"@type\":\"BreadcrumbList\",\"@id\":\"https:\/\/guineediversite.com\/index.php\/2020\/05\/08\/cote-divoire-quels-faits-sont-reproches-a-guillaume-soro-dans-la-plainte-deposee-en-france\/#breadcrumb\",\"itemListElement\":[{\"@type\":\"ListItem\",\"position\":1,\"name\":\"Accueil\",\"item\":\"https:\/\/guineediversite.com\/\"},{\"@type\":\"ListItem\",\"position\":2,\"name\":\"C\u00f4te d&rsquo;Ivoire: quels faits sont reproch\u00e9s \u00e0 Guillaume Soro dans la plainte d\u00e9pos\u00e9e en France?\"}]},{\"@type\":\"WebSite\",\"@id\":\"https:\/\/guineediversite.com\/#website\",\"url\":\"https:\/\/guineediversite.com\/\",\"name\":\"Guin\u00e9e Diversit\u00e9\",\"description\":\"L&#039;Info dans toute sa diversit\u00e9\",\"publisher\":{\"@id\":\"https:\/\/guineediversite.com\/#organization\"},\"potentialAction\":[{\"@type\":\"SearchAction\",\"target\":{\"@type\":\"EntryPoint\",\"urlTemplate\":\"https:\/\/guineediversite.com\/?s={search_term_string}\"},\"query-input\":{\"@type\":\"PropertyValueSpecification\",\"valueRequired\":true,\"valueName\":\"search_term_string\"}}],\"inLanguage\":\"fr-FR\"},{\"@type\":\"Organization\",\"@id\":\"https:\/\/guineediversite.com\/#organization\",\"name\":\"Guin\u00e9e Diversit\u00e9\",\"url\":\"https:\/\/guineediversite.com\/\",\"logo\":{\"@type\":\"ImageObject\",\"inLanguage\":\"fr-FR\",\"@id\":\"https:\/\/guineediversite.com\/#\/schema\/logo\/image\/\",\"url\":\"https:\/\/guineediversite.com\/wp-content\/uploads\/2017\/04\/cropped-1jojlxEOMkX9Wyqfhe43D6kjPOGqBBKmx3EwWJqZ0cMrFF54yM49.png\",\"contentUrl\":\"https:\/\/guineediversite.com\/wp-content\/uploads\/2017\/04\/cropped-1jojlxEOMkX9Wyqfhe43D6kjPOGqBBKmx3EwWJqZ0cMrFF54yM49.png\",\"width\":186,\"height\":112,\"caption\":\"Guin\u00e9e Diversit\u00e9\"},\"image\":{\"@id\":\"https:\/\/guineediversite.com\/#\/schema\/logo\/image\/\"},\"sameAs\":[\"https:\/\/www.facebook.com\/guineediversite\/\",\"https:\/\/x.com\/GuineeDiversite\",\"https:\/\/www.youtube.com\/channel\/UC8sUY16qelG5ge6_D5SB83g\"]},{\"@type\":\"Person\",\"@id\":\"https:\/\/guineediversite.com\/#\/schema\/person\/afa08fb34e7fc6e1feafc892612bc836\",\"name\":\"Guin\u00e9e Diversit\u00e9\",\"image\":{\"@type\":\"ImageObject\",\"inLanguage\":\"fr-FR\",\"@id\":\"https:\/\/guineediversite.com\/#\/schema\/person\/image\/\",\"url\":\"https:\/\/secure.gravatar.com\/avatar\/50d5eb5b390f8b65ac30ac6f898eb83a?s=96&d=mm&r=g\",\"contentUrl\":\"https:\/\/secure.gravatar.com\/avatar\/50d5eb5b390f8b65ac30ac6f898eb83a?s=96&d=mm&r=g\",\"caption\":\"Guin\u00e9e Diversit\u00e9\"},\"url\":\"https:\/\/guineediversite.com\/index.php\/author\/guineediversite\/\"}]}<\/script>\n<!-- \/ Yoast SEO plugin. -->","yoast_head_json":{"title":"C\u00f4te d'Ivoire: quels faits sont reproch\u00e9s \u00e0 Guillaume Soro dans la plainte d\u00e9pos\u00e9e en France? | Guin\u00e9e Diversit\u00e9","robots":{"index":"index","follow":"follow","max-snippet":"max-snippet:-1","max-image-preview":"max-image-preview:large","max-video-preview":"max-video-preview:-1"},"canonical":"https:\/\/guineediversite.com\/index.php\/2020\/05\/08\/cote-divoire-quels-faits-sont-reproches-a-guillaume-soro-dans-la-plainte-deposee-en-france\/","og_locale":"fr_FR","og_type":"article","og_title":"C\u00f4te d'Ivoire: quels faits sont reproch\u00e9s \u00e0 Guillaume Soro dans la plainte d\u00e9pos\u00e9e en France? | Guin\u00e9e Diversit\u00e9","og_description":"Une plainte a \u00e9t\u00e9 d\u00e9pos\u00e9e contre Guillaume Soro \u00e0 Paris ce jeudi. L&rsquo;ancien pr\u00e9sident de l&rsquo;Assembl\u00e9e nationale est accus\u00e9 de \u00ab&nbsp;torture, assassinat et crimes de guerre&nbsp;\u00bb pour des faits commis lorsqu&rsquo;il \u00e9tait le chef des Forces nouvelles entre 2003 et 2011. Deux s\u00e9ries de faits sont contenus dans cette plainte&nbsp;: des massacres commis \u00e0 Bouak\u00e9 [&hellip;]","og_url":"https:\/\/guineediversite.com\/index.php\/2020\/05\/08\/cote-divoire-quels-faits-sont-reproches-a-guillaume-soro-dans-la-plainte-deposee-en-france\/","og_site_name":"Guin\u00e9e Diversit\u00e9","article_publisher":"https:\/\/www.facebook.com\/guineediversite\/","article_published_time":"2020-05-08T14:24:17+00:00","article_modified_time":"2020-05-08T14:24:20+00:00","og_image":[{"width":1500,"height":840,"url":"https:\/\/guineediversite.com\/wp-content\/uploads\/2020\/05\/SORO.jpg","type":"image\/jpeg"}],"author":"Guin\u00e9e Diversit\u00e9","twitter_card":"summary_large_image","twitter_creator":"@GuineeDiversite","twitter_site":"@GuineeDiversite","twitter_misc":{"\u00c9crit par":"Guin\u00e9e Diversit\u00e9","Dur\u00e9e de lecture estim\u00e9e":"2 minutes"},"schema":{"@context":"https:\/\/schema.org","@graph":[{"@type":"Article","@id":"https:\/\/guineediversite.com\/index.php\/2020\/05\/08\/cote-divoire-quels-faits-sont-reproches-a-guillaume-soro-dans-la-plainte-deposee-en-france\/#article","isPartOf":{"@id":"https:\/\/guineediversite.com\/index.php\/2020\/05\/08\/cote-divoire-quels-faits-sont-reproches-a-guillaume-soro-dans-la-plainte-deposee-en-france\/"},"author":{"name":"Guin\u00e9e Diversit\u00e9","@id":"https:\/\/guineediversite.com\/#\/schema\/person\/afa08fb34e7fc6e1feafc892612bc836"},"headline":"C\u00f4te d&rsquo;Ivoire: quels faits sont reproch\u00e9s \u00e0 Guillaume Soro dans la plainte d\u00e9pos\u00e9e en France?","datePublished":"2020-05-08T14:24:17+00:00","dateModified":"2020-05-08T14:24:20+00:00","mainEntityOfPage":{"@id":"https:\/\/guineediversite.com\/index.php\/2020\/05\/08\/cote-divoire-quels-faits-sont-reproches-a-guillaume-soro-dans-la-plainte-deposee-en-france\/"},"wordCount":516,"publisher":{"@id":"https:\/\/guineediversite.com\/#organization"},"image":{"@id":"https:\/\/guineediversite.com\/index.php\/2020\/05\/08\/cote-divoire-quels-faits-sont-reproches-a-guillaume-soro-dans-la-plainte-deposee-en-france\/#primaryimage"},"thumbnailUrl":"https:\/\/guineediversite.com\/wp-content\/uploads\/2020\/05\/SORO.jpg","articleSection":["International"],"inLanguage":"fr-FR"},{"@type":"WebPage","@id":"https:\/\/guineediversite.com\/index.php\/2020\/05\/08\/cote-divoire-quels-faits-sont-reproches-a-guillaume-soro-dans-la-plainte-deposee-en-france\/","url":"https:\/\/guineediversite.com\/index.php\/2020\/05\/08\/cote-divoire-quels-faits-sont-reproches-a-guillaume-soro-dans-la-plainte-deposee-en-france\/","name":"C\u00f4te d'Ivoire: quels faits sont reproch\u00e9s \u00e0 Guillaume Soro dans la plainte d\u00e9pos\u00e9e en France? | Guin\u00e9e Diversit\u00e9","isPartOf":{"@id":"https:\/\/guineediversite.com\/#website"},"primaryImageOfPage":{"@id":"https:\/\/guineediversite.com\/index.php\/2020\/05\/08\/cote-divoire-quels-faits-sont-reproches-a-guillaume-soro-dans-la-plainte-deposee-en-france\/#primaryimage"},"image":{"@id":"https:\/\/guineediversite.com\/index.php\/2020\/05\/08\/cote-divoire-quels-faits-sont-reproches-a-guillaume-soro-dans-la-plainte-deposee-en-france\/#primaryimage"},"thumbnailUrl":"https:\/\/guineediversite.com\/wp-content\/uploads\/2020\/05\/SORO.jpg","datePublished":"2020-05-08T14:24:17+00:00","dateModified":"2020-05-08T14:24:20+00:00","breadcrumb":{"@id":"https:\/\/guineediversite.com\/index.php\/2020\/05\/08\/cote-divoire-quels-faits-sont-reproches-a-guillaume-soro-dans-la-plainte-deposee-en-france\/#breadcrumb"},"inLanguage":"fr-FR","potentialAction":[{"@type":"ReadAction","target":["https:\/\/guineediversite.com\/index.php\/2020\/05\/08\/cote-divoire-quels-faits-sont-reproches-a-guillaume-soro-dans-la-plainte-deposee-en-france\/"]}]},{"@type":"ImageObject","inLanguage":"fr-FR","@id":"https:\/\/guineediversite.com\/index.php\/2020\/05\/08\/cote-divoire-quels-faits-sont-reproches-a-guillaume-soro-dans-la-plainte-deposee-en-france\/#primaryimage","url":"https:\/\/guineediversite.com\/wp-content\/uploads\/2020\/05\/SORO.jpg","contentUrl":"https:\/\/guineediversite.com\/wp-content\/uploads\/2020\/05\/SORO.jpg","width":1500,"height":840},{"@type":"BreadcrumbList","@id":"https:\/\/guineediversite.com\/index.php\/2020\/05\/08\/cote-divoire-quels-faits-sont-reproches-a-guillaume-soro-dans-la-plainte-deposee-en-france\/#breadcrumb","itemListElement":[{"@type":"ListItem","position":1,"name":"Accueil","item":"https:\/\/guineediversite.com\/"},{"@type":"ListItem","position":2,"name":"C\u00f4te d&rsquo;Ivoire: quels faits sont reproch\u00e9s \u00e0 Guillaume Soro dans la plainte d\u00e9pos\u00e9e en France?"}]},{"@type":"WebSite","@id":"https:\/\/guineediversite.com\/#website","url":"https:\/\/guineediversite.com\/","name":"Guin\u00e9e Diversit\u00e9","description":"L&#039;Info dans toute sa diversit\u00e9","publisher":{"@id":"https:\/\/guineediversite.com\/#organization"},"potentialAction":[{"@type":"SearchAction","target":{"@type":"EntryPoint","urlTemplate":"https:\/\/guineediversite.com\/?s={search_term_string}"},"query-input":{"@type":"PropertyValueSpecification","valueRequired":true,"valueName":"search_term_string"}}],"inLanguage":"fr-FR"},{"@type":"Organization","@id":"https:\/\/guineediversite.com\/#organization","name":"Guin\u00e9e Diversit\u00e9","url":"https:\/\/guineediversite.com\/","logo":{"@type":"ImageObject","inLanguage":"fr-FR","@id":"https:\/\/guineediversite.com\/#\/schema\/logo\/image\/","url":"https:\/\/guineediversite.com\/wp-content\/uploads\/2017\/04\/cropped-1jojlxEOMkX9Wyqfhe43D6kjPOGqBBKmx3EwWJqZ0cMrFF54yM49.png","contentUrl":"https:\/\/guineediversite.com\/wp-content\/uploads\/2017\/04\/cropped-1jojlxEOMkX9Wyqfhe43D6kjPOGqBBKmx3EwWJqZ0cMrFF54yM49.png","width":186,"height":112,"caption":"Guin\u00e9e Diversit\u00e9"},"image":{"@id":"https:\/\/guineediversite.com\/#\/schema\/logo\/image\/"},"sameAs":["https:\/\/www.facebook.com\/guineediversite\/","https:\/\/x.com\/GuineeDiversite","https:\/\/www.youtube.com\/channel\/UC8sUY16qelG5ge6_D5SB83g"]},{"@type":"Person","@id":"https:\/\/guineediversite.com\/#\/schema\/person\/afa08fb34e7fc6e1feafc892612bc836","name":"Guin\u00e9e Diversit\u00e9","image":{"@type":"ImageObject","inLanguage":"fr-FR","@id":"https:\/\/guineediversite.com\/#\/schema\/person\/image\/","url":"https:\/\/secure.gravatar.com\/avatar\/50d5eb5b390f8b65ac30ac6f898eb83a?s=96&d=mm&r=g","contentUrl":"https:\/\/secure.gravatar.com\/avatar\/50d5eb5b390f8b65ac30ac6f898eb83a?s=96&d=mm&r=g","caption":"Guin\u00e9e Diversit\u00e9"},"url":"https:\/\/guineediversite.com\/index.php\/author\/guineediversite\/"}]}},"_links":{"self":[{"href":"https:\/\/guineediversite.com\/index.php\/wp-json\/wp\/v2\/posts\/29081"}],"collection":[{"href":"https:\/\/guineediversite.com\/index.php\/wp-json\/wp\/v2\/posts"}],"about":[{"href":"https:\/\/guineediversite.com\/index.php\/wp-json\/wp\/v2\/types\/post"}],"author":[{"embeddable":true,"href":"https:\/\/guineediversite.com\/index.php\/wp-json\/wp\/v2\/users\/12"}],"replies":[{"embeddable":true,"href":"https:\/\/guineediversite.com\/index.php\/wp-json\/wp\/v2\/comments?post=29081"}],"version-history":[{"count":1,"href":"https:\/\/guineediversite.com\/index.php\/wp-json\/wp\/v2\/posts\/29081\/revisions"}],"predecessor-version":[{"id":29083,"href":"https:\/\/guineediversite.com\/index.php\/wp-json\/wp\/v2\/posts\/29081\/revisions\/29083"}],"wp:featuredmedia":[{"embeddable":true,"href":"https:\/\/guineediversite.com\/index.php\/wp-json\/wp\/v2\/media\/29082"}],"wp:attachment":[{"href":"https:\/\/guineediversite.com\/index.php\/wp-json\/wp\/v2\/media?parent=29081"}],"wp:term":[{"taxonomy":"category","embeddable":true,"href":"https:\/\/guineediversite.com\/index.php\/wp-json\/wp\/v2\/categories?post=29081"},{"taxonomy":"post_tag","embeddable":true,"href":"https:\/\/guineediversite.com\/index.php\/wp-json\/wp\/v2\/tags?post=29081"}],"curies":[{"name":"wp","href":"https:\/\/api.w.org\/{rel}","templated":true}]}}