{"id":29078,"date":"2020-05-08T16:17:34","date_gmt":"2020-05-08T14:17:34","guid":{"rendered":"https:\/\/guineediversite.com\/?p=29078"},"modified":"2020-05-08T16:17:37","modified_gmt":"2020-05-08T14:17:37","slug":"apres-le-covid-19-vers-un-nouveau-monde","status":"publish","type":"post","link":"https:\/\/guineediversite.com\/index.php\/2020\/05\/08\/apres-le-covid-19-vers-un-nouveau-monde\/","title":{"rendered":"Apr\u00e8s le Covid-19, vers un nouveau monde?"},"content":{"rendered":"\n<p>Jusqu\u2019au dimanche 10&nbsp;mai,RFI se mobilise de fa\u00e7on in\u00e9dite pour tenter de comprendre ce que la pand\u00e9mie de coronavirus va changer sur la plan\u00e8te dans nos \u00e9changes, nos rapports sociaux, nos syst\u00e8mes sanitaires ou encore&nbsp;nos fa\u00e7ons de penser le monde. Des invit\u00e9s prestigieux vont se succ\u00e9der pour commenter ces enjeux majeurs.<\/p>\n\n\n\n<p>Depuis quatre mois et la d\u00e9couverte en Chine d\u2019un nouveau coronavirus baptis\u00e9 SARS-CoV-2, la plan\u00e8te enti\u00e8re vit au rythme d\u2019une pand\u00e9mie qui a d\u00e9j\u00e0 tu\u00e9 plus de 260&nbsp;000 personnes dans le monde, selon le bilan au 7&nbsp;mai de l&rsquo;Universit\u00e9 Johns Hopkins, et touch\u00e9 pr\u00e8s de 4&nbsp;millions d\u2019individus dans 187&nbsp;pays. Un d\u00e9sastre sanitaire, particuli\u00e8rement dans certains pays comme les \u00c9tats-Unis, le Royaume-Uni, l\u2019Espagne, l\u2019Italie, la France ou la Chine. Les syst\u00e8mes hospitaliers sont soumis \u00e0 rude \u00e9preuve.<\/p>\n\n\n\n<p>Mais \u00e0 mesure que les mesures de confinement ont \u00e9t\u00e9 d\u00e9cr\u00e9t\u00e9es partout dans le monde, la catastrophe est aussi devenue \u00e9conomique. Quand l\u2019activit\u00e9 s\u2019arr\u00eate, quand les \u00e9changes commerciaux s\u2019interrompent, le ch\u00f4mage s\u2019installe, les pauvres deviennent encore plus pauvres. Un bouleversement in\u00e9dit depuis la Seconde Guerre mondiale, le plus grand cataclysme du XXe si\u00e8cle. Une \u00ab&nbsp;g\u00e9n\u00e9ration Covid&nbsp;\u00bb est peut-\u00eatre en train de na\u00eetre.<\/p>\n\n\n\n<p><strong>Une matinale sp\u00e9ciale ce vendredi 8 mai<\/strong><\/p>\n\n\n\n<p>Certes la pand\u00e9mie n\u2019est pas \u00e9teinte, dans les pays du Nord comme dans ceux du Sud. Certes les personnels soignants agissent ici et l\u00e0 en h\u00e9ros pour sauver des vies et \u00e9pargner des souffrances. Certes les dirigeants de la plan\u00e8te multiplient les plans pour trouver un \u00e9quilibre entre s\u00e9curit\u00e9 sanitaire et red\u00e9marrage de l\u2019\u00e9conomie. Mais l\u2019heure est d\u00e9j\u00e0 aux questionnements, extr\u00eamement nombreux, pour que la plan\u00e8te se r\u00e9serve un avenir meilleur. Comment tirer les le\u00e7ons humaines de cette catastrophe qui aura mis le doigt sur notre communaut\u00e9 de destins&nbsp;? La mondialisation, souvent rendue responsable de la propagation du virus, doit-elle \u00eatre repens\u00e9e&nbsp;? La d\u00e9pendance aux importations alimentaires, aux importations de m\u00e9dicaments, criante dans de nombreux pays notamment en Afrique, a \u00e9t\u00e9 r\u00e9v\u00e9l\u00e9e par cette crise.<\/p>\n\n\n\n<p>Autant de premi\u00e8res pistes de r\u00e9flexion pour la <strong>matinale sp\u00e9ciale<\/strong> que pr\u00e9sente Arnaud Pontus ce vendredi 8\u00a0mai de 6h \u00e0 8h (temps universel). De son lieu de confinement, il conversera (\u00e0 distance) avec plusieurs invit\u00e9s de renom. \u00c0 commencer par l\u2019\u00e9conomiste fran\u00e7ais <strong>Thomas Piketty<\/strong>, r\u00e9put\u00e9 pour ses travaux sur les in\u00e9galit\u00e9s sociales dans le monde. En ligne \u00e9galement, le sociologue et anthropologue <strong>Didier Fassin<\/strong>. Ancien m\u00e9decin en Inde et en Tunisie, il a effectu\u00e9 une th\u00e8se dans la banlieue de Dakar, au S\u00e9n\u00e9gal, sur le syst\u00e8me de sant\u00e9. Depuis le mois de janvier dernier, ce professeur \u00e0 l\u2019Universit\u00e9 de Princeton, aux \u00c9tats-Unis, est titulaire de la chaire de sant\u00e9 publique au Coll\u00e8ge de France. Et pour un regard africain, RFI accueillera <strong>Rebecca Enonchong<\/strong>, l\u2019une des figures montantes en Afrique. Entrepreneure camerounaise, elle est la directrice de AppsTech et pr\u00e9side AfriLabs, r\u00e9seau panafricain constitu\u00e9 de plus de 100\u00a0centres d\u2019innovation. Elle sera en ligne de son lieu de confinement \u00e0 Douala. Leur discussion sera entrecoup\u00e9e de reportages et t\u00e9moignages, de la RDC au Br\u00e9sil en passant par la C\u00f4te d\u2019Ivoire, la Chine et les \u00c9tats-Unis.<\/p>\n\n\n\n<p>R<strong>FI<\/strong><\/p>\n","protected":false},"excerpt":{"rendered":"<p>Jusqu\u2019au dimanche 10&nbsp;mai,RFI se mobilise de fa\u00e7on in\u00e9dite pour tenter de comprendre ce que la pand\u00e9mie de coronavirus va changer sur la plan\u00e8te dans nos \u00e9changes, nos rapports sociaux, nos syst\u00e8mes sanitaires ou encore&nbsp;nos fa\u00e7ons de penser le monde. Des invit\u00e9s prestigieux vont se succ\u00e9der pour commenter ces enjeux majeurs. Depuis quatre mois et la [&hellip;]<\/p>\n","protected":false},"author":12,"featured_media":29079,"comment_status":"closed","ping_status":"closed","sticky":false,"template":"","format":"standard","meta":{"_exactmetrics_skip_tracking":false,"_exactmetrics_sitenote_active":false,"_exactmetrics_sitenote_note":"","_exactmetrics_sitenote_category":0,"tdm_status":"","tdm_grid_status":"","footnotes":""},"categories":[21],"tags":[],"class_list":{"0":"post-29078","1":"post","2":"type-post","3":"status-publish","4":"format-standard","5":"has-post-thumbnail","7":"category-international"},"yoast_head":"<!-- This site is optimized with the Yoast SEO plugin v24.2 - https:\/\/yoast.com\/wordpress\/plugins\/seo\/ -->\n<title>Apr\u00e8s le Covid-19, vers un nouveau monde? | Guin\u00e9e Diversit\u00e9<\/title>\n<meta name=\"robots\" content=\"index, follow, max-snippet:-1, max-image-preview:large, max-video-preview:-1\" \/>\n<link rel=\"canonical\" href=\"https:\/\/guineediversite.com\/index.php\/2020\/05\/08\/apres-le-covid-19-vers-un-nouveau-monde\/\" \/>\n<meta property=\"og:locale\" content=\"fr_FR\" \/>\n<meta property=\"og:type\" content=\"article\" \/>\n<meta property=\"og:title\" content=\"Apr\u00e8s le Covid-19, vers un nouveau monde? | Guin\u00e9e Diversit\u00e9\" \/>\n<meta property=\"og:description\" content=\"Jusqu\u2019au dimanche 10&nbsp;mai,RFI se mobilise de fa\u00e7on in\u00e9dite pour tenter de comprendre ce que la pand\u00e9mie de coronavirus va changer sur la plan\u00e8te dans nos \u00e9changes, nos rapports sociaux, nos syst\u00e8mes sanitaires ou encore&nbsp;nos fa\u00e7ons de penser le monde. Des invit\u00e9s prestigieux vont se succ\u00e9der pour commenter ces enjeux majeurs. Depuis quatre mois et la [&hellip;]\" \/>\n<meta property=\"og:url\" content=\"https:\/\/guineediversite.com\/index.php\/2020\/05\/08\/apres-le-covid-19-vers-un-nouveau-monde\/\" \/>\n<meta property=\"og:site_name\" content=\"Guin\u00e9e Diversit\u00e9\" \/>\n<meta property=\"article:publisher\" content=\"https:\/\/www.facebook.com\/guineediversite\/\" \/>\n<meta property=\"article:published_time\" content=\"2020-05-08T14:17:34+00:00\" \/>\n<meta property=\"article:modified_time\" content=\"2020-05-08T14:17:37+00:00\" \/>\n<meta property=\"og:image\" content=\"https:\/\/guineediversite.com\/wp-content\/uploads\/2020\/05\/MONDE.jpg\" \/>\n\t<meta property=\"og:image:width\" content=\"1500\" \/>\n\t<meta property=\"og:image:height\" content=\"843\" \/>\n\t<meta property=\"og:image:type\" content=\"image\/jpeg\" \/>\n<meta name=\"author\" content=\"Guin\u00e9e Diversit\u00e9\" \/>\n<meta name=\"twitter:card\" content=\"summary_large_image\" \/>\n<meta name=\"twitter:creator\" content=\"@GuineeDiversite\" \/>\n<meta name=\"twitter:site\" content=\"@GuineeDiversite\" \/>\n<meta name=\"twitter:label1\" content=\"\u00c9crit par\" \/>\n\t<meta name=\"twitter:data1\" content=\"Guin\u00e9e Diversit\u00e9\" \/>\n\t<meta name=\"twitter:label2\" content=\"Dur\u00e9e de lecture estim\u00e9e\" \/>\n\t<meta name=\"twitter:data2\" content=\"3 minutes\" \/>\n<script type=\"application\/ld+json\" class=\"yoast-schema-graph\">{\"@context\":\"https:\/\/schema.org\",\"@graph\":[{\"@type\":\"Article\",\"@id\":\"https:\/\/guineediversite.com\/index.php\/2020\/05\/08\/apres-le-covid-19-vers-un-nouveau-monde\/#article\",\"isPartOf\":{\"@id\":\"https:\/\/guineediversite.com\/index.php\/2020\/05\/08\/apres-le-covid-19-vers-un-nouveau-monde\/\"},\"author\":{\"name\":\"Guin\u00e9e Diversit\u00e9\",\"@id\":\"https:\/\/guineediversite.com\/#\/schema\/person\/afa08fb34e7fc6e1feafc892612bc836\"},\"headline\":\"Apr\u00e8s le Covid-19, vers un nouveau monde?\",\"datePublished\":\"2020-05-08T14:17:34+00:00\",\"dateModified\":\"2020-05-08T14:17:37+00:00\",\"mainEntityOfPage\":{\"@id\":\"https:\/\/guineediversite.com\/index.php\/2020\/05\/08\/apres-le-covid-19-vers-un-nouveau-monde\/\"},\"wordCount\":600,\"publisher\":{\"@id\":\"https:\/\/guineediversite.com\/#organization\"},\"image\":{\"@id\":\"https:\/\/guineediversite.com\/index.php\/2020\/05\/08\/apres-le-covid-19-vers-un-nouveau-monde\/#primaryimage\"},\"thumbnailUrl\":\"https:\/\/guineediversite.com\/wp-content\/uploads\/2020\/05\/MONDE.jpg\",\"articleSection\":[\"International\"],\"inLanguage\":\"fr-FR\"},{\"@type\":\"WebPage\",\"@id\":\"https:\/\/guineediversite.com\/index.php\/2020\/05\/08\/apres-le-covid-19-vers-un-nouveau-monde\/\",\"url\":\"https:\/\/guineediversite.com\/index.php\/2020\/05\/08\/apres-le-covid-19-vers-un-nouveau-monde\/\",\"name\":\"Apr\u00e8s le Covid-19, vers un nouveau monde? | Guin\u00e9e Diversit\u00e9\",\"isPartOf\":{\"@id\":\"https:\/\/guineediversite.com\/#website\"},\"primaryImageOfPage\":{\"@id\":\"https:\/\/guineediversite.com\/index.php\/2020\/05\/08\/apres-le-covid-19-vers-un-nouveau-monde\/#primaryimage\"},\"image\":{\"@id\":\"https:\/\/guineediversite.com\/index.php\/2020\/05\/08\/apres-le-covid-19-vers-un-nouveau-monde\/#primaryimage\"},\"thumbnailUrl\":\"https:\/\/guineediversite.com\/wp-content\/uploads\/2020\/05\/MONDE.jpg\",\"datePublished\":\"2020-05-08T14:17:34+00:00\",\"dateModified\":\"2020-05-08T14:17:37+00:00\",\"breadcrumb\":{\"@id\":\"https:\/\/guineediversite.com\/index.php\/2020\/05\/08\/apres-le-covid-19-vers-un-nouveau-monde\/#breadcrumb\"},\"inLanguage\":\"fr-FR\",\"potentialAction\":[{\"@type\":\"ReadAction\",\"target\":[\"https:\/\/guineediversite.com\/index.php\/2020\/05\/08\/apres-le-covid-19-vers-un-nouveau-monde\/\"]}]},{\"@type\":\"ImageObject\",\"inLanguage\":\"fr-FR\",\"@id\":\"https:\/\/guineediversite.com\/index.php\/2020\/05\/08\/apres-le-covid-19-vers-un-nouveau-monde\/#primaryimage\",\"url\":\"https:\/\/guineediversite.com\/wp-content\/uploads\/2020\/05\/MONDE.jpg\",\"contentUrl\":\"https:\/\/guineediversite.com\/wp-content\/uploads\/2020\/05\/MONDE.jpg\",\"width\":1500,\"height\":843},{\"@type\":\"BreadcrumbList\",\"@id\":\"https:\/\/guineediversite.com\/index.php\/2020\/05\/08\/apres-le-covid-19-vers-un-nouveau-monde\/#breadcrumb\",\"itemListElement\":[{\"@type\":\"ListItem\",\"position\":1,\"name\":\"Accueil\",\"item\":\"https:\/\/guineediversite.com\/\"},{\"@type\":\"ListItem\",\"position\":2,\"name\":\"Apr\u00e8s le Covid-19, vers un nouveau monde?\"}]},{\"@type\":\"WebSite\",\"@id\":\"https:\/\/guineediversite.com\/#website\",\"url\":\"https:\/\/guineediversite.com\/\",\"name\":\"Guin\u00e9e Diversit\u00e9\",\"description\":\"L&#039;Info dans toute sa diversit\u00e9\",\"publisher\":{\"@id\":\"https:\/\/guineediversite.com\/#organization\"},\"potentialAction\":[{\"@type\":\"SearchAction\",\"target\":{\"@type\":\"EntryPoint\",\"urlTemplate\":\"https:\/\/guineediversite.com\/?s={search_term_string}\"},\"query-input\":{\"@type\":\"PropertyValueSpecification\",\"valueRequired\":true,\"valueName\":\"search_term_string\"}}],\"inLanguage\":\"fr-FR\"},{\"@type\":\"Organization\",\"@id\":\"https:\/\/guineediversite.com\/#organization\",\"name\":\"Guin\u00e9e Diversit\u00e9\",\"url\":\"https:\/\/guineediversite.com\/\",\"logo\":{\"@type\":\"ImageObject\",\"inLanguage\":\"fr-FR\",\"@id\":\"https:\/\/guineediversite.com\/#\/schema\/logo\/image\/\",\"url\":\"https:\/\/guineediversite.com\/wp-content\/uploads\/2017\/04\/cropped-1jojlxEOMkX9Wyqfhe43D6kjPOGqBBKmx3EwWJqZ0cMrFF54yM49.png\",\"contentUrl\":\"https:\/\/guineediversite.com\/wp-content\/uploads\/2017\/04\/cropped-1jojlxEOMkX9Wyqfhe43D6kjPOGqBBKmx3EwWJqZ0cMrFF54yM49.png\",\"width\":186,\"height\":112,\"caption\":\"Guin\u00e9e Diversit\u00e9\"},\"image\":{\"@id\":\"https:\/\/guineediversite.com\/#\/schema\/logo\/image\/\"},\"sameAs\":[\"https:\/\/www.facebook.com\/guineediversite\/\",\"https:\/\/x.com\/GuineeDiversite\",\"https:\/\/www.youtube.com\/channel\/UC8sUY16qelG5ge6_D5SB83g\"]},{\"@type\":\"Person\",\"@id\":\"https:\/\/guineediversite.com\/#\/schema\/person\/afa08fb34e7fc6e1feafc892612bc836\",\"name\":\"Guin\u00e9e Diversit\u00e9\",\"image\":{\"@type\":\"ImageObject\",\"inLanguage\":\"fr-FR\",\"@id\":\"https:\/\/guineediversite.com\/#\/schema\/person\/image\/\",\"url\":\"https:\/\/secure.gravatar.com\/avatar\/50d5eb5b390f8b65ac30ac6f898eb83a?s=96&d=mm&r=g\",\"contentUrl\":\"https:\/\/secure.gravatar.com\/avatar\/50d5eb5b390f8b65ac30ac6f898eb83a?s=96&d=mm&r=g\",\"caption\":\"Guin\u00e9e Diversit\u00e9\"},\"url\":\"https:\/\/guineediversite.com\/index.php\/author\/guineediversite\/\"}]}<\/script>\n<!-- \/ Yoast SEO plugin. -->","yoast_head_json":{"title":"Apr\u00e8s le Covid-19, vers un nouveau monde? | Guin\u00e9e Diversit\u00e9","robots":{"index":"index","follow":"follow","max-snippet":"max-snippet:-1","max-image-preview":"max-image-preview:large","max-video-preview":"max-video-preview:-1"},"canonical":"https:\/\/guineediversite.com\/index.php\/2020\/05\/08\/apres-le-covid-19-vers-un-nouveau-monde\/","og_locale":"fr_FR","og_type":"article","og_title":"Apr\u00e8s le Covid-19, vers un nouveau monde? | Guin\u00e9e Diversit\u00e9","og_description":"Jusqu\u2019au dimanche 10&nbsp;mai,RFI se mobilise de fa\u00e7on in\u00e9dite pour tenter de comprendre ce que la pand\u00e9mie de coronavirus va changer sur la plan\u00e8te dans nos \u00e9changes, nos rapports sociaux, nos syst\u00e8mes sanitaires ou encore&nbsp;nos fa\u00e7ons de penser le monde. Des invit\u00e9s prestigieux vont se succ\u00e9der pour commenter ces enjeux majeurs. Depuis quatre mois et la [&hellip;]","og_url":"https:\/\/guineediversite.com\/index.php\/2020\/05\/08\/apres-le-covid-19-vers-un-nouveau-monde\/","og_site_name":"Guin\u00e9e Diversit\u00e9","article_publisher":"https:\/\/www.facebook.com\/guineediversite\/","article_published_time":"2020-05-08T14:17:34+00:00","article_modified_time":"2020-05-08T14:17:37+00:00","og_image":[{"width":1500,"height":843,"url":"https:\/\/guineediversite.com\/wp-content\/uploads\/2020\/05\/MONDE.jpg","type":"image\/jpeg"}],"author":"Guin\u00e9e Diversit\u00e9","twitter_card":"summary_large_image","twitter_creator":"@GuineeDiversite","twitter_site":"@GuineeDiversite","twitter_misc":{"\u00c9crit par":"Guin\u00e9e Diversit\u00e9","Dur\u00e9e de lecture estim\u00e9e":"3 minutes"},"schema":{"@context":"https:\/\/schema.org","@graph":[{"@type":"Article","@id":"https:\/\/guineediversite.com\/index.php\/2020\/05\/08\/apres-le-covid-19-vers-un-nouveau-monde\/#article","isPartOf":{"@id":"https:\/\/guineediversite.com\/index.php\/2020\/05\/08\/apres-le-covid-19-vers-un-nouveau-monde\/"},"author":{"name":"Guin\u00e9e Diversit\u00e9","@id":"https:\/\/guineediversite.com\/#\/schema\/person\/afa08fb34e7fc6e1feafc892612bc836"},"headline":"Apr\u00e8s le Covid-19, vers un nouveau monde?","datePublished":"2020-05-08T14:17:34+00:00","dateModified":"2020-05-08T14:17:37+00:00","mainEntityOfPage":{"@id":"https:\/\/guineediversite.com\/index.php\/2020\/05\/08\/apres-le-covid-19-vers-un-nouveau-monde\/"},"wordCount":600,"publisher":{"@id":"https:\/\/guineediversite.com\/#organization"},"image":{"@id":"https:\/\/guineediversite.com\/index.php\/2020\/05\/08\/apres-le-covid-19-vers-un-nouveau-monde\/#primaryimage"},"thumbnailUrl":"https:\/\/guineediversite.com\/wp-content\/uploads\/2020\/05\/MONDE.jpg","articleSection":["International"],"inLanguage":"fr-FR"},{"@type":"WebPage","@id":"https:\/\/guineediversite.com\/index.php\/2020\/05\/08\/apres-le-covid-19-vers-un-nouveau-monde\/","url":"https:\/\/guineediversite.com\/index.php\/2020\/05\/08\/apres-le-covid-19-vers-un-nouveau-monde\/","name":"Apr\u00e8s le Covid-19, vers un nouveau monde? | Guin\u00e9e Diversit\u00e9","isPartOf":{"@id":"https:\/\/guineediversite.com\/#website"},"primaryImageOfPage":{"@id":"https:\/\/guineediversite.com\/index.php\/2020\/05\/08\/apres-le-covid-19-vers-un-nouveau-monde\/#primaryimage"},"image":{"@id":"https:\/\/guineediversite.com\/index.php\/2020\/05\/08\/apres-le-covid-19-vers-un-nouveau-monde\/#primaryimage"},"thumbnailUrl":"https:\/\/guineediversite.com\/wp-content\/uploads\/2020\/05\/MONDE.jpg","datePublished":"2020-05-08T14:17:34+00:00","dateModified":"2020-05-08T14:17:37+00:00","breadcrumb":{"@id":"https:\/\/guineediversite.com\/index.php\/2020\/05\/08\/apres-le-covid-19-vers-un-nouveau-monde\/#breadcrumb"},"inLanguage":"fr-FR","potentialAction":[{"@type":"ReadAction","target":["https:\/\/guineediversite.com\/index.php\/2020\/05\/08\/apres-le-covid-19-vers-un-nouveau-monde\/"]}]},{"@type":"ImageObject","inLanguage":"fr-FR","@id":"https:\/\/guineediversite.com\/index.php\/2020\/05\/08\/apres-le-covid-19-vers-un-nouveau-monde\/#primaryimage","url":"https:\/\/guineediversite.com\/wp-content\/uploads\/2020\/05\/MONDE.jpg","contentUrl":"https:\/\/guineediversite.com\/wp-content\/uploads\/2020\/05\/MONDE.jpg","width":1500,"height":843},{"@type":"BreadcrumbList","@id":"https:\/\/guineediversite.com\/index.php\/2020\/05\/08\/apres-le-covid-19-vers-un-nouveau-monde\/#breadcrumb","itemListElement":[{"@type":"ListItem","position":1,"name":"Accueil","item":"https:\/\/guineediversite.com\/"},{"@type":"ListItem","position":2,"name":"Apr\u00e8s le Covid-19, vers un nouveau monde?"}]},{"@type":"WebSite","@id":"https:\/\/guineediversite.com\/#website","url":"https:\/\/guineediversite.com\/","name":"Guin\u00e9e Diversit\u00e9","description":"L&#039;Info dans toute sa diversit\u00e9","publisher":{"@id":"https:\/\/guineediversite.com\/#organization"},"potentialAction":[{"@type":"SearchAction","target":{"@type":"EntryPoint","urlTemplate":"https:\/\/guineediversite.com\/?s={search_term_string}"},"query-input":{"@type":"PropertyValueSpecification","valueRequired":true,"valueName":"search_term_string"}}],"inLanguage":"fr-FR"},{"@type":"Organization","@id":"https:\/\/guineediversite.com\/#organization","name":"Guin\u00e9e Diversit\u00e9","url":"https:\/\/guineediversite.com\/","logo":{"@type":"ImageObject","inLanguage":"fr-FR","@id":"https:\/\/guineediversite.com\/#\/schema\/logo\/image\/","url":"https:\/\/guineediversite.com\/wp-content\/uploads\/2017\/04\/cropped-1jojlxEOMkX9Wyqfhe43D6kjPOGqBBKmx3EwWJqZ0cMrFF54yM49.png","contentUrl":"https:\/\/guineediversite.com\/wp-content\/uploads\/2017\/04\/cropped-1jojlxEOMkX9Wyqfhe43D6kjPOGqBBKmx3EwWJqZ0cMrFF54yM49.png","width":186,"height":112,"caption":"Guin\u00e9e Diversit\u00e9"},"image":{"@id":"https:\/\/guineediversite.com\/#\/schema\/logo\/image\/"},"sameAs":["https:\/\/www.facebook.com\/guineediversite\/","https:\/\/x.com\/GuineeDiversite","https:\/\/www.youtube.com\/channel\/UC8sUY16qelG5ge6_D5SB83g"]},{"@type":"Person","@id":"https:\/\/guineediversite.com\/#\/schema\/person\/afa08fb34e7fc6e1feafc892612bc836","name":"Guin\u00e9e Diversit\u00e9","image":{"@type":"ImageObject","inLanguage":"fr-FR","@id":"https:\/\/guineediversite.com\/#\/schema\/person\/image\/","url":"https:\/\/secure.gravatar.com\/avatar\/50d5eb5b390f8b65ac30ac6f898eb83a?s=96&d=mm&r=g","contentUrl":"https:\/\/secure.gravatar.com\/avatar\/50d5eb5b390f8b65ac30ac6f898eb83a?s=96&d=mm&r=g","caption":"Guin\u00e9e Diversit\u00e9"},"url":"https:\/\/guineediversite.com\/index.php\/author\/guineediversite\/"}]}},"_links":{"self":[{"href":"https:\/\/guineediversite.com\/index.php\/wp-json\/wp\/v2\/posts\/29078"}],"collection":[{"href":"https:\/\/guineediversite.com\/index.php\/wp-json\/wp\/v2\/posts"}],"about":[{"href":"https:\/\/guineediversite.com\/index.php\/wp-json\/wp\/v2\/types\/post"}],"author":[{"embeddable":true,"href":"https:\/\/guineediversite.com\/index.php\/wp-json\/wp\/v2\/users\/12"}],"replies":[{"embeddable":true,"href":"https:\/\/guineediversite.com\/index.php\/wp-json\/wp\/v2\/comments?post=29078"}],"version-history":[{"count":1,"href":"https:\/\/guineediversite.com\/index.php\/wp-json\/wp\/v2\/posts\/29078\/revisions"}],"predecessor-version":[{"id":29080,"href":"https:\/\/guineediversite.com\/index.php\/wp-json\/wp\/v2\/posts\/29078\/revisions\/29080"}],"wp:featuredmedia":[{"embeddable":true,"href":"https:\/\/guineediversite.com\/index.php\/wp-json\/wp\/v2\/media\/29079"}],"wp:attachment":[{"href":"https:\/\/guineediversite.com\/index.php\/wp-json\/wp\/v2\/media?parent=29078"}],"wp:term":[{"taxonomy":"category","embeddable":true,"href":"https:\/\/guineediversite.com\/index.php\/wp-json\/wp\/v2\/categories?post=29078"},{"taxonomy":"post_tag","embeddable":true,"href":"https:\/\/guineediversite.com\/index.php\/wp-json\/wp\/v2\/tags?post=29078"}],"curies":[{"name":"wp","href":"https:\/\/api.w.org\/{rel}","templated":true}]}}