{"id":29070,"date":"2020-05-07T23:55:08","date_gmt":"2020-05-07T21:55:08","guid":{"rendered":"https:\/\/guineediversite.com\/?p=29070"},"modified":"2020-05-07T23:55:11","modified_gmt":"2020-05-07T21:55:11","slug":"covid-19-abdoul-hamid-diallo-donne-son-avis-sur-la-crise","status":"publish","type":"post","link":"https:\/\/guineediversite.com\/index.php\/2020\/05\/07\/covid-19-abdoul-hamid-diallo-donne-son-avis-sur-la-crise\/","title":{"rendered":"COVID-19 : Abdoul Hamid Diallo donne son avis sur la crise"},"content":{"rendered":"\n<p>Toutes ces solutions technologiques qui fleurissent un peu partout pour lutter contre le #COVID19 c&rsquo;est bien, c&rsquo;est m\u00eame TR\u00c8S bien.&nbsp;<\/p>\n\n\n\n<p>Cependant, j&rsquo;aimerai qu&rsquo;on pousse la r\u00e9flexion un peu plus loin , notamment sur la p\u00e9riode post-crise. OUI, parce que d&rsquo;une fa\u00e7on ou d&rsquo;une autre la vie reprendra son petit bonhomme de&nbsp; &nbsp;chemin.&nbsp;<\/p>\n\n\n\n<p>Peut-\u00eatre les scientifiques et concepteurs de solutions dans les neurosciences et nanotechnologie pourraient \u00eatre mis \u00e0 contribution pour mettre sur pied des programmes ou logiciels directement t\u00e9l\u00e9chargeables dans le syst\u00e8me nerveux des \u00eatres humains ou des micro-implants dans les corps ( ou peu importe la forme ) qui alertent, localisent, identifient et \u00e9liminent des corps nuisibles \u00e0 la sant\u00e9, tels que les Virus.&nbsp;<\/p>\n\n\n\n<p>&nbsp;Envisager une autre forme \u00ab\u00a0d&rsquo;humains augment\u00e9s\u00a0\u00bb , ou on se mettrait r\u00e9guli\u00e8rement \u00ab\u00a0\u00e0 jour\u00a0\u00bb. Oublier pour une fois les gu\u00e9guerres et conflits d&rsquo;int\u00e9r\u00eats autour de l&rsquo;industrie pharmaceutique.&nbsp;<\/p>\n\n\n\n<p>Cette crise m&rsquo;a r\u00e9v\u00e9l\u00e9 deux choses :&nbsp;<\/p>\n\n\n\n<p>1- Le mod\u00e8le \u00e9conomique mondial qui repose sur le salariat et l&rsquo;auto-emploi n&rsquo;assure aucunement une survie \u00e9conomique durable aux individus ( au bout de trois semaines sans activit\u00e9s toutes les \u00e9conomies d\u00e9gringolent et s&rsquo;envolent ), CELA porte au grand jour la faille sur les plans de carri\u00e8res, incertains et fragiles&nbsp; des uns et des autres. \u00c0 mon avis cette question m\u00e9rite un nouveau regard.<\/p>\n\n\n\n<p>2- La cr\u00e9ativit\u00e9 et le bon sens sont au service du mal. Toutes les \u00e9nergies et moyens sont orient\u00e9s sur la fabrication d&rsquo;armes \u00e0 destruction massive. Il est temps de revoir les priorit\u00e9s de ce monde<\/p>\n","protected":false},"excerpt":{"rendered":"<p>Toutes ces solutions technologiques qui fleurissent un peu partout pour lutter contre le #COVID19 c&rsquo;est bien, c&rsquo;est m\u00eame TR\u00c8S bien.&nbsp; Cependant, j&rsquo;aimerai qu&rsquo;on pousse la r\u00e9flexion un peu plus loin , notamment sur la p\u00e9riode post-crise. OUI, parce que d&rsquo;une fa\u00e7on ou d&rsquo;une autre la vie reprendra son petit bonhomme de&nbsp; &nbsp;chemin.&nbsp; Peut-\u00eatre les scientifiques [&hellip;]<\/p>\n","protected":false},"author":12,"featured_media":29072,"comment_status":"closed","ping_status":"closed","sticky":false,"template":"","format":"standard","meta":{"_exactmetrics_skip_tracking":false,"_exactmetrics_sitenote_active":false,"_exactmetrics_sitenote_note":"","_exactmetrics_sitenote_category":0,"tdm_status":"","tdm_grid_status":"","footnotes":""},"categories":[254,16],"tags":[],"class_list":{"0":"post-29070","1":"post","2":"type-post","3":"status-publish","4":"format-standard","5":"has-post-thumbnail","7":"category-derniere-minute","8":"category-societe"},"yoast_head":"<!-- This site is optimized with the Yoast SEO plugin v24.2 - https:\/\/yoast.com\/wordpress\/plugins\/seo\/ -->\n<title>COVID-19 : Abdoul Hamid Diallo donne son avis sur la crise | Guin\u00e9e Diversit\u00e9<\/title>\n<meta name=\"robots\" content=\"index, follow, max-snippet:-1, max-image-preview:large, max-video-preview:-1\" \/>\n<link rel=\"canonical\" href=\"https:\/\/guineediversite.com\/index.php\/2020\/05\/07\/covid-19-abdoul-hamid-diallo-donne-son-avis-sur-la-crise\/\" \/>\n<meta property=\"og:locale\" content=\"fr_FR\" \/>\n<meta property=\"og:type\" content=\"article\" \/>\n<meta property=\"og:title\" content=\"COVID-19 : Abdoul Hamid Diallo donne son avis sur la crise | Guin\u00e9e Diversit\u00e9\" \/>\n<meta property=\"og:description\" content=\"Toutes ces solutions technologiques qui fleurissent un peu partout pour lutter contre le #COVID19 c&rsquo;est bien, c&rsquo;est m\u00eame TR\u00c8S bien.&nbsp; Cependant, j&rsquo;aimerai qu&rsquo;on pousse la r\u00e9flexion un peu plus loin , notamment sur la p\u00e9riode post-crise. OUI, parce que d&rsquo;une fa\u00e7on ou d&rsquo;une autre la vie reprendra son petit bonhomme de&nbsp; &nbsp;chemin.&nbsp; Peut-\u00eatre les scientifiques [&hellip;]\" \/>\n<meta property=\"og:url\" content=\"https:\/\/guineediversite.com\/index.php\/2020\/05\/07\/covid-19-abdoul-hamid-diallo-donne-son-avis-sur-la-crise\/\" \/>\n<meta property=\"og:site_name\" content=\"Guin\u00e9e Diversit\u00e9\" \/>\n<meta property=\"article:publisher\" content=\"https:\/\/www.facebook.com\/guineediversite\/\" \/>\n<meta property=\"article:published_time\" content=\"2020-05-07T21:55:08+00:00\" \/>\n<meta property=\"article:modified_time\" content=\"2020-05-07T21:55:11+00:00\" \/>\n<meta property=\"og:image\" content=\"https:\/\/guineediversite.com\/wp-content\/uploads\/2020\/05\/hamid-1.jpg\" \/>\n\t<meta property=\"og:image:width\" content=\"1500\" \/>\n\t<meta property=\"og:image:height\" content=\"1500\" \/>\n\t<meta property=\"og:image:type\" content=\"image\/jpeg\" \/>\n<meta name=\"author\" content=\"Guin\u00e9e Diversit\u00e9\" \/>\n<meta name=\"twitter:card\" content=\"summary_large_image\" \/>\n<meta name=\"twitter:creator\" content=\"@GuineeDiversite\" \/>\n<meta name=\"twitter:site\" content=\"@GuineeDiversite\" \/>\n<meta name=\"twitter:label1\" content=\"\u00c9crit par\" \/>\n\t<meta name=\"twitter:data1\" content=\"Guin\u00e9e Diversit\u00e9\" \/>\n\t<meta name=\"twitter:label2\" content=\"Dur\u00e9e de lecture estim\u00e9e\" \/>\n\t<meta name=\"twitter:data2\" content=\"1 minute\" \/>\n<script type=\"application\/ld+json\" class=\"yoast-schema-graph\">{\"@context\":\"https:\/\/schema.org\",\"@graph\":[{\"@type\":\"Article\",\"@id\":\"https:\/\/guineediversite.com\/index.php\/2020\/05\/07\/covid-19-abdoul-hamid-diallo-donne-son-avis-sur-la-crise\/#article\",\"isPartOf\":{\"@id\":\"https:\/\/guineediversite.com\/index.php\/2020\/05\/07\/covid-19-abdoul-hamid-diallo-donne-son-avis-sur-la-crise\/\"},\"author\":{\"name\":\"Guin\u00e9e Diversit\u00e9\",\"@id\":\"https:\/\/guineediversite.com\/#\/schema\/person\/afa08fb34e7fc6e1feafc892612bc836\"},\"headline\":\"COVID-19 : Abdoul Hamid Diallo donne son avis sur la crise\",\"datePublished\":\"2020-05-07T21:55:08+00:00\",\"dateModified\":\"2020-05-07T21:55:11+00:00\",\"mainEntityOfPage\":{\"@id\":\"https:\/\/guineediversite.com\/index.php\/2020\/05\/07\/covid-19-abdoul-hamid-diallo-donne-son-avis-sur-la-crise\/\"},\"wordCount\":295,\"publisher\":{\"@id\":\"https:\/\/guineediversite.com\/#organization\"},\"image\":{\"@id\":\"https:\/\/guineediversite.com\/index.php\/2020\/05\/07\/covid-19-abdoul-hamid-diallo-donne-son-avis-sur-la-crise\/#primaryimage\"},\"thumbnailUrl\":\"https:\/\/guineediversite.com\/wp-content\/uploads\/2020\/05\/hamid-1.jpg\",\"articleSection\":[\"Derni\u00e8re minute\",\"Soci\u00e9t\u00e9\"],\"inLanguage\":\"fr-FR\"},{\"@type\":\"WebPage\",\"@id\":\"https:\/\/guineediversite.com\/index.php\/2020\/05\/07\/covid-19-abdoul-hamid-diallo-donne-son-avis-sur-la-crise\/\",\"url\":\"https:\/\/guineediversite.com\/index.php\/2020\/05\/07\/covid-19-abdoul-hamid-diallo-donne-son-avis-sur-la-crise\/\",\"name\":\"COVID-19 : Abdoul Hamid Diallo donne son avis sur la crise | Guin\u00e9e Diversit\u00e9\",\"isPartOf\":{\"@id\":\"https:\/\/guineediversite.com\/#website\"},\"primaryImageOfPage\":{\"@id\":\"https:\/\/guineediversite.com\/index.php\/2020\/05\/07\/covid-19-abdoul-hamid-diallo-donne-son-avis-sur-la-crise\/#primaryimage\"},\"image\":{\"@id\":\"https:\/\/guineediversite.com\/index.php\/2020\/05\/07\/covid-19-abdoul-hamid-diallo-donne-son-avis-sur-la-crise\/#primaryimage\"},\"thumbnailUrl\":\"https:\/\/guineediversite.com\/wp-content\/uploads\/2020\/05\/hamid-1.jpg\",\"datePublished\":\"2020-05-07T21:55:08+00:00\",\"dateModified\":\"2020-05-07T21:55:11+00:00\",\"breadcrumb\":{\"@id\":\"https:\/\/guineediversite.com\/index.php\/2020\/05\/07\/covid-19-abdoul-hamid-diallo-donne-son-avis-sur-la-crise\/#breadcrumb\"},\"inLanguage\":\"fr-FR\",\"potentialAction\":[{\"@type\":\"ReadAction\",\"target\":[\"https:\/\/guineediversite.com\/index.php\/2020\/05\/07\/covid-19-abdoul-hamid-diallo-donne-son-avis-sur-la-crise\/\"]}]},{\"@type\":\"ImageObject\",\"inLanguage\":\"fr-FR\",\"@id\":\"https:\/\/guineediversite.com\/index.php\/2020\/05\/07\/covid-19-abdoul-hamid-diallo-donne-son-avis-sur-la-crise\/#primaryimage\",\"url\":\"https:\/\/guineediversite.com\/wp-content\/uploads\/2020\/05\/hamid-1.jpg\",\"contentUrl\":\"https:\/\/guineediversite.com\/wp-content\/uploads\/2020\/05\/hamid-1.jpg\",\"width\":1500,\"height\":1500},{\"@type\":\"BreadcrumbList\",\"@id\":\"https:\/\/guineediversite.com\/index.php\/2020\/05\/07\/covid-19-abdoul-hamid-diallo-donne-son-avis-sur-la-crise\/#breadcrumb\",\"itemListElement\":[{\"@type\":\"ListItem\",\"position\":1,\"name\":\"Accueil\",\"item\":\"https:\/\/guineediversite.com\/\"},{\"@type\":\"ListItem\",\"position\":2,\"name\":\"COVID-19 : Abdoul Hamid Diallo donne son avis sur la crise\"}]},{\"@type\":\"WebSite\",\"@id\":\"https:\/\/guineediversite.com\/#website\",\"url\":\"https:\/\/guineediversite.com\/\",\"name\":\"Guin\u00e9e Diversit\u00e9\",\"description\":\"L&#039;Info dans toute sa diversit\u00e9\",\"publisher\":{\"@id\":\"https:\/\/guineediversite.com\/#organization\"},\"potentialAction\":[{\"@type\":\"SearchAction\",\"target\":{\"@type\":\"EntryPoint\",\"urlTemplate\":\"https:\/\/guineediversite.com\/?s={search_term_string}\"},\"query-input\":{\"@type\":\"PropertyValueSpecification\",\"valueRequired\":true,\"valueName\":\"search_term_string\"}}],\"inLanguage\":\"fr-FR\"},{\"@type\":\"Organization\",\"@id\":\"https:\/\/guineediversite.com\/#organization\",\"name\":\"Guin\u00e9e Diversit\u00e9\",\"url\":\"https:\/\/guineediversite.com\/\",\"logo\":{\"@type\":\"ImageObject\",\"inLanguage\":\"fr-FR\",\"@id\":\"https:\/\/guineediversite.com\/#\/schema\/logo\/image\/\",\"url\":\"https:\/\/guineediversite.com\/wp-content\/uploads\/2017\/04\/cropped-1jojlxEOMkX9Wyqfhe43D6kjPOGqBBKmx3EwWJqZ0cMrFF54yM49.png\",\"contentUrl\":\"https:\/\/guineediversite.com\/wp-content\/uploads\/2017\/04\/cropped-1jojlxEOMkX9Wyqfhe43D6kjPOGqBBKmx3EwWJqZ0cMrFF54yM49.png\",\"width\":186,\"height\":112,\"caption\":\"Guin\u00e9e Diversit\u00e9\"},\"image\":{\"@id\":\"https:\/\/guineediversite.com\/#\/schema\/logo\/image\/\"},\"sameAs\":[\"https:\/\/www.facebook.com\/guineediversite\/\",\"https:\/\/x.com\/GuineeDiversite\",\"https:\/\/www.youtube.com\/channel\/UC8sUY16qelG5ge6_D5SB83g\"]},{\"@type\":\"Person\",\"@id\":\"https:\/\/guineediversite.com\/#\/schema\/person\/afa08fb34e7fc6e1feafc892612bc836\",\"name\":\"Guin\u00e9e Diversit\u00e9\",\"image\":{\"@type\":\"ImageObject\",\"inLanguage\":\"fr-FR\",\"@id\":\"https:\/\/guineediversite.com\/#\/schema\/person\/image\/\",\"url\":\"https:\/\/secure.gravatar.com\/avatar\/50d5eb5b390f8b65ac30ac6f898eb83a?s=96&d=mm&r=g\",\"contentUrl\":\"https:\/\/secure.gravatar.com\/avatar\/50d5eb5b390f8b65ac30ac6f898eb83a?s=96&d=mm&r=g\",\"caption\":\"Guin\u00e9e Diversit\u00e9\"},\"url\":\"https:\/\/guineediversite.com\/index.php\/author\/guineediversite\/\"}]}<\/script>\n<!-- \/ Yoast SEO plugin. -->","yoast_head_json":{"title":"COVID-19 : Abdoul Hamid Diallo donne son avis sur la crise | Guin\u00e9e Diversit\u00e9","robots":{"index":"index","follow":"follow","max-snippet":"max-snippet:-1","max-image-preview":"max-image-preview:large","max-video-preview":"max-video-preview:-1"},"canonical":"https:\/\/guineediversite.com\/index.php\/2020\/05\/07\/covid-19-abdoul-hamid-diallo-donne-son-avis-sur-la-crise\/","og_locale":"fr_FR","og_type":"article","og_title":"COVID-19 : Abdoul Hamid Diallo donne son avis sur la crise | Guin\u00e9e Diversit\u00e9","og_description":"Toutes ces solutions technologiques qui fleurissent un peu partout pour lutter contre le #COVID19 c&rsquo;est bien, c&rsquo;est m\u00eame TR\u00c8S bien.&nbsp; Cependant, j&rsquo;aimerai qu&rsquo;on pousse la r\u00e9flexion un peu plus loin , notamment sur la p\u00e9riode post-crise. OUI, parce que d&rsquo;une fa\u00e7on ou d&rsquo;une autre la vie reprendra son petit bonhomme de&nbsp; &nbsp;chemin.&nbsp; Peut-\u00eatre les scientifiques [&hellip;]","og_url":"https:\/\/guineediversite.com\/index.php\/2020\/05\/07\/covid-19-abdoul-hamid-diallo-donne-son-avis-sur-la-crise\/","og_site_name":"Guin\u00e9e Diversit\u00e9","article_publisher":"https:\/\/www.facebook.com\/guineediversite\/","article_published_time":"2020-05-07T21:55:08+00:00","article_modified_time":"2020-05-07T21:55:11+00:00","og_image":[{"width":1500,"height":1500,"url":"https:\/\/guineediversite.com\/wp-content\/uploads\/2020\/05\/hamid-1.jpg","type":"image\/jpeg"}],"author":"Guin\u00e9e Diversit\u00e9","twitter_card":"summary_large_image","twitter_creator":"@GuineeDiversite","twitter_site":"@GuineeDiversite","twitter_misc":{"\u00c9crit par":"Guin\u00e9e Diversit\u00e9","Dur\u00e9e de lecture estim\u00e9e":"1 minute"},"schema":{"@context":"https:\/\/schema.org","@graph":[{"@type":"Article","@id":"https:\/\/guineediversite.com\/index.php\/2020\/05\/07\/covid-19-abdoul-hamid-diallo-donne-son-avis-sur-la-crise\/#article","isPartOf":{"@id":"https:\/\/guineediversite.com\/index.php\/2020\/05\/07\/covid-19-abdoul-hamid-diallo-donne-son-avis-sur-la-crise\/"},"author":{"name":"Guin\u00e9e Diversit\u00e9","@id":"https:\/\/guineediversite.com\/#\/schema\/person\/afa08fb34e7fc6e1feafc892612bc836"},"headline":"COVID-19 : Abdoul Hamid Diallo donne son avis sur la crise","datePublished":"2020-05-07T21:55:08+00:00","dateModified":"2020-05-07T21:55:11+00:00","mainEntityOfPage":{"@id":"https:\/\/guineediversite.com\/index.php\/2020\/05\/07\/covid-19-abdoul-hamid-diallo-donne-son-avis-sur-la-crise\/"},"wordCount":295,"publisher":{"@id":"https:\/\/guineediversite.com\/#organization"},"image":{"@id":"https:\/\/guineediversite.com\/index.php\/2020\/05\/07\/covid-19-abdoul-hamid-diallo-donne-son-avis-sur-la-crise\/#primaryimage"},"thumbnailUrl":"https:\/\/guineediversite.com\/wp-content\/uploads\/2020\/05\/hamid-1.jpg","articleSection":["Derni\u00e8re minute","Soci\u00e9t\u00e9"],"inLanguage":"fr-FR"},{"@type":"WebPage","@id":"https:\/\/guineediversite.com\/index.php\/2020\/05\/07\/covid-19-abdoul-hamid-diallo-donne-son-avis-sur-la-crise\/","url":"https:\/\/guineediversite.com\/index.php\/2020\/05\/07\/covid-19-abdoul-hamid-diallo-donne-son-avis-sur-la-crise\/","name":"COVID-19 : Abdoul Hamid Diallo donne son avis sur la crise | Guin\u00e9e Diversit\u00e9","isPartOf":{"@id":"https:\/\/guineediversite.com\/#website"},"primaryImageOfPage":{"@id":"https:\/\/guineediversite.com\/index.php\/2020\/05\/07\/covid-19-abdoul-hamid-diallo-donne-son-avis-sur-la-crise\/#primaryimage"},"image":{"@id":"https:\/\/guineediversite.com\/index.php\/2020\/05\/07\/covid-19-abdoul-hamid-diallo-donne-son-avis-sur-la-crise\/#primaryimage"},"thumbnailUrl":"https:\/\/guineediversite.com\/wp-content\/uploads\/2020\/05\/hamid-1.jpg","datePublished":"2020-05-07T21:55:08+00:00","dateModified":"2020-05-07T21:55:11+00:00","breadcrumb":{"@id":"https:\/\/guineediversite.com\/index.php\/2020\/05\/07\/covid-19-abdoul-hamid-diallo-donne-son-avis-sur-la-crise\/#breadcrumb"},"inLanguage":"fr-FR","potentialAction":[{"@type":"ReadAction","target":["https:\/\/guineediversite.com\/index.php\/2020\/05\/07\/covid-19-abdoul-hamid-diallo-donne-son-avis-sur-la-crise\/"]}]},{"@type":"ImageObject","inLanguage":"fr-FR","@id":"https:\/\/guineediversite.com\/index.php\/2020\/05\/07\/covid-19-abdoul-hamid-diallo-donne-son-avis-sur-la-crise\/#primaryimage","url":"https:\/\/guineediversite.com\/wp-content\/uploads\/2020\/05\/hamid-1.jpg","contentUrl":"https:\/\/guineediversite.com\/wp-content\/uploads\/2020\/05\/hamid-1.jpg","width":1500,"height":1500},{"@type":"BreadcrumbList","@id":"https:\/\/guineediversite.com\/index.php\/2020\/05\/07\/covid-19-abdoul-hamid-diallo-donne-son-avis-sur-la-crise\/#breadcrumb","itemListElement":[{"@type":"ListItem","position":1,"name":"Accueil","item":"https:\/\/guineediversite.com\/"},{"@type":"ListItem","position":2,"name":"COVID-19 : Abdoul Hamid Diallo donne son avis sur la crise"}]},{"@type":"WebSite","@id":"https:\/\/guineediversite.com\/#website","url":"https:\/\/guineediversite.com\/","name":"Guin\u00e9e Diversit\u00e9","description":"L&#039;Info dans toute sa diversit\u00e9","publisher":{"@id":"https:\/\/guineediversite.com\/#organization"},"potentialAction":[{"@type":"SearchAction","target":{"@type":"EntryPoint","urlTemplate":"https:\/\/guineediversite.com\/?s={search_term_string}"},"query-input":{"@type":"PropertyValueSpecification","valueRequired":true,"valueName":"search_term_string"}}],"inLanguage":"fr-FR"},{"@type":"Organization","@id":"https:\/\/guineediversite.com\/#organization","name":"Guin\u00e9e Diversit\u00e9","url":"https:\/\/guineediversite.com\/","logo":{"@type":"ImageObject","inLanguage":"fr-FR","@id":"https:\/\/guineediversite.com\/#\/schema\/logo\/image\/","url":"https:\/\/guineediversite.com\/wp-content\/uploads\/2017\/04\/cropped-1jojlxEOMkX9Wyqfhe43D6kjPOGqBBKmx3EwWJqZ0cMrFF54yM49.png","contentUrl":"https:\/\/guineediversite.com\/wp-content\/uploads\/2017\/04\/cropped-1jojlxEOMkX9Wyqfhe43D6kjPOGqBBKmx3EwWJqZ0cMrFF54yM49.png","width":186,"height":112,"caption":"Guin\u00e9e Diversit\u00e9"},"image":{"@id":"https:\/\/guineediversite.com\/#\/schema\/logo\/image\/"},"sameAs":["https:\/\/www.facebook.com\/guineediversite\/","https:\/\/x.com\/GuineeDiversite","https:\/\/www.youtube.com\/channel\/UC8sUY16qelG5ge6_D5SB83g"]},{"@type":"Person","@id":"https:\/\/guineediversite.com\/#\/schema\/person\/afa08fb34e7fc6e1feafc892612bc836","name":"Guin\u00e9e Diversit\u00e9","image":{"@type":"ImageObject","inLanguage":"fr-FR","@id":"https:\/\/guineediversite.com\/#\/schema\/person\/image\/","url":"https:\/\/secure.gravatar.com\/avatar\/50d5eb5b390f8b65ac30ac6f898eb83a?s=96&d=mm&r=g","contentUrl":"https:\/\/secure.gravatar.com\/avatar\/50d5eb5b390f8b65ac30ac6f898eb83a?s=96&d=mm&r=g","caption":"Guin\u00e9e Diversit\u00e9"},"url":"https:\/\/guineediversite.com\/index.php\/author\/guineediversite\/"}]}},"_links":{"self":[{"href":"https:\/\/guineediversite.com\/index.php\/wp-json\/wp\/v2\/posts\/29070"}],"collection":[{"href":"https:\/\/guineediversite.com\/index.php\/wp-json\/wp\/v2\/posts"}],"about":[{"href":"https:\/\/guineediversite.com\/index.php\/wp-json\/wp\/v2\/types\/post"}],"author":[{"embeddable":true,"href":"https:\/\/guineediversite.com\/index.php\/wp-json\/wp\/v2\/users\/12"}],"replies":[{"embeddable":true,"href":"https:\/\/guineediversite.com\/index.php\/wp-json\/wp\/v2\/comments?post=29070"}],"version-history":[{"count":1,"href":"https:\/\/guineediversite.com\/index.php\/wp-json\/wp\/v2\/posts\/29070\/revisions"}],"predecessor-version":[{"id":29073,"href":"https:\/\/guineediversite.com\/index.php\/wp-json\/wp\/v2\/posts\/29070\/revisions\/29073"}],"wp:featuredmedia":[{"embeddable":true,"href":"https:\/\/guineediversite.com\/index.php\/wp-json\/wp\/v2\/media\/29072"}],"wp:attachment":[{"href":"https:\/\/guineediversite.com\/index.php\/wp-json\/wp\/v2\/media?parent=29070"}],"wp:term":[{"taxonomy":"category","embeddable":true,"href":"https:\/\/guineediversite.com\/index.php\/wp-json\/wp\/v2\/categories?post=29070"},{"taxonomy":"post_tag","embeddable":true,"href":"https:\/\/guineediversite.com\/index.php\/wp-json\/wp\/v2\/tags?post=29070"}],"curies":[{"name":"wp","href":"https:\/\/api.w.org\/{rel}","templated":true}]}}