{"id":29060,"date":"2020-05-07T17:26:27","date_gmt":"2020-05-07T15:26:27","guid":{"rendered":"https:\/\/guineediversite.com\/?p=29060"},"modified":"2020-05-07T17:26:33","modified_gmt":"2020-05-07T15:26:33","slug":"coronavirus-va-t-on-vers-un-automne-sportif-tres-charge","status":"publish","type":"post","link":"https:\/\/guineediversite.com\/index.php\/2020\/05\/07\/coronavirus-va-t-on-vers-un-automne-sportif-tres-charge\/","title":{"rendered":"Coronavirus: va-t-on vers un automne sportif tr\u00e8s charg\u00e9?"},"content":{"rendered":"\n<p>Le sport mondial, \u00e0 l&rsquo;arr\u00eat depuis le mois de mars en raison de la pand\u00e9mie de nouveau coronavirus, a report\u00e9 plusieurs comp\u00e9titions \u00e0 l&rsquo;automne, qui s&rsquo;annonce tr\u00e8s charg\u00e9 en plus des habituels championnats de sports collectifs.<\/p>\n\n\n\n<p>\u00c0 l\u2019arr\u00eat depuis le mois de mars, le sport devrait petit \u00e0 petit reprendre sa place. \u00c0 partir de la fin de l\u2019\u00e9t\u00e9, si le virus ne revient pas en force en Europe, les \u00e9preuves sportives devraient s\u2019encha\u00eener. Sans parler du reste du monde, qui s\u2019active aussi \u00e0 la reprise des comp\u00e9titions sportives.<\/p>\n\n\n\n<p><strong>Tour de France, Tour d&rsquo;Italie et Tour d&rsquo;Espagne concentr\u00e9s<\/strong><\/p>\n\n\n\n<p>L\u2019exemple du cyclisme est \u00e9loquent. Le Tour espagnol comptera six jours en commun avec le Tour d\u2019Italie, selon le nouveau calendrier cycliste publi\u00e9 ce mardi par l&rsquo;Union cycliste internationale. Et Il n\u2019y aura m\u00eame pas deux semaines de r\u00e9pit aux coureurs qui voudraient disputer le Tour d&rsquo;Italie apr\u00e8s le Tour de France (29 ao\u00fbt-20 septembre).<\/p>\n\n\n\n<p>En Belgique, la reprise des comp\u00e9titions sportives avec public est envisag\u00e9e apr\u00e8s les vacances d&rsquo;\u00e9t\u00e9. Le gouvernement a annonc\u00e9, mercredi 6 mai, la suspension de toutes les comp\u00e9titions sportives dans le pays jusqu&rsquo;au 31 juillet, ouvrant la voie \u00e0 un arr\u00eat d\u00e9finitif de la saison de football tel que souhait\u00e9 par la majorit\u00e9 des clubs professionnels. Mais tout devrait rentrer dans l\u2019ordre d\u00e8s la rentr\u00e9e. Selon la presse Belge, le ministre flamand en charge du Sport, Ben Weyts (N-VA), travaille sur un plan pour que des \u00e9v\u00e9nements sportifs de masse soient \u00e0 nouveau possible \u00e0 partir du 1er septembre.<\/p>\n\n\n\n<p><strong>Du public dans les stades de foot<\/strong>&nbsp;<strong>?<\/strong><\/p>\n\n\n\n<p>L&rsquo;Allemagne est le premier championnat majeur \u00e0 avoir act\u00e9, mercredi 6&nbsp;mai, la reprise du football en mai \u00e0 huis clos, comme le Portugal, la Turquie ou la Serbie, et au contraire de la France et des Pays-Bas, qui ont arr\u00eat\u00e9 leur saison. D\u00e8s la rentr\u00e9e, le public sera-t-il bienvenu au stade&nbsp;?<\/p>\n\n\n\n<p>En tennis, Roland-Garros, initialement reprogramm\u00e9 du 20&nbsp;septembre au 4&nbsp;octobre, devrait \u00eatre le troisi\u00e8me Grand Chelem apr\u00e8s l\u2019US Open, programm\u00e9 du 31 ao\u00fbt au 13 septembre. Seul l\u2019Open d\u2019Australie a eu lieu en janvier cette saison. \u00ab&nbsp;<em>Il faut prendre en compte que cette ann\u00e9e est tr\u00e8s particuli\u00e8re et que si on a la chance de pouvoir jouer deux Grands Chelems en plus de l\u2019Open d\u2019Australie et quelques tournois Premier Mandatory <\/em>[le niveau juste en dessous des Grands Chelems sur le circuit f\u00e9minin, ndlr], <em>ce sera d\u00e9j\u00e0 un beau succ\u00e8s pour le circuit, pour le public et pour les joueurs<\/em>&nbsp;\u00bb, a estim\u00e9 la Fran\u00e7aise Caroline Garcia qui a fait de Roland-Garros un grand objectif.<\/p>\n\n\n\n<p><strong>\u00ab&nbsp;<em>La reprise du sport est essentielle pour que la vie reprenne<\/em>&nbsp;\u00bb<\/strong><\/p>\n\n\n\n<p>Les athl\u00e8tes qui pratiquent les sport de combat ne sont pour le moment pas autoris\u00e9s \u00e0 reprendre leur entra\u00eenement habituel. Pourtant, les championnats d&rsquo;Europe de judo sont programm\u00e9s du 8 au 10&nbsp;novembre \u00e0 Prague, en R\u00e9publique tch\u00e8que.<\/p>\n\n\n\n<p>Le sport mondial, \u00e0 l&rsquo;arr\u00eat depuis le mois de mars en raison de la pand\u00e9mie de nouveau coronavirus, a report\u00e9 plusieurs comp\u00e9titions \u00e0 l&rsquo;automne, qui s&rsquo;annonce tr\u00e8s charg\u00e9 en plus des habituels championnats de sports collectifs.<\/p>\n\n\n\n<p>\u00c0 l\u2019arr\u00eat depuis le mois de mars, le sport devrait petit \u00e0 petit reprendre sa place. \u00c0 partir de la fin de l\u2019\u00e9t\u00e9, si le virus ne revient pas en force en Europe, les \u00e9preuves sportives devraient s\u2019encha\u00eener. Sans parler du reste du monde, qui s\u2019active aussi \u00e0 la reprise des comp\u00e9titions sportives.<\/p>\n\n\n\n<p><strong>Tour de France, Tour d&rsquo;Italie et Tour d&rsquo;Espagne concentr\u00e9s<\/strong><\/p>\n\n\n\n<p>L\u2019exemple du cyclisme est \u00e9loquent. Le Tour espagnol comptera six jours en commun avec le Tour d\u2019Italie, selon le nouveau calendrier cycliste publi\u00e9 ce mardi par l&rsquo;Union cycliste internationale. Et Il n\u2019y aura m\u00eame pas deux semaines de r\u00e9pit aux coureurs qui voudraient disputer le Tour d&rsquo;Italie apr\u00e8s le Tour de France (29 ao\u00fbt-20 septembre).<\/p>\n\n\n\n<p>En Belgique, la reprise des comp\u00e9titions sportives avec public est envisag\u00e9e apr\u00e8s les vacances d&rsquo;\u00e9t\u00e9. Le gouvernement a annonc\u00e9, mercredi 6 mai, la suspension de toutes les comp\u00e9titions sportives dans le pays jusqu&rsquo;au 31 juillet, ouvrant la voie \u00e0 un arr\u00eat d\u00e9finitif de la saison de football tel que souhait\u00e9 par la majorit\u00e9 des clubs professionnels. Mais tout devrait rentrer dans l\u2019ordre d\u00e8s la rentr\u00e9e. Selon la presse Belge, le ministre flamand en charge du Sport, Ben Weyts (N-VA), travaille sur un plan pour que des \u00e9v\u00e9nements sportifs de masse soient \u00e0 nouveau possible \u00e0 partir du 1er septembre.<\/p>\n\n\n\n<p><strong>Du public dans les stades de foot<\/strong>&nbsp;<strong>?<\/strong><\/p>\n\n\n\n<p>L&rsquo;Allemagne est le premier championnat majeur \u00e0 avoir act\u00e9, mercredi 6&nbsp;mai, la reprise du football en mai \u00e0 huis clos, comme le Portugal, la Turquie ou la Serbie, et au contraire de la France et des Pays-Bas, qui ont arr\u00eat\u00e9 leur saison. D\u00e8s la rentr\u00e9e, le public sera-t-il bienvenu au stade&nbsp;?<\/p>\n\n\n\n<p>En tennis, Roland-Garros, initialement reprogramm\u00e9 du 20&nbsp;septembre au 4&nbsp;octobre, devrait \u00eatre le troisi\u00e8me Grand Chelem apr\u00e8s l\u2019US Open, programm\u00e9 du 31 ao\u00fbt au 13 septembre. Seul l\u2019Open d\u2019Australie a eu lieu en janvier cette saison. \u00ab&nbsp;<em>Il faut prendre en compte que cette ann\u00e9e est tr\u00e8s particuli\u00e8re et que si on a la chance de pouvoir jouer deux Grands Chelems en plus de l\u2019Open d\u2019Australie et quelques tournois Premier Mandatory <\/em>[le niveau juste en dessous des Grands Chelems sur le circuit f\u00e9minin, ndlr], <em>ce sera d\u00e9j\u00e0 un beau succ\u00e8s pour le circuit, pour le public et pour les joueurs<\/em>&nbsp;\u00bb, a estim\u00e9 la Fran\u00e7aise Caroline Garcia qui a fait de Roland-Garros un grand objectif.<\/p>\n\n\n\n<p><strong>\u00ab&nbsp;<em>La reprise du sport est essentielle pour que la vie reprenne<\/em>&nbsp;\u00bb<\/strong><\/p>\n\n\n\n<p>Les athl\u00e8tes qui pratiquent les sport de combat ne sont pour le moment pas autoris\u00e9s \u00e0 reprendre leur entra\u00eenement habituel. Pourtant, les championnats d&rsquo;Europe de judo sont programm\u00e9s du 8 au 10&nbsp;novembre \u00e0 Prague, en R\u00e9publique tch\u00e8que.<\/p>\n\n\n\n<p>\u00ab&nbsp;<em>Parmi tous les enjeux auxquels notre soci\u00e9t\u00e9 fait face, \u00e9videmment la reprise du sport est un sujet majeur. J\u2019y travaille quotidiennement depuis des semaines, mais la sant\u00e9 reste la priorit\u00e9<\/em>&nbsp;\u00bb, a d\u00e9clar\u00e9 en France la ministre des Sports dans une s\u00e9rie de tweets. \u00ab&nbsp;<em>Reprendre le sport, les \u00e9v\u00e9nements, ouvrir les clubs, faire repartir le secteur le plus vite et le mieux possible est ma pr\u00e9occupation<\/em>&nbsp;\u00bb, assure Roxana Maracineanu. L\u2019ancienne nageuse ajoute&nbsp;: \u00ab&nbsp;<em>La reprise du sport est essentielle pour que la vie reprenne, mais restons lucides et patients.<\/em>&nbsp;\u00bb<\/p>\n\n\n\n<p>\u00ab\u00a0<em>Parmi tous les enjeux auxquels notre soci\u00e9t\u00e9 fait face, \u00e9videmment la reprise du sport est un sujet majeur. J\u2019y travaille quotidiennement depuis des semaines, mais la sant\u00e9 reste la priorit\u00e9<\/em>\u00a0\u00bb, a d\u00e9clar\u00e9 en France la ministre des Sports dans une s\u00e9rie de tweets. \u00ab\u00a0<em>Reprendre le sport, les \u00e9v\u00e9nements, ouvrir les clubs, faire repartir le secteur le plus vite et le mieux possible est ma pr\u00e9occupation<\/em>\u00a0\u00bb, assure Roxana Maracineanu. L\u2019ancienne nageuse ajoute\u00a0: \u00ab\u00a0<em>La reprise du sport est essentielle pour que la vie reprenne, mais restons lucides et patients.<\/em>\u00a0\u00bb<\/p>\n\n\n\n<p>RFI<\/p>\n","protected":false},"excerpt":{"rendered":"<p>Le sport mondial, \u00e0 l&rsquo;arr\u00eat depuis le mois de mars en raison de la pand\u00e9mie de nouveau coronavirus, a report\u00e9 plusieurs comp\u00e9titions \u00e0 l&rsquo;automne, qui s&rsquo;annonce tr\u00e8s charg\u00e9 en plus des habituels championnats de sports collectifs. \u00c0 l\u2019arr\u00eat depuis le mois de mars, le sport devrait petit \u00e0 petit reprendre sa place. \u00c0 partir de [&hellip;]<\/p>\n","protected":false},"author":12,"featured_media":29061,"comment_status":"closed","ping_status":"closed","sticky":false,"template":"","format":"standard","meta":{"_exactmetrics_skip_tracking":false,"_exactmetrics_sitenote_active":false,"_exactmetrics_sitenote_note":"","_exactmetrics_sitenote_category":0,"tdm_status":"","tdm_grid_status":"","footnotes":""},"categories":[18],"tags":[],"class_list":{"0":"post-29060","1":"post","2":"type-post","3":"status-publish","4":"format-standard","5":"has-post-thumbnail","7":"category-sport"},"yoast_head":"<!-- This site is optimized with the Yoast SEO plugin v24.2 - https:\/\/yoast.com\/wordpress\/plugins\/seo\/ -->\n<title>Coronavirus: va-t-on vers un automne sportif tr\u00e8s charg\u00e9? | Guin\u00e9e Diversit\u00e9<\/title>\n<meta name=\"robots\" content=\"index, follow, max-snippet:-1, max-image-preview:large, max-video-preview:-1\" \/>\n<link rel=\"canonical\" href=\"https:\/\/guineediversite.com\/index.php\/2020\/05\/07\/coronavirus-va-t-on-vers-un-automne-sportif-tres-charge\/\" \/>\n<meta property=\"og:locale\" content=\"fr_FR\" \/>\n<meta property=\"og:type\" content=\"article\" \/>\n<meta property=\"og:title\" content=\"Coronavirus: va-t-on vers un automne sportif tr\u00e8s charg\u00e9? | Guin\u00e9e Diversit\u00e9\" \/>\n<meta property=\"og:description\" content=\"Le sport mondial, \u00e0 l&rsquo;arr\u00eat depuis le mois de mars en raison de la pand\u00e9mie de nouveau coronavirus, a report\u00e9 plusieurs comp\u00e9titions \u00e0 l&rsquo;automne, qui s&rsquo;annonce tr\u00e8s charg\u00e9 en plus des habituels championnats de sports collectifs. \u00c0 l\u2019arr\u00eat depuis le mois de mars, le sport devrait petit \u00e0 petit reprendre sa place. \u00c0 partir de [&hellip;]\" \/>\n<meta property=\"og:url\" content=\"https:\/\/guineediversite.com\/index.php\/2020\/05\/07\/coronavirus-va-t-on-vers-un-automne-sportif-tres-charge\/\" \/>\n<meta property=\"og:site_name\" content=\"Guin\u00e9e Diversit\u00e9\" \/>\n<meta property=\"article:publisher\" content=\"https:\/\/www.facebook.com\/guineediversite\/\" \/>\n<meta property=\"article:published_time\" content=\"2020-05-07T15:26:27+00:00\" \/>\n<meta property=\"article:modified_time\" content=\"2020-05-07T15:26:33+00:00\" \/>\n<meta property=\"og:image\" content=\"https:\/\/guineediversite.com\/wp-content\/uploads\/2020\/05\/TOUR.jpg\" \/>\n\t<meta property=\"og:image:width\" content=\"1500\" \/>\n\t<meta property=\"og:image:height\" content=\"998\" \/>\n\t<meta property=\"og:image:type\" content=\"image\/jpeg\" \/>\n<meta name=\"author\" content=\"Guin\u00e9e Diversit\u00e9\" \/>\n<meta name=\"twitter:card\" content=\"summary_large_image\" \/>\n<meta name=\"twitter:creator\" content=\"@GuineeDiversite\" \/>\n<meta name=\"twitter:site\" content=\"@GuineeDiversite\" \/>\n<meta name=\"twitter:label1\" content=\"\u00c9crit par\" \/>\n\t<meta name=\"twitter:data1\" content=\"Guin\u00e9e Diversit\u00e9\" \/>\n\t<meta name=\"twitter:label2\" content=\"Dur\u00e9e de lecture estim\u00e9e\" \/>\n\t<meta name=\"twitter:data2\" content=\"6 minutes\" \/>\n<script type=\"application\/ld+json\" class=\"yoast-schema-graph\">{\"@context\":\"https:\/\/schema.org\",\"@graph\":[{\"@type\":\"Article\",\"@id\":\"https:\/\/guineediversite.com\/index.php\/2020\/05\/07\/coronavirus-va-t-on-vers-un-automne-sportif-tres-charge\/#article\",\"isPartOf\":{\"@id\":\"https:\/\/guineediversite.com\/index.php\/2020\/05\/07\/coronavirus-va-t-on-vers-un-automne-sportif-tres-charge\/\"},\"author\":{\"name\":\"Guin\u00e9e Diversit\u00e9\",\"@id\":\"https:\/\/guineediversite.com\/#\/schema\/person\/afa08fb34e7fc6e1feafc892612bc836\"},\"headline\":\"Coronavirus: va-t-on vers un automne sportif tr\u00e8s charg\u00e9?\",\"datePublished\":\"2020-05-07T15:26:27+00:00\",\"dateModified\":\"2020-05-07T15:26:33+00:00\",\"mainEntityOfPage\":{\"@id\":\"https:\/\/guineediversite.com\/index.php\/2020\/05\/07\/coronavirus-va-t-on-vers-un-automne-sportif-tres-charge\/\"},\"wordCount\":1255,\"publisher\":{\"@id\":\"https:\/\/guineediversite.com\/#organization\"},\"image\":{\"@id\":\"https:\/\/guineediversite.com\/index.php\/2020\/05\/07\/coronavirus-va-t-on-vers-un-automne-sportif-tres-charge\/#primaryimage\"},\"thumbnailUrl\":\"https:\/\/guineediversite.com\/wp-content\/uploads\/2020\/05\/TOUR.jpg\",\"articleSection\":[\"Sport\"],\"inLanguage\":\"fr-FR\"},{\"@type\":\"WebPage\",\"@id\":\"https:\/\/guineediversite.com\/index.php\/2020\/05\/07\/coronavirus-va-t-on-vers-un-automne-sportif-tres-charge\/\",\"url\":\"https:\/\/guineediversite.com\/index.php\/2020\/05\/07\/coronavirus-va-t-on-vers-un-automne-sportif-tres-charge\/\",\"name\":\"Coronavirus: va-t-on vers un automne sportif tr\u00e8s charg\u00e9? | Guin\u00e9e Diversit\u00e9\",\"isPartOf\":{\"@id\":\"https:\/\/guineediversite.com\/#website\"},\"primaryImageOfPage\":{\"@id\":\"https:\/\/guineediversite.com\/index.php\/2020\/05\/07\/coronavirus-va-t-on-vers-un-automne-sportif-tres-charge\/#primaryimage\"},\"image\":{\"@id\":\"https:\/\/guineediversite.com\/index.php\/2020\/05\/07\/coronavirus-va-t-on-vers-un-automne-sportif-tres-charge\/#primaryimage\"},\"thumbnailUrl\":\"https:\/\/guineediversite.com\/wp-content\/uploads\/2020\/05\/TOUR.jpg\",\"datePublished\":\"2020-05-07T15:26:27+00:00\",\"dateModified\":\"2020-05-07T15:26:33+00:00\",\"breadcrumb\":{\"@id\":\"https:\/\/guineediversite.com\/index.php\/2020\/05\/07\/coronavirus-va-t-on-vers-un-automne-sportif-tres-charge\/#breadcrumb\"},\"inLanguage\":\"fr-FR\",\"potentialAction\":[{\"@type\":\"ReadAction\",\"target\":[\"https:\/\/guineediversite.com\/index.php\/2020\/05\/07\/coronavirus-va-t-on-vers-un-automne-sportif-tres-charge\/\"]}]},{\"@type\":\"ImageObject\",\"inLanguage\":\"fr-FR\",\"@id\":\"https:\/\/guineediversite.com\/index.php\/2020\/05\/07\/coronavirus-va-t-on-vers-un-automne-sportif-tres-charge\/#primaryimage\",\"url\":\"https:\/\/guineediversite.com\/wp-content\/uploads\/2020\/05\/TOUR.jpg\",\"contentUrl\":\"https:\/\/guineediversite.com\/wp-content\/uploads\/2020\/05\/TOUR.jpg\",\"width\":1500,\"height\":998},{\"@type\":\"BreadcrumbList\",\"@id\":\"https:\/\/guineediversite.com\/index.php\/2020\/05\/07\/coronavirus-va-t-on-vers-un-automne-sportif-tres-charge\/#breadcrumb\",\"itemListElement\":[{\"@type\":\"ListItem\",\"position\":1,\"name\":\"Accueil\",\"item\":\"https:\/\/guineediversite.com\/\"},{\"@type\":\"ListItem\",\"position\":2,\"name\":\"Coronavirus: va-t-on vers un automne sportif tr\u00e8s charg\u00e9?\"}]},{\"@type\":\"WebSite\",\"@id\":\"https:\/\/guineediversite.com\/#website\",\"url\":\"https:\/\/guineediversite.com\/\",\"name\":\"Guin\u00e9e Diversit\u00e9\",\"description\":\"L&#039;Info dans toute sa diversit\u00e9\",\"publisher\":{\"@id\":\"https:\/\/guineediversite.com\/#organization\"},\"potentialAction\":[{\"@type\":\"SearchAction\",\"target\":{\"@type\":\"EntryPoint\",\"urlTemplate\":\"https:\/\/guineediversite.com\/?s={search_term_string}\"},\"query-input\":{\"@type\":\"PropertyValueSpecification\",\"valueRequired\":true,\"valueName\":\"search_term_string\"}}],\"inLanguage\":\"fr-FR\"},{\"@type\":\"Organization\",\"@id\":\"https:\/\/guineediversite.com\/#organization\",\"name\":\"Guin\u00e9e Diversit\u00e9\",\"url\":\"https:\/\/guineediversite.com\/\",\"logo\":{\"@type\":\"ImageObject\",\"inLanguage\":\"fr-FR\",\"@id\":\"https:\/\/guineediversite.com\/#\/schema\/logo\/image\/\",\"url\":\"https:\/\/guineediversite.com\/wp-content\/uploads\/2017\/04\/cropped-1jojlxEOMkX9Wyqfhe43D6kjPOGqBBKmx3EwWJqZ0cMrFF54yM49.png\",\"contentUrl\":\"https:\/\/guineediversite.com\/wp-content\/uploads\/2017\/04\/cropped-1jojlxEOMkX9Wyqfhe43D6kjPOGqBBKmx3EwWJqZ0cMrFF54yM49.png\",\"width\":186,\"height\":112,\"caption\":\"Guin\u00e9e Diversit\u00e9\"},\"image\":{\"@id\":\"https:\/\/guineediversite.com\/#\/schema\/logo\/image\/\"},\"sameAs\":[\"https:\/\/www.facebook.com\/guineediversite\/\",\"https:\/\/x.com\/GuineeDiversite\",\"https:\/\/www.youtube.com\/channel\/UC8sUY16qelG5ge6_D5SB83g\"]},{\"@type\":\"Person\",\"@id\":\"https:\/\/guineediversite.com\/#\/schema\/person\/afa08fb34e7fc6e1feafc892612bc836\",\"name\":\"Guin\u00e9e Diversit\u00e9\",\"image\":{\"@type\":\"ImageObject\",\"inLanguage\":\"fr-FR\",\"@id\":\"https:\/\/guineediversite.com\/#\/schema\/person\/image\/\",\"url\":\"https:\/\/secure.gravatar.com\/avatar\/50d5eb5b390f8b65ac30ac6f898eb83a?s=96&d=mm&r=g\",\"contentUrl\":\"https:\/\/secure.gravatar.com\/avatar\/50d5eb5b390f8b65ac30ac6f898eb83a?s=96&d=mm&r=g\",\"caption\":\"Guin\u00e9e Diversit\u00e9\"},\"url\":\"https:\/\/guineediversite.com\/index.php\/author\/guineediversite\/\"}]}<\/script>\n<!-- \/ Yoast SEO plugin. -->","yoast_head_json":{"title":"Coronavirus: va-t-on vers un automne sportif tr\u00e8s charg\u00e9? | Guin\u00e9e Diversit\u00e9","robots":{"index":"index","follow":"follow","max-snippet":"max-snippet:-1","max-image-preview":"max-image-preview:large","max-video-preview":"max-video-preview:-1"},"canonical":"https:\/\/guineediversite.com\/index.php\/2020\/05\/07\/coronavirus-va-t-on-vers-un-automne-sportif-tres-charge\/","og_locale":"fr_FR","og_type":"article","og_title":"Coronavirus: va-t-on vers un automne sportif tr\u00e8s charg\u00e9? | Guin\u00e9e Diversit\u00e9","og_description":"Le sport mondial, \u00e0 l&rsquo;arr\u00eat depuis le mois de mars en raison de la pand\u00e9mie de nouveau coronavirus, a report\u00e9 plusieurs comp\u00e9titions \u00e0 l&rsquo;automne, qui s&rsquo;annonce tr\u00e8s charg\u00e9 en plus des habituels championnats de sports collectifs. \u00c0 l\u2019arr\u00eat depuis le mois de mars, le sport devrait petit \u00e0 petit reprendre sa place. \u00c0 partir de [&hellip;]","og_url":"https:\/\/guineediversite.com\/index.php\/2020\/05\/07\/coronavirus-va-t-on-vers-un-automne-sportif-tres-charge\/","og_site_name":"Guin\u00e9e Diversit\u00e9","article_publisher":"https:\/\/www.facebook.com\/guineediversite\/","article_published_time":"2020-05-07T15:26:27+00:00","article_modified_time":"2020-05-07T15:26:33+00:00","og_image":[{"width":1500,"height":998,"url":"https:\/\/guineediversite.com\/wp-content\/uploads\/2020\/05\/TOUR.jpg","type":"image\/jpeg"}],"author":"Guin\u00e9e Diversit\u00e9","twitter_card":"summary_large_image","twitter_creator":"@GuineeDiversite","twitter_site":"@GuineeDiversite","twitter_misc":{"\u00c9crit par":"Guin\u00e9e Diversit\u00e9","Dur\u00e9e de lecture estim\u00e9e":"6 minutes"},"schema":{"@context":"https:\/\/schema.org","@graph":[{"@type":"Article","@id":"https:\/\/guineediversite.com\/index.php\/2020\/05\/07\/coronavirus-va-t-on-vers-un-automne-sportif-tres-charge\/#article","isPartOf":{"@id":"https:\/\/guineediversite.com\/index.php\/2020\/05\/07\/coronavirus-va-t-on-vers-un-automne-sportif-tres-charge\/"},"author":{"name":"Guin\u00e9e Diversit\u00e9","@id":"https:\/\/guineediversite.com\/#\/schema\/person\/afa08fb34e7fc6e1feafc892612bc836"},"headline":"Coronavirus: va-t-on vers un automne sportif tr\u00e8s charg\u00e9?","datePublished":"2020-05-07T15:26:27+00:00","dateModified":"2020-05-07T15:26:33+00:00","mainEntityOfPage":{"@id":"https:\/\/guineediversite.com\/index.php\/2020\/05\/07\/coronavirus-va-t-on-vers-un-automne-sportif-tres-charge\/"},"wordCount":1255,"publisher":{"@id":"https:\/\/guineediversite.com\/#organization"},"image":{"@id":"https:\/\/guineediversite.com\/index.php\/2020\/05\/07\/coronavirus-va-t-on-vers-un-automne-sportif-tres-charge\/#primaryimage"},"thumbnailUrl":"https:\/\/guineediversite.com\/wp-content\/uploads\/2020\/05\/TOUR.jpg","articleSection":["Sport"],"inLanguage":"fr-FR"},{"@type":"WebPage","@id":"https:\/\/guineediversite.com\/index.php\/2020\/05\/07\/coronavirus-va-t-on-vers-un-automne-sportif-tres-charge\/","url":"https:\/\/guineediversite.com\/index.php\/2020\/05\/07\/coronavirus-va-t-on-vers-un-automne-sportif-tres-charge\/","name":"Coronavirus: va-t-on vers un automne sportif tr\u00e8s charg\u00e9? | Guin\u00e9e Diversit\u00e9","isPartOf":{"@id":"https:\/\/guineediversite.com\/#website"},"primaryImageOfPage":{"@id":"https:\/\/guineediversite.com\/index.php\/2020\/05\/07\/coronavirus-va-t-on-vers-un-automne-sportif-tres-charge\/#primaryimage"},"image":{"@id":"https:\/\/guineediversite.com\/index.php\/2020\/05\/07\/coronavirus-va-t-on-vers-un-automne-sportif-tres-charge\/#primaryimage"},"thumbnailUrl":"https:\/\/guineediversite.com\/wp-content\/uploads\/2020\/05\/TOUR.jpg","datePublished":"2020-05-07T15:26:27+00:00","dateModified":"2020-05-07T15:26:33+00:00","breadcrumb":{"@id":"https:\/\/guineediversite.com\/index.php\/2020\/05\/07\/coronavirus-va-t-on-vers-un-automne-sportif-tres-charge\/#breadcrumb"},"inLanguage":"fr-FR","potentialAction":[{"@type":"ReadAction","target":["https:\/\/guineediversite.com\/index.php\/2020\/05\/07\/coronavirus-va-t-on-vers-un-automne-sportif-tres-charge\/"]}]},{"@type":"ImageObject","inLanguage":"fr-FR","@id":"https:\/\/guineediversite.com\/index.php\/2020\/05\/07\/coronavirus-va-t-on-vers-un-automne-sportif-tres-charge\/#primaryimage","url":"https:\/\/guineediversite.com\/wp-content\/uploads\/2020\/05\/TOUR.jpg","contentUrl":"https:\/\/guineediversite.com\/wp-content\/uploads\/2020\/05\/TOUR.jpg","width":1500,"height":998},{"@type":"BreadcrumbList","@id":"https:\/\/guineediversite.com\/index.php\/2020\/05\/07\/coronavirus-va-t-on-vers-un-automne-sportif-tres-charge\/#breadcrumb","itemListElement":[{"@type":"ListItem","position":1,"name":"Accueil","item":"https:\/\/guineediversite.com\/"},{"@type":"ListItem","position":2,"name":"Coronavirus: va-t-on vers un automne sportif tr\u00e8s charg\u00e9?"}]},{"@type":"WebSite","@id":"https:\/\/guineediversite.com\/#website","url":"https:\/\/guineediversite.com\/","name":"Guin\u00e9e Diversit\u00e9","description":"L&#039;Info dans toute sa diversit\u00e9","publisher":{"@id":"https:\/\/guineediversite.com\/#organization"},"potentialAction":[{"@type":"SearchAction","target":{"@type":"EntryPoint","urlTemplate":"https:\/\/guineediversite.com\/?s={search_term_string}"},"query-input":{"@type":"PropertyValueSpecification","valueRequired":true,"valueName":"search_term_string"}}],"inLanguage":"fr-FR"},{"@type":"Organization","@id":"https:\/\/guineediversite.com\/#organization","name":"Guin\u00e9e Diversit\u00e9","url":"https:\/\/guineediversite.com\/","logo":{"@type":"ImageObject","inLanguage":"fr-FR","@id":"https:\/\/guineediversite.com\/#\/schema\/logo\/image\/","url":"https:\/\/guineediversite.com\/wp-content\/uploads\/2017\/04\/cropped-1jojlxEOMkX9Wyqfhe43D6kjPOGqBBKmx3EwWJqZ0cMrFF54yM49.png","contentUrl":"https:\/\/guineediversite.com\/wp-content\/uploads\/2017\/04\/cropped-1jojlxEOMkX9Wyqfhe43D6kjPOGqBBKmx3EwWJqZ0cMrFF54yM49.png","width":186,"height":112,"caption":"Guin\u00e9e Diversit\u00e9"},"image":{"@id":"https:\/\/guineediversite.com\/#\/schema\/logo\/image\/"},"sameAs":["https:\/\/www.facebook.com\/guineediversite\/","https:\/\/x.com\/GuineeDiversite","https:\/\/www.youtube.com\/channel\/UC8sUY16qelG5ge6_D5SB83g"]},{"@type":"Person","@id":"https:\/\/guineediversite.com\/#\/schema\/person\/afa08fb34e7fc6e1feafc892612bc836","name":"Guin\u00e9e Diversit\u00e9","image":{"@type":"ImageObject","inLanguage":"fr-FR","@id":"https:\/\/guineediversite.com\/#\/schema\/person\/image\/","url":"https:\/\/secure.gravatar.com\/avatar\/50d5eb5b390f8b65ac30ac6f898eb83a?s=96&d=mm&r=g","contentUrl":"https:\/\/secure.gravatar.com\/avatar\/50d5eb5b390f8b65ac30ac6f898eb83a?s=96&d=mm&r=g","caption":"Guin\u00e9e Diversit\u00e9"},"url":"https:\/\/guineediversite.com\/index.php\/author\/guineediversite\/"}]}},"_links":{"self":[{"href":"https:\/\/guineediversite.com\/index.php\/wp-json\/wp\/v2\/posts\/29060"}],"collection":[{"href":"https:\/\/guineediversite.com\/index.php\/wp-json\/wp\/v2\/posts"}],"about":[{"href":"https:\/\/guineediversite.com\/index.php\/wp-json\/wp\/v2\/types\/post"}],"author":[{"embeddable":true,"href":"https:\/\/guineediversite.com\/index.php\/wp-json\/wp\/v2\/users\/12"}],"replies":[{"embeddable":true,"href":"https:\/\/guineediversite.com\/index.php\/wp-json\/wp\/v2\/comments?post=29060"}],"version-history":[{"count":1,"href":"https:\/\/guineediversite.com\/index.php\/wp-json\/wp\/v2\/posts\/29060\/revisions"}],"predecessor-version":[{"id":29062,"href":"https:\/\/guineediversite.com\/index.php\/wp-json\/wp\/v2\/posts\/29060\/revisions\/29062"}],"wp:featuredmedia":[{"embeddable":true,"href":"https:\/\/guineediversite.com\/index.php\/wp-json\/wp\/v2\/media\/29061"}],"wp:attachment":[{"href":"https:\/\/guineediversite.com\/index.php\/wp-json\/wp\/v2\/media?parent=29060"}],"wp:term":[{"taxonomy":"category","embeddable":true,"href":"https:\/\/guineediversite.com\/index.php\/wp-json\/wp\/v2\/categories?post=29060"},{"taxonomy":"post_tag","embeddable":true,"href":"https:\/\/guineediversite.com\/index.php\/wp-json\/wp\/v2\/tags?post=29060"}],"curies":[{"name":"wp","href":"https:\/\/api.w.org\/{rel}","templated":true}]}}