{"id":28972,"date":"2020-05-01T15:12:54","date_gmt":"2020-05-01T13:12:54","guid":{"rendered":"https:\/\/guineediversite.com\/?p=28972"},"modified":"2020-05-01T15:12:56","modified_gmt":"2020-05-01T13:12:56","slug":"covid-19-vers-le-confinement-total-a-conakry","status":"publish","type":"post","link":"https:\/\/guineediversite.com\/index.php\/2020\/05\/01\/covid-19-vers-le-confinement-total-a-conakry\/","title":{"rendered":"COVID-19 : Vers  le confinement total \u00e0 Conakry ?"},"content":{"rendered":"\n<p><strong>Le Conseil Scientifique de Riposte contre la pand\u00e9mie de la maladie \u00e0 Coronavirus (COVID-19), a apport\u00e9 ses premi\u00e8res constat et recommandations dans le cadre de la lutte contre la pand\u00e9mie qui prend du chemin en Guin\u00e9e.<\/strong><\/p>\n\n\n\n<p>Une rencontre avec les m\u00e9dias s\u2019est tenue ce jeudi au minist\u00e8re de l\u2019Enseignement sup\u00e9rieur et de la recherche scientifique.<\/p>\n\n\n\n<p>KADER BARRY, ministre en charge de l\u2019Enseignement sup\u00e9rieur et de la recherche scientifique, a quand \u00e0 lui revenu sur la mission dudit conseil\u00a0: \u00ab<em>Il est important de retenir que le Conseil a vocation \u00e0 formuler des recommandations au Gouvernement sur les questions relatives \u00e0 la gestion et \u00e0 l\u2019\u00e9volution de la situation sanitaire, sociale et \u00e9conomique relative au COVID-19. Il n\u2019a pas vocation \u00e0 se substituer aux organes de la riposte. C\u2019est un organe compl\u00e9mentaire et un outil d\u2019aide \u00e0 la d\u00e9cision du Gouvernement. Je voudrais rappeler que le Conseil, plac\u00e9 sous l\u2019autorit\u00e9 du Premier Ministre, travaille en \u00e9troite collaboration avec le Comit\u00e9 Interminist\u00e9riel de Riposte, le Minist\u00e8re de la Sant\u00e9, l\u2019ANSS, ainsi que les autres acteurs institutionnels impliqu\u00e9s dans la riposte<\/em> \u00bb.<\/p>\n\n\n\n<p>&nbsp;Pr Mamadou Aliou BALDE, Rapporteur G\u00e9n\u00e9ral du conseil&nbsp; \u00e0 \u00e9voquer les difficult\u00e9s constat\u00e9es dans la riposte de cette pand\u00e9mie, suite \u00e0 des rencontres &nbsp;du 21 et 27 avril 2020.<\/p>\n\n\n\n<p>Pr Bald\u00e9 cite entre autres\u00a0: des cas de d\u00e9c\u00e8s de COVID-19 dont l\u2019analyse montre une mortalit\u00e9 vraisemblablement \u00e9lev\u00e9e chez les patients suivis principalement \u00e0 domicile. \u00ab\u00a0<em>Il y a lieu de rappeler que le contexte social de confinement \u00e0 domicile est un facteur de risque de contamination communautaire, compte tenu de nos habitudes culturelles, des modes d\u2019habitation et de relations de promiscuit\u00e9\u00a0<\/em>\u00bb a-t-il d\u00e9clar\u00e9 avant de pointer du doigt une insuffisance des services essentiels de base pour les patients hospitalis\u00e9s qui demeure un facteur de r\u00e9ticence pour l\u2019hospitalisation des malades. \u00ab\u00a0<em>Ce qui justifie en partie que la famille et d\u2019autres b\u00e9n\u00e9voles rendent visite, apportent de la nourriture ou restent aux c\u00f4t\u00e9s des malades. Cette situation est inqui\u00e9tante car elle met \u00e0 risque toute cette frange de la population et entraine des risques \u00e9lev\u00e9s de contamination hospitali\u00e8re et communautaire\u00bb<\/em>.<\/p>\n\n\n\n<p>Ce conseil scientifique de riposte contre la pand\u00e9mie de la maladie \u00e0 coronavirus a \u00e9t\u00e9 mis en place le 14 avril par le chef de l\u2019Etat Alpha Cond\u00e9. Depuis cette date, les travaux qu\u2019ils ont eu \u00e0 faire ont abouti sur plusieurs recommandations: <\/p>\n\n\n\n<ul class=\"wp-block-list\"><li>\u00a0L\u2019hospitalisation en isolement de tous les cas COVID-19, avec des moyens ad\u00e9quats au profit de tous les patients, pour une prise en charge adapt\u00e9e et multidisciplinaire en milieu hospitalier ou tout autre lieu d\u00e9di\u00e9 ;<\/li><li>L\u2019identification de nouvelles structures d\u2019accueil des malades auxquelles on adapterait les crit\u00e8res requis pour un centre\/pavillon d\u2019hospitalisation hautement infectieux ;<\/li><li>La disponibilit\u00e9 d\u2019un nombre de personnel de sant\u00e9 suffisant, capable de s\u2019occuper des malades 24h\/24 est indispensable dans toutes les structures sanitaires et autres lieux d\u00e9di\u00e9s;<\/li><li>\u00a0L\u2019isolement des cas Suspects : r\u00e9quisition des h\u00f4tels ;<\/li><li>Installation des tentes avec des compartiments individuels et un minimum de commodit\u00e9s dans les stades, \u00e0 l\u2019h\u00f4pital Sino-Guin\u00e9en, dans les universit\u00e9s ; renforcement des CTPI dans les r\u00e9gions pour pr\u00e9parer la r\u00e9ception des cas \u00e9ventuels \u2026<\/li><\/ul>\n\n\n\n<p>A la question de savoir \u00a0pourquoi le confinement total de la ville de Conakry n\u2019\u00e9tait pas parmi les recommandations faites par Conseil scientifique de riposte contre la pand\u00e9mie de la maladie \u00e0 Coronavirus (COVID-19),\u00a0 Pr Moustapha Keita DIOP assure\u00a0:\u00a0\u00ab\u00a0<em>le confinement total n\u2019est est possible \u00e0 Conakry, pour plusieurs raisons\u00a0: la configuration de nos soci\u00e9t\u00e9s, Le mode de vie communautaire et les relations de proximit\u00e9 ne nous permettent pas de faire un confinement total. Vous voyez\u00a0 m\u00eame les mesures de distanciation sociale a du mal \u00e0 \u00eatre respect\u00e9. Donc le confinement total n\u2019est pas possible par contre l\u2019auto isolement , l\u2019isolement volontaire de la population , prenant conscience des risques, c\u2019est possible. \u00a0Mais si Le risque de communaut\u00e9 devient de plus en grande peut-\u00eatre qu\u2019on peut l\u2019envisager, mais pour le moment compte tenu de la r\u00e9alit\u00e9 de notre pays on ne peut pas le faire\u00a0<\/em>\u00bb.<\/p>\n","protected":false},"excerpt":{"rendered":"<p>Le Conseil Scientifique de Riposte contre la pand\u00e9mie de la maladie \u00e0 Coronavirus (COVID-19), a apport\u00e9 ses premi\u00e8res constat et recommandations dans le cadre de la lutte contre la pand\u00e9mie qui prend du chemin en Guin\u00e9e. Une rencontre avec les m\u00e9dias s\u2019est tenue ce jeudi au minist\u00e8re de l\u2019Enseignement sup\u00e9rieur et de la recherche scientifique. [&hellip;]<\/p>\n","protected":false},"author":10,"featured_media":28973,"comment_status":"closed","ping_status":"closed","sticky":false,"template":"","format":"standard","meta":{"_exactmetrics_skip_tracking":false,"_exactmetrics_sitenote_active":false,"_exactmetrics_sitenote_note":"","_exactmetrics_sitenote_category":0,"tdm_status":"","tdm_grid_status":"","footnotes":""},"categories":[254,14,16],"tags":[439,441,60],"class_list":{"0":"post-28972","1":"post","2":"type-post","3":"status-publish","4":"format-standard","5":"has-post-thumbnail","7":"category-derniere-minute","8":"category-politique","9":"category-societe","10":"tag-covid19","11":"tag-guiinee","12":"tag-sante"},"yoast_head":"<!-- This site is optimized with the Yoast SEO plugin v24.2 - https:\/\/yoast.com\/wordpress\/plugins\/seo\/ -->\n<title>COVID-19 : Vers le confinement total \u00e0 Conakry ? | Guin\u00e9e Diversit\u00e9<\/title>\n<meta name=\"robots\" content=\"index, follow, max-snippet:-1, max-image-preview:large, max-video-preview:-1\" \/>\n<link rel=\"canonical\" href=\"https:\/\/guineediversite.com\/index.php\/2020\/05\/01\/covid-19-vers-le-confinement-total-a-conakry\/\" \/>\n<meta property=\"og:locale\" content=\"fr_FR\" \/>\n<meta property=\"og:type\" content=\"article\" \/>\n<meta property=\"og:title\" content=\"COVID-19 : Vers le confinement total \u00e0 Conakry ? | Guin\u00e9e Diversit\u00e9\" \/>\n<meta property=\"og:description\" content=\"Le Conseil Scientifique de Riposte contre la pand\u00e9mie de la maladie \u00e0 Coronavirus (COVID-19), a apport\u00e9 ses premi\u00e8res constat et recommandations dans le cadre de la lutte contre la pand\u00e9mie qui prend du chemin en Guin\u00e9e. Une rencontre avec les m\u00e9dias s\u2019est tenue ce jeudi au minist\u00e8re de l\u2019Enseignement sup\u00e9rieur et de la recherche scientifique. [&hellip;]\" \/>\n<meta property=\"og:url\" content=\"https:\/\/guineediversite.com\/index.php\/2020\/05\/01\/covid-19-vers-le-confinement-total-a-conakry\/\" \/>\n<meta property=\"og:site_name\" content=\"Guin\u00e9e Diversit\u00e9\" \/>\n<meta property=\"article:publisher\" content=\"https:\/\/www.facebook.com\/guineediversite\/\" \/>\n<meta property=\"article:published_time\" content=\"2020-05-01T13:12:54+00:00\" \/>\n<meta property=\"article:modified_time\" content=\"2020-05-01T13:12:56+00:00\" \/>\n<meta property=\"og:image\" content=\"https:\/\/guineediversite.com\/wp-content\/uploads\/2020\/05\/COVID19-GN.jpeg\" \/>\n\t<meta property=\"og:image:width\" content=\"1024\" \/>\n\t<meta property=\"og:image:height\" content=\"576\" \/>\n\t<meta property=\"og:image:type\" content=\"image\/jpeg\" \/>\n<meta name=\"author\" content=\"Morcire Camara\" \/>\n<meta name=\"twitter:card\" content=\"summary_large_image\" \/>\n<meta name=\"twitter:creator\" content=\"@GuineeDiversite\" \/>\n<meta name=\"twitter:site\" content=\"@GuineeDiversite\" \/>\n<meta name=\"twitter:label1\" content=\"\u00c9crit par\" \/>\n\t<meta name=\"twitter:data1\" content=\"Morcire Camara\" \/>\n\t<meta name=\"twitter:label2\" content=\"Dur\u00e9e de lecture estim\u00e9e\" \/>\n\t<meta name=\"twitter:data2\" content=\"4 minutes\" \/>\n<script type=\"application\/ld+json\" class=\"yoast-schema-graph\">{\"@context\":\"https:\/\/schema.org\",\"@graph\":[{\"@type\":\"Article\",\"@id\":\"https:\/\/guineediversite.com\/index.php\/2020\/05\/01\/covid-19-vers-le-confinement-total-a-conakry\/#article\",\"isPartOf\":{\"@id\":\"https:\/\/guineediversite.com\/index.php\/2020\/05\/01\/covid-19-vers-le-confinement-total-a-conakry\/\"},\"author\":{\"name\":\"Morcire Camara\",\"@id\":\"https:\/\/guineediversite.com\/#\/schema\/person\/fa362494c47202ce4b3adf55abcc9d01\"},\"headline\":\"COVID-19 : Vers le confinement total \u00e0 Conakry ?\",\"datePublished\":\"2020-05-01T13:12:54+00:00\",\"dateModified\":\"2020-05-01T13:12:56+00:00\",\"mainEntityOfPage\":{\"@id\":\"https:\/\/guineediversite.com\/index.php\/2020\/05\/01\/covid-19-vers-le-confinement-total-a-conakry\/\"},\"wordCount\":721,\"publisher\":{\"@id\":\"https:\/\/guineediversite.com\/#organization\"},\"image\":{\"@id\":\"https:\/\/guineediversite.com\/index.php\/2020\/05\/01\/covid-19-vers-le-confinement-total-a-conakry\/#primaryimage\"},\"thumbnailUrl\":\"https:\/\/guineediversite.com\/wp-content\/uploads\/2020\/05\/COVID19-GN.jpeg\",\"keywords\":[\"Covid19\",\"Guiin\u00e9e\",\"sant\u00e9\"],\"articleSection\":[\"Derni\u00e8re minute\",\"Politique\",\"Soci\u00e9t\u00e9\"],\"inLanguage\":\"fr-FR\"},{\"@type\":\"WebPage\",\"@id\":\"https:\/\/guineediversite.com\/index.php\/2020\/05\/01\/covid-19-vers-le-confinement-total-a-conakry\/\",\"url\":\"https:\/\/guineediversite.com\/index.php\/2020\/05\/01\/covid-19-vers-le-confinement-total-a-conakry\/\",\"name\":\"COVID-19 : Vers le confinement total \u00e0 Conakry ? | Guin\u00e9e Diversit\u00e9\",\"isPartOf\":{\"@id\":\"https:\/\/guineediversite.com\/#website\"},\"primaryImageOfPage\":{\"@id\":\"https:\/\/guineediversite.com\/index.php\/2020\/05\/01\/covid-19-vers-le-confinement-total-a-conakry\/#primaryimage\"},\"image\":{\"@id\":\"https:\/\/guineediversite.com\/index.php\/2020\/05\/01\/covid-19-vers-le-confinement-total-a-conakry\/#primaryimage\"},\"thumbnailUrl\":\"https:\/\/guineediversite.com\/wp-content\/uploads\/2020\/05\/COVID19-GN.jpeg\",\"datePublished\":\"2020-05-01T13:12:54+00:00\",\"dateModified\":\"2020-05-01T13:12:56+00:00\",\"breadcrumb\":{\"@id\":\"https:\/\/guineediversite.com\/index.php\/2020\/05\/01\/covid-19-vers-le-confinement-total-a-conakry\/#breadcrumb\"},\"inLanguage\":\"fr-FR\",\"potentialAction\":[{\"@type\":\"ReadAction\",\"target\":[\"https:\/\/guineediversite.com\/index.php\/2020\/05\/01\/covid-19-vers-le-confinement-total-a-conakry\/\"]}]},{\"@type\":\"ImageObject\",\"inLanguage\":\"fr-FR\",\"@id\":\"https:\/\/guineediversite.com\/index.php\/2020\/05\/01\/covid-19-vers-le-confinement-total-a-conakry\/#primaryimage\",\"url\":\"https:\/\/guineediversite.com\/wp-content\/uploads\/2020\/05\/COVID19-GN.jpeg\",\"contentUrl\":\"https:\/\/guineediversite.com\/wp-content\/uploads\/2020\/05\/COVID19-GN.jpeg\",\"width\":1024,\"height\":576},{\"@type\":\"BreadcrumbList\",\"@id\":\"https:\/\/guineediversite.com\/index.php\/2020\/05\/01\/covid-19-vers-le-confinement-total-a-conakry\/#breadcrumb\",\"itemListElement\":[{\"@type\":\"ListItem\",\"position\":1,\"name\":\"Accueil\",\"item\":\"https:\/\/guineediversite.com\/\"},{\"@type\":\"ListItem\",\"position\":2,\"name\":\"COVID-19 : Vers le confinement total \u00e0 Conakry ?\"}]},{\"@type\":\"WebSite\",\"@id\":\"https:\/\/guineediversite.com\/#website\",\"url\":\"https:\/\/guineediversite.com\/\",\"name\":\"Guin\u00e9e Diversit\u00e9\",\"description\":\"L&#039;Info dans toute sa diversit\u00e9\",\"publisher\":{\"@id\":\"https:\/\/guineediversite.com\/#organization\"},\"potentialAction\":[{\"@type\":\"SearchAction\",\"target\":{\"@type\":\"EntryPoint\",\"urlTemplate\":\"https:\/\/guineediversite.com\/?s={search_term_string}\"},\"query-input\":{\"@type\":\"PropertyValueSpecification\",\"valueRequired\":true,\"valueName\":\"search_term_string\"}}],\"inLanguage\":\"fr-FR\"},{\"@type\":\"Organization\",\"@id\":\"https:\/\/guineediversite.com\/#organization\",\"name\":\"Guin\u00e9e Diversit\u00e9\",\"url\":\"https:\/\/guineediversite.com\/\",\"logo\":{\"@type\":\"ImageObject\",\"inLanguage\":\"fr-FR\",\"@id\":\"https:\/\/guineediversite.com\/#\/schema\/logo\/image\/\",\"url\":\"https:\/\/guineediversite.com\/wp-content\/uploads\/2017\/04\/cropped-1jojlxEOMkX9Wyqfhe43D6kjPOGqBBKmx3EwWJqZ0cMrFF54yM49.png\",\"contentUrl\":\"https:\/\/guineediversite.com\/wp-content\/uploads\/2017\/04\/cropped-1jojlxEOMkX9Wyqfhe43D6kjPOGqBBKmx3EwWJqZ0cMrFF54yM49.png\",\"width\":186,\"height\":112,\"caption\":\"Guin\u00e9e Diversit\u00e9\"},\"image\":{\"@id\":\"https:\/\/guineediversite.com\/#\/schema\/logo\/image\/\"},\"sameAs\":[\"https:\/\/www.facebook.com\/guineediversite\/\",\"https:\/\/x.com\/GuineeDiversite\",\"https:\/\/www.youtube.com\/channel\/UC8sUY16qelG5ge6_D5SB83g\"]},{\"@type\":\"Person\",\"@id\":\"https:\/\/guineediversite.com\/#\/schema\/person\/fa362494c47202ce4b3adf55abcc9d01\",\"name\":\"Morcire Camara\",\"image\":{\"@type\":\"ImageObject\",\"inLanguage\":\"fr-FR\",\"@id\":\"https:\/\/guineediversite.com\/#\/schema\/person\/image\/\",\"url\":\"https:\/\/secure.gravatar.com\/avatar\/3ec324f02295bbcebe03d99b39330ab4?s=96&d=mm&r=g\",\"contentUrl\":\"https:\/\/secure.gravatar.com\/avatar\/3ec324f02295bbcebe03d99b39330ab4?s=96&d=mm&r=g\",\"caption\":\"Morcire Camara\"},\"url\":\"https:\/\/guineediversite.com\/index.php\/author\/morcire\/\"}]}<\/script>\n<!-- \/ Yoast SEO plugin. -->","yoast_head_json":{"title":"COVID-19 : Vers le confinement total \u00e0 Conakry ? | Guin\u00e9e Diversit\u00e9","robots":{"index":"index","follow":"follow","max-snippet":"max-snippet:-1","max-image-preview":"max-image-preview:large","max-video-preview":"max-video-preview:-1"},"canonical":"https:\/\/guineediversite.com\/index.php\/2020\/05\/01\/covid-19-vers-le-confinement-total-a-conakry\/","og_locale":"fr_FR","og_type":"article","og_title":"COVID-19 : Vers le confinement total \u00e0 Conakry ? | Guin\u00e9e Diversit\u00e9","og_description":"Le Conseil Scientifique de Riposte contre la pand\u00e9mie de la maladie \u00e0 Coronavirus (COVID-19), a apport\u00e9 ses premi\u00e8res constat et recommandations dans le cadre de la lutte contre la pand\u00e9mie qui prend du chemin en Guin\u00e9e. Une rencontre avec les m\u00e9dias s\u2019est tenue ce jeudi au minist\u00e8re de l\u2019Enseignement sup\u00e9rieur et de la recherche scientifique. [&hellip;]","og_url":"https:\/\/guineediversite.com\/index.php\/2020\/05\/01\/covid-19-vers-le-confinement-total-a-conakry\/","og_site_name":"Guin\u00e9e Diversit\u00e9","article_publisher":"https:\/\/www.facebook.com\/guineediversite\/","article_published_time":"2020-05-01T13:12:54+00:00","article_modified_time":"2020-05-01T13:12:56+00:00","og_image":[{"width":1024,"height":576,"url":"https:\/\/guineediversite.com\/wp-content\/uploads\/2020\/05\/COVID19-GN.jpeg","type":"image\/jpeg"}],"author":"Morcire Camara","twitter_card":"summary_large_image","twitter_creator":"@GuineeDiversite","twitter_site":"@GuineeDiversite","twitter_misc":{"\u00c9crit par":"Morcire Camara","Dur\u00e9e de lecture estim\u00e9e":"4 minutes"},"schema":{"@context":"https:\/\/schema.org","@graph":[{"@type":"Article","@id":"https:\/\/guineediversite.com\/index.php\/2020\/05\/01\/covid-19-vers-le-confinement-total-a-conakry\/#article","isPartOf":{"@id":"https:\/\/guineediversite.com\/index.php\/2020\/05\/01\/covid-19-vers-le-confinement-total-a-conakry\/"},"author":{"name":"Morcire Camara","@id":"https:\/\/guineediversite.com\/#\/schema\/person\/fa362494c47202ce4b3adf55abcc9d01"},"headline":"COVID-19 : Vers le confinement total \u00e0 Conakry ?","datePublished":"2020-05-01T13:12:54+00:00","dateModified":"2020-05-01T13:12:56+00:00","mainEntityOfPage":{"@id":"https:\/\/guineediversite.com\/index.php\/2020\/05\/01\/covid-19-vers-le-confinement-total-a-conakry\/"},"wordCount":721,"publisher":{"@id":"https:\/\/guineediversite.com\/#organization"},"image":{"@id":"https:\/\/guineediversite.com\/index.php\/2020\/05\/01\/covid-19-vers-le-confinement-total-a-conakry\/#primaryimage"},"thumbnailUrl":"https:\/\/guineediversite.com\/wp-content\/uploads\/2020\/05\/COVID19-GN.jpeg","keywords":["Covid19","Guiin\u00e9e","sant\u00e9"],"articleSection":["Derni\u00e8re minute","Politique","Soci\u00e9t\u00e9"],"inLanguage":"fr-FR"},{"@type":"WebPage","@id":"https:\/\/guineediversite.com\/index.php\/2020\/05\/01\/covid-19-vers-le-confinement-total-a-conakry\/","url":"https:\/\/guineediversite.com\/index.php\/2020\/05\/01\/covid-19-vers-le-confinement-total-a-conakry\/","name":"COVID-19 : Vers le confinement total \u00e0 Conakry ? | Guin\u00e9e Diversit\u00e9","isPartOf":{"@id":"https:\/\/guineediversite.com\/#website"},"primaryImageOfPage":{"@id":"https:\/\/guineediversite.com\/index.php\/2020\/05\/01\/covid-19-vers-le-confinement-total-a-conakry\/#primaryimage"},"image":{"@id":"https:\/\/guineediversite.com\/index.php\/2020\/05\/01\/covid-19-vers-le-confinement-total-a-conakry\/#primaryimage"},"thumbnailUrl":"https:\/\/guineediversite.com\/wp-content\/uploads\/2020\/05\/COVID19-GN.jpeg","datePublished":"2020-05-01T13:12:54+00:00","dateModified":"2020-05-01T13:12:56+00:00","breadcrumb":{"@id":"https:\/\/guineediversite.com\/index.php\/2020\/05\/01\/covid-19-vers-le-confinement-total-a-conakry\/#breadcrumb"},"inLanguage":"fr-FR","potentialAction":[{"@type":"ReadAction","target":["https:\/\/guineediversite.com\/index.php\/2020\/05\/01\/covid-19-vers-le-confinement-total-a-conakry\/"]}]},{"@type":"ImageObject","inLanguage":"fr-FR","@id":"https:\/\/guineediversite.com\/index.php\/2020\/05\/01\/covid-19-vers-le-confinement-total-a-conakry\/#primaryimage","url":"https:\/\/guineediversite.com\/wp-content\/uploads\/2020\/05\/COVID19-GN.jpeg","contentUrl":"https:\/\/guineediversite.com\/wp-content\/uploads\/2020\/05\/COVID19-GN.jpeg","width":1024,"height":576},{"@type":"BreadcrumbList","@id":"https:\/\/guineediversite.com\/index.php\/2020\/05\/01\/covid-19-vers-le-confinement-total-a-conakry\/#breadcrumb","itemListElement":[{"@type":"ListItem","position":1,"name":"Accueil","item":"https:\/\/guineediversite.com\/"},{"@type":"ListItem","position":2,"name":"COVID-19 : Vers le confinement total \u00e0 Conakry ?"}]},{"@type":"WebSite","@id":"https:\/\/guineediversite.com\/#website","url":"https:\/\/guineediversite.com\/","name":"Guin\u00e9e Diversit\u00e9","description":"L&#039;Info dans toute sa diversit\u00e9","publisher":{"@id":"https:\/\/guineediversite.com\/#organization"},"potentialAction":[{"@type":"SearchAction","target":{"@type":"EntryPoint","urlTemplate":"https:\/\/guineediversite.com\/?s={search_term_string}"},"query-input":{"@type":"PropertyValueSpecification","valueRequired":true,"valueName":"search_term_string"}}],"inLanguage":"fr-FR"},{"@type":"Organization","@id":"https:\/\/guineediversite.com\/#organization","name":"Guin\u00e9e Diversit\u00e9","url":"https:\/\/guineediversite.com\/","logo":{"@type":"ImageObject","inLanguage":"fr-FR","@id":"https:\/\/guineediversite.com\/#\/schema\/logo\/image\/","url":"https:\/\/guineediversite.com\/wp-content\/uploads\/2017\/04\/cropped-1jojlxEOMkX9Wyqfhe43D6kjPOGqBBKmx3EwWJqZ0cMrFF54yM49.png","contentUrl":"https:\/\/guineediversite.com\/wp-content\/uploads\/2017\/04\/cropped-1jojlxEOMkX9Wyqfhe43D6kjPOGqBBKmx3EwWJqZ0cMrFF54yM49.png","width":186,"height":112,"caption":"Guin\u00e9e Diversit\u00e9"},"image":{"@id":"https:\/\/guineediversite.com\/#\/schema\/logo\/image\/"},"sameAs":["https:\/\/www.facebook.com\/guineediversite\/","https:\/\/x.com\/GuineeDiversite","https:\/\/www.youtube.com\/channel\/UC8sUY16qelG5ge6_D5SB83g"]},{"@type":"Person","@id":"https:\/\/guineediversite.com\/#\/schema\/person\/fa362494c47202ce4b3adf55abcc9d01","name":"Morcire Camara","image":{"@type":"ImageObject","inLanguage":"fr-FR","@id":"https:\/\/guineediversite.com\/#\/schema\/person\/image\/","url":"https:\/\/secure.gravatar.com\/avatar\/3ec324f02295bbcebe03d99b39330ab4?s=96&d=mm&r=g","contentUrl":"https:\/\/secure.gravatar.com\/avatar\/3ec324f02295bbcebe03d99b39330ab4?s=96&d=mm&r=g","caption":"Morcire Camara"},"url":"https:\/\/guineediversite.com\/index.php\/author\/morcire\/"}]}},"_links":{"self":[{"href":"https:\/\/guineediversite.com\/index.php\/wp-json\/wp\/v2\/posts\/28972"}],"collection":[{"href":"https:\/\/guineediversite.com\/index.php\/wp-json\/wp\/v2\/posts"}],"about":[{"href":"https:\/\/guineediversite.com\/index.php\/wp-json\/wp\/v2\/types\/post"}],"author":[{"embeddable":true,"href":"https:\/\/guineediversite.com\/index.php\/wp-json\/wp\/v2\/users\/10"}],"replies":[{"embeddable":true,"href":"https:\/\/guineediversite.com\/index.php\/wp-json\/wp\/v2\/comments?post=28972"}],"version-history":[{"count":1,"href":"https:\/\/guineediversite.com\/index.php\/wp-json\/wp\/v2\/posts\/28972\/revisions"}],"predecessor-version":[{"id":28974,"href":"https:\/\/guineediversite.com\/index.php\/wp-json\/wp\/v2\/posts\/28972\/revisions\/28974"}],"wp:featuredmedia":[{"embeddable":true,"href":"https:\/\/guineediversite.com\/index.php\/wp-json\/wp\/v2\/media\/28973"}],"wp:attachment":[{"href":"https:\/\/guineediversite.com\/index.php\/wp-json\/wp\/v2\/media?parent=28972"}],"wp:term":[{"taxonomy":"category","embeddable":true,"href":"https:\/\/guineediversite.com\/index.php\/wp-json\/wp\/v2\/categories?post=28972"},{"taxonomy":"post_tag","embeddable":true,"href":"https:\/\/guineediversite.com\/index.php\/wp-json\/wp\/v2\/tags?post=28972"}],"curies":[{"name":"wp","href":"https:\/\/api.w.org\/{rel}","templated":true}]}}