{"id":28951,"date":"2020-04-29T17:26:14","date_gmt":"2020-04-29T15:26:14","guid":{"rendered":"https:\/\/guineediversite.com\/?p=28951"},"modified":"2020-04-29T17:26:16","modified_gmt":"2020-04-29T15:26:16","slug":"education-ca-ne-sera-pas-une-annee-blanche-ca-cest-au-moins-sur-le-ministre-mory-sangare","status":"publish","type":"post","link":"https:\/\/guineediversite.com\/index.php\/2020\/04\/29\/education-ca-ne-sera-pas-une-annee-blanche-ca-cest-au-moins-sur-le-ministre-mory-sangare\/","title":{"rendered":"\u00c9ducation : \u00ab\u00e7a ne sera pas une ann\u00e9e blanche, \u00e7a c\u2019est au moins s\u00fbr(\u2026) \u00bb, le ministre Mory Sangar\u00e9"},"content":{"rendered":"\n<p>C\u2019est le secteur qui a connu beaucoup plus de crise en Guin\u00e9e ces derni\u00e8res ann\u00e9es, notamment des gr\u00e8ves \u00e0 r\u00e9p\u00e9tition du SLECG et voil\u00e0 une autre qui est le coronavirus.<\/p>\n\n\n\n<p>Malgr\u00e9 cette p\u00e9riode sombre, les autorit\u00e9s de l\u2019\u00e9ducation guin\u00e9ennes comptent organiser les examens nationaux cette ann\u00e9e. Mory Sangar\u00e9, ministre de l\u2019\u00e9ducation nationale et de l\u2019alphab\u00e9tisation, indique qu\u2019il y\u2019aura pas d\u2019ann\u00e9e blanche.<\/p>\n\n\n\n<p>&nbsp;\u00ab <em>Nous sommes dans une p\u00e9riode de crise. Ce qui est clair, nous ferons les examens, en tout cas, \u00e7a ne sera pas une ann\u00e9e blanche, \u00e7a c\u2019est au moins s\u00fbr. Nous prendrons toutes les dispositions pour que ce ne soit pas le cas <\/em>\u00bb, a-t-il dit ce mercredi Mory Sangar\u00e9 chez nos confr\u00e8res de mosaiqueguinee.<\/p>\n\n\n\n<p>A pr\u00e9cis\u00e9 que, le d\u00e9partement en charge de l\u2019\u00e9ducation nationale \u00e0 d&rsquo;ores et d\u00e9j\u00e0 organis\u00e9 des cours \u00e0 la T\u00e9l\u00e9vision Nationale. Des cours que bon nombre d\u2019\u00e9l\u00e8ves critiques.<\/p>\n","protected":false},"excerpt":{"rendered":"<p>C\u2019est le secteur qui a connu beaucoup plus de crise en Guin\u00e9e ces derni\u00e8res ann\u00e9es, notamment des gr\u00e8ves \u00e0 r\u00e9p\u00e9tition du SLECG et voil\u00e0 une autre qui est le coronavirus. Malgr\u00e9 cette p\u00e9riode sombre, les autorit\u00e9s de l\u2019\u00e9ducation guin\u00e9ennes comptent organiser les examens nationaux cette ann\u00e9e. Mory Sangar\u00e9, ministre de l\u2019\u00e9ducation nationale et de l\u2019alphab\u00e9tisation, [&hellip;]<\/p>\n","protected":false},"author":7,"featured_media":28952,"comment_status":"closed","ping_status":"closed","sticky":false,"template":"","format":"standard","meta":{"_exactmetrics_skip_tracking":false,"_exactmetrics_sitenote_active":false,"_exactmetrics_sitenote_note":"","_exactmetrics_sitenote_category":0,"tdm_status":"","tdm_grid_status":"","footnotes":""},"categories":[16],"tags":[],"class_list":{"0":"post-28951","1":"post","2":"type-post","3":"status-publish","4":"format-standard","5":"has-post-thumbnail","7":"category-societe"},"yoast_head":"<!-- This site is optimized with the Yoast SEO plugin v24.2 - https:\/\/yoast.com\/wordpress\/plugins\/seo\/ -->\n<title>\u00c9ducation : \u00ab\u00e7a ne sera pas une ann\u00e9e blanche, \u00e7a c\u2019est au moins s\u00fbr(\u2026) \u00bb, le ministre Mory Sangar\u00e9 | Guin\u00e9e Diversit\u00e9<\/title>\n<meta name=\"robots\" content=\"index, follow, max-snippet:-1, max-image-preview:large, max-video-preview:-1\" \/>\n<link rel=\"canonical\" href=\"https:\/\/guineediversite.com\/index.php\/2020\/04\/29\/education-ca-ne-sera-pas-une-annee-blanche-ca-cest-au-moins-sur-le-ministre-mory-sangare\/\" \/>\n<meta property=\"og:locale\" content=\"fr_FR\" \/>\n<meta property=\"og:type\" content=\"article\" \/>\n<meta property=\"og:title\" content=\"\u00c9ducation : \u00ab\u00e7a ne sera pas une ann\u00e9e blanche, \u00e7a c\u2019est au moins s\u00fbr(\u2026) \u00bb, le ministre Mory Sangar\u00e9 | Guin\u00e9e Diversit\u00e9\" \/>\n<meta property=\"og:description\" content=\"C\u2019est le secteur qui a connu beaucoup plus de crise en Guin\u00e9e ces derni\u00e8res ann\u00e9es, notamment des gr\u00e8ves \u00e0 r\u00e9p\u00e9tition du SLECG et voil\u00e0 une autre qui est le coronavirus. Malgr\u00e9 cette p\u00e9riode sombre, les autorit\u00e9s de l\u2019\u00e9ducation guin\u00e9ennes comptent organiser les examens nationaux cette ann\u00e9e. Mory Sangar\u00e9, ministre de l\u2019\u00e9ducation nationale et de l\u2019alphab\u00e9tisation, [&hellip;]\" \/>\n<meta property=\"og:url\" content=\"https:\/\/guineediversite.com\/index.php\/2020\/04\/29\/education-ca-ne-sera-pas-une-annee-blanche-ca-cest-au-moins-sur-le-ministre-mory-sangare\/\" \/>\n<meta property=\"og:site_name\" content=\"Guin\u00e9e Diversit\u00e9\" \/>\n<meta property=\"article:publisher\" content=\"https:\/\/www.facebook.com\/guineediversite\/\" \/>\n<meta property=\"article:published_time\" content=\"2020-04-29T15:26:14+00:00\" \/>\n<meta property=\"article:modified_time\" content=\"2020-04-29T15:26:16+00:00\" \/>\n<meta property=\"og:image\" content=\"https:\/\/guineediversite.com\/wp-content\/uploads\/2020\/04\/MORY-SANGARE.jpg\" \/>\n\t<meta property=\"og:image:width\" content=\"1500\" \/>\n\t<meta property=\"og:image:height\" content=\"908\" \/>\n\t<meta property=\"og:image:type\" content=\"image\/jpeg\" \/>\n<meta name=\"author\" content=\"Bilguissa Diallo\" \/>\n<meta name=\"twitter:card\" content=\"summary_large_image\" \/>\n<meta name=\"twitter:creator\" content=\"@GuineeDiversite\" \/>\n<meta name=\"twitter:site\" content=\"@GuineeDiversite\" \/>\n<meta name=\"twitter:label1\" content=\"\u00c9crit par\" \/>\n\t<meta name=\"twitter:data1\" content=\"Bilguissa Diallo\" \/>\n\t<meta name=\"twitter:label2\" content=\"Dur\u00e9e de lecture estim\u00e9e\" \/>\n\t<meta name=\"twitter:data2\" content=\"1 minute\" \/>\n<script type=\"application\/ld+json\" class=\"yoast-schema-graph\">{\"@context\":\"https:\/\/schema.org\",\"@graph\":[{\"@type\":\"Article\",\"@id\":\"https:\/\/guineediversite.com\/index.php\/2020\/04\/29\/education-ca-ne-sera-pas-une-annee-blanche-ca-cest-au-moins-sur-le-ministre-mory-sangare\/#article\",\"isPartOf\":{\"@id\":\"https:\/\/guineediversite.com\/index.php\/2020\/04\/29\/education-ca-ne-sera-pas-une-annee-blanche-ca-cest-au-moins-sur-le-ministre-mory-sangare\/\"},\"author\":{\"name\":\"Bilguissa Diallo\",\"@id\":\"https:\/\/guineediversite.com\/#\/schema\/person\/0e0e3e424768a50d025ac2218ccca73f\"},\"headline\":\"\u00c9ducation : \u00ab\u00e7a ne sera pas une ann\u00e9e blanche, \u00e7a c\u2019est au moins s\u00fbr(\u2026) \u00bb, le ministre Mory Sangar\u00e9\",\"datePublished\":\"2020-04-29T15:26:14+00:00\",\"dateModified\":\"2020-04-29T15:26:16+00:00\",\"mainEntityOfPage\":{\"@id\":\"https:\/\/guineediversite.com\/index.php\/2020\/04\/29\/education-ca-ne-sera-pas-une-annee-blanche-ca-cest-au-moins-sur-le-ministre-mory-sangare\/\"},\"wordCount\":194,\"publisher\":{\"@id\":\"https:\/\/guineediversite.com\/#organization\"},\"image\":{\"@id\":\"https:\/\/guineediversite.com\/index.php\/2020\/04\/29\/education-ca-ne-sera-pas-une-annee-blanche-ca-cest-au-moins-sur-le-ministre-mory-sangare\/#primaryimage\"},\"thumbnailUrl\":\"https:\/\/guineediversite.com\/wp-content\/uploads\/2020\/04\/MORY-SANGARE.jpg\",\"articleSection\":[\"Soci\u00e9t\u00e9\"],\"inLanguage\":\"fr-FR\"},{\"@type\":\"WebPage\",\"@id\":\"https:\/\/guineediversite.com\/index.php\/2020\/04\/29\/education-ca-ne-sera-pas-une-annee-blanche-ca-cest-au-moins-sur-le-ministre-mory-sangare\/\",\"url\":\"https:\/\/guineediversite.com\/index.php\/2020\/04\/29\/education-ca-ne-sera-pas-une-annee-blanche-ca-cest-au-moins-sur-le-ministre-mory-sangare\/\",\"name\":\"\u00c9ducation : \u00ab\u00e7a ne sera pas une ann\u00e9e blanche, \u00e7a c\u2019est au moins s\u00fbr(\u2026) \u00bb, le ministre Mory Sangar\u00e9 | Guin\u00e9e Diversit\u00e9\",\"isPartOf\":{\"@id\":\"https:\/\/guineediversite.com\/#website\"},\"primaryImageOfPage\":{\"@id\":\"https:\/\/guineediversite.com\/index.php\/2020\/04\/29\/education-ca-ne-sera-pas-une-annee-blanche-ca-cest-au-moins-sur-le-ministre-mory-sangare\/#primaryimage\"},\"image\":{\"@id\":\"https:\/\/guineediversite.com\/index.php\/2020\/04\/29\/education-ca-ne-sera-pas-une-annee-blanche-ca-cest-au-moins-sur-le-ministre-mory-sangare\/#primaryimage\"},\"thumbnailUrl\":\"https:\/\/guineediversite.com\/wp-content\/uploads\/2020\/04\/MORY-SANGARE.jpg\",\"datePublished\":\"2020-04-29T15:26:14+00:00\",\"dateModified\":\"2020-04-29T15:26:16+00:00\",\"breadcrumb\":{\"@id\":\"https:\/\/guineediversite.com\/index.php\/2020\/04\/29\/education-ca-ne-sera-pas-une-annee-blanche-ca-cest-au-moins-sur-le-ministre-mory-sangare\/#breadcrumb\"},\"inLanguage\":\"fr-FR\",\"potentialAction\":[{\"@type\":\"ReadAction\",\"target\":[\"https:\/\/guineediversite.com\/index.php\/2020\/04\/29\/education-ca-ne-sera-pas-une-annee-blanche-ca-cest-au-moins-sur-le-ministre-mory-sangare\/\"]}]},{\"@type\":\"ImageObject\",\"inLanguage\":\"fr-FR\",\"@id\":\"https:\/\/guineediversite.com\/index.php\/2020\/04\/29\/education-ca-ne-sera-pas-une-annee-blanche-ca-cest-au-moins-sur-le-ministre-mory-sangare\/#primaryimage\",\"url\":\"https:\/\/guineediversite.com\/wp-content\/uploads\/2020\/04\/MORY-SANGARE.jpg\",\"contentUrl\":\"https:\/\/guineediversite.com\/wp-content\/uploads\/2020\/04\/MORY-SANGARE.jpg\",\"width\":1500,\"height\":908},{\"@type\":\"BreadcrumbList\",\"@id\":\"https:\/\/guineediversite.com\/index.php\/2020\/04\/29\/education-ca-ne-sera-pas-une-annee-blanche-ca-cest-au-moins-sur-le-ministre-mory-sangare\/#breadcrumb\",\"itemListElement\":[{\"@type\":\"ListItem\",\"position\":1,\"name\":\"Accueil\",\"item\":\"https:\/\/guineediversite.com\/\"},{\"@type\":\"ListItem\",\"position\":2,\"name\":\"\u00c9ducation : \u00ab\u00e7a ne sera pas une ann\u00e9e blanche, \u00e7a c\u2019est au moins s\u00fbr(\u2026) \u00bb, le ministre Mory Sangar\u00e9\"}]},{\"@type\":\"WebSite\",\"@id\":\"https:\/\/guineediversite.com\/#website\",\"url\":\"https:\/\/guineediversite.com\/\",\"name\":\"Guin\u00e9e Diversit\u00e9\",\"description\":\"L&#039;Info dans toute sa diversit\u00e9\",\"publisher\":{\"@id\":\"https:\/\/guineediversite.com\/#organization\"},\"potentialAction\":[{\"@type\":\"SearchAction\",\"target\":{\"@type\":\"EntryPoint\",\"urlTemplate\":\"https:\/\/guineediversite.com\/?s={search_term_string}\"},\"query-input\":{\"@type\":\"PropertyValueSpecification\",\"valueRequired\":true,\"valueName\":\"search_term_string\"}}],\"inLanguage\":\"fr-FR\"},{\"@type\":\"Organization\",\"@id\":\"https:\/\/guineediversite.com\/#organization\",\"name\":\"Guin\u00e9e Diversit\u00e9\",\"url\":\"https:\/\/guineediversite.com\/\",\"logo\":{\"@type\":\"ImageObject\",\"inLanguage\":\"fr-FR\",\"@id\":\"https:\/\/guineediversite.com\/#\/schema\/logo\/image\/\",\"url\":\"https:\/\/guineediversite.com\/wp-content\/uploads\/2017\/04\/cropped-1jojlxEOMkX9Wyqfhe43D6kjPOGqBBKmx3EwWJqZ0cMrFF54yM49.png\",\"contentUrl\":\"https:\/\/guineediversite.com\/wp-content\/uploads\/2017\/04\/cropped-1jojlxEOMkX9Wyqfhe43D6kjPOGqBBKmx3EwWJqZ0cMrFF54yM49.png\",\"width\":186,\"height\":112,\"caption\":\"Guin\u00e9e Diversit\u00e9\"},\"image\":{\"@id\":\"https:\/\/guineediversite.com\/#\/schema\/logo\/image\/\"},\"sameAs\":[\"https:\/\/www.facebook.com\/guineediversite\/\",\"https:\/\/x.com\/GuineeDiversite\",\"https:\/\/www.youtube.com\/channel\/UC8sUY16qelG5ge6_D5SB83g\"]},{\"@type\":\"Person\",\"@id\":\"https:\/\/guineediversite.com\/#\/schema\/person\/0e0e3e424768a50d025ac2218ccca73f\",\"name\":\"Bilguissa Diallo\",\"image\":{\"@type\":\"ImageObject\",\"inLanguage\":\"fr-FR\",\"@id\":\"https:\/\/guineediversite.com\/#\/schema\/person\/image\/\",\"url\":\"https:\/\/secure.gravatar.com\/avatar\/49bbbd2420ee34d62b1b191791f4b5df?s=96&d=mm&r=g\",\"contentUrl\":\"https:\/\/secure.gravatar.com\/avatar\/49bbbd2420ee34d62b1b191791f4b5df?s=96&d=mm&r=g\",\"caption\":\"Bilguissa Diallo\"},\"url\":\"https:\/\/guineediversite.com\/index.php\/author\/bilguissa\/\"}]}<\/script>\n<!-- \/ Yoast SEO plugin. -->","yoast_head_json":{"title":"\u00c9ducation : \u00ab\u00e7a ne sera pas une ann\u00e9e blanche, \u00e7a c\u2019est au moins s\u00fbr(\u2026) \u00bb, le ministre Mory Sangar\u00e9 | Guin\u00e9e Diversit\u00e9","robots":{"index":"index","follow":"follow","max-snippet":"max-snippet:-1","max-image-preview":"max-image-preview:large","max-video-preview":"max-video-preview:-1"},"canonical":"https:\/\/guineediversite.com\/index.php\/2020\/04\/29\/education-ca-ne-sera-pas-une-annee-blanche-ca-cest-au-moins-sur-le-ministre-mory-sangare\/","og_locale":"fr_FR","og_type":"article","og_title":"\u00c9ducation : \u00ab\u00e7a ne sera pas une ann\u00e9e blanche, \u00e7a c\u2019est au moins s\u00fbr(\u2026) \u00bb, le ministre Mory Sangar\u00e9 | Guin\u00e9e Diversit\u00e9","og_description":"C\u2019est le secteur qui a connu beaucoup plus de crise en Guin\u00e9e ces derni\u00e8res ann\u00e9es, notamment des gr\u00e8ves \u00e0 r\u00e9p\u00e9tition du SLECG et voil\u00e0 une autre qui est le coronavirus. Malgr\u00e9 cette p\u00e9riode sombre, les autorit\u00e9s de l\u2019\u00e9ducation guin\u00e9ennes comptent organiser les examens nationaux cette ann\u00e9e. Mory Sangar\u00e9, ministre de l\u2019\u00e9ducation nationale et de l\u2019alphab\u00e9tisation, [&hellip;]","og_url":"https:\/\/guineediversite.com\/index.php\/2020\/04\/29\/education-ca-ne-sera-pas-une-annee-blanche-ca-cest-au-moins-sur-le-ministre-mory-sangare\/","og_site_name":"Guin\u00e9e Diversit\u00e9","article_publisher":"https:\/\/www.facebook.com\/guineediversite\/","article_published_time":"2020-04-29T15:26:14+00:00","article_modified_time":"2020-04-29T15:26:16+00:00","og_image":[{"width":1500,"height":908,"url":"https:\/\/guineediversite.com\/wp-content\/uploads\/2020\/04\/MORY-SANGARE.jpg","type":"image\/jpeg"}],"author":"Bilguissa Diallo","twitter_card":"summary_large_image","twitter_creator":"@GuineeDiversite","twitter_site":"@GuineeDiversite","twitter_misc":{"\u00c9crit par":"Bilguissa Diallo","Dur\u00e9e de lecture estim\u00e9e":"1 minute"},"schema":{"@context":"https:\/\/schema.org","@graph":[{"@type":"Article","@id":"https:\/\/guineediversite.com\/index.php\/2020\/04\/29\/education-ca-ne-sera-pas-une-annee-blanche-ca-cest-au-moins-sur-le-ministre-mory-sangare\/#article","isPartOf":{"@id":"https:\/\/guineediversite.com\/index.php\/2020\/04\/29\/education-ca-ne-sera-pas-une-annee-blanche-ca-cest-au-moins-sur-le-ministre-mory-sangare\/"},"author":{"name":"Bilguissa Diallo","@id":"https:\/\/guineediversite.com\/#\/schema\/person\/0e0e3e424768a50d025ac2218ccca73f"},"headline":"\u00c9ducation : \u00ab\u00e7a ne sera pas une ann\u00e9e blanche, \u00e7a c\u2019est au moins s\u00fbr(\u2026) \u00bb, le ministre Mory Sangar\u00e9","datePublished":"2020-04-29T15:26:14+00:00","dateModified":"2020-04-29T15:26:16+00:00","mainEntityOfPage":{"@id":"https:\/\/guineediversite.com\/index.php\/2020\/04\/29\/education-ca-ne-sera-pas-une-annee-blanche-ca-cest-au-moins-sur-le-ministre-mory-sangare\/"},"wordCount":194,"publisher":{"@id":"https:\/\/guineediversite.com\/#organization"},"image":{"@id":"https:\/\/guineediversite.com\/index.php\/2020\/04\/29\/education-ca-ne-sera-pas-une-annee-blanche-ca-cest-au-moins-sur-le-ministre-mory-sangare\/#primaryimage"},"thumbnailUrl":"https:\/\/guineediversite.com\/wp-content\/uploads\/2020\/04\/MORY-SANGARE.jpg","articleSection":["Soci\u00e9t\u00e9"],"inLanguage":"fr-FR"},{"@type":"WebPage","@id":"https:\/\/guineediversite.com\/index.php\/2020\/04\/29\/education-ca-ne-sera-pas-une-annee-blanche-ca-cest-au-moins-sur-le-ministre-mory-sangare\/","url":"https:\/\/guineediversite.com\/index.php\/2020\/04\/29\/education-ca-ne-sera-pas-une-annee-blanche-ca-cest-au-moins-sur-le-ministre-mory-sangare\/","name":"\u00c9ducation : \u00ab\u00e7a ne sera pas une ann\u00e9e blanche, \u00e7a c\u2019est au moins s\u00fbr(\u2026) \u00bb, le ministre Mory Sangar\u00e9 | Guin\u00e9e Diversit\u00e9","isPartOf":{"@id":"https:\/\/guineediversite.com\/#website"},"primaryImageOfPage":{"@id":"https:\/\/guineediversite.com\/index.php\/2020\/04\/29\/education-ca-ne-sera-pas-une-annee-blanche-ca-cest-au-moins-sur-le-ministre-mory-sangare\/#primaryimage"},"image":{"@id":"https:\/\/guineediversite.com\/index.php\/2020\/04\/29\/education-ca-ne-sera-pas-une-annee-blanche-ca-cest-au-moins-sur-le-ministre-mory-sangare\/#primaryimage"},"thumbnailUrl":"https:\/\/guineediversite.com\/wp-content\/uploads\/2020\/04\/MORY-SANGARE.jpg","datePublished":"2020-04-29T15:26:14+00:00","dateModified":"2020-04-29T15:26:16+00:00","breadcrumb":{"@id":"https:\/\/guineediversite.com\/index.php\/2020\/04\/29\/education-ca-ne-sera-pas-une-annee-blanche-ca-cest-au-moins-sur-le-ministre-mory-sangare\/#breadcrumb"},"inLanguage":"fr-FR","potentialAction":[{"@type":"ReadAction","target":["https:\/\/guineediversite.com\/index.php\/2020\/04\/29\/education-ca-ne-sera-pas-une-annee-blanche-ca-cest-au-moins-sur-le-ministre-mory-sangare\/"]}]},{"@type":"ImageObject","inLanguage":"fr-FR","@id":"https:\/\/guineediversite.com\/index.php\/2020\/04\/29\/education-ca-ne-sera-pas-une-annee-blanche-ca-cest-au-moins-sur-le-ministre-mory-sangare\/#primaryimage","url":"https:\/\/guineediversite.com\/wp-content\/uploads\/2020\/04\/MORY-SANGARE.jpg","contentUrl":"https:\/\/guineediversite.com\/wp-content\/uploads\/2020\/04\/MORY-SANGARE.jpg","width":1500,"height":908},{"@type":"BreadcrumbList","@id":"https:\/\/guineediversite.com\/index.php\/2020\/04\/29\/education-ca-ne-sera-pas-une-annee-blanche-ca-cest-au-moins-sur-le-ministre-mory-sangare\/#breadcrumb","itemListElement":[{"@type":"ListItem","position":1,"name":"Accueil","item":"https:\/\/guineediversite.com\/"},{"@type":"ListItem","position":2,"name":"\u00c9ducation : \u00ab\u00e7a ne sera pas une ann\u00e9e blanche, \u00e7a c\u2019est au moins s\u00fbr(\u2026) \u00bb, le ministre Mory Sangar\u00e9"}]},{"@type":"WebSite","@id":"https:\/\/guineediversite.com\/#website","url":"https:\/\/guineediversite.com\/","name":"Guin\u00e9e Diversit\u00e9","description":"L&#039;Info dans toute sa diversit\u00e9","publisher":{"@id":"https:\/\/guineediversite.com\/#organization"},"potentialAction":[{"@type":"SearchAction","target":{"@type":"EntryPoint","urlTemplate":"https:\/\/guineediversite.com\/?s={search_term_string}"},"query-input":{"@type":"PropertyValueSpecification","valueRequired":true,"valueName":"search_term_string"}}],"inLanguage":"fr-FR"},{"@type":"Organization","@id":"https:\/\/guineediversite.com\/#organization","name":"Guin\u00e9e Diversit\u00e9","url":"https:\/\/guineediversite.com\/","logo":{"@type":"ImageObject","inLanguage":"fr-FR","@id":"https:\/\/guineediversite.com\/#\/schema\/logo\/image\/","url":"https:\/\/guineediversite.com\/wp-content\/uploads\/2017\/04\/cropped-1jojlxEOMkX9Wyqfhe43D6kjPOGqBBKmx3EwWJqZ0cMrFF54yM49.png","contentUrl":"https:\/\/guineediversite.com\/wp-content\/uploads\/2017\/04\/cropped-1jojlxEOMkX9Wyqfhe43D6kjPOGqBBKmx3EwWJqZ0cMrFF54yM49.png","width":186,"height":112,"caption":"Guin\u00e9e Diversit\u00e9"},"image":{"@id":"https:\/\/guineediversite.com\/#\/schema\/logo\/image\/"},"sameAs":["https:\/\/www.facebook.com\/guineediversite\/","https:\/\/x.com\/GuineeDiversite","https:\/\/www.youtube.com\/channel\/UC8sUY16qelG5ge6_D5SB83g"]},{"@type":"Person","@id":"https:\/\/guineediversite.com\/#\/schema\/person\/0e0e3e424768a50d025ac2218ccca73f","name":"Bilguissa Diallo","image":{"@type":"ImageObject","inLanguage":"fr-FR","@id":"https:\/\/guineediversite.com\/#\/schema\/person\/image\/","url":"https:\/\/secure.gravatar.com\/avatar\/49bbbd2420ee34d62b1b191791f4b5df?s=96&d=mm&r=g","contentUrl":"https:\/\/secure.gravatar.com\/avatar\/49bbbd2420ee34d62b1b191791f4b5df?s=96&d=mm&r=g","caption":"Bilguissa Diallo"},"url":"https:\/\/guineediversite.com\/index.php\/author\/bilguissa\/"}]}},"_links":{"self":[{"href":"https:\/\/guineediversite.com\/index.php\/wp-json\/wp\/v2\/posts\/28951"}],"collection":[{"href":"https:\/\/guineediversite.com\/index.php\/wp-json\/wp\/v2\/posts"}],"about":[{"href":"https:\/\/guineediversite.com\/index.php\/wp-json\/wp\/v2\/types\/post"}],"author":[{"embeddable":true,"href":"https:\/\/guineediversite.com\/index.php\/wp-json\/wp\/v2\/users\/7"}],"replies":[{"embeddable":true,"href":"https:\/\/guineediversite.com\/index.php\/wp-json\/wp\/v2\/comments?post=28951"}],"version-history":[{"count":1,"href":"https:\/\/guineediversite.com\/index.php\/wp-json\/wp\/v2\/posts\/28951\/revisions"}],"predecessor-version":[{"id":28953,"href":"https:\/\/guineediversite.com\/index.php\/wp-json\/wp\/v2\/posts\/28951\/revisions\/28953"}],"wp:featuredmedia":[{"embeddable":true,"href":"https:\/\/guineediversite.com\/index.php\/wp-json\/wp\/v2\/media\/28952"}],"wp:attachment":[{"href":"https:\/\/guineediversite.com\/index.php\/wp-json\/wp\/v2\/media?parent=28951"}],"wp:term":[{"taxonomy":"category","embeddable":true,"href":"https:\/\/guineediversite.com\/index.php\/wp-json\/wp\/v2\/categories?post=28951"},{"taxonomy":"post_tag","embeddable":true,"href":"https:\/\/guineediversite.com\/index.php\/wp-json\/wp\/v2\/tags?post=28951"}],"curies":[{"name":"wp","href":"https:\/\/api.w.org\/{rel}","templated":true}]}}