{"id":28948,"date":"2020-04-29T16:25:28","date_gmt":"2020-04-29T14:25:28","guid":{"rendered":"https:\/\/guineediversite.com\/?p=28948"},"modified":"2020-04-29T16:25:30","modified_gmt":"2020-04-29T14:25:30","slug":"covid-19-un-cas-confirme-a-la-maison-centrale-de-conakry","status":"publish","type":"post","link":"https:\/\/guineediversite.com\/index.php\/2020\/04\/29\/covid-19-un-cas-confirme-a-la-maison-centrale-de-conakry\/","title":{"rendered":"Covid-19 : un cas confirm\u00e9 \u00e0 la maison centrale de Conakry"},"content":{"rendered":"\n<p><strong>C\u2019est une annonce faite par le service en charge de la communication et des relations publiques du minist\u00e8re de la Justice, informant l\u2019opinion nationale et internationale, sur la situation de la maison centrale de Conakry.<\/strong><\/p>\n\n\n\n<p>La direction nationale de l\u2019administration P\u00e9nitentiaire et de la r\u00e9insertion tient \u00e0 pr\u00e9ciser que des trois (03) cas de d\u00e9c\u00e8s constat\u00e9s, un seul a \u00e9t\u00e9 test\u00e9 positif apr\u00e8s pr\u00e9l\u00e8vement.<\/p>\n\n\n\n<p>Dans cette communication, elle ( la direction Nationale de l\u2019administration P\u00e9nitentiaire et de la r\u00e9insertion Ndlr) indique que, des dispositions ont \u00e9t\u00e9 prises pour une op\u00e9ration de d\u00e9sinfection totale avec le concours de l\u2019Agence Nationale de la S\u00e9curit\u00e9 sanitaire et la croix rouge nationale.<\/p>\n","protected":false},"excerpt":{"rendered":"<p>C\u2019est une annonce faite par le service en charge de la communication et des relations publiques du minist\u00e8re de la Justice, informant l\u2019opinion nationale et internationale, sur la situation de la maison centrale de Conakry. La direction nationale de l\u2019administration P\u00e9nitentiaire et de la r\u00e9insertion tient \u00e0 pr\u00e9ciser que des trois (03) cas de d\u00e9c\u00e8s [&hellip;]<\/p>\n","protected":false},"author":10,"featured_media":28949,"comment_status":"closed","ping_status":"closed","sticky":false,"template":"","format":"standard","meta":{"_exactmetrics_skip_tracking":false,"_exactmetrics_sitenote_active":false,"_exactmetrics_sitenote_note":"","_exactmetrics_sitenote_category":0,"tdm_status":"","tdm_grid_status":"","footnotes":""},"categories":[16],"tags":[],"class_list":{"0":"post-28948","1":"post","2":"type-post","3":"status-publish","4":"format-standard","5":"has-post-thumbnail","7":"category-societe"},"yoast_head":"<!-- This site is optimized with the Yoast SEO plugin v24.2 - https:\/\/yoast.com\/wordpress\/plugins\/seo\/ -->\n<title>Covid-19 : un cas confirm\u00e9 \u00e0 la maison centrale de Conakry | Guin\u00e9e Diversit\u00e9<\/title>\n<meta name=\"robots\" content=\"index, follow, max-snippet:-1, max-image-preview:large, max-video-preview:-1\" \/>\n<link rel=\"canonical\" href=\"https:\/\/guineediversite.com\/index.php\/2020\/04\/29\/covid-19-un-cas-confirme-a-la-maison-centrale-de-conakry\/\" \/>\n<meta property=\"og:locale\" content=\"fr_FR\" \/>\n<meta property=\"og:type\" content=\"article\" \/>\n<meta property=\"og:title\" content=\"Covid-19 : un cas confirm\u00e9 \u00e0 la maison centrale de Conakry | Guin\u00e9e Diversit\u00e9\" \/>\n<meta property=\"og:description\" content=\"C\u2019est une annonce faite par le service en charge de la communication et des relations publiques du minist\u00e8re de la Justice, informant l\u2019opinion nationale et internationale, sur la situation de la maison centrale de Conakry. La direction nationale de l\u2019administration P\u00e9nitentiaire et de la r\u00e9insertion tient \u00e0 pr\u00e9ciser que des trois (03) cas de d\u00e9c\u00e8s [&hellip;]\" \/>\n<meta property=\"og:url\" content=\"https:\/\/guineediversite.com\/index.php\/2020\/04\/29\/covid-19-un-cas-confirme-a-la-maison-centrale-de-conakry\/\" \/>\n<meta property=\"og:site_name\" content=\"Guin\u00e9e Diversit\u00e9\" \/>\n<meta property=\"article:publisher\" content=\"https:\/\/www.facebook.com\/guineediversite\/\" \/>\n<meta property=\"article:published_time\" content=\"2020-04-29T14:25:28+00:00\" \/>\n<meta property=\"article:modified_time\" content=\"2020-04-29T14:25:30+00:00\" \/>\n<meta property=\"og:image\" content=\"https:\/\/guineediversite.com\/wp-content\/uploads\/2020\/04\/maison_centrale_3.jpg\" \/>\n\t<meta property=\"og:image:width\" content=\"1500\" \/>\n\t<meta property=\"og:image:height\" content=\"900\" \/>\n\t<meta property=\"og:image:type\" content=\"image\/jpeg\" \/>\n<meta name=\"author\" content=\"Morcire Camara\" \/>\n<meta name=\"twitter:card\" content=\"summary_large_image\" \/>\n<meta name=\"twitter:creator\" content=\"@GuineeDiversite\" \/>\n<meta name=\"twitter:site\" content=\"@GuineeDiversite\" \/>\n<meta name=\"twitter:label1\" content=\"\u00c9crit par\" \/>\n\t<meta name=\"twitter:data1\" content=\"Morcire Camara\" \/>\n\t<meta name=\"twitter:label2\" content=\"Dur\u00e9e de lecture estim\u00e9e\" \/>\n\t<meta name=\"twitter:data2\" content=\"1 minute\" \/>\n<script type=\"application\/ld+json\" class=\"yoast-schema-graph\">{\"@context\":\"https:\/\/schema.org\",\"@graph\":[{\"@type\":\"Article\",\"@id\":\"https:\/\/guineediversite.com\/index.php\/2020\/04\/29\/covid-19-un-cas-confirme-a-la-maison-centrale-de-conakry\/#article\",\"isPartOf\":{\"@id\":\"https:\/\/guineediversite.com\/index.php\/2020\/04\/29\/covid-19-un-cas-confirme-a-la-maison-centrale-de-conakry\/\"},\"author\":{\"name\":\"Morcire Camara\",\"@id\":\"https:\/\/guineediversite.com\/#\/schema\/person\/fa362494c47202ce4b3adf55abcc9d01\"},\"headline\":\"Covid-19 : un cas confirm\u00e9 \u00e0 la maison centrale de Conakry\",\"datePublished\":\"2020-04-29T14:25:28+00:00\",\"dateModified\":\"2020-04-29T14:25:30+00:00\",\"mainEntityOfPage\":{\"@id\":\"https:\/\/guineediversite.com\/index.php\/2020\/04\/29\/covid-19-un-cas-confirme-a-la-maison-centrale-de-conakry\/\"},\"wordCount\":134,\"publisher\":{\"@id\":\"https:\/\/guineediversite.com\/#organization\"},\"image\":{\"@id\":\"https:\/\/guineediversite.com\/index.php\/2020\/04\/29\/covid-19-un-cas-confirme-a-la-maison-centrale-de-conakry\/#primaryimage\"},\"thumbnailUrl\":\"https:\/\/guineediversite.com\/wp-content\/uploads\/2020\/04\/maison_centrale_3.jpg\",\"articleSection\":[\"Soci\u00e9t\u00e9\"],\"inLanguage\":\"fr-FR\"},{\"@type\":\"WebPage\",\"@id\":\"https:\/\/guineediversite.com\/index.php\/2020\/04\/29\/covid-19-un-cas-confirme-a-la-maison-centrale-de-conakry\/\",\"url\":\"https:\/\/guineediversite.com\/index.php\/2020\/04\/29\/covid-19-un-cas-confirme-a-la-maison-centrale-de-conakry\/\",\"name\":\"Covid-19 : un cas confirm\u00e9 \u00e0 la maison centrale de Conakry | Guin\u00e9e Diversit\u00e9\",\"isPartOf\":{\"@id\":\"https:\/\/guineediversite.com\/#website\"},\"primaryImageOfPage\":{\"@id\":\"https:\/\/guineediversite.com\/index.php\/2020\/04\/29\/covid-19-un-cas-confirme-a-la-maison-centrale-de-conakry\/#primaryimage\"},\"image\":{\"@id\":\"https:\/\/guineediversite.com\/index.php\/2020\/04\/29\/covid-19-un-cas-confirme-a-la-maison-centrale-de-conakry\/#primaryimage\"},\"thumbnailUrl\":\"https:\/\/guineediversite.com\/wp-content\/uploads\/2020\/04\/maison_centrale_3.jpg\",\"datePublished\":\"2020-04-29T14:25:28+00:00\",\"dateModified\":\"2020-04-29T14:25:30+00:00\",\"breadcrumb\":{\"@id\":\"https:\/\/guineediversite.com\/index.php\/2020\/04\/29\/covid-19-un-cas-confirme-a-la-maison-centrale-de-conakry\/#breadcrumb\"},\"inLanguage\":\"fr-FR\",\"potentialAction\":[{\"@type\":\"ReadAction\",\"target\":[\"https:\/\/guineediversite.com\/index.php\/2020\/04\/29\/covid-19-un-cas-confirme-a-la-maison-centrale-de-conakry\/\"]}]},{\"@type\":\"ImageObject\",\"inLanguage\":\"fr-FR\",\"@id\":\"https:\/\/guineediversite.com\/index.php\/2020\/04\/29\/covid-19-un-cas-confirme-a-la-maison-centrale-de-conakry\/#primaryimage\",\"url\":\"https:\/\/guineediversite.com\/wp-content\/uploads\/2020\/04\/maison_centrale_3.jpg\",\"contentUrl\":\"https:\/\/guineediversite.com\/wp-content\/uploads\/2020\/04\/maison_centrale_3.jpg\",\"width\":1500,\"height\":900},{\"@type\":\"BreadcrumbList\",\"@id\":\"https:\/\/guineediversite.com\/index.php\/2020\/04\/29\/covid-19-un-cas-confirme-a-la-maison-centrale-de-conakry\/#breadcrumb\",\"itemListElement\":[{\"@type\":\"ListItem\",\"position\":1,\"name\":\"Accueil\",\"item\":\"https:\/\/guineediversite.com\/\"},{\"@type\":\"ListItem\",\"position\":2,\"name\":\"Covid-19 : un cas confirm\u00e9 \u00e0 la maison centrale de Conakry\"}]},{\"@type\":\"WebSite\",\"@id\":\"https:\/\/guineediversite.com\/#website\",\"url\":\"https:\/\/guineediversite.com\/\",\"name\":\"Guin\u00e9e Diversit\u00e9\",\"description\":\"L&#039;Info dans toute sa diversit\u00e9\",\"publisher\":{\"@id\":\"https:\/\/guineediversite.com\/#organization\"},\"potentialAction\":[{\"@type\":\"SearchAction\",\"target\":{\"@type\":\"EntryPoint\",\"urlTemplate\":\"https:\/\/guineediversite.com\/?s={search_term_string}\"},\"query-input\":{\"@type\":\"PropertyValueSpecification\",\"valueRequired\":true,\"valueName\":\"search_term_string\"}}],\"inLanguage\":\"fr-FR\"},{\"@type\":\"Organization\",\"@id\":\"https:\/\/guineediversite.com\/#organization\",\"name\":\"Guin\u00e9e Diversit\u00e9\",\"url\":\"https:\/\/guineediversite.com\/\",\"logo\":{\"@type\":\"ImageObject\",\"inLanguage\":\"fr-FR\",\"@id\":\"https:\/\/guineediversite.com\/#\/schema\/logo\/image\/\",\"url\":\"https:\/\/guineediversite.com\/wp-content\/uploads\/2017\/04\/cropped-1jojlxEOMkX9Wyqfhe43D6kjPOGqBBKmx3EwWJqZ0cMrFF54yM49.png\",\"contentUrl\":\"https:\/\/guineediversite.com\/wp-content\/uploads\/2017\/04\/cropped-1jojlxEOMkX9Wyqfhe43D6kjPOGqBBKmx3EwWJqZ0cMrFF54yM49.png\",\"width\":186,\"height\":112,\"caption\":\"Guin\u00e9e Diversit\u00e9\"},\"image\":{\"@id\":\"https:\/\/guineediversite.com\/#\/schema\/logo\/image\/\"},\"sameAs\":[\"https:\/\/www.facebook.com\/guineediversite\/\",\"https:\/\/x.com\/GuineeDiversite\",\"https:\/\/www.youtube.com\/channel\/UC8sUY16qelG5ge6_D5SB83g\"]},{\"@type\":\"Person\",\"@id\":\"https:\/\/guineediversite.com\/#\/schema\/person\/fa362494c47202ce4b3adf55abcc9d01\",\"name\":\"Morcire Camara\",\"image\":{\"@type\":\"ImageObject\",\"inLanguage\":\"fr-FR\",\"@id\":\"https:\/\/guineediversite.com\/#\/schema\/person\/image\/\",\"url\":\"https:\/\/secure.gravatar.com\/avatar\/3ec324f02295bbcebe03d99b39330ab4?s=96&d=mm&r=g\",\"contentUrl\":\"https:\/\/secure.gravatar.com\/avatar\/3ec324f02295bbcebe03d99b39330ab4?s=96&d=mm&r=g\",\"caption\":\"Morcire Camara\"},\"url\":\"https:\/\/guineediversite.com\/index.php\/author\/morcire\/\"}]}<\/script>\n<!-- \/ Yoast SEO plugin. -->","yoast_head_json":{"title":"Covid-19 : un cas confirm\u00e9 \u00e0 la maison centrale de Conakry | Guin\u00e9e Diversit\u00e9","robots":{"index":"index","follow":"follow","max-snippet":"max-snippet:-1","max-image-preview":"max-image-preview:large","max-video-preview":"max-video-preview:-1"},"canonical":"https:\/\/guineediversite.com\/index.php\/2020\/04\/29\/covid-19-un-cas-confirme-a-la-maison-centrale-de-conakry\/","og_locale":"fr_FR","og_type":"article","og_title":"Covid-19 : un cas confirm\u00e9 \u00e0 la maison centrale de Conakry | Guin\u00e9e Diversit\u00e9","og_description":"C\u2019est une annonce faite par le service en charge de la communication et des relations publiques du minist\u00e8re de la Justice, informant l\u2019opinion nationale et internationale, sur la situation de la maison centrale de Conakry. La direction nationale de l\u2019administration P\u00e9nitentiaire et de la r\u00e9insertion tient \u00e0 pr\u00e9ciser que des trois (03) cas de d\u00e9c\u00e8s [&hellip;]","og_url":"https:\/\/guineediversite.com\/index.php\/2020\/04\/29\/covid-19-un-cas-confirme-a-la-maison-centrale-de-conakry\/","og_site_name":"Guin\u00e9e Diversit\u00e9","article_publisher":"https:\/\/www.facebook.com\/guineediversite\/","article_published_time":"2020-04-29T14:25:28+00:00","article_modified_time":"2020-04-29T14:25:30+00:00","og_image":[{"width":1500,"height":900,"url":"https:\/\/guineediversite.com\/wp-content\/uploads\/2020\/04\/maison_centrale_3.jpg","type":"image\/jpeg"}],"author":"Morcire Camara","twitter_card":"summary_large_image","twitter_creator":"@GuineeDiversite","twitter_site":"@GuineeDiversite","twitter_misc":{"\u00c9crit par":"Morcire Camara","Dur\u00e9e de lecture estim\u00e9e":"1 minute"},"schema":{"@context":"https:\/\/schema.org","@graph":[{"@type":"Article","@id":"https:\/\/guineediversite.com\/index.php\/2020\/04\/29\/covid-19-un-cas-confirme-a-la-maison-centrale-de-conakry\/#article","isPartOf":{"@id":"https:\/\/guineediversite.com\/index.php\/2020\/04\/29\/covid-19-un-cas-confirme-a-la-maison-centrale-de-conakry\/"},"author":{"name":"Morcire Camara","@id":"https:\/\/guineediversite.com\/#\/schema\/person\/fa362494c47202ce4b3adf55abcc9d01"},"headline":"Covid-19 : un cas confirm\u00e9 \u00e0 la maison centrale de Conakry","datePublished":"2020-04-29T14:25:28+00:00","dateModified":"2020-04-29T14:25:30+00:00","mainEntityOfPage":{"@id":"https:\/\/guineediversite.com\/index.php\/2020\/04\/29\/covid-19-un-cas-confirme-a-la-maison-centrale-de-conakry\/"},"wordCount":134,"publisher":{"@id":"https:\/\/guineediversite.com\/#organization"},"image":{"@id":"https:\/\/guineediversite.com\/index.php\/2020\/04\/29\/covid-19-un-cas-confirme-a-la-maison-centrale-de-conakry\/#primaryimage"},"thumbnailUrl":"https:\/\/guineediversite.com\/wp-content\/uploads\/2020\/04\/maison_centrale_3.jpg","articleSection":["Soci\u00e9t\u00e9"],"inLanguage":"fr-FR"},{"@type":"WebPage","@id":"https:\/\/guineediversite.com\/index.php\/2020\/04\/29\/covid-19-un-cas-confirme-a-la-maison-centrale-de-conakry\/","url":"https:\/\/guineediversite.com\/index.php\/2020\/04\/29\/covid-19-un-cas-confirme-a-la-maison-centrale-de-conakry\/","name":"Covid-19 : un cas confirm\u00e9 \u00e0 la maison centrale de Conakry | Guin\u00e9e Diversit\u00e9","isPartOf":{"@id":"https:\/\/guineediversite.com\/#website"},"primaryImageOfPage":{"@id":"https:\/\/guineediversite.com\/index.php\/2020\/04\/29\/covid-19-un-cas-confirme-a-la-maison-centrale-de-conakry\/#primaryimage"},"image":{"@id":"https:\/\/guineediversite.com\/index.php\/2020\/04\/29\/covid-19-un-cas-confirme-a-la-maison-centrale-de-conakry\/#primaryimage"},"thumbnailUrl":"https:\/\/guineediversite.com\/wp-content\/uploads\/2020\/04\/maison_centrale_3.jpg","datePublished":"2020-04-29T14:25:28+00:00","dateModified":"2020-04-29T14:25:30+00:00","breadcrumb":{"@id":"https:\/\/guineediversite.com\/index.php\/2020\/04\/29\/covid-19-un-cas-confirme-a-la-maison-centrale-de-conakry\/#breadcrumb"},"inLanguage":"fr-FR","potentialAction":[{"@type":"ReadAction","target":["https:\/\/guineediversite.com\/index.php\/2020\/04\/29\/covid-19-un-cas-confirme-a-la-maison-centrale-de-conakry\/"]}]},{"@type":"ImageObject","inLanguage":"fr-FR","@id":"https:\/\/guineediversite.com\/index.php\/2020\/04\/29\/covid-19-un-cas-confirme-a-la-maison-centrale-de-conakry\/#primaryimage","url":"https:\/\/guineediversite.com\/wp-content\/uploads\/2020\/04\/maison_centrale_3.jpg","contentUrl":"https:\/\/guineediversite.com\/wp-content\/uploads\/2020\/04\/maison_centrale_3.jpg","width":1500,"height":900},{"@type":"BreadcrumbList","@id":"https:\/\/guineediversite.com\/index.php\/2020\/04\/29\/covid-19-un-cas-confirme-a-la-maison-centrale-de-conakry\/#breadcrumb","itemListElement":[{"@type":"ListItem","position":1,"name":"Accueil","item":"https:\/\/guineediversite.com\/"},{"@type":"ListItem","position":2,"name":"Covid-19 : un cas confirm\u00e9 \u00e0 la maison centrale de Conakry"}]},{"@type":"WebSite","@id":"https:\/\/guineediversite.com\/#website","url":"https:\/\/guineediversite.com\/","name":"Guin\u00e9e Diversit\u00e9","description":"L&#039;Info dans toute sa diversit\u00e9","publisher":{"@id":"https:\/\/guineediversite.com\/#organization"},"potentialAction":[{"@type":"SearchAction","target":{"@type":"EntryPoint","urlTemplate":"https:\/\/guineediversite.com\/?s={search_term_string}"},"query-input":{"@type":"PropertyValueSpecification","valueRequired":true,"valueName":"search_term_string"}}],"inLanguage":"fr-FR"},{"@type":"Organization","@id":"https:\/\/guineediversite.com\/#organization","name":"Guin\u00e9e Diversit\u00e9","url":"https:\/\/guineediversite.com\/","logo":{"@type":"ImageObject","inLanguage":"fr-FR","@id":"https:\/\/guineediversite.com\/#\/schema\/logo\/image\/","url":"https:\/\/guineediversite.com\/wp-content\/uploads\/2017\/04\/cropped-1jojlxEOMkX9Wyqfhe43D6kjPOGqBBKmx3EwWJqZ0cMrFF54yM49.png","contentUrl":"https:\/\/guineediversite.com\/wp-content\/uploads\/2017\/04\/cropped-1jojlxEOMkX9Wyqfhe43D6kjPOGqBBKmx3EwWJqZ0cMrFF54yM49.png","width":186,"height":112,"caption":"Guin\u00e9e Diversit\u00e9"},"image":{"@id":"https:\/\/guineediversite.com\/#\/schema\/logo\/image\/"},"sameAs":["https:\/\/www.facebook.com\/guineediversite\/","https:\/\/x.com\/GuineeDiversite","https:\/\/www.youtube.com\/channel\/UC8sUY16qelG5ge6_D5SB83g"]},{"@type":"Person","@id":"https:\/\/guineediversite.com\/#\/schema\/person\/fa362494c47202ce4b3adf55abcc9d01","name":"Morcire Camara","image":{"@type":"ImageObject","inLanguage":"fr-FR","@id":"https:\/\/guineediversite.com\/#\/schema\/person\/image\/","url":"https:\/\/secure.gravatar.com\/avatar\/3ec324f02295bbcebe03d99b39330ab4?s=96&d=mm&r=g","contentUrl":"https:\/\/secure.gravatar.com\/avatar\/3ec324f02295bbcebe03d99b39330ab4?s=96&d=mm&r=g","caption":"Morcire Camara"},"url":"https:\/\/guineediversite.com\/index.php\/author\/morcire\/"}]}},"_links":{"self":[{"href":"https:\/\/guineediversite.com\/index.php\/wp-json\/wp\/v2\/posts\/28948"}],"collection":[{"href":"https:\/\/guineediversite.com\/index.php\/wp-json\/wp\/v2\/posts"}],"about":[{"href":"https:\/\/guineediversite.com\/index.php\/wp-json\/wp\/v2\/types\/post"}],"author":[{"embeddable":true,"href":"https:\/\/guineediversite.com\/index.php\/wp-json\/wp\/v2\/users\/10"}],"replies":[{"embeddable":true,"href":"https:\/\/guineediversite.com\/index.php\/wp-json\/wp\/v2\/comments?post=28948"}],"version-history":[{"count":1,"href":"https:\/\/guineediversite.com\/index.php\/wp-json\/wp\/v2\/posts\/28948\/revisions"}],"predecessor-version":[{"id":28950,"href":"https:\/\/guineediversite.com\/index.php\/wp-json\/wp\/v2\/posts\/28948\/revisions\/28950"}],"wp:featuredmedia":[{"embeddable":true,"href":"https:\/\/guineediversite.com\/index.php\/wp-json\/wp\/v2\/media\/28949"}],"wp:attachment":[{"href":"https:\/\/guineediversite.com\/index.php\/wp-json\/wp\/v2\/media?parent=28948"}],"wp:term":[{"taxonomy":"category","embeddable":true,"href":"https:\/\/guineediversite.com\/index.php\/wp-json\/wp\/v2\/categories?post=28948"},{"taxonomy":"post_tag","embeddable":true,"href":"https:\/\/guineediversite.com\/index.php\/wp-json\/wp\/v2\/tags?post=28948"}],"curies":[{"name":"wp","href":"https:\/\/api.w.org\/{rel}","templated":true}]}}