{"id":28945,"date":"2020-04-29T13:23:02","date_gmt":"2020-04-29T11:23:02","guid":{"rendered":"https:\/\/guineediversite.com\/?p=28945"},"modified":"2020-04-29T13:23:05","modified_gmt":"2020-04-29T11:23:05","slug":"coree-du-nord-que-se-passerait-il-si-kim-jong-un-devait-mourir","status":"publish","type":"post","link":"https:\/\/guineediversite.com\/index.php\/2020\/04\/29\/coree-du-nord-que-se-passerait-il-si-kim-jong-un-devait-mourir\/","title":{"rendered":"Cor\u00e9e du Nord: que se passerait-il si Kim Jong-un devait mourir ?"},"content":{"rendered":"\n<p><strong>Le dirigeant supr\u00eame de la Cor\u00e9e du Nord n&rsquo;a pas assist\u00e9 aux c\u00e9r\u00e9monies officielles du 15 avril et il est toujours absent de la sc\u00e8ne politique. Les rumeurs sur son \u00e9tat de sant\u00e9 se sont emball\u00e9es. Est-il mourant ou simplement en train de se prot\u00e9ger du Covid-19 ? Que se passerait-il s&rsquo;il devait quitter le pouvoir ?<\/strong><\/p>\n\n\n\n<p>Les autorit\u00e9s de S\u00e9oul restent prudentes. Selon Kim Yeon-chul, le ministre sud-cor\u00e9en de l&rsquo;Unification, un danger vital n&rsquo;expliquerait pas l&rsquo;absence de Kim Jong-un aux c\u00e9r\u00e9monies traditionnelles pour l&rsquo;anniversaire de son grand-p\u00e8re Kim Il-sung, fondateur de la R\u00e9publique d\u00e9mocratique de Cor\u00e9e.&nbsp;<a href=\"http:\/\/www.rfi.fr\/fr\/asie-pacifique\/20200321-cor%C3%A9e-nord-tire-missiles-courte-port%C3%A9e-crise-coronavirus\" target=\"_blank\" rel=\"noreferrer noopener\"><strong>Kim Jong-un<\/strong><\/a>, dont le train a \u00e9t\u00e9 observ\u00e9 \u00e0 Wonsan sur la c\u00f4te est du pays, serait \u00e0 l&rsquo;isolement par mesure de pr\u00e9caution face \u00e0 la pand\u00e9mie de coronavirus.<\/p>\n\n\n\n<p>Cela fait deux semaines que l&rsquo;actuel leader supr\u00eame \u00e0 Pyongyang n&rsquo;a pas \u00e9t\u00e9 vu en public. Une absence in\u00e9dite qui a aliment\u00e9 les sp\u00e9culations sur son \u00e9tat de<br>sant\u00e9. Citant une source nord-cor\u00e9enne, Daily NK, un site d&rsquo;information \u00e9tabli \u00e0 S\u00e9oul, a rapport\u00e9 la semaine derni\u00e8re qu&rsquo;il avait \u00e9t\u00e9 op\u00e9r\u00e9 du c\u0153ur le 12 avril. Le dirigeant est connu pour avoir des probl\u00e8mes d&rsquo;ob\u00e9sit\u00e9 et de tabagisme. Pour les m\u00e9dias japonais, Kim serait dans un \u00ab&nbsp;<em>\u00e9tat v\u00e9g\u00e9tatif<\/em>&nbsp;\u00bb apr\u00e8s \u00ab&nbsp;<em>avoir agripp\u00e9 sa poitrine puis \u00eatre tomb\u00e9 au sol<\/em>&nbsp;\u00bb.<\/p>\n\n\n\n<p>Depuis, la presse officielle nord-cor\u00e9enne n&rsquo;a donn\u00e9 aucune preuve de vie du dirigeant, au-del\u00e0 d&rsquo;un message d&rsquo;encouragement aux travailleurs nord-cor\u00e9ens diffus\u00e9 sans photo de Kim. D&rsquo;apr\u00e8s Anna Fifeld, la sp\u00e9cialiste de la Cor\u00e9e du Nord au&nbsp;<em>Washington Post,&nbsp;<\/em>cela signifierait qu&rsquo;il est \u00ab&nbsp;<em>toujours au pouvoir mais pas montrable devant une cam\u00e9ra<\/em>&nbsp;\u00bb.<\/p>\n\n\n\n<p><strong>S\u00e9oul balaie les rumeurs<\/strong><\/p>\n\n\n\n<p>\u00ab&nbsp;<em>Il est vrai qu&rsquo;il n&rsquo;a jamais manqu\u00e9 l&rsquo;anniversaire de Kim Il-sung depuis qu&rsquo;il est au pouvoir, mais de nombreuses c\u00e9l\u00e9brations et un banquet ont \u00e9t\u00e9 annul\u00e9s en raison des inqui\u00e9tudes li\u00e9es au coronavirus<\/em>, a d\u00e9clar\u00e9 Kim Yeon-chul, lors d&rsquo;une audience parlementaire.&nbsp;<em>Je ne pense pas que ce soit particuli\u00e8rement inhabituel<\/em><em><br><\/em><em>dans la situation actuelle.<\/em>&nbsp;\u00bb \u00c0 deux reprises depuis la mi-janvier, a rappel\u00e9 le ministre sud-cor\u00e9en, Kim Jong-un n&rsquo;est pas apparu en public pendant pr\u00e8s de 20 jours.<\/p>\n\n\n\n<p>Pour le gouvernement de S\u00e9oul, les informations selon lesquelles il a \u00e9t\u00e9 op\u00e9r\u00e9 du c\u0153ur sont donc fausses, tout comme l&rsquo;envoi d&rsquo;une \u00e9quipe m\u00e9dicale chinoise en Cor\u00e9e du Nord.<\/p>\n\n\n\n<p>C\u00f4t\u00e9 am\u00e9ricain, m\u00eame retenue. Ce mardi, Donald Trump a assur\u00e9, sans plus de<br>d\u00e9tails, avoir une \u00ab&nbsp;<em>tr\u00e8s bonne id\u00e9e<\/em>&nbsp;\u00bb de l&rsquo;\u00e9tat de sant\u00e9 de Kim Jong-un, sugg\u00e9rant que sa vie n&rsquo;\u00e9tait pas en danger.<\/p>\n\n\n\n<p>Malgr\u00e9 cette prudence, nombre d&rsquo;observateurs de la Cor\u00e9e du Nord s&rsquo;accordent sur un point : cette situation n&rsquo;est pas normale. D&rsquo;o\u00f9 une s\u00e9rie de questions l\u00e9gitimes sur les sc\u00e9narios possibles si Kim Jong-un devait mourrir.<\/p>\n\n\n\n<p><strong>Comment le monde apprendrait-il sa mort ?<\/strong><\/p>\n\n\n\n<p>Le r\u00e9gime au nord de la p\u00e9ninsule cor\u00e9enne est l&rsquo;un des plus secrets et opaques au monde. A fortiori pour tout ce qui regarde la sant\u00e9 de son plus haut dirigeant. Kim Jong-il, le p\u00e8re de Kim Jong-un, \u00e9tait mort depuis deux jours lorsque l&rsquo;information circula hors du premier cercle du pouvoir \u00e0 Pyongyang.<\/p>\n\n\n\n<p>Si son fils d\u00e9c\u00e9dait, le monde l&rsquo;apprendrait par une annonce soudaine \u00e0 la t\u00e9l\u00e9vision d&rsquo;\u00c9tat. C&rsquo;est l&rsquo;usage : si une pr\u00e9sentatrice en robe noir appara\u00eet brusquement \u00e0 l&rsquo;\u00e9cran, c&rsquo;est que Kim est mort. En l&rsquo;occurrence Ri Chun-hee, la v\u00e9t\u00e9rane du journal t\u00e9l\u00e9vis\u00e9 nord-cor\u00e9en qui a scand\u00e9 depuis des d\u00e9cennies les grands moments du pays, d\u00e9bordante de joie pour acclamer ses succ\u00e8s et fondant en larmes en cas de nouvelles tragiques.<\/p>\n\n\n\n<p>Si c&rsquo;est un&nbsp;<a href=\"http:\/\/www.rfi.fr\/fr\/asie-pacifique\/20200302-cor%C3%A9e-nord-tire-deux-projectles-non-identifi%C3%A9s-s%C3%A9oul\" target=\"_blank\" rel=\"noreferrer noopener\"><strong>tir de missile&nbsp;<\/strong><\/a>ou un essai nucl\u00e9aire r\u00e9ussi, elle porte un&nbsp;<em>joseon-ot&nbsp;<\/em>rose, l&rsquo;une des robes traditionnelles en Cor\u00e9e du Nord, connue sous le nom de&nbsp;<em>hanbok<\/em>&nbsp;au sud de la p\u00e9ninsule. Lorsqu&rsquo;elle r\u00e9v\u00e9la les disparitions de Kim Il-sung en 1994 et de son fils Kim Jong-il en 2011, sa robe \u00e9tait d&rsquo;un noir fun\u00e9raire.<\/p>\n\n\n\n<p><strong>Le successeur s&rsquo;appellerait-il forc\u00e9ment Kim ?<\/strong><\/p>\n\n\n\n<p>Officiellement nomm\u00e9e R\u00e9publique d\u00e9mocratique et populaire, la Cor\u00e9e du Nord a cependant toujours \u00e9t\u00e9 gouvern\u00e9e par l&rsquo;un des membres de la m\u00eame famille depuis sa fondation en 1948. La l\u00e9gitimt\u00e9 revendiqu\u00e9e par le Parti des Travailleurs repose sur le combat de Kim Il-sung contre l&rsquo;occupant japonais puis contre la coalition de l&rsquo;ONU men\u00e9e par les Am\u00e9ricains lors de la guerre de Cor\u00e9e (1950-53).<\/p>\n\n\n\n<p>Le Parti maintient depuis lors son emprise sur la soci\u00e9t\u00e9 nord-cor\u00e9enne &#8211; \u00ab&nbsp;<em>l&rsquo;unit\u00e9 d&rsquo;esprit<\/em>&nbsp;\u00bb est l&rsquo;un de ses plus vieux slogans. Personne ne s&rsquo;attend \u00e0 une insurrection contre lui si Kim venait \u00e0 mourrir.<\/p>\n\n\n\n<p>Selon Andrei Lankov du Korea Risk Group, interrog\u00e9 par Reuters, \u00ab&nbsp;<em>les g\u00e9n\u00e9raux nord-cor\u00e9ens et les responsables politiques de haut rang ne d\u00e9clencheront pas de lutte pour le pouvoir, ou bien ce serait une lutte limit\u00e9e. Ils accepteraient un nouveau dirigeant issu de la famille Kim.<\/em>&nbsp;\u00bb<\/p>\n\n\n\n<p><strong>Qui sont les candidats de la famille de Kim ?<\/strong><\/p>\n\n\n\n<p>Kim Jong-un aurait trois enfants. Parmi eux, on sait seulement que le deuxi\u00e8me est une fille. Toujours est-il qu&rsquo;ils sont trop jeunes pour remplacer leur p\u00e8re.<\/p>\n\n\n\n<p>Sa s\u0153ur Kim Yo-jong compte parmi les plus proches conseillers de l&rsquo;actuel dirigeant nord-cor\u00e9en. En 2018, elle a \u00e9t\u00e9 sa repr\u00e9sentante aux Jeux Olympiques d&rsquo;hiver de Pyeongchang au Sud. Elle a accompagn\u00e9 Kim Jong-un dans ses aventures diplomatiques et a m\u00eame publi\u00e9 des communiqu\u00e9s en son propre nom. Elle est une membre suppl\u00e9ante du Poliburo du Parti des Travailleurs et aujourd&rsquo;hui la plus haute dignitaire de la famille Kim. Cependant, la soci\u00e9t\u00e9 nord-cor\u00e9enne reste tr\u00e8s conservatrice et n&rsquo;a jamais \u00e9t\u00e9 dirig\u00e9e par une femme.<\/p>\n\n\n\n<p>Quant \u00e0 Jong-nam, l&rsquo;un des fr\u00e8res de Kim Jong-un, il aurait pu \u00eatre son successeur naturel s&rsquo;il n&rsquo;avait pas \u00e9t\u00e9 assassin\u00e9 en 2017, recouvert d&rsquo;un agent neurotoxique mortel \u00e0 l&rsquo;a\u00e9roport de Kuala Lumpur. Un meurtre qui, selon les experts, porte la signature de Pyongyang.<\/p>\n\n\n\n<p>Kim a \u00e9galement un fr\u00e8re a\u00een\u00e9, Jong-chol, connu pour \u00eatre fan du guitariste anglais Eric Clapton. Il n&rsquo;a montr\u00e9 aucune ambition politique.<\/p>\n\n\n\n<p>La liste familiale proche serait incompl\u00e8te sans la femme de Kim Jong-un, Ri Sol-ju. Elle b\u00e9n\u00e9fice d&rsquo;un statut public in\u00e9dit et a m\u00eame re\u00e7u le titre de Premi\u00e8re Dame en 2018.<\/p>\n\n\n\n<p>Parmi les autres membres du clan, seul Kim Pyong-il, le demi-fr\u00e8re de Kim Jong-il, est&nbsp;<a href=\"http:\/\/www.scmp.com\/news\/asia\/east-asia\/article\/3082051\/could-kim-jong-uns-uncle-who-spent-decades-abroad-become-next\" target=\"_blank\" rel=\"noreferrer noopener\"><strong>lui aussi mentionn\u00e9<\/strong><\/a>. Il fut l&rsquo;ambassadeur nord-cor\u00e9en dans plusieurs pays d&rsquo;Europe de l&rsquo;Est des d\u00e9cennies durant. Mais il a \u00e9t\u00e9 rappel\u00e9 en 2019 de son dernier poste en R\u00e9publique Tch\u00e8que. Plus personne n&rsquo;a entendu parler de lui depuis. Il pourrait \u00eatre n\u00e9anmoins un candidat alternatif \u00e0 Kim Yo-jong, soutenu par les conservateurs nord-cor\u00e9ens oppos\u00e9s \u00e0 l&rsquo;accession d&rsquo;une femme au pouvoir supr\u00eame.<\/p>\n\n\n\n<p><strong>Quid d&rsquo;un successeur ext\u00e9rieur au clan Kim ?<\/strong><\/p>\n\n\n\n<p>Kim Jong-un n&rsquo;a pas nomm\u00e9 publiquement de successeur, mais son num\u00e9ro deux officiel s&rsquo;appelle Choe Ryong-hae. Membre du presidium du Politburo du Parti, le saint des saints du pouvoir \u00e0 Pyongyang, il est aussi le premier vice-pr\u00e9sident du Conseil des Affaires d&rsquo;\u00c9tat, le gouvernement ex\u00e9cutif de la Cor\u00e9e du Nord.<\/p>\n\n\n\n<p><a href=\"https:\/\/emailing.rfi.fr\/fr\/subscribe\" target=\"_blank\" rel=\"noreferrer noopener\">S&rsquo;abonner<\/a><\/p>\n\n\n\n<p>Choe est extr\u00eamement puissant et pourrait m\u00eame \u00eatre li\u00e9 \u00e0 la famille Kim par marriage. Le public ne sait pas si Kim Yo-jong a un mari, mais selon la presse sud-cor\u00e9enne, ce pourrait \u00eatre le fils de Choe.<\/p>\n\n\n\n<p><strong>Le coronavirus plus dangereux que la mort de Kim<\/strong><\/p>\n\n\n\n<p>La mort \u00e9ventuelle de Kim Jong-un est-elle cependant le probl\u00e8me num\u00e9ro un de la Cor\u00e9e du Nord ? Loin de l\u00e0, rappelle&nbsp;<a href=\"http:\/\/nymag.com\/intelligencer\/2020\/04\/kim-jong-uns-health-isnt-north-koreas-biggest-problem.html\" target=\"_blank\" rel=\"noreferrer noopener\"><strong>Peter Hayes, directeur du Nautilus Institute<\/strong><\/a>, un&nbsp;<em>think tank<\/em>&nbsp;australien. Pour lui, le pays est \u00ab&nbsp;<em>une bo\u00eete noire de la pand\u00e9mie de coronavirus, dont l&rsquo;opacit\u00e9 menace tout le monde<\/em>&nbsp;\u00bb. De P\u00e9kin \u00e0 Tokyo en passant par S\u00e9oul, tous redoutent une contamination via les n\u00e9gociants et les r\u00e9fugi\u00e9s qui passent la fronti\u00e8re.<\/p>\n\n\n\n<p>La direction nord-cor\u00e9enne saurait-elle g\u00e9rer une crise sanitaire massive ? Sans parler de la famine engendr\u00e9e par la mise en quarantaine des travailleurs dans une nation \u00e0 l&rsquo;\u00e9conomie des plus fragiles. Le d\u00e9fi serait bien plus grand pour Pyongyang que de trouver un successeur \u00e0 Kim Jong-un.<\/p>\n","protected":false},"excerpt":{"rendered":"<p>Le dirigeant supr\u00eame de la Cor\u00e9e du Nord n&rsquo;a pas assist\u00e9 aux c\u00e9r\u00e9monies officielles du 15 avril et il est toujours absent de la sc\u00e8ne politique. Les rumeurs sur son \u00e9tat de sant\u00e9 se sont emball\u00e9es. Est-il mourant ou simplement en train de se prot\u00e9ger du Covid-19 ? Que se passerait-il s&rsquo;il devait quitter le [&hellip;]<\/p>\n","protected":false},"author":12,"featured_media":28946,"comment_status":"closed","ping_status":"closed","sticky":false,"template":"","format":"standard","meta":{"_exactmetrics_skip_tracking":false,"_exactmetrics_sitenote_active":false,"_exactmetrics_sitenote_note":"","_exactmetrics_sitenote_category":0,"tdm_status":"","tdm_grid_status":"","footnotes":""},"categories":[21],"tags":[],"class_list":{"0":"post-28945","1":"post","2":"type-post","3":"status-publish","4":"format-standard","5":"has-post-thumbnail","7":"category-international"},"yoast_head":"<!-- This site is optimized with the Yoast SEO plugin v24.2 - https:\/\/yoast.com\/wordpress\/plugins\/seo\/ -->\n<title>Cor\u00e9e du Nord: que se passerait-il si Kim Jong-un devait mourir ? | Guin\u00e9e Diversit\u00e9<\/title>\n<meta name=\"robots\" content=\"index, follow, max-snippet:-1, max-image-preview:large, max-video-preview:-1\" \/>\n<link rel=\"canonical\" href=\"https:\/\/guineediversite.com\/index.php\/2020\/04\/29\/coree-du-nord-que-se-passerait-il-si-kim-jong-un-devait-mourir\/\" \/>\n<meta property=\"og:locale\" content=\"fr_FR\" \/>\n<meta property=\"og:type\" content=\"article\" \/>\n<meta property=\"og:title\" content=\"Cor\u00e9e du Nord: que se passerait-il si Kim Jong-un devait mourir ? | Guin\u00e9e Diversit\u00e9\" \/>\n<meta property=\"og:description\" content=\"Le dirigeant supr\u00eame de la Cor\u00e9e du Nord n&rsquo;a pas assist\u00e9 aux c\u00e9r\u00e9monies officielles du 15 avril et il est toujours absent de la sc\u00e8ne politique. Les rumeurs sur son \u00e9tat de sant\u00e9 se sont emball\u00e9es. Est-il mourant ou simplement en train de se prot\u00e9ger du Covid-19 ? Que se passerait-il s&rsquo;il devait quitter le [&hellip;]\" \/>\n<meta property=\"og:url\" content=\"https:\/\/guineediversite.com\/index.php\/2020\/04\/29\/coree-du-nord-que-se-passerait-il-si-kim-jong-un-devait-mourir\/\" \/>\n<meta property=\"og:site_name\" content=\"Guin\u00e9e Diversit\u00e9\" \/>\n<meta property=\"article:publisher\" content=\"https:\/\/www.facebook.com\/guineediversite\/\" \/>\n<meta property=\"article:published_time\" content=\"2020-04-29T11:23:02+00:00\" \/>\n<meta property=\"article:modified_time\" content=\"2020-04-29T11:23:05+00:00\" \/>\n<meta property=\"og:image\" content=\"https:\/\/guineediversite.com\/wp-content\/uploads\/2020\/04\/KIM.jpg\" \/>\n\t<meta property=\"og:image:width\" content=\"1500\" \/>\n\t<meta property=\"og:image:height\" content=\"1000\" \/>\n\t<meta property=\"og:image:type\" content=\"image\/jpeg\" \/>\n<meta name=\"author\" content=\"Guin\u00e9e Diversit\u00e9\" \/>\n<meta name=\"twitter:card\" content=\"summary_large_image\" \/>\n<meta name=\"twitter:creator\" content=\"@GuineeDiversite\" \/>\n<meta name=\"twitter:site\" content=\"@GuineeDiversite\" \/>\n<meta name=\"twitter:label1\" content=\"\u00c9crit par\" \/>\n\t<meta name=\"twitter:data1\" content=\"Guin\u00e9e Diversit\u00e9\" \/>\n\t<meta name=\"twitter:label2\" content=\"Dur\u00e9e de lecture estim\u00e9e\" \/>\n\t<meta name=\"twitter:data2\" content=\"7 minutes\" \/>\n<script type=\"application\/ld+json\" class=\"yoast-schema-graph\">{\"@context\":\"https:\/\/schema.org\",\"@graph\":[{\"@type\":\"Article\",\"@id\":\"https:\/\/guineediversite.com\/index.php\/2020\/04\/29\/coree-du-nord-que-se-passerait-il-si-kim-jong-un-devait-mourir\/#article\",\"isPartOf\":{\"@id\":\"https:\/\/guineediversite.com\/index.php\/2020\/04\/29\/coree-du-nord-que-se-passerait-il-si-kim-jong-un-devait-mourir\/\"},\"author\":{\"name\":\"Guin\u00e9e Diversit\u00e9\",\"@id\":\"https:\/\/guineediversite.com\/#\/schema\/person\/afa08fb34e7fc6e1feafc892612bc836\"},\"headline\":\"Cor\u00e9e du Nord: que se passerait-il si Kim Jong-un devait mourir ?\",\"datePublished\":\"2020-04-29T11:23:02+00:00\",\"dateModified\":\"2020-04-29T11:23:05+00:00\",\"mainEntityOfPage\":{\"@id\":\"https:\/\/guineediversite.com\/index.php\/2020\/04\/29\/coree-du-nord-que-se-passerait-il-si-kim-jong-un-devait-mourir\/\"},\"wordCount\":1540,\"publisher\":{\"@id\":\"https:\/\/guineediversite.com\/#organization\"},\"image\":{\"@id\":\"https:\/\/guineediversite.com\/index.php\/2020\/04\/29\/coree-du-nord-que-se-passerait-il-si-kim-jong-un-devait-mourir\/#primaryimage\"},\"thumbnailUrl\":\"https:\/\/guineediversite.com\/wp-content\/uploads\/2020\/04\/KIM.jpg\",\"articleSection\":[\"International\"],\"inLanguage\":\"fr-FR\"},{\"@type\":\"WebPage\",\"@id\":\"https:\/\/guineediversite.com\/index.php\/2020\/04\/29\/coree-du-nord-que-se-passerait-il-si-kim-jong-un-devait-mourir\/\",\"url\":\"https:\/\/guineediversite.com\/index.php\/2020\/04\/29\/coree-du-nord-que-se-passerait-il-si-kim-jong-un-devait-mourir\/\",\"name\":\"Cor\u00e9e du Nord: que se passerait-il si Kim Jong-un devait mourir ? | Guin\u00e9e Diversit\u00e9\",\"isPartOf\":{\"@id\":\"https:\/\/guineediversite.com\/#website\"},\"primaryImageOfPage\":{\"@id\":\"https:\/\/guineediversite.com\/index.php\/2020\/04\/29\/coree-du-nord-que-se-passerait-il-si-kim-jong-un-devait-mourir\/#primaryimage\"},\"image\":{\"@id\":\"https:\/\/guineediversite.com\/index.php\/2020\/04\/29\/coree-du-nord-que-se-passerait-il-si-kim-jong-un-devait-mourir\/#primaryimage\"},\"thumbnailUrl\":\"https:\/\/guineediversite.com\/wp-content\/uploads\/2020\/04\/KIM.jpg\",\"datePublished\":\"2020-04-29T11:23:02+00:00\",\"dateModified\":\"2020-04-29T11:23:05+00:00\",\"breadcrumb\":{\"@id\":\"https:\/\/guineediversite.com\/index.php\/2020\/04\/29\/coree-du-nord-que-se-passerait-il-si-kim-jong-un-devait-mourir\/#breadcrumb\"},\"inLanguage\":\"fr-FR\",\"potentialAction\":[{\"@type\":\"ReadAction\",\"target\":[\"https:\/\/guineediversite.com\/index.php\/2020\/04\/29\/coree-du-nord-que-se-passerait-il-si-kim-jong-un-devait-mourir\/\"]}]},{\"@type\":\"ImageObject\",\"inLanguage\":\"fr-FR\",\"@id\":\"https:\/\/guineediversite.com\/index.php\/2020\/04\/29\/coree-du-nord-que-se-passerait-il-si-kim-jong-un-devait-mourir\/#primaryimage\",\"url\":\"https:\/\/guineediversite.com\/wp-content\/uploads\/2020\/04\/KIM.jpg\",\"contentUrl\":\"https:\/\/guineediversite.com\/wp-content\/uploads\/2020\/04\/KIM.jpg\",\"width\":1500,\"height\":1000},{\"@type\":\"BreadcrumbList\",\"@id\":\"https:\/\/guineediversite.com\/index.php\/2020\/04\/29\/coree-du-nord-que-se-passerait-il-si-kim-jong-un-devait-mourir\/#breadcrumb\",\"itemListElement\":[{\"@type\":\"ListItem\",\"position\":1,\"name\":\"Accueil\",\"item\":\"https:\/\/guineediversite.com\/\"},{\"@type\":\"ListItem\",\"position\":2,\"name\":\"Cor\u00e9e du Nord: que se passerait-il si Kim Jong-un devait mourir ?\"}]},{\"@type\":\"WebSite\",\"@id\":\"https:\/\/guineediversite.com\/#website\",\"url\":\"https:\/\/guineediversite.com\/\",\"name\":\"Guin\u00e9e Diversit\u00e9\",\"description\":\"L&#039;Info dans toute sa diversit\u00e9\",\"publisher\":{\"@id\":\"https:\/\/guineediversite.com\/#organization\"},\"potentialAction\":[{\"@type\":\"SearchAction\",\"target\":{\"@type\":\"EntryPoint\",\"urlTemplate\":\"https:\/\/guineediversite.com\/?s={search_term_string}\"},\"query-input\":{\"@type\":\"PropertyValueSpecification\",\"valueRequired\":true,\"valueName\":\"search_term_string\"}}],\"inLanguage\":\"fr-FR\"},{\"@type\":\"Organization\",\"@id\":\"https:\/\/guineediversite.com\/#organization\",\"name\":\"Guin\u00e9e Diversit\u00e9\",\"url\":\"https:\/\/guineediversite.com\/\",\"logo\":{\"@type\":\"ImageObject\",\"inLanguage\":\"fr-FR\",\"@id\":\"https:\/\/guineediversite.com\/#\/schema\/logo\/image\/\",\"url\":\"https:\/\/guineediversite.com\/wp-content\/uploads\/2017\/04\/cropped-1jojlxEOMkX9Wyqfhe43D6kjPOGqBBKmx3EwWJqZ0cMrFF54yM49.png\",\"contentUrl\":\"https:\/\/guineediversite.com\/wp-content\/uploads\/2017\/04\/cropped-1jojlxEOMkX9Wyqfhe43D6kjPOGqBBKmx3EwWJqZ0cMrFF54yM49.png\",\"width\":186,\"height\":112,\"caption\":\"Guin\u00e9e Diversit\u00e9\"},\"image\":{\"@id\":\"https:\/\/guineediversite.com\/#\/schema\/logo\/image\/\"},\"sameAs\":[\"https:\/\/www.facebook.com\/guineediversite\/\",\"https:\/\/x.com\/GuineeDiversite\",\"https:\/\/www.youtube.com\/channel\/UC8sUY16qelG5ge6_D5SB83g\"]},{\"@type\":\"Person\",\"@id\":\"https:\/\/guineediversite.com\/#\/schema\/person\/afa08fb34e7fc6e1feafc892612bc836\",\"name\":\"Guin\u00e9e Diversit\u00e9\",\"image\":{\"@type\":\"ImageObject\",\"inLanguage\":\"fr-FR\",\"@id\":\"https:\/\/guineediversite.com\/#\/schema\/person\/image\/\",\"url\":\"https:\/\/secure.gravatar.com\/avatar\/50d5eb5b390f8b65ac30ac6f898eb83a?s=96&d=mm&r=g\",\"contentUrl\":\"https:\/\/secure.gravatar.com\/avatar\/50d5eb5b390f8b65ac30ac6f898eb83a?s=96&d=mm&r=g\",\"caption\":\"Guin\u00e9e Diversit\u00e9\"},\"url\":\"https:\/\/guineediversite.com\/index.php\/author\/guineediversite\/\"}]}<\/script>\n<!-- \/ Yoast SEO plugin. -->","yoast_head_json":{"title":"Cor\u00e9e du Nord: que se passerait-il si Kim Jong-un devait mourir ? | Guin\u00e9e Diversit\u00e9","robots":{"index":"index","follow":"follow","max-snippet":"max-snippet:-1","max-image-preview":"max-image-preview:large","max-video-preview":"max-video-preview:-1"},"canonical":"https:\/\/guineediversite.com\/index.php\/2020\/04\/29\/coree-du-nord-que-se-passerait-il-si-kim-jong-un-devait-mourir\/","og_locale":"fr_FR","og_type":"article","og_title":"Cor\u00e9e du Nord: que se passerait-il si Kim Jong-un devait mourir ? | Guin\u00e9e Diversit\u00e9","og_description":"Le dirigeant supr\u00eame de la Cor\u00e9e du Nord n&rsquo;a pas assist\u00e9 aux c\u00e9r\u00e9monies officielles du 15 avril et il est toujours absent de la sc\u00e8ne politique. Les rumeurs sur son \u00e9tat de sant\u00e9 se sont emball\u00e9es. Est-il mourant ou simplement en train de se prot\u00e9ger du Covid-19 ? Que se passerait-il s&rsquo;il devait quitter le [&hellip;]","og_url":"https:\/\/guineediversite.com\/index.php\/2020\/04\/29\/coree-du-nord-que-se-passerait-il-si-kim-jong-un-devait-mourir\/","og_site_name":"Guin\u00e9e Diversit\u00e9","article_publisher":"https:\/\/www.facebook.com\/guineediversite\/","article_published_time":"2020-04-29T11:23:02+00:00","article_modified_time":"2020-04-29T11:23:05+00:00","og_image":[{"width":1500,"height":1000,"url":"https:\/\/guineediversite.com\/wp-content\/uploads\/2020\/04\/KIM.jpg","type":"image\/jpeg"}],"author":"Guin\u00e9e Diversit\u00e9","twitter_card":"summary_large_image","twitter_creator":"@GuineeDiversite","twitter_site":"@GuineeDiversite","twitter_misc":{"\u00c9crit par":"Guin\u00e9e Diversit\u00e9","Dur\u00e9e de lecture estim\u00e9e":"7 minutes"},"schema":{"@context":"https:\/\/schema.org","@graph":[{"@type":"Article","@id":"https:\/\/guineediversite.com\/index.php\/2020\/04\/29\/coree-du-nord-que-se-passerait-il-si-kim-jong-un-devait-mourir\/#article","isPartOf":{"@id":"https:\/\/guineediversite.com\/index.php\/2020\/04\/29\/coree-du-nord-que-se-passerait-il-si-kim-jong-un-devait-mourir\/"},"author":{"name":"Guin\u00e9e Diversit\u00e9","@id":"https:\/\/guineediversite.com\/#\/schema\/person\/afa08fb34e7fc6e1feafc892612bc836"},"headline":"Cor\u00e9e du Nord: que se passerait-il si Kim Jong-un devait mourir ?","datePublished":"2020-04-29T11:23:02+00:00","dateModified":"2020-04-29T11:23:05+00:00","mainEntityOfPage":{"@id":"https:\/\/guineediversite.com\/index.php\/2020\/04\/29\/coree-du-nord-que-se-passerait-il-si-kim-jong-un-devait-mourir\/"},"wordCount":1540,"publisher":{"@id":"https:\/\/guineediversite.com\/#organization"},"image":{"@id":"https:\/\/guineediversite.com\/index.php\/2020\/04\/29\/coree-du-nord-que-se-passerait-il-si-kim-jong-un-devait-mourir\/#primaryimage"},"thumbnailUrl":"https:\/\/guineediversite.com\/wp-content\/uploads\/2020\/04\/KIM.jpg","articleSection":["International"],"inLanguage":"fr-FR"},{"@type":"WebPage","@id":"https:\/\/guineediversite.com\/index.php\/2020\/04\/29\/coree-du-nord-que-se-passerait-il-si-kim-jong-un-devait-mourir\/","url":"https:\/\/guineediversite.com\/index.php\/2020\/04\/29\/coree-du-nord-que-se-passerait-il-si-kim-jong-un-devait-mourir\/","name":"Cor\u00e9e du Nord: que se passerait-il si Kim Jong-un devait mourir ? | Guin\u00e9e Diversit\u00e9","isPartOf":{"@id":"https:\/\/guineediversite.com\/#website"},"primaryImageOfPage":{"@id":"https:\/\/guineediversite.com\/index.php\/2020\/04\/29\/coree-du-nord-que-se-passerait-il-si-kim-jong-un-devait-mourir\/#primaryimage"},"image":{"@id":"https:\/\/guineediversite.com\/index.php\/2020\/04\/29\/coree-du-nord-que-se-passerait-il-si-kim-jong-un-devait-mourir\/#primaryimage"},"thumbnailUrl":"https:\/\/guineediversite.com\/wp-content\/uploads\/2020\/04\/KIM.jpg","datePublished":"2020-04-29T11:23:02+00:00","dateModified":"2020-04-29T11:23:05+00:00","breadcrumb":{"@id":"https:\/\/guineediversite.com\/index.php\/2020\/04\/29\/coree-du-nord-que-se-passerait-il-si-kim-jong-un-devait-mourir\/#breadcrumb"},"inLanguage":"fr-FR","potentialAction":[{"@type":"ReadAction","target":["https:\/\/guineediversite.com\/index.php\/2020\/04\/29\/coree-du-nord-que-se-passerait-il-si-kim-jong-un-devait-mourir\/"]}]},{"@type":"ImageObject","inLanguage":"fr-FR","@id":"https:\/\/guineediversite.com\/index.php\/2020\/04\/29\/coree-du-nord-que-se-passerait-il-si-kim-jong-un-devait-mourir\/#primaryimage","url":"https:\/\/guineediversite.com\/wp-content\/uploads\/2020\/04\/KIM.jpg","contentUrl":"https:\/\/guineediversite.com\/wp-content\/uploads\/2020\/04\/KIM.jpg","width":1500,"height":1000},{"@type":"BreadcrumbList","@id":"https:\/\/guineediversite.com\/index.php\/2020\/04\/29\/coree-du-nord-que-se-passerait-il-si-kim-jong-un-devait-mourir\/#breadcrumb","itemListElement":[{"@type":"ListItem","position":1,"name":"Accueil","item":"https:\/\/guineediversite.com\/"},{"@type":"ListItem","position":2,"name":"Cor\u00e9e du Nord: que se passerait-il si Kim Jong-un devait mourir ?"}]},{"@type":"WebSite","@id":"https:\/\/guineediversite.com\/#website","url":"https:\/\/guineediversite.com\/","name":"Guin\u00e9e Diversit\u00e9","description":"L&#039;Info dans toute sa diversit\u00e9","publisher":{"@id":"https:\/\/guineediversite.com\/#organization"},"potentialAction":[{"@type":"SearchAction","target":{"@type":"EntryPoint","urlTemplate":"https:\/\/guineediversite.com\/?s={search_term_string}"},"query-input":{"@type":"PropertyValueSpecification","valueRequired":true,"valueName":"search_term_string"}}],"inLanguage":"fr-FR"},{"@type":"Organization","@id":"https:\/\/guineediversite.com\/#organization","name":"Guin\u00e9e Diversit\u00e9","url":"https:\/\/guineediversite.com\/","logo":{"@type":"ImageObject","inLanguage":"fr-FR","@id":"https:\/\/guineediversite.com\/#\/schema\/logo\/image\/","url":"https:\/\/guineediversite.com\/wp-content\/uploads\/2017\/04\/cropped-1jojlxEOMkX9Wyqfhe43D6kjPOGqBBKmx3EwWJqZ0cMrFF54yM49.png","contentUrl":"https:\/\/guineediversite.com\/wp-content\/uploads\/2017\/04\/cropped-1jojlxEOMkX9Wyqfhe43D6kjPOGqBBKmx3EwWJqZ0cMrFF54yM49.png","width":186,"height":112,"caption":"Guin\u00e9e Diversit\u00e9"},"image":{"@id":"https:\/\/guineediversite.com\/#\/schema\/logo\/image\/"},"sameAs":["https:\/\/www.facebook.com\/guineediversite\/","https:\/\/x.com\/GuineeDiversite","https:\/\/www.youtube.com\/channel\/UC8sUY16qelG5ge6_D5SB83g"]},{"@type":"Person","@id":"https:\/\/guineediversite.com\/#\/schema\/person\/afa08fb34e7fc6e1feafc892612bc836","name":"Guin\u00e9e Diversit\u00e9","image":{"@type":"ImageObject","inLanguage":"fr-FR","@id":"https:\/\/guineediversite.com\/#\/schema\/person\/image\/","url":"https:\/\/secure.gravatar.com\/avatar\/50d5eb5b390f8b65ac30ac6f898eb83a?s=96&d=mm&r=g","contentUrl":"https:\/\/secure.gravatar.com\/avatar\/50d5eb5b390f8b65ac30ac6f898eb83a?s=96&d=mm&r=g","caption":"Guin\u00e9e Diversit\u00e9"},"url":"https:\/\/guineediversite.com\/index.php\/author\/guineediversite\/"}]}},"_links":{"self":[{"href":"https:\/\/guineediversite.com\/index.php\/wp-json\/wp\/v2\/posts\/28945"}],"collection":[{"href":"https:\/\/guineediversite.com\/index.php\/wp-json\/wp\/v2\/posts"}],"about":[{"href":"https:\/\/guineediversite.com\/index.php\/wp-json\/wp\/v2\/types\/post"}],"author":[{"embeddable":true,"href":"https:\/\/guineediversite.com\/index.php\/wp-json\/wp\/v2\/users\/12"}],"replies":[{"embeddable":true,"href":"https:\/\/guineediversite.com\/index.php\/wp-json\/wp\/v2\/comments?post=28945"}],"version-history":[{"count":1,"href":"https:\/\/guineediversite.com\/index.php\/wp-json\/wp\/v2\/posts\/28945\/revisions"}],"predecessor-version":[{"id":28947,"href":"https:\/\/guineediversite.com\/index.php\/wp-json\/wp\/v2\/posts\/28945\/revisions\/28947"}],"wp:featuredmedia":[{"embeddable":true,"href":"https:\/\/guineediversite.com\/index.php\/wp-json\/wp\/v2\/media\/28946"}],"wp:attachment":[{"href":"https:\/\/guineediversite.com\/index.php\/wp-json\/wp\/v2\/media?parent=28945"}],"wp:term":[{"taxonomy":"category","embeddable":true,"href":"https:\/\/guineediversite.com\/index.php\/wp-json\/wp\/v2\/categories?post=28945"},{"taxonomy":"post_tag","embeddable":true,"href":"https:\/\/guineediversite.com\/index.php\/wp-json\/wp\/v2\/tags?post=28945"}],"curies":[{"name":"wp","href":"https:\/\/api.w.org\/{rel}","templated":true}]}}