{"id":28920,"date":"2020-04-27T19:47:07","date_gmt":"2020-04-27T17:47:07","guid":{"rendered":"https:\/\/guineediversite.com\/?p=28920"},"modified":"2020-04-27T19:47:09","modified_gmt":"2020-04-27T17:47:09","slug":"covid19-ou-va-lamande-imposee-aux-personnes-ne-disposant-pas-de-masque","status":"publish","type":"post","link":"https:\/\/guineediversite.com\/index.php\/2020\/04\/27\/covid19-ou-va-lamande-imposee-aux-personnes-ne-disposant-pas-de-masque\/","title":{"rendered":"COVID19 : o\u00f9 va l\u2019amande impos\u00e9e aux personnes ne disposant pas de masque ?"},"content":{"rendered":"\n<p><strong>Depuis l\u2019annonce le samedi 18 avril 2020, les Guin\u00e9ens ont l&rsquo;obligation de porter un masque pour se prot\u00e9ger contre le Covid19. Si l\u2019application de la loi portant sur le port obligataire des masques est respect\u00e9e par bon nombre de personnes dans la capitale, d\u2019autres qui par ent\u00eatement ou par manque de moyen se voit infliger une sanction d\u2019une amende de 30 mille francs guin\u00e9en par les forces de s\u00e9curit\u00e9.\u00a0<br>Cet argent va -t-il dans les caisses de l&rsquo;Etat ou bien dans la poche des forces de s\u00e9curit\u00e9? Nous avons tent\u00e9 d&rsquo;en savoir plus. <\/strong><\/p>\n\n\n\n<p>En une journ\u00e9e, la Police de Conakry enregistre une centaine de verbalisation des personnes qui ne porte pas de masque. <br>A chaque verbalisation, l&rsquo;amende est pay\u00e9 le plus souvent sur place par le fautif en esp\u00e8ce et sans re\u00e7u de payement ni signature. <\/p>\n\n\n\n<p>Cette fa\u00e7on de faire de la Police de Conakry laisse septique beaucoup d&rsquo;observateurs qui se demandent si les amandes per\u00e7ue arrivent bien dans les caisses de l&rsquo;Etat. <br>Pour en savoir plus, nous avons pos\u00e9 la question au porte-parole de la Police. Si Mamadou Camara ne r\u00e9pond pas explicitement, il nous pr\u00e9cise tout de m\u00eame hors micro la question \u00e0 \u00e9t\u00e9 abord\u00e9 r\u00e9cemment lors d&rsquo;une r\u00e9union. <br>\u00ab<em>Nous attendons toujours la r\u00e9ponse de l\u2019autorit\u00e9 comp\u00e9tente qui doit nous indiquer la caisse dans la quelle nous devrons verser ces\u00a0 montants<\/em>\u00bb, a affirm\u00e9 le porte parole de la Police avant d&rsquo;ajouter que les montants re\u00e7us sont assign\u00e9s dans les diff\u00e9rents commissariats de la place. <\/p>\n\n\n\n<p>Alors comment savoir le montant exact re\u00e7u par le service de s\u00e9curit\u00e9 dans l\u2019application de cette mesure\u00a0? une question qui reste pour le moment sans r\u00e9ponse.<\/p>\n","protected":false},"excerpt":{"rendered":"<p>Depuis l\u2019annonce le samedi 18 avril 2020, les Guin\u00e9ens ont l&rsquo;obligation de porter un masque pour se prot\u00e9ger contre le Covid19. Si l\u2019application de la loi portant sur le port obligataire des masques est respect\u00e9e par bon nombre de personnes dans la capitale, d\u2019autres qui par ent\u00eatement ou par manque de moyen se voit infliger [&hellip;]<\/p>\n","protected":false},"author":10,"featured_media":28921,"comment_status":"closed","ping_status":"closed","sticky":false,"template":"","format":"standard","meta":{"_exactmetrics_skip_tracking":false,"_exactmetrics_sitenote_active":false,"_exactmetrics_sitenote_note":"","_exactmetrics_sitenote_category":0,"tdm_status":"","tdm_grid_status":"","footnotes":""},"categories":[16],"tags":[439,41,440,301],"class_list":{"0":"post-28920","1":"post","2":"type-post","3":"status-publish","4":"format-standard","5":"has-post-thumbnail","7":"category-societe","8":"tag-covid19","9":"tag-guinee","10":"tag-masques","11":"tag-police"},"yoast_head":"<!-- This site is optimized with the Yoast SEO plugin v24.2 - https:\/\/yoast.com\/wordpress\/plugins\/seo\/ -->\n<title>COVID19 : o\u00f9 va l\u2019amande impos\u00e9e aux personnes ne disposant pas de masque ? | Guin\u00e9e Diversit\u00e9<\/title>\n<meta name=\"robots\" content=\"index, follow, max-snippet:-1, max-image-preview:large, max-video-preview:-1\" \/>\n<link rel=\"canonical\" href=\"https:\/\/guineediversite.com\/index.php\/2020\/04\/27\/covid19-ou-va-lamande-imposee-aux-personnes-ne-disposant-pas-de-masque\/\" \/>\n<meta property=\"og:locale\" content=\"fr_FR\" \/>\n<meta property=\"og:type\" content=\"article\" \/>\n<meta property=\"og:title\" content=\"COVID19 : o\u00f9 va l\u2019amande impos\u00e9e aux personnes ne disposant pas de masque ? | Guin\u00e9e Diversit\u00e9\" \/>\n<meta property=\"og:description\" content=\"Depuis l\u2019annonce le samedi 18 avril 2020, les Guin\u00e9ens ont l&rsquo;obligation de porter un masque pour se prot\u00e9ger contre le Covid19. Si l\u2019application de la loi portant sur le port obligataire des masques est respect\u00e9e par bon nombre de personnes dans la capitale, d\u2019autres qui par ent\u00eatement ou par manque de moyen se voit infliger [&hellip;]\" \/>\n<meta property=\"og:url\" content=\"https:\/\/guineediversite.com\/index.php\/2020\/04\/27\/covid19-ou-va-lamande-imposee-aux-personnes-ne-disposant-pas-de-masque\/\" \/>\n<meta property=\"og:site_name\" content=\"Guin\u00e9e Diversit\u00e9\" \/>\n<meta property=\"article:publisher\" content=\"https:\/\/www.facebook.com\/guineediversite\/\" \/>\n<meta property=\"article:published_time\" content=\"2020-04-27T17:47:07+00:00\" \/>\n<meta property=\"article:modified_time\" content=\"2020-04-27T17:47:09+00:00\" \/>\n<meta property=\"og:image\" content=\"https:\/\/guineediversite.com\/wp-content\/uploads\/2020\/04\/masque.jpg\" \/>\n\t<meta property=\"og:image:width\" content=\"1500\" \/>\n\t<meta property=\"og:image:height\" content=\"750\" \/>\n\t<meta property=\"og:image:type\" content=\"image\/jpeg\" \/>\n<meta name=\"author\" content=\"Morcire Camara\" \/>\n<meta name=\"twitter:card\" content=\"summary_large_image\" \/>\n<meta name=\"twitter:creator\" content=\"@GuineeDiversite\" \/>\n<meta name=\"twitter:site\" content=\"@GuineeDiversite\" \/>\n<meta name=\"twitter:label1\" content=\"\u00c9crit par\" \/>\n\t<meta name=\"twitter:data1\" content=\"Morcire Camara\" \/>\n\t<meta name=\"twitter:label2\" content=\"Dur\u00e9e de lecture estim\u00e9e\" \/>\n\t<meta name=\"twitter:data2\" content=\"1 minute\" \/>\n<script type=\"application\/ld+json\" class=\"yoast-schema-graph\">{\"@context\":\"https:\/\/schema.org\",\"@graph\":[{\"@type\":\"Article\",\"@id\":\"https:\/\/guineediversite.com\/index.php\/2020\/04\/27\/covid19-ou-va-lamande-imposee-aux-personnes-ne-disposant-pas-de-masque\/#article\",\"isPartOf\":{\"@id\":\"https:\/\/guineediversite.com\/index.php\/2020\/04\/27\/covid19-ou-va-lamande-imposee-aux-personnes-ne-disposant-pas-de-masque\/\"},\"author\":{\"name\":\"Morcire Camara\",\"@id\":\"https:\/\/guineediversite.com\/#\/schema\/person\/fa362494c47202ce4b3adf55abcc9d01\"},\"headline\":\"COVID19 : o\u00f9 va l\u2019amande impos\u00e9e aux personnes ne disposant pas de masque ?\",\"datePublished\":\"2020-04-27T17:47:07+00:00\",\"dateModified\":\"2020-04-27T17:47:09+00:00\",\"mainEntityOfPage\":{\"@id\":\"https:\/\/guineediversite.com\/index.php\/2020\/04\/27\/covid19-ou-va-lamande-imposee-aux-personnes-ne-disposant-pas-de-masque\/\"},\"wordCount\":321,\"publisher\":{\"@id\":\"https:\/\/guineediversite.com\/#organization\"},\"image\":{\"@id\":\"https:\/\/guineediversite.com\/index.php\/2020\/04\/27\/covid19-ou-va-lamande-imposee-aux-personnes-ne-disposant-pas-de-masque\/#primaryimage\"},\"thumbnailUrl\":\"https:\/\/guineediversite.com\/wp-content\/uploads\/2020\/04\/masque.jpg\",\"keywords\":[\"Covid19\",\"Guin\u00e9e\",\"Masques\",\"police\"],\"articleSection\":[\"Soci\u00e9t\u00e9\"],\"inLanguage\":\"fr-FR\"},{\"@type\":\"WebPage\",\"@id\":\"https:\/\/guineediversite.com\/index.php\/2020\/04\/27\/covid19-ou-va-lamande-imposee-aux-personnes-ne-disposant-pas-de-masque\/\",\"url\":\"https:\/\/guineediversite.com\/index.php\/2020\/04\/27\/covid19-ou-va-lamande-imposee-aux-personnes-ne-disposant-pas-de-masque\/\",\"name\":\"COVID19 : o\u00f9 va l\u2019amande impos\u00e9e aux personnes ne disposant pas de masque ? | Guin\u00e9e Diversit\u00e9\",\"isPartOf\":{\"@id\":\"https:\/\/guineediversite.com\/#website\"},\"primaryImageOfPage\":{\"@id\":\"https:\/\/guineediversite.com\/index.php\/2020\/04\/27\/covid19-ou-va-lamande-imposee-aux-personnes-ne-disposant-pas-de-masque\/#primaryimage\"},\"image\":{\"@id\":\"https:\/\/guineediversite.com\/index.php\/2020\/04\/27\/covid19-ou-va-lamande-imposee-aux-personnes-ne-disposant-pas-de-masque\/#primaryimage\"},\"thumbnailUrl\":\"https:\/\/guineediversite.com\/wp-content\/uploads\/2020\/04\/masque.jpg\",\"datePublished\":\"2020-04-27T17:47:07+00:00\",\"dateModified\":\"2020-04-27T17:47:09+00:00\",\"breadcrumb\":{\"@id\":\"https:\/\/guineediversite.com\/index.php\/2020\/04\/27\/covid19-ou-va-lamande-imposee-aux-personnes-ne-disposant-pas-de-masque\/#breadcrumb\"},\"inLanguage\":\"fr-FR\",\"potentialAction\":[{\"@type\":\"ReadAction\",\"target\":[\"https:\/\/guineediversite.com\/index.php\/2020\/04\/27\/covid19-ou-va-lamande-imposee-aux-personnes-ne-disposant-pas-de-masque\/\"]}]},{\"@type\":\"ImageObject\",\"inLanguage\":\"fr-FR\",\"@id\":\"https:\/\/guineediversite.com\/index.php\/2020\/04\/27\/covid19-ou-va-lamande-imposee-aux-personnes-ne-disposant-pas-de-masque\/#primaryimage\",\"url\":\"https:\/\/guineediversite.com\/wp-content\/uploads\/2020\/04\/masque.jpg\",\"contentUrl\":\"https:\/\/guineediversite.com\/wp-content\/uploads\/2020\/04\/masque.jpg\",\"width\":1500,\"height\":750},{\"@type\":\"BreadcrumbList\",\"@id\":\"https:\/\/guineediversite.com\/index.php\/2020\/04\/27\/covid19-ou-va-lamande-imposee-aux-personnes-ne-disposant-pas-de-masque\/#breadcrumb\",\"itemListElement\":[{\"@type\":\"ListItem\",\"position\":1,\"name\":\"Accueil\",\"item\":\"https:\/\/guineediversite.com\/\"},{\"@type\":\"ListItem\",\"position\":2,\"name\":\"COVID19 : o\u00f9 va l\u2019amande impos\u00e9e aux personnes ne disposant pas de masque ?\"}]},{\"@type\":\"WebSite\",\"@id\":\"https:\/\/guineediversite.com\/#website\",\"url\":\"https:\/\/guineediversite.com\/\",\"name\":\"Guin\u00e9e Diversit\u00e9\",\"description\":\"L&#039;Info dans toute sa diversit\u00e9\",\"publisher\":{\"@id\":\"https:\/\/guineediversite.com\/#organization\"},\"potentialAction\":[{\"@type\":\"SearchAction\",\"target\":{\"@type\":\"EntryPoint\",\"urlTemplate\":\"https:\/\/guineediversite.com\/?s={search_term_string}\"},\"query-input\":{\"@type\":\"PropertyValueSpecification\",\"valueRequired\":true,\"valueName\":\"search_term_string\"}}],\"inLanguage\":\"fr-FR\"},{\"@type\":\"Organization\",\"@id\":\"https:\/\/guineediversite.com\/#organization\",\"name\":\"Guin\u00e9e Diversit\u00e9\",\"url\":\"https:\/\/guineediversite.com\/\",\"logo\":{\"@type\":\"ImageObject\",\"inLanguage\":\"fr-FR\",\"@id\":\"https:\/\/guineediversite.com\/#\/schema\/logo\/image\/\",\"url\":\"https:\/\/guineediversite.com\/wp-content\/uploads\/2017\/04\/cropped-1jojlxEOMkX9Wyqfhe43D6kjPOGqBBKmx3EwWJqZ0cMrFF54yM49.png\",\"contentUrl\":\"https:\/\/guineediversite.com\/wp-content\/uploads\/2017\/04\/cropped-1jojlxEOMkX9Wyqfhe43D6kjPOGqBBKmx3EwWJqZ0cMrFF54yM49.png\",\"width\":186,\"height\":112,\"caption\":\"Guin\u00e9e Diversit\u00e9\"},\"image\":{\"@id\":\"https:\/\/guineediversite.com\/#\/schema\/logo\/image\/\"},\"sameAs\":[\"https:\/\/www.facebook.com\/guineediversite\/\",\"https:\/\/x.com\/GuineeDiversite\",\"https:\/\/www.youtube.com\/channel\/UC8sUY16qelG5ge6_D5SB83g\"]},{\"@type\":\"Person\",\"@id\":\"https:\/\/guineediversite.com\/#\/schema\/person\/fa362494c47202ce4b3adf55abcc9d01\",\"name\":\"Morcire Camara\",\"image\":{\"@type\":\"ImageObject\",\"inLanguage\":\"fr-FR\",\"@id\":\"https:\/\/guineediversite.com\/#\/schema\/person\/image\/\",\"url\":\"https:\/\/secure.gravatar.com\/avatar\/3ec324f02295bbcebe03d99b39330ab4?s=96&d=mm&r=g\",\"contentUrl\":\"https:\/\/secure.gravatar.com\/avatar\/3ec324f02295bbcebe03d99b39330ab4?s=96&d=mm&r=g\",\"caption\":\"Morcire Camara\"},\"url\":\"https:\/\/guineediversite.com\/index.php\/author\/morcire\/\"}]}<\/script>\n<!-- \/ Yoast SEO plugin. -->","yoast_head_json":{"title":"COVID19 : o\u00f9 va l\u2019amande impos\u00e9e aux personnes ne disposant pas de masque ? | Guin\u00e9e Diversit\u00e9","robots":{"index":"index","follow":"follow","max-snippet":"max-snippet:-1","max-image-preview":"max-image-preview:large","max-video-preview":"max-video-preview:-1"},"canonical":"https:\/\/guineediversite.com\/index.php\/2020\/04\/27\/covid19-ou-va-lamande-imposee-aux-personnes-ne-disposant-pas-de-masque\/","og_locale":"fr_FR","og_type":"article","og_title":"COVID19 : o\u00f9 va l\u2019amande impos\u00e9e aux personnes ne disposant pas de masque ? | Guin\u00e9e Diversit\u00e9","og_description":"Depuis l\u2019annonce le samedi 18 avril 2020, les Guin\u00e9ens ont l&rsquo;obligation de porter un masque pour se prot\u00e9ger contre le Covid19. Si l\u2019application de la loi portant sur le port obligataire des masques est respect\u00e9e par bon nombre de personnes dans la capitale, d\u2019autres qui par ent\u00eatement ou par manque de moyen se voit infliger [&hellip;]","og_url":"https:\/\/guineediversite.com\/index.php\/2020\/04\/27\/covid19-ou-va-lamande-imposee-aux-personnes-ne-disposant-pas-de-masque\/","og_site_name":"Guin\u00e9e Diversit\u00e9","article_publisher":"https:\/\/www.facebook.com\/guineediversite\/","article_published_time":"2020-04-27T17:47:07+00:00","article_modified_time":"2020-04-27T17:47:09+00:00","og_image":[{"width":1500,"height":750,"url":"https:\/\/guineediversite.com\/wp-content\/uploads\/2020\/04\/masque.jpg","type":"image\/jpeg"}],"author":"Morcire Camara","twitter_card":"summary_large_image","twitter_creator":"@GuineeDiversite","twitter_site":"@GuineeDiversite","twitter_misc":{"\u00c9crit par":"Morcire Camara","Dur\u00e9e de lecture estim\u00e9e":"1 minute"},"schema":{"@context":"https:\/\/schema.org","@graph":[{"@type":"Article","@id":"https:\/\/guineediversite.com\/index.php\/2020\/04\/27\/covid19-ou-va-lamande-imposee-aux-personnes-ne-disposant-pas-de-masque\/#article","isPartOf":{"@id":"https:\/\/guineediversite.com\/index.php\/2020\/04\/27\/covid19-ou-va-lamande-imposee-aux-personnes-ne-disposant-pas-de-masque\/"},"author":{"name":"Morcire Camara","@id":"https:\/\/guineediversite.com\/#\/schema\/person\/fa362494c47202ce4b3adf55abcc9d01"},"headline":"COVID19 : o\u00f9 va l\u2019amande impos\u00e9e aux personnes ne disposant pas de masque ?","datePublished":"2020-04-27T17:47:07+00:00","dateModified":"2020-04-27T17:47:09+00:00","mainEntityOfPage":{"@id":"https:\/\/guineediversite.com\/index.php\/2020\/04\/27\/covid19-ou-va-lamande-imposee-aux-personnes-ne-disposant-pas-de-masque\/"},"wordCount":321,"publisher":{"@id":"https:\/\/guineediversite.com\/#organization"},"image":{"@id":"https:\/\/guineediversite.com\/index.php\/2020\/04\/27\/covid19-ou-va-lamande-imposee-aux-personnes-ne-disposant-pas-de-masque\/#primaryimage"},"thumbnailUrl":"https:\/\/guineediversite.com\/wp-content\/uploads\/2020\/04\/masque.jpg","keywords":["Covid19","Guin\u00e9e","Masques","police"],"articleSection":["Soci\u00e9t\u00e9"],"inLanguage":"fr-FR"},{"@type":"WebPage","@id":"https:\/\/guineediversite.com\/index.php\/2020\/04\/27\/covid19-ou-va-lamande-imposee-aux-personnes-ne-disposant-pas-de-masque\/","url":"https:\/\/guineediversite.com\/index.php\/2020\/04\/27\/covid19-ou-va-lamande-imposee-aux-personnes-ne-disposant-pas-de-masque\/","name":"COVID19 : o\u00f9 va l\u2019amande impos\u00e9e aux personnes ne disposant pas de masque ? | Guin\u00e9e Diversit\u00e9","isPartOf":{"@id":"https:\/\/guineediversite.com\/#website"},"primaryImageOfPage":{"@id":"https:\/\/guineediversite.com\/index.php\/2020\/04\/27\/covid19-ou-va-lamande-imposee-aux-personnes-ne-disposant-pas-de-masque\/#primaryimage"},"image":{"@id":"https:\/\/guineediversite.com\/index.php\/2020\/04\/27\/covid19-ou-va-lamande-imposee-aux-personnes-ne-disposant-pas-de-masque\/#primaryimage"},"thumbnailUrl":"https:\/\/guineediversite.com\/wp-content\/uploads\/2020\/04\/masque.jpg","datePublished":"2020-04-27T17:47:07+00:00","dateModified":"2020-04-27T17:47:09+00:00","breadcrumb":{"@id":"https:\/\/guineediversite.com\/index.php\/2020\/04\/27\/covid19-ou-va-lamande-imposee-aux-personnes-ne-disposant-pas-de-masque\/#breadcrumb"},"inLanguage":"fr-FR","potentialAction":[{"@type":"ReadAction","target":["https:\/\/guineediversite.com\/index.php\/2020\/04\/27\/covid19-ou-va-lamande-imposee-aux-personnes-ne-disposant-pas-de-masque\/"]}]},{"@type":"ImageObject","inLanguage":"fr-FR","@id":"https:\/\/guineediversite.com\/index.php\/2020\/04\/27\/covid19-ou-va-lamande-imposee-aux-personnes-ne-disposant-pas-de-masque\/#primaryimage","url":"https:\/\/guineediversite.com\/wp-content\/uploads\/2020\/04\/masque.jpg","contentUrl":"https:\/\/guineediversite.com\/wp-content\/uploads\/2020\/04\/masque.jpg","width":1500,"height":750},{"@type":"BreadcrumbList","@id":"https:\/\/guineediversite.com\/index.php\/2020\/04\/27\/covid19-ou-va-lamande-imposee-aux-personnes-ne-disposant-pas-de-masque\/#breadcrumb","itemListElement":[{"@type":"ListItem","position":1,"name":"Accueil","item":"https:\/\/guineediversite.com\/"},{"@type":"ListItem","position":2,"name":"COVID19 : o\u00f9 va l\u2019amande impos\u00e9e aux personnes ne disposant pas de masque ?"}]},{"@type":"WebSite","@id":"https:\/\/guineediversite.com\/#website","url":"https:\/\/guineediversite.com\/","name":"Guin\u00e9e Diversit\u00e9","description":"L&#039;Info dans toute sa diversit\u00e9","publisher":{"@id":"https:\/\/guineediversite.com\/#organization"},"potentialAction":[{"@type":"SearchAction","target":{"@type":"EntryPoint","urlTemplate":"https:\/\/guineediversite.com\/?s={search_term_string}"},"query-input":{"@type":"PropertyValueSpecification","valueRequired":true,"valueName":"search_term_string"}}],"inLanguage":"fr-FR"},{"@type":"Organization","@id":"https:\/\/guineediversite.com\/#organization","name":"Guin\u00e9e Diversit\u00e9","url":"https:\/\/guineediversite.com\/","logo":{"@type":"ImageObject","inLanguage":"fr-FR","@id":"https:\/\/guineediversite.com\/#\/schema\/logo\/image\/","url":"https:\/\/guineediversite.com\/wp-content\/uploads\/2017\/04\/cropped-1jojlxEOMkX9Wyqfhe43D6kjPOGqBBKmx3EwWJqZ0cMrFF54yM49.png","contentUrl":"https:\/\/guineediversite.com\/wp-content\/uploads\/2017\/04\/cropped-1jojlxEOMkX9Wyqfhe43D6kjPOGqBBKmx3EwWJqZ0cMrFF54yM49.png","width":186,"height":112,"caption":"Guin\u00e9e Diversit\u00e9"},"image":{"@id":"https:\/\/guineediversite.com\/#\/schema\/logo\/image\/"},"sameAs":["https:\/\/www.facebook.com\/guineediversite\/","https:\/\/x.com\/GuineeDiversite","https:\/\/www.youtube.com\/channel\/UC8sUY16qelG5ge6_D5SB83g"]},{"@type":"Person","@id":"https:\/\/guineediversite.com\/#\/schema\/person\/fa362494c47202ce4b3adf55abcc9d01","name":"Morcire Camara","image":{"@type":"ImageObject","inLanguage":"fr-FR","@id":"https:\/\/guineediversite.com\/#\/schema\/person\/image\/","url":"https:\/\/secure.gravatar.com\/avatar\/3ec324f02295bbcebe03d99b39330ab4?s=96&d=mm&r=g","contentUrl":"https:\/\/secure.gravatar.com\/avatar\/3ec324f02295bbcebe03d99b39330ab4?s=96&d=mm&r=g","caption":"Morcire Camara"},"url":"https:\/\/guineediversite.com\/index.php\/author\/morcire\/"}]}},"_links":{"self":[{"href":"https:\/\/guineediversite.com\/index.php\/wp-json\/wp\/v2\/posts\/28920"}],"collection":[{"href":"https:\/\/guineediversite.com\/index.php\/wp-json\/wp\/v2\/posts"}],"about":[{"href":"https:\/\/guineediversite.com\/index.php\/wp-json\/wp\/v2\/types\/post"}],"author":[{"embeddable":true,"href":"https:\/\/guineediversite.com\/index.php\/wp-json\/wp\/v2\/users\/10"}],"replies":[{"embeddable":true,"href":"https:\/\/guineediversite.com\/index.php\/wp-json\/wp\/v2\/comments?post=28920"}],"version-history":[{"count":2,"href":"https:\/\/guineediversite.com\/index.php\/wp-json\/wp\/v2\/posts\/28920\/revisions"}],"predecessor-version":[{"id":28925,"href":"https:\/\/guineediversite.com\/index.php\/wp-json\/wp\/v2\/posts\/28920\/revisions\/28925"}],"wp:featuredmedia":[{"embeddable":true,"href":"https:\/\/guineediversite.com\/index.php\/wp-json\/wp\/v2\/media\/28921"}],"wp:attachment":[{"href":"https:\/\/guineediversite.com\/index.php\/wp-json\/wp\/v2\/media?parent=28920"}],"wp:term":[{"taxonomy":"category","embeddable":true,"href":"https:\/\/guineediversite.com\/index.php\/wp-json\/wp\/v2\/categories?post=28920"},{"taxonomy":"post_tag","embeddable":true,"href":"https:\/\/guineediversite.com\/index.php\/wp-json\/wp\/v2\/tags?post=28920"}],"curies":[{"name":"wp","href":"https:\/\/api.w.org\/{rel}","templated":true}]}}